{"id":382544,"date":"2024-12-04T08:02:41","date_gmt":"2024-12-04T11:02:41","guid":{"rendered":"https:\/\/blogdofarnesio.com.br\/?p=382544"},"modified":"2024-12-03T17:34:42","modified_gmt":"2024-12-03T20:34:42","slug":"saberes-do-velho-chico-e-coisa-de-cinema","status":"publish","type":"post","link":"https:\/\/blogdofarnesio.com.br\/?p=382544","title":{"rendered":"&#8220;Saberes do Velho Chico&#8221; \u00e9 coisa de cinema"},"content":{"rendered":"<div class=\"mb-5\">\n<div class=\"mt-3\">\n<p>Fomos a Penedo (AL) para a estreia do nosso filme, \u201cSaberes do Velho Chico\u201d na Mostra de Cinema Ambiental do Circuito Penedo de Cinema. Olhando essas \u00e1guas que, como n\u00f3s, nasceram em Minas, v\u00eam, refletidas na mem\u00f3ria, as imagens que inundaram minha inf\u00e2ncia e o todo o delicioso trabalho de fazer o curta selecionado para o festival.<\/p>\n<\/div>\n<\/div>\n<div class=\"relative flex flex-col\">\n<div class=\"flex-1 nc-SingleContent space-y-4 leading-[26px]\">\n<div>\n<p>O rio da \u201cintegra\u00e7\u00e3o nacional\u201d, das viagens de barco a vapor entre Pirapora (MG) e Juazeiro (BA), corre caudalosamente na mem\u00f3ria de quem j\u00e1 passou por suas \u00e1guas. Hoje, ele \u00e9 uma t\u00eanue e assoreada lembran\u00e7a perto de seus grandes dias e noites.<\/p>\n<\/div>\n<div>\n<p>Noites, sim, porque era quando eu, menino, ia para o barco com meus tios Zizinho e Jeovah, irm\u00e3os de meu pai, e tio Nego, irm\u00e3o de minha m\u00e3e. Gostava de deixar a vara no secret\u00e1rio, um cano pregado na parede interna do barco. Assim podia passar horas olhando para o c\u00e9u coalhado de estrelas e mist\u00e9rios, que tentava desvendar com minha carta celeste.<\/p>\n<\/div>\n<div>\n<p>Ficava encantado com aquela mancha enorme da Via L\u00e1ctea nas noites de Lua Nova, ou seja, sem Lua, e com a quantidade de meteoros e sat\u00e9lites riscando a escurid\u00e3o.<\/p>\n<\/div>\n<div>\n<p>O som era apenas das marolas do S\u00e3o Francisco e de um ou outro dourado pulando \u00e0 dist\u00e2ncia. \u201cSe deu peixe, muito bem. Se n\u00e3o deu, \u2018inda melhor\u201d, cantava tio Nego, o cantor e compositor Celso Garcia, que ompletaria 100 anos em novembro. A gente n\u00e3o ia pescar peixe. Ia buscar sossego e correspond\u00eancia do amor que sentia pelo rio. E encontrava.<\/p>\n<\/div>\n<div>\n<p>D\u00e9cadas depois, revi esses mesmos sentimentos e muita nostalgia nos personagens de \u201cSaberes do Velho Chico\u201d. Ao perguntarmos a um pescador, o seu Moranga, se o rio era quase sua segunda casa, ele foi enf\u00e1tico:<\/p>\n<\/div>\n<div>\n<p>\u201cO S\u00e3o Francisco \u00e9 quase segunda casa, n\u00e3o! O S\u00e3o Francisco \u00e9 a minha primeira casa!\u201d<\/p>\n<\/div>\n<div>\n<p><img loading=\"lazy\" decoding=\"async\" class=\"aligncenter wp-image-322879 size-full\" src=\"https:\/\/blogdofarnesio.com.br\/wp-content\/uploads\/2022\/09\/blogqspantiga-vapor-benjamim-guimaraes-1.jpg\" alt=\"\" width=\"640\" height=\"420\" srcset=\"https:\/\/blogdofarnesio.com.br\/wp-content\/uploads\/2022\/09\/blogqspantiga-vapor-benjamim-guimaraes-1.jpg 640w, https:\/\/blogdofarnesio.com.br\/wp-content\/uploads\/2022\/09\/blogqspantiga-vapor-benjamim-guimaraes-1-300x197.jpg 300w\" sizes=\"auto, (max-width: 640px) 100vw, 640px\" \/>Mas do\u00eda no seu Moranga ver o rio assoreado, sem navega\u00e7\u00e3o. Os vaporzeiros do \u201cBenjamim Guimar\u00e3es\u201d, um dos \u00faltimos barcos a vapor do mundo, tamb\u00e9m lamentaram o estado do rio e do barco, fora da \u00e1gua, aguardando o fim da restaura\u00e7\u00e3o. Eles s\u00e3o formados pela Marinha do Brasil, mas, fundamentalmente, forjados no amor pelas \u00e1guas do Velho Chico, que corre por gera\u00e7\u00f5es no sangue dos vaporzeiros.<\/p>\n<\/div>\n<div>\n<p>\u201cIsso j\u00e1 veio de meus av\u00f3s e do meu pai. Agora, s\u00f3 tem eu aqui, mesmo, que viajou na \u00e9poca, da minha fam\u00edlia. J\u00e1 estou com 67 anos. Ent\u00e3o tem que ensinar outras molecadas mais novas. Como eu aprendi de meu pai, meu pai aprendeu de meu av\u00f4. Sen\u00e3o acaba a tradi\u00e7\u00e3o do Benjamin Guimar\u00e3es. E isso n\u00e3o pode!\u201d diz, no filme, o seu Valdomiro, vaporzeiro.<\/p>\n<\/div>\n<div>\n<p>Mas o que define bem mesmo como o S\u00e3o Francisco fisga o cora\u00e7\u00e3o e a alma de pescadores, barranqueiros e viajantes \u00e9 o que o seu Moranga disse, quando a gente quis saber o que o rio significava pra ele:<\/p>\n<\/div>\n<div>\n<figure id=\"attachment_181017\" aria-describedby=\"caption-attachment-181017\" style=\"width: 634px\" class=\"wp-caption aligncenter\"><img loading=\"lazy\" decoding=\"async\" class=\"wp-image-181017 size-full\" src=\"https:\/\/blogdofarnesio.com.br\/wp-content\/uploads\/2017\/11\/blogqsprioQuem-cuida-tem-e1509557731757.jpg\" alt=\"\" width=\"634\" height=\"363\" srcset=\"https:\/\/blogdofarnesio.com.br\/wp-content\/uploads\/2017\/11\/blogqsprioQuem-cuida-tem-e1509557731757.jpg 634w, https:\/\/blogdofarnesio.com.br\/wp-content\/uploads\/2017\/11\/blogqsprioQuem-cuida-tem-e1509557731757-300x172.jpg 300w, https:\/\/blogdofarnesio.com.br\/wp-content\/uploads\/2017\/11\/blogqsprioQuem-cuida-tem-e1509557731757-360x206.jpg 360w\" sizes=\"auto, (max-width: 634px) 100vw, 634px\" \/><figcaption id=\"caption-attachment-181017\" class=\"wp-caption-text\">&#8220;Vou fazer correr a paz como um rio&#8221;<\/figcaption><\/figure>\n<p>\u201cO S\u00e3o Francisco \u00e9 pai, \u00e9 m\u00e3e, \u00e9 filho, \u00e9 tudo. Porque o S\u00e3o Francisco criou muita gente. Matou a fome de muita gente. E vai criar muita gente ainda. Tenho essa esperan\u00e7a de que n\u00f3s vamos ver \u00e1gua em fartura, igual a uns 30, 40 anos atr\u00e1s\u201d.<\/p>\n<\/div>\n<div>\n<p>Como nos tempos dourados, matrinx\u00e3s, corvinas, piaus, mandis, surubins e moleques do Velho Chico<\/p>\n<\/div>\n<\/div>\n<\/div>\n","protected":false},"excerpt":{"rendered":"<p>Fomos a Penedo (AL) para a estreia do nosso filme, \u201cSaberes do Velho Chico\u201d na Mostra de Cinema Ambiental do Circuito Penedo de Cinema. Olhando essas \u00e1guas que, como n\u00f3s, nasceram em Minas, v\u00eam, refletidas na mem\u00f3ria, as imagens que inundaram minha inf\u00e2ncia e o todo o delicioso trabalho de fazer o curta selecionado para o festival. O rio da \u201cintegra\u00e7\u00e3o nacional\u201d, das viagens de barco a vapor entre Pirapora (MG) e Juazeiro (BA), corre caudalosamente na mem\u00f3ria de quem j\u00e1 passou por suas \u00e1guas. Hoje, ele \u00e9 uma t\u00eanue e assoreada lembran\u00e7a perto de seus grandes dias e noites. Noites, sim, porque era quando eu, menino, ia para o barco com meus tios Zizinho e Jeovah, irm\u00e3os de meu&hellip; <\/p>\n","protected":false},"author":2,"featured_media":152223,"comment_status":"open","ping_status":"open","sticky":false,"template":"","format":"standard","meta":{"_acf_changed":false,"footnotes":""},"categories":[10],"tags":[],"class_list":["post-382544","post","type-post","status-publish","format-standard","has-post-thumbnail","hentry","category-cultura"],"acf":[],"yoast_head":"<!-- This site is optimized with the Yoast SEO plugin v27.4 - https:\/\/yoast.com\/product\/yoast-seo-wordpress\/ -->\n<title>&quot;Saberes do Velho Chico&quot; \u00e9 coisa de cinema - Blog do Farn\u00e9sio<\/title>\n<meta name=\"robots\" content=\"index, follow, max-snippet:-1, max-image-preview:large, max-video-preview:-1\" \/>\n<link rel=\"canonical\" href=\"https:\/\/blogdofarnesio.com.br\/?p=382544\" \/>\n<meta property=\"og:locale\" content=\"pt_BR\" \/>\n<meta property=\"og:type\" content=\"article\" \/>\n<meta property=\"og:title\" content=\"&quot;Saberes do Velho Chico&quot; \u00e9 coisa de cinema - Blog do Farn\u00e9sio\" \/>\n<meta property=\"og:description\" content=\"Fomos a Penedo (AL) para a estreia do nosso filme, \u201cSaberes do Velho Chico\u201d na Mostra de Cinema Ambiental do Circuito Penedo de Cinema. Olhando essas \u00e1guas que, como n\u00f3s, nasceram em Minas, v\u00eam, refletidas na mem\u00f3ria, as imagens que inundaram minha inf\u00e2ncia e o todo o delicioso trabalho de fazer o curta selecionado para o festival. O rio da \u201cintegra\u00e7\u00e3o nacional\u201d, das viagens de barco a vapor entre Pirapora (MG) e Juazeiro (BA), corre caudalosamente na mem\u00f3ria de quem j\u00e1 passou por suas \u00e1guas. Hoje, ele \u00e9 uma t\u00eanue e assoreada lembran\u00e7a perto de seus grandes dias e noites. Noites, sim, porque era quando eu, menino, ia para o barco com meus tios Zizinho e Jeovah, irm\u00e3os de meu&hellip;\" \/>\n<meta property=\"og:url\" content=\"https:\/\/blogdofarnesio.com.br\/?p=382544\" \/>\n<meta property=\"og:site_name\" content=\"Blog do Farn\u00e9sio\" \/>\n<meta property=\"article:publisher\" content=\"https:\/\/www.facebook.com\/BlogQuerSaberPolitica\/\" \/>\n<meta property=\"article:author\" content=\"https:\/\/www.facebook.com\/?ref=tn_tnmn\" \/>\n<meta property=\"article:published_time\" content=\"2024-12-04T11:02:41+00:00\" \/>\n<meta property=\"og:image\" content=\"https:\/\/blogdofarnesio.com.br\/wp-content\/uploads\/2016\/12\/blogqsp-penedo_Rio_SaoFrancisoc.jpg\" \/>\n\t<meta property=\"og:image:width\" content=\"743\" \/>\n\t<meta property=\"og:image:height\" content=\"419\" \/>\n\t<meta property=\"og:image:type\" content=\"image\/jpeg\" \/>\n<meta name=\"author\" content=\"Farn\u00e9sio\" \/>\n<meta name=\"twitter:card\" content=\"summary_large_image\" \/>\n<meta name=\"twitter:label1\" content=\"Escrito por\" \/>\n\t<meta name=\"twitter:data1\" content=\"Farn\u00e9sio\" \/>\n\t<meta name=\"twitter:label2\" content=\"Est. tempo de leitura\" \/>\n\t<meta name=\"twitter:data2\" content=\"4 minutos\" \/>\n<script type=\"application\/ld+json\" class=\"yoast-schema-graph\">{\"@context\":\"https:\\\/\\\/schema.org\",\"@graph\":[{\"@type\":\"Article\",\"@id\":\"https:\\\/\\\/blogdofarnesio.com.br\\\/?p=382544#article\",\"isPartOf\":{\"@id\":\"https:\\\/\\\/blogdofarnesio.com.br\\\/?p=382544\"},\"author\":{\"name\":\"Farn\u00e9sio\",\"@id\":\"https:\\\/\\\/blogdofarnesio.com.br\\\/#\\\/schema\\\/person\\\/bb9b23ae3ad0609ce8df7b6c9e76824d\"},\"headline\":\"&#8220;Saberes do Velho Chico&#8221; \u00e9 coisa de cinema\",\"datePublished\":\"2024-12-04T11:02:41+00:00\",\"mainEntityOfPage\":{\"@id\":\"https:\\\/\\\/blogdofarnesio.com.br\\\/?p=382544\"},\"wordCount\":598,\"commentCount\":0,\"publisher\":{\"@id\":\"https:\\\/\\\/blogdofarnesio.com.br\\\/#organization\"},\"image\":{\"@id\":\"https:\\\/\\\/blogdofarnesio.com.br\\\/?p=382544#primaryimage\"},\"thumbnailUrl\":\"https:\\\/\\\/blogdofarnesio.com.br\\\/wp-content\\\/uploads\\\/2016\\\/12\\\/blogqsp-penedo_Rio_SaoFrancisoc.jpg\",\"articleSection\":[\"Cultura\"],\"inLanguage\":\"pt-BR\",\"potentialAction\":[{\"@type\":\"CommentAction\",\"name\":\"Comment\",\"target\":[\"https:\\\/\\\/blogdofarnesio.com.br\\\/?p=382544#respond\"]}]},{\"@type\":\"WebPage\",\"@id\":\"https:\\\/\\\/blogdofarnesio.com.br\\\/?p=382544\",\"url\":\"https:\\\/\\\/blogdofarnesio.com.br\\\/?p=382544\",\"name\":\"\\\"Saberes do Velho Chico\\\" \u00e9 coisa de cinema - Blog do Farn\u00e9sio\",\"isPartOf\":{\"@id\":\"https:\\\/\\\/blogdofarnesio.com.br\\\/#website\"},\"primaryImageOfPage\":{\"@id\":\"https:\\\/\\\/blogdofarnesio.com.br\\\/?p=382544#primaryimage\"},\"image\":{\"@id\":\"https:\\\/\\\/blogdofarnesio.com.br\\\/?p=382544#primaryimage\"},\"thumbnailUrl\":\"https:\\\/\\\/blogdofarnesio.com.br\\\/wp-content\\\/uploads\\\/2016\\\/12\\\/blogqsp-penedo_Rio_SaoFrancisoc.jpg\",\"datePublished\":\"2024-12-04T11:02:41+00:00\",\"breadcrumb\":{\"@id\":\"https:\\\/\\\/blogdofarnesio.com.br\\\/?p=382544#breadcrumb\"},\"inLanguage\":\"pt-BR\",\"potentialAction\":[{\"@type\":\"ReadAction\",\"target\":[\"https:\\\/\\\/blogdofarnesio.com.br\\\/?p=382544\"]}]},{\"@type\":\"ImageObject\",\"inLanguage\":\"pt-BR\",\"@id\":\"https:\\\/\\\/blogdofarnesio.com.br\\\/?p=382544#primaryimage\",\"url\":\"https:\\\/\\\/blogdofarnesio.com.br\\\/wp-content\\\/uploads\\\/2016\\\/12\\\/blogqsp-penedo_Rio_SaoFrancisoc.jpg\",\"contentUrl\":\"https:\\\/\\\/blogdofarnesio.com.br\\\/wp-content\\\/uploads\\\/2016\\\/12\\\/blogqsp-penedo_Rio_SaoFrancisoc.jpg\",\"width\":743,\"height\":419},{\"@type\":\"BreadcrumbList\",\"@id\":\"https:\\\/\\\/blogdofarnesio.com.br\\\/?p=382544#breadcrumb\",\"itemListElement\":[{\"@type\":\"ListItem\",\"position\":1,\"name\":\"In\u00edcio\",\"item\":\"https:\\\/\\\/blogdofarnesio.com.br\\\/\"},{\"@type\":\"ListItem\",\"position\":2,\"name\":\"&#8220;Saberes do Velho Chico&#8221; \u00e9 coisa de cinema\"}]},{\"@type\":\"WebSite\",\"@id\":\"https:\\\/\\\/blogdofarnesio.com.br\\\/#website\",\"url\":\"https:\\\/\\\/blogdofarnesio.com.br\\\/\",\"name\":\"Blog do Farn\u00e9sio\",\"description\":\"Quer Saber Pol\u00edtica?\",\"publisher\":{\"@id\":\"https:\\\/\\\/blogdofarnesio.com.br\\\/#organization\"},\"potentialAction\":[{\"@type\":\"SearchAction\",\"target\":{\"@type\":\"EntryPoint\",\"urlTemplate\":\"https:\\\/\\\/blogdofarnesio.com.br\\\/?s={search_term_string}\"},\"query-input\":{\"@type\":\"PropertyValueSpecification\",\"valueRequired\":true,\"valueName\":\"search_term_string\"}}],\"inLanguage\":\"pt-BR\"},{\"@type\":\"Organization\",\"@id\":\"https:\\\/\\\/blogdofarnesio.com.br\\\/#organization\",\"name\":\"Blog do Farn\u00e9sio\",\"url\":\"https:\\\/\\\/blogdofarnesio.com.br\\\/\",\"logo\":{\"@type\":\"ImageObject\",\"inLanguage\":\"pt-BR\",\"@id\":\"https:\\\/\\\/blogdofarnesio.com.br\\\/#\\\/schema\\\/logo\\\/image\\\/\",\"url\":\"https:\\\/\\\/blogdofarnesio.com.br\\\/wp-content\\\/uploads\\\/2026\\\/03\\\/cropped-logo_new-1.png\",\"contentUrl\":\"https:\\\/\\\/blogdofarnesio.com.br\\\/wp-content\\\/uploads\\\/2026\\\/03\\\/cropped-logo_new-1.png\",\"width\":881,\"height\":685,\"caption\":\"Blog do Farn\u00e9sio\"},\"image\":{\"@id\":\"https:\\\/\\\/blogdofarnesio.com.br\\\/#\\\/schema\\\/logo\\\/image\\\/\"},\"sameAs\":[\"https:\\\/\\\/www.facebook.com\\\/BlogQuerSaberPolitica\\\/\"]},{\"@type\":\"Person\",\"@id\":\"https:\\\/\\\/blogdofarnesio.com.br\\\/#\\\/schema\\\/person\\\/bb9b23ae3ad0609ce8df7b6c9e76824d\",\"name\":\"Farn\u00e9sio\",\"image\":{\"@type\":\"ImageObject\",\"inLanguage\":\"pt-BR\",\"@id\":\"https:\\\/\\\/secure.gravatar.com\\\/avatar\\\/986aa4c61ccdb66f8555bf88fc2a65609d00bcabd4d2d94377a727547345cbca?s=96&d=mm&r=g\",\"url\":\"https:\\\/\\\/secure.gravatar.com\\\/avatar\\\/986aa4c61ccdb66f8555bf88fc2a65609d00bcabd4d2d94377a727547345cbca?s=96&d=mm&r=g\",\"contentUrl\":\"https:\\\/\\\/secure.gravatar.com\\\/avatar\\\/986aa4c61ccdb66f8555bf88fc2a65609d00bcabd4d2d94377a727547345cbca?s=96&d=mm&r=g\",\"caption\":\"Farn\u00e9sio\"},\"description\":\"Radialista blogueiro, chegou a Petrolina\\\/Juazeiro em setembro de 1980, Farn\u00e9sio Silva \u00e9 de Arapiraca-Alagoas.\",\"sameAs\":[\"http:\\\/\\\/blogdofarnesio.com.br\",\"https:\\\/\\\/www.facebook.com\\\/?ref=tn_tnmn\",\"https:\\\/\\\/www.instagram.com\\\/?utm_source=pwa_homescreen\",\"https:\\\/\\\/youtube.com.br\\\/\"],\"url\":\"https:\\\/\\\/blogdofarnesio.com.br\\\/?author=2\"}]}<\/script>\n<!-- \/ Yoast SEO plugin. -->","yoast_head_json":{"title":"\"Saberes do Velho Chico\" \u00e9 coisa de cinema - Blog do Farn\u00e9sio","robots":{"index":"index","follow":"follow","max-snippet":"max-snippet:-1","max-image-preview":"max-image-preview:large","max-video-preview":"max-video-preview:-1"},"canonical":"https:\/\/blogdofarnesio.com.br\/?p=382544","og_locale":"pt_BR","og_type":"article","og_title":"\"Saberes do Velho Chico\" \u00e9 coisa de cinema - Blog do Farn\u00e9sio","og_description":"Fomos a Penedo (AL) para a estreia do nosso filme, \u201cSaberes do Velho Chico\u201d na Mostra de Cinema Ambiental do Circuito Penedo de Cinema. Olhando essas \u00e1guas que, como n\u00f3s, nasceram em Minas, v\u00eam, refletidas na mem\u00f3ria, as imagens que inundaram minha inf\u00e2ncia e o todo o delicioso trabalho de fazer o curta selecionado para o festival. O rio da \u201cintegra\u00e7\u00e3o nacional\u201d, das viagens de barco a vapor entre Pirapora (MG) e Juazeiro (BA), corre caudalosamente na mem\u00f3ria de quem j\u00e1 passou por suas \u00e1guas. Hoje, ele \u00e9 uma t\u00eanue e assoreada lembran\u00e7a perto de seus grandes dias e noites. Noites, sim, porque era quando eu, menino, ia para o barco com meus tios Zizinho e Jeovah, irm\u00e3os de meu&hellip;","og_url":"https:\/\/blogdofarnesio.com.br\/?p=382544","og_site_name":"Blog do Farn\u00e9sio","article_publisher":"https:\/\/www.facebook.com\/BlogQuerSaberPolitica\/","article_author":"https:\/\/www.facebook.com\/?ref=tn_tnmn","article_published_time":"2024-12-04T11:02:41+00:00","og_image":[{"width":743,"height":419,"url":"https:\/\/blogdofarnesio.com.br\/wp-content\/uploads\/2016\/12\/blogqsp-penedo_Rio_SaoFrancisoc.jpg","type":"image\/jpeg"}],"author":"Farn\u00e9sio","twitter_card":"summary_large_image","twitter_misc":{"Escrito por":"Farn\u00e9sio","Est. tempo de leitura":"4 minutos"},"schema":{"@context":"https:\/\/schema.org","@graph":[{"@type":"Article","@id":"https:\/\/blogdofarnesio.com.br\/?p=382544#article","isPartOf":{"@id":"https:\/\/blogdofarnesio.com.br\/?p=382544"},"author":{"name":"Farn\u00e9sio","@id":"https:\/\/blogdofarnesio.com.br\/#\/schema\/person\/bb9b23ae3ad0609ce8df7b6c9e76824d"},"headline":"&#8220;Saberes do Velho Chico&#8221; \u00e9 coisa de cinema","datePublished":"2024-12-04T11:02:41+00:00","mainEntityOfPage":{"@id":"https:\/\/blogdofarnesio.com.br\/?p=382544"},"wordCount":598,"commentCount":0,"publisher":{"@id":"https:\/\/blogdofarnesio.com.br\/#organization"},"image":{"@id":"https:\/\/blogdofarnesio.com.br\/?p=382544#primaryimage"},"thumbnailUrl":"https:\/\/blogdofarnesio.com.br\/wp-content\/uploads\/2016\/12\/blogqsp-penedo_Rio_SaoFrancisoc.jpg","articleSection":["Cultura"],"inLanguage":"pt-BR","potentialAction":[{"@type":"CommentAction","name":"Comment","target":["https:\/\/blogdofarnesio.com.br\/?p=382544#respond"]}]},{"@type":"WebPage","@id":"https:\/\/blogdofarnesio.com.br\/?p=382544","url":"https:\/\/blogdofarnesio.com.br\/?p=382544","name":"\"Saberes do Velho Chico\" \u00e9 coisa de cinema - Blog do Farn\u00e9sio","isPartOf":{"@id":"https:\/\/blogdofarnesio.com.br\/#website"},"primaryImageOfPage":{"@id":"https:\/\/blogdofarnesio.com.br\/?p=382544#primaryimage"},"image":{"@id":"https:\/\/blogdofarnesio.com.br\/?p=382544#primaryimage"},"thumbnailUrl":"https:\/\/blogdofarnesio.com.br\/wp-content\/uploads\/2016\/12\/blogqsp-penedo_Rio_SaoFrancisoc.jpg","datePublished":"2024-12-04T11:02:41+00:00","breadcrumb":{"@id":"https:\/\/blogdofarnesio.com.br\/?p=382544#breadcrumb"},"inLanguage":"pt-BR","potentialAction":[{"@type":"ReadAction","target":["https:\/\/blogdofarnesio.com.br\/?p=382544"]}]},{"@type":"ImageObject","inLanguage":"pt-BR","@id":"https:\/\/blogdofarnesio.com.br\/?p=382544#primaryimage","url":"https:\/\/blogdofarnesio.com.br\/wp-content\/uploads\/2016\/12\/blogqsp-penedo_Rio_SaoFrancisoc.jpg","contentUrl":"https:\/\/blogdofarnesio.com.br\/wp-content\/uploads\/2016\/12\/blogqsp-penedo_Rio_SaoFrancisoc.jpg","width":743,"height":419},{"@type":"BreadcrumbList","@id":"https:\/\/blogdofarnesio.com.br\/?p=382544#breadcrumb","itemListElement":[{"@type":"ListItem","position":1,"name":"In\u00edcio","item":"https:\/\/blogdofarnesio.com.br\/"},{"@type":"ListItem","position":2,"name":"&#8220;Saberes do Velho Chico&#8221; \u00e9 coisa de cinema"}]},{"@type":"WebSite","@id":"https:\/\/blogdofarnesio.com.br\/#website","url":"https:\/\/blogdofarnesio.com.br\/","name":"Blog do Farn\u00e9sio","description":"Quer Saber Pol\u00edtica?","publisher":{"@id":"https:\/\/blogdofarnesio.com.br\/#organization"},"potentialAction":[{"@type":"SearchAction","target":{"@type":"EntryPoint","urlTemplate":"https:\/\/blogdofarnesio.com.br\/?s={search_term_string}"},"query-input":{"@type":"PropertyValueSpecification","valueRequired":true,"valueName":"search_term_string"}}],"inLanguage":"pt-BR"},{"@type":"Organization","@id":"https:\/\/blogdofarnesio.com.br\/#organization","name":"Blog do Farn\u00e9sio","url":"https:\/\/blogdofarnesio.com.br\/","logo":{"@type":"ImageObject","inLanguage":"pt-BR","@id":"https:\/\/blogdofarnesio.com.br\/#\/schema\/logo\/image\/","url":"https:\/\/blogdofarnesio.com.br\/wp-content\/uploads\/2026\/03\/cropped-logo_new-1.png","contentUrl":"https:\/\/blogdofarnesio.com.br\/wp-content\/uploads\/2026\/03\/cropped-logo_new-1.png","width":881,"height":685,"caption":"Blog do Farn\u00e9sio"},"image":{"@id":"https:\/\/blogdofarnesio.com.br\/#\/schema\/logo\/image\/"},"sameAs":["https:\/\/www.facebook.com\/BlogQuerSaberPolitica\/"]},{"@type":"Person","@id":"https:\/\/blogdofarnesio.com.br\/#\/schema\/person\/bb9b23ae3ad0609ce8df7b6c9e76824d","name":"Farn\u00e9sio","image":{"@type":"ImageObject","inLanguage":"pt-BR","@id":"https:\/\/secure.gravatar.com\/avatar\/986aa4c61ccdb66f8555bf88fc2a65609d00bcabd4d2d94377a727547345cbca?s=96&d=mm&r=g","url":"https:\/\/secure.gravatar.com\/avatar\/986aa4c61ccdb66f8555bf88fc2a65609d00bcabd4d2d94377a727547345cbca?s=96&d=mm&r=g","contentUrl":"https:\/\/secure.gravatar.com\/avatar\/986aa4c61ccdb66f8555bf88fc2a65609d00bcabd4d2d94377a727547345cbca?s=96&d=mm&r=g","caption":"Farn\u00e9sio"},"description":"Radialista blogueiro, chegou a Petrolina\/Juazeiro em setembro de 1980, Farn\u00e9sio Silva \u00e9 de Arapiraca-Alagoas.","sameAs":["http:\/\/blogdofarnesio.com.br","https:\/\/www.facebook.com\/?ref=tn_tnmn","https:\/\/www.instagram.com\/?utm_source=pwa_homescreen","https:\/\/youtube.com.br\/"],"url":"https:\/\/blogdofarnesio.com.br\/?author=2"}]}},"_links":{"self":[{"href":"https:\/\/blogdofarnesio.com.br\/index.php?rest_route=\/wp\/v2\/posts\/382544","targetHints":{"allow":["GET"]}}],"collection":[{"href":"https:\/\/blogdofarnesio.com.br\/index.php?rest_route=\/wp\/v2\/posts"}],"about":[{"href":"https:\/\/blogdofarnesio.com.br\/index.php?rest_route=\/wp\/v2\/types\/post"}],"author":[{"embeddable":true,"href":"https:\/\/blogdofarnesio.com.br\/index.php?rest_route=\/wp\/v2\/users\/2"}],"replies":[{"embeddable":true,"href":"https:\/\/blogdofarnesio.com.br\/index.php?rest_route=%2Fwp%2Fv2%2Fcomments&post=382544"}],"version-history":[{"count":0,"href":"https:\/\/blogdofarnesio.com.br\/index.php?rest_route=\/wp\/v2\/posts\/382544\/revisions"}],"wp:featuredmedia":[{"embeddable":true,"href":"https:\/\/blogdofarnesio.com.br\/index.php?rest_route=\/wp\/v2\/media\/152223"}],"wp:attachment":[{"href":"https:\/\/blogdofarnesio.com.br\/index.php?rest_route=%2Fwp%2Fv2%2Fmedia&parent=382544"}],"wp:term":[{"taxonomy":"category","embeddable":true,"href":"https:\/\/blogdofarnesio.com.br\/index.php?rest_route=%2Fwp%2Fv2%2Fcategories&post=382544"},{"taxonomy":"post_tag","embeddable":true,"href":"https:\/\/blogdofarnesio.com.br\/index.php?rest_route=%2Fwp%2Fv2%2Ftags&post=382544"}],"curies":[{"name":"wp","href":"https:\/\/api.w.org\/{rel}","templated":true}]}}