{"id":382470,"date":"2024-12-02T09:22:03","date_gmt":"2024-12-02T12:22:03","guid":{"rendered":"https:\/\/blogdofarnesio.com.br\/?p=382470"},"modified":"2024-12-01T10:23:14","modified_gmt":"2024-12-01T13:23:14","slug":"mutirao-promovera-avaliacao-de-lesoes-suspeitas-de-cancer-de-pele-na-policlinica-do-hu-univasf","status":"publish","type":"post","link":"https:\/\/blogdofarnesio.com.br\/2024\/12\/mutirao-promovera-avaliacao-de-lesoes-suspeitas-de-cancer-de-pele-na-policlinica-do-hu-univasf\/","title":{"rendered":"Mutir\u00e3o promover\u00e1 avalia\u00e7\u00e3o de les\u00f5es suspeitas de c\u00e2ncer de pele na Policl\u00ednica do HU-Univasf"},"content":{"rendered":"<div>Em mais uma edi\u00e7\u00e3o do Dezembro Laranja, m\u00eas dedicado \u00e0 preven\u00e7\u00e3o ao c\u00e2ncer de pele, o Hospital Universit\u00e1rio da Universidade Federal do Vale do S\u00e3o Francisco (HU-Univasf), vinculado(a) \u00e0 Empresa Brasileira de Servi\u00e7os Hospitalares (Ebserh), realizar\u00e1, no pr\u00f3ximo dia 7, um mutir\u00e3o para avalia\u00e7\u00e3o e tratamento das les\u00f5es suspeitas da doen\u00e7a, em apoio \u00e0 campanha promovida pela Sociedade Brasileira de Dermatologia.<\/div>\n<div><\/div>\n<div>Os atendimentos acontecer\u00e3o das 8h \u00e0s 13h, na Policl\u00ednica do HU-Univasf (Campus Sede da Univasf), em Petrolina.<\/div>\n<div><\/div>\n<div>Estar\u00e3o envolvidos voluntariamente na iniciativa m\u00e9dicos dermatologistas, estudantes dos cursos de Medicina e Enfermagem da Univasf, membros da Liga Acad\u00eamica de Dermatologia (Laderme), assim como estudantes da Faculdade de Petrolina (Facape), da Est\u00e1cio IDOMED de Juazeiro-BA entre outros profissionais do HU-Univasf.<\/div>\n<div><\/div>\n<div>&#8220;Vamos intensificar os cuidados com a popula\u00e7\u00e3o, promovendo o m\u00e1ximo de cuidado para o tratamento das les\u00f5es confirmadas e contribuindo com aspectos preventivos, ampliando a conscientiza\u00e7\u00e3o sobre os riscos associados \u00e0 exposi\u00e7\u00e3o solar. Esperamos mobilizar muitas pessoas com este mutir\u00e3o, melhorando a qualidade de vida delas&#8221;, destaca Itamar Santos, dermatologista coordenador da a\u00e7\u00e3o local e docente do Colegiado de Medicina da Univasf.<\/div>\n<div><\/div>\n<div>A iniciativa tem como objetivo atender pessoas que possuam algum tipo de les\u00e3o na pele, como manchas, sinais com deformidades, coceira persistente, sangramentos, feridas e cicatrizes que n\u00e3o fecham (por mais de quatro semanas). De acordo com a Sociedade Brasileira de Dermatologia, o c\u00e2ncer da pele \u00e9 o c\u00e2ncer mais comum entre os brasileiros, representando 33% de todos os diagn\u00f3sticos da doen\u00e7a. Ele \u00e9 provocado pelo crescimento anormal e descontrolado das c\u00e9lulas que comp\u00f5em a pele e pode ser subdividido em diferentes tipos:<\/div>\n<div><\/div>\n<div><b>Carcinoma basocelular (CBC)<\/b><\/div>\n<div><\/div>\n<div>\u00c9 o tipo mais prevalente e surge mais frequentemente em regi\u00f5es expostas ao sol, como face, orelhas, pesco\u00e7o, couro cabeludo, ombros e costas. Tem baixa letalidade e pode ser curado em caso de detec\u00e7\u00e3o precoce. Costuma se apresentar como uma p\u00e1pula vermelha, brilhosa, com uma crosta central, que pode sangrar com facilidade.<\/div>\n<div><\/div>\n<div><b>Carcinoma Escamoso (CEC)<\/b><\/div>\n<div><\/div>\n<div>Pode se desenvolver em todas as partes do corpo, embora seja mais comum nas \u00e1reas expostas ao sol, como orelhas, rosto, couro cabeludo e pesco\u00e7o. Tem colora\u00e7\u00e3o avermelhada e pode se parecer com uma verruga ou uma ferida espessa e descamativa, que n\u00e3o cicatriza.<\/div>\n<div><\/div>\n<div><b>Melanoma<\/b><\/div>\n<div><\/div>\n<div>O menos frequente dos c\u00e2nceres da pele, o melanoma tem o mais alto \u00edndice de mortalidade. Apesar disso, as chances de cura s\u00e3o de mais de 90%, quando detectado precocemente. Costuma ter a apar\u00eancia de uma pinta ou de um sinal em tons acastanhados ou enegrecidos, que mudam de cor, de formato ou de tamanho.<\/div>\n<div><\/div>\n<div><b>Previna-se!<\/b><\/div>\n<div><\/div>\n<div>As medidas preventivas contra o c\u00e2ncer de pele envolvem cuidados relacionados \u00e0 fotoprote\u00e7\u00e3o. Por isso, recomenda-se o uso de protetor solar di\u00e1rio, com reaplica\u00e7\u00f5es a cada duas horas, inclusive ap\u00f3s transpira\u00e7\u00e3o excessiva e mergulho; uso de roupas protetoras (UV), chap\u00e9us e \u00f3culos, especialmente em ocasi\u00f5es com forte incid\u00eancia solar e para trabalhadores que est\u00e3o expostos ao sol.<\/div>\n<div><\/div>\n<div><b>Servi\u00e7o:<\/b><\/div>\n<div><\/div>\n<div>Mutir\u00e3o para diagn\u00f3stico e combate ao c\u00e2ncer de pele<\/div>\n<div><\/div>\n<div>Data: 7 de dezembro de 2024 (s\u00e1bado);<\/div>\n<div><\/div>\n<div>Hor\u00e1rio: das 8h \u00e0s 13h;<\/div>\n<div><\/div>\n<div>Onde: Policl\u00ednica do HU-Univasf (Campus Sede da Univasf, em Petrolina-PE).<\/div>\n","protected":false},"excerpt":{"rendered":"<p>Em mais uma edi\u00e7\u00e3o do Dezembro Laranja, m\u00eas dedicado \u00e0 preven\u00e7\u00e3o ao c\u00e2ncer de pele, o Hospital Universit\u00e1rio da Universidade Federal do Vale do S\u00e3o Francisco (HU-Univasf), vinculado(a) \u00e0 Empresa Brasileira de Servi\u00e7os Hospitalares (Ebserh), realizar\u00e1, no pr\u00f3ximo dia 7, um mutir\u00e3o para avalia\u00e7\u00e3o e tratamento das les\u00f5es suspeitas da doen\u00e7a, em apoio \u00e0 campanha promovida pela Sociedade Brasileira de Dermatologia. Os atendimentos acontecer\u00e3o das 8h \u00e0s 13h, na Policl\u00ednica do HU-Univasf (Campus Sede da Univasf), em Petrolina. Estar\u00e3o envolvidos voluntariamente na iniciativa m\u00e9dicos dermatologistas, estudantes dos cursos de Medicina e Enfermagem da Univasf, membros da Liga Acad\u00eamica de Dermatologia (Laderme), assim como estudantes da Faculdade de Petrolina (Facape), da Est\u00e1cio IDOMED de Juazeiro-BA entre outros profissionais do HU-Univasf. &#8220;Vamos&hellip; <\/p>\n","protected":false},"author":2,"featured_media":367558,"comment_status":"open","ping_status":"open","sticky":false,"template":"","format":"standard","meta":{"_acf_changed":false,"footnotes":""},"categories":[4,43],"tags":[],"class_list":["post-382470","post","type-post","status-publish","format-standard","has-post-thumbnail","hentry","category-saude","category-sem-categoria"],"acf":[],"yoast_head":"<!-- This site is optimized with the Yoast SEO plugin v27.5 - https:\/\/yoast.com\/product\/yoast-seo-wordpress\/ -->\n<title>Mutir\u00e3o promover\u00e1 avalia\u00e7\u00e3o de les\u00f5es suspeitas de c\u00e2ncer de pele na Policl\u00ednica do HU-Univasf - Blog do Farn\u00e9sio<\/title>\n<meta name=\"robots\" content=\"index, follow, max-snippet:-1, max-image-preview:large, max-video-preview:-1\" \/>\n<link rel=\"canonical\" href=\"https:\/\/blogdofarnesio.com.br\/2024\/12\/mutirao-promovera-avaliacao-de-lesoes-suspeitas-de-cancer-de-pele-na-policlinica-do-hu-univasf\/\" \/>\n<meta property=\"og:locale\" content=\"pt_BR\" \/>\n<meta property=\"og:type\" content=\"article\" \/>\n<meta property=\"og:title\" content=\"Mutir\u00e3o promover\u00e1 avalia\u00e7\u00e3o de les\u00f5es suspeitas de c\u00e2ncer de pele na Policl\u00ednica do HU-Univasf - Blog do Farn\u00e9sio\" \/>\n<meta property=\"og:description\" content=\"Em mais uma edi\u00e7\u00e3o do Dezembro Laranja, m\u00eas dedicado \u00e0 preven\u00e7\u00e3o ao c\u00e2ncer de pele, o Hospital Universit\u00e1rio da Universidade Federal do Vale do S\u00e3o Francisco (HU-Univasf), vinculado(a) \u00e0 Empresa Brasileira de Servi\u00e7os Hospitalares (Ebserh), realizar\u00e1, no pr\u00f3ximo dia 7, um mutir\u00e3o para avalia\u00e7\u00e3o e tratamento das les\u00f5es suspeitas da doen\u00e7a, em apoio \u00e0 campanha promovida pela Sociedade Brasileira de Dermatologia. Os atendimentos acontecer\u00e3o das 8h \u00e0s 13h, na Policl\u00ednica do HU-Univasf (Campus Sede da Univasf), em Petrolina. Estar\u00e3o envolvidos voluntariamente na iniciativa m\u00e9dicos dermatologistas, estudantes dos cursos de Medicina e Enfermagem da Univasf, membros da Liga Acad\u00eamica de Dermatologia (Laderme), assim como estudantes da Faculdade de Petrolina (Facape), da Est\u00e1cio IDOMED de Juazeiro-BA entre outros profissionais do HU-Univasf. &#8220;Vamos&hellip;\" \/>\n<meta property=\"og:url\" content=\"https:\/\/blogdofarnesio.com.br\/2024\/12\/mutirao-promovera-avaliacao-de-lesoes-suspeitas-de-cancer-de-pele-na-policlinica-do-hu-univasf\/\" \/>\n<meta property=\"og:site_name\" content=\"Blog do Farn\u00e9sio\" \/>\n<meta property=\"article:publisher\" content=\"https:\/\/www.facebook.com\/BlogQuerSaberPolitica\/\" \/>\n<meta property=\"article:author\" content=\"https:\/\/www.facebook.com\/?ref=tn_tnmn\" \/>\n<meta property=\"article:published_time\" content=\"2024-12-02T12:22:03+00:00\" \/>\n<meta property=\"og:image\" content=\"https:\/\/blogdofarnesio.com.br\/wp-content\/uploads\/2024\/04\/blogqspcancer-pele-e1714494052799.jpg\" \/>\n\t<meta property=\"og:image:width\" content=\"600\" \/>\n\t<meta property=\"og:image:height\" content=\"338\" \/>\n\t<meta property=\"og:image:type\" content=\"image\/jpeg\" \/>\n<meta name=\"author\" content=\"Farn\u00e9sio\" \/>\n<meta name=\"twitter:card\" content=\"summary_large_image\" \/>\n<meta name=\"twitter:label1\" content=\"Escrito por\" \/>\n\t<meta name=\"twitter:data1\" content=\"Farn\u00e9sio\" \/>\n\t<meta name=\"twitter:label2\" content=\"Est. tempo de leitura\" \/>\n\t<meta name=\"twitter:data2\" content=\"4 minutos\" \/>\n<script type=\"application\/ld+json\" class=\"yoast-schema-graph\">{\"@context\":\"https:\\\/\\\/schema.org\",\"@graph\":[{\"@type\":\"Article\",\"@id\":\"https:\\\/\\\/blogdofarnesio.com.br\\\/2024\\\/12\\\/mutirao-promovera-avaliacao-de-lesoes-suspeitas-de-cancer-de-pele-na-policlinica-do-hu-univasf\\\/#article\",\"isPartOf\":{\"@id\":\"https:\\\/\\\/blogdofarnesio.com.br\\\/2024\\\/12\\\/mutirao-promovera-avaliacao-de-lesoes-suspeitas-de-cancer-de-pele-na-policlinica-do-hu-univasf\\\/\"},\"author\":{\"name\":\"Farn\u00e9sio\",\"@id\":\"https:\\\/\\\/blogdofarnesio.com.br\\\/#\\\/schema\\\/person\\\/bb9b23ae3ad0609ce8df7b6c9e76824d\"},\"headline\":\"Mutir\u00e3o promover\u00e1 avalia\u00e7\u00e3o de les\u00f5es suspeitas de c\u00e2ncer de pele na Policl\u00ednica do HU-Univasf\",\"datePublished\":\"2024-12-02T12:22:03+00:00\",\"mainEntityOfPage\":{\"@id\":\"https:\\\/\\\/blogdofarnesio.com.br\\\/2024\\\/12\\\/mutirao-promovera-avaliacao-de-lesoes-suspeitas-de-cancer-de-pele-na-policlinica-do-hu-univasf\\\/\"},\"wordCount\":579,\"commentCount\":0,\"publisher\":{\"@id\":\"https:\\\/\\\/blogdofarnesio.com.br\\\/#organization\"},\"image\":{\"@id\":\"https:\\\/\\\/blogdofarnesio.com.br\\\/2024\\\/12\\\/mutirao-promovera-avaliacao-de-lesoes-suspeitas-de-cancer-de-pele-na-policlinica-do-hu-univasf\\\/#primaryimage\"},\"thumbnailUrl\":\"https:\\\/\\\/blogdofarnesio.com.br\\\/wp-content\\\/uploads\\\/2024\\\/04\\\/blogqspcancer-pele-e1714494052799.jpg\",\"articleSection\":[\"Sa\u00fade\"],\"inLanguage\":\"pt-BR\",\"potentialAction\":[{\"@type\":\"CommentAction\",\"name\":\"Comment\",\"target\":[\"https:\\\/\\\/blogdofarnesio.com.br\\\/2024\\\/12\\\/mutirao-promovera-avaliacao-de-lesoes-suspeitas-de-cancer-de-pele-na-policlinica-do-hu-univasf\\\/#respond\"]}]},{\"@type\":\"WebPage\",\"@id\":\"https:\\\/\\\/blogdofarnesio.com.br\\\/2024\\\/12\\\/mutirao-promovera-avaliacao-de-lesoes-suspeitas-de-cancer-de-pele-na-policlinica-do-hu-univasf\\\/\",\"url\":\"https:\\\/\\\/blogdofarnesio.com.br\\\/2024\\\/12\\\/mutirao-promovera-avaliacao-de-lesoes-suspeitas-de-cancer-de-pele-na-policlinica-do-hu-univasf\\\/\",\"name\":\"Mutir\u00e3o promover\u00e1 avalia\u00e7\u00e3o de les\u00f5es suspeitas de c\u00e2ncer de pele na Policl\u00ednica do HU-Univasf - Blog do Farn\u00e9sio\",\"isPartOf\":{\"@id\":\"https:\\\/\\\/blogdofarnesio.com.br\\\/#website\"},\"primaryImageOfPage\":{\"@id\":\"https:\\\/\\\/blogdofarnesio.com.br\\\/2024\\\/12\\\/mutirao-promovera-avaliacao-de-lesoes-suspeitas-de-cancer-de-pele-na-policlinica-do-hu-univasf\\\/#primaryimage\"},\"image\":{\"@id\":\"https:\\\/\\\/blogdofarnesio.com.br\\\/2024\\\/12\\\/mutirao-promovera-avaliacao-de-lesoes-suspeitas-de-cancer-de-pele-na-policlinica-do-hu-univasf\\\/#primaryimage\"},\"thumbnailUrl\":\"https:\\\/\\\/blogdofarnesio.com.br\\\/wp-content\\\/uploads\\\/2024\\\/04\\\/blogqspcancer-pele-e1714494052799.jpg\",\"datePublished\":\"2024-12-02T12:22:03+00:00\",\"breadcrumb\":{\"@id\":\"https:\\\/\\\/blogdofarnesio.com.br\\\/2024\\\/12\\\/mutirao-promovera-avaliacao-de-lesoes-suspeitas-de-cancer-de-pele-na-policlinica-do-hu-univasf\\\/#breadcrumb\"},\"inLanguage\":\"pt-BR\",\"potentialAction\":[{\"@type\":\"ReadAction\",\"target\":[\"https:\\\/\\\/blogdofarnesio.com.br\\\/2024\\\/12\\\/mutirao-promovera-avaliacao-de-lesoes-suspeitas-de-cancer-de-pele-na-policlinica-do-hu-univasf\\\/\"]}]},{\"@type\":\"ImageObject\",\"inLanguage\":\"pt-BR\",\"@id\":\"https:\\\/\\\/blogdofarnesio.com.br\\\/2024\\\/12\\\/mutirao-promovera-avaliacao-de-lesoes-suspeitas-de-cancer-de-pele-na-policlinica-do-hu-univasf\\\/#primaryimage\",\"url\":\"https:\\\/\\\/blogdofarnesio.com.br\\\/wp-content\\\/uploads\\\/2024\\\/04\\\/blogqspcancer-pele-e1714494052799.jpg\",\"contentUrl\":\"https:\\\/\\\/blogdofarnesio.com.br\\\/wp-content\\\/uploads\\\/2024\\\/04\\\/blogqspcancer-pele-e1714494052799.jpg\",\"width\":600,\"height\":338},{\"@type\":\"BreadcrumbList\",\"@id\":\"https:\\\/\\\/blogdofarnesio.com.br\\\/2024\\\/12\\\/mutirao-promovera-avaliacao-de-lesoes-suspeitas-de-cancer-de-pele-na-policlinica-do-hu-univasf\\\/#breadcrumb\",\"itemListElement\":[{\"@type\":\"ListItem\",\"position\":1,\"name\":\"In\u00edcio\",\"item\":\"https:\\\/\\\/blogdofarnesio.com.br\\\/\"},{\"@type\":\"ListItem\",\"position\":2,\"name\":\"Mutir\u00e3o promover\u00e1 avalia\u00e7\u00e3o de les\u00f5es suspeitas de c\u00e2ncer de pele na Policl\u00ednica do HU-Univasf\"}]},{\"@type\":\"WebSite\",\"@id\":\"https:\\\/\\\/blogdofarnesio.com.br\\\/#website\",\"url\":\"https:\\\/\\\/blogdofarnesio.com.br\\\/\",\"name\":\"Blog do Farn\u00e9sio\",\"description\":\"Quer Saber Pol\u00edtica?\",\"publisher\":{\"@id\":\"https:\\\/\\\/blogdofarnesio.com.br\\\/#organization\"},\"potentialAction\":[{\"@type\":\"SearchAction\",\"target\":{\"@type\":\"EntryPoint\",\"urlTemplate\":\"https:\\\/\\\/blogdofarnesio.com.br\\\/?s={search_term_string}\"},\"query-input\":{\"@type\":\"PropertyValueSpecification\",\"valueRequired\":true,\"valueName\":\"search_term_string\"}}],\"inLanguage\":\"pt-BR\"},{\"@type\":\"Organization\",\"@id\":\"https:\\\/\\\/blogdofarnesio.com.br\\\/#organization\",\"name\":\"Blog do Farn\u00e9sio\",\"url\":\"https:\\\/\\\/blogdofarnesio.com.br\\\/\",\"logo\":{\"@type\":\"ImageObject\",\"inLanguage\":\"pt-BR\",\"@id\":\"https:\\\/\\\/blogdofarnesio.com.br\\\/#\\\/schema\\\/logo\\\/image\\\/\",\"url\":\"https:\\\/\\\/blogdofarnesio.com.br\\\/wp-content\\\/uploads\\\/2026\\\/03\\\/cropped-logo_new-1.png\",\"contentUrl\":\"https:\\\/\\\/blogdofarnesio.com.br\\\/wp-content\\\/uploads\\\/2026\\\/03\\\/cropped-logo_new-1.png\",\"width\":881,\"height\":685,\"caption\":\"Blog do Farn\u00e9sio\"},\"image\":{\"@id\":\"https:\\\/\\\/blogdofarnesio.com.br\\\/#\\\/schema\\\/logo\\\/image\\\/\"},\"sameAs\":[\"https:\\\/\\\/www.facebook.com\\\/BlogQuerSaberPolitica\\\/\"]},{\"@type\":\"Person\",\"@id\":\"https:\\\/\\\/blogdofarnesio.com.br\\\/#\\\/schema\\\/person\\\/bb9b23ae3ad0609ce8df7b6c9e76824d\",\"name\":\"Farn\u00e9sio\",\"image\":{\"@type\":\"ImageObject\",\"inLanguage\":\"pt-BR\",\"@id\":\"https:\\\/\\\/secure.gravatar.com\\\/avatar\\\/986aa4c61ccdb66f8555bf88fc2a65609d00bcabd4d2d94377a727547345cbca?s=96&d=mm&r=g\",\"url\":\"https:\\\/\\\/secure.gravatar.com\\\/avatar\\\/986aa4c61ccdb66f8555bf88fc2a65609d00bcabd4d2d94377a727547345cbca?s=96&d=mm&r=g\",\"contentUrl\":\"https:\\\/\\\/secure.gravatar.com\\\/avatar\\\/986aa4c61ccdb66f8555bf88fc2a65609d00bcabd4d2d94377a727547345cbca?s=96&d=mm&r=g\",\"caption\":\"Farn\u00e9sio\"},\"description\":\"Radialista blogueiro, chegou a Petrolina\\\/Juazeiro em setembro de 1980, Farn\u00e9sio Silva \u00e9 de Arapiraca-Alagoas.\",\"sameAs\":[\"http:\\\/\\\/blogdofarnesio.com.br\",\"https:\\\/\\\/www.facebook.com\\\/?ref=tn_tnmn\",\"https:\\\/\\\/www.instagram.com\\\/?utm_source=pwa_homescreen\",\"https:\\\/\\\/youtube.com.br\\\/\"],\"url\":\"https:\\\/\\\/blogdofarnesio.com.br\\\/author\\\/farnesio-2\\\/\"}]}<\/script>\n<!-- \/ Yoast SEO plugin. -->","yoast_head_json":{"title":"Mutir\u00e3o promover\u00e1 avalia\u00e7\u00e3o de les\u00f5es suspeitas de c\u00e2ncer de pele na Policl\u00ednica do HU-Univasf - Blog do Farn\u00e9sio","robots":{"index":"index","follow":"follow","max-snippet":"max-snippet:-1","max-image-preview":"max-image-preview:large","max-video-preview":"max-video-preview:-1"},"canonical":"https:\/\/blogdofarnesio.com.br\/2024\/12\/mutirao-promovera-avaliacao-de-lesoes-suspeitas-de-cancer-de-pele-na-policlinica-do-hu-univasf\/","og_locale":"pt_BR","og_type":"article","og_title":"Mutir\u00e3o promover\u00e1 avalia\u00e7\u00e3o de les\u00f5es suspeitas de c\u00e2ncer de pele na Policl\u00ednica do HU-Univasf - Blog do Farn\u00e9sio","og_description":"Em mais uma edi\u00e7\u00e3o do Dezembro Laranja, m\u00eas dedicado \u00e0 preven\u00e7\u00e3o ao c\u00e2ncer de pele, o Hospital Universit\u00e1rio da Universidade Federal do Vale do S\u00e3o Francisco (HU-Univasf), vinculado(a) \u00e0 Empresa Brasileira de Servi\u00e7os Hospitalares (Ebserh), realizar\u00e1, no pr\u00f3ximo dia 7, um mutir\u00e3o para avalia\u00e7\u00e3o e tratamento das les\u00f5es suspeitas da doen\u00e7a, em apoio \u00e0 campanha promovida pela Sociedade Brasileira de Dermatologia. Os atendimentos acontecer\u00e3o das 8h \u00e0s 13h, na Policl\u00ednica do HU-Univasf (Campus Sede da Univasf), em Petrolina. Estar\u00e3o envolvidos voluntariamente na iniciativa m\u00e9dicos dermatologistas, estudantes dos cursos de Medicina e Enfermagem da Univasf, membros da Liga Acad\u00eamica de Dermatologia (Laderme), assim como estudantes da Faculdade de Petrolina (Facape), da Est\u00e1cio IDOMED de Juazeiro-BA entre outros profissionais do HU-Univasf. &#8220;Vamos&hellip;","og_url":"https:\/\/blogdofarnesio.com.br\/2024\/12\/mutirao-promovera-avaliacao-de-lesoes-suspeitas-de-cancer-de-pele-na-policlinica-do-hu-univasf\/","og_site_name":"Blog do Farn\u00e9sio","article_publisher":"https:\/\/www.facebook.com\/BlogQuerSaberPolitica\/","article_author":"https:\/\/www.facebook.com\/?ref=tn_tnmn","article_published_time":"2024-12-02T12:22:03+00:00","og_image":[{"width":600,"height":338,"url":"https:\/\/blogdofarnesio.com.br\/wp-content\/uploads\/2024\/04\/blogqspcancer-pele-e1714494052799.jpg","type":"image\/jpeg"}],"author":"Farn\u00e9sio","twitter_card":"summary_large_image","twitter_misc":{"Escrito por":"Farn\u00e9sio","Est. tempo de leitura":"4 minutos"},"schema":{"@context":"https:\/\/schema.org","@graph":[{"@type":"Article","@id":"https:\/\/blogdofarnesio.com.br\/2024\/12\/mutirao-promovera-avaliacao-de-lesoes-suspeitas-de-cancer-de-pele-na-policlinica-do-hu-univasf\/#article","isPartOf":{"@id":"https:\/\/blogdofarnesio.com.br\/2024\/12\/mutirao-promovera-avaliacao-de-lesoes-suspeitas-de-cancer-de-pele-na-policlinica-do-hu-univasf\/"},"author":{"name":"Farn\u00e9sio","@id":"https:\/\/blogdofarnesio.com.br\/#\/schema\/person\/bb9b23ae3ad0609ce8df7b6c9e76824d"},"headline":"Mutir\u00e3o promover\u00e1 avalia\u00e7\u00e3o de les\u00f5es suspeitas de c\u00e2ncer de pele na Policl\u00ednica do HU-Univasf","datePublished":"2024-12-02T12:22:03+00:00","mainEntityOfPage":{"@id":"https:\/\/blogdofarnesio.com.br\/2024\/12\/mutirao-promovera-avaliacao-de-lesoes-suspeitas-de-cancer-de-pele-na-policlinica-do-hu-univasf\/"},"wordCount":579,"commentCount":0,"publisher":{"@id":"https:\/\/blogdofarnesio.com.br\/#organization"},"image":{"@id":"https:\/\/blogdofarnesio.com.br\/2024\/12\/mutirao-promovera-avaliacao-de-lesoes-suspeitas-de-cancer-de-pele-na-policlinica-do-hu-univasf\/#primaryimage"},"thumbnailUrl":"https:\/\/blogdofarnesio.com.br\/wp-content\/uploads\/2024\/04\/blogqspcancer-pele-e1714494052799.jpg","articleSection":["Sa\u00fade"],"inLanguage":"pt-BR","potentialAction":[{"@type":"CommentAction","name":"Comment","target":["https:\/\/blogdofarnesio.com.br\/2024\/12\/mutirao-promovera-avaliacao-de-lesoes-suspeitas-de-cancer-de-pele-na-policlinica-do-hu-univasf\/#respond"]}]},{"@type":"WebPage","@id":"https:\/\/blogdofarnesio.com.br\/2024\/12\/mutirao-promovera-avaliacao-de-lesoes-suspeitas-de-cancer-de-pele-na-policlinica-do-hu-univasf\/","url":"https:\/\/blogdofarnesio.com.br\/2024\/12\/mutirao-promovera-avaliacao-de-lesoes-suspeitas-de-cancer-de-pele-na-policlinica-do-hu-univasf\/","name":"Mutir\u00e3o promover\u00e1 avalia\u00e7\u00e3o de les\u00f5es suspeitas de c\u00e2ncer de pele na Policl\u00ednica do HU-Univasf - Blog do Farn\u00e9sio","isPartOf":{"@id":"https:\/\/blogdofarnesio.com.br\/#website"},"primaryImageOfPage":{"@id":"https:\/\/blogdofarnesio.com.br\/2024\/12\/mutirao-promovera-avaliacao-de-lesoes-suspeitas-de-cancer-de-pele-na-policlinica-do-hu-univasf\/#primaryimage"},"image":{"@id":"https:\/\/blogdofarnesio.com.br\/2024\/12\/mutirao-promovera-avaliacao-de-lesoes-suspeitas-de-cancer-de-pele-na-policlinica-do-hu-univasf\/#primaryimage"},"thumbnailUrl":"https:\/\/blogdofarnesio.com.br\/wp-content\/uploads\/2024\/04\/blogqspcancer-pele-e1714494052799.jpg","datePublished":"2024-12-02T12:22:03+00:00","breadcrumb":{"@id":"https:\/\/blogdofarnesio.com.br\/2024\/12\/mutirao-promovera-avaliacao-de-lesoes-suspeitas-de-cancer-de-pele-na-policlinica-do-hu-univasf\/#breadcrumb"},"inLanguage":"pt-BR","potentialAction":[{"@type":"ReadAction","target":["https:\/\/blogdofarnesio.com.br\/2024\/12\/mutirao-promovera-avaliacao-de-lesoes-suspeitas-de-cancer-de-pele-na-policlinica-do-hu-univasf\/"]}]},{"@type":"ImageObject","inLanguage":"pt-BR","@id":"https:\/\/blogdofarnesio.com.br\/2024\/12\/mutirao-promovera-avaliacao-de-lesoes-suspeitas-de-cancer-de-pele-na-policlinica-do-hu-univasf\/#primaryimage","url":"https:\/\/blogdofarnesio.com.br\/wp-content\/uploads\/2024\/04\/blogqspcancer-pele-e1714494052799.jpg","contentUrl":"https:\/\/blogdofarnesio.com.br\/wp-content\/uploads\/2024\/04\/blogqspcancer-pele-e1714494052799.jpg","width":600,"height":338},{"@type":"BreadcrumbList","@id":"https:\/\/blogdofarnesio.com.br\/2024\/12\/mutirao-promovera-avaliacao-de-lesoes-suspeitas-de-cancer-de-pele-na-policlinica-do-hu-univasf\/#breadcrumb","itemListElement":[{"@type":"ListItem","position":1,"name":"In\u00edcio","item":"https:\/\/blogdofarnesio.com.br\/"},{"@type":"ListItem","position":2,"name":"Mutir\u00e3o promover\u00e1 avalia\u00e7\u00e3o de les\u00f5es suspeitas de c\u00e2ncer de pele na Policl\u00ednica do HU-Univasf"}]},{"@type":"WebSite","@id":"https:\/\/blogdofarnesio.com.br\/#website","url":"https:\/\/blogdofarnesio.com.br\/","name":"Blog do Farn\u00e9sio","description":"Quer Saber Pol\u00edtica?","publisher":{"@id":"https:\/\/blogdofarnesio.com.br\/#organization"},"potentialAction":[{"@type":"SearchAction","target":{"@type":"EntryPoint","urlTemplate":"https:\/\/blogdofarnesio.com.br\/?s={search_term_string}"},"query-input":{"@type":"PropertyValueSpecification","valueRequired":true,"valueName":"search_term_string"}}],"inLanguage":"pt-BR"},{"@type":"Organization","@id":"https:\/\/blogdofarnesio.com.br\/#organization","name":"Blog do Farn\u00e9sio","url":"https:\/\/blogdofarnesio.com.br\/","logo":{"@type":"ImageObject","inLanguage":"pt-BR","@id":"https:\/\/blogdofarnesio.com.br\/#\/schema\/logo\/image\/","url":"https:\/\/blogdofarnesio.com.br\/wp-content\/uploads\/2026\/03\/cropped-logo_new-1.png","contentUrl":"https:\/\/blogdofarnesio.com.br\/wp-content\/uploads\/2026\/03\/cropped-logo_new-1.png","width":881,"height":685,"caption":"Blog do Farn\u00e9sio"},"image":{"@id":"https:\/\/blogdofarnesio.com.br\/#\/schema\/logo\/image\/"},"sameAs":["https:\/\/www.facebook.com\/BlogQuerSaberPolitica\/"]},{"@type":"Person","@id":"https:\/\/blogdofarnesio.com.br\/#\/schema\/person\/bb9b23ae3ad0609ce8df7b6c9e76824d","name":"Farn\u00e9sio","image":{"@type":"ImageObject","inLanguage":"pt-BR","@id":"https:\/\/secure.gravatar.com\/avatar\/986aa4c61ccdb66f8555bf88fc2a65609d00bcabd4d2d94377a727547345cbca?s=96&d=mm&r=g","url":"https:\/\/secure.gravatar.com\/avatar\/986aa4c61ccdb66f8555bf88fc2a65609d00bcabd4d2d94377a727547345cbca?s=96&d=mm&r=g","contentUrl":"https:\/\/secure.gravatar.com\/avatar\/986aa4c61ccdb66f8555bf88fc2a65609d00bcabd4d2d94377a727547345cbca?s=96&d=mm&r=g","caption":"Farn\u00e9sio"},"description":"Radialista blogueiro, chegou a Petrolina\/Juazeiro em setembro de 1980, Farn\u00e9sio Silva \u00e9 de Arapiraca-Alagoas.","sameAs":["http:\/\/blogdofarnesio.com.br","https:\/\/www.facebook.com\/?ref=tn_tnmn","https:\/\/www.instagram.com\/?utm_source=pwa_homescreen","https:\/\/youtube.com.br\/"],"url":"https:\/\/blogdofarnesio.com.br\/author\/farnesio-2\/"}]}},"_links":{"self":[{"href":"https:\/\/blogdofarnesio.com.br\/wp-json\/wp\/v2\/posts\/382470","targetHints":{"allow":["GET"]}}],"collection":[{"href":"https:\/\/blogdofarnesio.com.br\/wp-json\/wp\/v2\/posts"}],"about":[{"href":"https:\/\/blogdofarnesio.com.br\/wp-json\/wp\/v2\/types\/post"}],"author":[{"embeddable":true,"href":"https:\/\/blogdofarnesio.com.br\/wp-json\/wp\/v2\/users\/2"}],"replies":[{"embeddable":true,"href":"https:\/\/blogdofarnesio.com.br\/wp-json\/wp\/v2\/comments?post=382470"}],"version-history":[{"count":0,"href":"https:\/\/blogdofarnesio.com.br\/wp-json\/wp\/v2\/posts\/382470\/revisions"}],"wp:featuredmedia":[{"embeddable":true,"href":"https:\/\/blogdofarnesio.com.br\/wp-json\/wp\/v2\/media\/367558"}],"wp:attachment":[{"href":"https:\/\/blogdofarnesio.com.br\/wp-json\/wp\/v2\/media?parent=382470"}],"wp:term":[{"taxonomy":"category","embeddable":true,"href":"https:\/\/blogdofarnesio.com.br\/wp-json\/wp\/v2\/categories?post=382470"},{"taxonomy":"post_tag","embeddable":true,"href":"https:\/\/blogdofarnesio.com.br\/wp-json\/wp\/v2\/tags?post=382470"}],"curies":[{"name":"wp","href":"https:\/\/api.w.org\/{rel}","templated":true}]}}