{"id":381491,"date":"2024-11-18T17:44:47","date_gmt":"2024-11-18T20:44:47","guid":{"rendered":"https:\/\/blogdofarnesio.com.br\/?p=381491"},"modified":"2024-11-18T17:29:41","modified_gmt":"2024-11-18T20:29:41","slug":"competicoes-de-futebol-e-volei-de-praia-dao-inicio-aos-jogos-escolares-de-sento-se-2024","status":"publish","type":"post","link":"https:\/\/blogdofarnesio.com.br\/?p=381491","title":{"rendered":"Competi\u00e7\u00f5es de futebol e v\u00f4lei de praia d\u00e3o in\u00edcio aos Jogos Escolares de Sento S\u00e9 2024"},"content":{"rendered":"<p style=\"font-weight: 400;\">A cidade de Sento S\u00e9 vive um momento de celebra\u00e7\u00e3o e integra\u00e7\u00e3o com o in\u00edcio dos Jogos Escolares 2024, que retornam ap\u00f3s a \u00faltima edi\u00e7\u00e3o realizada em 2019. O evento, que iniciou nesta segunda-feira (18) e vai at\u00e9 o dia 23 de novembro, \u00e9 uma realiza\u00e7\u00e3o da Prefeitura de Sento S\u00e9, atrav\u00e9s da Secretaria Municipal de Educa\u00e7\u00e3o (SME), movimentou o Est\u00e1dio e a Arena Beira Rio com as competi\u00e7\u00f5es de Futebol de campo e V\u00f4lei de Praia.<\/p>\n<p style=\"font-weight: 400;\">A cerim\u00f4nia oficial de abertura ser\u00e1 realizada na pr\u00f3xima quarta-feira (20), \u00e0s 17h, na pra\u00e7a central, reunindo alunos, professores, familiares e autoridades municipais. As disputas acontecem em diversos locais da cidade, como o Gin\u00e1sio de Esportes Jo\u00e3o Carlos Rocha e as quadras dos col\u00e9gios Dr. Juca Sento S\u00e9 e Deputado Jayro Sento S\u00e9, Arena Beira Rio, entre outros.<\/p>\n<p style=\"font-weight: 400;\">A prefeita Ana Passos destacou a import\u00e2ncia dos jogos para o fortalecimento da educa\u00e7\u00e3o, do esporte e da conviv\u00eancia entre os jovens. \u201c\u00c9 um momento de uni\u00e3o, aprendizado e oportunidade para nossas crian\u00e7as e jovens mostrarem seus talentos. Estamos retomando os Jogos Escolares com muita alegria e compromisso\u201d, afirmou a prefeita.<\/p>\n<p style=\"font-weight: 400;\">O secret\u00e1rio municipal de Educa\u00e7\u00e3o, Jeorge Ribeiro, destacou o papel do esporte como ferramenta de inclus\u00e3o e cidadania. \u201cMais que competi\u00e7\u00e3o, os jogos promovem valores como respeito, disciplina e esp\u00edrito de equipe, fortalecendo a educa\u00e7\u00e3o como um todo. A expectativa \u00e9 que o evento fortale\u00e7a o esp\u00edrito esportivo e contribua para a forma\u00e7\u00e3o cidad\u00e3 dos estudantes de Sento S\u00e9\u201d.<\/p>\n<p style=\"font-weight: 400;\">Jo\u00e3o Paulo Coelho, integrante da comiss\u00e3o organizadora, explica que nesta edi\u00e7\u00e3o, 20 escolas municipais, estaduais e particulares est\u00e3o participando das competi\u00e7\u00f5es. \u201cAs disputas acontecem em modalidades coletivas, como Futebol, Futsal, Handebol, Voleibol, Basquete e V\u00f4lei de Praia, que est\u00e3o divididas em quatro categorias por idade, e nos naipes feminino e masculino, al\u00e9m das modalidades individuais, Atletismo e Xadrez\u201d.<\/p>\n<p style=\"font-weight: 400;\"><strong>Primeiros jogos<\/strong>\u00a0&#8211; na modalidade de V\u00f4lei de Praia foram realizados hoje seis jogos, sendo tr\u00eas femininos e os outros tr\u00eas masculinos. As equipes do Col\u00e9gio Estadual Dr. Juca Sento S\u00e9 consagraram-se campe\u00e3s na modalidade. J\u00e1 na modalidade de futebol de campo foram realizados 17 jogos no decorrer do dia, sendo 13 masculinos e quatro femininos. As competi\u00e7\u00f5es seguem acontecendo at\u00e9 o dia 23 de novembro.<\/p>\n<p style=\"font-weight: 400;\">\n<p style=\"font-weight: 400;\">\n<p style=\"font-weight: 400;\">&#8211;<\/p>\n<p style=\"font-weight: 400;\">Texto: Gardennia Garibalde &#8211; Ascom PMSSE<br \/>\nFotos: Alex Antunes<\/p>\n","protected":false},"excerpt":{"rendered":"<p>A cidade de Sento S\u00e9 vive um momento de celebra\u00e7\u00e3o e integra\u00e7\u00e3o com o in\u00edcio dos Jogos Escolares 2024, que retornam ap\u00f3s a \u00faltima edi\u00e7\u00e3o realizada em 2019. O evento, que iniciou nesta segunda-feira (18) e vai at\u00e9 o dia 23 de novembro, \u00e9 uma realiza\u00e7\u00e3o da Prefeitura de Sento S\u00e9, atrav\u00e9s da Secretaria Municipal de Educa\u00e7\u00e3o (SME), movimentou o Est\u00e1dio e a Arena Beira Rio com as competi\u00e7\u00f5es de Futebol de campo e V\u00f4lei de Praia. A cerim\u00f4nia oficial de abertura ser\u00e1 realizada na pr\u00f3xima quarta-feira (20), \u00e0s 17h, na pra\u00e7a central, reunindo alunos, professores, familiares e autoridades municipais. As disputas acontecem em diversos locais da cidade, como o Gin\u00e1sio de Esportes Jo\u00e3o Carlos Rocha e as quadras dos&hellip; <\/p>\n","protected":false},"author":2,"featured_media":381493,"comment_status":"open","ping_status":"open","sticky":false,"template":"","format":"standard","meta":{"_acf_changed":false,"footnotes":""},"categories":[27,8],"tags":[],"class_list":["post-381491","post","type-post","status-publish","format-standard","has-post-thumbnail","hentry","category-cidades","category-esportes"],"acf":[],"yoast_head":"<!-- This site is optimized with the Yoast SEO plugin v27.4 - https:\/\/yoast.com\/product\/yoast-seo-wordpress\/ -->\n<title>Competi\u00e7\u00f5es de futebol e v\u00f4lei de praia d\u00e3o in\u00edcio aos Jogos Escolares de Sento S\u00e9 2024 - Blog do Farn\u00e9sio<\/title>\n<meta name=\"robots\" content=\"index, follow, max-snippet:-1, max-image-preview:large, max-video-preview:-1\" \/>\n<link rel=\"canonical\" href=\"https:\/\/blogdofarnesio.com.br\/?p=381491\" \/>\n<meta property=\"og:locale\" content=\"pt_BR\" \/>\n<meta property=\"og:type\" content=\"article\" \/>\n<meta property=\"og:title\" content=\"Competi\u00e7\u00f5es de futebol e v\u00f4lei de praia d\u00e3o in\u00edcio aos Jogos Escolares de Sento S\u00e9 2024 - Blog do Farn\u00e9sio\" \/>\n<meta property=\"og:description\" content=\"A cidade de Sento S\u00e9 vive um momento de celebra\u00e7\u00e3o e integra\u00e7\u00e3o com o in\u00edcio dos Jogos Escolares 2024, que retornam ap\u00f3s a \u00faltima edi\u00e7\u00e3o realizada em 2019. O evento, que iniciou nesta segunda-feira (18) e vai at\u00e9 o dia 23 de novembro, \u00e9 uma realiza\u00e7\u00e3o da Prefeitura de Sento S\u00e9, atrav\u00e9s da Secretaria Municipal de Educa\u00e7\u00e3o (SME), movimentou o Est\u00e1dio e a Arena Beira Rio com as competi\u00e7\u00f5es de Futebol de campo e V\u00f4lei de Praia. A cerim\u00f4nia oficial de abertura ser\u00e1 realizada na pr\u00f3xima quarta-feira (20), \u00e0s 17h, na pra\u00e7a central, reunindo alunos, professores, familiares e autoridades municipais. As disputas acontecem em diversos locais da cidade, como o Gin\u00e1sio de Esportes Jo\u00e3o Carlos Rocha e as quadras dos&hellip;\" \/>\n<meta property=\"og:url\" content=\"https:\/\/blogdofarnesio.com.br\/?p=381491\" \/>\n<meta property=\"og:site_name\" content=\"Blog do Farn\u00e9sio\" \/>\n<meta property=\"article:publisher\" content=\"https:\/\/www.facebook.com\/BlogQuerSaberPolitica\/\" \/>\n<meta property=\"article:author\" content=\"https:\/\/www.facebook.com\/?ref=tn_tnmn\" \/>\n<meta property=\"article:published_time\" content=\"2024-11-18T20:44:47+00:00\" \/>\n<meta property=\"og:image\" content=\"https:\/\/blogdofarnesio.com.br\/wp-content\/uploads\/2024\/11\/blogqspsentose-jogos-escolares-2-e1731961748843.jpeg\" \/>\n\t<meta property=\"og:image:width\" content=\"552\" \/>\n\t<meta property=\"og:image:height\" content=\"368\" \/>\n\t<meta property=\"og:image:type\" content=\"image\/jpeg\" \/>\n<meta name=\"author\" content=\"Farn\u00e9sio\" \/>\n<meta name=\"twitter:card\" content=\"summary_large_image\" \/>\n<meta name=\"twitter:label1\" content=\"Escrito por\" \/>\n\t<meta name=\"twitter:data1\" content=\"Farn\u00e9sio\" \/>\n\t<meta name=\"twitter:label2\" content=\"Est. tempo de leitura\" \/>\n\t<meta name=\"twitter:data2\" content=\"3 minutos\" \/>\n<script type=\"application\/ld+json\" class=\"yoast-schema-graph\">{\"@context\":\"https:\\\/\\\/schema.org\",\"@graph\":[{\"@type\":\"Article\",\"@id\":\"https:\\\/\\\/blogdofarnesio.com.br\\\/?p=381491#article\",\"isPartOf\":{\"@id\":\"https:\\\/\\\/blogdofarnesio.com.br\\\/?p=381491\"},\"author\":{\"name\":\"Farn\u00e9sio\",\"@id\":\"https:\\\/\\\/blogdofarnesio.com.br\\\/#\\\/schema\\\/person\\\/bb9b23ae3ad0609ce8df7b6c9e76824d\"},\"headline\":\"Competi\u00e7\u00f5es de futebol e v\u00f4lei de praia d\u00e3o in\u00edcio aos Jogos Escolares de Sento S\u00e9 2024\",\"datePublished\":\"2024-11-18T20:44:47+00:00\",\"mainEntityOfPage\":{\"@id\":\"https:\\\/\\\/blogdofarnesio.com.br\\\/?p=381491\"},\"wordCount\":431,\"commentCount\":0,\"publisher\":{\"@id\":\"https:\\\/\\\/blogdofarnesio.com.br\\\/#organization\"},\"image\":{\"@id\":\"https:\\\/\\\/blogdofarnesio.com.br\\\/?p=381491#primaryimage\"},\"thumbnailUrl\":\"https:\\\/\\\/blogdofarnesio.com.br\\\/wp-content\\\/uploads\\\/2024\\\/11\\\/blogqspsentose-jogos-escolares-2-e1731961748843.jpeg\",\"articleSection\":[\"Cidades\",\"Esportes\"],\"inLanguage\":\"pt-BR\",\"potentialAction\":[{\"@type\":\"CommentAction\",\"name\":\"Comment\",\"target\":[\"https:\\\/\\\/blogdofarnesio.com.br\\\/?p=381491#respond\"]}]},{\"@type\":\"WebPage\",\"@id\":\"https:\\\/\\\/blogdofarnesio.com.br\\\/?p=381491\",\"url\":\"https:\\\/\\\/blogdofarnesio.com.br\\\/?p=381491\",\"name\":\"Competi\u00e7\u00f5es de futebol e v\u00f4lei de praia d\u00e3o in\u00edcio aos Jogos Escolares de Sento S\u00e9 2024 - Blog do Farn\u00e9sio\",\"isPartOf\":{\"@id\":\"https:\\\/\\\/blogdofarnesio.com.br\\\/#website\"},\"primaryImageOfPage\":{\"@id\":\"https:\\\/\\\/blogdofarnesio.com.br\\\/?p=381491#primaryimage\"},\"image\":{\"@id\":\"https:\\\/\\\/blogdofarnesio.com.br\\\/?p=381491#primaryimage\"},\"thumbnailUrl\":\"https:\\\/\\\/blogdofarnesio.com.br\\\/wp-content\\\/uploads\\\/2024\\\/11\\\/blogqspsentose-jogos-escolares-2-e1731961748843.jpeg\",\"datePublished\":\"2024-11-18T20:44:47+00:00\",\"breadcrumb\":{\"@id\":\"https:\\\/\\\/blogdofarnesio.com.br\\\/?p=381491#breadcrumb\"},\"inLanguage\":\"pt-BR\",\"potentialAction\":[{\"@type\":\"ReadAction\",\"target\":[\"https:\\\/\\\/blogdofarnesio.com.br\\\/?p=381491\"]}]},{\"@type\":\"ImageObject\",\"inLanguage\":\"pt-BR\",\"@id\":\"https:\\\/\\\/blogdofarnesio.com.br\\\/?p=381491#primaryimage\",\"url\":\"https:\\\/\\\/blogdofarnesio.com.br\\\/wp-content\\\/uploads\\\/2024\\\/11\\\/blogqspsentose-jogos-escolares-2-e1731961748843.jpeg\",\"contentUrl\":\"https:\\\/\\\/blogdofarnesio.com.br\\\/wp-content\\\/uploads\\\/2024\\\/11\\\/blogqspsentose-jogos-escolares-2-e1731961748843.jpeg\",\"width\":552,\"height\":368},{\"@type\":\"BreadcrumbList\",\"@id\":\"https:\\\/\\\/blogdofarnesio.com.br\\\/?p=381491#breadcrumb\",\"itemListElement\":[{\"@type\":\"ListItem\",\"position\":1,\"name\":\"In\u00edcio\",\"item\":\"https:\\\/\\\/blogdofarnesio.com.br\\\/\"},{\"@type\":\"ListItem\",\"position\":2,\"name\":\"Competi\u00e7\u00f5es de futebol e v\u00f4lei de praia d\u00e3o in\u00edcio aos Jogos Escolares de Sento S\u00e9 2024\"}]},{\"@type\":\"WebSite\",\"@id\":\"https:\\\/\\\/blogdofarnesio.com.br\\\/#website\",\"url\":\"https:\\\/\\\/blogdofarnesio.com.br\\\/\",\"name\":\"Blog do Farn\u00e9sio\",\"description\":\"Quer Saber Pol\u00edtica?\",\"publisher\":{\"@id\":\"https:\\\/\\\/blogdofarnesio.com.br\\\/#organization\"},\"potentialAction\":[{\"@type\":\"SearchAction\",\"target\":{\"@type\":\"EntryPoint\",\"urlTemplate\":\"https:\\\/\\\/blogdofarnesio.com.br\\\/?s={search_term_string}\"},\"query-input\":{\"@type\":\"PropertyValueSpecification\",\"valueRequired\":true,\"valueName\":\"search_term_string\"}}],\"inLanguage\":\"pt-BR\"},{\"@type\":\"Organization\",\"@id\":\"https:\\\/\\\/blogdofarnesio.com.br\\\/#organization\",\"name\":\"Blog do Farn\u00e9sio\",\"url\":\"https:\\\/\\\/blogdofarnesio.com.br\\\/\",\"logo\":{\"@type\":\"ImageObject\",\"inLanguage\":\"pt-BR\",\"@id\":\"https:\\\/\\\/blogdofarnesio.com.br\\\/#\\\/schema\\\/logo\\\/image\\\/\",\"url\":\"https:\\\/\\\/blogdofarnesio.com.br\\\/wp-content\\\/uploads\\\/2026\\\/03\\\/cropped-logo_new-1.png\",\"contentUrl\":\"https:\\\/\\\/blogdofarnesio.com.br\\\/wp-content\\\/uploads\\\/2026\\\/03\\\/cropped-logo_new-1.png\",\"width\":881,\"height\":685,\"caption\":\"Blog do Farn\u00e9sio\"},\"image\":{\"@id\":\"https:\\\/\\\/blogdofarnesio.com.br\\\/#\\\/schema\\\/logo\\\/image\\\/\"},\"sameAs\":[\"https:\\\/\\\/www.facebook.com\\\/BlogQuerSaberPolitica\\\/\"]},{\"@type\":\"Person\",\"@id\":\"https:\\\/\\\/blogdofarnesio.com.br\\\/#\\\/schema\\\/person\\\/bb9b23ae3ad0609ce8df7b6c9e76824d\",\"name\":\"Farn\u00e9sio\",\"image\":{\"@type\":\"ImageObject\",\"inLanguage\":\"pt-BR\",\"@id\":\"https:\\\/\\\/secure.gravatar.com\\\/avatar\\\/986aa4c61ccdb66f8555bf88fc2a65609d00bcabd4d2d94377a727547345cbca?s=96&d=mm&r=g\",\"url\":\"https:\\\/\\\/secure.gravatar.com\\\/avatar\\\/986aa4c61ccdb66f8555bf88fc2a65609d00bcabd4d2d94377a727547345cbca?s=96&d=mm&r=g\",\"contentUrl\":\"https:\\\/\\\/secure.gravatar.com\\\/avatar\\\/986aa4c61ccdb66f8555bf88fc2a65609d00bcabd4d2d94377a727547345cbca?s=96&d=mm&r=g\",\"caption\":\"Farn\u00e9sio\"},\"description\":\"Radialista blogueiro, chegou a Petrolina\\\/Juazeiro em setembro de 1980, Farn\u00e9sio Silva \u00e9 de Arapiraca-Alagoas.\",\"sameAs\":[\"http:\\\/\\\/blogdofarnesio.com.br\",\"https:\\\/\\\/www.facebook.com\\\/?ref=tn_tnmn\",\"https:\\\/\\\/www.instagram.com\\\/?utm_source=pwa_homescreen\",\"https:\\\/\\\/youtube.com.br\\\/\"],\"url\":\"https:\\\/\\\/blogdofarnesio.com.br\\\/?author=2\"}]}<\/script>\n<!-- \/ Yoast SEO plugin. -->","yoast_head_json":{"title":"Competi\u00e7\u00f5es de futebol e v\u00f4lei de praia d\u00e3o in\u00edcio aos Jogos Escolares de Sento S\u00e9 2024 - Blog do Farn\u00e9sio","robots":{"index":"index","follow":"follow","max-snippet":"max-snippet:-1","max-image-preview":"max-image-preview:large","max-video-preview":"max-video-preview:-1"},"canonical":"https:\/\/blogdofarnesio.com.br\/?p=381491","og_locale":"pt_BR","og_type":"article","og_title":"Competi\u00e7\u00f5es de futebol e v\u00f4lei de praia d\u00e3o in\u00edcio aos Jogos Escolares de Sento S\u00e9 2024 - Blog do Farn\u00e9sio","og_description":"A cidade de Sento S\u00e9 vive um momento de celebra\u00e7\u00e3o e integra\u00e7\u00e3o com o in\u00edcio dos Jogos Escolares 2024, que retornam ap\u00f3s a \u00faltima edi\u00e7\u00e3o realizada em 2019. O evento, que iniciou nesta segunda-feira (18) e vai at\u00e9 o dia 23 de novembro, \u00e9 uma realiza\u00e7\u00e3o da Prefeitura de Sento S\u00e9, atrav\u00e9s da Secretaria Municipal de Educa\u00e7\u00e3o (SME), movimentou o Est\u00e1dio e a Arena Beira Rio com as competi\u00e7\u00f5es de Futebol de campo e V\u00f4lei de Praia. A cerim\u00f4nia oficial de abertura ser\u00e1 realizada na pr\u00f3xima quarta-feira (20), \u00e0s 17h, na pra\u00e7a central, reunindo alunos, professores, familiares e autoridades municipais. As disputas acontecem em diversos locais da cidade, como o Gin\u00e1sio de Esportes Jo\u00e3o Carlos Rocha e as quadras dos&hellip;","og_url":"https:\/\/blogdofarnesio.com.br\/?p=381491","og_site_name":"Blog do Farn\u00e9sio","article_publisher":"https:\/\/www.facebook.com\/BlogQuerSaberPolitica\/","article_author":"https:\/\/www.facebook.com\/?ref=tn_tnmn","article_published_time":"2024-11-18T20:44:47+00:00","og_image":[{"width":552,"height":368,"url":"https:\/\/blogdofarnesio.com.br\/wp-content\/uploads\/2024\/11\/blogqspsentose-jogos-escolares-2-e1731961748843.jpeg","type":"image\/jpeg"}],"author":"Farn\u00e9sio","twitter_card":"summary_large_image","twitter_misc":{"Escrito por":"Farn\u00e9sio","Est. tempo de leitura":"3 minutos"},"schema":{"@context":"https:\/\/schema.org","@graph":[{"@type":"Article","@id":"https:\/\/blogdofarnesio.com.br\/?p=381491#article","isPartOf":{"@id":"https:\/\/blogdofarnesio.com.br\/?p=381491"},"author":{"name":"Farn\u00e9sio","@id":"https:\/\/blogdofarnesio.com.br\/#\/schema\/person\/bb9b23ae3ad0609ce8df7b6c9e76824d"},"headline":"Competi\u00e7\u00f5es de futebol e v\u00f4lei de praia d\u00e3o in\u00edcio aos Jogos Escolares de Sento S\u00e9 2024","datePublished":"2024-11-18T20:44:47+00:00","mainEntityOfPage":{"@id":"https:\/\/blogdofarnesio.com.br\/?p=381491"},"wordCount":431,"commentCount":0,"publisher":{"@id":"https:\/\/blogdofarnesio.com.br\/#organization"},"image":{"@id":"https:\/\/blogdofarnesio.com.br\/?p=381491#primaryimage"},"thumbnailUrl":"https:\/\/blogdofarnesio.com.br\/wp-content\/uploads\/2024\/11\/blogqspsentose-jogos-escolares-2-e1731961748843.jpeg","articleSection":["Cidades","Esportes"],"inLanguage":"pt-BR","potentialAction":[{"@type":"CommentAction","name":"Comment","target":["https:\/\/blogdofarnesio.com.br\/?p=381491#respond"]}]},{"@type":"WebPage","@id":"https:\/\/blogdofarnesio.com.br\/?p=381491","url":"https:\/\/blogdofarnesio.com.br\/?p=381491","name":"Competi\u00e7\u00f5es de futebol e v\u00f4lei de praia d\u00e3o in\u00edcio aos Jogos Escolares de Sento S\u00e9 2024 - Blog do Farn\u00e9sio","isPartOf":{"@id":"https:\/\/blogdofarnesio.com.br\/#website"},"primaryImageOfPage":{"@id":"https:\/\/blogdofarnesio.com.br\/?p=381491#primaryimage"},"image":{"@id":"https:\/\/blogdofarnesio.com.br\/?p=381491#primaryimage"},"thumbnailUrl":"https:\/\/blogdofarnesio.com.br\/wp-content\/uploads\/2024\/11\/blogqspsentose-jogos-escolares-2-e1731961748843.jpeg","datePublished":"2024-11-18T20:44:47+00:00","breadcrumb":{"@id":"https:\/\/blogdofarnesio.com.br\/?p=381491#breadcrumb"},"inLanguage":"pt-BR","potentialAction":[{"@type":"ReadAction","target":["https:\/\/blogdofarnesio.com.br\/?p=381491"]}]},{"@type":"ImageObject","inLanguage":"pt-BR","@id":"https:\/\/blogdofarnesio.com.br\/?p=381491#primaryimage","url":"https:\/\/blogdofarnesio.com.br\/wp-content\/uploads\/2024\/11\/blogqspsentose-jogos-escolares-2-e1731961748843.jpeg","contentUrl":"https:\/\/blogdofarnesio.com.br\/wp-content\/uploads\/2024\/11\/blogqspsentose-jogos-escolares-2-e1731961748843.jpeg","width":552,"height":368},{"@type":"BreadcrumbList","@id":"https:\/\/blogdofarnesio.com.br\/?p=381491#breadcrumb","itemListElement":[{"@type":"ListItem","position":1,"name":"In\u00edcio","item":"https:\/\/blogdofarnesio.com.br\/"},{"@type":"ListItem","position":2,"name":"Competi\u00e7\u00f5es de futebol e v\u00f4lei de praia d\u00e3o in\u00edcio aos Jogos Escolares de Sento S\u00e9 2024"}]},{"@type":"WebSite","@id":"https:\/\/blogdofarnesio.com.br\/#website","url":"https:\/\/blogdofarnesio.com.br\/","name":"Blog do Farn\u00e9sio","description":"Quer Saber Pol\u00edtica?","publisher":{"@id":"https:\/\/blogdofarnesio.com.br\/#organization"},"potentialAction":[{"@type":"SearchAction","target":{"@type":"EntryPoint","urlTemplate":"https:\/\/blogdofarnesio.com.br\/?s={search_term_string}"},"query-input":{"@type":"PropertyValueSpecification","valueRequired":true,"valueName":"search_term_string"}}],"inLanguage":"pt-BR"},{"@type":"Organization","@id":"https:\/\/blogdofarnesio.com.br\/#organization","name":"Blog do Farn\u00e9sio","url":"https:\/\/blogdofarnesio.com.br\/","logo":{"@type":"ImageObject","inLanguage":"pt-BR","@id":"https:\/\/blogdofarnesio.com.br\/#\/schema\/logo\/image\/","url":"https:\/\/blogdofarnesio.com.br\/wp-content\/uploads\/2026\/03\/cropped-logo_new-1.png","contentUrl":"https:\/\/blogdofarnesio.com.br\/wp-content\/uploads\/2026\/03\/cropped-logo_new-1.png","width":881,"height":685,"caption":"Blog do Farn\u00e9sio"},"image":{"@id":"https:\/\/blogdofarnesio.com.br\/#\/schema\/logo\/image\/"},"sameAs":["https:\/\/www.facebook.com\/BlogQuerSaberPolitica\/"]},{"@type":"Person","@id":"https:\/\/blogdofarnesio.com.br\/#\/schema\/person\/bb9b23ae3ad0609ce8df7b6c9e76824d","name":"Farn\u00e9sio","image":{"@type":"ImageObject","inLanguage":"pt-BR","@id":"https:\/\/secure.gravatar.com\/avatar\/986aa4c61ccdb66f8555bf88fc2a65609d00bcabd4d2d94377a727547345cbca?s=96&d=mm&r=g","url":"https:\/\/secure.gravatar.com\/avatar\/986aa4c61ccdb66f8555bf88fc2a65609d00bcabd4d2d94377a727547345cbca?s=96&d=mm&r=g","contentUrl":"https:\/\/secure.gravatar.com\/avatar\/986aa4c61ccdb66f8555bf88fc2a65609d00bcabd4d2d94377a727547345cbca?s=96&d=mm&r=g","caption":"Farn\u00e9sio"},"description":"Radialista blogueiro, chegou a Petrolina\/Juazeiro em setembro de 1980, Farn\u00e9sio Silva \u00e9 de Arapiraca-Alagoas.","sameAs":["http:\/\/blogdofarnesio.com.br","https:\/\/www.facebook.com\/?ref=tn_tnmn","https:\/\/www.instagram.com\/?utm_source=pwa_homescreen","https:\/\/youtube.com.br\/"],"url":"https:\/\/blogdofarnesio.com.br\/?author=2"}]}},"_links":{"self":[{"href":"https:\/\/blogdofarnesio.com.br\/index.php?rest_route=\/wp\/v2\/posts\/381491","targetHints":{"allow":["GET"]}}],"collection":[{"href":"https:\/\/blogdofarnesio.com.br\/index.php?rest_route=\/wp\/v2\/posts"}],"about":[{"href":"https:\/\/blogdofarnesio.com.br\/index.php?rest_route=\/wp\/v2\/types\/post"}],"author":[{"embeddable":true,"href":"https:\/\/blogdofarnesio.com.br\/index.php?rest_route=\/wp\/v2\/users\/2"}],"replies":[{"embeddable":true,"href":"https:\/\/blogdofarnesio.com.br\/index.php?rest_route=%2Fwp%2Fv2%2Fcomments&post=381491"}],"version-history":[{"count":0,"href":"https:\/\/blogdofarnesio.com.br\/index.php?rest_route=\/wp\/v2\/posts\/381491\/revisions"}],"wp:featuredmedia":[{"embeddable":true,"href":"https:\/\/blogdofarnesio.com.br\/index.php?rest_route=\/wp\/v2\/media\/381493"}],"wp:attachment":[{"href":"https:\/\/blogdofarnesio.com.br\/index.php?rest_route=%2Fwp%2Fv2%2Fmedia&parent=381491"}],"wp:term":[{"taxonomy":"category","embeddable":true,"href":"https:\/\/blogdofarnesio.com.br\/index.php?rest_route=%2Fwp%2Fv2%2Fcategories&post=381491"},{"taxonomy":"post_tag","embeddable":true,"href":"https:\/\/blogdofarnesio.com.br\/index.php?rest_route=%2Fwp%2Fv2%2Ftags&post=381491"}],"curies":[{"name":"wp","href":"https:\/\/api.w.org\/{rel}","templated":true}]}}