{"id":381427,"date":"2024-11-18T07:00:24","date_gmt":"2024-11-18T10:00:24","guid":{"rendered":"https:\/\/blogdofarnesio.com.br\/?p=381427"},"modified":"2024-11-17T18:40:02","modified_gmt":"2024-11-17T21:40:02","slug":"a-musica-entre-o-amor-e-o-destino-foi-a-grande-vencedora-do-festival-geraldo-azevedo-2024","status":"publish","type":"post","link":"https:\/\/blogdofarnesio.com.br\/?p=381427","title":{"rendered":"A m\u00fasica \u2018Entre o amor e o destino\u2019 foi a grande vencedora do Festival Geraldo Azevedo 2024"},"content":{"rendered":"<div>A popula\u00e7\u00e3o petrolinense emergiu durante os \u00faltimos tr\u00eas dias, em um universo voltado a arte e poesia. O Festival de M\u00fasica Geraldo Azevedo, realizado pela Prefeitura de Petrolina, atrav\u00e9s da Secretaria executiva de Cultura, tem como objetivo fomentar o crescimento da m\u00fasica local, incentivar o interc\u00e2mbio entre profissionais da \u00e1rea, revelar novos talentos e impulsionar a produ\u00e7\u00e3o de m\u00fasica autoral.<\/div>\n<div><\/div>\n<div>Das centenas de m\u00fasicas inscritas, vindas de v\u00e1rios cantos do pa\u00eds, 20 can\u00e7\u00f5es foram selecionadas para esta primeira etapa e, de acordo com os crit\u00e9rios de avalia\u00e7\u00e3o, 10 can\u00e7\u00f5es passaram para a final e se apresentaram nesse s\u00e1bado (16), na Concha Ac\u00fastica.<\/div>\n<div><\/div>\n<div>Em primeiro lugar ganhou a m\u00fasica \u2018Entre o medo e o destino\u2019, de W\u00eania Trindade, com premia\u00e7\u00e3o de R$ 12.000,00, o segundo lugar e o pr\u00eamio de melhor int\u00e9rprete ficou para Fernanda Luz, com a m\u00fasica \u2018Emancipa\u00e7\u00e3o\u2019, juntando os dois pr\u00eamios, ela levou R$ 15.000,00.<\/div>\n<div><\/div>\n<div><img loading=\"lazy\" decoding=\"async\" class=\"aligncenter wp-image-381430 size-full\" src=\"https:\/\/blogdofarnesio.com.br\/wp-content\/uploads\/2024\/11\/Festival-vencedores-Fest-Geraldo-azevedo-2-e1731879536263.jpeg\" alt=\"\" width=\"600\" height=\"400\" \/> J\u00e1 o terceiro colocado, ficou para m\u00fasica \u2018A fortuna e a Migalha\u2019 de Guilliard Pereira com pr\u00eamio de R$: 8.000,00. Todos os vencedores s\u00e3o de Petrolina-PE.<\/div>\n<div><\/div>\n<div>Al\u00e9m da premia\u00e7\u00e3o em dinheiro, os artistas foram presenteados com trof\u00e9us confeccionados pelo artes\u00e3o, Ant\u00f4nio Lisboa, onde foram selecionadas quatro m\u00fasicas do cantor Geraldo Azevedo como inspira\u00e7\u00e3o para os trof\u00e9us. Com muita emo\u00e7\u00e3o, W\u00eania Trindade expressa a sua felicidade em ser ganhadora do concurso. \u201c<i>Gente, a m\u00fasica sempre vence, sempre vence. Parab\u00e9ns a todos os artistas que pisaram nesse palco, a vida de artista \u00e9 muito dif\u00edcil, uma das profiss\u00f5es mais dif\u00edceis. A gente pensa em desistir, a gente leva n\u00e3o, as portas se fecham, pessoas querem contratar a gente por um valor que n\u00e3o \u00e9 justo. Mas a m\u00fasica sempre vence, a arte sempre vence<\/i>\u201d, destaca.<\/div>\n<div><\/div>\n<div>No encerramento do festival, o p\u00fablico contou com a apresenta\u00e7\u00e3o da Phil\u00e2rmonica 21 de Setembro, com um concerto de m\u00fasicas da MPB e participa\u00e7\u00e3o das cantoras Camila Yasmine e Deyse Gois. E para fechar a noite, uma das maiores int\u00e9rpretes da m\u00fasica brasileira, Zizi Possi, fez todo mundo cantar e navegar com maestria por diversos g\u00eaneros musicais, como MPB, jazz, m\u00fasica cl\u00e1ssica, pop e can\u00e7\u00f5es italianas.<\/div>\n<div><\/div>\n","protected":false},"excerpt":{"rendered":"<p>A popula\u00e7\u00e3o petrolinense emergiu durante os \u00faltimos tr\u00eas dias, em um universo voltado a arte e poesia. O Festival de M\u00fasica Geraldo Azevedo, realizado pela Prefeitura de Petrolina, atrav\u00e9s da Secretaria executiva de Cultura, tem como objetivo fomentar o crescimento da m\u00fasica local, incentivar o interc\u00e2mbio entre profissionais da \u00e1rea, revelar novos talentos e impulsionar a produ\u00e7\u00e3o de m\u00fasica autoral. Das centenas de m\u00fasicas inscritas, vindas de v\u00e1rios cantos do pa\u00eds, 20 can\u00e7\u00f5es foram selecionadas para esta primeira etapa e, de acordo com os crit\u00e9rios de avalia\u00e7\u00e3o, 10 can\u00e7\u00f5es passaram para a final e se apresentaram nesse s\u00e1bado (16), na Concha Ac\u00fastica. Em primeiro lugar ganhou a m\u00fasica \u2018Entre o medo e o destino\u2019, de W\u00eania Trindade, com premia\u00e7\u00e3o de&hellip; <\/p>\n","protected":false},"author":2,"featured_media":381429,"comment_status":"open","ping_status":"open","sticky":false,"template":"","format":"standard","meta":{"_acf_changed":false,"footnotes":""},"categories":[31,10],"tags":[],"class_list":["post-381427","post","type-post","status-publish","format-standard","has-post-thumbnail","hentry","category-concursos","category-cultura"],"acf":[],"yoast_head":"<!-- This site is optimized with the Yoast SEO plugin v27.4 - https:\/\/yoast.com\/product\/yoast-seo-wordpress\/ -->\n<title>A m\u00fasica \u2018Entre o amor e o destino\u2019 foi a grande vencedora do Festival Geraldo Azevedo 2024 - Blog do Farn\u00e9sio<\/title>\n<meta name=\"robots\" content=\"index, follow, max-snippet:-1, max-image-preview:large, max-video-preview:-1\" \/>\n<link rel=\"canonical\" href=\"https:\/\/blogdofarnesio.com.br\/?p=381427\" \/>\n<meta property=\"og:locale\" content=\"pt_BR\" \/>\n<meta property=\"og:type\" content=\"article\" \/>\n<meta property=\"og:title\" content=\"A m\u00fasica \u2018Entre o amor e o destino\u2019 foi a grande vencedora do Festival Geraldo Azevedo 2024 - Blog do Farn\u00e9sio\" \/>\n<meta property=\"og:description\" content=\"A popula\u00e7\u00e3o petrolinense emergiu durante os \u00faltimos tr\u00eas dias, em um universo voltado a arte e poesia. O Festival de M\u00fasica Geraldo Azevedo, realizado pela Prefeitura de Petrolina, atrav\u00e9s da Secretaria executiva de Cultura, tem como objetivo fomentar o crescimento da m\u00fasica local, incentivar o interc\u00e2mbio entre profissionais da \u00e1rea, revelar novos talentos e impulsionar a produ\u00e7\u00e3o de m\u00fasica autoral. Das centenas de m\u00fasicas inscritas, vindas de v\u00e1rios cantos do pa\u00eds, 20 can\u00e7\u00f5es foram selecionadas para esta primeira etapa e, de acordo com os crit\u00e9rios de avalia\u00e7\u00e3o, 10 can\u00e7\u00f5es passaram para a final e se apresentaram nesse s\u00e1bado (16), na Concha Ac\u00fastica. Em primeiro lugar ganhou a m\u00fasica \u2018Entre o medo e o destino\u2019, de W\u00eania Trindade, com premia\u00e7\u00e3o de&hellip;\" \/>\n<meta property=\"og:url\" content=\"https:\/\/blogdofarnesio.com.br\/?p=381427\" \/>\n<meta property=\"og:site_name\" content=\"Blog do Farn\u00e9sio\" \/>\n<meta property=\"article:publisher\" content=\"https:\/\/www.facebook.com\/BlogQuerSaberPolitica\/\" \/>\n<meta property=\"article:author\" content=\"https:\/\/www.facebook.com\/?ref=tn_tnmn\" \/>\n<meta property=\"article:published_time\" content=\"2024-11-18T10:00:24+00:00\" \/>\n<meta property=\"og:image\" content=\"https:\/\/blogdofarnesio.com.br\/wp-content\/uploads\/2024\/11\/Festival-vencedores-Fest-Geraldo-azevedo-1-e1731879493975.jpeg\" \/>\n\t<meta property=\"og:image:width\" content=\"600\" \/>\n\t<meta property=\"og:image:height\" content=\"400\" \/>\n\t<meta property=\"og:image:type\" content=\"image\/jpeg\" \/>\n<meta name=\"author\" content=\"Farn\u00e9sio\" \/>\n<meta name=\"twitter:card\" content=\"summary_large_image\" \/>\n<meta name=\"twitter:label1\" content=\"Escrito por\" \/>\n\t<meta name=\"twitter:data1\" content=\"Farn\u00e9sio\" \/>\n\t<meta name=\"twitter:label2\" content=\"Est. tempo de leitura\" \/>\n\t<meta name=\"twitter:data2\" content=\"3 minutos\" \/>\n<script type=\"application\/ld+json\" class=\"yoast-schema-graph\">{\"@context\":\"https:\\\/\\\/schema.org\",\"@graph\":[{\"@type\":\"Article\",\"@id\":\"https:\\\/\\\/blogdofarnesio.com.br\\\/?p=381427#article\",\"isPartOf\":{\"@id\":\"https:\\\/\\\/blogdofarnesio.com.br\\\/?p=381427\"},\"author\":{\"name\":\"Farn\u00e9sio\",\"@id\":\"https:\\\/\\\/blogdofarnesio.com.br\\\/#\\\/schema\\\/person\\\/bb9b23ae3ad0609ce8df7b6c9e76824d\"},\"headline\":\"A m\u00fasica \u2018Entre o amor e o destino\u2019 foi a grande vencedora do Festival Geraldo Azevedo 2024\",\"datePublished\":\"2024-11-18T10:00:24+00:00\",\"mainEntityOfPage\":{\"@id\":\"https:\\\/\\\/blogdofarnesio.com.br\\\/?p=381427\"},\"wordCount\":411,\"commentCount\":0,\"publisher\":{\"@id\":\"https:\\\/\\\/blogdofarnesio.com.br\\\/#organization\"},\"image\":{\"@id\":\"https:\\\/\\\/blogdofarnesio.com.br\\\/?p=381427#primaryimage\"},\"thumbnailUrl\":\"https:\\\/\\\/blogdofarnesio.com.br\\\/wp-content\\\/uploads\\\/2024\\\/11\\\/Festival-vencedores-Fest-Geraldo-azevedo-1-e1731879493975.jpeg\",\"articleSection\":[\"Concursos\",\"Cultura\"],\"inLanguage\":\"pt-BR\",\"potentialAction\":[{\"@type\":\"CommentAction\",\"name\":\"Comment\",\"target\":[\"https:\\\/\\\/blogdofarnesio.com.br\\\/?p=381427#respond\"]}]},{\"@type\":\"WebPage\",\"@id\":\"https:\\\/\\\/blogdofarnesio.com.br\\\/?p=381427\",\"url\":\"https:\\\/\\\/blogdofarnesio.com.br\\\/?p=381427\",\"name\":\"A m\u00fasica \u2018Entre o amor e o destino\u2019 foi a grande vencedora do Festival Geraldo Azevedo 2024 - Blog do Farn\u00e9sio\",\"isPartOf\":{\"@id\":\"https:\\\/\\\/blogdofarnesio.com.br\\\/#website\"},\"primaryImageOfPage\":{\"@id\":\"https:\\\/\\\/blogdofarnesio.com.br\\\/?p=381427#primaryimage\"},\"image\":{\"@id\":\"https:\\\/\\\/blogdofarnesio.com.br\\\/?p=381427#primaryimage\"},\"thumbnailUrl\":\"https:\\\/\\\/blogdofarnesio.com.br\\\/wp-content\\\/uploads\\\/2024\\\/11\\\/Festival-vencedores-Fest-Geraldo-azevedo-1-e1731879493975.jpeg\",\"datePublished\":\"2024-11-18T10:00:24+00:00\",\"breadcrumb\":{\"@id\":\"https:\\\/\\\/blogdofarnesio.com.br\\\/?p=381427#breadcrumb\"},\"inLanguage\":\"pt-BR\",\"potentialAction\":[{\"@type\":\"ReadAction\",\"target\":[\"https:\\\/\\\/blogdofarnesio.com.br\\\/?p=381427\"]}]},{\"@type\":\"ImageObject\",\"inLanguage\":\"pt-BR\",\"@id\":\"https:\\\/\\\/blogdofarnesio.com.br\\\/?p=381427#primaryimage\",\"url\":\"https:\\\/\\\/blogdofarnesio.com.br\\\/wp-content\\\/uploads\\\/2024\\\/11\\\/Festival-vencedores-Fest-Geraldo-azevedo-1-e1731879493975.jpeg\",\"contentUrl\":\"https:\\\/\\\/blogdofarnesio.com.br\\\/wp-content\\\/uploads\\\/2024\\\/11\\\/Festival-vencedores-Fest-Geraldo-azevedo-1-e1731879493975.jpeg\",\"width\":600,\"height\":400},{\"@type\":\"BreadcrumbList\",\"@id\":\"https:\\\/\\\/blogdofarnesio.com.br\\\/?p=381427#breadcrumb\",\"itemListElement\":[{\"@type\":\"ListItem\",\"position\":1,\"name\":\"In\u00edcio\",\"item\":\"https:\\\/\\\/blogdofarnesio.com.br\\\/\"},{\"@type\":\"ListItem\",\"position\":2,\"name\":\"A m\u00fasica \u2018Entre o amor e o destino\u2019 foi a grande vencedora do Festival Geraldo Azevedo 2024\"}]},{\"@type\":\"WebSite\",\"@id\":\"https:\\\/\\\/blogdofarnesio.com.br\\\/#website\",\"url\":\"https:\\\/\\\/blogdofarnesio.com.br\\\/\",\"name\":\"Blog do Farn\u00e9sio\",\"description\":\"Quer Saber Pol\u00edtica?\",\"publisher\":{\"@id\":\"https:\\\/\\\/blogdofarnesio.com.br\\\/#organization\"},\"potentialAction\":[{\"@type\":\"SearchAction\",\"target\":{\"@type\":\"EntryPoint\",\"urlTemplate\":\"https:\\\/\\\/blogdofarnesio.com.br\\\/?s={search_term_string}\"},\"query-input\":{\"@type\":\"PropertyValueSpecification\",\"valueRequired\":true,\"valueName\":\"search_term_string\"}}],\"inLanguage\":\"pt-BR\"},{\"@type\":\"Organization\",\"@id\":\"https:\\\/\\\/blogdofarnesio.com.br\\\/#organization\",\"name\":\"Blog do Farn\u00e9sio\",\"url\":\"https:\\\/\\\/blogdofarnesio.com.br\\\/\",\"logo\":{\"@type\":\"ImageObject\",\"inLanguage\":\"pt-BR\",\"@id\":\"https:\\\/\\\/blogdofarnesio.com.br\\\/#\\\/schema\\\/logo\\\/image\\\/\",\"url\":\"https:\\\/\\\/blogdofarnesio.com.br\\\/wp-content\\\/uploads\\\/2026\\\/03\\\/cropped-logo_new-1.png\",\"contentUrl\":\"https:\\\/\\\/blogdofarnesio.com.br\\\/wp-content\\\/uploads\\\/2026\\\/03\\\/cropped-logo_new-1.png\",\"width\":881,\"height\":685,\"caption\":\"Blog do Farn\u00e9sio\"},\"image\":{\"@id\":\"https:\\\/\\\/blogdofarnesio.com.br\\\/#\\\/schema\\\/logo\\\/image\\\/\"},\"sameAs\":[\"https:\\\/\\\/www.facebook.com\\\/BlogQuerSaberPolitica\\\/\"]},{\"@type\":\"Person\",\"@id\":\"https:\\\/\\\/blogdofarnesio.com.br\\\/#\\\/schema\\\/person\\\/bb9b23ae3ad0609ce8df7b6c9e76824d\",\"name\":\"Farn\u00e9sio\",\"image\":{\"@type\":\"ImageObject\",\"inLanguage\":\"pt-BR\",\"@id\":\"https:\\\/\\\/secure.gravatar.com\\\/avatar\\\/986aa4c61ccdb66f8555bf88fc2a65609d00bcabd4d2d94377a727547345cbca?s=96&d=mm&r=g\",\"url\":\"https:\\\/\\\/secure.gravatar.com\\\/avatar\\\/986aa4c61ccdb66f8555bf88fc2a65609d00bcabd4d2d94377a727547345cbca?s=96&d=mm&r=g\",\"contentUrl\":\"https:\\\/\\\/secure.gravatar.com\\\/avatar\\\/986aa4c61ccdb66f8555bf88fc2a65609d00bcabd4d2d94377a727547345cbca?s=96&d=mm&r=g\",\"caption\":\"Farn\u00e9sio\"},\"description\":\"Radialista blogueiro, chegou a Petrolina\\\/Juazeiro em setembro de 1980, Farn\u00e9sio Silva \u00e9 de Arapiraca-Alagoas.\",\"sameAs\":[\"http:\\\/\\\/blogdofarnesio.com.br\",\"https:\\\/\\\/www.facebook.com\\\/?ref=tn_tnmn\",\"https:\\\/\\\/www.instagram.com\\\/?utm_source=pwa_homescreen\",\"https:\\\/\\\/youtube.com.br\\\/\"],\"url\":\"https:\\\/\\\/blogdofarnesio.com.br\\\/?author=2\"}]}<\/script>\n<!-- \/ Yoast SEO plugin. -->","yoast_head_json":{"title":"A m\u00fasica \u2018Entre o amor e o destino\u2019 foi a grande vencedora do Festival Geraldo Azevedo 2024 - Blog do Farn\u00e9sio","robots":{"index":"index","follow":"follow","max-snippet":"max-snippet:-1","max-image-preview":"max-image-preview:large","max-video-preview":"max-video-preview:-1"},"canonical":"https:\/\/blogdofarnesio.com.br\/?p=381427","og_locale":"pt_BR","og_type":"article","og_title":"A m\u00fasica \u2018Entre o amor e o destino\u2019 foi a grande vencedora do Festival Geraldo Azevedo 2024 - Blog do Farn\u00e9sio","og_description":"A popula\u00e7\u00e3o petrolinense emergiu durante os \u00faltimos tr\u00eas dias, em um universo voltado a arte e poesia. O Festival de M\u00fasica Geraldo Azevedo, realizado pela Prefeitura de Petrolina, atrav\u00e9s da Secretaria executiva de Cultura, tem como objetivo fomentar o crescimento da m\u00fasica local, incentivar o interc\u00e2mbio entre profissionais da \u00e1rea, revelar novos talentos e impulsionar a produ\u00e7\u00e3o de m\u00fasica autoral. Das centenas de m\u00fasicas inscritas, vindas de v\u00e1rios cantos do pa\u00eds, 20 can\u00e7\u00f5es foram selecionadas para esta primeira etapa e, de acordo com os crit\u00e9rios de avalia\u00e7\u00e3o, 10 can\u00e7\u00f5es passaram para a final e se apresentaram nesse s\u00e1bado (16), na Concha Ac\u00fastica. Em primeiro lugar ganhou a m\u00fasica \u2018Entre o medo e o destino\u2019, de W\u00eania Trindade, com premia\u00e7\u00e3o de&hellip;","og_url":"https:\/\/blogdofarnesio.com.br\/?p=381427","og_site_name":"Blog do Farn\u00e9sio","article_publisher":"https:\/\/www.facebook.com\/BlogQuerSaberPolitica\/","article_author":"https:\/\/www.facebook.com\/?ref=tn_tnmn","article_published_time":"2024-11-18T10:00:24+00:00","og_image":[{"width":600,"height":400,"url":"https:\/\/blogdofarnesio.com.br\/wp-content\/uploads\/2024\/11\/Festival-vencedores-Fest-Geraldo-azevedo-1-e1731879493975.jpeg","type":"image\/jpeg"}],"author":"Farn\u00e9sio","twitter_card":"summary_large_image","twitter_misc":{"Escrito por":"Farn\u00e9sio","Est. tempo de leitura":"3 minutos"},"schema":{"@context":"https:\/\/schema.org","@graph":[{"@type":"Article","@id":"https:\/\/blogdofarnesio.com.br\/?p=381427#article","isPartOf":{"@id":"https:\/\/blogdofarnesio.com.br\/?p=381427"},"author":{"name":"Farn\u00e9sio","@id":"https:\/\/blogdofarnesio.com.br\/#\/schema\/person\/bb9b23ae3ad0609ce8df7b6c9e76824d"},"headline":"A m\u00fasica \u2018Entre o amor e o destino\u2019 foi a grande vencedora do Festival Geraldo Azevedo 2024","datePublished":"2024-11-18T10:00:24+00:00","mainEntityOfPage":{"@id":"https:\/\/blogdofarnesio.com.br\/?p=381427"},"wordCount":411,"commentCount":0,"publisher":{"@id":"https:\/\/blogdofarnesio.com.br\/#organization"},"image":{"@id":"https:\/\/blogdofarnesio.com.br\/?p=381427#primaryimage"},"thumbnailUrl":"https:\/\/blogdofarnesio.com.br\/wp-content\/uploads\/2024\/11\/Festival-vencedores-Fest-Geraldo-azevedo-1-e1731879493975.jpeg","articleSection":["Concursos","Cultura"],"inLanguage":"pt-BR","potentialAction":[{"@type":"CommentAction","name":"Comment","target":["https:\/\/blogdofarnesio.com.br\/?p=381427#respond"]}]},{"@type":"WebPage","@id":"https:\/\/blogdofarnesio.com.br\/?p=381427","url":"https:\/\/blogdofarnesio.com.br\/?p=381427","name":"A m\u00fasica \u2018Entre o amor e o destino\u2019 foi a grande vencedora do Festival Geraldo Azevedo 2024 - Blog do Farn\u00e9sio","isPartOf":{"@id":"https:\/\/blogdofarnesio.com.br\/#website"},"primaryImageOfPage":{"@id":"https:\/\/blogdofarnesio.com.br\/?p=381427#primaryimage"},"image":{"@id":"https:\/\/blogdofarnesio.com.br\/?p=381427#primaryimage"},"thumbnailUrl":"https:\/\/blogdofarnesio.com.br\/wp-content\/uploads\/2024\/11\/Festival-vencedores-Fest-Geraldo-azevedo-1-e1731879493975.jpeg","datePublished":"2024-11-18T10:00:24+00:00","breadcrumb":{"@id":"https:\/\/blogdofarnesio.com.br\/?p=381427#breadcrumb"},"inLanguage":"pt-BR","potentialAction":[{"@type":"ReadAction","target":["https:\/\/blogdofarnesio.com.br\/?p=381427"]}]},{"@type":"ImageObject","inLanguage":"pt-BR","@id":"https:\/\/blogdofarnesio.com.br\/?p=381427#primaryimage","url":"https:\/\/blogdofarnesio.com.br\/wp-content\/uploads\/2024\/11\/Festival-vencedores-Fest-Geraldo-azevedo-1-e1731879493975.jpeg","contentUrl":"https:\/\/blogdofarnesio.com.br\/wp-content\/uploads\/2024\/11\/Festival-vencedores-Fest-Geraldo-azevedo-1-e1731879493975.jpeg","width":600,"height":400},{"@type":"BreadcrumbList","@id":"https:\/\/blogdofarnesio.com.br\/?p=381427#breadcrumb","itemListElement":[{"@type":"ListItem","position":1,"name":"In\u00edcio","item":"https:\/\/blogdofarnesio.com.br\/"},{"@type":"ListItem","position":2,"name":"A m\u00fasica \u2018Entre o amor e o destino\u2019 foi a grande vencedora do Festival Geraldo Azevedo 2024"}]},{"@type":"WebSite","@id":"https:\/\/blogdofarnesio.com.br\/#website","url":"https:\/\/blogdofarnesio.com.br\/","name":"Blog do Farn\u00e9sio","description":"Quer Saber Pol\u00edtica?","publisher":{"@id":"https:\/\/blogdofarnesio.com.br\/#organization"},"potentialAction":[{"@type":"SearchAction","target":{"@type":"EntryPoint","urlTemplate":"https:\/\/blogdofarnesio.com.br\/?s={search_term_string}"},"query-input":{"@type":"PropertyValueSpecification","valueRequired":true,"valueName":"search_term_string"}}],"inLanguage":"pt-BR"},{"@type":"Organization","@id":"https:\/\/blogdofarnesio.com.br\/#organization","name":"Blog do Farn\u00e9sio","url":"https:\/\/blogdofarnesio.com.br\/","logo":{"@type":"ImageObject","inLanguage":"pt-BR","@id":"https:\/\/blogdofarnesio.com.br\/#\/schema\/logo\/image\/","url":"https:\/\/blogdofarnesio.com.br\/wp-content\/uploads\/2026\/03\/cropped-logo_new-1.png","contentUrl":"https:\/\/blogdofarnesio.com.br\/wp-content\/uploads\/2026\/03\/cropped-logo_new-1.png","width":881,"height":685,"caption":"Blog do Farn\u00e9sio"},"image":{"@id":"https:\/\/blogdofarnesio.com.br\/#\/schema\/logo\/image\/"},"sameAs":["https:\/\/www.facebook.com\/BlogQuerSaberPolitica\/"]},{"@type":"Person","@id":"https:\/\/blogdofarnesio.com.br\/#\/schema\/person\/bb9b23ae3ad0609ce8df7b6c9e76824d","name":"Farn\u00e9sio","image":{"@type":"ImageObject","inLanguage":"pt-BR","@id":"https:\/\/secure.gravatar.com\/avatar\/986aa4c61ccdb66f8555bf88fc2a65609d00bcabd4d2d94377a727547345cbca?s=96&d=mm&r=g","url":"https:\/\/secure.gravatar.com\/avatar\/986aa4c61ccdb66f8555bf88fc2a65609d00bcabd4d2d94377a727547345cbca?s=96&d=mm&r=g","contentUrl":"https:\/\/secure.gravatar.com\/avatar\/986aa4c61ccdb66f8555bf88fc2a65609d00bcabd4d2d94377a727547345cbca?s=96&d=mm&r=g","caption":"Farn\u00e9sio"},"description":"Radialista blogueiro, chegou a Petrolina\/Juazeiro em setembro de 1980, Farn\u00e9sio Silva \u00e9 de Arapiraca-Alagoas.","sameAs":["http:\/\/blogdofarnesio.com.br","https:\/\/www.facebook.com\/?ref=tn_tnmn","https:\/\/www.instagram.com\/?utm_source=pwa_homescreen","https:\/\/youtube.com.br\/"],"url":"https:\/\/blogdofarnesio.com.br\/?author=2"}]}},"_links":{"self":[{"href":"https:\/\/blogdofarnesio.com.br\/index.php?rest_route=\/wp\/v2\/posts\/381427","targetHints":{"allow":["GET"]}}],"collection":[{"href":"https:\/\/blogdofarnesio.com.br\/index.php?rest_route=\/wp\/v2\/posts"}],"about":[{"href":"https:\/\/blogdofarnesio.com.br\/index.php?rest_route=\/wp\/v2\/types\/post"}],"author":[{"embeddable":true,"href":"https:\/\/blogdofarnesio.com.br\/index.php?rest_route=\/wp\/v2\/users\/2"}],"replies":[{"embeddable":true,"href":"https:\/\/blogdofarnesio.com.br\/index.php?rest_route=%2Fwp%2Fv2%2Fcomments&post=381427"}],"version-history":[{"count":0,"href":"https:\/\/blogdofarnesio.com.br\/index.php?rest_route=\/wp\/v2\/posts\/381427\/revisions"}],"wp:featuredmedia":[{"embeddable":true,"href":"https:\/\/blogdofarnesio.com.br\/index.php?rest_route=\/wp\/v2\/media\/381429"}],"wp:attachment":[{"href":"https:\/\/blogdofarnesio.com.br\/index.php?rest_route=%2Fwp%2Fv2%2Fmedia&parent=381427"}],"wp:term":[{"taxonomy":"category","embeddable":true,"href":"https:\/\/blogdofarnesio.com.br\/index.php?rest_route=%2Fwp%2Fv2%2Fcategories&post=381427"},{"taxonomy":"post_tag","embeddable":true,"href":"https:\/\/blogdofarnesio.com.br\/index.php?rest_route=%2Fwp%2Fv2%2Ftags&post=381427"}],"curies":[{"name":"wp","href":"https:\/\/api.w.org\/{rel}","templated":true}]}}