{"id":381367,"date":"2024-11-18T09:43:31","date_gmt":"2024-11-18T12:43:31","guid":{"rendered":"https:\/\/blogdofarnesio.com.br\/?p=381367"},"modified":"2024-11-17T18:46:52","modified_gmt":"2024-11-17T21:46:52","slug":"escola-de-tempo-integral-em-petrolina-ganha-nova-brinquedoteca-e-amplia-espaco-para-aprendizado-ludico","status":"publish","type":"post","link":"https:\/\/blogdofarnesio.com.br\/?p=381367","title":{"rendered":"Escola de Tempo Integral em Petrolina ganha nova brinquedoteca e amplia espa\u00e7o para aprendizado l\u00fadico"},"content":{"rendered":"<div><\/div>\n<div><i>Nova estrutura visa estimular a criatividade e o desenvolvimento integral das crian\u00e7as, fortalecendo o ensino atrav\u00e9s do brincar<\/i><\/div>\n<div><i>\u00a0<\/i><\/div>\n<div>Com recursos provenientes do Fundo para o Desenvolvimento e Autonomia Financeira das Escolas (FUNDAFE), a Escola Municipal de Tempo Integral S\u00e3o Domingos S\u00e1vio, situada no bairro Gercino Coelho, promoveu uma ampla reforma na brinquedoteca. O espa\u00e7o foi totalmente revitalizado, tornando-se ainda mais moderno e funcional, e agora se configura como um ambiente essencial para o desenvolvimento l\u00fadico e pedag\u00f3gico dos alunos, estimulando a criatividade e o aprendizado de forma divertida e interativa.<\/div>\n<div><\/div>\n<div><img loading=\"lazy\" decoding=\"async\" class=\"alignright size-medium wp-image-381368\" src=\"https:\/\/blogdofarnesio.com.br\/wp-content\/uploads\/2024\/11\/blogqsppet-Escola-de-Tempo-Integral-Sao-Domingos-Savio-brinquedoteca-1-e1731697218589-287x300.jpeg\" alt=\"\" width=\"287\" height=\"300\" \/>A brinquedoteca \u00e9 um local destinado a atividades recreativas e educativas, onde as crian\u00e7as podem desenvolver habilidades cognitivas, motoras e sociais, enquanto se divertem. Com o novo espa\u00e7o, a escola espera criar um ambiente ainda mais atrativo e seguro, capaz de integrar melhor as atividades l\u00fadicas \u00e0s pr\u00e1ticas pedag\u00f3gicas que fazem parte do curr\u00edculo da escola de tempo integral.<\/div>\n<div><\/div>\n<div>Com a reforma, o espa\u00e7o passou a contar com novos brinquedos educativos, materiais de arte, jogos interativos, livros infantis, m\u00f3veis adaptados, palco para apresenta\u00e7\u00f5es e camarim com fantasias.<\/div>\n<div><\/div>\n<div>A reforma do espa\u00e7o tamb\u00e9m incluiu melhorias na ilumina\u00e7\u00e3o, ventila\u00e7\u00e3o e acessibilidade, garantindo um *ambiente mais moderno, confort\u00e1vel e seguro para os alunos.<\/div>\n<div><\/div>\n<div>Segundo a professora Ros\u00e2ngela Maria, o espa\u00e7o oferece uma oportunidade \u00fanica para que as crian\u00e7as possam aprender fora da sala de aula tradicional. &#8220;<i>O conceito de escola de tempo integral vai al\u00e9m de simplesmente ampliar o tempo de aula. Queremos que nossos alunos se desenvolvam de maneira plena, n\u00e3o apenas no conte\u00fado acad\u00eamico, mas tamb\u00e9m no aspecto emocional, social e criativo. A brinquedoteca \u00e9 um ponto de encontro de novas experi\u00eancias para nossas crian\u00e7as, estimulando a intera\u00e7\u00e3o e a constru\u00e7\u00e3o de novas aprendizagens de forma descontra\u00edda e envolvente<\/i>&#8220;, afirmou a professora.<\/div>\n<div><\/div>\n<div>Para os estudantes, a reforma foi uma grande conquista, proporcionando um ambiente mais adequado e estimulante para o desenvolvimento educacional. &#8220;<i>Eu achei o novo espa\u00e7o incr\u00edvel! Estou adorando brincar e aprender com novos brinquedos novos e mais op\u00e7\u00f5es de atividades<\/i>\u201d, comentou a estudante Maria Eug\u00eania.<\/div>\n<div><\/div>\n<div><\/div>\n<div><b>Sobre o FUNDAFE:<\/b><\/div>\n<div>O Fundo para o Desenvolvimento e Autonomia Financeira das Escolas (FUNDAFE) foi institu\u00eddo atrav\u00e9s da Lei Municipal n\u00b0 2102\/2008, que assegura anualmente recursos provenientes de receitas pr\u00f3prias do or\u00e7amento municipal, para garantir o bom funcionamento das escolas e Centros Municipais de Educa\u00e7\u00e3o Infantil (CMEIs).<\/div>\n<div><\/div>\n","protected":false},"excerpt":{"rendered":"<p>Nova estrutura visa estimular a criatividade e o desenvolvimento integral das crian\u00e7as, fortalecendo o ensino atrav\u00e9s do brincar \u00a0 Com recursos provenientes do Fundo para o Desenvolvimento e Autonomia Financeira das Escolas (FUNDAFE), a Escola Municipal de Tempo Integral S\u00e3o Domingos S\u00e1vio, situada no bairro Gercino Coelho, promoveu uma ampla reforma na brinquedoteca. O espa\u00e7o foi totalmente revitalizado, tornando-se ainda mais moderno e funcional, e agora se configura como um ambiente essencial para o desenvolvimento l\u00fadico e pedag\u00f3gico dos alunos, estimulando a criatividade e o aprendizado de forma divertida e interativa. A brinquedoteca \u00e9 um local destinado a atividades recreativas e educativas, onde as crian\u00e7as podem desenvolver habilidades cognitivas, motoras e sociais, enquanto se divertem. Com o novo espa\u00e7o, a&hellip; <\/p>\n","protected":false},"author":2,"featured_media":381369,"comment_status":"open","ping_status":"open","sticky":false,"template":"","format":"standard","meta":{"_acf_changed":false,"footnotes":""},"categories":[22,6],"tags":[],"class_list":["post-381367","post","type-post","status-publish","format-standard","has-post-thumbnail","hentry","category-acao-social","category-educacao"],"acf":[],"yoast_head":"<!-- This site is optimized with the Yoast SEO plugin v27.4 - https:\/\/yoast.com\/product\/yoast-seo-wordpress\/ -->\n<title>Escola de Tempo Integral em Petrolina ganha nova brinquedoteca e amplia espa\u00e7o para aprendizado l\u00fadico - Blog do Farn\u00e9sio<\/title>\n<meta name=\"robots\" content=\"index, follow, max-snippet:-1, max-image-preview:large, max-video-preview:-1\" \/>\n<link rel=\"canonical\" href=\"https:\/\/blogdofarnesio.com.br\/?p=381367\" \/>\n<meta property=\"og:locale\" content=\"pt_BR\" \/>\n<meta property=\"og:type\" content=\"article\" \/>\n<meta property=\"og:title\" content=\"Escola de Tempo Integral em Petrolina ganha nova brinquedoteca e amplia espa\u00e7o para aprendizado l\u00fadico - Blog do Farn\u00e9sio\" \/>\n<meta property=\"og:description\" content=\"Nova estrutura visa estimular a criatividade e o desenvolvimento integral das crian\u00e7as, fortalecendo o ensino atrav\u00e9s do brincar \u00a0 Com recursos provenientes do Fundo para o Desenvolvimento e Autonomia Financeira das Escolas (FUNDAFE), a Escola Municipal de Tempo Integral S\u00e3o Domingos S\u00e1vio, situada no bairro Gercino Coelho, promoveu uma ampla reforma na brinquedoteca. O espa\u00e7o foi totalmente revitalizado, tornando-se ainda mais moderno e funcional, e agora se configura como um ambiente essencial para o desenvolvimento l\u00fadico e pedag\u00f3gico dos alunos, estimulando a criatividade e o aprendizado de forma divertida e interativa. A brinquedoteca \u00e9 um local destinado a atividades recreativas e educativas, onde as crian\u00e7as podem desenvolver habilidades cognitivas, motoras e sociais, enquanto se divertem. Com o novo espa\u00e7o, a&hellip;\" \/>\n<meta property=\"og:url\" content=\"https:\/\/blogdofarnesio.com.br\/?p=381367\" \/>\n<meta property=\"og:site_name\" content=\"Blog do Farn\u00e9sio\" \/>\n<meta property=\"article:publisher\" content=\"https:\/\/www.facebook.com\/BlogQuerSaberPolitica\/\" \/>\n<meta property=\"article:author\" content=\"https:\/\/www.facebook.com\/?ref=tn_tnmn\" \/>\n<meta property=\"article:published_time\" content=\"2024-11-18T12:43:31+00:00\" \/>\n<meta property=\"og:image\" content=\"https:\/\/blogdofarnesio.com.br\/wp-content\/uploads\/2024\/11\/blogqsppet-Escola-de-Tempo-Integral-Sao-Domingos-Savio-brinquedoteca-2-e1731697158175.jpeg\" \/>\n\t<meta property=\"og:image:width\" content=\"580\" \/>\n\t<meta property=\"og:image:height\" content=\"373\" \/>\n\t<meta property=\"og:image:type\" content=\"image\/jpeg\" \/>\n<meta name=\"author\" content=\"Farn\u00e9sio\" \/>\n<meta name=\"twitter:card\" content=\"summary_large_image\" \/>\n<meta name=\"twitter:label1\" content=\"Escrito por\" \/>\n\t<meta name=\"twitter:data1\" content=\"Farn\u00e9sio\" \/>\n\t<meta name=\"twitter:label2\" content=\"Est. tempo de leitura\" \/>\n\t<meta name=\"twitter:data2\" content=\"3 minutos\" \/>\n<script type=\"application\/ld+json\" class=\"yoast-schema-graph\">{\"@context\":\"https:\\\/\\\/schema.org\",\"@graph\":[{\"@type\":\"Article\",\"@id\":\"https:\\\/\\\/blogdofarnesio.com.br\\\/?p=381367#article\",\"isPartOf\":{\"@id\":\"https:\\\/\\\/blogdofarnesio.com.br\\\/?p=381367\"},\"author\":{\"name\":\"Farn\u00e9sio\",\"@id\":\"https:\\\/\\\/blogdofarnesio.com.br\\\/#\\\/schema\\\/person\\\/bb9b23ae3ad0609ce8df7b6c9e76824d\"},\"headline\":\"Escola de Tempo Integral em Petrolina ganha nova brinquedoteca e amplia espa\u00e7o para aprendizado l\u00fadico\",\"datePublished\":\"2024-11-18T12:43:31+00:00\",\"mainEntityOfPage\":{\"@id\":\"https:\\\/\\\/blogdofarnesio.com.br\\\/?p=381367\"},\"wordCount\":440,\"commentCount\":0,\"publisher\":{\"@id\":\"https:\\\/\\\/blogdofarnesio.com.br\\\/#organization\"},\"image\":{\"@id\":\"https:\\\/\\\/blogdofarnesio.com.br\\\/?p=381367#primaryimage\"},\"thumbnailUrl\":\"https:\\\/\\\/blogdofarnesio.com.br\\\/wp-content\\\/uploads\\\/2024\\\/11\\\/blogqsppet-Escola-de-Tempo-Integral-Sao-Domingos-Savio-brinquedoteca-2-e1731697158175.jpeg\",\"articleSection\":[\"A\u00e7\u00e3o Social\",\"Educa\u00e7\u00e3o\"],\"inLanguage\":\"pt-BR\",\"potentialAction\":[{\"@type\":\"CommentAction\",\"name\":\"Comment\",\"target\":[\"https:\\\/\\\/blogdofarnesio.com.br\\\/?p=381367#respond\"]}]},{\"@type\":\"WebPage\",\"@id\":\"https:\\\/\\\/blogdofarnesio.com.br\\\/?p=381367\",\"url\":\"https:\\\/\\\/blogdofarnesio.com.br\\\/?p=381367\",\"name\":\"Escola de Tempo Integral em Petrolina ganha nova brinquedoteca e amplia espa\u00e7o para aprendizado l\u00fadico - Blog do Farn\u00e9sio\",\"isPartOf\":{\"@id\":\"https:\\\/\\\/blogdofarnesio.com.br\\\/#website\"},\"primaryImageOfPage\":{\"@id\":\"https:\\\/\\\/blogdofarnesio.com.br\\\/?p=381367#primaryimage\"},\"image\":{\"@id\":\"https:\\\/\\\/blogdofarnesio.com.br\\\/?p=381367#primaryimage\"},\"thumbnailUrl\":\"https:\\\/\\\/blogdofarnesio.com.br\\\/wp-content\\\/uploads\\\/2024\\\/11\\\/blogqsppet-Escola-de-Tempo-Integral-Sao-Domingos-Savio-brinquedoteca-2-e1731697158175.jpeg\",\"datePublished\":\"2024-11-18T12:43:31+00:00\",\"breadcrumb\":{\"@id\":\"https:\\\/\\\/blogdofarnesio.com.br\\\/?p=381367#breadcrumb\"},\"inLanguage\":\"pt-BR\",\"potentialAction\":[{\"@type\":\"ReadAction\",\"target\":[\"https:\\\/\\\/blogdofarnesio.com.br\\\/?p=381367\"]}]},{\"@type\":\"ImageObject\",\"inLanguage\":\"pt-BR\",\"@id\":\"https:\\\/\\\/blogdofarnesio.com.br\\\/?p=381367#primaryimage\",\"url\":\"https:\\\/\\\/blogdofarnesio.com.br\\\/wp-content\\\/uploads\\\/2024\\\/11\\\/blogqsppet-Escola-de-Tempo-Integral-Sao-Domingos-Savio-brinquedoteca-2-e1731697158175.jpeg\",\"contentUrl\":\"https:\\\/\\\/blogdofarnesio.com.br\\\/wp-content\\\/uploads\\\/2024\\\/11\\\/blogqsppet-Escola-de-Tempo-Integral-Sao-Domingos-Savio-brinquedoteca-2-e1731697158175.jpeg\",\"width\":580,\"height\":373},{\"@type\":\"BreadcrumbList\",\"@id\":\"https:\\\/\\\/blogdofarnesio.com.br\\\/?p=381367#breadcrumb\",\"itemListElement\":[{\"@type\":\"ListItem\",\"position\":1,\"name\":\"In\u00edcio\",\"item\":\"https:\\\/\\\/blogdofarnesio.com.br\\\/\"},{\"@type\":\"ListItem\",\"position\":2,\"name\":\"Escola de Tempo Integral em Petrolina ganha nova brinquedoteca e amplia espa\u00e7o para aprendizado l\u00fadico\"}]},{\"@type\":\"WebSite\",\"@id\":\"https:\\\/\\\/blogdofarnesio.com.br\\\/#website\",\"url\":\"https:\\\/\\\/blogdofarnesio.com.br\\\/\",\"name\":\"Blog do Farn\u00e9sio\",\"description\":\"Quer Saber Pol\u00edtica?\",\"publisher\":{\"@id\":\"https:\\\/\\\/blogdofarnesio.com.br\\\/#organization\"},\"potentialAction\":[{\"@type\":\"SearchAction\",\"target\":{\"@type\":\"EntryPoint\",\"urlTemplate\":\"https:\\\/\\\/blogdofarnesio.com.br\\\/?s={search_term_string}\"},\"query-input\":{\"@type\":\"PropertyValueSpecification\",\"valueRequired\":true,\"valueName\":\"search_term_string\"}}],\"inLanguage\":\"pt-BR\"},{\"@type\":\"Organization\",\"@id\":\"https:\\\/\\\/blogdofarnesio.com.br\\\/#organization\",\"name\":\"Blog do Farn\u00e9sio\",\"url\":\"https:\\\/\\\/blogdofarnesio.com.br\\\/\",\"logo\":{\"@type\":\"ImageObject\",\"inLanguage\":\"pt-BR\",\"@id\":\"https:\\\/\\\/blogdofarnesio.com.br\\\/#\\\/schema\\\/logo\\\/image\\\/\",\"url\":\"https:\\\/\\\/blogdofarnesio.com.br\\\/wp-content\\\/uploads\\\/2026\\\/03\\\/cropped-logo_new-1.png\",\"contentUrl\":\"https:\\\/\\\/blogdofarnesio.com.br\\\/wp-content\\\/uploads\\\/2026\\\/03\\\/cropped-logo_new-1.png\",\"width\":881,\"height\":685,\"caption\":\"Blog do Farn\u00e9sio\"},\"image\":{\"@id\":\"https:\\\/\\\/blogdofarnesio.com.br\\\/#\\\/schema\\\/logo\\\/image\\\/\"},\"sameAs\":[\"https:\\\/\\\/www.facebook.com\\\/BlogQuerSaberPolitica\\\/\"]},{\"@type\":\"Person\",\"@id\":\"https:\\\/\\\/blogdofarnesio.com.br\\\/#\\\/schema\\\/person\\\/bb9b23ae3ad0609ce8df7b6c9e76824d\",\"name\":\"Farn\u00e9sio\",\"image\":{\"@type\":\"ImageObject\",\"inLanguage\":\"pt-BR\",\"@id\":\"https:\\\/\\\/secure.gravatar.com\\\/avatar\\\/986aa4c61ccdb66f8555bf88fc2a65609d00bcabd4d2d94377a727547345cbca?s=96&d=mm&r=g\",\"url\":\"https:\\\/\\\/secure.gravatar.com\\\/avatar\\\/986aa4c61ccdb66f8555bf88fc2a65609d00bcabd4d2d94377a727547345cbca?s=96&d=mm&r=g\",\"contentUrl\":\"https:\\\/\\\/secure.gravatar.com\\\/avatar\\\/986aa4c61ccdb66f8555bf88fc2a65609d00bcabd4d2d94377a727547345cbca?s=96&d=mm&r=g\",\"caption\":\"Farn\u00e9sio\"},\"description\":\"Radialista blogueiro, chegou a Petrolina\\\/Juazeiro em setembro de 1980, Farn\u00e9sio Silva \u00e9 de Arapiraca-Alagoas.\",\"sameAs\":[\"http:\\\/\\\/blogdofarnesio.com.br\",\"https:\\\/\\\/www.facebook.com\\\/?ref=tn_tnmn\",\"https:\\\/\\\/www.instagram.com\\\/?utm_source=pwa_homescreen\",\"https:\\\/\\\/youtube.com.br\\\/\"],\"url\":\"https:\\\/\\\/blogdofarnesio.com.br\\\/?author=2\"}]}<\/script>\n<!-- \/ Yoast SEO plugin. -->","yoast_head_json":{"title":"Escola de Tempo Integral em Petrolina ganha nova brinquedoteca e amplia espa\u00e7o para aprendizado l\u00fadico - Blog do Farn\u00e9sio","robots":{"index":"index","follow":"follow","max-snippet":"max-snippet:-1","max-image-preview":"max-image-preview:large","max-video-preview":"max-video-preview:-1"},"canonical":"https:\/\/blogdofarnesio.com.br\/?p=381367","og_locale":"pt_BR","og_type":"article","og_title":"Escola de Tempo Integral em Petrolina ganha nova brinquedoteca e amplia espa\u00e7o para aprendizado l\u00fadico - Blog do Farn\u00e9sio","og_description":"Nova estrutura visa estimular a criatividade e o desenvolvimento integral das crian\u00e7as, fortalecendo o ensino atrav\u00e9s do brincar \u00a0 Com recursos provenientes do Fundo para o Desenvolvimento e Autonomia Financeira das Escolas (FUNDAFE), a Escola Municipal de Tempo Integral S\u00e3o Domingos S\u00e1vio, situada no bairro Gercino Coelho, promoveu uma ampla reforma na brinquedoteca. O espa\u00e7o foi totalmente revitalizado, tornando-se ainda mais moderno e funcional, e agora se configura como um ambiente essencial para o desenvolvimento l\u00fadico e pedag\u00f3gico dos alunos, estimulando a criatividade e o aprendizado de forma divertida e interativa. A brinquedoteca \u00e9 um local destinado a atividades recreativas e educativas, onde as crian\u00e7as podem desenvolver habilidades cognitivas, motoras e sociais, enquanto se divertem. Com o novo espa\u00e7o, a&hellip;","og_url":"https:\/\/blogdofarnesio.com.br\/?p=381367","og_site_name":"Blog do Farn\u00e9sio","article_publisher":"https:\/\/www.facebook.com\/BlogQuerSaberPolitica\/","article_author":"https:\/\/www.facebook.com\/?ref=tn_tnmn","article_published_time":"2024-11-18T12:43:31+00:00","og_image":[{"width":580,"height":373,"url":"https:\/\/blogdofarnesio.com.br\/wp-content\/uploads\/2024\/11\/blogqsppet-Escola-de-Tempo-Integral-Sao-Domingos-Savio-brinquedoteca-2-e1731697158175.jpeg","type":"image\/jpeg"}],"author":"Farn\u00e9sio","twitter_card":"summary_large_image","twitter_misc":{"Escrito por":"Farn\u00e9sio","Est. tempo de leitura":"3 minutos"},"schema":{"@context":"https:\/\/schema.org","@graph":[{"@type":"Article","@id":"https:\/\/blogdofarnesio.com.br\/?p=381367#article","isPartOf":{"@id":"https:\/\/blogdofarnesio.com.br\/?p=381367"},"author":{"name":"Farn\u00e9sio","@id":"https:\/\/blogdofarnesio.com.br\/#\/schema\/person\/bb9b23ae3ad0609ce8df7b6c9e76824d"},"headline":"Escola de Tempo Integral em Petrolina ganha nova brinquedoteca e amplia espa\u00e7o para aprendizado l\u00fadico","datePublished":"2024-11-18T12:43:31+00:00","mainEntityOfPage":{"@id":"https:\/\/blogdofarnesio.com.br\/?p=381367"},"wordCount":440,"commentCount":0,"publisher":{"@id":"https:\/\/blogdofarnesio.com.br\/#organization"},"image":{"@id":"https:\/\/blogdofarnesio.com.br\/?p=381367#primaryimage"},"thumbnailUrl":"https:\/\/blogdofarnesio.com.br\/wp-content\/uploads\/2024\/11\/blogqsppet-Escola-de-Tempo-Integral-Sao-Domingos-Savio-brinquedoteca-2-e1731697158175.jpeg","articleSection":["A\u00e7\u00e3o Social","Educa\u00e7\u00e3o"],"inLanguage":"pt-BR","potentialAction":[{"@type":"CommentAction","name":"Comment","target":["https:\/\/blogdofarnesio.com.br\/?p=381367#respond"]}]},{"@type":"WebPage","@id":"https:\/\/blogdofarnesio.com.br\/?p=381367","url":"https:\/\/blogdofarnesio.com.br\/?p=381367","name":"Escola de Tempo Integral em Petrolina ganha nova brinquedoteca e amplia espa\u00e7o para aprendizado l\u00fadico - Blog do Farn\u00e9sio","isPartOf":{"@id":"https:\/\/blogdofarnesio.com.br\/#website"},"primaryImageOfPage":{"@id":"https:\/\/blogdofarnesio.com.br\/?p=381367#primaryimage"},"image":{"@id":"https:\/\/blogdofarnesio.com.br\/?p=381367#primaryimage"},"thumbnailUrl":"https:\/\/blogdofarnesio.com.br\/wp-content\/uploads\/2024\/11\/blogqsppet-Escola-de-Tempo-Integral-Sao-Domingos-Savio-brinquedoteca-2-e1731697158175.jpeg","datePublished":"2024-11-18T12:43:31+00:00","breadcrumb":{"@id":"https:\/\/blogdofarnesio.com.br\/?p=381367#breadcrumb"},"inLanguage":"pt-BR","potentialAction":[{"@type":"ReadAction","target":["https:\/\/blogdofarnesio.com.br\/?p=381367"]}]},{"@type":"ImageObject","inLanguage":"pt-BR","@id":"https:\/\/blogdofarnesio.com.br\/?p=381367#primaryimage","url":"https:\/\/blogdofarnesio.com.br\/wp-content\/uploads\/2024\/11\/blogqsppet-Escola-de-Tempo-Integral-Sao-Domingos-Savio-brinquedoteca-2-e1731697158175.jpeg","contentUrl":"https:\/\/blogdofarnesio.com.br\/wp-content\/uploads\/2024\/11\/blogqsppet-Escola-de-Tempo-Integral-Sao-Domingos-Savio-brinquedoteca-2-e1731697158175.jpeg","width":580,"height":373},{"@type":"BreadcrumbList","@id":"https:\/\/blogdofarnesio.com.br\/?p=381367#breadcrumb","itemListElement":[{"@type":"ListItem","position":1,"name":"In\u00edcio","item":"https:\/\/blogdofarnesio.com.br\/"},{"@type":"ListItem","position":2,"name":"Escola de Tempo Integral em Petrolina ganha nova brinquedoteca e amplia espa\u00e7o para aprendizado l\u00fadico"}]},{"@type":"WebSite","@id":"https:\/\/blogdofarnesio.com.br\/#website","url":"https:\/\/blogdofarnesio.com.br\/","name":"Blog do Farn\u00e9sio","description":"Quer Saber Pol\u00edtica?","publisher":{"@id":"https:\/\/blogdofarnesio.com.br\/#organization"},"potentialAction":[{"@type":"SearchAction","target":{"@type":"EntryPoint","urlTemplate":"https:\/\/blogdofarnesio.com.br\/?s={search_term_string}"},"query-input":{"@type":"PropertyValueSpecification","valueRequired":true,"valueName":"search_term_string"}}],"inLanguage":"pt-BR"},{"@type":"Organization","@id":"https:\/\/blogdofarnesio.com.br\/#organization","name":"Blog do Farn\u00e9sio","url":"https:\/\/blogdofarnesio.com.br\/","logo":{"@type":"ImageObject","inLanguage":"pt-BR","@id":"https:\/\/blogdofarnesio.com.br\/#\/schema\/logo\/image\/","url":"https:\/\/blogdofarnesio.com.br\/wp-content\/uploads\/2026\/03\/cropped-logo_new-1.png","contentUrl":"https:\/\/blogdofarnesio.com.br\/wp-content\/uploads\/2026\/03\/cropped-logo_new-1.png","width":881,"height":685,"caption":"Blog do Farn\u00e9sio"},"image":{"@id":"https:\/\/blogdofarnesio.com.br\/#\/schema\/logo\/image\/"},"sameAs":["https:\/\/www.facebook.com\/BlogQuerSaberPolitica\/"]},{"@type":"Person","@id":"https:\/\/blogdofarnesio.com.br\/#\/schema\/person\/bb9b23ae3ad0609ce8df7b6c9e76824d","name":"Farn\u00e9sio","image":{"@type":"ImageObject","inLanguage":"pt-BR","@id":"https:\/\/secure.gravatar.com\/avatar\/986aa4c61ccdb66f8555bf88fc2a65609d00bcabd4d2d94377a727547345cbca?s=96&d=mm&r=g","url":"https:\/\/secure.gravatar.com\/avatar\/986aa4c61ccdb66f8555bf88fc2a65609d00bcabd4d2d94377a727547345cbca?s=96&d=mm&r=g","contentUrl":"https:\/\/secure.gravatar.com\/avatar\/986aa4c61ccdb66f8555bf88fc2a65609d00bcabd4d2d94377a727547345cbca?s=96&d=mm&r=g","caption":"Farn\u00e9sio"},"description":"Radialista blogueiro, chegou a Petrolina\/Juazeiro em setembro de 1980, Farn\u00e9sio Silva \u00e9 de Arapiraca-Alagoas.","sameAs":["http:\/\/blogdofarnesio.com.br","https:\/\/www.facebook.com\/?ref=tn_tnmn","https:\/\/www.instagram.com\/?utm_source=pwa_homescreen","https:\/\/youtube.com.br\/"],"url":"https:\/\/blogdofarnesio.com.br\/?author=2"}]}},"_links":{"self":[{"href":"https:\/\/blogdofarnesio.com.br\/index.php?rest_route=\/wp\/v2\/posts\/381367","targetHints":{"allow":["GET"]}}],"collection":[{"href":"https:\/\/blogdofarnesio.com.br\/index.php?rest_route=\/wp\/v2\/posts"}],"about":[{"href":"https:\/\/blogdofarnesio.com.br\/index.php?rest_route=\/wp\/v2\/types\/post"}],"author":[{"embeddable":true,"href":"https:\/\/blogdofarnesio.com.br\/index.php?rest_route=\/wp\/v2\/users\/2"}],"replies":[{"embeddable":true,"href":"https:\/\/blogdofarnesio.com.br\/index.php?rest_route=%2Fwp%2Fv2%2Fcomments&post=381367"}],"version-history":[{"count":0,"href":"https:\/\/blogdofarnesio.com.br\/index.php?rest_route=\/wp\/v2\/posts\/381367\/revisions"}],"wp:featuredmedia":[{"embeddable":true,"href":"https:\/\/blogdofarnesio.com.br\/index.php?rest_route=\/wp\/v2\/media\/381369"}],"wp:attachment":[{"href":"https:\/\/blogdofarnesio.com.br\/index.php?rest_route=%2Fwp%2Fv2%2Fmedia&parent=381367"}],"wp:term":[{"taxonomy":"category","embeddable":true,"href":"https:\/\/blogdofarnesio.com.br\/index.php?rest_route=%2Fwp%2Fv2%2Fcategories&post=381367"},{"taxonomy":"post_tag","embeddable":true,"href":"https:\/\/blogdofarnesio.com.br\/index.php?rest_route=%2Fwp%2Fv2%2Ftags&post=381367"}],"curies":[{"name":"wp","href":"https:\/\/api.w.org\/{rel}","templated":true}]}}