{"id":381248,"date":"2024-11-14T08:53:41","date_gmt":"2024-11-14T11:53:41","guid":{"rendered":"https:\/\/blogdofarnesio.com.br\/?p=381248"},"modified":"2024-11-14T08:53:41","modified_gmt":"2024-11-14T11:53:41","slug":"fique-sabendo-de-tudo-sobre-o-atentado-a-bomba-na-praca-dos-tres-poders","status":"publish","type":"post","link":"https:\/\/blogdofarnesio.com.br\/?p=381248","title":{"rendered":"FIQUE SABENDO DE TUDO SOBRE O ATENTADO A BOMBA NA PRA\u00c7A DOS TR\u00caS PODERS"},"content":{"rendered":"<div class=\"viewsHeader \" role=\"heading\" data-test-id=\"views-title\">\n<h1 class=\"viewsHeaderText\"><em>Homem morreu ap\u00f3s explodir bomba em frente ao STF; Pra\u00e7a dos 3 Poderes est\u00e1 isolada e PF investiga<\/em><\/h1>\n<\/div>\n<p data-t=\"{&quot;n&quot;:&quot;blueLinks&quot;}\">ESTAD\u00c3O &#8211; Uma sequ\u00eancia de explos\u00f5es na Pra\u00e7a dos Tr\u00eas Poderes fez o local ser isolado pela Pol\u00edcia Militar. O corpo de um homem foi encontrado no local ap\u00f3s os estrondos. Segundo o Corpo de Bombeiros do Distrito Federal, esse homem morreu em \u00e1rea pr\u00f3xima ao pr\u00e9dio do Supremo Tribunal Federal (STF). A Pol\u00edcia Federal foi acionada e enviou agentes para o local, enquanto ministros da Corte foram retirados \u00e0s pressas da sede do tribunal.<\/p>\n<p class=\"continue-read-break\" data-t=\"{&quot;n&quot;:&quot;blueLinks&quot;}\"><a href=\"https:\/\/www.estadao.com.br\/politica\/dono-de-carro-que-explodiu-em-brasilia-anunciou-atentado-na-internet-saiba-quem-e\/\" target=\"_blank\" rel=\"noopener\" data-t=\"{&quot;n&quot;:&quot;destination&quot;,&quot;t&quot;:13,&quot;b&quot;:1,&quot;c.t&quot;:7}\">O homem encontrado morto \u00e9 Francisco Wanderley Luiz<\/a>. De acordo com o governo do Distrito Federal, ele tentou acessar o STF com explosivos e, momentos antes, entrou na C\u00e2mara dos Deputados, acessando o Anexo 4 e um banheiro da Casa. Cerca de uma hora antes da explos\u00e3o, Luiz publicou em suas redes sociais cr\u00edticas ao STF, ao presidente Luiz In\u00e1cio Lula da Silva e aos presidentes da C\u00e2mara e do Senado.<\/p>\n<p data-t=\"{&quot;n&quot;:&quot;blueLinks&quot;}\">Luiz frequentemente compartilhava em suas redes teorias conspirat\u00f3rias anticomunistas. Em 2020, foi candidato a vereador em Rio do Sul (SC) pelo PL, que atualmente \u00e9 o partido do ex-presidente Jair Bolsonaro.<\/p>\n<div class=\"mm_conteudo blog-multimidia foto\">\n<div class=\"article-image-slot image-slot-placeholder\" data-doc-id=\"cms\/api\/amp\/image\/AA1u2B3R\">\n<div class=\"article-image-slot\">\n<div class=\"article-image-container\" data-t=\"{&quot;n&quot;:&quot;OpenModal&quot;,&quot;t&quot;:13,&quot;b&quot;:8,&quot;c.i&quot;:&quot;AA1u2hSx&quot;,&quot;c.l&quot;:false,&quot;c.t&quot;:13,&quot;c.v&quot;:&quot;news&quot;,&quot;c.c&quot;:&quot;newsbrazil&quot;,&quot;c.b&quot;:&quot;Estad\u00e3o&quot;,&quot;c.bi&quot;:&quot;BB6s5Un&quot;,&quot;c.tv&quot;:&quot;public-safety-and-emergencies&quot;,&quot;c.tc&quot;:&quot;health-and-safety-alerts&quot;,&quot;c.hl&quot;:&quot;Homem morre ap\u00f3s explodir bomba em frente ao STF; Pra\u00e7a dos 3 Poderes \u00e9 isolada e PF investiga&quot;}\" data-test-id=\"AA1u2B3R\">\n<div><\/div>\n<p><button class=\"article-image-height-wrapper expandable article-image-height-wrapper-new\" data-customhandled=\"true\" data-t=\"{&quot;n&quot;:&quot;destination&quot;,&quot;b&quot;:1,&quot;c.i&quot;:&quot;AA1u2hSx&quot;,&quot;c.l&quot;:false,&quot;c.t&quot;:13,&quot;c.v&quot;:&quot;news&quot;,&quot;c.c&quot;:&quot;newsbrazil&quot;,&quot;c.b&quot;:&quot;Estad\u00e3o&quot;,&quot;c.bi&quot;:&quot;BB6s5Un&quot;,&quot;c.tv&quot;:&quot;public-safety-and-emergencies&quot;,&quot;c.tc&quot;:&quot;health-and-safety-alerts&quot;,&quot;c.hl&quot;:&quot;Homem morre ap\u00f3s explodir bomba em frente ao STF; Pra\u00e7a dos 3 Poderes \u00e9 isolada e PF investiga&quot;}\"><img decoding=\"async\" class=\"article-image article-image-ux-impr article-image-new expandable\" title=\"Explos\u00e3o em estacionamento da C\u00e2mara dos Deputados Foto: Reprodu\u00e7\u00e3o \/ Via X\" src=\"https:\/\/img-s-msn-com.akamaized.net\/tenant\/amp\/entityid\/AA1u2B3R.img?w=710&amp;h=982&amp;m=6\" alt=\"Explos\u00e3o em estacionamento da C\u00e2mara dos Deputados Foto: Reprodu\u00e7\u00e3o \/ Via X\" \/><\/button><\/p>\n<div class=\"image-caption-container image-caption-container-ux-impr articlewc-image-caption-container \"><span class=\"image-caption\">Explos\u00e3o em estacionamento da C\u00e2mara dos Deputados Foto: Reprodu\u00e7\u00e3o \/ Via X<\/span><\/div>\n<\/div>\n<\/div>\n<\/div>\n<\/div>\n<p class=\"\" data-t=\"{&quot;n&quot;:&quot;blueLinks&quot;}\">Segundo o\u00a0<b>Estad\u00e3o\u00a0<\/b>apurou,\u00a0<a href=\"https:\/\/www.estadao.com.br\/politica\/carro-que-explodiu-perto-do-stf-tinha-placas-de-sc-e-especie-de-bomba-amarrada-com-tijolos\/\" target=\"_blank\" rel=\"noopener\" data-t=\"{&quot;n&quot;:&quot;destination&quot;,&quot;t&quot;:13,&quot;b&quot;:1,&quot;c.t&quot;:7}\">Luiz tamb\u00e9m era propriet\u00e1rio do carro encontrado pela Pol\u00edcia Militar na Pra\u00e7a dos Tr\u00eas Poderes, carregado de artefatos explosivos<\/a>. O sargento Santos, da PM do Distrito Federal, informou \u00e0 reportagem que o ve\u00edculo foi parcialmente destru\u00eddo por um inc\u00eandio, que foi contido pelos seguran\u00e7as pr\u00f3ximos ao local. Segundo o relato do sargento, os policiais avistaram um homem saindo correndo do carro, mas presumiram que ele estava fugindo do fogo. Na verdade, tratava-se do homem que detonou a bomba.<\/p>\n<p data-t=\"{&quot;n&quot;:&quot;blueLinks&quot;}\">Depoimento de um seguran\u00e7a do Supremo relatou\u00a0<a href=\"https:\/\/www.estadao.com.br\/politica\/depoimento-de-testemunha-conta-como-homem-carregando-bombas-tentou-invadir-stf\/\" target=\"_blank\" rel=\"noopener\" data-t=\"{&quot;n&quot;:&quot;destination&quot;,&quot;t&quot;:13,&quot;b&quot;:1,&quot;c.t&quot;:7}\">como Francisco Wanderley Luiz tentou invadir a Corte carregando bombas e acabou por se matar na frente do pr\u00e9dio p\u00fablico.<\/a><\/p>\n<h3 class=\"article-sub-heading\">PM faz varreduras em busca de bombas<\/h3>\n<p data-t=\"{&quot;n&quot;:&quot;blueLinks&quot;}\">O barulho das explos\u00f5es p\u00f4de ser ouvido tanto do pr\u00e9dio do Supremo como do Pal\u00e1cio do Planalto. Na Sede do STF, os servidores foram levados por seguran\u00e7as para uma sala segura. Nas redes sociais tamb\u00e9m j\u00e1 circulam imagens de um carro explodindo no estacionamento da C\u00e2mara dos Deputados. Essa segunda explos\u00e3o ocorreu em regi\u00e3o que tamb\u00e9m fica pr\u00f3xima \u00e0 Pra\u00e7a dos Tr\u00eas Poderes. Policiais foram destacados para fazer varreduras em busca de mais bombas no local.<\/p>\n<div class=\"twitter-slot\">\n<div class=\"article-social-slot\">\n<div class=\"twitter-tweet twitter-tweet-rendered\"><iframe id=\"twitter-widget-0\" class=\"\" title=\"X Post\" src=\"https:\/\/platform.twitter.com\/embed\/Tweet.html?dnt=false&amp;embedId=twitter-widget-0&amp;features=eyJ0ZndfdGltZWxpbmVfbGlzdCI6eyJidWNrZXQiOltdLCJ2ZXJzaW9uIjpudWxsfSwidGZ3X2ZvbGxvd2VyX2NvdW50X3N1bnNldCI6eyJidWNrZXQiOnRydWUsInZlcnNpb24iOm51bGx9LCJ0ZndfdHdlZXRfZWRpdF9iYWNrZW5kIjp7ImJ1Y2tldCI6Im9uIiwidmVyc2lvbiI6bnVsbH0sInRmd19yZWZzcmNfc2Vzc2lvbiI6eyJidWNrZXQiOiJvbiIsInZlcnNpb24iOm51bGx9LCJ0ZndfZm9zbnJfc29mdF9pbnRlcnZlbnRpb25zX2VuYWJsZWQiOnsiYnVja2V0Ijoib24iLCJ2ZXJzaW9uIjpudWxsfSwidGZ3X21peGVkX21lZGlhXzE1ODk3Ijp7ImJ1Y2tldCI6InRyZWF0bWVudCIsInZlcnNpb24iOm51bGx9LCJ0ZndfZXhwZXJpbWVudHNfY29va2llX2V4cGlyYXRpb24iOnsiYnVja2V0IjoxMjA5NjAwLCJ2ZXJzaW9uIjpudWxsfSwidGZ3X3Nob3dfYmlyZHdhdGNoX3Bpdm90c19lbmFibGVkIjp7ImJ1Y2tldCI6Im9uIiwidmVyc2lvbiI6bnVsbH0sInRmd19kdXBsaWNhdGVfc2NyaWJlc190b19zZXR0aW5ncyI6eyJidWNrZXQiOiJvbiIsInZlcnNpb24iOm51bGx9LCJ0ZndfdXNlX3Byb2ZpbGVfaW1hZ2Vfc2hhcGVfZW5hYmxlZCI6eyJidWNrZXQiOiJvbiIsInZlcnNpb24iOm51bGx9LCJ0ZndfdmlkZW9faGxzX2R5bmFtaWNfbWFuaWZlc3RzXzE1MDgyIjp7ImJ1Y2tldCI6InRydWVfYml0cmF0ZSIsInZlcnNpb24iOm51bGx9LCJ0ZndfbGVnYWN5X3RpbWVsaW5lX3N1bnNldCI6eyJidWNrZXQiOnRydWUsInZlcnNpb24iOm51bGx9LCJ0ZndfdHdlZXRfZWRpdF9mcm9udGVuZCI6eyJidWNrZXQiOiJvbiIsInZlcnNpb24iOm51bGx9fQ%3D%3D&amp;frame=false&amp;hideCard=false&amp;hideThread=false&amp;id=1856839810603704496&amp;lang=pt&amp;origin=https%3A%2F%2Fwww.msn.com%2Fpt-br%2Fnoticias%2Fbrasil%2Fhomem-morre-ap%25C3%25B3s-explodir-bomba-em-frente-ao-stf-pra%25C3%25A7a-dos-3-poderes-%25C3%25A9-isolada-e-pf-investiga%2Far-AA1u2hSx%3Focid%3Dnl_article_link&amp;sessionId=426788df232d044f239289c10486595ebb99afe0&amp;theme=light&amp;widgetsVersion=2615f7e52b7e0%3A1702314776716&amp;width=550px\" frameborder=\"0\" scrolling=\"no\" allowfullscreen=\"allowfullscreen\" data-tweet-id=\"1856839810603704496\" data-mce-fragment=\"1\"><\/iframe><\/div>\n<\/div>\n<\/div>\n<p data-t=\"{&quot;n&quot;:&quot;blueLinks&quot;}\">A governadora em exerc\u00edcio do Distrito Federal, Celina Le\u00e3o,\u00a0<a href=\"https:\/\/www.estadao.com.br\/politica\/governo-do-df-anuncia-reforco-na-seguranca-do-planalto-e-predios-da-praca-apos-explosoes\/\" target=\"_blank\" rel=\"noopener\" data-t=\"{&quot;n&quot;:&quot;destination&quot;,&quot;t&quot;:13,&quot;b&quot;:1,&quot;c.t&quot;:7}\">anunciou que a Pra\u00e7a dos Tr\u00eas Poderes permanecer\u00e1 isolada at\u00e9 que se tenha garantia de seguran\u00e7a no local<\/a>. Celina est\u00e1 \u00e0 frente da gest\u00e3o da crise, uma vez que o governador Ibaneis Rocha se encontra em Roma, na It\u00e1lia, para uma visita ao Papa Francisco.<\/p>\n<p data-t=\"{&quot;n&quot;:&quot;blueLinks&quot;}\">At\u00e9 o in\u00edcio da madrugada desta quinta-feira, 14, corpo do homem permanecia na pra\u00e7a por ainda conter explosivos e n\u00e3o havia sido periciado. Um agente de seguran\u00e7a, vestido com traje antibombas estava avaliando o risco de novas explos\u00f5es. A pol\u00edcia trabalha com a hip\u00f3tese de que o detonador dos explosivos possa estar preso ao cinto do indiv\u00edduo. Al\u00e9m disso, h\u00e1 uma mochila pr\u00f3xima ao corpo, contendo itens que podem ser outros artefatos explosivos. Ainda n\u00e3o h\u00e1 uma vers\u00e3o oficial clara sobre as circunst\u00e2ncias da morte, se a bomba explodiu antes de o homem lan\u00e7ar ou se ele teria cometido suic\u00eddio.<\/p>\n<p data-t=\"{&quot;n&quot;:&quot;blueLinks&quot;}\">Em entrevista no Pal\u00e1cio do Buriti, Celina evitou confirmar a identidade do homem que morreu ap\u00f3s a explos\u00e3o em frente ao pr\u00e9dio do STF. Ela disse que uma das linhas de investiga\u00e7\u00e3o \u00e9 que ele seja o catarinense Francisco Wanderley Luiz, dono do carro que explodiu nas proximidades da C\u00e2mara minutos antes. Ap\u00f3s as explos\u00f5es, o acesso \u00e0 pra\u00e7a foi fechado e o policiamento refor\u00e7ado nos arredores do Pal\u00e1cio do Planalto, do Congresso e do Supremo.<\/p>\n<p data-t=\"{&quot;n&quot;:&quot;blueLinks&quot;}\">Equipes de varredura foram enviadas ao local. Agentes da Pol\u00edcia Federal tamb\u00e9m foi deslocados para as proximidades dos pr\u00e9dios do Congresso e do Supremo. Em nota, a Pol\u00edcia Civil do DF informou que policiais da 5\u00aa Delegacia de Pol\u00edcia est\u00e3o no local e confirmou pelo menos uma das explos\u00f5es em frente ao Supremo nesta quarta-feira, 13. \u201cA PCDF j\u00e1 deu in\u00edcio \u00e0s primeiras provid\u00eancias investigativas e a per\u00edcia foi acionada ao local\u201d, diz a nota.<\/p>\n<p data-t=\"{&quot;n&quot;:&quot;blueLinks&quot;}\">Segundo relatos de servidores do STF, ap\u00f3s ser ouvida a explos\u00e3o perto do pr\u00e9dio, seguran\u00e7as tamb\u00e9m teriam cuidado do isolamento do edif\u00edcio e assegurado que ministros da Corte fosse escoltados para outro local.<\/p>\n<div class=\"twitter-slot\">\n<div class=\"article-social-slot\">\n<div class=\"twitter-tweet twitter-tweet-rendered\"><iframe id=\"twitter-widget-1\" class=\"\" title=\"X Post\" src=\"https:\/\/platform.twitter.com\/embed\/Tweet.html?dnt=false&amp;embedId=twitter-widget-1&amp;features=eyJ0ZndfdGltZWxpbmVfbGlzdCI6eyJidWNrZXQiOltdLCJ2ZXJzaW9uIjpudWxsfSwidGZ3X2ZvbGxvd2VyX2NvdW50X3N1bnNldCI6eyJidWNrZXQiOnRydWUsInZlcnNpb24iOm51bGx9LCJ0ZndfdHdlZXRfZWRpdF9iYWNrZW5kIjp7ImJ1Y2tldCI6Im9uIiwidmVyc2lvbiI6bnVsbH0sInRmd19yZWZzcmNfc2Vzc2lvbiI6eyJidWNrZXQiOiJvbiIsInZlcnNpb24iOm51bGx9LCJ0ZndfZm9zbnJfc29mdF9pbnRlcnZlbnRpb25zX2VuYWJsZWQiOnsiYnVja2V0Ijoib24iLCJ2ZXJzaW9uIjpudWxsfSwidGZ3X21peGVkX21lZGlhXzE1ODk3Ijp7ImJ1Y2tldCI6InRyZWF0bWVudCIsInZlcnNpb24iOm51bGx9LCJ0ZndfZXhwZXJpbWVudHNfY29va2llX2V4cGlyYXRpb24iOnsiYnVja2V0IjoxMjA5NjAwLCJ2ZXJzaW9uIjpudWxsfSwidGZ3X3Nob3dfYmlyZHdhdGNoX3Bpdm90c19lbmFibGVkIjp7ImJ1Y2tldCI6Im9uIiwidmVyc2lvbiI6bnVsbH0sInRmd19kdXBsaWNhdGVfc2NyaWJlc190b19zZXR0aW5ncyI6eyJidWNrZXQiOiJvbiIsInZlcnNpb24iOm51bGx9LCJ0ZndfdXNlX3Byb2ZpbGVfaW1hZ2Vfc2hhcGVfZW5hYmxlZCI6eyJidWNrZXQiOiJvbiIsInZlcnNpb24iOm51bGx9LCJ0ZndfdmlkZW9faGxzX2R5bmFtaWNfbWFuaWZlc3RzXzE1MDgyIjp7ImJ1Y2tldCI6InRydWVfYml0cmF0ZSIsInZlcnNpb24iOm51bGx9LCJ0ZndfbGVnYWN5X3RpbWVsaW5lX3N1bnNldCI6eyJidWNrZXQiOnRydWUsInZlcnNpb24iOm51bGx9LCJ0ZndfdHdlZXRfZWRpdF9mcm9udGVuZCI6eyJidWNrZXQiOiJvbiIsInZlcnNpb24iOm51bGx9fQ%3D%3D&amp;frame=false&amp;hideCard=false&amp;hideThread=false&amp;id=1856836734744514877&amp;lang=pt&amp;origin=https%3A%2F%2Fwww.msn.com%2Fpt-br%2Fnoticias%2Fbrasil%2Fhomem-morre-ap%25C3%25B3s-explodir-bomba-em-frente-ao-stf-pra%25C3%25A7a-dos-3-poderes-%25C3%25A9-isolada-e-pf-investiga%2Far-AA1u2hSx%3Focid%3Dnl_article_link&amp;sessionId=426788df232d044f239289c10486595ebb99afe0&amp;theme=light&amp;widgetsVersion=2615f7e52b7e0%3A1702314776716&amp;width=550px\" frameborder=\"0\" scrolling=\"no\" allowfullscreen=\"allowfullscreen\" data-tweet-id=\"1856836734744514877\" data-mce-fragment=\"1\"><\/iframe><\/div>\n<\/div>\n<\/div>\n<p data-t=\"{&quot;n&quot;:&quot;blueLinks&quot;}\">Em nota, o STF tamb\u00e9m confirmou as explos\u00f5es. \u201cAo final da sess\u00e3o do STF desta quarta-feira (13), dois fortes estrondos foram ouvidos e os ministros foram retirados do pr\u00e9dio em seguran\u00e7a. Os servidores e colaboradores do edif\u00edcio-sede foram retirados por medida de cautela. Mais informa\u00e7\u00f5es sobre as investiga\u00e7\u00f5es devem aguardar o desenrolar dos fatos. A Seguran\u00e7a do STF colabora com as autoridades policiais do DF\u201d, diz a nota.<\/p>\n<p data-t=\"{&quot;n&quot;:&quot;blueLinks&quot;}\">A C\u00e2mara dos Deputados decidiu interromper a sess\u00e3o mais de uma hora ap\u00f3s o incidente na Pra\u00e7a dos Tr\u00eas Poderes. Os parlamentares discutiam a proposta de emenda \u00e0 Constitui\u00e7\u00e3o (PEC) que amplia a imunidade tribut\u00e1ria para igrejas. O deputado S\u00f3stenes Cavalcante (PL-RJ), que preside a sess\u00e3o, pediu aos colegas que permane\u00e7am no plen\u00e1rio at\u00e9 terem a informa\u00e7\u00e3o de que \u00e9 seguro sair do pr\u00e9dio.<\/p>\n<div class=\"twitter-slot\">\n<div class=\"article-social-slot\">\n<div class=\"twitter-tweet twitter-tweet-rendered\"><iframe id=\"twitter-widget-2\" class=\"\" title=\"X Post\" src=\"https:\/\/platform.twitter.com\/embed\/Tweet.html?dnt=false&amp;embedId=twitter-widget-2&amp;features=eyJ0ZndfdGltZWxpbmVfbGlzdCI6eyJidWNrZXQiOltdLCJ2ZXJzaW9uIjpudWxsfSwidGZ3X2ZvbGxvd2VyX2NvdW50X3N1bnNldCI6eyJidWNrZXQiOnRydWUsInZlcnNpb24iOm51bGx9LCJ0ZndfdHdlZXRfZWRpdF9iYWNrZW5kIjp7ImJ1Y2tldCI6Im9uIiwidmVyc2lvbiI6bnVsbH0sInRmd19yZWZzcmNfc2Vzc2lvbiI6eyJidWNrZXQiOiJvbiIsInZlcnNpb24iOm51bGx9LCJ0ZndfZm9zbnJfc29mdF9pbnRlcnZlbnRpb25zX2VuYWJsZWQiOnsiYnVja2V0Ijoib24iLCJ2ZXJzaW9uIjpudWxsfSwidGZ3X21peGVkX21lZGlhXzE1ODk3Ijp7ImJ1Y2tldCI6InRyZWF0bWVudCIsInZlcnNpb24iOm51bGx9LCJ0ZndfZXhwZXJpbWVudHNfY29va2llX2V4cGlyYXRpb24iOnsiYnVja2V0IjoxMjA5NjAwLCJ2ZXJzaW9uIjpudWxsfSwidGZ3X3Nob3dfYmlyZHdhdGNoX3Bpdm90c19lbmFibGVkIjp7ImJ1Y2tldCI6Im9uIiwidmVyc2lvbiI6bnVsbH0sInRmd19kdXBsaWNhdGVfc2NyaWJlc190b19zZXR0aW5ncyI6eyJidWNrZXQiOiJvbiIsInZlcnNpb24iOm51bGx9LCJ0ZndfdXNlX3Byb2ZpbGVfaW1hZ2Vfc2hhcGVfZW5hYmxlZCI6eyJidWNrZXQiOiJvbiIsInZlcnNpb24iOm51bGx9LCJ0ZndfdmlkZW9faGxzX2R5bmFtaWNfbWFuaWZlc3RzXzE1MDgyIjp7ImJ1Y2tldCI6InRydWVfYml0cmF0ZSIsInZlcnNpb24iOm51bGx9LCJ0ZndfbGVnYWN5X3RpbWVsaW5lX3N1bnNldCI6eyJidWNrZXQiOnRydWUsInZlcnNpb24iOm51bGx9LCJ0ZndfdHdlZXRfZWRpdF9mcm9udGVuZCI6eyJidWNrZXQiOiJvbiIsInZlcnNpb24iOm51bGx9fQ%3D%3D&amp;frame=false&amp;hideCard=false&amp;hideThread=false&amp;id=1856844941210567108&amp;lang=pt&amp;origin=https%3A%2F%2Fwww.msn.com%2Fpt-br%2Fnoticias%2Fbrasil%2Fhomem-morre-ap%25C3%25B3s-explodir-bomba-em-frente-ao-stf-pra%25C3%25A7a-dos-3-poderes-%25C3%25A9-isolada-e-pf-investiga%2Far-AA1u2hSx%3Focid%3Dnl_article_link&amp;sessionId=426788df232d044f239289c10486595ebb99afe0&amp;theme=light&amp;widgetsVersion=2615f7e52b7e0%3A1702314776716&amp;width=550px\" frameborder=\"0\" scrolling=\"no\" allowfullscreen=\"allowfullscreen\" data-tweet-id=\"1856844941210567108\" data-mce-fragment=\"1\"><\/iframe><\/div>\n<\/div>\n<\/div>\n<h3 class=\"article-sub-heading\">PF investiga explos\u00f5es e inqu\u00e9rito vai para Moraes<\/h3>\n<p data-t=\"{&quot;n&quot;:&quot;blueLinks&quot;}\"><a href=\"https:\/\/www.estadao.com.br\/politica\/pf-investiga-explosoes-e-inquerito-vai-para-moraes-planalto-suspeita-de-atentado-politico\/\" target=\"_blank\" rel=\"noopener\" data-t=\"{&quot;n&quot;:&quot;destination&quot;,&quot;t&quot;:13,&quot;b&quot;:1,&quot;c.t&quot;:7}\">A Pol\u00edcia Federal abriu inqu\u00e9rito para apurar as explos\u00f5es que ocorreram na Pra\u00e7a dos Tr\u00eas Poderes<\/a>, em frente ao Supremo Tribunal Federal, e nas proximidades da C\u00e2mara dos Deputados. H\u00e1 suspeitas de que o atentado tenha motiva\u00e7\u00e3o pol\u00edtica e, por isso, a PF enviar\u00e1 o inqu\u00e9rito ao ministro Alexandre de Moraes, do Supremo, relator dos atos golpistas de 8 de janeiro de 2023.<\/p>\n<p data-t=\"{&quot;n&quot;:&quot;blueLinks&quot;}\">O presidente Lula j\u00e1 havia sa\u00eddo do Planalto na hora das explos\u00f5es. Lula est\u00e1 no Pal\u00e1cio da Alvorada, reunido com o diretor-geral da Pol\u00edcia Federal, Andrei Rodrigues, e com os ministros do STF Alexandre de Moraes e Cristiano Zanin.<\/p>\n<p data-t=\"{&quot;n&quot;:&quot;blueLinks&quot;}\">Em nota, a PF informou que foram acionados os policiais do Comando de Opera\u00e7\u00f5es T\u00e1ticas (COT), do Grupo de Pronta-Interven\u00e7\u00e3o da Superintend\u00eancia Regional da corpora\u00e7\u00e3o no Distrito Federall, peritos e o Grupo Antibombas, \u201cque est\u00e3o conduzindo as a\u00e7\u00f5es iniciais de seguran\u00e7a e an\u00e1lise do local\u201d.<\/p>\n<h3 class=\"article-sub-heading\">Autor visitou o STF em agosto<\/h3>\n<p data-t=\"{&quot;n&quot;:&quot;blueLinks&quot;}\">Francisco Wanderley Luiz, conhecido como \u201cTio Fran\u00e7a\u201d, visitou a sede do Supremo meses antes do ataque desta quarta-feira e tirou uma selfie no plen\u00e1rio da Corte, comentando: \u201cDeixaram a raposa entrar no galinheiro\u201d. A visita ocorreu em 24 de agosto.<\/p>\n<p data-t=\"{&quot;n&quot;:&quot;blueLinks&quot;}\">Como mostrou o\u00a0<b>Estad\u00e3o<\/b>,\u00a0<a href=\"https:\/\/www.estadao.com.br\/politica\/dono-de-carro-que-explodiu-em-brasilia-anunciou-atentado-na-internet-saiba-quem-e\/\" target=\"_blank\" rel=\"noopener\" data-t=\"{&quot;n&quot;:&quot;destination&quot;,&quot;t&quot;:13,&quot;b&quot;:1,&quot;c.t&quot;:7}\">Luiz publicou um manifesto antes do atentado nos arredores do STF e do Congresso Nacional, contendo ataques ao Supremo, ao presidente Lula e aos presidentes da C\u00e2mara, Arthur Lira (PP-AL), e do Senado, Rodrigo Pacheco (PSD-MG)<\/a>. Em seu perfil no Facebook, Luiz compartilhava teorias conspirat\u00f3rias anticomunistas, como o QAnon, populares na extrema-direita americana.<\/p>\n<p data-t=\"{&quot;n&quot;:&quot;blueLinks&quot;}\">O deputado\u00a0<a href=\"https:\/\/www.estadao.com.br\/tudo-sobre\/sostenes-cavalcante\/?srsltid=AfmBOore4VC8bYfD0TUxnqwYss-rwRP78KNOSVVv25Zxg-qgVvI6cecq\" target=\"_blank\" rel=\"noopener\" data-t=\"{&quot;n&quot;:&quot;destination&quot;,&quot;t&quot;:13,&quot;b&quot;:1,&quot;c.t&quot;:7}\"><b>S\u00f3stenes Cavalcante<\/b><\/a>\u00a0(PL-RJ), que presidiu a sess\u00e3o do plen\u00e1rio da C\u00e2mara nesta quarta-feira, 13, afirmou que um drone caiu nas proximidades da Casa em meio\u00a0<a href=\"https:\/\/www.estadao.com.br\/politica\/praca-dos-tres-poderes-em-brasilia-e-isolada-apos-explosao-corpo-de-um-homem-esta-no-local\/\" target=\"_blank\" rel=\"noopener\" data-t=\"{&quot;n&quot;:&quot;destination&quot;,&quot;t&quot;:13,&quot;b&quot;:1,&quot;c.t&quot;:7}\">a explos\u00f5es que ocorreram na Pra\u00e7a dos Tr\u00eas Poderes<\/a>. Segundo ele,\u00a0<a href=\"https:\/\/www.estadao.com.br\/politica\/drone-caiu-perto-da-camara-e-ha-suspeita-de-que-homem-que-morreu-esteve-no-congresso-diz-deputado\/\" target=\"_blank\" rel=\"noopener\" data-t=\"{&quot;n&quot;:&quot;destination&quot;,&quot;t&quot;:13,&quot;b&quot;:1,&quot;c.t&quot;:7}\">h\u00e1 suspeita de que o indiv\u00edduo tenha circulado pelas depend\u00eancias do Congresso<\/a>, mas essa informa\u00e7\u00e3o ainda n\u00e3o foi confirmada pelo Departamento de Pol\u00edcia Legislativa (Depol).<\/p>\n<p data-t=\"{&quot;n&quot;:&quot;blueLinks&quot;}\">\u201cEles\u00a0<i>(integrantes da seguran\u00e7a da C\u00e2mara)<\/i>\u00a0est\u00e3o buscando essa informa\u00e7\u00e3o, est\u00e3o procurando saber se essa suspeita \u00e9 ou n\u00e3o real. Eles est\u00e3o checando as entradas das pessoas, imagens\u201d, disse S\u00f3stenes. \u201cEles est\u00e3o para confirmar ou n\u00e3o essa informa\u00e7\u00e3o.\u201d<\/p>\n<p data-t=\"{&quot;n&quot;:&quot;blueLinks&quot;}\"><span class=\"viewsAuthors\" title=\"Vin\u00edcius Valfr\u00e9, Weslley Galzo, Levy Teles, Guilherme Caetano, Andr\u00e9 Shalders, Vera Rosa, Samanta Nogueira e Zeca Ferreira\">Hist\u00f3ria de <em>Vin\u00edcius Valfr\u00e9, Weslley Galzo, Levy Teles, Guilherme Caetano, Andr\u00e9 Shalders, Vera Rosa, Samanta Nogueira e Zeca Ferreira<\/em><\/span><\/p>\n","protected":false},"excerpt":{"rendered":"<p>Homem morreu ap\u00f3s explodir bomba em frente ao STF; Pra\u00e7a dos 3 Poderes est\u00e1 isolada e PF investiga ESTAD\u00c3O &#8211; Uma sequ\u00eancia de explos\u00f5es na Pra\u00e7a dos Tr\u00eas Poderes fez o local ser isolado pela Pol\u00edcia Militar. O corpo de um homem foi encontrado no local ap\u00f3s os estrondos. Segundo o Corpo de Bombeiros do Distrito Federal, esse homem morreu em \u00e1rea pr\u00f3xima ao pr\u00e9dio do Supremo Tribunal Federal (STF). A Pol\u00edcia Federal foi acionada e enviou agentes para o local, enquanto ministros da Corte foram retirados \u00e0s pressas da sede do tribunal. O homem encontrado morto \u00e9 Francisco Wanderley Luiz. De acordo com o governo do Distrito Federal, ele tentou acessar o STF com explosivos e, momentos antes, entrou&hellip; <\/p>\n","protected":false},"author":2,"featured_media":381249,"comment_status":"open","ping_status":"open","sticky":false,"template":"","format":"standard","meta":{"_acf_changed":false,"footnotes":""},"categories":[9,5],"tags":[],"class_list":["post-381248","post","type-post","status-publish","format-standard","has-post-thumbnail","hentry","category-policia","category-seguranca"],"acf":[],"yoast_head":"<!-- This site is optimized with the Yoast SEO plugin v27.4 - https:\/\/yoast.com\/product\/yoast-seo-wordpress\/ -->\n<title>FIQUE SABENDO DE TUDO SOBRE O ATENTADO A BOMBA NA PRA\u00c7A DOS TR\u00caS PODERS - Blog do Farn\u00e9sio<\/title>\n<meta name=\"robots\" content=\"index, follow, max-snippet:-1, max-image-preview:large, max-video-preview:-1\" \/>\n<link rel=\"canonical\" href=\"https:\/\/blogdofarnesio.com.br\/?p=381248\" \/>\n<meta property=\"og:locale\" content=\"pt_BR\" \/>\n<meta property=\"og:type\" content=\"article\" \/>\n<meta property=\"og:title\" content=\"FIQUE SABENDO DE TUDO SOBRE O ATENTADO A BOMBA NA PRA\u00c7A DOS TR\u00caS PODERS - Blog do Farn\u00e9sio\" \/>\n<meta property=\"og:description\" content=\"Homem morreu ap\u00f3s explodir bomba em frente ao STF; Pra\u00e7a dos 3 Poderes est\u00e1 isolada e PF investiga ESTAD\u00c3O &#8211; Uma sequ\u00eancia de explos\u00f5es na Pra\u00e7a dos Tr\u00eas Poderes fez o local ser isolado pela Pol\u00edcia Militar. O corpo de um homem foi encontrado no local ap\u00f3s os estrondos. Segundo o Corpo de Bombeiros do Distrito Federal, esse homem morreu em \u00e1rea pr\u00f3xima ao pr\u00e9dio do Supremo Tribunal Federal (STF). A Pol\u00edcia Federal foi acionada e enviou agentes para o local, enquanto ministros da Corte foram retirados \u00e0s pressas da sede do tribunal. O homem encontrado morto \u00e9 Francisco Wanderley Luiz. De acordo com o governo do Distrito Federal, ele tentou acessar o STF com explosivos e, momentos antes, entrou&hellip;\" \/>\n<meta property=\"og:url\" content=\"https:\/\/blogdofarnesio.com.br\/?p=381248\" \/>\n<meta property=\"og:site_name\" content=\"Blog do Farn\u00e9sio\" \/>\n<meta property=\"article:publisher\" content=\"https:\/\/www.facebook.com\/BlogQuerSaberPolitica\/\" \/>\n<meta property=\"article:author\" content=\"https:\/\/www.facebook.com\/?ref=tn_tnmn\" \/>\n<meta property=\"article:published_time\" content=\"2024-11-14T11:53:41+00:00\" \/>\n<meta property=\"og:image\" content=\"https:\/\/blogdofarnesio.com.br\/wp-content\/uploads\/2024\/11\/blogqspbrasilia-explosao-pc-tres-poderes-e1731585191387.jpeg\" \/>\n\t<meta property=\"og:image:width\" content=\"510\" \/>\n\t<meta property=\"og:image:height\" content=\"404\" \/>\n\t<meta property=\"og:image:type\" content=\"image\/jpeg\" \/>\n<meta name=\"author\" content=\"Farn\u00e9sio\" \/>\n<meta name=\"twitter:card\" content=\"summary_large_image\" \/>\n<meta name=\"twitter:label1\" content=\"Escrito por\" \/>\n\t<meta name=\"twitter:data1\" content=\"Farn\u00e9sio\" \/>\n\t<meta name=\"twitter:label2\" content=\"Est. tempo de leitura\" \/>\n\t<meta name=\"twitter:data2\" content=\"8 minutos\" \/>\n<script type=\"application\/ld+json\" class=\"yoast-schema-graph\">{\"@context\":\"https:\\\/\\\/schema.org\",\"@graph\":[{\"@type\":\"Article\",\"@id\":\"https:\\\/\\\/blogdofarnesio.com.br\\\/?p=381248#article\",\"isPartOf\":{\"@id\":\"https:\\\/\\\/blogdofarnesio.com.br\\\/?p=381248\"},\"author\":{\"name\":\"Farn\u00e9sio\",\"@id\":\"https:\\\/\\\/blogdofarnesio.com.br\\\/#\\\/schema\\\/person\\\/bb9b23ae3ad0609ce8df7b6c9e76824d\"},\"headline\":\"FIQUE SABENDO DE TUDO SOBRE O ATENTADO A BOMBA NA PRA\u00c7A DOS TR\u00caS PODERS\",\"datePublished\":\"2024-11-14T11:53:41+00:00\",\"mainEntityOfPage\":{\"@id\":\"https:\\\/\\\/blogdofarnesio.com.br\\\/?p=381248\"},\"wordCount\":1414,\"commentCount\":0,\"publisher\":{\"@id\":\"https:\\\/\\\/blogdofarnesio.com.br\\\/#organization\"},\"image\":{\"@id\":\"https:\\\/\\\/blogdofarnesio.com.br\\\/?p=381248#primaryimage\"},\"thumbnailUrl\":\"https:\\\/\\\/blogdofarnesio.com.br\\\/wp-content\\\/uploads\\\/2024\\\/11\\\/blogqspbrasilia-explosao-pc-tres-poderes-e1731585191387.jpeg\",\"articleSection\":[\"Pol\u00edcia\",\"Seguran\u00e7a\"],\"inLanguage\":\"pt-BR\",\"potentialAction\":[{\"@type\":\"CommentAction\",\"name\":\"Comment\",\"target\":[\"https:\\\/\\\/blogdofarnesio.com.br\\\/?p=381248#respond\"]}]},{\"@type\":\"WebPage\",\"@id\":\"https:\\\/\\\/blogdofarnesio.com.br\\\/?p=381248\",\"url\":\"https:\\\/\\\/blogdofarnesio.com.br\\\/?p=381248\",\"name\":\"FIQUE SABENDO DE TUDO SOBRE O ATENTADO A BOMBA NA PRA\u00c7A DOS TR\u00caS PODERS - Blog do Farn\u00e9sio\",\"isPartOf\":{\"@id\":\"https:\\\/\\\/blogdofarnesio.com.br\\\/#website\"},\"primaryImageOfPage\":{\"@id\":\"https:\\\/\\\/blogdofarnesio.com.br\\\/?p=381248#primaryimage\"},\"image\":{\"@id\":\"https:\\\/\\\/blogdofarnesio.com.br\\\/?p=381248#primaryimage\"},\"thumbnailUrl\":\"https:\\\/\\\/blogdofarnesio.com.br\\\/wp-content\\\/uploads\\\/2024\\\/11\\\/blogqspbrasilia-explosao-pc-tres-poderes-e1731585191387.jpeg\",\"datePublished\":\"2024-11-14T11:53:41+00:00\",\"breadcrumb\":{\"@id\":\"https:\\\/\\\/blogdofarnesio.com.br\\\/?p=381248#breadcrumb\"},\"inLanguage\":\"pt-BR\",\"potentialAction\":[{\"@type\":\"ReadAction\",\"target\":[\"https:\\\/\\\/blogdofarnesio.com.br\\\/?p=381248\"]}]},{\"@type\":\"ImageObject\",\"inLanguage\":\"pt-BR\",\"@id\":\"https:\\\/\\\/blogdofarnesio.com.br\\\/?p=381248#primaryimage\",\"url\":\"https:\\\/\\\/blogdofarnesio.com.br\\\/wp-content\\\/uploads\\\/2024\\\/11\\\/blogqspbrasilia-explosao-pc-tres-poderes-e1731585191387.jpeg\",\"contentUrl\":\"https:\\\/\\\/blogdofarnesio.com.br\\\/wp-content\\\/uploads\\\/2024\\\/11\\\/blogqspbrasilia-explosao-pc-tres-poderes-e1731585191387.jpeg\",\"width\":510,\"height\":404},{\"@type\":\"BreadcrumbList\",\"@id\":\"https:\\\/\\\/blogdofarnesio.com.br\\\/?p=381248#breadcrumb\",\"itemListElement\":[{\"@type\":\"ListItem\",\"position\":1,\"name\":\"In\u00edcio\",\"item\":\"https:\\\/\\\/blogdofarnesio.com.br\\\/\"},{\"@type\":\"ListItem\",\"position\":2,\"name\":\"FIQUE SABENDO DE TUDO SOBRE O ATENTADO A BOMBA NA PRA\u00c7A DOS TR\u00caS PODERS\"}]},{\"@type\":\"WebSite\",\"@id\":\"https:\\\/\\\/blogdofarnesio.com.br\\\/#website\",\"url\":\"https:\\\/\\\/blogdofarnesio.com.br\\\/\",\"name\":\"Blog do Farn\u00e9sio\",\"description\":\"Quer Saber Pol\u00edtica?\",\"publisher\":{\"@id\":\"https:\\\/\\\/blogdofarnesio.com.br\\\/#organization\"},\"potentialAction\":[{\"@type\":\"SearchAction\",\"target\":{\"@type\":\"EntryPoint\",\"urlTemplate\":\"https:\\\/\\\/blogdofarnesio.com.br\\\/?s={search_term_string}\"},\"query-input\":{\"@type\":\"PropertyValueSpecification\",\"valueRequired\":true,\"valueName\":\"search_term_string\"}}],\"inLanguage\":\"pt-BR\"},{\"@type\":\"Organization\",\"@id\":\"https:\\\/\\\/blogdofarnesio.com.br\\\/#organization\",\"name\":\"Blog do Farn\u00e9sio\",\"url\":\"https:\\\/\\\/blogdofarnesio.com.br\\\/\",\"logo\":{\"@type\":\"ImageObject\",\"inLanguage\":\"pt-BR\",\"@id\":\"https:\\\/\\\/blogdofarnesio.com.br\\\/#\\\/schema\\\/logo\\\/image\\\/\",\"url\":\"https:\\\/\\\/blogdofarnesio.com.br\\\/wp-content\\\/uploads\\\/2026\\\/03\\\/cropped-logo_new-1.png\",\"contentUrl\":\"https:\\\/\\\/blogdofarnesio.com.br\\\/wp-content\\\/uploads\\\/2026\\\/03\\\/cropped-logo_new-1.png\",\"width\":881,\"height\":685,\"caption\":\"Blog do Farn\u00e9sio\"},\"image\":{\"@id\":\"https:\\\/\\\/blogdofarnesio.com.br\\\/#\\\/schema\\\/logo\\\/image\\\/\"},\"sameAs\":[\"https:\\\/\\\/www.facebook.com\\\/BlogQuerSaberPolitica\\\/\"]},{\"@type\":\"Person\",\"@id\":\"https:\\\/\\\/blogdofarnesio.com.br\\\/#\\\/schema\\\/person\\\/bb9b23ae3ad0609ce8df7b6c9e76824d\",\"name\":\"Farn\u00e9sio\",\"image\":{\"@type\":\"ImageObject\",\"inLanguage\":\"pt-BR\",\"@id\":\"https:\\\/\\\/secure.gravatar.com\\\/avatar\\\/986aa4c61ccdb66f8555bf88fc2a65609d00bcabd4d2d94377a727547345cbca?s=96&d=mm&r=g\",\"url\":\"https:\\\/\\\/secure.gravatar.com\\\/avatar\\\/986aa4c61ccdb66f8555bf88fc2a65609d00bcabd4d2d94377a727547345cbca?s=96&d=mm&r=g\",\"contentUrl\":\"https:\\\/\\\/secure.gravatar.com\\\/avatar\\\/986aa4c61ccdb66f8555bf88fc2a65609d00bcabd4d2d94377a727547345cbca?s=96&d=mm&r=g\",\"caption\":\"Farn\u00e9sio\"},\"description\":\"Radialista blogueiro, chegou a Petrolina\\\/Juazeiro em setembro de 1980, Farn\u00e9sio Silva \u00e9 de Arapiraca-Alagoas.\",\"sameAs\":[\"http:\\\/\\\/blogdofarnesio.com.br\",\"https:\\\/\\\/www.facebook.com\\\/?ref=tn_tnmn\",\"https:\\\/\\\/www.instagram.com\\\/?utm_source=pwa_homescreen\",\"https:\\\/\\\/youtube.com.br\\\/\"],\"url\":\"https:\\\/\\\/blogdofarnesio.com.br\\\/?author=2\"}]}<\/script>\n<!-- \/ Yoast SEO plugin. -->","yoast_head_json":{"title":"FIQUE SABENDO DE TUDO SOBRE O ATENTADO A BOMBA NA PRA\u00c7A DOS TR\u00caS PODERS - Blog do Farn\u00e9sio","robots":{"index":"index","follow":"follow","max-snippet":"max-snippet:-1","max-image-preview":"max-image-preview:large","max-video-preview":"max-video-preview:-1"},"canonical":"https:\/\/blogdofarnesio.com.br\/?p=381248","og_locale":"pt_BR","og_type":"article","og_title":"FIQUE SABENDO DE TUDO SOBRE O ATENTADO A BOMBA NA PRA\u00c7A DOS TR\u00caS PODERS - Blog do Farn\u00e9sio","og_description":"Homem morreu ap\u00f3s explodir bomba em frente ao STF; Pra\u00e7a dos 3 Poderes est\u00e1 isolada e PF investiga ESTAD\u00c3O &#8211; Uma sequ\u00eancia de explos\u00f5es na Pra\u00e7a dos Tr\u00eas Poderes fez o local ser isolado pela Pol\u00edcia Militar. O corpo de um homem foi encontrado no local ap\u00f3s os estrondos. Segundo o Corpo de Bombeiros do Distrito Federal, esse homem morreu em \u00e1rea pr\u00f3xima ao pr\u00e9dio do Supremo Tribunal Federal (STF). A Pol\u00edcia Federal foi acionada e enviou agentes para o local, enquanto ministros da Corte foram retirados \u00e0s pressas da sede do tribunal. O homem encontrado morto \u00e9 Francisco Wanderley Luiz. De acordo com o governo do Distrito Federal, ele tentou acessar o STF com explosivos e, momentos antes, entrou&hellip;","og_url":"https:\/\/blogdofarnesio.com.br\/?p=381248","og_site_name":"Blog do Farn\u00e9sio","article_publisher":"https:\/\/www.facebook.com\/BlogQuerSaberPolitica\/","article_author":"https:\/\/www.facebook.com\/?ref=tn_tnmn","article_published_time":"2024-11-14T11:53:41+00:00","og_image":[{"width":510,"height":404,"url":"https:\/\/blogdofarnesio.com.br\/wp-content\/uploads\/2024\/11\/blogqspbrasilia-explosao-pc-tres-poderes-e1731585191387.jpeg","type":"image\/jpeg"}],"author":"Farn\u00e9sio","twitter_card":"summary_large_image","twitter_misc":{"Escrito por":"Farn\u00e9sio","Est. tempo de leitura":"8 minutos"},"schema":{"@context":"https:\/\/schema.org","@graph":[{"@type":"Article","@id":"https:\/\/blogdofarnesio.com.br\/?p=381248#article","isPartOf":{"@id":"https:\/\/blogdofarnesio.com.br\/?p=381248"},"author":{"name":"Farn\u00e9sio","@id":"https:\/\/blogdofarnesio.com.br\/#\/schema\/person\/bb9b23ae3ad0609ce8df7b6c9e76824d"},"headline":"FIQUE SABENDO DE TUDO SOBRE O ATENTADO A BOMBA NA PRA\u00c7A DOS TR\u00caS PODERS","datePublished":"2024-11-14T11:53:41+00:00","mainEntityOfPage":{"@id":"https:\/\/blogdofarnesio.com.br\/?p=381248"},"wordCount":1414,"commentCount":0,"publisher":{"@id":"https:\/\/blogdofarnesio.com.br\/#organization"},"image":{"@id":"https:\/\/blogdofarnesio.com.br\/?p=381248#primaryimage"},"thumbnailUrl":"https:\/\/blogdofarnesio.com.br\/wp-content\/uploads\/2024\/11\/blogqspbrasilia-explosao-pc-tres-poderes-e1731585191387.jpeg","articleSection":["Pol\u00edcia","Seguran\u00e7a"],"inLanguage":"pt-BR","potentialAction":[{"@type":"CommentAction","name":"Comment","target":["https:\/\/blogdofarnesio.com.br\/?p=381248#respond"]}]},{"@type":"WebPage","@id":"https:\/\/blogdofarnesio.com.br\/?p=381248","url":"https:\/\/blogdofarnesio.com.br\/?p=381248","name":"FIQUE SABENDO DE TUDO SOBRE O ATENTADO A BOMBA NA PRA\u00c7A DOS TR\u00caS PODERS - Blog do Farn\u00e9sio","isPartOf":{"@id":"https:\/\/blogdofarnesio.com.br\/#website"},"primaryImageOfPage":{"@id":"https:\/\/blogdofarnesio.com.br\/?p=381248#primaryimage"},"image":{"@id":"https:\/\/blogdofarnesio.com.br\/?p=381248#primaryimage"},"thumbnailUrl":"https:\/\/blogdofarnesio.com.br\/wp-content\/uploads\/2024\/11\/blogqspbrasilia-explosao-pc-tres-poderes-e1731585191387.jpeg","datePublished":"2024-11-14T11:53:41+00:00","breadcrumb":{"@id":"https:\/\/blogdofarnesio.com.br\/?p=381248#breadcrumb"},"inLanguage":"pt-BR","potentialAction":[{"@type":"ReadAction","target":["https:\/\/blogdofarnesio.com.br\/?p=381248"]}]},{"@type":"ImageObject","inLanguage":"pt-BR","@id":"https:\/\/blogdofarnesio.com.br\/?p=381248#primaryimage","url":"https:\/\/blogdofarnesio.com.br\/wp-content\/uploads\/2024\/11\/blogqspbrasilia-explosao-pc-tres-poderes-e1731585191387.jpeg","contentUrl":"https:\/\/blogdofarnesio.com.br\/wp-content\/uploads\/2024\/11\/blogqspbrasilia-explosao-pc-tres-poderes-e1731585191387.jpeg","width":510,"height":404},{"@type":"BreadcrumbList","@id":"https:\/\/blogdofarnesio.com.br\/?p=381248#breadcrumb","itemListElement":[{"@type":"ListItem","position":1,"name":"In\u00edcio","item":"https:\/\/blogdofarnesio.com.br\/"},{"@type":"ListItem","position":2,"name":"FIQUE SABENDO DE TUDO SOBRE O ATENTADO A BOMBA NA PRA\u00c7A DOS TR\u00caS PODERS"}]},{"@type":"WebSite","@id":"https:\/\/blogdofarnesio.com.br\/#website","url":"https:\/\/blogdofarnesio.com.br\/","name":"Blog do Farn\u00e9sio","description":"Quer Saber Pol\u00edtica?","publisher":{"@id":"https:\/\/blogdofarnesio.com.br\/#organization"},"potentialAction":[{"@type":"SearchAction","target":{"@type":"EntryPoint","urlTemplate":"https:\/\/blogdofarnesio.com.br\/?s={search_term_string}"},"query-input":{"@type":"PropertyValueSpecification","valueRequired":true,"valueName":"search_term_string"}}],"inLanguage":"pt-BR"},{"@type":"Organization","@id":"https:\/\/blogdofarnesio.com.br\/#organization","name":"Blog do Farn\u00e9sio","url":"https:\/\/blogdofarnesio.com.br\/","logo":{"@type":"ImageObject","inLanguage":"pt-BR","@id":"https:\/\/blogdofarnesio.com.br\/#\/schema\/logo\/image\/","url":"https:\/\/blogdofarnesio.com.br\/wp-content\/uploads\/2026\/03\/cropped-logo_new-1.png","contentUrl":"https:\/\/blogdofarnesio.com.br\/wp-content\/uploads\/2026\/03\/cropped-logo_new-1.png","width":881,"height":685,"caption":"Blog do Farn\u00e9sio"},"image":{"@id":"https:\/\/blogdofarnesio.com.br\/#\/schema\/logo\/image\/"},"sameAs":["https:\/\/www.facebook.com\/BlogQuerSaberPolitica\/"]},{"@type":"Person","@id":"https:\/\/blogdofarnesio.com.br\/#\/schema\/person\/bb9b23ae3ad0609ce8df7b6c9e76824d","name":"Farn\u00e9sio","image":{"@type":"ImageObject","inLanguage":"pt-BR","@id":"https:\/\/secure.gravatar.com\/avatar\/986aa4c61ccdb66f8555bf88fc2a65609d00bcabd4d2d94377a727547345cbca?s=96&d=mm&r=g","url":"https:\/\/secure.gravatar.com\/avatar\/986aa4c61ccdb66f8555bf88fc2a65609d00bcabd4d2d94377a727547345cbca?s=96&d=mm&r=g","contentUrl":"https:\/\/secure.gravatar.com\/avatar\/986aa4c61ccdb66f8555bf88fc2a65609d00bcabd4d2d94377a727547345cbca?s=96&d=mm&r=g","caption":"Farn\u00e9sio"},"description":"Radialista blogueiro, chegou a Petrolina\/Juazeiro em setembro de 1980, Farn\u00e9sio Silva \u00e9 de Arapiraca-Alagoas.","sameAs":["http:\/\/blogdofarnesio.com.br","https:\/\/www.facebook.com\/?ref=tn_tnmn","https:\/\/www.instagram.com\/?utm_source=pwa_homescreen","https:\/\/youtube.com.br\/"],"url":"https:\/\/blogdofarnesio.com.br\/?author=2"}]}},"_links":{"self":[{"href":"https:\/\/blogdofarnesio.com.br\/index.php?rest_route=\/wp\/v2\/posts\/381248","targetHints":{"allow":["GET"]}}],"collection":[{"href":"https:\/\/blogdofarnesio.com.br\/index.php?rest_route=\/wp\/v2\/posts"}],"about":[{"href":"https:\/\/blogdofarnesio.com.br\/index.php?rest_route=\/wp\/v2\/types\/post"}],"author":[{"embeddable":true,"href":"https:\/\/blogdofarnesio.com.br\/index.php?rest_route=\/wp\/v2\/users\/2"}],"replies":[{"embeddable":true,"href":"https:\/\/blogdofarnesio.com.br\/index.php?rest_route=%2Fwp%2Fv2%2Fcomments&post=381248"}],"version-history":[{"count":0,"href":"https:\/\/blogdofarnesio.com.br\/index.php?rest_route=\/wp\/v2\/posts\/381248\/revisions"}],"wp:featuredmedia":[{"embeddable":true,"href":"https:\/\/blogdofarnesio.com.br\/index.php?rest_route=\/wp\/v2\/media\/381249"}],"wp:attachment":[{"href":"https:\/\/blogdofarnesio.com.br\/index.php?rest_route=%2Fwp%2Fv2%2Fmedia&parent=381248"}],"wp:term":[{"taxonomy":"category","embeddable":true,"href":"https:\/\/blogdofarnesio.com.br\/index.php?rest_route=%2Fwp%2Fv2%2Fcategories&post=381248"},{"taxonomy":"post_tag","embeddable":true,"href":"https:\/\/blogdofarnesio.com.br\/index.php?rest_route=%2Fwp%2Fv2%2Ftags&post=381248"}],"curies":[{"name":"wp","href":"https:\/\/api.w.org\/{rel}","templated":true}]}}