{"id":381213,"date":"2024-11-14T09:44:30","date_gmt":"2024-11-14T12:44:30","guid":{"rendered":"https:\/\/blogdofarnesio.com.br\/?p=381213"},"modified":"2024-11-13T17:10:36","modified_gmt":"2024-11-13T20:10:36","slug":"prefeitura-retira-placas-de-publicidade-irregulares-que-poluem-o-ambiente-visual-em-petrolina","status":"publish","type":"post","link":"https:\/\/blogdofarnesio.com.br\/?p=381213","title":{"rendered":"Prefeitura retira Placas  de publicidade irregulares e que poluem o ambiente visual em Petrolina"},"content":{"rendered":"<div>A Prefeitura Municipal tem como meta garantir a organiza\u00e7\u00e3o e minimizar os impactos da polui\u00e7\u00e3o visual em Petrolina. A Secretaria de Desenvolvimento Urbano, Habita\u00e7\u00e3o e Sustentabilidade (SEDURBHS), com o apoio do setor de Disciplinamento Urbano da Guarda Civil Municipal (GCM), seguem realizando fiscaliza\u00e7\u00f5es de placas de publicidades irregulares na cidade. Neste m\u00eas, as equipes apreenderam diversos an\u00fancios e banners colocados em postes de ilumina\u00e7\u00e3o na Avenida Marechal Hermes da Fonseca, no Ant\u00f4nio Cassimiro; Orla e na regi\u00e3o Central.<\/div>\n<div><\/div>\n<div>\u00a0A supervis\u00e3o \u00e9 cont\u00ednua e tem como objetivo remover as placas de publicidade que est\u00e3o instaladas de maneira inadequada e que contribuem para a polui\u00e7\u00e3o visual.<\/div>\n<div><\/div>\n<div><img loading=\"lazy\" decoding=\"async\" class=\"aligncenter wp-image-381214 size-full\" src=\"https:\/\/blogdofarnesio.com.br\/wp-content\/uploads\/2024\/11\/WhatsApp-Image-2024-11-13-at-12.03.20-e1731528517970.jpeg\" alt=\"\" width=\"484\" height=\"360\" \/>O combate \u00e0s propagandas mal colocadas representa um dos principais desafios para a fiscaliza\u00e7\u00e3o. As equipes de fiscais atuam diariamente por meio de a\u00e7\u00f5es planejadas, busca ativa e no atendimento a den\u00fancias da comunidade.<\/div>\n<div><\/div>\n<div>\u00a0A Secretaria explica que, nesse primeiro momento, caso a empresa n\u00e3o seja reincidente, as placas de publicidades s\u00e3o retiradas e o estabelecimento ser\u00e1 notificado. Agora, se a institui\u00e7\u00e3o j\u00e1 tiver sido notificada e insistiu na pr\u00e1tica de espalhar an\u00fancios sem autoriza\u00e7\u00e3o, \u00e9 aplicada uma infra\u00e7\u00e3o urban\u00edstica, que resulta em multa, e pode variar de R$ 352,25 a R$ 3.422,53.<\/div>\n<div><\/div>\n<div><b>\u00a0Den\u00fancias<\/b><\/div>\n<div>A popula\u00e7\u00e3o que queira registrar den\u00fancias de locais onde existam placas, bal\u00f5es e outras estruturas de publicidade que estejam comprometidas ou atrapalhando a locomo\u00e7\u00e3o de pedestres, devem faz\u00ea-lo atrav\u00e9s da Ouvidoria Municipal, no telefone 156 ou o n\u00famero de Whatsapp (87) 98844-2540.<\/div>\n","protected":false},"excerpt":{"rendered":"<p>A Prefeitura Municipal tem como meta garantir a organiza\u00e7\u00e3o e minimizar os impactos da polui\u00e7\u00e3o visual em Petrolina. A Secretaria de Desenvolvimento Urbano, Habita\u00e7\u00e3o e Sustentabilidade (SEDURBHS), com o apoio do setor de Disciplinamento Urbano da Guarda Civil Municipal (GCM), seguem realizando fiscaliza\u00e7\u00f5es de placas de publicidades irregulares na cidade. Neste m\u00eas, as equipes apreenderam diversos an\u00fancios e banners colocados em postes de ilumina\u00e7\u00e3o na Avenida Marechal Hermes da Fonseca, no Ant\u00f4nio Cassimiro; Orla e na regi\u00e3o Central. \u00a0A supervis\u00e3o \u00e9 cont\u00ednua e tem como objetivo remover as placas de publicidade que est\u00e3o instaladas de maneira inadequada e que contribuem para a polui\u00e7\u00e3o visual. O combate \u00e0s propagandas mal colocadas representa um dos principais desafios para a fiscaliza\u00e7\u00e3o. As equipes&hellip; <\/p>\n","protected":false},"author":2,"featured_media":184423,"comment_status":"open","ping_status":"open","sticky":false,"template":"","format":"standard","meta":{"_acf_changed":false,"footnotes":""},"categories":[44],"tags":[],"class_list":["post-381213","post","type-post","status-publish","format-standard","has-post-thumbnail","hentry","category-administracao"],"acf":[],"yoast_head":"<!-- This site is optimized with the Yoast SEO plugin v27.4 - https:\/\/yoast.com\/product\/yoast-seo-wordpress\/ -->\n<title>Prefeitura retira Placas de publicidade irregulares e que poluem o ambiente visual em Petrolina - Blog do Farn\u00e9sio<\/title>\n<meta name=\"robots\" content=\"index, follow, max-snippet:-1, max-image-preview:large, max-video-preview:-1\" \/>\n<link rel=\"canonical\" href=\"https:\/\/blogdofarnesio.com.br\/?p=381213\" \/>\n<meta property=\"og:locale\" content=\"pt_BR\" \/>\n<meta property=\"og:type\" content=\"article\" \/>\n<meta property=\"og:title\" content=\"Prefeitura retira Placas de publicidade irregulares e que poluem o ambiente visual em Petrolina - Blog do Farn\u00e9sio\" \/>\n<meta property=\"og:description\" content=\"A Prefeitura Municipal tem como meta garantir a organiza\u00e7\u00e3o e minimizar os impactos da polui\u00e7\u00e3o visual em Petrolina. A Secretaria de Desenvolvimento Urbano, Habita\u00e7\u00e3o e Sustentabilidade (SEDURBHS), com o apoio do setor de Disciplinamento Urbano da Guarda Civil Municipal (GCM), seguem realizando fiscaliza\u00e7\u00f5es de placas de publicidades irregulares na cidade. Neste m\u00eas, as equipes apreenderam diversos an\u00fancios e banners colocados em postes de ilumina\u00e7\u00e3o na Avenida Marechal Hermes da Fonseca, no Ant\u00f4nio Cassimiro; Orla e na regi\u00e3o Central. \u00a0A supervis\u00e3o \u00e9 cont\u00ednua e tem como objetivo remover as placas de publicidade que est\u00e3o instaladas de maneira inadequada e que contribuem para a polui\u00e7\u00e3o visual. O combate \u00e0s propagandas mal colocadas representa um dos principais desafios para a fiscaliza\u00e7\u00e3o. As equipes&hellip;\" \/>\n<meta property=\"og:url\" content=\"https:\/\/blogdofarnesio.com.br\/?p=381213\" \/>\n<meta property=\"og:site_name\" content=\"Blog do Farn\u00e9sio\" \/>\n<meta property=\"article:publisher\" content=\"https:\/\/www.facebook.com\/BlogQuerSaberPolitica\/\" \/>\n<meta property=\"article:author\" content=\"https:\/\/www.facebook.com\/?ref=tn_tnmn\" \/>\n<meta property=\"article:published_time\" content=\"2024-11-14T12:44:30+00:00\" \/>\n<meta property=\"og:image\" content=\"https:\/\/blogdofarnesio.com.br\/wp-content\/uploads\/2017\/12\/blogqsp-Combate_Polui\u00e7\u00e3o_Visual_Petrolina-1.jpeg\" \/>\n\t<meta property=\"og:image:width\" content=\"640\" \/>\n\t<meta property=\"og:image:height\" content=\"480\" \/>\n\t<meta property=\"og:image:type\" content=\"image\/jpeg\" \/>\n<meta name=\"author\" content=\"Farn\u00e9sio\" \/>\n<meta name=\"twitter:card\" content=\"summary_large_image\" \/>\n<meta name=\"twitter:label1\" content=\"Escrito por\" \/>\n\t<meta name=\"twitter:data1\" content=\"Farn\u00e9sio\" \/>\n\t<meta name=\"twitter:label2\" content=\"Est. tempo de leitura\" \/>\n\t<meta name=\"twitter:data2\" content=\"2 minutos\" \/>\n<script type=\"application\/ld+json\" class=\"yoast-schema-graph\">{\"@context\":\"https:\\\/\\\/schema.org\",\"@graph\":[{\"@type\":\"Article\",\"@id\":\"https:\\\/\\\/blogdofarnesio.com.br\\\/?p=381213#article\",\"isPartOf\":{\"@id\":\"https:\\\/\\\/blogdofarnesio.com.br\\\/?p=381213\"},\"author\":{\"name\":\"Farn\u00e9sio\",\"@id\":\"https:\\\/\\\/blogdofarnesio.com.br\\\/#\\\/schema\\\/person\\\/bb9b23ae3ad0609ce8df7b6c9e76824d\"},\"headline\":\"Prefeitura retira Placas de publicidade irregulares e que poluem o ambiente visual em Petrolina\",\"datePublished\":\"2024-11-14T12:44:30+00:00\",\"mainEntityOfPage\":{\"@id\":\"https:\\\/\\\/blogdofarnesio.com.br\\\/?p=381213\"},\"wordCount\":280,\"commentCount\":0,\"publisher\":{\"@id\":\"https:\\\/\\\/blogdofarnesio.com.br\\\/#organization\"},\"image\":{\"@id\":\"https:\\\/\\\/blogdofarnesio.com.br\\\/?p=381213#primaryimage\"},\"thumbnailUrl\":\"https:\\\/\\\/blogdofarnesio.com.br\\\/wp-content\\\/uploads\\\/2017\\\/12\\\/blogqsp-Combate_Polui\u00e7\u00e3o_Visual_Petrolina-1.jpeg\",\"articleSection\":[\"Administra\u00e7\u00e3o\"],\"inLanguage\":\"pt-BR\",\"potentialAction\":[{\"@type\":\"CommentAction\",\"name\":\"Comment\",\"target\":[\"https:\\\/\\\/blogdofarnesio.com.br\\\/?p=381213#respond\"]}]},{\"@type\":\"WebPage\",\"@id\":\"https:\\\/\\\/blogdofarnesio.com.br\\\/?p=381213\",\"url\":\"https:\\\/\\\/blogdofarnesio.com.br\\\/?p=381213\",\"name\":\"Prefeitura retira Placas de publicidade irregulares e que poluem o ambiente visual em Petrolina - Blog do Farn\u00e9sio\",\"isPartOf\":{\"@id\":\"https:\\\/\\\/blogdofarnesio.com.br\\\/#website\"},\"primaryImageOfPage\":{\"@id\":\"https:\\\/\\\/blogdofarnesio.com.br\\\/?p=381213#primaryimage\"},\"image\":{\"@id\":\"https:\\\/\\\/blogdofarnesio.com.br\\\/?p=381213#primaryimage\"},\"thumbnailUrl\":\"https:\\\/\\\/blogdofarnesio.com.br\\\/wp-content\\\/uploads\\\/2017\\\/12\\\/blogqsp-Combate_Polui\u00e7\u00e3o_Visual_Petrolina-1.jpeg\",\"datePublished\":\"2024-11-14T12:44:30+00:00\",\"breadcrumb\":{\"@id\":\"https:\\\/\\\/blogdofarnesio.com.br\\\/?p=381213#breadcrumb\"},\"inLanguage\":\"pt-BR\",\"potentialAction\":[{\"@type\":\"ReadAction\",\"target\":[\"https:\\\/\\\/blogdofarnesio.com.br\\\/?p=381213\"]}]},{\"@type\":\"ImageObject\",\"inLanguage\":\"pt-BR\",\"@id\":\"https:\\\/\\\/blogdofarnesio.com.br\\\/?p=381213#primaryimage\",\"url\":\"https:\\\/\\\/blogdofarnesio.com.br\\\/wp-content\\\/uploads\\\/2017\\\/12\\\/blogqsp-Combate_Polui\u00e7\u00e3o_Visual_Petrolina-1.jpeg\",\"contentUrl\":\"https:\\\/\\\/blogdofarnesio.com.br\\\/wp-content\\\/uploads\\\/2017\\\/12\\\/blogqsp-Combate_Polui\u00e7\u00e3o_Visual_Petrolina-1.jpeg\",\"width\":640,\"height\":480,\"caption\":\"Ilustra\u00e7\u00e3o\"},{\"@type\":\"BreadcrumbList\",\"@id\":\"https:\\\/\\\/blogdofarnesio.com.br\\\/?p=381213#breadcrumb\",\"itemListElement\":[{\"@type\":\"ListItem\",\"position\":1,\"name\":\"In\u00edcio\",\"item\":\"https:\\\/\\\/blogdofarnesio.com.br\\\/\"},{\"@type\":\"ListItem\",\"position\":2,\"name\":\"Prefeitura retira Placas de publicidade irregulares e que poluem o ambiente visual em Petrolina\"}]},{\"@type\":\"WebSite\",\"@id\":\"https:\\\/\\\/blogdofarnesio.com.br\\\/#website\",\"url\":\"https:\\\/\\\/blogdofarnesio.com.br\\\/\",\"name\":\"Blog do Farn\u00e9sio\",\"description\":\"Quer Saber Pol\u00edtica?\",\"publisher\":{\"@id\":\"https:\\\/\\\/blogdofarnesio.com.br\\\/#organization\"},\"potentialAction\":[{\"@type\":\"SearchAction\",\"target\":{\"@type\":\"EntryPoint\",\"urlTemplate\":\"https:\\\/\\\/blogdofarnesio.com.br\\\/?s={search_term_string}\"},\"query-input\":{\"@type\":\"PropertyValueSpecification\",\"valueRequired\":true,\"valueName\":\"search_term_string\"}}],\"inLanguage\":\"pt-BR\"},{\"@type\":\"Organization\",\"@id\":\"https:\\\/\\\/blogdofarnesio.com.br\\\/#organization\",\"name\":\"Blog do Farn\u00e9sio\",\"url\":\"https:\\\/\\\/blogdofarnesio.com.br\\\/\",\"logo\":{\"@type\":\"ImageObject\",\"inLanguage\":\"pt-BR\",\"@id\":\"https:\\\/\\\/blogdofarnesio.com.br\\\/#\\\/schema\\\/logo\\\/image\\\/\",\"url\":\"https:\\\/\\\/blogdofarnesio.com.br\\\/wp-content\\\/uploads\\\/2026\\\/03\\\/cropped-logo_new-1.png\",\"contentUrl\":\"https:\\\/\\\/blogdofarnesio.com.br\\\/wp-content\\\/uploads\\\/2026\\\/03\\\/cropped-logo_new-1.png\",\"width\":881,\"height\":685,\"caption\":\"Blog do Farn\u00e9sio\"},\"image\":{\"@id\":\"https:\\\/\\\/blogdofarnesio.com.br\\\/#\\\/schema\\\/logo\\\/image\\\/\"},\"sameAs\":[\"https:\\\/\\\/www.facebook.com\\\/BlogQuerSaberPolitica\\\/\"]},{\"@type\":\"Person\",\"@id\":\"https:\\\/\\\/blogdofarnesio.com.br\\\/#\\\/schema\\\/person\\\/bb9b23ae3ad0609ce8df7b6c9e76824d\",\"name\":\"Farn\u00e9sio\",\"image\":{\"@type\":\"ImageObject\",\"inLanguage\":\"pt-BR\",\"@id\":\"https:\\\/\\\/secure.gravatar.com\\\/avatar\\\/986aa4c61ccdb66f8555bf88fc2a65609d00bcabd4d2d94377a727547345cbca?s=96&d=mm&r=g\",\"url\":\"https:\\\/\\\/secure.gravatar.com\\\/avatar\\\/986aa4c61ccdb66f8555bf88fc2a65609d00bcabd4d2d94377a727547345cbca?s=96&d=mm&r=g\",\"contentUrl\":\"https:\\\/\\\/secure.gravatar.com\\\/avatar\\\/986aa4c61ccdb66f8555bf88fc2a65609d00bcabd4d2d94377a727547345cbca?s=96&d=mm&r=g\",\"caption\":\"Farn\u00e9sio\"},\"description\":\"Radialista blogueiro, chegou a Petrolina\\\/Juazeiro em setembro de 1980, Farn\u00e9sio Silva \u00e9 de Arapiraca-Alagoas.\",\"sameAs\":[\"http:\\\/\\\/blogdofarnesio.com.br\",\"https:\\\/\\\/www.facebook.com\\\/?ref=tn_tnmn\",\"https:\\\/\\\/www.instagram.com\\\/?utm_source=pwa_homescreen\",\"https:\\\/\\\/youtube.com.br\\\/\"],\"url\":\"https:\\\/\\\/blogdofarnesio.com.br\\\/?author=2\"}]}<\/script>\n<!-- \/ Yoast SEO plugin. -->","yoast_head_json":{"title":"Prefeitura retira Placas de publicidade irregulares e que poluem o ambiente visual em Petrolina - Blog do Farn\u00e9sio","robots":{"index":"index","follow":"follow","max-snippet":"max-snippet:-1","max-image-preview":"max-image-preview:large","max-video-preview":"max-video-preview:-1"},"canonical":"https:\/\/blogdofarnesio.com.br\/?p=381213","og_locale":"pt_BR","og_type":"article","og_title":"Prefeitura retira Placas de publicidade irregulares e que poluem o ambiente visual em Petrolina - Blog do Farn\u00e9sio","og_description":"A Prefeitura Municipal tem como meta garantir a organiza\u00e7\u00e3o e minimizar os impactos da polui\u00e7\u00e3o visual em Petrolina. A Secretaria de Desenvolvimento Urbano, Habita\u00e7\u00e3o e Sustentabilidade (SEDURBHS), com o apoio do setor de Disciplinamento Urbano da Guarda Civil Municipal (GCM), seguem realizando fiscaliza\u00e7\u00f5es de placas de publicidades irregulares na cidade. Neste m\u00eas, as equipes apreenderam diversos an\u00fancios e banners colocados em postes de ilumina\u00e7\u00e3o na Avenida Marechal Hermes da Fonseca, no Ant\u00f4nio Cassimiro; Orla e na regi\u00e3o Central. \u00a0A supervis\u00e3o \u00e9 cont\u00ednua e tem como objetivo remover as placas de publicidade que est\u00e3o instaladas de maneira inadequada e que contribuem para a polui\u00e7\u00e3o visual. O combate \u00e0s propagandas mal colocadas representa um dos principais desafios para a fiscaliza\u00e7\u00e3o. As equipes&hellip;","og_url":"https:\/\/blogdofarnesio.com.br\/?p=381213","og_site_name":"Blog do Farn\u00e9sio","article_publisher":"https:\/\/www.facebook.com\/BlogQuerSaberPolitica\/","article_author":"https:\/\/www.facebook.com\/?ref=tn_tnmn","article_published_time":"2024-11-14T12:44:30+00:00","og_image":[{"width":640,"height":480,"url":"https:\/\/blogdofarnesio.com.br\/wp-content\/uploads\/2017\/12\/blogqsp-Combate_Polui\u00e7\u00e3o_Visual_Petrolina-1.jpeg","type":"image\/jpeg"}],"author":"Farn\u00e9sio","twitter_card":"summary_large_image","twitter_misc":{"Escrito por":"Farn\u00e9sio","Est. tempo de leitura":"2 minutos"},"schema":{"@context":"https:\/\/schema.org","@graph":[{"@type":"Article","@id":"https:\/\/blogdofarnesio.com.br\/?p=381213#article","isPartOf":{"@id":"https:\/\/blogdofarnesio.com.br\/?p=381213"},"author":{"name":"Farn\u00e9sio","@id":"https:\/\/blogdofarnesio.com.br\/#\/schema\/person\/bb9b23ae3ad0609ce8df7b6c9e76824d"},"headline":"Prefeitura retira Placas de publicidade irregulares e que poluem o ambiente visual em Petrolina","datePublished":"2024-11-14T12:44:30+00:00","mainEntityOfPage":{"@id":"https:\/\/blogdofarnesio.com.br\/?p=381213"},"wordCount":280,"commentCount":0,"publisher":{"@id":"https:\/\/blogdofarnesio.com.br\/#organization"},"image":{"@id":"https:\/\/blogdofarnesio.com.br\/?p=381213#primaryimage"},"thumbnailUrl":"https:\/\/blogdofarnesio.com.br\/wp-content\/uploads\/2017\/12\/blogqsp-Combate_Polui\u00e7\u00e3o_Visual_Petrolina-1.jpeg","articleSection":["Administra\u00e7\u00e3o"],"inLanguage":"pt-BR","potentialAction":[{"@type":"CommentAction","name":"Comment","target":["https:\/\/blogdofarnesio.com.br\/?p=381213#respond"]}]},{"@type":"WebPage","@id":"https:\/\/blogdofarnesio.com.br\/?p=381213","url":"https:\/\/blogdofarnesio.com.br\/?p=381213","name":"Prefeitura retira Placas de publicidade irregulares e que poluem o ambiente visual em Petrolina - Blog do Farn\u00e9sio","isPartOf":{"@id":"https:\/\/blogdofarnesio.com.br\/#website"},"primaryImageOfPage":{"@id":"https:\/\/blogdofarnesio.com.br\/?p=381213#primaryimage"},"image":{"@id":"https:\/\/blogdofarnesio.com.br\/?p=381213#primaryimage"},"thumbnailUrl":"https:\/\/blogdofarnesio.com.br\/wp-content\/uploads\/2017\/12\/blogqsp-Combate_Polui\u00e7\u00e3o_Visual_Petrolina-1.jpeg","datePublished":"2024-11-14T12:44:30+00:00","breadcrumb":{"@id":"https:\/\/blogdofarnesio.com.br\/?p=381213#breadcrumb"},"inLanguage":"pt-BR","potentialAction":[{"@type":"ReadAction","target":["https:\/\/blogdofarnesio.com.br\/?p=381213"]}]},{"@type":"ImageObject","inLanguage":"pt-BR","@id":"https:\/\/blogdofarnesio.com.br\/?p=381213#primaryimage","url":"https:\/\/blogdofarnesio.com.br\/wp-content\/uploads\/2017\/12\/blogqsp-Combate_Polui\u00e7\u00e3o_Visual_Petrolina-1.jpeg","contentUrl":"https:\/\/blogdofarnesio.com.br\/wp-content\/uploads\/2017\/12\/blogqsp-Combate_Polui\u00e7\u00e3o_Visual_Petrolina-1.jpeg","width":640,"height":480,"caption":"Ilustra\u00e7\u00e3o"},{"@type":"BreadcrumbList","@id":"https:\/\/blogdofarnesio.com.br\/?p=381213#breadcrumb","itemListElement":[{"@type":"ListItem","position":1,"name":"In\u00edcio","item":"https:\/\/blogdofarnesio.com.br\/"},{"@type":"ListItem","position":2,"name":"Prefeitura retira Placas de publicidade irregulares e que poluem o ambiente visual em Petrolina"}]},{"@type":"WebSite","@id":"https:\/\/blogdofarnesio.com.br\/#website","url":"https:\/\/blogdofarnesio.com.br\/","name":"Blog do Farn\u00e9sio","description":"Quer Saber Pol\u00edtica?","publisher":{"@id":"https:\/\/blogdofarnesio.com.br\/#organization"},"potentialAction":[{"@type":"SearchAction","target":{"@type":"EntryPoint","urlTemplate":"https:\/\/blogdofarnesio.com.br\/?s={search_term_string}"},"query-input":{"@type":"PropertyValueSpecification","valueRequired":true,"valueName":"search_term_string"}}],"inLanguage":"pt-BR"},{"@type":"Organization","@id":"https:\/\/blogdofarnesio.com.br\/#organization","name":"Blog do Farn\u00e9sio","url":"https:\/\/blogdofarnesio.com.br\/","logo":{"@type":"ImageObject","inLanguage":"pt-BR","@id":"https:\/\/blogdofarnesio.com.br\/#\/schema\/logo\/image\/","url":"https:\/\/blogdofarnesio.com.br\/wp-content\/uploads\/2026\/03\/cropped-logo_new-1.png","contentUrl":"https:\/\/blogdofarnesio.com.br\/wp-content\/uploads\/2026\/03\/cropped-logo_new-1.png","width":881,"height":685,"caption":"Blog do Farn\u00e9sio"},"image":{"@id":"https:\/\/blogdofarnesio.com.br\/#\/schema\/logo\/image\/"},"sameAs":["https:\/\/www.facebook.com\/BlogQuerSaberPolitica\/"]},{"@type":"Person","@id":"https:\/\/blogdofarnesio.com.br\/#\/schema\/person\/bb9b23ae3ad0609ce8df7b6c9e76824d","name":"Farn\u00e9sio","image":{"@type":"ImageObject","inLanguage":"pt-BR","@id":"https:\/\/secure.gravatar.com\/avatar\/986aa4c61ccdb66f8555bf88fc2a65609d00bcabd4d2d94377a727547345cbca?s=96&d=mm&r=g","url":"https:\/\/secure.gravatar.com\/avatar\/986aa4c61ccdb66f8555bf88fc2a65609d00bcabd4d2d94377a727547345cbca?s=96&d=mm&r=g","contentUrl":"https:\/\/secure.gravatar.com\/avatar\/986aa4c61ccdb66f8555bf88fc2a65609d00bcabd4d2d94377a727547345cbca?s=96&d=mm&r=g","caption":"Farn\u00e9sio"},"description":"Radialista blogueiro, chegou a Petrolina\/Juazeiro em setembro de 1980, Farn\u00e9sio Silva \u00e9 de Arapiraca-Alagoas.","sameAs":["http:\/\/blogdofarnesio.com.br","https:\/\/www.facebook.com\/?ref=tn_tnmn","https:\/\/www.instagram.com\/?utm_source=pwa_homescreen","https:\/\/youtube.com.br\/"],"url":"https:\/\/blogdofarnesio.com.br\/?author=2"}]}},"_links":{"self":[{"href":"https:\/\/blogdofarnesio.com.br\/index.php?rest_route=\/wp\/v2\/posts\/381213","targetHints":{"allow":["GET"]}}],"collection":[{"href":"https:\/\/blogdofarnesio.com.br\/index.php?rest_route=\/wp\/v2\/posts"}],"about":[{"href":"https:\/\/blogdofarnesio.com.br\/index.php?rest_route=\/wp\/v2\/types\/post"}],"author":[{"embeddable":true,"href":"https:\/\/blogdofarnesio.com.br\/index.php?rest_route=\/wp\/v2\/users\/2"}],"replies":[{"embeddable":true,"href":"https:\/\/blogdofarnesio.com.br\/index.php?rest_route=%2Fwp%2Fv2%2Fcomments&post=381213"}],"version-history":[{"count":0,"href":"https:\/\/blogdofarnesio.com.br\/index.php?rest_route=\/wp\/v2\/posts\/381213\/revisions"}],"wp:featuredmedia":[{"embeddable":true,"href":"https:\/\/blogdofarnesio.com.br\/index.php?rest_route=\/wp\/v2\/media\/184423"}],"wp:attachment":[{"href":"https:\/\/blogdofarnesio.com.br\/index.php?rest_route=%2Fwp%2Fv2%2Fmedia&parent=381213"}],"wp:term":[{"taxonomy":"category","embeddable":true,"href":"https:\/\/blogdofarnesio.com.br\/index.php?rest_route=%2Fwp%2Fv2%2Fcategories&post=381213"},{"taxonomy":"post_tag","embeddable":true,"href":"https:\/\/blogdofarnesio.com.br\/index.php?rest_route=%2Fwp%2Fv2%2Ftags&post=381213"}],"curies":[{"name":"wp","href":"https:\/\/api.w.org\/{rel}","templated":true}]}}