{"id":381161,"date":"2024-11-23T10:00:31","date_gmt":"2024-11-23T13:00:31","guid":{"rendered":"https:\/\/blogdofarnesio.com.br\/?p=381161"},"modified":"2024-11-22T16:25:46","modified_gmt":"2024-11-22T19:25:46","slug":"ifsertaope-esta-com-inscricoes-abertas-ate-hoje-23-em-processo-seletivo-para-cadastro-de-reserva-de-tutores-a-distancia-para-cursos-de-pos-graduacao","status":"publish","type":"post","link":"https:\/\/blogdofarnesio.com.br\/?p=381161","title":{"rendered":"Inscri\u00e7\u00f5es abertas at\u00e9 hoje (23), em processo seletivo para cadastro reserva de tutores a dist\u00e2ncia para cursos de p\u00f3s-gradua\u00e7\u00e3o do IFSert\u00e3o"},"content":{"rendered":"<div class=\"post__content\">\n<p>O Instituto Federal do Sert\u00e3o Pernambucano (<strong>IFSert\u00e3oPE<\/strong>) publicou o edital n\u00ba 86\/2024 para o cadastro reserva de tutores a dist\u00e2ncia dos cursos de p\u00f3s-gradua\u00e7\u00e3o em Tecnologias Digitais Aplicadas \u00e0 Educa\u00e7\u00e3o (TecDAE), Gest\u00e3o na Educa\u00e7\u00e3o Profissional e Tecnol\u00f3gica (EPT), Educa\u00e7\u00e3o a Dist\u00e2ncia na Educa\u00e7\u00e3o Profissional e Tecnol\u00f3gica (EPT) e Ensino de Ci\u00eancias \u201cCi\u00eancia \u00e9 10!\u201d. As especializa\u00e7\u00f5es s\u00e3o oferecidas em parceria com o Programa Universidade Aberta do Brasil (UAB).<\/p>\n<p>As inscri\u00e7\u00f5es est\u00e3o abertas e encerram nesse s\u00e1bado, dia 23 de novembro, devendo ser realizadas exclusivamente pelo <a href=\"https:\/\/selecao.ifsertaope.edu.br\/edital\/visualizar\/16\/\">Portal do Candidato<\/a>, no site do Sistema Gestor de Concursos (SGC) do\u00a0<strong>IFSert\u00e3oPE<\/strong>. Os candidatos devem possuir, no m\u00ednimo, um ano de experi\u00eancia em magist\u00e9rio no ensino b\u00e1sico ou superior, ter a forma\u00e7\u00e3o acad\u00eamica exigida para a \u00e1rea e disponibilidade de vinte horas semanais.<\/p>\n<p>O processo seletivo \u00e9 de car\u00e1ter classificat\u00f3rio e eliminat\u00f3rio, com avalia\u00e7\u00e3o de t\u00edtulos e experi\u00eancia no ensino presencial e a dist\u00e2ncia. Adicionalmente, 25% das vagas ser\u00e3o reservadas para grupos priorit\u00e1rios, incluindo pessoas pretas, pardas, ind\u00edgenas, pessoas com defici\u00eancia, transg\u00eaneros e travestis. Para concorrer dentro desse percentual, \u00e9 necess\u00e1rio anexar a documenta\u00e7\u00e3o comprobat\u00f3ria exigida. Os selecionados para a fun\u00e7\u00e3o de tutor a dist\u00e2ncia receber\u00e3o uma bolsa mensal de R$1.100,00.<\/p>\n<p>As inscri\u00e7\u00f5es s\u00e3o gratuitas. Os candidatos devem anexar, no Portal do Candidato, os seguintes documentos:<\/p>\n<ul>\n<li>Documento de identifica\u00e7\u00e3o oficial com foto;<\/li>\n<li>Cadastro de Pessoa F\u00edsica (CPF);<\/li>\n<li>Diploma ou certid\u00e3o de conclus\u00e3o de curso superior correspondente \u00e0 forma\u00e7\u00e3o m\u00ednima requerida;<\/li>\n<li>Documentos comprobat\u00f3rios para a prova de t\u00edtulos;<\/li>\n<li>Termo de Autodeclara\u00e7\u00e3o para candidatos que desejarem concorrer dentro do percentual de reserva de vagas.<\/li>\n<\/ul>\n<p>A previs\u00e3o \u00e9 que 88 tutores sejam convocados(as) ao transcorrer dos cursos de p\u00f3s-gradua\u00e7\u00e3o, que possuem dura\u00e7\u00e3o m\u00ednima de um ano e meio. Entre as especializa\u00e7\u00f5es somente a de Ensino de Ci\u00eancias \u201cCi\u00eancia \u00e9 10!\u201d exige que o tutor participe de encontros presenciais, dessa forma o candidato deve durante a inscri\u00e7\u00e3o escolher entre os polos UAB de \u00c1guas belas, Arcoverde, Lajedo, Salgueiro e Tabira.<\/p>\n<p>Para mais informa\u00e7\u00f5es,\u00a0<a href=\"https:\/\/ifsertaope.edu.br\/ead\/editais\/edital-no-86-2024-processo-seletivo-simplificado-para-tutor-uab\/\">consulte o edital n\u00ba 86\/2024<\/a>.<\/p>\n<\/div>\n","protected":false},"excerpt":{"rendered":"<p>O Instituto Federal do Sert\u00e3o Pernambucano (IFSert\u00e3oPE) publicou o edital n\u00ba 86\/2024 para o cadastro reserva de tutores a dist\u00e2ncia dos cursos de p\u00f3s-gradua\u00e7\u00e3o em Tecnologias Digitais Aplicadas \u00e0 Educa\u00e7\u00e3o (TecDAE), Gest\u00e3o na Educa\u00e7\u00e3o Profissional e Tecnol\u00f3gica (EPT), Educa\u00e7\u00e3o a Dist\u00e2ncia na Educa\u00e7\u00e3o Profissional e Tecnol\u00f3gica (EPT) e Ensino de Ci\u00eancias \u201cCi\u00eancia \u00e9 10!\u201d. As especializa\u00e7\u00f5es s\u00e3o oferecidas em parceria com o Programa Universidade Aberta do Brasil (UAB). As inscri\u00e7\u00f5es est\u00e3o abertas e encerram nesse s\u00e1bado, dia 23 de novembro, devendo ser realizadas exclusivamente pelo Portal do Candidato, no site do Sistema Gestor de Concursos (SGC) do\u00a0IFSert\u00e3oPE. Os candidatos devem possuir, no m\u00ednimo, um ano de experi\u00eancia em magist\u00e9rio no ensino b\u00e1sico ou superior, ter a forma\u00e7\u00e3o acad\u00eamica exigida para&hellip; <\/p>\n","protected":false},"author":2,"featured_media":381159,"comment_status":"open","ping_status":"open","sticky":false,"template":"","format":"standard","meta":{"_acf_changed":false,"footnotes":""},"categories":[31],"tags":[],"class_list":["post-381161","post","type-post","status-publish","format-standard","has-post-thumbnail","hentry","category-concursos"],"acf":[],"yoast_head":"<!-- This site is optimized with the Yoast SEO plugin v27.4 - https:\/\/yoast.com\/product\/yoast-seo-wordpress\/ -->\n<title>Inscri\u00e7\u00f5es abertas at\u00e9 hoje (23), em processo seletivo para cadastro reserva de tutores a dist\u00e2ncia para cursos de p\u00f3s-gradua\u00e7\u00e3o do IFSert\u00e3o - Blog do Farn\u00e9sio<\/title>\n<meta name=\"robots\" content=\"index, follow, max-snippet:-1, max-image-preview:large, max-video-preview:-1\" \/>\n<link rel=\"canonical\" href=\"https:\/\/blogdofarnesio.com.br\/?p=381161\" \/>\n<meta property=\"og:locale\" content=\"pt_BR\" \/>\n<meta property=\"og:type\" content=\"article\" \/>\n<meta property=\"og:title\" content=\"Inscri\u00e7\u00f5es abertas at\u00e9 hoje (23), em processo seletivo para cadastro reserva de tutores a dist\u00e2ncia para cursos de p\u00f3s-gradua\u00e7\u00e3o do IFSert\u00e3o - Blog do Farn\u00e9sio\" \/>\n<meta property=\"og:description\" content=\"O Instituto Federal do Sert\u00e3o Pernambucano (IFSert\u00e3oPE) publicou o edital n\u00ba 86\/2024 para o cadastro reserva de tutores a dist\u00e2ncia dos cursos de p\u00f3s-gradua\u00e7\u00e3o em Tecnologias Digitais Aplicadas \u00e0 Educa\u00e7\u00e3o (TecDAE), Gest\u00e3o na Educa\u00e7\u00e3o Profissional e Tecnol\u00f3gica (EPT), Educa\u00e7\u00e3o a Dist\u00e2ncia na Educa\u00e7\u00e3o Profissional e Tecnol\u00f3gica (EPT) e Ensino de Ci\u00eancias \u201cCi\u00eancia \u00e9 10!\u201d. As especializa\u00e7\u00f5es s\u00e3o oferecidas em parceria com o Programa Universidade Aberta do Brasil (UAB). As inscri\u00e7\u00f5es est\u00e3o abertas e encerram nesse s\u00e1bado, dia 23 de novembro, devendo ser realizadas exclusivamente pelo Portal do Candidato, no site do Sistema Gestor de Concursos (SGC) do\u00a0IFSert\u00e3oPE. Os candidatos devem possuir, no m\u00ednimo, um ano de experi\u00eancia em magist\u00e9rio no ensino b\u00e1sico ou superior, ter a forma\u00e7\u00e3o acad\u00eamica exigida para&hellip;\" \/>\n<meta property=\"og:url\" content=\"https:\/\/blogdofarnesio.com.br\/?p=381161\" \/>\n<meta property=\"og:site_name\" content=\"Blog do Farn\u00e9sio\" \/>\n<meta property=\"article:publisher\" content=\"https:\/\/www.facebook.com\/BlogQuerSaberPolitica\/\" \/>\n<meta property=\"article:author\" content=\"https:\/\/www.facebook.com\/?ref=tn_tnmn\" \/>\n<meta property=\"article:published_time\" content=\"2024-11-23T13:00:31+00:00\" \/>\n<meta property=\"og:image\" content=\"https:\/\/blogdofarnesio.com.br\/wp-content\/uploads\/2024\/11\/blogqspifsertao-selecao-tutor-e1731499148243.jpeg\" \/>\n\t<meta property=\"og:image:width\" content=\"424\" \/>\n\t<meta property=\"og:image:height\" content=\"375\" \/>\n\t<meta property=\"og:image:type\" content=\"image\/jpeg\" \/>\n<meta name=\"author\" content=\"Farn\u00e9sio\" \/>\n<meta name=\"twitter:card\" content=\"summary_large_image\" \/>\n<meta name=\"twitter:label1\" content=\"Escrito por\" \/>\n\t<meta name=\"twitter:data1\" content=\"Farn\u00e9sio\" \/>\n\t<meta name=\"twitter:label2\" content=\"Est. tempo de leitura\" \/>\n\t<meta name=\"twitter:data2\" content=\"3 minutos\" \/>\n<script type=\"application\/ld+json\" class=\"yoast-schema-graph\">{\"@context\":\"https:\\\/\\\/schema.org\",\"@graph\":[{\"@type\":\"Article\",\"@id\":\"https:\\\/\\\/blogdofarnesio.com.br\\\/?p=381161#article\",\"isPartOf\":{\"@id\":\"https:\\\/\\\/blogdofarnesio.com.br\\\/?p=381161\"},\"author\":{\"name\":\"Farn\u00e9sio\",\"@id\":\"https:\\\/\\\/blogdofarnesio.com.br\\\/#\\\/schema\\\/person\\\/bb9b23ae3ad0609ce8df7b6c9e76824d\"},\"headline\":\"Inscri\u00e7\u00f5es abertas at\u00e9 hoje (23), em processo seletivo para cadastro reserva de tutores a dist\u00e2ncia para cursos de p\u00f3s-gradua\u00e7\u00e3o do IFSert\u00e3o\",\"datePublished\":\"2024-11-23T13:00:31+00:00\",\"mainEntityOfPage\":{\"@id\":\"https:\\\/\\\/blogdofarnesio.com.br\\\/?p=381161\"},\"wordCount\":408,\"commentCount\":0,\"publisher\":{\"@id\":\"https:\\\/\\\/blogdofarnesio.com.br\\\/#organization\"},\"image\":{\"@id\":\"https:\\\/\\\/blogdofarnesio.com.br\\\/?p=381161#primaryimage\"},\"thumbnailUrl\":\"https:\\\/\\\/blogdofarnesio.com.br\\\/wp-content\\\/uploads\\\/2024\\\/11\\\/blogqspifsertao-selecao-tutor-e1731499148243.jpeg\",\"articleSection\":[\"Concursos\"],\"inLanguage\":\"pt-BR\",\"potentialAction\":[{\"@type\":\"CommentAction\",\"name\":\"Comment\",\"target\":[\"https:\\\/\\\/blogdofarnesio.com.br\\\/?p=381161#respond\"]}]},{\"@type\":\"WebPage\",\"@id\":\"https:\\\/\\\/blogdofarnesio.com.br\\\/?p=381161\",\"url\":\"https:\\\/\\\/blogdofarnesio.com.br\\\/?p=381161\",\"name\":\"Inscri\u00e7\u00f5es abertas at\u00e9 hoje (23), em processo seletivo para cadastro reserva de tutores a dist\u00e2ncia para cursos de p\u00f3s-gradua\u00e7\u00e3o do IFSert\u00e3o - Blog do Farn\u00e9sio\",\"isPartOf\":{\"@id\":\"https:\\\/\\\/blogdofarnesio.com.br\\\/#website\"},\"primaryImageOfPage\":{\"@id\":\"https:\\\/\\\/blogdofarnesio.com.br\\\/?p=381161#primaryimage\"},\"image\":{\"@id\":\"https:\\\/\\\/blogdofarnesio.com.br\\\/?p=381161#primaryimage\"},\"thumbnailUrl\":\"https:\\\/\\\/blogdofarnesio.com.br\\\/wp-content\\\/uploads\\\/2024\\\/11\\\/blogqspifsertao-selecao-tutor-e1731499148243.jpeg\",\"datePublished\":\"2024-11-23T13:00:31+00:00\",\"breadcrumb\":{\"@id\":\"https:\\\/\\\/blogdofarnesio.com.br\\\/?p=381161#breadcrumb\"},\"inLanguage\":\"pt-BR\",\"potentialAction\":[{\"@type\":\"ReadAction\",\"target\":[\"https:\\\/\\\/blogdofarnesio.com.br\\\/?p=381161\"]}]},{\"@type\":\"ImageObject\",\"inLanguage\":\"pt-BR\",\"@id\":\"https:\\\/\\\/blogdofarnesio.com.br\\\/?p=381161#primaryimage\",\"url\":\"https:\\\/\\\/blogdofarnesio.com.br\\\/wp-content\\\/uploads\\\/2024\\\/11\\\/blogqspifsertao-selecao-tutor-e1731499148243.jpeg\",\"contentUrl\":\"https:\\\/\\\/blogdofarnesio.com.br\\\/wp-content\\\/uploads\\\/2024\\\/11\\\/blogqspifsertao-selecao-tutor-e1731499148243.jpeg\",\"width\":424,\"height\":375},{\"@type\":\"BreadcrumbList\",\"@id\":\"https:\\\/\\\/blogdofarnesio.com.br\\\/?p=381161#breadcrumb\",\"itemListElement\":[{\"@type\":\"ListItem\",\"position\":1,\"name\":\"In\u00edcio\",\"item\":\"https:\\\/\\\/blogdofarnesio.com.br\\\/\"},{\"@type\":\"ListItem\",\"position\":2,\"name\":\"Inscri\u00e7\u00f5es abertas at\u00e9 hoje (23), em processo seletivo para cadastro reserva de tutores a dist\u00e2ncia para cursos de p\u00f3s-gradua\u00e7\u00e3o do IFSert\u00e3o\"}]},{\"@type\":\"WebSite\",\"@id\":\"https:\\\/\\\/blogdofarnesio.com.br\\\/#website\",\"url\":\"https:\\\/\\\/blogdofarnesio.com.br\\\/\",\"name\":\"Blog do Farn\u00e9sio\",\"description\":\"Quer Saber Pol\u00edtica?\",\"publisher\":{\"@id\":\"https:\\\/\\\/blogdofarnesio.com.br\\\/#organization\"},\"potentialAction\":[{\"@type\":\"SearchAction\",\"target\":{\"@type\":\"EntryPoint\",\"urlTemplate\":\"https:\\\/\\\/blogdofarnesio.com.br\\\/?s={search_term_string}\"},\"query-input\":{\"@type\":\"PropertyValueSpecification\",\"valueRequired\":true,\"valueName\":\"search_term_string\"}}],\"inLanguage\":\"pt-BR\"},{\"@type\":\"Organization\",\"@id\":\"https:\\\/\\\/blogdofarnesio.com.br\\\/#organization\",\"name\":\"Blog do Farn\u00e9sio\",\"url\":\"https:\\\/\\\/blogdofarnesio.com.br\\\/\",\"logo\":{\"@type\":\"ImageObject\",\"inLanguage\":\"pt-BR\",\"@id\":\"https:\\\/\\\/blogdofarnesio.com.br\\\/#\\\/schema\\\/logo\\\/image\\\/\",\"url\":\"https:\\\/\\\/blogdofarnesio.com.br\\\/wp-content\\\/uploads\\\/2026\\\/03\\\/cropped-logo_new-1.png\",\"contentUrl\":\"https:\\\/\\\/blogdofarnesio.com.br\\\/wp-content\\\/uploads\\\/2026\\\/03\\\/cropped-logo_new-1.png\",\"width\":881,\"height\":685,\"caption\":\"Blog do Farn\u00e9sio\"},\"image\":{\"@id\":\"https:\\\/\\\/blogdofarnesio.com.br\\\/#\\\/schema\\\/logo\\\/image\\\/\"},\"sameAs\":[\"https:\\\/\\\/www.facebook.com\\\/BlogQuerSaberPolitica\\\/\"]},{\"@type\":\"Person\",\"@id\":\"https:\\\/\\\/blogdofarnesio.com.br\\\/#\\\/schema\\\/person\\\/bb9b23ae3ad0609ce8df7b6c9e76824d\",\"name\":\"Farn\u00e9sio\",\"image\":{\"@type\":\"ImageObject\",\"inLanguage\":\"pt-BR\",\"@id\":\"https:\\\/\\\/secure.gravatar.com\\\/avatar\\\/986aa4c61ccdb66f8555bf88fc2a65609d00bcabd4d2d94377a727547345cbca?s=96&d=mm&r=g\",\"url\":\"https:\\\/\\\/secure.gravatar.com\\\/avatar\\\/986aa4c61ccdb66f8555bf88fc2a65609d00bcabd4d2d94377a727547345cbca?s=96&d=mm&r=g\",\"contentUrl\":\"https:\\\/\\\/secure.gravatar.com\\\/avatar\\\/986aa4c61ccdb66f8555bf88fc2a65609d00bcabd4d2d94377a727547345cbca?s=96&d=mm&r=g\",\"caption\":\"Farn\u00e9sio\"},\"description\":\"Radialista blogueiro, chegou a Petrolina\\\/Juazeiro em setembro de 1980, Farn\u00e9sio Silva \u00e9 de Arapiraca-Alagoas.\",\"sameAs\":[\"http:\\\/\\\/blogdofarnesio.com.br\",\"https:\\\/\\\/www.facebook.com\\\/?ref=tn_tnmn\",\"https:\\\/\\\/www.instagram.com\\\/?utm_source=pwa_homescreen\",\"https:\\\/\\\/youtube.com.br\\\/\"],\"url\":\"https:\\\/\\\/blogdofarnesio.com.br\\\/?author=2\"}]}<\/script>\n<!-- \/ Yoast SEO plugin. -->","yoast_head_json":{"title":"Inscri\u00e7\u00f5es abertas at\u00e9 hoje (23), em processo seletivo para cadastro reserva de tutores a dist\u00e2ncia para cursos de p\u00f3s-gradua\u00e7\u00e3o do IFSert\u00e3o - Blog do Farn\u00e9sio","robots":{"index":"index","follow":"follow","max-snippet":"max-snippet:-1","max-image-preview":"max-image-preview:large","max-video-preview":"max-video-preview:-1"},"canonical":"https:\/\/blogdofarnesio.com.br\/?p=381161","og_locale":"pt_BR","og_type":"article","og_title":"Inscri\u00e7\u00f5es abertas at\u00e9 hoje (23), em processo seletivo para cadastro reserva de tutores a dist\u00e2ncia para cursos de p\u00f3s-gradua\u00e7\u00e3o do IFSert\u00e3o - Blog do Farn\u00e9sio","og_description":"O Instituto Federal do Sert\u00e3o Pernambucano (IFSert\u00e3oPE) publicou o edital n\u00ba 86\/2024 para o cadastro reserva de tutores a dist\u00e2ncia dos cursos de p\u00f3s-gradua\u00e7\u00e3o em Tecnologias Digitais Aplicadas \u00e0 Educa\u00e7\u00e3o (TecDAE), Gest\u00e3o na Educa\u00e7\u00e3o Profissional e Tecnol\u00f3gica (EPT), Educa\u00e7\u00e3o a Dist\u00e2ncia na Educa\u00e7\u00e3o Profissional e Tecnol\u00f3gica (EPT) e Ensino de Ci\u00eancias \u201cCi\u00eancia \u00e9 10!\u201d. As especializa\u00e7\u00f5es s\u00e3o oferecidas em parceria com o Programa Universidade Aberta do Brasil (UAB). As inscri\u00e7\u00f5es est\u00e3o abertas e encerram nesse s\u00e1bado, dia 23 de novembro, devendo ser realizadas exclusivamente pelo Portal do Candidato, no site do Sistema Gestor de Concursos (SGC) do\u00a0IFSert\u00e3oPE. Os candidatos devem possuir, no m\u00ednimo, um ano de experi\u00eancia em magist\u00e9rio no ensino b\u00e1sico ou superior, ter a forma\u00e7\u00e3o acad\u00eamica exigida para&hellip;","og_url":"https:\/\/blogdofarnesio.com.br\/?p=381161","og_site_name":"Blog do Farn\u00e9sio","article_publisher":"https:\/\/www.facebook.com\/BlogQuerSaberPolitica\/","article_author":"https:\/\/www.facebook.com\/?ref=tn_tnmn","article_published_time":"2024-11-23T13:00:31+00:00","og_image":[{"width":424,"height":375,"url":"https:\/\/blogdofarnesio.com.br\/wp-content\/uploads\/2024\/11\/blogqspifsertao-selecao-tutor-e1731499148243.jpeg","type":"image\/jpeg"}],"author":"Farn\u00e9sio","twitter_card":"summary_large_image","twitter_misc":{"Escrito por":"Farn\u00e9sio","Est. tempo de leitura":"3 minutos"},"schema":{"@context":"https:\/\/schema.org","@graph":[{"@type":"Article","@id":"https:\/\/blogdofarnesio.com.br\/?p=381161#article","isPartOf":{"@id":"https:\/\/blogdofarnesio.com.br\/?p=381161"},"author":{"name":"Farn\u00e9sio","@id":"https:\/\/blogdofarnesio.com.br\/#\/schema\/person\/bb9b23ae3ad0609ce8df7b6c9e76824d"},"headline":"Inscri\u00e7\u00f5es abertas at\u00e9 hoje (23), em processo seletivo para cadastro reserva de tutores a dist\u00e2ncia para cursos de p\u00f3s-gradua\u00e7\u00e3o do IFSert\u00e3o","datePublished":"2024-11-23T13:00:31+00:00","mainEntityOfPage":{"@id":"https:\/\/blogdofarnesio.com.br\/?p=381161"},"wordCount":408,"commentCount":0,"publisher":{"@id":"https:\/\/blogdofarnesio.com.br\/#organization"},"image":{"@id":"https:\/\/blogdofarnesio.com.br\/?p=381161#primaryimage"},"thumbnailUrl":"https:\/\/blogdofarnesio.com.br\/wp-content\/uploads\/2024\/11\/blogqspifsertao-selecao-tutor-e1731499148243.jpeg","articleSection":["Concursos"],"inLanguage":"pt-BR","potentialAction":[{"@type":"CommentAction","name":"Comment","target":["https:\/\/blogdofarnesio.com.br\/?p=381161#respond"]}]},{"@type":"WebPage","@id":"https:\/\/blogdofarnesio.com.br\/?p=381161","url":"https:\/\/blogdofarnesio.com.br\/?p=381161","name":"Inscri\u00e7\u00f5es abertas at\u00e9 hoje (23), em processo seletivo para cadastro reserva de tutores a dist\u00e2ncia para cursos de p\u00f3s-gradua\u00e7\u00e3o do IFSert\u00e3o - Blog do Farn\u00e9sio","isPartOf":{"@id":"https:\/\/blogdofarnesio.com.br\/#website"},"primaryImageOfPage":{"@id":"https:\/\/blogdofarnesio.com.br\/?p=381161#primaryimage"},"image":{"@id":"https:\/\/blogdofarnesio.com.br\/?p=381161#primaryimage"},"thumbnailUrl":"https:\/\/blogdofarnesio.com.br\/wp-content\/uploads\/2024\/11\/blogqspifsertao-selecao-tutor-e1731499148243.jpeg","datePublished":"2024-11-23T13:00:31+00:00","breadcrumb":{"@id":"https:\/\/blogdofarnesio.com.br\/?p=381161#breadcrumb"},"inLanguage":"pt-BR","potentialAction":[{"@type":"ReadAction","target":["https:\/\/blogdofarnesio.com.br\/?p=381161"]}]},{"@type":"ImageObject","inLanguage":"pt-BR","@id":"https:\/\/blogdofarnesio.com.br\/?p=381161#primaryimage","url":"https:\/\/blogdofarnesio.com.br\/wp-content\/uploads\/2024\/11\/blogqspifsertao-selecao-tutor-e1731499148243.jpeg","contentUrl":"https:\/\/blogdofarnesio.com.br\/wp-content\/uploads\/2024\/11\/blogqspifsertao-selecao-tutor-e1731499148243.jpeg","width":424,"height":375},{"@type":"BreadcrumbList","@id":"https:\/\/blogdofarnesio.com.br\/?p=381161#breadcrumb","itemListElement":[{"@type":"ListItem","position":1,"name":"In\u00edcio","item":"https:\/\/blogdofarnesio.com.br\/"},{"@type":"ListItem","position":2,"name":"Inscri\u00e7\u00f5es abertas at\u00e9 hoje (23), em processo seletivo para cadastro reserva de tutores a dist\u00e2ncia para cursos de p\u00f3s-gradua\u00e7\u00e3o do IFSert\u00e3o"}]},{"@type":"WebSite","@id":"https:\/\/blogdofarnesio.com.br\/#website","url":"https:\/\/blogdofarnesio.com.br\/","name":"Blog do Farn\u00e9sio","description":"Quer Saber Pol\u00edtica?","publisher":{"@id":"https:\/\/blogdofarnesio.com.br\/#organization"},"potentialAction":[{"@type":"SearchAction","target":{"@type":"EntryPoint","urlTemplate":"https:\/\/blogdofarnesio.com.br\/?s={search_term_string}"},"query-input":{"@type":"PropertyValueSpecification","valueRequired":true,"valueName":"search_term_string"}}],"inLanguage":"pt-BR"},{"@type":"Organization","@id":"https:\/\/blogdofarnesio.com.br\/#organization","name":"Blog do Farn\u00e9sio","url":"https:\/\/blogdofarnesio.com.br\/","logo":{"@type":"ImageObject","inLanguage":"pt-BR","@id":"https:\/\/blogdofarnesio.com.br\/#\/schema\/logo\/image\/","url":"https:\/\/blogdofarnesio.com.br\/wp-content\/uploads\/2026\/03\/cropped-logo_new-1.png","contentUrl":"https:\/\/blogdofarnesio.com.br\/wp-content\/uploads\/2026\/03\/cropped-logo_new-1.png","width":881,"height":685,"caption":"Blog do Farn\u00e9sio"},"image":{"@id":"https:\/\/blogdofarnesio.com.br\/#\/schema\/logo\/image\/"},"sameAs":["https:\/\/www.facebook.com\/BlogQuerSaberPolitica\/"]},{"@type":"Person","@id":"https:\/\/blogdofarnesio.com.br\/#\/schema\/person\/bb9b23ae3ad0609ce8df7b6c9e76824d","name":"Farn\u00e9sio","image":{"@type":"ImageObject","inLanguage":"pt-BR","@id":"https:\/\/secure.gravatar.com\/avatar\/986aa4c61ccdb66f8555bf88fc2a65609d00bcabd4d2d94377a727547345cbca?s=96&d=mm&r=g","url":"https:\/\/secure.gravatar.com\/avatar\/986aa4c61ccdb66f8555bf88fc2a65609d00bcabd4d2d94377a727547345cbca?s=96&d=mm&r=g","contentUrl":"https:\/\/secure.gravatar.com\/avatar\/986aa4c61ccdb66f8555bf88fc2a65609d00bcabd4d2d94377a727547345cbca?s=96&d=mm&r=g","caption":"Farn\u00e9sio"},"description":"Radialista blogueiro, chegou a Petrolina\/Juazeiro em setembro de 1980, Farn\u00e9sio Silva \u00e9 de Arapiraca-Alagoas.","sameAs":["http:\/\/blogdofarnesio.com.br","https:\/\/www.facebook.com\/?ref=tn_tnmn","https:\/\/www.instagram.com\/?utm_source=pwa_homescreen","https:\/\/youtube.com.br\/"],"url":"https:\/\/blogdofarnesio.com.br\/?author=2"}]}},"_links":{"self":[{"href":"https:\/\/blogdofarnesio.com.br\/index.php?rest_route=\/wp\/v2\/posts\/381161","targetHints":{"allow":["GET"]}}],"collection":[{"href":"https:\/\/blogdofarnesio.com.br\/index.php?rest_route=\/wp\/v2\/posts"}],"about":[{"href":"https:\/\/blogdofarnesio.com.br\/index.php?rest_route=\/wp\/v2\/types\/post"}],"author":[{"embeddable":true,"href":"https:\/\/blogdofarnesio.com.br\/index.php?rest_route=\/wp\/v2\/users\/2"}],"replies":[{"embeddable":true,"href":"https:\/\/blogdofarnesio.com.br\/index.php?rest_route=%2Fwp%2Fv2%2Fcomments&post=381161"}],"version-history":[{"count":0,"href":"https:\/\/blogdofarnesio.com.br\/index.php?rest_route=\/wp\/v2\/posts\/381161\/revisions"}],"wp:featuredmedia":[{"embeddable":true,"href":"https:\/\/blogdofarnesio.com.br\/index.php?rest_route=\/wp\/v2\/media\/381159"}],"wp:attachment":[{"href":"https:\/\/blogdofarnesio.com.br\/index.php?rest_route=%2Fwp%2Fv2%2Fmedia&parent=381161"}],"wp:term":[{"taxonomy":"category","embeddable":true,"href":"https:\/\/blogdofarnesio.com.br\/index.php?rest_route=%2Fwp%2Fv2%2Fcategories&post=381161"},{"taxonomy":"post_tag","embeddable":true,"href":"https:\/\/blogdofarnesio.com.br\/index.php?rest_route=%2Fwp%2Fv2%2Ftags&post=381161"}],"curies":[{"name":"wp","href":"https:\/\/api.w.org\/{rel}","templated":true}]}}