{"id":381084,"date":"2024-11-14T09:23:22","date_gmt":"2024-11-14T12:23:22","guid":{"rendered":"https:\/\/blogdofarnesio.com.br\/?p=381084"},"modified":"2024-11-13T17:14:39","modified_gmt":"2024-11-13T20:14:39","slug":"comeca-hoje-em-uaua-a-v-festa-literaria-de-uaua-fliu-homenageando-ariano-suassuna","status":"publish","type":"post","link":"https:\/\/blogdofarnesio.com.br\/?p=381084","title":{"rendered":"Come\u00e7a hoje em Uau\u00e1, a V Festa Liter\u00e1ria de Uau\u00e1 (FLIU) homenageando Ariano Suassuna"},"content":{"rendered":"<p><em>Evento acontece desta quinta, 14, a 16 de novembro e destaca a for\u00e7a da literatura, arte e inclus\u00e3o cultural<\/em><\/p>\n<p>&nbsp;<\/p>\n<p>A cidade de Uau\u00e1, no sert\u00e3o baiano, se prepara para receber a quinta edi\u00e7\u00e3o da *Festa Liter\u00e1ria de Uau\u00e1 (FLIU)*, que ocorre de hoje, 14, a 16 de novembro de 2024. Conhecido por promover a riqueza liter\u00e1ria e cultural da regi\u00e3o, o evento ir\u00e1 homenagear o ic\u00f4nico Ariano Suassuna, reunindo nomes de destaque da literatura brasileira e internacional, reafirmando seu compromisso com a diversidade e o fortalecimento da express\u00e3o cultural do sert\u00e3o.<\/p>\n<p>Abrindo o festival, oficinas e atividades em escolas locais fomentam o gosto pela leitura\u00a0e\u00a0pela\u00a0escrita,\u00a0com\u00a0destaque\u00a0para\u00a0o\u00a0lan\u00e7amento\u00a0de\u00a0um\u00a0livro\u00a0de\u00a0Cordel\u00a0e\u00a0Poesia, produzido por alunos do projeto Edu Cordel. Outra obra especial ser\u00e1 lan\u00e7ada: um livro escrito e ilustrado por um aluno autista, fruto de um trabalho inclusivo que evidencia o impacto do FLIU na forma\u00e7\u00e3o de novos talentos liter\u00e1rios.<\/p>\n<p>A FLIU 2024 ter\u00e1 a participa\u00e7\u00e3o do escritor mo\u00e7ambicano Jos\u00e9 Eduardo Agualusa, que integrar\u00e1 uma mesa ao lado de Gil Vicente\u00a0Tavares, com media\u00e7\u00e3o do jornalista Renato\u00a0Cordeiro.\u00a0O\u00a0encontro\u00a0promete\u00a0trazer\u00a0uma\u00a0vis\u00e3o\u00a0enriquecedora\u00a0sobre\u00a0literatura e identidade cultural. O festival tamb\u00e9m oferece mesas liter\u00e1rias, shows e apresenta\u00e7\u00f5es infantis na Pra\u00e7a S\u00e3o Jo\u00e3o Batista, um dos locais que abrigar\u00e3o as atividades do evento.<\/p>\n<p>Ao longo dos tr\u00eas dias, a FLIU oferece uma programa\u00e7\u00e3o diversificada, incluindo a Fliuzinha,\u00a0voltada\u00a0para\u00a0o\u00a0p\u00fablico\u00a0infantil,\u00a0com\u00a0conta\u00e7\u00e3o\u00a0de\u00a0hist\u00f3rias,\u00a0teatro\u00a0e\u00a0atividades l\u00fadicas. Na abertura oficial, no dia 14, a C\u00e2mara de Vereadores recebe uma mesa inaugural e uma exposi\u00e7\u00e3o do xilogravurista J. Borges.<\/p>\n<p>No\u00a0palco\u00a0principal,\u00a0shows\u00a0de\u00a0Maciel\u00a0Melo\u00a0e\u00a0Claudio\u00a0Barris\u00a0s\u00e3o\u00a0alguns\u00a0dos\u00a0destaques. No\u00a0dia\u00a015,\u00a0autores\u00a0como\u00a0Siba\u00a0e\u00a0Ant\u00f4nio\u00a0Marinho\u00a0participam\u00a0de\u00a0mesas\u00a0liter\u00e1rias\u00a0e discuss\u00f5es. Encerrando o evento no dia 16, o p\u00fablico poder\u00e1 desfrutar de apresenta\u00e7\u00f5es musicais de J\u00e9ssica Caitano, Pedro Pond\u00e9, Rennan Mendes e Nilton Freitas, al\u00e9m da pe\u00e7a o Auto da Compadecida. A FLIU tem o apoio do Governo do Estado da Bahia, Funda\u00e7\u00e3o Pedro Calmon, Secretaria de Educa\u00e7\u00e3o, Prefeitura Municipal de Uau\u00e1, Deputado Z\u00f3, IRPAA.<\/p>\n<p><strong>HOMENAGEM<\/strong><\/p>\n<p>Neste ano, o evento faz uma merecida rever\u00eancia ao paraibano Ariano Suassuna, autor de obras ic\u00f4nicas como \u201cO\u00a0Auto da Compadecida\u201d e \u201cA\u00a0Pedra do Reino\u201d.<\/p>\n<p>Suassuna\u00a0\u00e9\u00a0um\u00a0dos\u00a0maiores\u00a0expoentes\u00a0da\u00a0literatura\u00a0brasileira,\u00a0fundador\u00a0do\u00a0Movimento Armorial,\u00a0conhecido\u00a0por\u00a0valorizar\u00a0a\u00a0cultura\u00a0nordestina\u00a0e\u00a0enriquecer\u00a0o\u00a0nosso\u00a0patrim\u00f4nio cultural. Uau\u00e1\u00a0se\u00a0prepara para mais\u00a0uma\u00a0edi\u00e7\u00e3o\u00a0da sua\u00a0tradicional\u00a0festa\u00a0liter\u00e1ria,\u00a0que este ano homenageia esse grande autor.<\/p>\n<p><strong><u>PROGRAMA\u00c7\u00c3O<\/u><\/strong><\/p>\n<p>14\u00a0<u>\u00a0<\/u><u>de\u00a0Novembro\u00a0(quinta-feira)<\/u><\/p>\n<p>Local:\u00a0Palco\u00a0Seu\u00a0Ademar\u00a0\u2013\u00a0Taper\u00f3a 19h30 \u2013 Mesa de\u00a0Abertura da FLIU<\/p>\n<p>20:00h &#8211;\u00a0Apresenta\u00e7\u00e3o do projeto Usina de Vagalumes \u2013 Clube de M\u00e3es<\/p>\n<p>20h30 &#8211;\u00a0Mesa\u00a01\u00a0\u2013\u00a0O\u00a0Poeta\u00a0Cantador\u00a0e\u00a0o\u00a0Sert\u00e3o\u00a0Armorial\u00a0com\u00a0Fl\u00e1vio\u00a0Leandro<\/p>\n<p>21h30 &#8211; Acordes de Seu Ademar<\/p>\n<p>22h10 &#8211; Maciel Melo 23h00\u00a0&#8211;\u00a0Claudio\u00a0Barri<\/p>\n<p>&nbsp;<\/p>\n<p>15\u00a0<u>\u00a0<\/u><u>de\u00a0Novembro\u00a0(sexta-feira)<\/u><\/p>\n<p>&nbsp;<\/p>\n<p>Local:\u00a0C\u00e2mara\u00a0de\u00a0Vereadores\u00a0\u2013\u00a0S\u00f3\u00a0sei\u00a0que\u00a0foi\u00a0assim!<\/p>\n<p>10h00\u00a0&#8211;\u00a0Abertura\u00a0da\u00a0Exposi\u00e7\u00e3o\u00a0de\u00a0J.\u00a0Borges<\/p>\n<p>Local:\u00a0CETEP\u00a0&#8211;\u00a0Espa\u00e7o\u00a0das\u00a0Letras\u00a0\u2013\u00a0A\u00a0Pedra\u00a0do\u00a0Reino<\/p>\n<p>&nbsp;<\/p>\n<p><strong>Manh\u00e3<\/strong><\/p>\n<p>Abertura\u00a0Cultural:\u00a0CETEP<\/p>\n<p>09h00\u00a0\u2013\u00a0Mesa\u00a02\u00a0&#8211;\u00a0Edu\u00a0Cordel\u00a0\u2013\u00a0Encontro\u00a0das\u00a0Artes\u00a0\u2013\u00a0Kleber\u00a0Rodrigues\u00a0e\u00a0Mariane\u00a0dos Santos Estudantes do CETEP com Maviael Melo e Fl\u00e1vio Leandro.<\/p>\n<p><strong>Abertura\u00a0Cultural\u00a0\u2013\u00a0Seduc<\/strong><\/p>\n<p>10h30 &#8211; Mesa 3 \u2013 10 anos sem o escritor que fez da cultura popular arte e luta com Siba e Ant\u00f4nio Marinho<\/p>\n<p>&nbsp;<\/p>\n<p><strong>Tarde<\/strong><\/p>\n<p>&nbsp;<\/p>\n<p><strong>Abertura\u00a0Cultural:\u00a0CENSA<\/strong><\/p>\n<p>&nbsp;<\/p>\n<p>14h30 &#8211; Mesa 4 \u2013 Salve a compositora popular com J\u00e9ssica Caitano e Flaira Ferro. (Media\u00e7\u00e3o: Claudia Costa)<\/p>\n<p>Abertura\u00a0Cultural\u00a0&#8211;\u00a0Seduc<\/p>\n<p>&nbsp;<\/p>\n<p>15h30\u00a0&#8211;\u00a0Mesa\u00a05\u00a0\u2013\u00a0Imagens\u00a0e\u00a0Can\u00e7\u00f5es\u00a0com\u00a0Maciel\u00a0Melo\u00a0e\u00a0Luiz\u00a0Rocha\u00a0(Media\u00e7\u00e3o: Maviael Melo)<\/p>\n<p>16h30\u00a0\u2013\u00a0Document\u00e1rio\u00a0Cantos\u00a0e\u00a0Falas\u00a0de\u00a0Uau\u00e1\u00a0com\u00a0Roberto\u00a0Dantas<\/p>\n<p>&nbsp;<\/p>\n<p>&nbsp;<\/p>\n<p>Local:\u00a0CETEP\u00a0\u2013\u00a0Soltando\u00a0as\u00a0Palavras\u00a0\u2013\u00a0Jo\u00e3o\u00a0Grilo\u00a0e\u00a0Chic\u00f3<\/p>\n<p>&nbsp;<\/p>\n<p>11h00\u00a0\u2013\u00a0Lan\u00e7amentos\u00a0e\u00a0Bate\u00a0Papo\u00a0do\u00a0Livro\u00a0Canudos\u00a0Imortal\u00a0e\u00a0Rediviva\u00a0com\u00a0Manuel\u00a0Neto<\/p>\n<p>16h00\u00a0\u2013\u00a0Lan\u00e7amento\u00a0e\u00a0Bate\u00a0Papo\u00a0com\u00a0Claudya\u00a0Costta\u00a0e\u00a0Carlos\u00a0Leal<\/p>\n<p>Atividades\u00a0L\u00fadicas\u00a0no\u00a0projeto\u00a0Leve\u00a0e\u00a0Leia<\/p>\n<p>&nbsp;<\/p>\n<p>Local:\u00a0Pra\u00e7a\u00a0S\u00e3o\u00a0Jo\u00e3o\u00a0Batista\u00a0\u2013\u00a0A\u00a0Caseira\u00a0e\u00a0a\u00a0Catarina<\/p>\n<p>Z\u00e9 \u00a0Livr\u00f3rio<\/p>\n<p>Conta\u00e7\u00f5es\u00a0de\u00a0Hist\u00f3rias<\/p>\n<p>&nbsp;<\/p>\n<p>Local:\u00a0Pra\u00e7a\u00a0S\u00e3o\u00a0Jo\u00e3o\u00a0Batista\u00a0&#8211;\u00a0FALE\u00a0do\u00a0seu\u00a0Espa\u00e7o<\/p>\n<p>Estandes da Secretaria de Educa\u00e7\u00e3o<\/p>\n<p>Apresenta\u00e7\u00f5es\u00a0das\u00a0escolas<\/p>\n<p>&nbsp;<\/p>\n<p>Fliuzinha<\/p>\n<p>&nbsp;<\/p>\n<p>Local:\u00a0C\u00e2mara\u00a0de\u00a0Vereadores\u00a0\u2013\u00a0S\u00f3\u00a0sei\u00a0que\u00a0foi\u00a0assim!<\/p>\n<p>09h00 \u2013 Risos Ancestrais<\/p>\n<p>10h00\u00a0\u2013\u00a0S\u00e1lua\u00a0Chequer\u00a0\u2013\u00a0Essa\u00a0Toalha\u00a0tem\u00a0Est\u00f3ria<\/p>\n<p>14h30 \u2013 Risos Ancestrais<\/p>\n<p>&nbsp;<\/p>\n<p>Local:\u00a0Palco\u00a0Seu\u00a0Ademar\u00a0Taper\u00f3a<\/p>\n<p>20h00 \u2013 Bruna Dias<\/p>\n<p>20h40 \u2013 Fogo Pag\u00f4<\/p>\n<p>21h40\u00a0&#8211;\u00a0Flaira\u00a0Ferro<\/p>\n<p>22h40 \u2013 Siba<\/p>\n<p>&nbsp;<\/p>\n<p>&nbsp;<\/p>\n<p>16\u00a0<u>de\u00a0Novembro\u00a0(S\u00e1bado)<\/u><\/p>\n<p>&nbsp;<\/p>\n<p>Local:\u00a0CETEP\u00a0&#8211;\u00a0Espa\u00e7o\u00a0das\u00a0Letras\u00a0&#8211;\u00a0A\u00a0Pedra\u00a0do\u00a0Reino<\/p>\n<p>Abertura Cultural: Seduc<\/p>\n<p>09h30 &#8211; Mesa 6 \u2013 Literatura po\u00e9tica e Comunica\u00e7\u00e3o com\u00a0Anderson Shon e Roberta Guritti (Media\u00e7\u00e3o: Mariana Guimar\u00e3es)<\/p>\n<p>Abertura\u00a0Cultural:\u00a0CETEP<\/p>\n<p>&nbsp;<\/p>\n<p>10h30\u00a0&#8211;\u00a0Mesa\u00a07\u00a0\u2013\u00a0J\u00a0Borges\u00a0\u2013\u00a0Entre\u00a0F\u00e1bulas\u00a0e\u00a0Ast\u00facia\u00a0com\u00a0Maria\u00a0Alice\u00a0Amorim\u00a0e\u00a0Pablo\u00a0Borges<\/p>\n<p>14h30 &#8211; Mesa 8 \u2013 Edu Cordel \u2013 Encontro das\u00a0Artes \u2013 Let\u00edcia Ribeiro e Luis Henrique \u2013 Estudantes do CENSA\u00a0Com Maviael Melo e Pok Ribeiro.<\/p>\n<p>Abertura\u00a0Cultural:\u00a0Seduc<\/p>\n<p>&nbsp;<\/p>\n<p>15h30\u00a0&#8211;\u00a0Mesa\u00a09\u00a0&#8211;\u00a0A\u00a0Sociedade\u00a0dos\u00a0Sonhadores\u00a0e\u00a0Outras\u00a0Hist\u00f3rias-\u00a0Gil\u00a0Vicente\u00a0Tavares e Jos\u00e9 Eduardo Agualusa. (Media\u00e7\u00e3o: Renato Cordeiro).<\/p>\n<p>Local: CETEP \u2013 Soltando as Palavras \u2013 Jo\u00e3o Grilo e Chic\u00f3<\/p>\n<p>10h00\u00a0\u2013\u00a0Lan\u00e7amento\u00a0do\u00a0Livro\u00a0Ess\u00eancia\u00a0\u2013\u00a0Antologia<\/p>\n<p>Estudantil<\/p>\n<p>11h00\u00a0\u2013\u00a0Lan\u00e7amento\u00a0do\u00a0Livro\u00a0Dez\u00a0contos\u00a0e\u00a0uns\u00a0vint\u00e9ns &#8211;\u00a0Autor:\u00a0Zeca\u00a0Moreira<\/p>\n<p>15:00h \u2013 Minha\u2019rim\u00e3 \u2013 Autora: Pok Ribeiro<\/p>\n<p>16:00h \u2013 Os animais e o Ca\u00e7ador. Autor: Miqueias de Almeida \/ Ilustrador: Thomaz\u00a0Almeida.<\/p>\n<p>Atividades\u00a0L\u00fadica\u00a0no\u00a0projeto\u00a0Leve\u00a0e\u00a0Leia<\/p>\n<p>Local:\u00a0Pra\u00e7a\u00a0S\u00e3o\u00a0Jo\u00e3o\u00a0Batista\u00a0\u2013\u00a0A\u00a0Caseira\u00a0e\u00a0a\u00a0Catarina<\/p>\n<p>Z\u00e9 Livr\u00f3rio<\/p>\n<p>&nbsp;<\/p>\n<p>Conta\u00e7\u00f5es\u00a0de\u00a0Hist\u00f3rias<\/p>\n<p>&nbsp;<\/p>\n<p>Local:\u00a0Pra\u00e7a\u00a0S\u00e3o\u00a0Jo\u00e3o\u00a0Batista\u00a0&#8211;\u00a0FALE\u00a0do\u00a0seu\u00a0Espa\u00e7o<\/p>\n<p>Estandes da Secretaria de Educa\u00e7\u00e3o<\/p>\n<p>Apresenta\u00e7\u00f5es\u00a0das\u00a0escolas<\/p>\n<p>&nbsp;<\/p>\n<p>&nbsp;<\/p>\n<p>Fliuzinha<\/p>\n<p>&nbsp;<\/p>\n<p>Local:\u00a0C\u00e2mara\u00a0de\u00a0Vereadores\u00a0\u2013\u00a0S\u00f3\u00a0sei\u00a0que\u00a0foi\u00a0assim!<\/p>\n<p>09h00 \u2013 Galeota do S\u00e3o Francisco<\/p>\n<p>10h00\u00a0\u2013\u00a0Ricardo\u00a0Ishmael\u00a0\u2013\u00a0Porque\u00a0as\u00a0Nuvens\u00a0Choram?<\/p>\n<p>14h00 \u2013 S\u00e1lua Chequer \u2013 Essa Toalha tem Est\u00f3ria<\/p>\n<p>16h00 &#8211; Galeota do S\u00e3o Francisco<\/p>\n<p>&nbsp;<\/p>\n<p>Local:\u00a0Palco\u00a0Seu\u00a0Ademar &#8211;\u00a0Tapero\u00e1<\/p>\n<p>&nbsp;<\/p>\n<p>20h00\u00a0\u2013\u00a0Apresenta\u00e7\u00e3o\u00a0da\u00a0Pe\u00e7a\u00a0O\u00a0Auto\u00a0da\u00a0Compadecida<\/p>\n<p>21h00 \u2013 J\u00e9ssica Caitano<\/p>\n<p>22:00h\u00a0\u2013\u00a0Pedro\u00a0Pond\u00e9<\/p>\n<p>23:00h\u00a0&#8211;\u00a0Nilton\u00a0Freitas\u00a0e\u00a0Rennan\u00a0Mendes<\/p>\n<p>&nbsp;<\/p>\n<p><strong>CLAS Comunica\u00e7\u00e3o &amp; Marketing<\/strong><\/p>\n","protected":false},"excerpt":{"rendered":"<p>Evento acontece desta quinta, 14, a 16 de novembro e destaca a for\u00e7a da literatura, arte e inclus\u00e3o cultural &nbsp; A cidade de Uau\u00e1, no sert\u00e3o baiano, se prepara para receber a quinta edi\u00e7\u00e3o da *Festa Liter\u00e1ria de Uau\u00e1 (FLIU)*, que ocorre de hoje, 14, a 16 de novembro de 2024. Conhecido por promover a riqueza liter\u00e1ria e cultural da regi\u00e3o, o evento ir\u00e1 homenagear o ic\u00f4nico Ariano Suassuna, reunindo nomes de destaque da literatura brasileira e internacional, reafirmando seu compromisso com a diversidade e o fortalecimento da express\u00e3o cultural do sert\u00e3o. Abrindo o festival, oficinas e atividades em escolas locais fomentam o gosto pela leitura\u00a0e\u00a0pela\u00a0escrita,\u00a0com\u00a0destaque\u00a0para\u00a0o\u00a0lan\u00e7amento\u00a0de\u00a0um\u00a0livro\u00a0de\u00a0Cordel\u00a0e\u00a0Poesia, produzido por alunos do projeto Edu Cordel. Outra obra especial ser\u00e1 lan\u00e7ada: um livro&hellip; <\/p>\n","protected":false},"author":2,"featured_media":288317,"comment_status":"open","ping_status":"open","sticky":false,"template":"","format":"standard","meta":{"_acf_changed":false,"footnotes":""},"categories":[27,10],"tags":[],"class_list":["post-381084","post","type-post","status-publish","format-standard","has-post-thumbnail","hentry","category-cidades","category-cultura"],"acf":[],"yoast_head":"<!-- This site is optimized with the Yoast SEO plugin v27.4 - https:\/\/yoast.com\/product\/yoast-seo-wordpress\/ -->\n<title>Come\u00e7a hoje em Uau\u00e1, a V Festa Liter\u00e1ria de Uau\u00e1 (FLIU) homenageando Ariano Suassuna - Blog do Farn\u00e9sio<\/title>\n<meta name=\"robots\" content=\"index, follow, max-snippet:-1, max-image-preview:large, max-video-preview:-1\" \/>\n<link rel=\"canonical\" href=\"https:\/\/blogdofarnesio.com.br\/?p=381084\" \/>\n<meta property=\"og:locale\" content=\"pt_BR\" \/>\n<meta property=\"og:type\" content=\"article\" \/>\n<meta property=\"og:title\" content=\"Come\u00e7a hoje em Uau\u00e1, a V Festa Liter\u00e1ria de Uau\u00e1 (FLIU) homenageando Ariano Suassuna - Blog do Farn\u00e9sio\" \/>\n<meta property=\"og:description\" content=\"Evento acontece desta quinta, 14, a 16 de novembro e destaca a for\u00e7a da literatura, arte e inclus\u00e3o cultural &nbsp; A cidade de Uau\u00e1, no sert\u00e3o baiano, se prepara para receber a quinta edi\u00e7\u00e3o da *Festa Liter\u00e1ria de Uau\u00e1 (FLIU)*, que ocorre de hoje, 14, a 16 de novembro de 2024. Conhecido por promover a riqueza liter\u00e1ria e cultural da regi\u00e3o, o evento ir\u00e1 homenagear o ic\u00f4nico Ariano Suassuna, reunindo nomes de destaque da literatura brasileira e internacional, reafirmando seu compromisso com a diversidade e o fortalecimento da express\u00e3o cultural do sert\u00e3o. Abrindo o festival, oficinas e atividades em escolas locais fomentam o gosto pela leitura\u00a0e\u00a0pela\u00a0escrita,\u00a0com\u00a0destaque\u00a0para\u00a0o\u00a0lan\u00e7amento\u00a0de\u00a0um\u00a0livro\u00a0de\u00a0Cordel\u00a0e\u00a0Poesia, produzido por alunos do projeto Edu Cordel. Outra obra especial ser\u00e1 lan\u00e7ada: um livro&hellip;\" \/>\n<meta property=\"og:url\" content=\"https:\/\/blogdofarnesio.com.br\/?p=381084\" \/>\n<meta property=\"og:site_name\" content=\"Blog do Farn\u00e9sio\" \/>\n<meta property=\"article:publisher\" content=\"https:\/\/www.facebook.com\/BlogQuerSaberPolitica\/\" \/>\n<meta property=\"article:author\" content=\"https:\/\/www.facebook.com\/?ref=tn_tnmn\" \/>\n<meta property=\"article:published_time\" content=\"2024-11-14T12:23:22+00:00\" \/>\n<meta property=\"og:image\" content=\"https:\/\/blogdofarnesio.com.br\/wp-content\/uploads\/2021\/06\/blogqspariano-suassuna.jpg\" \/>\n\t<meta property=\"og:image:width\" content=\"336\" \/>\n\t<meta property=\"og:image:height\" content=\"178\" \/>\n\t<meta property=\"og:image:type\" content=\"image\/jpeg\" \/>\n<meta name=\"author\" content=\"Farn\u00e9sio\" \/>\n<meta name=\"twitter:card\" content=\"summary_large_image\" \/>\n<meta name=\"twitter:label1\" content=\"Escrito por\" \/>\n\t<meta name=\"twitter:data1\" content=\"Farn\u00e9sio\" \/>\n\t<meta name=\"twitter:label2\" content=\"Est. tempo de leitura\" \/>\n\t<meta name=\"twitter:data2\" content=\"6 minutos\" \/>\n<script type=\"application\/ld+json\" class=\"yoast-schema-graph\">{\"@context\":\"https:\\\/\\\/schema.org\",\"@graph\":[{\"@type\":\"Article\",\"@id\":\"https:\\\/\\\/blogdofarnesio.com.br\\\/?p=381084#article\",\"isPartOf\":{\"@id\":\"https:\\\/\\\/blogdofarnesio.com.br\\\/?p=381084\"},\"author\":{\"name\":\"Farn\u00e9sio\",\"@id\":\"https:\\\/\\\/blogdofarnesio.com.br\\\/#\\\/schema\\\/person\\\/bb9b23ae3ad0609ce8df7b6c9e76824d\"},\"headline\":\"Come\u00e7a hoje em Uau\u00e1, a V Festa Liter\u00e1ria de Uau\u00e1 (FLIU) homenageando Ariano Suassuna\",\"datePublished\":\"2024-11-14T12:23:22+00:00\",\"mainEntityOfPage\":{\"@id\":\"https:\\\/\\\/blogdofarnesio.com.br\\\/?p=381084\"},\"wordCount\":1131,\"commentCount\":0,\"publisher\":{\"@id\":\"https:\\\/\\\/blogdofarnesio.com.br\\\/#organization\"},\"image\":{\"@id\":\"https:\\\/\\\/blogdofarnesio.com.br\\\/?p=381084#primaryimage\"},\"thumbnailUrl\":\"https:\\\/\\\/blogdofarnesio.com.br\\\/wp-content\\\/uploads\\\/2021\\\/06\\\/blogqspariano-suassuna.jpg\",\"articleSection\":[\"Cidades\",\"Cultura\"],\"inLanguage\":\"pt-BR\",\"potentialAction\":[{\"@type\":\"CommentAction\",\"name\":\"Comment\",\"target\":[\"https:\\\/\\\/blogdofarnesio.com.br\\\/?p=381084#respond\"]}]},{\"@type\":\"WebPage\",\"@id\":\"https:\\\/\\\/blogdofarnesio.com.br\\\/?p=381084\",\"url\":\"https:\\\/\\\/blogdofarnesio.com.br\\\/?p=381084\",\"name\":\"Come\u00e7a hoje em Uau\u00e1, a V Festa Liter\u00e1ria de Uau\u00e1 (FLIU) homenageando Ariano Suassuna - Blog do Farn\u00e9sio\",\"isPartOf\":{\"@id\":\"https:\\\/\\\/blogdofarnesio.com.br\\\/#website\"},\"primaryImageOfPage\":{\"@id\":\"https:\\\/\\\/blogdofarnesio.com.br\\\/?p=381084#primaryimage\"},\"image\":{\"@id\":\"https:\\\/\\\/blogdofarnesio.com.br\\\/?p=381084#primaryimage\"},\"thumbnailUrl\":\"https:\\\/\\\/blogdofarnesio.com.br\\\/wp-content\\\/uploads\\\/2021\\\/06\\\/blogqspariano-suassuna.jpg\",\"datePublished\":\"2024-11-14T12:23:22+00:00\",\"breadcrumb\":{\"@id\":\"https:\\\/\\\/blogdofarnesio.com.br\\\/?p=381084#breadcrumb\"},\"inLanguage\":\"pt-BR\",\"potentialAction\":[{\"@type\":\"ReadAction\",\"target\":[\"https:\\\/\\\/blogdofarnesio.com.br\\\/?p=381084\"]}]},{\"@type\":\"ImageObject\",\"inLanguage\":\"pt-BR\",\"@id\":\"https:\\\/\\\/blogdofarnesio.com.br\\\/?p=381084#primaryimage\",\"url\":\"https:\\\/\\\/blogdofarnesio.com.br\\\/wp-content\\\/uploads\\\/2021\\\/06\\\/blogqspariano-suassuna.jpg\",\"contentUrl\":\"https:\\\/\\\/blogdofarnesio.com.br\\\/wp-content\\\/uploads\\\/2021\\\/06\\\/blogqspariano-suassuna.jpg\",\"width\":336,\"height\":178},{\"@type\":\"BreadcrumbList\",\"@id\":\"https:\\\/\\\/blogdofarnesio.com.br\\\/?p=381084#breadcrumb\",\"itemListElement\":[{\"@type\":\"ListItem\",\"position\":1,\"name\":\"In\u00edcio\",\"item\":\"https:\\\/\\\/blogdofarnesio.com.br\\\/\"},{\"@type\":\"ListItem\",\"position\":2,\"name\":\"Come\u00e7a hoje em Uau\u00e1, a V Festa Liter\u00e1ria de Uau\u00e1 (FLIU) homenageando Ariano Suassuna\"}]},{\"@type\":\"WebSite\",\"@id\":\"https:\\\/\\\/blogdofarnesio.com.br\\\/#website\",\"url\":\"https:\\\/\\\/blogdofarnesio.com.br\\\/\",\"name\":\"Blog do Farn\u00e9sio\",\"description\":\"Quer Saber Pol\u00edtica?\",\"publisher\":{\"@id\":\"https:\\\/\\\/blogdofarnesio.com.br\\\/#organization\"},\"potentialAction\":[{\"@type\":\"SearchAction\",\"target\":{\"@type\":\"EntryPoint\",\"urlTemplate\":\"https:\\\/\\\/blogdofarnesio.com.br\\\/?s={search_term_string}\"},\"query-input\":{\"@type\":\"PropertyValueSpecification\",\"valueRequired\":true,\"valueName\":\"search_term_string\"}}],\"inLanguage\":\"pt-BR\"},{\"@type\":\"Organization\",\"@id\":\"https:\\\/\\\/blogdofarnesio.com.br\\\/#organization\",\"name\":\"Blog do Farn\u00e9sio\",\"url\":\"https:\\\/\\\/blogdofarnesio.com.br\\\/\",\"logo\":{\"@type\":\"ImageObject\",\"inLanguage\":\"pt-BR\",\"@id\":\"https:\\\/\\\/blogdofarnesio.com.br\\\/#\\\/schema\\\/logo\\\/image\\\/\",\"url\":\"https:\\\/\\\/blogdofarnesio.com.br\\\/wp-content\\\/uploads\\\/2026\\\/03\\\/cropped-logo_new-1.png\",\"contentUrl\":\"https:\\\/\\\/blogdofarnesio.com.br\\\/wp-content\\\/uploads\\\/2026\\\/03\\\/cropped-logo_new-1.png\",\"width\":881,\"height\":685,\"caption\":\"Blog do Farn\u00e9sio\"},\"image\":{\"@id\":\"https:\\\/\\\/blogdofarnesio.com.br\\\/#\\\/schema\\\/logo\\\/image\\\/\"},\"sameAs\":[\"https:\\\/\\\/www.facebook.com\\\/BlogQuerSaberPolitica\\\/\"]},{\"@type\":\"Person\",\"@id\":\"https:\\\/\\\/blogdofarnesio.com.br\\\/#\\\/schema\\\/person\\\/bb9b23ae3ad0609ce8df7b6c9e76824d\",\"name\":\"Farn\u00e9sio\",\"image\":{\"@type\":\"ImageObject\",\"inLanguage\":\"pt-BR\",\"@id\":\"https:\\\/\\\/secure.gravatar.com\\\/avatar\\\/986aa4c61ccdb66f8555bf88fc2a65609d00bcabd4d2d94377a727547345cbca?s=96&d=mm&r=g\",\"url\":\"https:\\\/\\\/secure.gravatar.com\\\/avatar\\\/986aa4c61ccdb66f8555bf88fc2a65609d00bcabd4d2d94377a727547345cbca?s=96&d=mm&r=g\",\"contentUrl\":\"https:\\\/\\\/secure.gravatar.com\\\/avatar\\\/986aa4c61ccdb66f8555bf88fc2a65609d00bcabd4d2d94377a727547345cbca?s=96&d=mm&r=g\",\"caption\":\"Farn\u00e9sio\"},\"description\":\"Radialista blogueiro, chegou a Petrolina\\\/Juazeiro em setembro de 1980, Farn\u00e9sio Silva \u00e9 de Arapiraca-Alagoas.\",\"sameAs\":[\"http:\\\/\\\/blogdofarnesio.com.br\",\"https:\\\/\\\/www.facebook.com\\\/?ref=tn_tnmn\",\"https:\\\/\\\/www.instagram.com\\\/?utm_source=pwa_homescreen\",\"https:\\\/\\\/youtube.com.br\\\/\"],\"url\":\"https:\\\/\\\/blogdofarnesio.com.br\\\/?author=2\"}]}<\/script>\n<!-- \/ Yoast SEO plugin. -->","yoast_head_json":{"title":"Come\u00e7a hoje em Uau\u00e1, a V Festa Liter\u00e1ria de Uau\u00e1 (FLIU) homenageando Ariano Suassuna - Blog do Farn\u00e9sio","robots":{"index":"index","follow":"follow","max-snippet":"max-snippet:-1","max-image-preview":"max-image-preview:large","max-video-preview":"max-video-preview:-1"},"canonical":"https:\/\/blogdofarnesio.com.br\/?p=381084","og_locale":"pt_BR","og_type":"article","og_title":"Come\u00e7a hoje em Uau\u00e1, a V Festa Liter\u00e1ria de Uau\u00e1 (FLIU) homenageando Ariano Suassuna - Blog do Farn\u00e9sio","og_description":"Evento acontece desta quinta, 14, a 16 de novembro e destaca a for\u00e7a da literatura, arte e inclus\u00e3o cultural &nbsp; A cidade de Uau\u00e1, no sert\u00e3o baiano, se prepara para receber a quinta edi\u00e7\u00e3o da *Festa Liter\u00e1ria de Uau\u00e1 (FLIU)*, que ocorre de hoje, 14, a 16 de novembro de 2024. Conhecido por promover a riqueza liter\u00e1ria e cultural da regi\u00e3o, o evento ir\u00e1 homenagear o ic\u00f4nico Ariano Suassuna, reunindo nomes de destaque da literatura brasileira e internacional, reafirmando seu compromisso com a diversidade e o fortalecimento da express\u00e3o cultural do sert\u00e3o. Abrindo o festival, oficinas e atividades em escolas locais fomentam o gosto pela leitura\u00a0e\u00a0pela\u00a0escrita,\u00a0com\u00a0destaque\u00a0para\u00a0o\u00a0lan\u00e7amento\u00a0de\u00a0um\u00a0livro\u00a0de\u00a0Cordel\u00a0e\u00a0Poesia, produzido por alunos do projeto Edu Cordel. Outra obra especial ser\u00e1 lan\u00e7ada: um livro&hellip;","og_url":"https:\/\/blogdofarnesio.com.br\/?p=381084","og_site_name":"Blog do Farn\u00e9sio","article_publisher":"https:\/\/www.facebook.com\/BlogQuerSaberPolitica\/","article_author":"https:\/\/www.facebook.com\/?ref=tn_tnmn","article_published_time":"2024-11-14T12:23:22+00:00","og_image":[{"width":336,"height":178,"url":"https:\/\/blogdofarnesio.com.br\/wp-content\/uploads\/2021\/06\/blogqspariano-suassuna.jpg","type":"image\/jpeg"}],"author":"Farn\u00e9sio","twitter_card":"summary_large_image","twitter_misc":{"Escrito por":"Farn\u00e9sio","Est. tempo de leitura":"6 minutos"},"schema":{"@context":"https:\/\/schema.org","@graph":[{"@type":"Article","@id":"https:\/\/blogdofarnesio.com.br\/?p=381084#article","isPartOf":{"@id":"https:\/\/blogdofarnesio.com.br\/?p=381084"},"author":{"name":"Farn\u00e9sio","@id":"https:\/\/blogdofarnesio.com.br\/#\/schema\/person\/bb9b23ae3ad0609ce8df7b6c9e76824d"},"headline":"Come\u00e7a hoje em Uau\u00e1, a V Festa Liter\u00e1ria de Uau\u00e1 (FLIU) homenageando Ariano Suassuna","datePublished":"2024-11-14T12:23:22+00:00","mainEntityOfPage":{"@id":"https:\/\/blogdofarnesio.com.br\/?p=381084"},"wordCount":1131,"commentCount":0,"publisher":{"@id":"https:\/\/blogdofarnesio.com.br\/#organization"},"image":{"@id":"https:\/\/blogdofarnesio.com.br\/?p=381084#primaryimage"},"thumbnailUrl":"https:\/\/blogdofarnesio.com.br\/wp-content\/uploads\/2021\/06\/blogqspariano-suassuna.jpg","articleSection":["Cidades","Cultura"],"inLanguage":"pt-BR","potentialAction":[{"@type":"CommentAction","name":"Comment","target":["https:\/\/blogdofarnesio.com.br\/?p=381084#respond"]}]},{"@type":"WebPage","@id":"https:\/\/blogdofarnesio.com.br\/?p=381084","url":"https:\/\/blogdofarnesio.com.br\/?p=381084","name":"Come\u00e7a hoje em Uau\u00e1, a V Festa Liter\u00e1ria de Uau\u00e1 (FLIU) homenageando Ariano Suassuna - Blog do Farn\u00e9sio","isPartOf":{"@id":"https:\/\/blogdofarnesio.com.br\/#website"},"primaryImageOfPage":{"@id":"https:\/\/blogdofarnesio.com.br\/?p=381084#primaryimage"},"image":{"@id":"https:\/\/blogdofarnesio.com.br\/?p=381084#primaryimage"},"thumbnailUrl":"https:\/\/blogdofarnesio.com.br\/wp-content\/uploads\/2021\/06\/blogqspariano-suassuna.jpg","datePublished":"2024-11-14T12:23:22+00:00","breadcrumb":{"@id":"https:\/\/blogdofarnesio.com.br\/?p=381084#breadcrumb"},"inLanguage":"pt-BR","potentialAction":[{"@type":"ReadAction","target":["https:\/\/blogdofarnesio.com.br\/?p=381084"]}]},{"@type":"ImageObject","inLanguage":"pt-BR","@id":"https:\/\/blogdofarnesio.com.br\/?p=381084#primaryimage","url":"https:\/\/blogdofarnesio.com.br\/wp-content\/uploads\/2021\/06\/blogqspariano-suassuna.jpg","contentUrl":"https:\/\/blogdofarnesio.com.br\/wp-content\/uploads\/2021\/06\/blogqspariano-suassuna.jpg","width":336,"height":178},{"@type":"BreadcrumbList","@id":"https:\/\/blogdofarnesio.com.br\/?p=381084#breadcrumb","itemListElement":[{"@type":"ListItem","position":1,"name":"In\u00edcio","item":"https:\/\/blogdofarnesio.com.br\/"},{"@type":"ListItem","position":2,"name":"Come\u00e7a hoje em Uau\u00e1, a V Festa Liter\u00e1ria de Uau\u00e1 (FLIU) homenageando Ariano Suassuna"}]},{"@type":"WebSite","@id":"https:\/\/blogdofarnesio.com.br\/#website","url":"https:\/\/blogdofarnesio.com.br\/","name":"Blog do Farn\u00e9sio","description":"Quer Saber Pol\u00edtica?","publisher":{"@id":"https:\/\/blogdofarnesio.com.br\/#organization"},"potentialAction":[{"@type":"SearchAction","target":{"@type":"EntryPoint","urlTemplate":"https:\/\/blogdofarnesio.com.br\/?s={search_term_string}"},"query-input":{"@type":"PropertyValueSpecification","valueRequired":true,"valueName":"search_term_string"}}],"inLanguage":"pt-BR"},{"@type":"Organization","@id":"https:\/\/blogdofarnesio.com.br\/#organization","name":"Blog do Farn\u00e9sio","url":"https:\/\/blogdofarnesio.com.br\/","logo":{"@type":"ImageObject","inLanguage":"pt-BR","@id":"https:\/\/blogdofarnesio.com.br\/#\/schema\/logo\/image\/","url":"https:\/\/blogdofarnesio.com.br\/wp-content\/uploads\/2026\/03\/cropped-logo_new-1.png","contentUrl":"https:\/\/blogdofarnesio.com.br\/wp-content\/uploads\/2026\/03\/cropped-logo_new-1.png","width":881,"height":685,"caption":"Blog do Farn\u00e9sio"},"image":{"@id":"https:\/\/blogdofarnesio.com.br\/#\/schema\/logo\/image\/"},"sameAs":["https:\/\/www.facebook.com\/BlogQuerSaberPolitica\/"]},{"@type":"Person","@id":"https:\/\/blogdofarnesio.com.br\/#\/schema\/person\/bb9b23ae3ad0609ce8df7b6c9e76824d","name":"Farn\u00e9sio","image":{"@type":"ImageObject","inLanguage":"pt-BR","@id":"https:\/\/secure.gravatar.com\/avatar\/986aa4c61ccdb66f8555bf88fc2a65609d00bcabd4d2d94377a727547345cbca?s=96&d=mm&r=g","url":"https:\/\/secure.gravatar.com\/avatar\/986aa4c61ccdb66f8555bf88fc2a65609d00bcabd4d2d94377a727547345cbca?s=96&d=mm&r=g","contentUrl":"https:\/\/secure.gravatar.com\/avatar\/986aa4c61ccdb66f8555bf88fc2a65609d00bcabd4d2d94377a727547345cbca?s=96&d=mm&r=g","caption":"Farn\u00e9sio"},"description":"Radialista blogueiro, chegou a Petrolina\/Juazeiro em setembro de 1980, Farn\u00e9sio Silva \u00e9 de Arapiraca-Alagoas.","sameAs":["http:\/\/blogdofarnesio.com.br","https:\/\/www.facebook.com\/?ref=tn_tnmn","https:\/\/www.instagram.com\/?utm_source=pwa_homescreen","https:\/\/youtube.com.br\/"],"url":"https:\/\/blogdofarnesio.com.br\/?author=2"}]}},"_links":{"self":[{"href":"https:\/\/blogdofarnesio.com.br\/index.php?rest_route=\/wp\/v2\/posts\/381084","targetHints":{"allow":["GET"]}}],"collection":[{"href":"https:\/\/blogdofarnesio.com.br\/index.php?rest_route=\/wp\/v2\/posts"}],"about":[{"href":"https:\/\/blogdofarnesio.com.br\/index.php?rest_route=\/wp\/v2\/types\/post"}],"author":[{"embeddable":true,"href":"https:\/\/blogdofarnesio.com.br\/index.php?rest_route=\/wp\/v2\/users\/2"}],"replies":[{"embeddable":true,"href":"https:\/\/blogdofarnesio.com.br\/index.php?rest_route=%2Fwp%2Fv2%2Fcomments&post=381084"}],"version-history":[{"count":0,"href":"https:\/\/blogdofarnesio.com.br\/index.php?rest_route=\/wp\/v2\/posts\/381084\/revisions"}],"wp:featuredmedia":[{"embeddable":true,"href":"https:\/\/blogdofarnesio.com.br\/index.php?rest_route=\/wp\/v2\/media\/288317"}],"wp:attachment":[{"href":"https:\/\/blogdofarnesio.com.br\/index.php?rest_route=%2Fwp%2Fv2%2Fmedia&parent=381084"}],"wp:term":[{"taxonomy":"category","embeddable":true,"href":"https:\/\/blogdofarnesio.com.br\/index.php?rest_route=%2Fwp%2Fv2%2Fcategories&post=381084"},{"taxonomy":"post_tag","embeddable":true,"href":"https:\/\/blogdofarnesio.com.br\/index.php?rest_route=%2Fwp%2Fv2%2Ftags&post=381084"}],"curies":[{"name":"wp","href":"https:\/\/api.w.org\/{rel}","templated":true}]}}