{"id":381036,"date":"2024-11-12T08:03:30","date_gmt":"2024-11-12T11:03:30","guid":{"rendered":"https:\/\/blogdofarnesio.com.br\/?p=381036"},"modified":"2024-11-11T18:57:49","modified_gmt":"2024-11-11T21:57:49","slug":"vale-sonhar","status":"publish","type":"post","link":"https:\/\/blogdofarnesio.com.br\/?p=381036","title":{"rendered":"Vale Sonhar!"},"content":{"rendered":"<p><b>\u00a0<\/b><b>*Maviael Melo\u00a0 &#8211;\u00a0\u00a0<\/b><\/p>\n<p>Tinha um menino na beira do rio, olhando o tempo da ponte, em seu pensamento muitas lembran\u00e7as daqueles dias, os versos e as imagens de um cinema na pra\u00e7a, ao ch\u00e1 de Alfavaca, pisando o junco \u00e0s margens daquele rio t\u00e3o s\u00e3o, t\u00e3o Francisco. Olhava ele para o rio e ria com tantas mem\u00f3rias produzidas em t\u00e3o pouco tempo. Foi essa a imagem que ficou em mim, em n\u00f3s, que passeamos por essa beira de sons, poesia, imagens e cores. Uma crian\u00e7a alegre e feliz.<\/p>\n<p>&nbsp;<\/p>\n<p>O Usina Cultural do Vale do S\u00e3o Francisco, em sua primeira edi\u00e7\u00e3o, foi numa moenda de artes e, cada vez que girava, n\u00e3o triturava, ao reverso do espa\u00e7o ela espalhava pelos ares os sonhos daqueles jovens do Salitre, do Jardim Primavera e do col\u00e9gio Modelo, \u201cS\u00f3 sei que foi assim!\u201d precisa, igual ao tempo do olhar, dos c\u00f3rregos desse rio que se move em \u00e1guas t\u00e3o distintas, perenes e constantes, com poesia, viol\u00e3o, cinema, rimas, fotografias e as vozes que ecoaram pelo vale, dedilhando em tons diversos, mostrando como o tempo se esvai, assim t\u00e3o divertidamente cantante.<\/p>\n<p>&nbsp;<\/p>\n<p>Uma orla e o seu vapor, ao lado de Jo\u00e3o ouvindo as \u2013 Lite e as semi_\u00e1ridas \u2013 Com todo Em Canto de uma poesia nossa, dos Raimundinhos e seus acordes, foi assim a primeira noite que, abastecendo os cantos subiu rio acima e sextou com Ana Barroso, Maviael Melo, Jo\u00e3o Sereno e Raymundo Sodr\u00e9, com sua massa real, entregando a Maciel Melo e Renato Teixeira, centenas de olhares brilhosos e felizes com o que viam e ouviam naquela pra\u00e7a em Romaria de risos.<\/p>\n<p>&nbsp;<\/p>\n<p>O amanhecer t\u00e3o lindo foi acarinhar o Lar de alguns idosos felizes, com os Seresteiros do Vale, que trouxeram a boemia de volta ao palco, com Andrezza Santos e Rennan Mendes, que afinados em sons diversos, abriram as alas do sal\u00e3o, do bai\u00e3o pra Adelm\u00e1rio Coelho e sua trupe em chamas de fazer ferver a nossa cultura.<\/p>\n<p>&nbsp;<\/p>\n<p>Foram quatro dias intensos, de alguns meses tecidos no cuidado de querer. V\u00e1rias formas e jeitos, m\u00e3os que se juntaram pra fazer a Usina girar, e em cada giro um sonho, uma forma e um tanto de cada um de n\u00f3s, semeados pela sensibilidade po\u00e9tica de Higino Canuto, numa Agrovale que, atrav\u00e9s do Faz Cultura, do Governo do Estado da Bahia, aportou a confian\u00e7a, das nossas produ\u00e7\u00f5es com Nyki, Entre Versos e pela Carranca que conduziu o nosso barco, juntamente com a CESOL, onde um Rom\u00e1rio no passe certeiro fez bela assist\u00eancia na Feira de Economia Solid\u00e1ria, com um toque de craque aos voos de uma Sincronia, espalhados pela Nativa e Clas, comunicando a toda essa gente do vale: Que vale a pena sonhar!<\/p>\n<p>Eu vi sim, aquele menino na pra\u00e7a, sonhando, olhando a ponte, correndo em c\u00edrculos e, com sua cadeira de frente pra o riso, girar por uma USINA de sonhos e cantares.<\/p>\n<p>&nbsp;<\/p>\n<p>&nbsp;<\/p>\n<p><b>*Poeta e Cantador<\/b><\/p>\n<p><b>Curador e Coordenador do\u00a0Usina\u00a0Cultural<\/b><\/p>\n","protected":false},"excerpt":{"rendered":"<p>\u00a0*Maviael Melo\u00a0 &#8211;\u00a0\u00a0 Tinha um menino na beira do rio, olhando o tempo da ponte, em seu pensamento muitas lembran\u00e7as daqueles dias, os versos e as imagens de um cinema na pra\u00e7a, ao ch\u00e1 de Alfavaca, pisando o junco \u00e0s margens daquele rio t\u00e3o s\u00e3o, t\u00e3o Francisco. Olhava ele para o rio e ria com tantas mem\u00f3rias produzidas em t\u00e3o pouco tempo. Foi essa a imagem que ficou em mim, em n\u00f3s, que passeamos por essa beira de sons, poesia, imagens e cores. Uma crian\u00e7a alegre e feliz. &nbsp; O Usina Cultural do Vale do S\u00e3o Francisco, em sua primeira edi\u00e7\u00e3o, foi numa moenda de artes e, cada vez que girava, n\u00e3o triturava, ao reverso do espa\u00e7o ela espalhava pelos&hellip; <\/p>\n","protected":false},"author":2,"featured_media":381037,"comment_status":"open","ping_status":"open","sticky":false,"template":"","format":"standard","meta":{"_acf_changed":false,"footnotes":""},"categories":[10],"tags":[],"class_list":["post-381036","post","type-post","status-publish","format-standard","has-post-thumbnail","hentry","category-cultura"],"acf":[],"yoast_head":"<!-- This site is optimized with the Yoast SEO plugin v27.4 - https:\/\/yoast.com\/product\/yoast-seo-wordpress\/ -->\n<title>Vale Sonhar! - Blog do Farn\u00e9sio<\/title>\n<meta name=\"robots\" content=\"index, follow, max-snippet:-1, max-image-preview:large, max-video-preview:-1\" \/>\n<link rel=\"canonical\" href=\"https:\/\/blogdofarnesio.com.br\/?p=381036\" \/>\n<meta property=\"og:locale\" content=\"pt_BR\" \/>\n<meta property=\"og:type\" content=\"article\" \/>\n<meta property=\"og:title\" content=\"Vale Sonhar! - Blog do Farn\u00e9sio\" \/>\n<meta property=\"og:description\" content=\"\u00a0*Maviael Melo\u00a0 &#8211;\u00a0\u00a0 Tinha um menino na beira do rio, olhando o tempo da ponte, em seu pensamento muitas lembran\u00e7as daqueles dias, os versos e as imagens de um cinema na pra\u00e7a, ao ch\u00e1 de Alfavaca, pisando o junco \u00e0s margens daquele rio t\u00e3o s\u00e3o, t\u00e3o Francisco. Olhava ele para o rio e ria com tantas mem\u00f3rias produzidas em t\u00e3o pouco tempo. Foi essa a imagem que ficou em mim, em n\u00f3s, que passeamos por essa beira de sons, poesia, imagens e cores. Uma crian\u00e7a alegre e feliz. &nbsp; O Usina Cultural do Vale do S\u00e3o Francisco, em sua primeira edi\u00e7\u00e3o, foi numa moenda de artes e, cada vez que girava, n\u00e3o triturava, ao reverso do espa\u00e7o ela espalhava pelos&hellip;\" \/>\n<meta property=\"og:url\" content=\"https:\/\/blogdofarnesio.com.br\/?p=381036\" \/>\n<meta property=\"og:site_name\" content=\"Blog do Farn\u00e9sio\" \/>\n<meta property=\"article:publisher\" content=\"https:\/\/www.facebook.com\/BlogQuerSaberPolitica\/\" \/>\n<meta property=\"article:author\" content=\"https:\/\/www.facebook.com\/?ref=tn_tnmn\" \/>\n<meta property=\"article:published_time\" content=\"2024-11-12T11:03:30+00:00\" \/>\n<meta property=\"og:image\" content=\"https:\/\/blogdofarnesio.com.br\/wp-content\/uploads\/2024\/11\/blogqspmaviael-e1734115330727.jpeg\" \/>\n\t<meta property=\"og:image:width\" content=\"551\" \/>\n\t<meta property=\"og:image:height\" content=\"404\" \/>\n\t<meta property=\"og:image:type\" content=\"image\/jpeg\" \/>\n<meta name=\"author\" content=\"Farn\u00e9sio\" \/>\n<meta name=\"twitter:card\" content=\"summary_large_image\" \/>\n<meta name=\"twitter:label1\" content=\"Escrito por\" \/>\n\t<meta name=\"twitter:data1\" content=\"Farn\u00e9sio\" \/>\n\t<meta name=\"twitter:label2\" content=\"Est. tempo de leitura\" \/>\n\t<meta name=\"twitter:data2\" content=\"3 minutos\" \/>\n<script type=\"application\/ld+json\" class=\"yoast-schema-graph\">{\"@context\":\"https:\\\/\\\/schema.org\",\"@graph\":[{\"@type\":\"Article\",\"@id\":\"https:\\\/\\\/blogdofarnesio.com.br\\\/?p=381036#article\",\"isPartOf\":{\"@id\":\"https:\\\/\\\/blogdofarnesio.com.br\\\/?p=381036\"},\"author\":{\"name\":\"Farn\u00e9sio\",\"@id\":\"https:\\\/\\\/blogdofarnesio.com.br\\\/#\\\/schema\\\/person\\\/bb9b23ae3ad0609ce8df7b6c9e76824d\"},\"headline\":\"Vale Sonhar!\",\"datePublished\":\"2024-11-12T11:03:30+00:00\",\"mainEntityOfPage\":{\"@id\":\"https:\\\/\\\/blogdofarnesio.com.br\\\/?p=381036\"},\"wordCount\":534,\"commentCount\":0,\"publisher\":{\"@id\":\"https:\\\/\\\/blogdofarnesio.com.br\\\/#organization\"},\"image\":{\"@id\":\"https:\\\/\\\/blogdofarnesio.com.br\\\/?p=381036#primaryimage\"},\"thumbnailUrl\":\"https:\\\/\\\/blogdofarnesio.com.br\\\/wp-content\\\/uploads\\\/2024\\\/11\\\/blogqspmaviael-e1734115330727.jpeg\",\"articleSection\":[\"Cultura\"],\"inLanguage\":\"pt-BR\",\"potentialAction\":[{\"@type\":\"CommentAction\",\"name\":\"Comment\",\"target\":[\"https:\\\/\\\/blogdofarnesio.com.br\\\/?p=381036#respond\"]}]},{\"@type\":\"WebPage\",\"@id\":\"https:\\\/\\\/blogdofarnesio.com.br\\\/?p=381036\",\"url\":\"https:\\\/\\\/blogdofarnesio.com.br\\\/?p=381036\",\"name\":\"Vale Sonhar! - Blog do Farn\u00e9sio\",\"isPartOf\":{\"@id\":\"https:\\\/\\\/blogdofarnesio.com.br\\\/#website\"},\"primaryImageOfPage\":{\"@id\":\"https:\\\/\\\/blogdofarnesio.com.br\\\/?p=381036#primaryimage\"},\"image\":{\"@id\":\"https:\\\/\\\/blogdofarnesio.com.br\\\/?p=381036#primaryimage\"},\"thumbnailUrl\":\"https:\\\/\\\/blogdofarnesio.com.br\\\/wp-content\\\/uploads\\\/2024\\\/11\\\/blogqspmaviael-e1734115330727.jpeg\",\"datePublished\":\"2024-11-12T11:03:30+00:00\",\"breadcrumb\":{\"@id\":\"https:\\\/\\\/blogdofarnesio.com.br\\\/?p=381036#breadcrumb\"},\"inLanguage\":\"pt-BR\",\"potentialAction\":[{\"@type\":\"ReadAction\",\"target\":[\"https:\\\/\\\/blogdofarnesio.com.br\\\/?p=381036\"]}]},{\"@type\":\"ImageObject\",\"inLanguage\":\"pt-BR\",\"@id\":\"https:\\\/\\\/blogdofarnesio.com.br\\\/?p=381036#primaryimage\",\"url\":\"https:\\\/\\\/blogdofarnesio.com.br\\\/wp-content\\\/uploads\\\/2024\\\/11\\\/blogqspmaviael-e1734115330727.jpeg\",\"contentUrl\":\"https:\\\/\\\/blogdofarnesio.com.br\\\/wp-content\\\/uploads\\\/2024\\\/11\\\/blogqspmaviael-e1734115330727.jpeg\",\"width\":551,\"height\":404},{\"@type\":\"BreadcrumbList\",\"@id\":\"https:\\\/\\\/blogdofarnesio.com.br\\\/?p=381036#breadcrumb\",\"itemListElement\":[{\"@type\":\"ListItem\",\"position\":1,\"name\":\"In\u00edcio\",\"item\":\"https:\\\/\\\/blogdofarnesio.com.br\\\/\"},{\"@type\":\"ListItem\",\"position\":2,\"name\":\"Vale Sonhar!\"}]},{\"@type\":\"WebSite\",\"@id\":\"https:\\\/\\\/blogdofarnesio.com.br\\\/#website\",\"url\":\"https:\\\/\\\/blogdofarnesio.com.br\\\/\",\"name\":\"Blog do Farn\u00e9sio\",\"description\":\"Quer Saber Pol\u00edtica?\",\"publisher\":{\"@id\":\"https:\\\/\\\/blogdofarnesio.com.br\\\/#organization\"},\"potentialAction\":[{\"@type\":\"SearchAction\",\"target\":{\"@type\":\"EntryPoint\",\"urlTemplate\":\"https:\\\/\\\/blogdofarnesio.com.br\\\/?s={search_term_string}\"},\"query-input\":{\"@type\":\"PropertyValueSpecification\",\"valueRequired\":true,\"valueName\":\"search_term_string\"}}],\"inLanguage\":\"pt-BR\"},{\"@type\":\"Organization\",\"@id\":\"https:\\\/\\\/blogdofarnesio.com.br\\\/#organization\",\"name\":\"Blog do Farn\u00e9sio\",\"url\":\"https:\\\/\\\/blogdofarnesio.com.br\\\/\",\"logo\":{\"@type\":\"ImageObject\",\"inLanguage\":\"pt-BR\",\"@id\":\"https:\\\/\\\/blogdofarnesio.com.br\\\/#\\\/schema\\\/logo\\\/image\\\/\",\"url\":\"https:\\\/\\\/blogdofarnesio.com.br\\\/wp-content\\\/uploads\\\/2026\\\/03\\\/cropped-logo_new-1.png\",\"contentUrl\":\"https:\\\/\\\/blogdofarnesio.com.br\\\/wp-content\\\/uploads\\\/2026\\\/03\\\/cropped-logo_new-1.png\",\"width\":881,\"height\":685,\"caption\":\"Blog do Farn\u00e9sio\"},\"image\":{\"@id\":\"https:\\\/\\\/blogdofarnesio.com.br\\\/#\\\/schema\\\/logo\\\/image\\\/\"},\"sameAs\":[\"https:\\\/\\\/www.facebook.com\\\/BlogQuerSaberPolitica\\\/\"]},{\"@type\":\"Person\",\"@id\":\"https:\\\/\\\/blogdofarnesio.com.br\\\/#\\\/schema\\\/person\\\/bb9b23ae3ad0609ce8df7b6c9e76824d\",\"name\":\"Farn\u00e9sio\",\"image\":{\"@type\":\"ImageObject\",\"inLanguage\":\"pt-BR\",\"@id\":\"https:\\\/\\\/secure.gravatar.com\\\/avatar\\\/986aa4c61ccdb66f8555bf88fc2a65609d00bcabd4d2d94377a727547345cbca?s=96&d=mm&r=g\",\"url\":\"https:\\\/\\\/secure.gravatar.com\\\/avatar\\\/986aa4c61ccdb66f8555bf88fc2a65609d00bcabd4d2d94377a727547345cbca?s=96&d=mm&r=g\",\"contentUrl\":\"https:\\\/\\\/secure.gravatar.com\\\/avatar\\\/986aa4c61ccdb66f8555bf88fc2a65609d00bcabd4d2d94377a727547345cbca?s=96&d=mm&r=g\",\"caption\":\"Farn\u00e9sio\"},\"description\":\"Radialista blogueiro, chegou a Petrolina\\\/Juazeiro em setembro de 1980, Farn\u00e9sio Silva \u00e9 de Arapiraca-Alagoas.\",\"sameAs\":[\"http:\\\/\\\/blogdofarnesio.com.br\",\"https:\\\/\\\/www.facebook.com\\\/?ref=tn_tnmn\",\"https:\\\/\\\/www.instagram.com\\\/?utm_source=pwa_homescreen\",\"https:\\\/\\\/youtube.com.br\\\/\"],\"url\":\"https:\\\/\\\/blogdofarnesio.com.br\\\/?author=2\"}]}<\/script>\n<!-- \/ Yoast SEO plugin. -->","yoast_head_json":{"title":"Vale Sonhar! - Blog do Farn\u00e9sio","robots":{"index":"index","follow":"follow","max-snippet":"max-snippet:-1","max-image-preview":"max-image-preview:large","max-video-preview":"max-video-preview:-1"},"canonical":"https:\/\/blogdofarnesio.com.br\/?p=381036","og_locale":"pt_BR","og_type":"article","og_title":"Vale Sonhar! - Blog do Farn\u00e9sio","og_description":"\u00a0*Maviael Melo\u00a0 &#8211;\u00a0\u00a0 Tinha um menino na beira do rio, olhando o tempo da ponte, em seu pensamento muitas lembran\u00e7as daqueles dias, os versos e as imagens de um cinema na pra\u00e7a, ao ch\u00e1 de Alfavaca, pisando o junco \u00e0s margens daquele rio t\u00e3o s\u00e3o, t\u00e3o Francisco. Olhava ele para o rio e ria com tantas mem\u00f3rias produzidas em t\u00e3o pouco tempo. Foi essa a imagem que ficou em mim, em n\u00f3s, que passeamos por essa beira de sons, poesia, imagens e cores. Uma crian\u00e7a alegre e feliz. &nbsp; O Usina Cultural do Vale do S\u00e3o Francisco, em sua primeira edi\u00e7\u00e3o, foi numa moenda de artes e, cada vez que girava, n\u00e3o triturava, ao reverso do espa\u00e7o ela espalhava pelos&hellip;","og_url":"https:\/\/blogdofarnesio.com.br\/?p=381036","og_site_name":"Blog do Farn\u00e9sio","article_publisher":"https:\/\/www.facebook.com\/BlogQuerSaberPolitica\/","article_author":"https:\/\/www.facebook.com\/?ref=tn_tnmn","article_published_time":"2024-11-12T11:03:30+00:00","og_image":[{"width":551,"height":404,"url":"https:\/\/blogdofarnesio.com.br\/wp-content\/uploads\/2024\/11\/blogqspmaviael-e1734115330727.jpeg","type":"image\/jpeg"}],"author":"Farn\u00e9sio","twitter_card":"summary_large_image","twitter_misc":{"Escrito por":"Farn\u00e9sio","Est. tempo de leitura":"3 minutos"},"schema":{"@context":"https:\/\/schema.org","@graph":[{"@type":"Article","@id":"https:\/\/blogdofarnesio.com.br\/?p=381036#article","isPartOf":{"@id":"https:\/\/blogdofarnesio.com.br\/?p=381036"},"author":{"name":"Farn\u00e9sio","@id":"https:\/\/blogdofarnesio.com.br\/#\/schema\/person\/bb9b23ae3ad0609ce8df7b6c9e76824d"},"headline":"Vale Sonhar!","datePublished":"2024-11-12T11:03:30+00:00","mainEntityOfPage":{"@id":"https:\/\/blogdofarnesio.com.br\/?p=381036"},"wordCount":534,"commentCount":0,"publisher":{"@id":"https:\/\/blogdofarnesio.com.br\/#organization"},"image":{"@id":"https:\/\/blogdofarnesio.com.br\/?p=381036#primaryimage"},"thumbnailUrl":"https:\/\/blogdofarnesio.com.br\/wp-content\/uploads\/2024\/11\/blogqspmaviael-e1734115330727.jpeg","articleSection":["Cultura"],"inLanguage":"pt-BR","potentialAction":[{"@type":"CommentAction","name":"Comment","target":["https:\/\/blogdofarnesio.com.br\/?p=381036#respond"]}]},{"@type":"WebPage","@id":"https:\/\/blogdofarnesio.com.br\/?p=381036","url":"https:\/\/blogdofarnesio.com.br\/?p=381036","name":"Vale Sonhar! - Blog do Farn\u00e9sio","isPartOf":{"@id":"https:\/\/blogdofarnesio.com.br\/#website"},"primaryImageOfPage":{"@id":"https:\/\/blogdofarnesio.com.br\/?p=381036#primaryimage"},"image":{"@id":"https:\/\/blogdofarnesio.com.br\/?p=381036#primaryimage"},"thumbnailUrl":"https:\/\/blogdofarnesio.com.br\/wp-content\/uploads\/2024\/11\/blogqspmaviael-e1734115330727.jpeg","datePublished":"2024-11-12T11:03:30+00:00","breadcrumb":{"@id":"https:\/\/blogdofarnesio.com.br\/?p=381036#breadcrumb"},"inLanguage":"pt-BR","potentialAction":[{"@type":"ReadAction","target":["https:\/\/blogdofarnesio.com.br\/?p=381036"]}]},{"@type":"ImageObject","inLanguage":"pt-BR","@id":"https:\/\/blogdofarnesio.com.br\/?p=381036#primaryimage","url":"https:\/\/blogdofarnesio.com.br\/wp-content\/uploads\/2024\/11\/blogqspmaviael-e1734115330727.jpeg","contentUrl":"https:\/\/blogdofarnesio.com.br\/wp-content\/uploads\/2024\/11\/blogqspmaviael-e1734115330727.jpeg","width":551,"height":404},{"@type":"BreadcrumbList","@id":"https:\/\/blogdofarnesio.com.br\/?p=381036#breadcrumb","itemListElement":[{"@type":"ListItem","position":1,"name":"In\u00edcio","item":"https:\/\/blogdofarnesio.com.br\/"},{"@type":"ListItem","position":2,"name":"Vale Sonhar!"}]},{"@type":"WebSite","@id":"https:\/\/blogdofarnesio.com.br\/#website","url":"https:\/\/blogdofarnesio.com.br\/","name":"Blog do Farn\u00e9sio","description":"Quer Saber Pol\u00edtica?","publisher":{"@id":"https:\/\/blogdofarnesio.com.br\/#organization"},"potentialAction":[{"@type":"SearchAction","target":{"@type":"EntryPoint","urlTemplate":"https:\/\/blogdofarnesio.com.br\/?s={search_term_string}"},"query-input":{"@type":"PropertyValueSpecification","valueRequired":true,"valueName":"search_term_string"}}],"inLanguage":"pt-BR"},{"@type":"Organization","@id":"https:\/\/blogdofarnesio.com.br\/#organization","name":"Blog do Farn\u00e9sio","url":"https:\/\/blogdofarnesio.com.br\/","logo":{"@type":"ImageObject","inLanguage":"pt-BR","@id":"https:\/\/blogdofarnesio.com.br\/#\/schema\/logo\/image\/","url":"https:\/\/blogdofarnesio.com.br\/wp-content\/uploads\/2026\/03\/cropped-logo_new-1.png","contentUrl":"https:\/\/blogdofarnesio.com.br\/wp-content\/uploads\/2026\/03\/cropped-logo_new-1.png","width":881,"height":685,"caption":"Blog do Farn\u00e9sio"},"image":{"@id":"https:\/\/blogdofarnesio.com.br\/#\/schema\/logo\/image\/"},"sameAs":["https:\/\/www.facebook.com\/BlogQuerSaberPolitica\/"]},{"@type":"Person","@id":"https:\/\/blogdofarnesio.com.br\/#\/schema\/person\/bb9b23ae3ad0609ce8df7b6c9e76824d","name":"Farn\u00e9sio","image":{"@type":"ImageObject","inLanguage":"pt-BR","@id":"https:\/\/secure.gravatar.com\/avatar\/986aa4c61ccdb66f8555bf88fc2a65609d00bcabd4d2d94377a727547345cbca?s=96&d=mm&r=g","url":"https:\/\/secure.gravatar.com\/avatar\/986aa4c61ccdb66f8555bf88fc2a65609d00bcabd4d2d94377a727547345cbca?s=96&d=mm&r=g","contentUrl":"https:\/\/secure.gravatar.com\/avatar\/986aa4c61ccdb66f8555bf88fc2a65609d00bcabd4d2d94377a727547345cbca?s=96&d=mm&r=g","caption":"Farn\u00e9sio"},"description":"Radialista blogueiro, chegou a Petrolina\/Juazeiro em setembro de 1980, Farn\u00e9sio Silva \u00e9 de Arapiraca-Alagoas.","sameAs":["http:\/\/blogdofarnesio.com.br","https:\/\/www.facebook.com\/?ref=tn_tnmn","https:\/\/www.instagram.com\/?utm_source=pwa_homescreen","https:\/\/youtube.com.br\/"],"url":"https:\/\/blogdofarnesio.com.br\/?author=2"}]}},"_links":{"self":[{"href":"https:\/\/blogdofarnesio.com.br\/index.php?rest_route=\/wp\/v2\/posts\/381036","targetHints":{"allow":["GET"]}}],"collection":[{"href":"https:\/\/blogdofarnesio.com.br\/index.php?rest_route=\/wp\/v2\/posts"}],"about":[{"href":"https:\/\/blogdofarnesio.com.br\/index.php?rest_route=\/wp\/v2\/types\/post"}],"author":[{"embeddable":true,"href":"https:\/\/blogdofarnesio.com.br\/index.php?rest_route=\/wp\/v2\/users\/2"}],"replies":[{"embeddable":true,"href":"https:\/\/blogdofarnesio.com.br\/index.php?rest_route=%2Fwp%2Fv2%2Fcomments&post=381036"}],"version-history":[{"count":0,"href":"https:\/\/blogdofarnesio.com.br\/index.php?rest_route=\/wp\/v2\/posts\/381036\/revisions"}],"wp:featuredmedia":[{"embeddable":true,"href":"https:\/\/blogdofarnesio.com.br\/index.php?rest_route=\/wp\/v2\/media\/381037"}],"wp:attachment":[{"href":"https:\/\/blogdofarnesio.com.br\/index.php?rest_route=%2Fwp%2Fv2%2Fmedia&parent=381036"}],"wp:term":[{"taxonomy":"category","embeddable":true,"href":"https:\/\/blogdofarnesio.com.br\/index.php?rest_route=%2Fwp%2Fv2%2Fcategories&post=381036"},{"taxonomy":"post_tag","embeddable":true,"href":"https:\/\/blogdofarnesio.com.br\/index.php?rest_route=%2Fwp%2Fv2%2Ftags&post=381036"}],"curies":[{"name":"wp","href":"https:\/\/api.w.org\/{rel}","templated":true}]}}