{"id":380893,"date":"2024-11-08T15:44:34","date_gmt":"2024-11-08T18:44:34","guid":{"rendered":"https:\/\/blogdofarnesio.com.br\/?p=380893"},"modified":"2024-11-08T14:05:02","modified_gmt":"2024-11-08T17:05:02","slug":"idomed-esta-no-ultimo-dia-com-inscricoes-abertas-para-o-vestibular-unificado-de-medicina","status":"publish","type":"post","link":"https:\/\/blogdofarnesio.com.br\/?p=380893","title":{"rendered":"IDOMED est\u00e1 no \u00faltimo dia com inscri\u00e7\u00f5es abertas para o Vestibular Unificado de Medicina"},"content":{"rendered":"<div class=\"nH\">\n<div class=\"V8djrc byY\">\n<div data-num-unread-messages=\"1\" data-num-visible-messages=\"1\">\n<div class=\"ha\">\n<h2 class=\"hP\" tabindex=\"-1\" data-thread-perm-id=\"thread-f:1815170732902929111\" data-legacy-thread-id=\"1930c82a155d52d7\"><i style=\"font-size: 16px;\">Com 1.096 Vagas em renomadas institui\u00e7\u00f5es, processo seletivo atende \u00e0 crescente demanda por profissionais m\u00e9dicos no pa\u00eds<\/i><\/h2>\n<\/div>\n<\/div>\n<\/div>\n<\/div>\n<div class=\"nH\">\n<div class=\"aHU hx\">\n<div role=\"list\">\n<div class=\"h7 ie\" tabindex=\"-1\" role=\"listitem\" aria-expanded=\"true\">\n<div class=\"Bk\">\n<div class=\"G3 G2\">\n<div id=\":29r\">\n<div class=\"adn ads\" data-message-id=\"#msg-f:1815170732902929111\" data-legacy-message-id=\"1930c82a155d52d7\">\n<div class=\"gs\">\n<div class=\"\">\n<div id=\":2b4\" class=\"ii gt\">\n<div id=\":2bg\" class=\"a3s aiL \">\n<div dir=\"ltr\">\n<p>O Instituto de Educa\u00e7\u00e3o M\u00e9dica (IDOMED), um dos maiores grupos de educa\u00e7\u00e3o m\u00e9dica do Brasil, est\u00e1 com inscri\u00e7\u00f5es abertas para o Vestibular Unificado de Medicina, oferecendo uma excelente oportunidade para quem deseja ingressar na \u00e1rea. Com uma \u00fanica prova, os candidatos t\u00eam a chance de conquistar uma vaga em uma das 16 institui\u00e7\u00f5es de ensino vinculadas ao IDOMED. O processo seletivo conta com duas modalidades de prova: online e presencial, atendendo a diferentes perfis de candidatos. O edital para a prova presencial est\u00e1 dispon\u00edvel, com as inscri\u00e7\u00f5es abertas at\u00e9 8 de novembro, pr\u00f3xima sexta-feira, e o exame marcado para 15 de novembro.<\/p>\n<p>Al\u00e9m do vestibular 2025.1, os candidatos tamb\u00e9m poder\u00e3o concorrer \u00e0s vagas aplicando o resultado do Exame Nacional do Ensino M\u00e9dio (ENEM) de anos anteriores (2010 at\u00e9 2023), e por meio da certifica\u00e7\u00e3o internacional (IB\/ABITUR).<\/p>\n<p>Silvio Pessanha Neto, CEO do IDOMED, ressalta o compromisso da institui\u00e7\u00e3o em proporcionar uma forma\u00e7\u00e3o m\u00e9dica de alta qualidade, com foco no desenvolvimento humanizado dos profissionais de sa\u00fade, aliado a tecnologias de ponta e uma infraestrutura de excel\u00eancia.<\/p>\n<p>\u201cNossa meta \u00e9 oferecer n\u00e3o apenas um processo seletivo mais eficiente, mas tamb\u00e9m uma forma\u00e7\u00e3o que esteja \u00e0 altura das exig\u00eancias do mercado de trabalho e das necessidades da sociedade. Queremos que nossos alunos tenham acesso \u00e0s melhores ferramentas de ensino e recursos tecnol\u00f3gicos, permitindo que eles se tornem m\u00e9dicos preparados para enfrentar os desafios contempor\u00e2neos da profiss\u00e3o.<\/p>\n<p>Al\u00e9m disso, nossa infraestrutura foi pensada para proporcionar uma experi\u00eancia educacional completa, desde os primeiros anos de estudo at\u00e9 a pr\u00e1tica cl\u00ednica.\u201d, afirma Pessanha.<\/p>\n<p><b>A mais moderna faculdade de medicina do Brasil<\/b><\/p>\n<p>Al\u00e9m de um corpo docente altamente qualificado e atualizado, a institui\u00e7\u00e3o investe em plataformas virtuais de ensino personalizado e laborat\u00f3rios de simula\u00e7\u00e3o real\u00edstica, com bonecos de alta fidelidade para a pr\u00e1tica de procedimentos. Tamb\u00e9m conta com mesas de dissec\u00e7\u00e3o e casos cl\u00ednicos, permitindo o estudo dos exames de imagem mais modernos.<\/p>\n<p>Os alunos tamb\u00e9m t\u00eam \u00e0 disposi\u00e7\u00e3o um laborat\u00f3rio de anatomia em realidade 3D, que possibilita o aprendizado interativo com todas as estruturas do corpo humano, al\u00e9m de laborat\u00f3rios de microscopia avan\u00e7ada, onde \u00e9 poss\u00edvel estudar organismos microsc\u00f3picos e c\u00e9lulas invis\u00edveis a olho nu. Esse compromisso com a excel\u00eancia acad\u00eamica e a pr\u00e1tica cl\u00ednica prepara os estudantes para serem n\u00e3o apenas profissionais altamente competentes, mas<\/p>\n<p>tamb\u00e9m l\u00edderes na \u00e1rea m\u00e9dica, prontos para contribuir significativamente com o avan\u00e7o da medicina no pa\u00eds.<\/p>\n<p><b>Como ser\u00e1 a prova?<\/b><\/p>\n<p>A prova presencial ocorrer\u00e1 em 20 localidades diferentes, incluindo cidades como S\u00e3o Paulo (SP), Rio de Janeiro (RJ), Fortaleza (CE), Teresina (PI), Florian\u00f3polis (SC) e Juazeiro do Norte (CE), proporcionando acesso a candidatos de diversas regi\u00f5es. O exame ter\u00e1 dura\u00e7\u00e3o de 4h30min e come\u00e7ar\u00e1 \u00e0s 9h, no hor\u00e1rio de Bras\u00edlia.<\/p>\n<p><b>Servi\u00e7o:<\/b><\/p>\n<p>Processo seletivo: datas<\/p>\n<p>Prova presencial:<\/p>\n<p>\u00b7 Inscri\u00e7\u00f5es: At\u00e9 08\/11<\/p>\n<p>\u00b7 Prova: 15\/11<\/p>\n<p>\u00b7 Formas de ingresso: Enem, Vestibular e IB\/IBITUR \u00b7 Inscri\u00e7\u00f5es:\u00a0<a href=\"https:\/\/www.idomed.com.br\/selecao\" target=\"_blank\" rel=\"noopener\" data-saferedirecturl=\"https:\/\/www.google.com\/url?q=https:\/\/www.idomed.com.br\/selecao&amp;source=gmail&amp;ust=1731168111091000&amp;usg=AOvVaw2MQ7YsAUgatvHk3GnoWaEO\">https:\/\/www.idomed.com.br\/<wbr \/>selecao<\/a><\/p>\n<\/div>\n<\/div>\n<\/div>\n<\/div>\n<\/div>\n<\/div>\n<\/div>\n<\/div>\n<\/div>\n<\/div>\n<\/div>\n<\/div>\n<\/div>\n","protected":false},"excerpt":{"rendered":"<p>Com 1.096 Vagas em renomadas institui\u00e7\u00f5es, processo seletivo atende \u00e0 crescente demanda por profissionais m\u00e9dicos no pa\u00eds O Instituto de Educa\u00e7\u00e3o M\u00e9dica (IDOMED), um dos maiores grupos de educa\u00e7\u00e3o m\u00e9dica do Brasil, est\u00e1 com inscri\u00e7\u00f5es abertas para o Vestibular Unificado de Medicina, oferecendo uma excelente oportunidade para quem deseja ingressar na \u00e1rea. Com uma \u00fanica prova, os candidatos t\u00eam a chance de conquistar uma vaga em uma das 16 institui\u00e7\u00f5es de ensino vinculadas ao IDOMED. O processo seletivo conta com duas modalidades de prova: online e presencial, atendendo a diferentes perfis de candidatos. O edital para a prova presencial est\u00e1 dispon\u00edvel, com as inscri\u00e7\u00f5es abertas at\u00e9 8 de novembro, pr\u00f3xima sexta-feira, e o exame marcado para 15 de novembro. Al\u00e9m&hellip; <\/p>\n","protected":false},"author":2,"featured_media":362183,"comment_status":"open","ping_status":"open","sticky":false,"template":"","format":"standard","meta":{"_acf_changed":false,"footnotes":""},"categories":[6],"tags":[],"class_list":["post-380893","post","type-post","status-publish","format-standard","has-post-thumbnail","hentry","category-educacao"],"acf":[],"yoast_head":"<!-- This site is optimized with the Yoast SEO plugin v27.4 - https:\/\/yoast.com\/product\/yoast-seo-wordpress\/ -->\n<title>IDOMED est\u00e1 no \u00faltimo dia com inscri\u00e7\u00f5es abertas para o Vestibular Unificado de Medicina - Blog do Farn\u00e9sio<\/title>\n<meta name=\"robots\" content=\"index, follow, max-snippet:-1, max-image-preview:large, max-video-preview:-1\" \/>\n<link rel=\"canonical\" href=\"https:\/\/blogdofarnesio.com.br\/?p=380893\" \/>\n<meta property=\"og:locale\" content=\"pt_BR\" \/>\n<meta property=\"og:type\" content=\"article\" \/>\n<meta property=\"og:title\" content=\"IDOMED est\u00e1 no \u00faltimo dia com inscri\u00e7\u00f5es abertas para o Vestibular Unificado de Medicina - Blog do Farn\u00e9sio\" \/>\n<meta property=\"og:description\" content=\"Com 1.096 Vagas em renomadas institui\u00e7\u00f5es, processo seletivo atende \u00e0 crescente demanda por profissionais m\u00e9dicos no pa\u00eds O Instituto de Educa\u00e7\u00e3o M\u00e9dica (IDOMED), um dos maiores grupos de educa\u00e7\u00e3o m\u00e9dica do Brasil, est\u00e1 com inscri\u00e7\u00f5es abertas para o Vestibular Unificado de Medicina, oferecendo uma excelente oportunidade para quem deseja ingressar na \u00e1rea. Com uma \u00fanica prova, os candidatos t\u00eam a chance de conquistar uma vaga em uma das 16 institui\u00e7\u00f5es de ensino vinculadas ao IDOMED. O processo seletivo conta com duas modalidades de prova: online e presencial, atendendo a diferentes perfis de candidatos. O edital para a prova presencial est\u00e1 dispon\u00edvel, com as inscri\u00e7\u00f5es abertas at\u00e9 8 de novembro, pr\u00f3xima sexta-feira, e o exame marcado para 15 de novembro. Al\u00e9m&hellip;\" \/>\n<meta property=\"og:url\" content=\"https:\/\/blogdofarnesio.com.br\/?p=380893\" \/>\n<meta property=\"og:site_name\" content=\"Blog do Farn\u00e9sio\" \/>\n<meta property=\"article:publisher\" content=\"https:\/\/www.facebook.com\/BlogQuerSaberPolitica\/\" \/>\n<meta property=\"article:author\" content=\"https:\/\/www.facebook.com\/?ref=tn_tnmn\" \/>\n<meta property=\"article:published_time\" content=\"2024-11-08T18:44:34+00:00\" \/>\n<meta property=\"og:image\" content=\"https:\/\/blogdofarnesio.com.br\/wp-content\/uploads\/2024\/02\/blogqspjua-estacio-IDOMED-Residencia1-1-e1718563871348.jpeg\" \/>\n\t<meta property=\"og:image:width\" content=\"580\" \/>\n\t<meta property=\"og:image:height\" content=\"435\" \/>\n\t<meta property=\"og:image:type\" content=\"image\/jpeg\" \/>\n<meta name=\"author\" content=\"Farn\u00e9sio\" \/>\n<meta name=\"twitter:card\" content=\"summary_large_image\" \/>\n<meta name=\"twitter:label1\" content=\"Escrito por\" \/>\n\t<meta name=\"twitter:data1\" content=\"Farn\u00e9sio\" \/>\n\t<meta name=\"twitter:label2\" content=\"Est. tempo de leitura\" \/>\n\t<meta name=\"twitter:data2\" content=\"3 minutos\" \/>\n<script type=\"application\/ld+json\" class=\"yoast-schema-graph\">{\"@context\":\"https:\\\/\\\/schema.org\",\"@graph\":[{\"@type\":\"Article\",\"@id\":\"https:\\\/\\\/blogdofarnesio.com.br\\\/?p=380893#article\",\"isPartOf\":{\"@id\":\"https:\\\/\\\/blogdofarnesio.com.br\\\/?p=380893\"},\"author\":{\"name\":\"Farn\u00e9sio\",\"@id\":\"https:\\\/\\\/blogdofarnesio.com.br\\\/#\\\/schema\\\/person\\\/bb9b23ae3ad0609ce8df7b6c9e76824d\"},\"headline\":\"IDOMED est\u00e1 no \u00faltimo dia com inscri\u00e7\u00f5es abertas para o Vestibular Unificado de Medicina\",\"datePublished\":\"2024-11-08T18:44:34+00:00\",\"mainEntityOfPage\":{\"@id\":\"https:\\\/\\\/blogdofarnesio.com.br\\\/?p=380893\"},\"wordCount\":569,\"commentCount\":0,\"publisher\":{\"@id\":\"https:\\\/\\\/blogdofarnesio.com.br\\\/#organization\"},\"image\":{\"@id\":\"https:\\\/\\\/blogdofarnesio.com.br\\\/?p=380893#primaryimage\"},\"thumbnailUrl\":\"https:\\\/\\\/blogdofarnesio.com.br\\\/wp-content\\\/uploads\\\/2024\\\/02\\\/blogqspjua-estacio-IDOMED-Residencia1-1-e1718563871348.jpeg\",\"articleSection\":[\"Educa\u00e7\u00e3o\"],\"inLanguage\":\"pt-BR\",\"potentialAction\":[{\"@type\":\"CommentAction\",\"name\":\"Comment\",\"target\":[\"https:\\\/\\\/blogdofarnesio.com.br\\\/?p=380893#respond\"]}]},{\"@type\":\"WebPage\",\"@id\":\"https:\\\/\\\/blogdofarnesio.com.br\\\/?p=380893\",\"url\":\"https:\\\/\\\/blogdofarnesio.com.br\\\/?p=380893\",\"name\":\"IDOMED est\u00e1 no \u00faltimo dia com inscri\u00e7\u00f5es abertas para o Vestibular Unificado de Medicina - Blog do Farn\u00e9sio\",\"isPartOf\":{\"@id\":\"https:\\\/\\\/blogdofarnesio.com.br\\\/#website\"},\"primaryImageOfPage\":{\"@id\":\"https:\\\/\\\/blogdofarnesio.com.br\\\/?p=380893#primaryimage\"},\"image\":{\"@id\":\"https:\\\/\\\/blogdofarnesio.com.br\\\/?p=380893#primaryimage\"},\"thumbnailUrl\":\"https:\\\/\\\/blogdofarnesio.com.br\\\/wp-content\\\/uploads\\\/2024\\\/02\\\/blogqspjua-estacio-IDOMED-Residencia1-1-e1718563871348.jpeg\",\"datePublished\":\"2024-11-08T18:44:34+00:00\",\"breadcrumb\":{\"@id\":\"https:\\\/\\\/blogdofarnesio.com.br\\\/?p=380893#breadcrumb\"},\"inLanguage\":\"pt-BR\",\"potentialAction\":[{\"@type\":\"ReadAction\",\"target\":[\"https:\\\/\\\/blogdofarnesio.com.br\\\/?p=380893\"]}]},{\"@type\":\"ImageObject\",\"inLanguage\":\"pt-BR\",\"@id\":\"https:\\\/\\\/blogdofarnesio.com.br\\\/?p=380893#primaryimage\",\"url\":\"https:\\\/\\\/blogdofarnesio.com.br\\\/wp-content\\\/uploads\\\/2024\\\/02\\\/blogqspjua-estacio-IDOMED-Residencia1-1-e1718563871348.jpeg\",\"contentUrl\":\"https:\\\/\\\/blogdofarnesio.com.br\\\/wp-content\\\/uploads\\\/2024\\\/02\\\/blogqspjua-estacio-IDOMED-Residencia1-1-e1718563871348.jpeg\",\"width\":580,\"height\":435},{\"@type\":\"BreadcrumbList\",\"@id\":\"https:\\\/\\\/blogdofarnesio.com.br\\\/?p=380893#breadcrumb\",\"itemListElement\":[{\"@type\":\"ListItem\",\"position\":1,\"name\":\"In\u00edcio\",\"item\":\"https:\\\/\\\/blogdofarnesio.com.br\\\/\"},{\"@type\":\"ListItem\",\"position\":2,\"name\":\"IDOMED est\u00e1 no \u00faltimo dia com inscri\u00e7\u00f5es abertas para o Vestibular Unificado de Medicina\"}]},{\"@type\":\"WebSite\",\"@id\":\"https:\\\/\\\/blogdofarnesio.com.br\\\/#website\",\"url\":\"https:\\\/\\\/blogdofarnesio.com.br\\\/\",\"name\":\"Blog do Farn\u00e9sio\",\"description\":\"Quer Saber Pol\u00edtica?\",\"publisher\":{\"@id\":\"https:\\\/\\\/blogdofarnesio.com.br\\\/#organization\"},\"potentialAction\":[{\"@type\":\"SearchAction\",\"target\":{\"@type\":\"EntryPoint\",\"urlTemplate\":\"https:\\\/\\\/blogdofarnesio.com.br\\\/?s={search_term_string}\"},\"query-input\":{\"@type\":\"PropertyValueSpecification\",\"valueRequired\":true,\"valueName\":\"search_term_string\"}}],\"inLanguage\":\"pt-BR\"},{\"@type\":\"Organization\",\"@id\":\"https:\\\/\\\/blogdofarnesio.com.br\\\/#organization\",\"name\":\"Blog do Farn\u00e9sio\",\"url\":\"https:\\\/\\\/blogdofarnesio.com.br\\\/\",\"logo\":{\"@type\":\"ImageObject\",\"inLanguage\":\"pt-BR\",\"@id\":\"https:\\\/\\\/blogdofarnesio.com.br\\\/#\\\/schema\\\/logo\\\/image\\\/\",\"url\":\"https:\\\/\\\/blogdofarnesio.com.br\\\/wp-content\\\/uploads\\\/2026\\\/03\\\/cropped-logo_new-1.png\",\"contentUrl\":\"https:\\\/\\\/blogdofarnesio.com.br\\\/wp-content\\\/uploads\\\/2026\\\/03\\\/cropped-logo_new-1.png\",\"width\":881,\"height\":685,\"caption\":\"Blog do Farn\u00e9sio\"},\"image\":{\"@id\":\"https:\\\/\\\/blogdofarnesio.com.br\\\/#\\\/schema\\\/logo\\\/image\\\/\"},\"sameAs\":[\"https:\\\/\\\/www.facebook.com\\\/BlogQuerSaberPolitica\\\/\"]},{\"@type\":\"Person\",\"@id\":\"https:\\\/\\\/blogdofarnesio.com.br\\\/#\\\/schema\\\/person\\\/bb9b23ae3ad0609ce8df7b6c9e76824d\",\"name\":\"Farn\u00e9sio\",\"image\":{\"@type\":\"ImageObject\",\"inLanguage\":\"pt-BR\",\"@id\":\"https:\\\/\\\/secure.gravatar.com\\\/avatar\\\/986aa4c61ccdb66f8555bf88fc2a65609d00bcabd4d2d94377a727547345cbca?s=96&d=mm&r=g\",\"url\":\"https:\\\/\\\/secure.gravatar.com\\\/avatar\\\/986aa4c61ccdb66f8555bf88fc2a65609d00bcabd4d2d94377a727547345cbca?s=96&d=mm&r=g\",\"contentUrl\":\"https:\\\/\\\/secure.gravatar.com\\\/avatar\\\/986aa4c61ccdb66f8555bf88fc2a65609d00bcabd4d2d94377a727547345cbca?s=96&d=mm&r=g\",\"caption\":\"Farn\u00e9sio\"},\"description\":\"Radialista blogueiro, chegou a Petrolina\\\/Juazeiro em setembro de 1980, Farn\u00e9sio Silva \u00e9 de Arapiraca-Alagoas.\",\"sameAs\":[\"http:\\\/\\\/blogdofarnesio.com.br\",\"https:\\\/\\\/www.facebook.com\\\/?ref=tn_tnmn\",\"https:\\\/\\\/www.instagram.com\\\/?utm_source=pwa_homescreen\",\"https:\\\/\\\/youtube.com.br\\\/\"],\"url\":\"https:\\\/\\\/blogdofarnesio.com.br\\\/?author=2\"}]}<\/script>\n<!-- \/ Yoast SEO plugin. -->","yoast_head_json":{"title":"IDOMED est\u00e1 no \u00faltimo dia com inscri\u00e7\u00f5es abertas para o Vestibular Unificado de Medicina - Blog do Farn\u00e9sio","robots":{"index":"index","follow":"follow","max-snippet":"max-snippet:-1","max-image-preview":"max-image-preview:large","max-video-preview":"max-video-preview:-1"},"canonical":"https:\/\/blogdofarnesio.com.br\/?p=380893","og_locale":"pt_BR","og_type":"article","og_title":"IDOMED est\u00e1 no \u00faltimo dia com inscri\u00e7\u00f5es abertas para o Vestibular Unificado de Medicina - Blog do Farn\u00e9sio","og_description":"Com 1.096 Vagas em renomadas institui\u00e7\u00f5es, processo seletivo atende \u00e0 crescente demanda por profissionais m\u00e9dicos no pa\u00eds O Instituto de Educa\u00e7\u00e3o M\u00e9dica (IDOMED), um dos maiores grupos de educa\u00e7\u00e3o m\u00e9dica do Brasil, est\u00e1 com inscri\u00e7\u00f5es abertas para o Vestibular Unificado de Medicina, oferecendo uma excelente oportunidade para quem deseja ingressar na \u00e1rea. Com uma \u00fanica prova, os candidatos t\u00eam a chance de conquistar uma vaga em uma das 16 institui\u00e7\u00f5es de ensino vinculadas ao IDOMED. O processo seletivo conta com duas modalidades de prova: online e presencial, atendendo a diferentes perfis de candidatos. O edital para a prova presencial est\u00e1 dispon\u00edvel, com as inscri\u00e7\u00f5es abertas at\u00e9 8 de novembro, pr\u00f3xima sexta-feira, e o exame marcado para 15 de novembro. Al\u00e9m&hellip;","og_url":"https:\/\/blogdofarnesio.com.br\/?p=380893","og_site_name":"Blog do Farn\u00e9sio","article_publisher":"https:\/\/www.facebook.com\/BlogQuerSaberPolitica\/","article_author":"https:\/\/www.facebook.com\/?ref=tn_tnmn","article_published_time":"2024-11-08T18:44:34+00:00","og_image":[{"width":580,"height":435,"url":"https:\/\/blogdofarnesio.com.br\/wp-content\/uploads\/2024\/02\/blogqspjua-estacio-IDOMED-Residencia1-1-e1718563871348.jpeg","type":"image\/jpeg"}],"author":"Farn\u00e9sio","twitter_card":"summary_large_image","twitter_misc":{"Escrito por":"Farn\u00e9sio","Est. tempo de leitura":"3 minutos"},"schema":{"@context":"https:\/\/schema.org","@graph":[{"@type":"Article","@id":"https:\/\/blogdofarnesio.com.br\/?p=380893#article","isPartOf":{"@id":"https:\/\/blogdofarnesio.com.br\/?p=380893"},"author":{"name":"Farn\u00e9sio","@id":"https:\/\/blogdofarnesio.com.br\/#\/schema\/person\/bb9b23ae3ad0609ce8df7b6c9e76824d"},"headline":"IDOMED est\u00e1 no \u00faltimo dia com inscri\u00e7\u00f5es abertas para o Vestibular Unificado de Medicina","datePublished":"2024-11-08T18:44:34+00:00","mainEntityOfPage":{"@id":"https:\/\/blogdofarnesio.com.br\/?p=380893"},"wordCount":569,"commentCount":0,"publisher":{"@id":"https:\/\/blogdofarnesio.com.br\/#organization"},"image":{"@id":"https:\/\/blogdofarnesio.com.br\/?p=380893#primaryimage"},"thumbnailUrl":"https:\/\/blogdofarnesio.com.br\/wp-content\/uploads\/2024\/02\/blogqspjua-estacio-IDOMED-Residencia1-1-e1718563871348.jpeg","articleSection":["Educa\u00e7\u00e3o"],"inLanguage":"pt-BR","potentialAction":[{"@type":"CommentAction","name":"Comment","target":["https:\/\/blogdofarnesio.com.br\/?p=380893#respond"]}]},{"@type":"WebPage","@id":"https:\/\/blogdofarnesio.com.br\/?p=380893","url":"https:\/\/blogdofarnesio.com.br\/?p=380893","name":"IDOMED est\u00e1 no \u00faltimo dia com inscri\u00e7\u00f5es abertas para o Vestibular Unificado de Medicina - Blog do Farn\u00e9sio","isPartOf":{"@id":"https:\/\/blogdofarnesio.com.br\/#website"},"primaryImageOfPage":{"@id":"https:\/\/blogdofarnesio.com.br\/?p=380893#primaryimage"},"image":{"@id":"https:\/\/blogdofarnesio.com.br\/?p=380893#primaryimage"},"thumbnailUrl":"https:\/\/blogdofarnesio.com.br\/wp-content\/uploads\/2024\/02\/blogqspjua-estacio-IDOMED-Residencia1-1-e1718563871348.jpeg","datePublished":"2024-11-08T18:44:34+00:00","breadcrumb":{"@id":"https:\/\/blogdofarnesio.com.br\/?p=380893#breadcrumb"},"inLanguage":"pt-BR","potentialAction":[{"@type":"ReadAction","target":["https:\/\/blogdofarnesio.com.br\/?p=380893"]}]},{"@type":"ImageObject","inLanguage":"pt-BR","@id":"https:\/\/blogdofarnesio.com.br\/?p=380893#primaryimage","url":"https:\/\/blogdofarnesio.com.br\/wp-content\/uploads\/2024\/02\/blogqspjua-estacio-IDOMED-Residencia1-1-e1718563871348.jpeg","contentUrl":"https:\/\/blogdofarnesio.com.br\/wp-content\/uploads\/2024\/02\/blogqspjua-estacio-IDOMED-Residencia1-1-e1718563871348.jpeg","width":580,"height":435},{"@type":"BreadcrumbList","@id":"https:\/\/blogdofarnesio.com.br\/?p=380893#breadcrumb","itemListElement":[{"@type":"ListItem","position":1,"name":"In\u00edcio","item":"https:\/\/blogdofarnesio.com.br\/"},{"@type":"ListItem","position":2,"name":"IDOMED est\u00e1 no \u00faltimo dia com inscri\u00e7\u00f5es abertas para o Vestibular Unificado de Medicina"}]},{"@type":"WebSite","@id":"https:\/\/blogdofarnesio.com.br\/#website","url":"https:\/\/blogdofarnesio.com.br\/","name":"Blog do Farn\u00e9sio","description":"Quer Saber Pol\u00edtica?","publisher":{"@id":"https:\/\/blogdofarnesio.com.br\/#organization"},"potentialAction":[{"@type":"SearchAction","target":{"@type":"EntryPoint","urlTemplate":"https:\/\/blogdofarnesio.com.br\/?s={search_term_string}"},"query-input":{"@type":"PropertyValueSpecification","valueRequired":true,"valueName":"search_term_string"}}],"inLanguage":"pt-BR"},{"@type":"Organization","@id":"https:\/\/blogdofarnesio.com.br\/#organization","name":"Blog do Farn\u00e9sio","url":"https:\/\/blogdofarnesio.com.br\/","logo":{"@type":"ImageObject","inLanguage":"pt-BR","@id":"https:\/\/blogdofarnesio.com.br\/#\/schema\/logo\/image\/","url":"https:\/\/blogdofarnesio.com.br\/wp-content\/uploads\/2026\/03\/cropped-logo_new-1.png","contentUrl":"https:\/\/blogdofarnesio.com.br\/wp-content\/uploads\/2026\/03\/cropped-logo_new-1.png","width":881,"height":685,"caption":"Blog do Farn\u00e9sio"},"image":{"@id":"https:\/\/blogdofarnesio.com.br\/#\/schema\/logo\/image\/"},"sameAs":["https:\/\/www.facebook.com\/BlogQuerSaberPolitica\/"]},{"@type":"Person","@id":"https:\/\/blogdofarnesio.com.br\/#\/schema\/person\/bb9b23ae3ad0609ce8df7b6c9e76824d","name":"Farn\u00e9sio","image":{"@type":"ImageObject","inLanguage":"pt-BR","@id":"https:\/\/secure.gravatar.com\/avatar\/986aa4c61ccdb66f8555bf88fc2a65609d00bcabd4d2d94377a727547345cbca?s=96&d=mm&r=g","url":"https:\/\/secure.gravatar.com\/avatar\/986aa4c61ccdb66f8555bf88fc2a65609d00bcabd4d2d94377a727547345cbca?s=96&d=mm&r=g","contentUrl":"https:\/\/secure.gravatar.com\/avatar\/986aa4c61ccdb66f8555bf88fc2a65609d00bcabd4d2d94377a727547345cbca?s=96&d=mm&r=g","caption":"Farn\u00e9sio"},"description":"Radialista blogueiro, chegou a Petrolina\/Juazeiro em setembro de 1980, Farn\u00e9sio Silva \u00e9 de Arapiraca-Alagoas.","sameAs":["http:\/\/blogdofarnesio.com.br","https:\/\/www.facebook.com\/?ref=tn_tnmn","https:\/\/www.instagram.com\/?utm_source=pwa_homescreen","https:\/\/youtube.com.br\/"],"url":"https:\/\/blogdofarnesio.com.br\/?author=2"}]}},"_links":{"self":[{"href":"https:\/\/blogdofarnesio.com.br\/index.php?rest_route=\/wp\/v2\/posts\/380893","targetHints":{"allow":["GET"]}}],"collection":[{"href":"https:\/\/blogdofarnesio.com.br\/index.php?rest_route=\/wp\/v2\/posts"}],"about":[{"href":"https:\/\/blogdofarnesio.com.br\/index.php?rest_route=\/wp\/v2\/types\/post"}],"author":[{"embeddable":true,"href":"https:\/\/blogdofarnesio.com.br\/index.php?rest_route=\/wp\/v2\/users\/2"}],"replies":[{"embeddable":true,"href":"https:\/\/blogdofarnesio.com.br\/index.php?rest_route=%2Fwp%2Fv2%2Fcomments&post=380893"}],"version-history":[{"count":0,"href":"https:\/\/blogdofarnesio.com.br\/index.php?rest_route=\/wp\/v2\/posts\/380893\/revisions"}],"wp:featuredmedia":[{"embeddable":true,"href":"https:\/\/blogdofarnesio.com.br\/index.php?rest_route=\/wp\/v2\/media\/362183"}],"wp:attachment":[{"href":"https:\/\/blogdofarnesio.com.br\/index.php?rest_route=%2Fwp%2Fv2%2Fmedia&parent=380893"}],"wp:term":[{"taxonomy":"category","embeddable":true,"href":"https:\/\/blogdofarnesio.com.br\/index.php?rest_route=%2Fwp%2Fv2%2Fcategories&post=380893"},{"taxonomy":"post_tag","embeddable":true,"href":"https:\/\/blogdofarnesio.com.br\/index.php?rest_route=%2Fwp%2Fv2%2Ftags&post=380893"}],"curies":[{"name":"wp","href":"https:\/\/api.w.org\/{rel}","templated":true}]}}