{"id":380835,"date":"2024-11-18T07:20:10","date_gmt":"2024-11-18T10:20:10","guid":{"rendered":"https:\/\/blogdofarnesio.com.br\/?p=380835"},"modified":"2024-11-17T14:41:34","modified_gmt":"2024-11-17T17:41:34","slug":"juazeiro-ganha-mais-uma-praca-ceu-da-cultura","status":"publish","type":"post","link":"https:\/\/blogdofarnesio.com.br\/?p=380835","title":{"rendered":"Popula\u00e7\u00e3o do Alto da Alian\u00e7a\/Juazeiro aguarda com ansiedade constru\u00e7\u00e3o da Pra\u00e7a CEU da Cultura na comunidade"},"content":{"rendered":"<p style=\"font-weight: 400;\">Juazeiro foi contemplado no novo Programa de Acelera\u00e7\u00e3o do Crescimento (PAC), com um CEU da Cultura. O equipamento, que ser\u00e1 constru\u00eddo no bairro Alto da Alian\u00e7a, foi garantido gra\u00e7as ao empenho da gest\u00e3o municipal que est\u00e1 atenta aos investimentos federais destinados aos munic\u00edpios.<\/p>\n<p style=\"font-weight: 400;\">Os CEUs da Cultura consistem em espa\u00e7os culturais do Programa Territ\u00f3rios da Cultura, que re\u00fane um conjunto de iniciativas do Minist\u00e9rio da Cultura para ampliar e descentralizar a oferta de espa\u00e7os e equipamentos culturais p\u00fablicos, a fim de promover a forma\u00e7\u00e3o, a produ\u00e7\u00e3o e a frui\u00e7\u00e3o cultural em locais de vulnerabilidade social. Em Juazeiro, o novo CEU ser\u00e1 constru\u00eddo em uma \u00e1rea de 324,83 km\u00b2 e contar\u00e1 com biblioteca, canto da leitura, p\u00e1tio coberto, sala multifuncional, incubadora cultural, est\u00fadio de grava\u00e7\u00e3o, recep\u00e7\u00e3o\/secretaria, acervo t\u00e9cnico, entre outros espa\u00e7os.<\/p>\n<p style=\"font-weight: 400;\">Apesar de ter um m\u00f3dulo predefinido, o CEU da Cultura apresenta modelo de implanta\u00e7\u00e3o baseado em m\u00f3dulos vari\u00e1veis, permitindo a customiza\u00e7\u00e3o do projeto, a partir da escuta da comunidade e da equipe t\u00e9cnica. \u201cEsse \u00e9 um grande projeto que fomos buscar para Juazeiro. Um espa\u00e7o que vai contribuir para fortalecer o senso de pertencimento da comunidade no seu entorno, al\u00e9m de oferecer mais lazer, em um espa\u00e7o sustent\u00e1vel, e que respeita as necessidades da localidade\u201d, frisa a prefeita Suzana Ramos.<\/p>\n<p style=\"font-weight: 400;\">Ascom\/PMJ<\/p>\n<p style=\"font-weight: 400;\">Imagens: Minist\u00e9rio da Cultura<\/p>\n","protected":false},"excerpt":{"rendered":"<p>Juazeiro foi contemplado no novo Programa de Acelera\u00e7\u00e3o do Crescimento (PAC), com um CEU da Cultura. O equipamento, que ser\u00e1 constru\u00eddo no bairro Alto da Alian\u00e7a, foi garantido gra\u00e7as ao empenho da gest\u00e3o municipal que est\u00e1 atenta aos investimentos federais destinados aos munic\u00edpios. Os CEUs da Cultura consistem em espa\u00e7os culturais do Programa Territ\u00f3rios da Cultura, que re\u00fane um conjunto de iniciativas do Minist\u00e9rio da Cultura para ampliar e descentralizar a oferta de espa\u00e7os e equipamentos culturais p\u00fablicos, a fim de promover a forma\u00e7\u00e3o, a produ\u00e7\u00e3o e a frui\u00e7\u00e3o cultural em locais de vulnerabilidade social. Em Juazeiro, o novo CEU ser\u00e1 constru\u00eddo em uma \u00e1rea de 324,83 km\u00b2 e contar\u00e1 com biblioteca, canto da leitura, p\u00e1tio coberto, sala multifuncional, incubadora&hellip; <\/p>\n","protected":false},"author":2,"featured_media":380837,"comment_status":"open","ping_status":"open","sticky":false,"template":"","format":"standard","meta":{"_acf_changed":false,"footnotes":""},"categories":[44],"tags":[],"class_list":["post-380835","post","type-post","status-publish","format-standard","has-post-thumbnail","hentry","category-administracao"],"acf":[],"yoast_head":"<!-- This site is optimized with the Yoast SEO plugin v27.4 - https:\/\/yoast.com\/product\/yoast-seo-wordpress\/ -->\n<title>Popula\u00e7\u00e3o do Alto da Alian\u00e7a\/Juazeiro aguarda com ansiedade constru\u00e7\u00e3o da Pra\u00e7a CEU da Cultura na comunidade - Blog do Farn\u00e9sio<\/title>\n<meta name=\"robots\" content=\"index, follow, max-snippet:-1, max-image-preview:large, max-video-preview:-1\" \/>\n<link rel=\"canonical\" href=\"https:\/\/blogdofarnesio.com.br\/?p=380835\" \/>\n<meta property=\"og:locale\" content=\"pt_BR\" \/>\n<meta property=\"og:type\" content=\"article\" \/>\n<meta property=\"og:title\" content=\"Popula\u00e7\u00e3o do Alto da Alian\u00e7a\/Juazeiro aguarda com ansiedade constru\u00e7\u00e3o da Pra\u00e7a CEU da Cultura na comunidade - Blog do Farn\u00e9sio\" \/>\n<meta property=\"og:description\" content=\"Juazeiro foi contemplado no novo Programa de Acelera\u00e7\u00e3o do Crescimento (PAC), com um CEU da Cultura. O equipamento, que ser\u00e1 constru\u00eddo no bairro Alto da Alian\u00e7a, foi garantido gra\u00e7as ao empenho da gest\u00e3o municipal que est\u00e1 atenta aos investimentos federais destinados aos munic\u00edpios. Os CEUs da Cultura consistem em espa\u00e7os culturais do Programa Territ\u00f3rios da Cultura, que re\u00fane um conjunto de iniciativas do Minist\u00e9rio da Cultura para ampliar e descentralizar a oferta de espa\u00e7os e equipamentos culturais p\u00fablicos, a fim de promover a forma\u00e7\u00e3o, a produ\u00e7\u00e3o e a frui\u00e7\u00e3o cultural em locais de vulnerabilidade social. Em Juazeiro, o novo CEU ser\u00e1 constru\u00eddo em uma \u00e1rea de 324,83 km\u00b2 e contar\u00e1 com biblioteca, canto da leitura, p\u00e1tio coberto, sala multifuncional, incubadora&hellip;\" \/>\n<meta property=\"og:url\" content=\"https:\/\/blogdofarnesio.com.br\/?p=380835\" \/>\n<meta property=\"og:site_name\" content=\"Blog do Farn\u00e9sio\" \/>\n<meta property=\"article:publisher\" content=\"https:\/\/www.facebook.com\/BlogQuerSaberPolitica\/\" \/>\n<meta property=\"article:author\" content=\"https:\/\/www.facebook.com\/?ref=tn_tnmn\" \/>\n<meta property=\"article:published_time\" content=\"2024-11-18T10:20:10+00:00\" \/>\n<meta property=\"og:image\" content=\"https:\/\/blogdofarnesio.com.br\/wp-content\/uploads\/2024\/11\/blogqspjua-CEU-da-Cultura-1-e1731014268725.jpg\" \/>\n\t<meta property=\"og:image:width\" content=\"566\" \/>\n\t<meta property=\"og:image:height\" content=\"400\" \/>\n\t<meta property=\"og:image:type\" content=\"image\/jpeg\" \/>\n<meta name=\"author\" content=\"Farn\u00e9sio\" \/>\n<meta name=\"twitter:card\" content=\"summary_large_image\" \/>\n<meta name=\"twitter:label1\" content=\"Escrito por\" \/>\n\t<meta name=\"twitter:data1\" content=\"Farn\u00e9sio\" \/>\n\t<meta name=\"twitter:label2\" content=\"Est. tempo de leitura\" \/>\n\t<meta name=\"twitter:data2\" content=\"2 minutos\" \/>\n<script type=\"application\/ld+json\" class=\"yoast-schema-graph\">{\"@context\":\"https:\\\/\\\/schema.org\",\"@graph\":[{\"@type\":\"Article\",\"@id\":\"https:\\\/\\\/blogdofarnesio.com.br\\\/?p=380835#article\",\"isPartOf\":{\"@id\":\"https:\\\/\\\/blogdofarnesio.com.br\\\/?p=380835\"},\"author\":{\"name\":\"Farn\u00e9sio\",\"@id\":\"https:\\\/\\\/blogdofarnesio.com.br\\\/#\\\/schema\\\/person\\\/bb9b23ae3ad0609ce8df7b6c9e76824d\"},\"headline\":\"Popula\u00e7\u00e3o do Alto da Alian\u00e7a\\\/Juazeiro aguarda com ansiedade constru\u00e7\u00e3o da Pra\u00e7a CEU da Cultura na comunidade\",\"datePublished\":\"2024-11-18T10:20:10+00:00\",\"mainEntityOfPage\":{\"@id\":\"https:\\\/\\\/blogdofarnesio.com.br\\\/?p=380835\"},\"wordCount\":269,\"commentCount\":0,\"publisher\":{\"@id\":\"https:\\\/\\\/blogdofarnesio.com.br\\\/#organization\"},\"image\":{\"@id\":\"https:\\\/\\\/blogdofarnesio.com.br\\\/?p=380835#primaryimage\"},\"thumbnailUrl\":\"https:\\\/\\\/blogdofarnesio.com.br\\\/wp-content\\\/uploads\\\/2024\\\/11\\\/blogqspjua-CEU-da-Cultura-1-e1731014268725.jpg\",\"articleSection\":[\"Administra\u00e7\u00e3o\"],\"inLanguage\":\"pt-BR\",\"potentialAction\":[{\"@type\":\"CommentAction\",\"name\":\"Comment\",\"target\":[\"https:\\\/\\\/blogdofarnesio.com.br\\\/?p=380835#respond\"]}]},{\"@type\":\"WebPage\",\"@id\":\"https:\\\/\\\/blogdofarnesio.com.br\\\/?p=380835\",\"url\":\"https:\\\/\\\/blogdofarnesio.com.br\\\/?p=380835\",\"name\":\"Popula\u00e7\u00e3o do Alto da Alian\u00e7a\\\/Juazeiro aguarda com ansiedade constru\u00e7\u00e3o da Pra\u00e7a CEU da Cultura na comunidade - Blog do Farn\u00e9sio\",\"isPartOf\":{\"@id\":\"https:\\\/\\\/blogdofarnesio.com.br\\\/#website\"},\"primaryImageOfPage\":{\"@id\":\"https:\\\/\\\/blogdofarnesio.com.br\\\/?p=380835#primaryimage\"},\"image\":{\"@id\":\"https:\\\/\\\/blogdofarnesio.com.br\\\/?p=380835#primaryimage\"},\"thumbnailUrl\":\"https:\\\/\\\/blogdofarnesio.com.br\\\/wp-content\\\/uploads\\\/2024\\\/11\\\/blogqspjua-CEU-da-Cultura-1-e1731014268725.jpg\",\"datePublished\":\"2024-11-18T10:20:10+00:00\",\"breadcrumb\":{\"@id\":\"https:\\\/\\\/blogdofarnesio.com.br\\\/?p=380835#breadcrumb\"},\"inLanguage\":\"pt-BR\",\"potentialAction\":[{\"@type\":\"ReadAction\",\"target\":[\"https:\\\/\\\/blogdofarnesio.com.br\\\/?p=380835\"]}]},{\"@type\":\"ImageObject\",\"inLanguage\":\"pt-BR\",\"@id\":\"https:\\\/\\\/blogdofarnesio.com.br\\\/?p=380835#primaryimage\",\"url\":\"https:\\\/\\\/blogdofarnesio.com.br\\\/wp-content\\\/uploads\\\/2024\\\/11\\\/blogqspjua-CEU-da-Cultura-1-e1731014268725.jpg\",\"contentUrl\":\"https:\\\/\\\/blogdofarnesio.com.br\\\/wp-content\\\/uploads\\\/2024\\\/11\\\/blogqspjua-CEU-da-Cultura-1-e1731014268725.jpg\",\"width\":566,\"height\":400},{\"@type\":\"BreadcrumbList\",\"@id\":\"https:\\\/\\\/blogdofarnesio.com.br\\\/?p=380835#breadcrumb\",\"itemListElement\":[{\"@type\":\"ListItem\",\"position\":1,\"name\":\"In\u00edcio\",\"item\":\"https:\\\/\\\/blogdofarnesio.com.br\\\/\"},{\"@type\":\"ListItem\",\"position\":2,\"name\":\"Popula\u00e7\u00e3o do Alto da Alian\u00e7a\\\/Juazeiro aguarda com ansiedade constru\u00e7\u00e3o da Pra\u00e7a CEU da Cultura na comunidade\"}]},{\"@type\":\"WebSite\",\"@id\":\"https:\\\/\\\/blogdofarnesio.com.br\\\/#website\",\"url\":\"https:\\\/\\\/blogdofarnesio.com.br\\\/\",\"name\":\"Blog do Farn\u00e9sio\",\"description\":\"Quer Saber Pol\u00edtica?\",\"publisher\":{\"@id\":\"https:\\\/\\\/blogdofarnesio.com.br\\\/#organization\"},\"potentialAction\":[{\"@type\":\"SearchAction\",\"target\":{\"@type\":\"EntryPoint\",\"urlTemplate\":\"https:\\\/\\\/blogdofarnesio.com.br\\\/?s={search_term_string}\"},\"query-input\":{\"@type\":\"PropertyValueSpecification\",\"valueRequired\":true,\"valueName\":\"search_term_string\"}}],\"inLanguage\":\"pt-BR\"},{\"@type\":\"Organization\",\"@id\":\"https:\\\/\\\/blogdofarnesio.com.br\\\/#organization\",\"name\":\"Blog do Farn\u00e9sio\",\"url\":\"https:\\\/\\\/blogdofarnesio.com.br\\\/\",\"logo\":{\"@type\":\"ImageObject\",\"inLanguage\":\"pt-BR\",\"@id\":\"https:\\\/\\\/blogdofarnesio.com.br\\\/#\\\/schema\\\/logo\\\/image\\\/\",\"url\":\"https:\\\/\\\/blogdofarnesio.com.br\\\/wp-content\\\/uploads\\\/2026\\\/03\\\/cropped-logo_new-1.png\",\"contentUrl\":\"https:\\\/\\\/blogdofarnesio.com.br\\\/wp-content\\\/uploads\\\/2026\\\/03\\\/cropped-logo_new-1.png\",\"width\":881,\"height\":685,\"caption\":\"Blog do Farn\u00e9sio\"},\"image\":{\"@id\":\"https:\\\/\\\/blogdofarnesio.com.br\\\/#\\\/schema\\\/logo\\\/image\\\/\"},\"sameAs\":[\"https:\\\/\\\/www.facebook.com\\\/BlogQuerSaberPolitica\\\/\"]},{\"@type\":\"Person\",\"@id\":\"https:\\\/\\\/blogdofarnesio.com.br\\\/#\\\/schema\\\/person\\\/bb9b23ae3ad0609ce8df7b6c9e76824d\",\"name\":\"Farn\u00e9sio\",\"image\":{\"@type\":\"ImageObject\",\"inLanguage\":\"pt-BR\",\"@id\":\"https:\\\/\\\/secure.gravatar.com\\\/avatar\\\/986aa4c61ccdb66f8555bf88fc2a65609d00bcabd4d2d94377a727547345cbca?s=96&d=mm&r=g\",\"url\":\"https:\\\/\\\/secure.gravatar.com\\\/avatar\\\/986aa4c61ccdb66f8555bf88fc2a65609d00bcabd4d2d94377a727547345cbca?s=96&d=mm&r=g\",\"contentUrl\":\"https:\\\/\\\/secure.gravatar.com\\\/avatar\\\/986aa4c61ccdb66f8555bf88fc2a65609d00bcabd4d2d94377a727547345cbca?s=96&d=mm&r=g\",\"caption\":\"Farn\u00e9sio\"},\"description\":\"Radialista blogueiro, chegou a Petrolina\\\/Juazeiro em setembro de 1980, Farn\u00e9sio Silva \u00e9 de Arapiraca-Alagoas.\",\"sameAs\":[\"http:\\\/\\\/blogdofarnesio.com.br\",\"https:\\\/\\\/www.facebook.com\\\/?ref=tn_tnmn\",\"https:\\\/\\\/www.instagram.com\\\/?utm_source=pwa_homescreen\",\"https:\\\/\\\/youtube.com.br\\\/\"],\"url\":\"https:\\\/\\\/blogdofarnesio.com.br\\\/?author=2\"}]}<\/script>\n<!-- \/ Yoast SEO plugin. -->","yoast_head_json":{"title":"Popula\u00e7\u00e3o do Alto da Alian\u00e7a\/Juazeiro aguarda com ansiedade constru\u00e7\u00e3o da Pra\u00e7a CEU da Cultura na comunidade - Blog do Farn\u00e9sio","robots":{"index":"index","follow":"follow","max-snippet":"max-snippet:-1","max-image-preview":"max-image-preview:large","max-video-preview":"max-video-preview:-1"},"canonical":"https:\/\/blogdofarnesio.com.br\/?p=380835","og_locale":"pt_BR","og_type":"article","og_title":"Popula\u00e7\u00e3o do Alto da Alian\u00e7a\/Juazeiro aguarda com ansiedade constru\u00e7\u00e3o da Pra\u00e7a CEU da Cultura na comunidade - Blog do Farn\u00e9sio","og_description":"Juazeiro foi contemplado no novo Programa de Acelera\u00e7\u00e3o do Crescimento (PAC), com um CEU da Cultura. O equipamento, que ser\u00e1 constru\u00eddo no bairro Alto da Alian\u00e7a, foi garantido gra\u00e7as ao empenho da gest\u00e3o municipal que est\u00e1 atenta aos investimentos federais destinados aos munic\u00edpios. Os CEUs da Cultura consistem em espa\u00e7os culturais do Programa Territ\u00f3rios da Cultura, que re\u00fane um conjunto de iniciativas do Minist\u00e9rio da Cultura para ampliar e descentralizar a oferta de espa\u00e7os e equipamentos culturais p\u00fablicos, a fim de promover a forma\u00e7\u00e3o, a produ\u00e7\u00e3o e a frui\u00e7\u00e3o cultural em locais de vulnerabilidade social. Em Juazeiro, o novo CEU ser\u00e1 constru\u00eddo em uma \u00e1rea de 324,83 km\u00b2 e contar\u00e1 com biblioteca, canto da leitura, p\u00e1tio coberto, sala multifuncional, incubadora&hellip;","og_url":"https:\/\/blogdofarnesio.com.br\/?p=380835","og_site_name":"Blog do Farn\u00e9sio","article_publisher":"https:\/\/www.facebook.com\/BlogQuerSaberPolitica\/","article_author":"https:\/\/www.facebook.com\/?ref=tn_tnmn","article_published_time":"2024-11-18T10:20:10+00:00","og_image":[{"width":566,"height":400,"url":"https:\/\/blogdofarnesio.com.br\/wp-content\/uploads\/2024\/11\/blogqspjua-CEU-da-Cultura-1-e1731014268725.jpg","type":"image\/jpeg"}],"author":"Farn\u00e9sio","twitter_card":"summary_large_image","twitter_misc":{"Escrito por":"Farn\u00e9sio","Est. tempo de leitura":"2 minutos"},"schema":{"@context":"https:\/\/schema.org","@graph":[{"@type":"Article","@id":"https:\/\/blogdofarnesio.com.br\/?p=380835#article","isPartOf":{"@id":"https:\/\/blogdofarnesio.com.br\/?p=380835"},"author":{"name":"Farn\u00e9sio","@id":"https:\/\/blogdofarnesio.com.br\/#\/schema\/person\/bb9b23ae3ad0609ce8df7b6c9e76824d"},"headline":"Popula\u00e7\u00e3o do Alto da Alian\u00e7a\/Juazeiro aguarda com ansiedade constru\u00e7\u00e3o da Pra\u00e7a CEU da Cultura na comunidade","datePublished":"2024-11-18T10:20:10+00:00","mainEntityOfPage":{"@id":"https:\/\/blogdofarnesio.com.br\/?p=380835"},"wordCount":269,"commentCount":0,"publisher":{"@id":"https:\/\/blogdofarnesio.com.br\/#organization"},"image":{"@id":"https:\/\/blogdofarnesio.com.br\/?p=380835#primaryimage"},"thumbnailUrl":"https:\/\/blogdofarnesio.com.br\/wp-content\/uploads\/2024\/11\/blogqspjua-CEU-da-Cultura-1-e1731014268725.jpg","articleSection":["Administra\u00e7\u00e3o"],"inLanguage":"pt-BR","potentialAction":[{"@type":"CommentAction","name":"Comment","target":["https:\/\/blogdofarnesio.com.br\/?p=380835#respond"]}]},{"@type":"WebPage","@id":"https:\/\/blogdofarnesio.com.br\/?p=380835","url":"https:\/\/blogdofarnesio.com.br\/?p=380835","name":"Popula\u00e7\u00e3o do Alto da Alian\u00e7a\/Juazeiro aguarda com ansiedade constru\u00e7\u00e3o da Pra\u00e7a CEU da Cultura na comunidade - Blog do Farn\u00e9sio","isPartOf":{"@id":"https:\/\/blogdofarnesio.com.br\/#website"},"primaryImageOfPage":{"@id":"https:\/\/blogdofarnesio.com.br\/?p=380835#primaryimage"},"image":{"@id":"https:\/\/blogdofarnesio.com.br\/?p=380835#primaryimage"},"thumbnailUrl":"https:\/\/blogdofarnesio.com.br\/wp-content\/uploads\/2024\/11\/blogqspjua-CEU-da-Cultura-1-e1731014268725.jpg","datePublished":"2024-11-18T10:20:10+00:00","breadcrumb":{"@id":"https:\/\/blogdofarnesio.com.br\/?p=380835#breadcrumb"},"inLanguage":"pt-BR","potentialAction":[{"@type":"ReadAction","target":["https:\/\/blogdofarnesio.com.br\/?p=380835"]}]},{"@type":"ImageObject","inLanguage":"pt-BR","@id":"https:\/\/blogdofarnesio.com.br\/?p=380835#primaryimage","url":"https:\/\/blogdofarnesio.com.br\/wp-content\/uploads\/2024\/11\/blogqspjua-CEU-da-Cultura-1-e1731014268725.jpg","contentUrl":"https:\/\/blogdofarnesio.com.br\/wp-content\/uploads\/2024\/11\/blogqspjua-CEU-da-Cultura-1-e1731014268725.jpg","width":566,"height":400},{"@type":"BreadcrumbList","@id":"https:\/\/blogdofarnesio.com.br\/?p=380835#breadcrumb","itemListElement":[{"@type":"ListItem","position":1,"name":"In\u00edcio","item":"https:\/\/blogdofarnesio.com.br\/"},{"@type":"ListItem","position":2,"name":"Popula\u00e7\u00e3o do Alto da Alian\u00e7a\/Juazeiro aguarda com ansiedade constru\u00e7\u00e3o da Pra\u00e7a CEU da Cultura na comunidade"}]},{"@type":"WebSite","@id":"https:\/\/blogdofarnesio.com.br\/#website","url":"https:\/\/blogdofarnesio.com.br\/","name":"Blog do Farn\u00e9sio","description":"Quer Saber Pol\u00edtica?","publisher":{"@id":"https:\/\/blogdofarnesio.com.br\/#organization"},"potentialAction":[{"@type":"SearchAction","target":{"@type":"EntryPoint","urlTemplate":"https:\/\/blogdofarnesio.com.br\/?s={search_term_string}"},"query-input":{"@type":"PropertyValueSpecification","valueRequired":true,"valueName":"search_term_string"}}],"inLanguage":"pt-BR"},{"@type":"Organization","@id":"https:\/\/blogdofarnesio.com.br\/#organization","name":"Blog do Farn\u00e9sio","url":"https:\/\/blogdofarnesio.com.br\/","logo":{"@type":"ImageObject","inLanguage":"pt-BR","@id":"https:\/\/blogdofarnesio.com.br\/#\/schema\/logo\/image\/","url":"https:\/\/blogdofarnesio.com.br\/wp-content\/uploads\/2026\/03\/cropped-logo_new-1.png","contentUrl":"https:\/\/blogdofarnesio.com.br\/wp-content\/uploads\/2026\/03\/cropped-logo_new-1.png","width":881,"height":685,"caption":"Blog do Farn\u00e9sio"},"image":{"@id":"https:\/\/blogdofarnesio.com.br\/#\/schema\/logo\/image\/"},"sameAs":["https:\/\/www.facebook.com\/BlogQuerSaberPolitica\/"]},{"@type":"Person","@id":"https:\/\/blogdofarnesio.com.br\/#\/schema\/person\/bb9b23ae3ad0609ce8df7b6c9e76824d","name":"Farn\u00e9sio","image":{"@type":"ImageObject","inLanguage":"pt-BR","@id":"https:\/\/secure.gravatar.com\/avatar\/986aa4c61ccdb66f8555bf88fc2a65609d00bcabd4d2d94377a727547345cbca?s=96&d=mm&r=g","url":"https:\/\/secure.gravatar.com\/avatar\/986aa4c61ccdb66f8555bf88fc2a65609d00bcabd4d2d94377a727547345cbca?s=96&d=mm&r=g","contentUrl":"https:\/\/secure.gravatar.com\/avatar\/986aa4c61ccdb66f8555bf88fc2a65609d00bcabd4d2d94377a727547345cbca?s=96&d=mm&r=g","caption":"Farn\u00e9sio"},"description":"Radialista blogueiro, chegou a Petrolina\/Juazeiro em setembro de 1980, Farn\u00e9sio Silva \u00e9 de Arapiraca-Alagoas.","sameAs":["http:\/\/blogdofarnesio.com.br","https:\/\/www.facebook.com\/?ref=tn_tnmn","https:\/\/www.instagram.com\/?utm_source=pwa_homescreen","https:\/\/youtube.com.br\/"],"url":"https:\/\/blogdofarnesio.com.br\/?author=2"}]}},"_links":{"self":[{"href":"https:\/\/blogdofarnesio.com.br\/index.php?rest_route=\/wp\/v2\/posts\/380835","targetHints":{"allow":["GET"]}}],"collection":[{"href":"https:\/\/blogdofarnesio.com.br\/index.php?rest_route=\/wp\/v2\/posts"}],"about":[{"href":"https:\/\/blogdofarnesio.com.br\/index.php?rest_route=\/wp\/v2\/types\/post"}],"author":[{"embeddable":true,"href":"https:\/\/blogdofarnesio.com.br\/index.php?rest_route=\/wp\/v2\/users\/2"}],"replies":[{"embeddable":true,"href":"https:\/\/blogdofarnesio.com.br\/index.php?rest_route=%2Fwp%2Fv2%2Fcomments&post=380835"}],"version-history":[{"count":0,"href":"https:\/\/blogdofarnesio.com.br\/index.php?rest_route=\/wp\/v2\/posts\/380835\/revisions"}],"wp:featuredmedia":[{"embeddable":true,"href":"https:\/\/blogdofarnesio.com.br\/index.php?rest_route=\/wp\/v2\/media\/380837"}],"wp:attachment":[{"href":"https:\/\/blogdofarnesio.com.br\/index.php?rest_route=%2Fwp%2Fv2%2Fmedia&parent=380835"}],"wp:term":[{"taxonomy":"category","embeddable":true,"href":"https:\/\/blogdofarnesio.com.br\/index.php?rest_route=%2Fwp%2Fv2%2Fcategories&post=380835"},{"taxonomy":"post_tag","embeddable":true,"href":"https:\/\/blogdofarnesio.com.br\/index.php?rest_route=%2Fwp%2Fv2%2Ftags&post=380835"}],"curies":[{"name":"wp","href":"https:\/\/api.w.org\/{rel}","templated":true}]}}