{"id":380564,"date":"2024-11-04T15:44:22","date_gmt":"2024-11-04T18:44:22","guid":{"rendered":"https:\/\/blogdofarnesio.com.br\/?p=380564"},"modified":"2024-11-04T14:35:33","modified_gmt":"2024-11-04T17:35:33","slug":"sebrae-impulsiona-participacao-de-empresarios-sertanejos-na-agrinordeste-2024","status":"publish","type":"post","link":"https:\/\/blogdofarnesio.com.br\/?p=380564","title":{"rendered":"Sebrae impulsiona participa\u00e7\u00e3o de empres\u00e1rios sertanejos na Agrinordeste 2024"},"content":{"rendered":"<p dir=\"ltr\">Entidade prestar\u00e1 apoio log\u00edstico aos empreendedores que querem aproveitar as oportunidades de conex\u00e3o e conhecer as principais tend\u00eancias do agroneg\u00f3cio<\/p>\n<p dir=\"ltr\">O Sebrae Pernambuco promover\u00e1 a participa\u00e7\u00e3o de pequenos empres\u00e1rios dos sert\u00f5es de S\u00e3o Francisco, Araripe, Central, Paje\u00fa e Moxot\u00f3 na 31\u00aa edi\u00e7\u00e3o da Agrinordeste, um dos principais eventos de agroneg\u00f3cio do Norte e Nordeste. Organizando caravanas saindo das cidades de Petrolina, Serra Talhada e Araripina, o Sebrae\/PE oferecer\u00e1 suporte aos empreendedores sertanejos, alguns dos quais ter\u00e3o estandes no evento para expor seus produtos e servi\u00e7os. A feira acontece de 7 a 10 de novembro, no Pernambuco Centro de Conven\u00e7\u00f5es, em Olinda, e al\u00e9m de reunir diversos expositores, conta com uma programa\u00e7\u00e3o ecl\u00e9tica de palestras e atividades voltadas ao setor agropecu\u00e1rio.<\/p>\n<p dir=\"ltr\">A presen\u00e7a dos empres\u00e1rios no evento \u00e9 estrat\u00e9gica, n\u00e3o s\u00f3 para exposi\u00e7\u00e3o de produtos e amplia\u00e7\u00e3o de redes de contato, mas tamb\u00e9m para fortalecer a economia dos sert\u00f5es e estimular a inova\u00e7\u00e3o. Com o subs\u00eddio do Sebrae, os empreendedores do agroneg\u00f3cio ter\u00e3o acesso a um evento de grande porte, por um custo bem mais baixo do que arcar com o deslocamento por conta pr\u00f3pria. A participa\u00e7\u00e3o na Agrinordeste \u00e9 sin\u00f4nimo de oportunidade de crescimento e visibilidade para os pequenos neg\u00f3cios locais, que s\u00e3o essenciais para o desenvolvimento econ\u00f4mico das regi\u00f5es rurais.<\/p>\n<p dir=\"ltr\">Vale do S\u00e3o Francisco<\/p>\n<p dir=\"ltr\">A caravana do Sert\u00e3o do S\u00e3o Francisco ter\u00e1 tr\u00eas \u00f4nibus, levando cerca de 120 empreendedores dos munic\u00edpios de Petrolina e Lagoa Grande. No grupo est\u00e3o produtores de latic\u00ednios, criadores de caprinos e ovinos, al\u00e9m de empres\u00e1rios do setor de vinhos, sucos e cacha\u00e7a. Alguns expositores ter\u00e3o estandes para divulgar seus produtos, enquanto outros ir\u00e3o aproveitar o evento para participar das atividades formativas e de networking oferecidas na Agrinordeste.<\/p>\n<p dir=\"ltr\">Sert\u00f5es do Paje\u00fa, Moxot\u00f3, Central e Itaparica<\/p>\n<p dir=\"ltr\">Os empreendedores dos sert\u00f5es do Paje\u00fa, Moxot\u00f3, Central e Itaparica, sobretudo produtores rurais, tamb\u00e9m estar\u00e3o presentes no evento. Aproximadamente 70 empreendedores embarcar\u00e3o em dois \u00f4nibus saindo de Serra Talhada. Foram reservados tr\u00eas estandes para os representantes locais, onde poder\u00e3o apresentar suas produ\u00e7\u00f5es agr\u00edcolas e artesanais ao p\u00fablico, firmando novas parcerias e explorando oportunidades de mercado.<\/p>\n<p dir=\"ltr\">Regi\u00e3o do Araripe<\/p>\n<p dir=\"ltr\">Do Araripe, cerca de 80 produtores participar\u00e3o da Agrinordeste com o apoio log\u00edstico do Sebrae. A maioria dos participantes \u00e9 composta por produtores de latic\u00ednios, apicultores e criadores de ovinos e caprinos. Para eles foram reservados cinco estandes: dois dedicados a produtores de queijos, l\u00e1cteos e derivados, al\u00e9m de tr\u00eas para produtos diversos, como mel, pe\u00e7as artesanais e outros itens da economia local.<\/p>\n<p dir=\"ltr\">Sobre a Agrinordeste<\/p>\n<p dir=\"ltr\">Neste ano, a 31\u00aa edi\u00e7\u00e3o da Agrinordeste contar\u00e1 com aproximadamente 300 expositores de v\u00e1rias regi\u00f5es rurais do Brasil, al\u00e9m de mais de 80 palestras sobre temas essenciais para o agroneg\u00f3cio, como apicultura, avicultura, bovinocultura, cooperativismo e fruticultura. Organizada pela Federa\u00e7\u00e3o da Agricultura e Pecu\u00e1ria do Estado de Pernambuco (Faepe) e apoiada pelo Sebrae Pernambuco e pela Organiza\u00e7\u00e3o das Cooperativas Brasileiras (OCB\/PE), a feira se consolida como uma oportunidade para o fortalecimento do agroneg\u00f3cio nordestino. A inscri\u00e7\u00e3o \u00e9 gratuita e pode ser realizada no\u00a0<a href=\"https:\/\/sis.automacaodeeventos.com.br\/2024\/agrinordeste\/sis\/inscricao\/index.asp\" target=\"_blank\" rel=\"noopener\" data-saferedirecturl=\"https:\/\/www.google.com\/url?q=https:\/\/sis.automacaodeeventos.com.br\/2024\/agrinordeste\/sis\/inscricao\/index.asp&amp;source=gmail&amp;ust=1730827285818000&amp;usg=AOvVaw0gLLT8HMWmQUbzlSc2NgAu\">site do evento<\/a>\u00a0ou presencialmente, mediante apresenta\u00e7\u00e3o de documento original com foto.<\/p>\n","protected":false},"excerpt":{"rendered":"<p>Entidade prestar\u00e1 apoio log\u00edstico aos empreendedores que querem aproveitar as oportunidades de conex\u00e3o e conhecer as principais tend\u00eancias do agroneg\u00f3cio O Sebrae Pernambuco promover\u00e1 a participa\u00e7\u00e3o de pequenos empres\u00e1rios dos sert\u00f5es de S\u00e3o Francisco, Araripe, Central, Paje\u00fa e Moxot\u00f3 na 31\u00aa edi\u00e7\u00e3o da Agrinordeste, um dos principais eventos de agroneg\u00f3cio do Norte e Nordeste. Organizando caravanas saindo das cidades de Petrolina, Serra Talhada e Araripina, o Sebrae\/PE oferecer\u00e1 suporte aos empreendedores sertanejos, alguns dos quais ter\u00e3o estandes no evento para expor seus produtos e servi\u00e7os. A feira acontece de 7 a 10 de novembro, no Pernambuco Centro de Conven\u00e7\u00f5es, em Olinda, e al\u00e9m de reunir diversos expositores, conta com uma programa\u00e7\u00e3o ecl\u00e9tica de palestras e atividades voltadas ao setor agropecu\u00e1rio.&hellip; <\/p>\n","protected":false},"author":2,"featured_media":380565,"comment_status":"open","ping_status":"open","sticky":false,"template":"","format":"standard","meta":{"_acf_changed":false,"footnotes":""},"categories":[20],"tags":[],"class_list":["post-380564","post","type-post","status-publish","format-standard","has-post-thumbnail","hentry","category-economia"],"acf":[],"yoast_head":"<!-- This site is optimized with the Yoast SEO plugin v27.4 - https:\/\/yoast.com\/product\/yoast-seo-wordpress\/ -->\n<title>Sebrae impulsiona participa\u00e7\u00e3o de empres\u00e1rios sertanejos na Agrinordeste 2024 - Blog do Farn\u00e9sio<\/title>\n<meta name=\"robots\" content=\"index, follow, max-snippet:-1, max-image-preview:large, max-video-preview:-1\" \/>\n<link rel=\"canonical\" href=\"https:\/\/blogdofarnesio.com.br\/?p=380564\" \/>\n<meta property=\"og:locale\" content=\"pt_BR\" \/>\n<meta property=\"og:type\" content=\"article\" \/>\n<meta property=\"og:title\" content=\"Sebrae impulsiona participa\u00e7\u00e3o de empres\u00e1rios sertanejos na Agrinordeste 2024 - Blog do Farn\u00e9sio\" \/>\n<meta property=\"og:description\" content=\"Entidade prestar\u00e1 apoio log\u00edstico aos empreendedores que querem aproveitar as oportunidades de conex\u00e3o e conhecer as principais tend\u00eancias do agroneg\u00f3cio O Sebrae Pernambuco promover\u00e1 a participa\u00e7\u00e3o de pequenos empres\u00e1rios dos sert\u00f5es de S\u00e3o Francisco, Araripe, Central, Paje\u00fa e Moxot\u00f3 na 31\u00aa edi\u00e7\u00e3o da Agrinordeste, um dos principais eventos de agroneg\u00f3cio do Norte e Nordeste. Organizando caravanas saindo das cidades de Petrolina, Serra Talhada e Araripina, o Sebrae\/PE oferecer\u00e1 suporte aos empreendedores sertanejos, alguns dos quais ter\u00e3o estandes no evento para expor seus produtos e servi\u00e7os. A feira acontece de 7 a 10 de novembro, no Pernambuco Centro de Conven\u00e7\u00f5es, em Olinda, e al\u00e9m de reunir diversos expositores, conta com uma programa\u00e7\u00e3o ecl\u00e9tica de palestras e atividades voltadas ao setor agropecu\u00e1rio.&hellip;\" \/>\n<meta property=\"og:url\" content=\"https:\/\/blogdofarnesio.com.br\/?p=380564\" \/>\n<meta property=\"og:site_name\" content=\"Blog do Farn\u00e9sio\" \/>\n<meta property=\"article:publisher\" content=\"https:\/\/www.facebook.com\/BlogQuerSaberPolitica\/\" \/>\n<meta property=\"article:author\" content=\"https:\/\/www.facebook.com\/?ref=tn_tnmn\" \/>\n<meta property=\"article:published_time\" content=\"2024-11-04T18:44:22+00:00\" \/>\n<meta property=\"og:image\" content=\"https:\/\/blogdofarnesio.com.br\/wp-content\/uploads\/2024\/11\/agriN-2-e1730741666467.jpg\" \/>\n\t<meta property=\"og:image:width\" content=\"524\" \/>\n\t<meta property=\"og:image:height\" content=\"349\" \/>\n\t<meta property=\"og:image:type\" content=\"image\/jpeg\" \/>\n<meta name=\"author\" content=\"Farn\u00e9sio\" \/>\n<meta name=\"twitter:card\" content=\"summary_large_image\" \/>\n<meta name=\"twitter:label1\" content=\"Escrito por\" \/>\n\t<meta name=\"twitter:data1\" content=\"Farn\u00e9sio\" \/>\n\t<meta name=\"twitter:label2\" content=\"Est. tempo de leitura\" \/>\n\t<meta name=\"twitter:data2\" content=\"4 minutos\" \/>\n<script type=\"application\/ld+json\" class=\"yoast-schema-graph\">{\"@context\":\"https:\\\/\\\/schema.org\",\"@graph\":[{\"@type\":\"Article\",\"@id\":\"https:\\\/\\\/blogdofarnesio.com.br\\\/?p=380564#article\",\"isPartOf\":{\"@id\":\"https:\\\/\\\/blogdofarnesio.com.br\\\/?p=380564\"},\"author\":{\"name\":\"Farn\u00e9sio\",\"@id\":\"https:\\\/\\\/blogdofarnesio.com.br\\\/#\\\/schema\\\/person\\\/bb9b23ae3ad0609ce8df7b6c9e76824d\"},\"headline\":\"Sebrae impulsiona participa\u00e7\u00e3o de empres\u00e1rios sertanejos na Agrinordeste 2024\",\"datePublished\":\"2024-11-04T18:44:22+00:00\",\"mainEntityOfPage\":{\"@id\":\"https:\\\/\\\/blogdofarnesio.com.br\\\/?p=380564\"},\"wordCount\":585,\"commentCount\":0,\"publisher\":{\"@id\":\"https:\\\/\\\/blogdofarnesio.com.br\\\/#organization\"},\"image\":{\"@id\":\"https:\\\/\\\/blogdofarnesio.com.br\\\/?p=380564#primaryimage\"},\"thumbnailUrl\":\"https:\\\/\\\/blogdofarnesio.com.br\\\/wp-content\\\/uploads\\\/2024\\\/11\\\/agriN-2-e1730741666467.jpg\",\"articleSection\":[\"Economia\"],\"inLanguage\":\"pt-BR\",\"potentialAction\":[{\"@type\":\"CommentAction\",\"name\":\"Comment\",\"target\":[\"https:\\\/\\\/blogdofarnesio.com.br\\\/?p=380564#respond\"]}]},{\"@type\":\"WebPage\",\"@id\":\"https:\\\/\\\/blogdofarnesio.com.br\\\/?p=380564\",\"url\":\"https:\\\/\\\/blogdofarnesio.com.br\\\/?p=380564\",\"name\":\"Sebrae impulsiona participa\u00e7\u00e3o de empres\u00e1rios sertanejos na Agrinordeste 2024 - Blog do Farn\u00e9sio\",\"isPartOf\":{\"@id\":\"https:\\\/\\\/blogdofarnesio.com.br\\\/#website\"},\"primaryImageOfPage\":{\"@id\":\"https:\\\/\\\/blogdofarnesio.com.br\\\/?p=380564#primaryimage\"},\"image\":{\"@id\":\"https:\\\/\\\/blogdofarnesio.com.br\\\/?p=380564#primaryimage\"},\"thumbnailUrl\":\"https:\\\/\\\/blogdofarnesio.com.br\\\/wp-content\\\/uploads\\\/2024\\\/11\\\/agriN-2-e1730741666467.jpg\",\"datePublished\":\"2024-11-04T18:44:22+00:00\",\"breadcrumb\":{\"@id\":\"https:\\\/\\\/blogdofarnesio.com.br\\\/?p=380564#breadcrumb\"},\"inLanguage\":\"pt-BR\",\"potentialAction\":[{\"@type\":\"ReadAction\",\"target\":[\"https:\\\/\\\/blogdofarnesio.com.br\\\/?p=380564\"]}]},{\"@type\":\"ImageObject\",\"inLanguage\":\"pt-BR\",\"@id\":\"https:\\\/\\\/blogdofarnesio.com.br\\\/?p=380564#primaryimage\",\"url\":\"https:\\\/\\\/blogdofarnesio.com.br\\\/wp-content\\\/uploads\\\/2024\\\/11\\\/agriN-2-e1730741666467.jpg\",\"contentUrl\":\"https:\\\/\\\/blogdofarnesio.com.br\\\/wp-content\\\/uploads\\\/2024\\\/11\\\/agriN-2-e1730741666467.jpg\",\"width\":524,\"height\":349},{\"@type\":\"BreadcrumbList\",\"@id\":\"https:\\\/\\\/blogdofarnesio.com.br\\\/?p=380564#breadcrumb\",\"itemListElement\":[{\"@type\":\"ListItem\",\"position\":1,\"name\":\"In\u00edcio\",\"item\":\"https:\\\/\\\/blogdofarnesio.com.br\\\/\"},{\"@type\":\"ListItem\",\"position\":2,\"name\":\"Sebrae impulsiona participa\u00e7\u00e3o de empres\u00e1rios sertanejos na Agrinordeste 2024\"}]},{\"@type\":\"WebSite\",\"@id\":\"https:\\\/\\\/blogdofarnesio.com.br\\\/#website\",\"url\":\"https:\\\/\\\/blogdofarnesio.com.br\\\/\",\"name\":\"Blog do Farn\u00e9sio\",\"description\":\"Quer Saber Pol\u00edtica?\",\"publisher\":{\"@id\":\"https:\\\/\\\/blogdofarnesio.com.br\\\/#organization\"},\"potentialAction\":[{\"@type\":\"SearchAction\",\"target\":{\"@type\":\"EntryPoint\",\"urlTemplate\":\"https:\\\/\\\/blogdofarnesio.com.br\\\/?s={search_term_string}\"},\"query-input\":{\"@type\":\"PropertyValueSpecification\",\"valueRequired\":true,\"valueName\":\"search_term_string\"}}],\"inLanguage\":\"pt-BR\"},{\"@type\":\"Organization\",\"@id\":\"https:\\\/\\\/blogdofarnesio.com.br\\\/#organization\",\"name\":\"Blog do Farn\u00e9sio\",\"url\":\"https:\\\/\\\/blogdofarnesio.com.br\\\/\",\"logo\":{\"@type\":\"ImageObject\",\"inLanguage\":\"pt-BR\",\"@id\":\"https:\\\/\\\/blogdofarnesio.com.br\\\/#\\\/schema\\\/logo\\\/image\\\/\",\"url\":\"https:\\\/\\\/blogdofarnesio.com.br\\\/wp-content\\\/uploads\\\/2026\\\/03\\\/cropped-logo_new-1.png\",\"contentUrl\":\"https:\\\/\\\/blogdofarnesio.com.br\\\/wp-content\\\/uploads\\\/2026\\\/03\\\/cropped-logo_new-1.png\",\"width\":881,\"height\":685,\"caption\":\"Blog do Farn\u00e9sio\"},\"image\":{\"@id\":\"https:\\\/\\\/blogdofarnesio.com.br\\\/#\\\/schema\\\/logo\\\/image\\\/\"},\"sameAs\":[\"https:\\\/\\\/www.facebook.com\\\/BlogQuerSaberPolitica\\\/\"]},{\"@type\":\"Person\",\"@id\":\"https:\\\/\\\/blogdofarnesio.com.br\\\/#\\\/schema\\\/person\\\/bb9b23ae3ad0609ce8df7b6c9e76824d\",\"name\":\"Farn\u00e9sio\",\"image\":{\"@type\":\"ImageObject\",\"inLanguage\":\"pt-BR\",\"@id\":\"https:\\\/\\\/secure.gravatar.com\\\/avatar\\\/986aa4c61ccdb66f8555bf88fc2a65609d00bcabd4d2d94377a727547345cbca?s=96&d=mm&r=g\",\"url\":\"https:\\\/\\\/secure.gravatar.com\\\/avatar\\\/986aa4c61ccdb66f8555bf88fc2a65609d00bcabd4d2d94377a727547345cbca?s=96&d=mm&r=g\",\"contentUrl\":\"https:\\\/\\\/secure.gravatar.com\\\/avatar\\\/986aa4c61ccdb66f8555bf88fc2a65609d00bcabd4d2d94377a727547345cbca?s=96&d=mm&r=g\",\"caption\":\"Farn\u00e9sio\"},\"description\":\"Radialista blogueiro, chegou a Petrolina\\\/Juazeiro em setembro de 1980, Farn\u00e9sio Silva \u00e9 de Arapiraca-Alagoas.\",\"sameAs\":[\"http:\\\/\\\/blogdofarnesio.com.br\",\"https:\\\/\\\/www.facebook.com\\\/?ref=tn_tnmn\",\"https:\\\/\\\/www.instagram.com\\\/?utm_source=pwa_homescreen\",\"https:\\\/\\\/youtube.com.br\\\/\"],\"url\":\"https:\\\/\\\/blogdofarnesio.com.br\\\/?author=2\"}]}<\/script>\n<!-- \/ Yoast SEO plugin. -->","yoast_head_json":{"title":"Sebrae impulsiona participa\u00e7\u00e3o de empres\u00e1rios sertanejos na Agrinordeste 2024 - Blog do Farn\u00e9sio","robots":{"index":"index","follow":"follow","max-snippet":"max-snippet:-1","max-image-preview":"max-image-preview:large","max-video-preview":"max-video-preview:-1"},"canonical":"https:\/\/blogdofarnesio.com.br\/?p=380564","og_locale":"pt_BR","og_type":"article","og_title":"Sebrae impulsiona participa\u00e7\u00e3o de empres\u00e1rios sertanejos na Agrinordeste 2024 - Blog do Farn\u00e9sio","og_description":"Entidade prestar\u00e1 apoio log\u00edstico aos empreendedores que querem aproveitar as oportunidades de conex\u00e3o e conhecer as principais tend\u00eancias do agroneg\u00f3cio O Sebrae Pernambuco promover\u00e1 a participa\u00e7\u00e3o de pequenos empres\u00e1rios dos sert\u00f5es de S\u00e3o Francisco, Araripe, Central, Paje\u00fa e Moxot\u00f3 na 31\u00aa edi\u00e7\u00e3o da Agrinordeste, um dos principais eventos de agroneg\u00f3cio do Norte e Nordeste. Organizando caravanas saindo das cidades de Petrolina, Serra Talhada e Araripina, o Sebrae\/PE oferecer\u00e1 suporte aos empreendedores sertanejos, alguns dos quais ter\u00e3o estandes no evento para expor seus produtos e servi\u00e7os. A feira acontece de 7 a 10 de novembro, no Pernambuco Centro de Conven\u00e7\u00f5es, em Olinda, e al\u00e9m de reunir diversos expositores, conta com uma programa\u00e7\u00e3o ecl\u00e9tica de palestras e atividades voltadas ao setor agropecu\u00e1rio.&hellip;","og_url":"https:\/\/blogdofarnesio.com.br\/?p=380564","og_site_name":"Blog do Farn\u00e9sio","article_publisher":"https:\/\/www.facebook.com\/BlogQuerSaberPolitica\/","article_author":"https:\/\/www.facebook.com\/?ref=tn_tnmn","article_published_time":"2024-11-04T18:44:22+00:00","og_image":[{"width":524,"height":349,"url":"https:\/\/blogdofarnesio.com.br\/wp-content\/uploads\/2024\/11\/agriN-2-e1730741666467.jpg","type":"image\/jpeg"}],"author":"Farn\u00e9sio","twitter_card":"summary_large_image","twitter_misc":{"Escrito por":"Farn\u00e9sio","Est. tempo de leitura":"4 minutos"},"schema":{"@context":"https:\/\/schema.org","@graph":[{"@type":"Article","@id":"https:\/\/blogdofarnesio.com.br\/?p=380564#article","isPartOf":{"@id":"https:\/\/blogdofarnesio.com.br\/?p=380564"},"author":{"name":"Farn\u00e9sio","@id":"https:\/\/blogdofarnesio.com.br\/#\/schema\/person\/bb9b23ae3ad0609ce8df7b6c9e76824d"},"headline":"Sebrae impulsiona participa\u00e7\u00e3o de empres\u00e1rios sertanejos na Agrinordeste 2024","datePublished":"2024-11-04T18:44:22+00:00","mainEntityOfPage":{"@id":"https:\/\/blogdofarnesio.com.br\/?p=380564"},"wordCount":585,"commentCount":0,"publisher":{"@id":"https:\/\/blogdofarnesio.com.br\/#organization"},"image":{"@id":"https:\/\/blogdofarnesio.com.br\/?p=380564#primaryimage"},"thumbnailUrl":"https:\/\/blogdofarnesio.com.br\/wp-content\/uploads\/2024\/11\/agriN-2-e1730741666467.jpg","articleSection":["Economia"],"inLanguage":"pt-BR","potentialAction":[{"@type":"CommentAction","name":"Comment","target":["https:\/\/blogdofarnesio.com.br\/?p=380564#respond"]}]},{"@type":"WebPage","@id":"https:\/\/blogdofarnesio.com.br\/?p=380564","url":"https:\/\/blogdofarnesio.com.br\/?p=380564","name":"Sebrae impulsiona participa\u00e7\u00e3o de empres\u00e1rios sertanejos na Agrinordeste 2024 - Blog do Farn\u00e9sio","isPartOf":{"@id":"https:\/\/blogdofarnesio.com.br\/#website"},"primaryImageOfPage":{"@id":"https:\/\/blogdofarnesio.com.br\/?p=380564#primaryimage"},"image":{"@id":"https:\/\/blogdofarnesio.com.br\/?p=380564#primaryimage"},"thumbnailUrl":"https:\/\/blogdofarnesio.com.br\/wp-content\/uploads\/2024\/11\/agriN-2-e1730741666467.jpg","datePublished":"2024-11-04T18:44:22+00:00","breadcrumb":{"@id":"https:\/\/blogdofarnesio.com.br\/?p=380564#breadcrumb"},"inLanguage":"pt-BR","potentialAction":[{"@type":"ReadAction","target":["https:\/\/blogdofarnesio.com.br\/?p=380564"]}]},{"@type":"ImageObject","inLanguage":"pt-BR","@id":"https:\/\/blogdofarnesio.com.br\/?p=380564#primaryimage","url":"https:\/\/blogdofarnesio.com.br\/wp-content\/uploads\/2024\/11\/agriN-2-e1730741666467.jpg","contentUrl":"https:\/\/blogdofarnesio.com.br\/wp-content\/uploads\/2024\/11\/agriN-2-e1730741666467.jpg","width":524,"height":349},{"@type":"BreadcrumbList","@id":"https:\/\/blogdofarnesio.com.br\/?p=380564#breadcrumb","itemListElement":[{"@type":"ListItem","position":1,"name":"In\u00edcio","item":"https:\/\/blogdofarnesio.com.br\/"},{"@type":"ListItem","position":2,"name":"Sebrae impulsiona participa\u00e7\u00e3o de empres\u00e1rios sertanejos na Agrinordeste 2024"}]},{"@type":"WebSite","@id":"https:\/\/blogdofarnesio.com.br\/#website","url":"https:\/\/blogdofarnesio.com.br\/","name":"Blog do Farn\u00e9sio","description":"Quer Saber Pol\u00edtica?","publisher":{"@id":"https:\/\/blogdofarnesio.com.br\/#organization"},"potentialAction":[{"@type":"SearchAction","target":{"@type":"EntryPoint","urlTemplate":"https:\/\/blogdofarnesio.com.br\/?s={search_term_string}"},"query-input":{"@type":"PropertyValueSpecification","valueRequired":true,"valueName":"search_term_string"}}],"inLanguage":"pt-BR"},{"@type":"Organization","@id":"https:\/\/blogdofarnesio.com.br\/#organization","name":"Blog do Farn\u00e9sio","url":"https:\/\/blogdofarnesio.com.br\/","logo":{"@type":"ImageObject","inLanguage":"pt-BR","@id":"https:\/\/blogdofarnesio.com.br\/#\/schema\/logo\/image\/","url":"https:\/\/blogdofarnesio.com.br\/wp-content\/uploads\/2026\/03\/cropped-logo_new-1.png","contentUrl":"https:\/\/blogdofarnesio.com.br\/wp-content\/uploads\/2026\/03\/cropped-logo_new-1.png","width":881,"height":685,"caption":"Blog do Farn\u00e9sio"},"image":{"@id":"https:\/\/blogdofarnesio.com.br\/#\/schema\/logo\/image\/"},"sameAs":["https:\/\/www.facebook.com\/BlogQuerSaberPolitica\/"]},{"@type":"Person","@id":"https:\/\/blogdofarnesio.com.br\/#\/schema\/person\/bb9b23ae3ad0609ce8df7b6c9e76824d","name":"Farn\u00e9sio","image":{"@type":"ImageObject","inLanguage":"pt-BR","@id":"https:\/\/secure.gravatar.com\/avatar\/986aa4c61ccdb66f8555bf88fc2a65609d00bcabd4d2d94377a727547345cbca?s=96&d=mm&r=g","url":"https:\/\/secure.gravatar.com\/avatar\/986aa4c61ccdb66f8555bf88fc2a65609d00bcabd4d2d94377a727547345cbca?s=96&d=mm&r=g","contentUrl":"https:\/\/secure.gravatar.com\/avatar\/986aa4c61ccdb66f8555bf88fc2a65609d00bcabd4d2d94377a727547345cbca?s=96&d=mm&r=g","caption":"Farn\u00e9sio"},"description":"Radialista blogueiro, chegou a Petrolina\/Juazeiro em setembro de 1980, Farn\u00e9sio Silva \u00e9 de Arapiraca-Alagoas.","sameAs":["http:\/\/blogdofarnesio.com.br","https:\/\/www.facebook.com\/?ref=tn_tnmn","https:\/\/www.instagram.com\/?utm_source=pwa_homescreen","https:\/\/youtube.com.br\/"],"url":"https:\/\/blogdofarnesio.com.br\/?author=2"}]}},"_links":{"self":[{"href":"https:\/\/blogdofarnesio.com.br\/index.php?rest_route=\/wp\/v2\/posts\/380564","targetHints":{"allow":["GET"]}}],"collection":[{"href":"https:\/\/blogdofarnesio.com.br\/index.php?rest_route=\/wp\/v2\/posts"}],"about":[{"href":"https:\/\/blogdofarnesio.com.br\/index.php?rest_route=\/wp\/v2\/types\/post"}],"author":[{"embeddable":true,"href":"https:\/\/blogdofarnesio.com.br\/index.php?rest_route=\/wp\/v2\/users\/2"}],"replies":[{"embeddable":true,"href":"https:\/\/blogdofarnesio.com.br\/index.php?rest_route=%2Fwp%2Fv2%2Fcomments&post=380564"}],"version-history":[{"count":0,"href":"https:\/\/blogdofarnesio.com.br\/index.php?rest_route=\/wp\/v2\/posts\/380564\/revisions"}],"wp:featuredmedia":[{"embeddable":true,"href":"https:\/\/blogdofarnesio.com.br\/index.php?rest_route=\/wp\/v2\/media\/380565"}],"wp:attachment":[{"href":"https:\/\/blogdofarnesio.com.br\/index.php?rest_route=%2Fwp%2Fv2%2Fmedia&parent=380564"}],"wp:term":[{"taxonomy":"category","embeddable":true,"href":"https:\/\/blogdofarnesio.com.br\/index.php?rest_route=%2Fwp%2Fv2%2Fcategories&post=380564"},{"taxonomy":"post_tag","embeddable":true,"href":"https:\/\/blogdofarnesio.com.br\/index.php?rest_route=%2Fwp%2Fv2%2Ftags&post=380564"}],"curies":[{"name":"wp","href":"https:\/\/api.w.org\/{rel}","templated":true}]}}