{"id":380557,"date":"2024-11-04T15:23:49","date_gmt":"2024-11-04T18:23:49","guid":{"rendered":"https:\/\/blogdofarnesio.com.br\/?p=380557"},"modified":"2024-11-04T14:10:51","modified_gmt":"2024-11-04T17:10:51","slug":"crimes-contra-mulheres-tem-apresentado-reducao-significativa-em-2024","status":"publish","type":"post","link":"https:\/\/blogdofarnesio.com.br\/?p=380557","title":{"rendered":"Crimes contra mulheres t\u00eam apresentado redu\u00e7\u00e3o significativa em 2024"},"content":{"rendered":"<div class=\"sc-b4c8ccf3-0 fsXNOt\"><\/div>\n<div class=\"sc-81cf810-1 bYubFg\">\n<div class=\"sc-81cf810-2 hiSMeg\">\n<div class=\"imgCredits\">O n\u00famero de casos de viol\u00eancia contra as mulheres em Salvador tem mostrado uma queda acentuada nos \u00faltimos anos. O panorama pode ser traduzido nos registros feitos nas delegacias da cidade: em 2023, 18.044 boletins de ocorr\u00eancia sobre crimes contra essa parcela da popula\u00e7\u00e3o. At\u00e9 o dia 21 de outubro deste ano, no entanto, a Pol\u00edcia Civil registrou 12.935 casos, incluindo feminic\u00eddio, amea\u00e7a, ass\u00e9dio sexual e estupro.<\/div>\n<\/div>\n<div class=\"sc-81cf810-3 gCNTHg\">\n<p>Especificamente em casos de feminic\u00eddio, em 2023, 20 mulheres foram mortas, enquanto at\u00e9 outubro de 2024, as autoridades policiais haviam registrado 7 crimes, representando uma queda de 65% no n\u00famero de assassinatos de mulheres por sua condi\u00e7\u00e3o de g\u00eanero.<\/p>\n<p>\u201cIsso \u00e9 muito significativo e mostra a efetividade de uma pol\u00edtica p\u00fablica no territ\u00f3rio. Quando cruzamos os dados das v\u00edtimas de feminic\u00eddio com os registros dos nossos Centros de Refer\u00eancia de Atendimento \u00e0 Mulher (CRAM), percebemos que nenhuma dessas v\u00edtimas foi atendida por eles.<\/p>\n<p>\u00c9 importante destacar que realizamos mais de 13 mil atendimentos nesses centros, o que \u00e9 um indicativo de que o trabalho realizado tem salvado vidas. Isso mostra a import\u00e2ncia de a mulher denunciar, ser acompanhada e contar com o apoio das pol\u00edticas p\u00fablicas para sua prote\u00e7\u00e3o\u201d, comenta Fernanda Lord\u00ealo, secret\u00e1ria Municipal de Pol\u00edticas para Mulheres, Inf\u00e2ncia e Juventude (SPMJ).<\/p>\n<p>Os Centros de Refer\u00eancia est\u00e3o localizados em tr\u00eas bairros diferentes da capital baiana e podem ser acessados por todas as mulheres residentes na cidade que se encontrem em situa\u00e7\u00e3o de viol\u00eancia dom\u00e9stica ou familiar. Nesses locais, as v\u00edtimas t\u00eam acesso a uma equipe multidisciplinar composta por psic\u00f3logos, assistentes sociais e advogados para atendimento e acolhimento.<\/p>\n<p>Em 2022, foi institu\u00eddo como Pol\u00edtica P\u00fablica Municipal o programa \u201cAlerta Salvador\u201d, que disp\u00f5e de um conjunto de a\u00e7\u00f5es municipais integradas, dedicadas \u00e0 erradica\u00e7\u00e3o da viol\u00eancia contra a mulher. Esse programa fez com que os Centros de Refer\u00eancia ampliassem seus atendimentos, passando a atuar tamb\u00e9m de forma itinerante, como no Carnaval e no R\u00e9veillon.<\/p>\n<\/div>\n<\/div>\n","protected":false},"excerpt":{"rendered":"<p>O n\u00famero de casos de viol\u00eancia contra as mulheres em Salvador tem mostrado uma queda acentuada nos \u00faltimos anos. O panorama pode ser traduzido nos registros feitos nas delegacias da cidade: em 2023, 18.044 boletins de ocorr\u00eancia sobre crimes contra essa parcela da popula\u00e7\u00e3o. At\u00e9 o dia 21 de outubro deste ano, no entanto, a Pol\u00edcia Civil registrou 12.935 casos, incluindo feminic\u00eddio, amea\u00e7a, ass\u00e9dio sexual e estupro. Especificamente em casos de feminic\u00eddio, em 2023, 20 mulheres foram mortas, enquanto at\u00e9 outubro de 2024, as autoridades policiais haviam registrado 7 crimes, representando uma queda de 65% no n\u00famero de assassinatos de mulheres por sua condi\u00e7\u00e3o de g\u00eanero. \u201cIsso \u00e9 muito significativo e mostra a efetividade de uma pol\u00edtica p\u00fablica no territ\u00f3rio.&hellip; <\/p>\n","protected":false},"author":2,"featured_media":380558,"comment_status":"open","ping_status":"open","sticky":false,"template":"","format":"standard","meta":{"_acf_changed":false,"footnotes":""},"categories":[5],"tags":[],"class_list":["post-380557","post","type-post","status-publish","format-standard","has-post-thumbnail","hentry","category-seguranca"],"acf":[],"yoast_head":"<!-- This site is optimized with the Yoast SEO plugin v27.4 - https:\/\/yoast.com\/product\/yoast-seo-wordpress\/ -->\n<title>Crimes contra mulheres t\u00eam apresentado redu\u00e7\u00e3o significativa em 2024 - Blog do Farn\u00e9sio<\/title>\n<meta name=\"robots\" content=\"index, follow, max-snippet:-1, max-image-preview:large, max-video-preview:-1\" \/>\n<link rel=\"canonical\" href=\"https:\/\/blogdofarnesio.com.br\/?p=380557\" \/>\n<meta property=\"og:locale\" content=\"pt_BR\" \/>\n<meta property=\"og:type\" content=\"article\" \/>\n<meta property=\"og:title\" content=\"Crimes contra mulheres t\u00eam apresentado redu\u00e7\u00e3o significativa em 2024 - Blog do Farn\u00e9sio\" \/>\n<meta property=\"og:description\" content=\"O n\u00famero de casos de viol\u00eancia contra as mulheres em Salvador tem mostrado uma queda acentuada nos \u00faltimos anos. O panorama pode ser traduzido nos registros feitos nas delegacias da cidade: em 2023, 18.044 boletins de ocorr\u00eancia sobre crimes contra essa parcela da popula\u00e7\u00e3o. At\u00e9 o dia 21 de outubro deste ano, no entanto, a Pol\u00edcia Civil registrou 12.935 casos, incluindo feminic\u00eddio, amea\u00e7a, ass\u00e9dio sexual e estupro. Especificamente em casos de feminic\u00eddio, em 2023, 20 mulheres foram mortas, enquanto at\u00e9 outubro de 2024, as autoridades policiais haviam registrado 7 crimes, representando uma queda de 65% no n\u00famero de assassinatos de mulheres por sua condi\u00e7\u00e3o de g\u00eanero. \u201cIsso \u00e9 muito significativo e mostra a efetividade de uma pol\u00edtica p\u00fablica no territ\u00f3rio.&hellip;\" \/>\n<meta property=\"og:url\" content=\"https:\/\/blogdofarnesio.com.br\/?p=380557\" \/>\n<meta property=\"og:site_name\" content=\"Blog do Farn\u00e9sio\" \/>\n<meta property=\"article:publisher\" content=\"https:\/\/www.facebook.com\/BlogQuerSaberPolitica\/\" \/>\n<meta property=\"article:author\" content=\"https:\/\/www.facebook.com\/?ref=tn_tnmn\" \/>\n<meta property=\"article:published_time\" content=\"2024-11-04T18:23:49+00:00\" \/>\n<meta property=\"og:image\" content=\"https:\/\/blogdofarnesio.com.br\/wp-content\/uploads\/2024\/11\/blogqspfeminicidio.png\" \/>\n\t<meta property=\"og:image:width\" content=\"634\" \/>\n\t<meta property=\"og:image:height\" content=\"361\" \/>\n\t<meta property=\"og:image:type\" content=\"image\/png\" \/>\n<meta name=\"author\" content=\"Farn\u00e9sio\" \/>\n<meta name=\"twitter:card\" content=\"summary_large_image\" \/>\n<meta name=\"twitter:label1\" content=\"Escrito por\" \/>\n\t<meta name=\"twitter:data1\" content=\"Farn\u00e9sio\" \/>\n\t<meta name=\"twitter:label2\" content=\"Est. tempo de leitura\" \/>\n\t<meta name=\"twitter:data2\" content=\"2 minutos\" \/>\n<script type=\"application\/ld+json\" class=\"yoast-schema-graph\">{\"@context\":\"https:\\\/\\\/schema.org\",\"@graph\":[{\"@type\":\"Article\",\"@id\":\"https:\\\/\\\/blogdofarnesio.com.br\\\/?p=380557#article\",\"isPartOf\":{\"@id\":\"https:\\\/\\\/blogdofarnesio.com.br\\\/?p=380557\"},\"author\":{\"name\":\"Farn\u00e9sio\",\"@id\":\"https:\\\/\\\/blogdofarnesio.com.br\\\/#\\\/schema\\\/person\\\/bb9b23ae3ad0609ce8df7b6c9e76824d\"},\"headline\":\"Crimes contra mulheres t\u00eam apresentado redu\u00e7\u00e3o significativa em 2024\",\"datePublished\":\"2024-11-04T18:23:49+00:00\",\"mainEntityOfPage\":{\"@id\":\"https:\\\/\\\/blogdofarnesio.com.br\\\/?p=380557\"},\"wordCount\":358,\"commentCount\":0,\"publisher\":{\"@id\":\"https:\\\/\\\/blogdofarnesio.com.br\\\/#organization\"},\"image\":{\"@id\":\"https:\\\/\\\/blogdofarnesio.com.br\\\/?p=380557#primaryimage\"},\"thumbnailUrl\":\"https:\\\/\\\/blogdofarnesio.com.br\\\/wp-content\\\/uploads\\\/2024\\\/11\\\/blogqspfeminicidio.png\",\"articleSection\":[\"Seguran\u00e7a\"],\"inLanguage\":\"pt-BR\",\"potentialAction\":[{\"@type\":\"CommentAction\",\"name\":\"Comment\",\"target\":[\"https:\\\/\\\/blogdofarnesio.com.br\\\/?p=380557#respond\"]}]},{\"@type\":\"WebPage\",\"@id\":\"https:\\\/\\\/blogdofarnesio.com.br\\\/?p=380557\",\"url\":\"https:\\\/\\\/blogdofarnesio.com.br\\\/?p=380557\",\"name\":\"Crimes contra mulheres t\u00eam apresentado redu\u00e7\u00e3o significativa em 2024 - Blog do Farn\u00e9sio\",\"isPartOf\":{\"@id\":\"https:\\\/\\\/blogdofarnesio.com.br\\\/#website\"},\"primaryImageOfPage\":{\"@id\":\"https:\\\/\\\/blogdofarnesio.com.br\\\/?p=380557#primaryimage\"},\"image\":{\"@id\":\"https:\\\/\\\/blogdofarnesio.com.br\\\/?p=380557#primaryimage\"},\"thumbnailUrl\":\"https:\\\/\\\/blogdofarnesio.com.br\\\/wp-content\\\/uploads\\\/2024\\\/11\\\/blogqspfeminicidio.png\",\"datePublished\":\"2024-11-04T18:23:49+00:00\",\"breadcrumb\":{\"@id\":\"https:\\\/\\\/blogdofarnesio.com.br\\\/?p=380557#breadcrumb\"},\"inLanguage\":\"pt-BR\",\"potentialAction\":[{\"@type\":\"ReadAction\",\"target\":[\"https:\\\/\\\/blogdofarnesio.com.br\\\/?p=380557\"]}]},{\"@type\":\"ImageObject\",\"inLanguage\":\"pt-BR\",\"@id\":\"https:\\\/\\\/blogdofarnesio.com.br\\\/?p=380557#primaryimage\",\"url\":\"https:\\\/\\\/blogdofarnesio.com.br\\\/wp-content\\\/uploads\\\/2024\\\/11\\\/blogqspfeminicidio.png\",\"contentUrl\":\"https:\\\/\\\/blogdofarnesio.com.br\\\/wp-content\\\/uploads\\\/2024\\\/11\\\/blogqspfeminicidio.png\",\"width\":634,\"height\":361},{\"@type\":\"BreadcrumbList\",\"@id\":\"https:\\\/\\\/blogdofarnesio.com.br\\\/?p=380557#breadcrumb\",\"itemListElement\":[{\"@type\":\"ListItem\",\"position\":1,\"name\":\"In\u00edcio\",\"item\":\"https:\\\/\\\/blogdofarnesio.com.br\\\/\"},{\"@type\":\"ListItem\",\"position\":2,\"name\":\"Crimes contra mulheres t\u00eam apresentado redu\u00e7\u00e3o significativa em 2024\"}]},{\"@type\":\"WebSite\",\"@id\":\"https:\\\/\\\/blogdofarnesio.com.br\\\/#website\",\"url\":\"https:\\\/\\\/blogdofarnesio.com.br\\\/\",\"name\":\"Blog do Farn\u00e9sio\",\"description\":\"Quer Saber Pol\u00edtica?\",\"publisher\":{\"@id\":\"https:\\\/\\\/blogdofarnesio.com.br\\\/#organization\"},\"potentialAction\":[{\"@type\":\"SearchAction\",\"target\":{\"@type\":\"EntryPoint\",\"urlTemplate\":\"https:\\\/\\\/blogdofarnesio.com.br\\\/?s={search_term_string}\"},\"query-input\":{\"@type\":\"PropertyValueSpecification\",\"valueRequired\":true,\"valueName\":\"search_term_string\"}}],\"inLanguage\":\"pt-BR\"},{\"@type\":\"Organization\",\"@id\":\"https:\\\/\\\/blogdofarnesio.com.br\\\/#organization\",\"name\":\"Blog do Farn\u00e9sio\",\"url\":\"https:\\\/\\\/blogdofarnesio.com.br\\\/\",\"logo\":{\"@type\":\"ImageObject\",\"inLanguage\":\"pt-BR\",\"@id\":\"https:\\\/\\\/blogdofarnesio.com.br\\\/#\\\/schema\\\/logo\\\/image\\\/\",\"url\":\"https:\\\/\\\/blogdofarnesio.com.br\\\/wp-content\\\/uploads\\\/2026\\\/03\\\/cropped-logo_new-1.png\",\"contentUrl\":\"https:\\\/\\\/blogdofarnesio.com.br\\\/wp-content\\\/uploads\\\/2026\\\/03\\\/cropped-logo_new-1.png\",\"width\":881,\"height\":685,\"caption\":\"Blog do Farn\u00e9sio\"},\"image\":{\"@id\":\"https:\\\/\\\/blogdofarnesio.com.br\\\/#\\\/schema\\\/logo\\\/image\\\/\"},\"sameAs\":[\"https:\\\/\\\/www.facebook.com\\\/BlogQuerSaberPolitica\\\/\"]},{\"@type\":\"Person\",\"@id\":\"https:\\\/\\\/blogdofarnesio.com.br\\\/#\\\/schema\\\/person\\\/bb9b23ae3ad0609ce8df7b6c9e76824d\",\"name\":\"Farn\u00e9sio\",\"image\":{\"@type\":\"ImageObject\",\"inLanguage\":\"pt-BR\",\"@id\":\"https:\\\/\\\/secure.gravatar.com\\\/avatar\\\/986aa4c61ccdb66f8555bf88fc2a65609d00bcabd4d2d94377a727547345cbca?s=96&d=mm&r=g\",\"url\":\"https:\\\/\\\/secure.gravatar.com\\\/avatar\\\/986aa4c61ccdb66f8555bf88fc2a65609d00bcabd4d2d94377a727547345cbca?s=96&d=mm&r=g\",\"contentUrl\":\"https:\\\/\\\/secure.gravatar.com\\\/avatar\\\/986aa4c61ccdb66f8555bf88fc2a65609d00bcabd4d2d94377a727547345cbca?s=96&d=mm&r=g\",\"caption\":\"Farn\u00e9sio\"},\"description\":\"Radialista blogueiro, chegou a Petrolina\\\/Juazeiro em setembro de 1980, Farn\u00e9sio Silva \u00e9 de Arapiraca-Alagoas.\",\"sameAs\":[\"http:\\\/\\\/blogdofarnesio.com.br\",\"https:\\\/\\\/www.facebook.com\\\/?ref=tn_tnmn\",\"https:\\\/\\\/www.instagram.com\\\/?utm_source=pwa_homescreen\",\"https:\\\/\\\/youtube.com.br\\\/\"],\"url\":\"https:\\\/\\\/blogdofarnesio.com.br\\\/?author=2\"}]}<\/script>\n<!-- \/ Yoast SEO plugin. -->","yoast_head_json":{"title":"Crimes contra mulheres t\u00eam apresentado redu\u00e7\u00e3o significativa em 2024 - Blog do Farn\u00e9sio","robots":{"index":"index","follow":"follow","max-snippet":"max-snippet:-1","max-image-preview":"max-image-preview:large","max-video-preview":"max-video-preview:-1"},"canonical":"https:\/\/blogdofarnesio.com.br\/?p=380557","og_locale":"pt_BR","og_type":"article","og_title":"Crimes contra mulheres t\u00eam apresentado redu\u00e7\u00e3o significativa em 2024 - Blog do Farn\u00e9sio","og_description":"O n\u00famero de casos de viol\u00eancia contra as mulheres em Salvador tem mostrado uma queda acentuada nos \u00faltimos anos. O panorama pode ser traduzido nos registros feitos nas delegacias da cidade: em 2023, 18.044 boletins de ocorr\u00eancia sobre crimes contra essa parcela da popula\u00e7\u00e3o. At\u00e9 o dia 21 de outubro deste ano, no entanto, a Pol\u00edcia Civil registrou 12.935 casos, incluindo feminic\u00eddio, amea\u00e7a, ass\u00e9dio sexual e estupro. Especificamente em casos de feminic\u00eddio, em 2023, 20 mulheres foram mortas, enquanto at\u00e9 outubro de 2024, as autoridades policiais haviam registrado 7 crimes, representando uma queda de 65% no n\u00famero de assassinatos de mulheres por sua condi\u00e7\u00e3o de g\u00eanero. \u201cIsso \u00e9 muito significativo e mostra a efetividade de uma pol\u00edtica p\u00fablica no territ\u00f3rio.&hellip;","og_url":"https:\/\/blogdofarnesio.com.br\/?p=380557","og_site_name":"Blog do Farn\u00e9sio","article_publisher":"https:\/\/www.facebook.com\/BlogQuerSaberPolitica\/","article_author":"https:\/\/www.facebook.com\/?ref=tn_tnmn","article_published_time":"2024-11-04T18:23:49+00:00","og_image":[{"width":634,"height":361,"url":"https:\/\/blogdofarnesio.com.br\/wp-content\/uploads\/2024\/11\/blogqspfeminicidio.png","type":"image\/png"}],"author":"Farn\u00e9sio","twitter_card":"summary_large_image","twitter_misc":{"Escrito por":"Farn\u00e9sio","Est. tempo de leitura":"2 minutos"},"schema":{"@context":"https:\/\/schema.org","@graph":[{"@type":"Article","@id":"https:\/\/blogdofarnesio.com.br\/?p=380557#article","isPartOf":{"@id":"https:\/\/blogdofarnesio.com.br\/?p=380557"},"author":{"name":"Farn\u00e9sio","@id":"https:\/\/blogdofarnesio.com.br\/#\/schema\/person\/bb9b23ae3ad0609ce8df7b6c9e76824d"},"headline":"Crimes contra mulheres t\u00eam apresentado redu\u00e7\u00e3o significativa em 2024","datePublished":"2024-11-04T18:23:49+00:00","mainEntityOfPage":{"@id":"https:\/\/blogdofarnesio.com.br\/?p=380557"},"wordCount":358,"commentCount":0,"publisher":{"@id":"https:\/\/blogdofarnesio.com.br\/#organization"},"image":{"@id":"https:\/\/blogdofarnesio.com.br\/?p=380557#primaryimage"},"thumbnailUrl":"https:\/\/blogdofarnesio.com.br\/wp-content\/uploads\/2024\/11\/blogqspfeminicidio.png","articleSection":["Seguran\u00e7a"],"inLanguage":"pt-BR","potentialAction":[{"@type":"CommentAction","name":"Comment","target":["https:\/\/blogdofarnesio.com.br\/?p=380557#respond"]}]},{"@type":"WebPage","@id":"https:\/\/blogdofarnesio.com.br\/?p=380557","url":"https:\/\/blogdofarnesio.com.br\/?p=380557","name":"Crimes contra mulheres t\u00eam apresentado redu\u00e7\u00e3o significativa em 2024 - Blog do Farn\u00e9sio","isPartOf":{"@id":"https:\/\/blogdofarnesio.com.br\/#website"},"primaryImageOfPage":{"@id":"https:\/\/blogdofarnesio.com.br\/?p=380557#primaryimage"},"image":{"@id":"https:\/\/blogdofarnesio.com.br\/?p=380557#primaryimage"},"thumbnailUrl":"https:\/\/blogdofarnesio.com.br\/wp-content\/uploads\/2024\/11\/blogqspfeminicidio.png","datePublished":"2024-11-04T18:23:49+00:00","breadcrumb":{"@id":"https:\/\/blogdofarnesio.com.br\/?p=380557#breadcrumb"},"inLanguage":"pt-BR","potentialAction":[{"@type":"ReadAction","target":["https:\/\/blogdofarnesio.com.br\/?p=380557"]}]},{"@type":"ImageObject","inLanguage":"pt-BR","@id":"https:\/\/blogdofarnesio.com.br\/?p=380557#primaryimage","url":"https:\/\/blogdofarnesio.com.br\/wp-content\/uploads\/2024\/11\/blogqspfeminicidio.png","contentUrl":"https:\/\/blogdofarnesio.com.br\/wp-content\/uploads\/2024\/11\/blogqspfeminicidio.png","width":634,"height":361},{"@type":"BreadcrumbList","@id":"https:\/\/blogdofarnesio.com.br\/?p=380557#breadcrumb","itemListElement":[{"@type":"ListItem","position":1,"name":"In\u00edcio","item":"https:\/\/blogdofarnesio.com.br\/"},{"@type":"ListItem","position":2,"name":"Crimes contra mulheres t\u00eam apresentado redu\u00e7\u00e3o significativa em 2024"}]},{"@type":"WebSite","@id":"https:\/\/blogdofarnesio.com.br\/#website","url":"https:\/\/blogdofarnesio.com.br\/","name":"Blog do Farn\u00e9sio","description":"Quer Saber Pol\u00edtica?","publisher":{"@id":"https:\/\/blogdofarnesio.com.br\/#organization"},"potentialAction":[{"@type":"SearchAction","target":{"@type":"EntryPoint","urlTemplate":"https:\/\/blogdofarnesio.com.br\/?s={search_term_string}"},"query-input":{"@type":"PropertyValueSpecification","valueRequired":true,"valueName":"search_term_string"}}],"inLanguage":"pt-BR"},{"@type":"Organization","@id":"https:\/\/blogdofarnesio.com.br\/#organization","name":"Blog do Farn\u00e9sio","url":"https:\/\/blogdofarnesio.com.br\/","logo":{"@type":"ImageObject","inLanguage":"pt-BR","@id":"https:\/\/blogdofarnesio.com.br\/#\/schema\/logo\/image\/","url":"https:\/\/blogdofarnesio.com.br\/wp-content\/uploads\/2026\/03\/cropped-logo_new-1.png","contentUrl":"https:\/\/blogdofarnesio.com.br\/wp-content\/uploads\/2026\/03\/cropped-logo_new-1.png","width":881,"height":685,"caption":"Blog do Farn\u00e9sio"},"image":{"@id":"https:\/\/blogdofarnesio.com.br\/#\/schema\/logo\/image\/"},"sameAs":["https:\/\/www.facebook.com\/BlogQuerSaberPolitica\/"]},{"@type":"Person","@id":"https:\/\/blogdofarnesio.com.br\/#\/schema\/person\/bb9b23ae3ad0609ce8df7b6c9e76824d","name":"Farn\u00e9sio","image":{"@type":"ImageObject","inLanguage":"pt-BR","@id":"https:\/\/secure.gravatar.com\/avatar\/986aa4c61ccdb66f8555bf88fc2a65609d00bcabd4d2d94377a727547345cbca?s=96&d=mm&r=g","url":"https:\/\/secure.gravatar.com\/avatar\/986aa4c61ccdb66f8555bf88fc2a65609d00bcabd4d2d94377a727547345cbca?s=96&d=mm&r=g","contentUrl":"https:\/\/secure.gravatar.com\/avatar\/986aa4c61ccdb66f8555bf88fc2a65609d00bcabd4d2d94377a727547345cbca?s=96&d=mm&r=g","caption":"Farn\u00e9sio"},"description":"Radialista blogueiro, chegou a Petrolina\/Juazeiro em setembro de 1980, Farn\u00e9sio Silva \u00e9 de Arapiraca-Alagoas.","sameAs":["http:\/\/blogdofarnesio.com.br","https:\/\/www.facebook.com\/?ref=tn_tnmn","https:\/\/www.instagram.com\/?utm_source=pwa_homescreen","https:\/\/youtube.com.br\/"],"url":"https:\/\/blogdofarnesio.com.br\/?author=2"}]}},"_links":{"self":[{"href":"https:\/\/blogdofarnesio.com.br\/index.php?rest_route=\/wp\/v2\/posts\/380557","targetHints":{"allow":["GET"]}}],"collection":[{"href":"https:\/\/blogdofarnesio.com.br\/index.php?rest_route=\/wp\/v2\/posts"}],"about":[{"href":"https:\/\/blogdofarnesio.com.br\/index.php?rest_route=\/wp\/v2\/types\/post"}],"author":[{"embeddable":true,"href":"https:\/\/blogdofarnesio.com.br\/index.php?rest_route=\/wp\/v2\/users\/2"}],"replies":[{"embeddable":true,"href":"https:\/\/blogdofarnesio.com.br\/index.php?rest_route=%2Fwp%2Fv2%2Fcomments&post=380557"}],"version-history":[{"count":0,"href":"https:\/\/blogdofarnesio.com.br\/index.php?rest_route=\/wp\/v2\/posts\/380557\/revisions"}],"wp:featuredmedia":[{"embeddable":true,"href":"https:\/\/blogdofarnesio.com.br\/index.php?rest_route=\/wp\/v2\/media\/380558"}],"wp:attachment":[{"href":"https:\/\/blogdofarnesio.com.br\/index.php?rest_route=%2Fwp%2Fv2%2Fmedia&parent=380557"}],"wp:term":[{"taxonomy":"category","embeddable":true,"href":"https:\/\/blogdofarnesio.com.br\/index.php?rest_route=%2Fwp%2Fv2%2Fcategories&post=380557"},{"taxonomy":"post_tag","embeddable":true,"href":"https:\/\/blogdofarnesio.com.br\/index.php?rest_route=%2Fwp%2Fv2%2Ftags&post=380557"}],"curies":[{"name":"wp","href":"https:\/\/api.w.org\/{rel}","templated":true}]}}