{"id":380551,"date":"2024-11-04T15:03:04","date_gmt":"2024-11-04T18:03:04","guid":{"rendered":"https:\/\/blogdofarnesio.com.br\/?p=380551"},"modified":"2024-11-04T13:50:15","modified_gmt":"2024-11-04T16:50:15","slug":"abstencao-no-1o-dia-do-enem-recua-apos-maior-adesao-alunos-da-rede-publica-diz-mec","status":"publish","type":"post","link":"https:\/\/blogdofarnesio.com.br\/2024\/11\/abstencao-no-1o-dia-do-enem-recua-apos-maior-adesao-alunos-da-rede-publica-diz-mec\/","title":{"rendered":"Absten\u00e7\u00e3o no 1\u00ba dia do Enem recua ap\u00f3s maior ades\u00e3o alunos da rede p\u00fablica, diz MEC"},"content":{"rendered":"<div class=\"entry-content clearfix\">\n<p>Balan\u00e7o preliminar do primeiro dia do Exame Nacional do Ensino M\u00e9dio (Enem) mostra que caiu de 28,1%, em 2023, para 26,6%, em 2024, o percentual de candidatos inscritos que n\u00e3o se apresentaram para fazer as provas de linguagens e ci\u00eancias humanas, al\u00e9m da reda\u00e7\u00e3o dissertativa-argumentativa. A informa\u00e7\u00e3o foi divulgada na noite de domingo (3) pelo ministro da Educa\u00e7\u00e3o, Camilo Santana.<\/p>\n<p>O MEC tamb\u00e9m registrou que, em 2024, 94% dos estudantes que est\u00e3o concluindo o ensino m\u00e9dio em escolas p\u00fablicas este ano se inscreveram no Enem. O percentual em 2023 foi de 58%. Em 14 estados, o \u00edndice chegou a 100%. Na Regi\u00e3o Nordeste, o \u00fanico estado que n\u00e3o atingiu essa propor\u00e7\u00e3o foi o Maranh\u00e3o (83%).<\/p>\n<p>\u201cA gente considera que foi um salto importante, um esfor\u00e7o que o minist\u00e9rio tem feito para estimular que o aluno se inscreva no Enem. At\u00e9 antes de 2023, sempre havia uma queda, um decl\u00ednio no n\u00famero de inscritos, e agora n\u00f3s estamos retomando o crescimento, s\u00e3o quase 1 milh\u00e3o [de candidatos] a mais\u201d, comparou Camilo Santana.<\/p>\n<p>As provas e a reda\u00e7\u00e3o foram aplicadas em 1.753 munic\u00edpios, 10.776 locais de prova, e quase 150 mil salas. De acordo com o ministro, 90% dos candidatos inscritos foram alocados em at\u00e9 10 quil\u00f4metros das suas resid\u00eancias. \u201cIsso foi um passo importante este ano\u201d, disse o ministro que afirmou que \u201ctodas as a\u00e7\u00f5es este ano foram cumpridas no hor\u00e1rio da entrega das provas\u201d e que houve aprimoramento dos protocolos de seguran\u00e7a.<\/p>\n<p>Quase 5 mil candidatos (4.999) foram eliminados por deixarem o local da prova levando o caderno de quest\u00f5es antes dos 30 minutos finais de aplica\u00e7\u00e3o; por portar equipamento eletr\u00f4nico; por se ausentar antes do hor\u00e1rio permitido; por utilizar impressos; ou por n\u00e3o atender orienta\u00e7\u00f5es dos fiscais.<\/p>\n<p>O primeiro dia do Enem tamb\u00e9m registrou 689 ocorr\u00eancias e problemas log\u00edsticos como emerg\u00eancias m\u00e9dicas; interrup\u00e7\u00f5es tempor\u00e1rias de energia el\u00e9trica e problemas de abastecimento de \u00e1gua. \u201cO participante que foi afetado com alguma ocorr\u00eancia de problema log\u00edstico pode requisitar realizar a nova prova\u201d, assegurou Camilo Santana. O candidato deve fazer a solicita\u00e7\u00e3o de reaplica\u00e7\u00e3o na p\u00e1gina do Enem, no per\u00edodo de 11 a 15 de novembro.<\/p>\n<p>Fonte: Infomoney<\/p>\n<\/div>\n","protected":false},"excerpt":{"rendered":"<p>Balan\u00e7o preliminar do primeiro dia do Exame Nacional do Ensino M\u00e9dio (Enem) mostra que caiu de 28,1%, em 2023, para 26,6%, em 2024, o percentual de candidatos inscritos que n\u00e3o se apresentaram para fazer as provas de linguagens e ci\u00eancias humanas, al\u00e9m da reda\u00e7\u00e3o dissertativa-argumentativa. A informa\u00e7\u00e3o foi divulgada na noite de domingo (3) pelo ministro da Educa\u00e7\u00e3o, Camilo Santana. O MEC tamb\u00e9m registrou que, em 2024, 94% dos estudantes que est\u00e3o concluindo o ensino m\u00e9dio em escolas p\u00fablicas este ano se inscreveram no Enem. O percentual em 2023 foi de 58%. Em 14 estados, o \u00edndice chegou a 100%. Na Regi\u00e3o Nordeste, o \u00fanico estado que n\u00e3o atingiu essa propor\u00e7\u00e3o foi o Maranh\u00e3o (83%). \u201cA gente considera que foi&hellip; <\/p>\n","protected":false},"author":2,"featured_media":380552,"comment_status":"open","ping_status":"open","sticky":false,"template":"","format":"standard","meta":{"_acf_changed":false,"footnotes":""},"categories":[6],"tags":[],"class_list":["post-380551","post","type-post","status-publish","format-standard","has-post-thumbnail","hentry","category-educacao"],"acf":[],"yoast_head":"<!-- This site is optimized with the Yoast SEO plugin v27.5 - https:\/\/yoast.com\/product\/yoast-seo-wordpress\/ -->\n<title>Absten\u00e7\u00e3o no 1\u00ba dia do Enem recua ap\u00f3s maior ades\u00e3o alunos da rede p\u00fablica, diz MEC - Blog do Farn\u00e9sio<\/title>\n<meta name=\"robots\" content=\"index, follow, max-snippet:-1, max-image-preview:large, max-video-preview:-1\" \/>\n<link rel=\"canonical\" href=\"https:\/\/blogdofarnesio.com.br\/2024\/11\/abstencao-no-1o-dia-do-enem-recua-apos-maior-adesao-alunos-da-rede-publica-diz-mec\/\" \/>\n<meta property=\"og:locale\" content=\"pt_BR\" \/>\n<meta property=\"og:type\" content=\"article\" \/>\n<meta property=\"og:title\" content=\"Absten\u00e7\u00e3o no 1\u00ba dia do Enem recua ap\u00f3s maior ades\u00e3o alunos da rede p\u00fablica, diz MEC - Blog do Farn\u00e9sio\" \/>\n<meta property=\"og:description\" content=\"Balan\u00e7o preliminar do primeiro dia do Exame Nacional do Ensino M\u00e9dio (Enem) mostra que caiu de 28,1%, em 2023, para 26,6%, em 2024, o percentual de candidatos inscritos que n\u00e3o se apresentaram para fazer as provas de linguagens e ci\u00eancias humanas, al\u00e9m da reda\u00e7\u00e3o dissertativa-argumentativa. A informa\u00e7\u00e3o foi divulgada na noite de domingo (3) pelo ministro da Educa\u00e7\u00e3o, Camilo Santana. O MEC tamb\u00e9m registrou que, em 2024, 94% dos estudantes que est\u00e3o concluindo o ensino m\u00e9dio em escolas p\u00fablicas este ano se inscreveram no Enem. O percentual em 2023 foi de 58%. Em 14 estados, o \u00edndice chegou a 100%. Na Regi\u00e3o Nordeste, o \u00fanico estado que n\u00e3o atingiu essa propor\u00e7\u00e3o foi o Maranh\u00e3o (83%). \u201cA gente considera que foi&hellip;\" \/>\n<meta property=\"og:url\" content=\"https:\/\/blogdofarnesio.com.br\/2024\/11\/abstencao-no-1o-dia-do-enem-recua-apos-maior-adesao-alunos-da-rede-publica-diz-mec\/\" \/>\n<meta property=\"og:site_name\" content=\"Blog do Farn\u00e9sio\" \/>\n<meta property=\"article:publisher\" content=\"https:\/\/www.facebook.com\/BlogQuerSaberPolitica\/\" \/>\n<meta property=\"article:author\" content=\"https:\/\/www.facebook.com\/?ref=tn_tnmn\" \/>\n<meta property=\"article:published_time\" content=\"2024-11-04T18:03:04+00:00\" \/>\n<meta property=\"og:image\" content=\"https:\/\/blogdofarnesio.com.br\/wp-content\/uploads\/2024\/11\/blogqsp-Enem2024.jpg\" \/>\n\t<meta property=\"og:image:width\" content=\"410\" \/>\n\t<meta property=\"og:image:height\" content=\"230\" \/>\n\t<meta property=\"og:image:type\" content=\"image\/jpeg\" \/>\n<meta name=\"author\" content=\"Farn\u00e9sio\" \/>\n<meta name=\"twitter:card\" content=\"summary_large_image\" \/>\n<meta name=\"twitter:label1\" content=\"Escrito por\" \/>\n\t<meta name=\"twitter:data1\" content=\"Farn\u00e9sio\" \/>\n\t<meta name=\"twitter:label2\" content=\"Est. tempo de leitura\" \/>\n\t<meta name=\"twitter:data2\" content=\"3 minutos\" \/>\n<script type=\"application\/ld+json\" class=\"yoast-schema-graph\">{\"@context\":\"https:\\\/\\\/schema.org\",\"@graph\":[{\"@type\":\"Article\",\"@id\":\"https:\\\/\\\/blogdofarnesio.com.br\\\/2024\\\/11\\\/abstencao-no-1o-dia-do-enem-recua-apos-maior-adesao-alunos-da-rede-publica-diz-mec\\\/#article\",\"isPartOf\":{\"@id\":\"https:\\\/\\\/blogdofarnesio.com.br\\\/2024\\\/11\\\/abstencao-no-1o-dia-do-enem-recua-apos-maior-adesao-alunos-da-rede-publica-diz-mec\\\/\"},\"author\":{\"name\":\"Farn\u00e9sio\",\"@id\":\"https:\\\/\\\/blogdofarnesio.com.br\\\/#\\\/schema\\\/person\\\/bb9b23ae3ad0609ce8df7b6c9e76824d\"},\"headline\":\"Absten\u00e7\u00e3o no 1\u00ba dia do Enem recua ap\u00f3s maior ades\u00e3o alunos da rede p\u00fablica, diz MEC\",\"datePublished\":\"2024-11-04T18:03:04+00:00\",\"mainEntityOfPage\":{\"@id\":\"https:\\\/\\\/blogdofarnesio.com.br\\\/2024\\\/11\\\/abstencao-no-1o-dia-do-enem-recua-apos-maior-adesao-alunos-da-rede-publica-diz-mec\\\/\"},\"wordCount\":400,\"commentCount\":0,\"publisher\":{\"@id\":\"https:\\\/\\\/blogdofarnesio.com.br\\\/#organization\"},\"image\":{\"@id\":\"https:\\\/\\\/blogdofarnesio.com.br\\\/2024\\\/11\\\/abstencao-no-1o-dia-do-enem-recua-apos-maior-adesao-alunos-da-rede-publica-diz-mec\\\/#primaryimage\"},\"thumbnailUrl\":\"https:\\\/\\\/blogdofarnesio.com.br\\\/wp-content\\\/uploads\\\/2024\\\/11\\\/blogqsp-Enem2024.jpg\",\"articleSection\":[\"Educa\u00e7\u00e3o\"],\"inLanguage\":\"pt-BR\",\"potentialAction\":[{\"@type\":\"CommentAction\",\"name\":\"Comment\",\"target\":[\"https:\\\/\\\/blogdofarnesio.com.br\\\/2024\\\/11\\\/abstencao-no-1o-dia-do-enem-recua-apos-maior-adesao-alunos-da-rede-publica-diz-mec\\\/#respond\"]}]},{\"@type\":\"WebPage\",\"@id\":\"https:\\\/\\\/blogdofarnesio.com.br\\\/2024\\\/11\\\/abstencao-no-1o-dia-do-enem-recua-apos-maior-adesao-alunos-da-rede-publica-diz-mec\\\/\",\"url\":\"https:\\\/\\\/blogdofarnesio.com.br\\\/2024\\\/11\\\/abstencao-no-1o-dia-do-enem-recua-apos-maior-adesao-alunos-da-rede-publica-diz-mec\\\/\",\"name\":\"Absten\u00e7\u00e3o no 1\u00ba dia do Enem recua ap\u00f3s maior ades\u00e3o alunos da rede p\u00fablica, diz MEC - Blog do Farn\u00e9sio\",\"isPartOf\":{\"@id\":\"https:\\\/\\\/blogdofarnesio.com.br\\\/#website\"},\"primaryImageOfPage\":{\"@id\":\"https:\\\/\\\/blogdofarnesio.com.br\\\/2024\\\/11\\\/abstencao-no-1o-dia-do-enem-recua-apos-maior-adesao-alunos-da-rede-publica-diz-mec\\\/#primaryimage\"},\"image\":{\"@id\":\"https:\\\/\\\/blogdofarnesio.com.br\\\/2024\\\/11\\\/abstencao-no-1o-dia-do-enem-recua-apos-maior-adesao-alunos-da-rede-publica-diz-mec\\\/#primaryimage\"},\"thumbnailUrl\":\"https:\\\/\\\/blogdofarnesio.com.br\\\/wp-content\\\/uploads\\\/2024\\\/11\\\/blogqsp-Enem2024.jpg\",\"datePublished\":\"2024-11-04T18:03:04+00:00\",\"breadcrumb\":{\"@id\":\"https:\\\/\\\/blogdofarnesio.com.br\\\/2024\\\/11\\\/abstencao-no-1o-dia-do-enem-recua-apos-maior-adesao-alunos-da-rede-publica-diz-mec\\\/#breadcrumb\"},\"inLanguage\":\"pt-BR\",\"potentialAction\":[{\"@type\":\"ReadAction\",\"target\":[\"https:\\\/\\\/blogdofarnesio.com.br\\\/2024\\\/11\\\/abstencao-no-1o-dia-do-enem-recua-apos-maior-adesao-alunos-da-rede-publica-diz-mec\\\/\"]}]},{\"@type\":\"ImageObject\",\"inLanguage\":\"pt-BR\",\"@id\":\"https:\\\/\\\/blogdofarnesio.com.br\\\/2024\\\/11\\\/abstencao-no-1o-dia-do-enem-recua-apos-maior-adesao-alunos-da-rede-publica-diz-mec\\\/#primaryimage\",\"url\":\"https:\\\/\\\/blogdofarnesio.com.br\\\/wp-content\\\/uploads\\\/2024\\\/11\\\/blogqsp-Enem2024.jpg\",\"contentUrl\":\"https:\\\/\\\/blogdofarnesio.com.br\\\/wp-content\\\/uploads\\\/2024\\\/11\\\/blogqsp-Enem2024.jpg\",\"width\":410,\"height\":230},{\"@type\":\"BreadcrumbList\",\"@id\":\"https:\\\/\\\/blogdofarnesio.com.br\\\/2024\\\/11\\\/abstencao-no-1o-dia-do-enem-recua-apos-maior-adesao-alunos-da-rede-publica-diz-mec\\\/#breadcrumb\",\"itemListElement\":[{\"@type\":\"ListItem\",\"position\":1,\"name\":\"In\u00edcio\",\"item\":\"https:\\\/\\\/blogdofarnesio.com.br\\\/\"},{\"@type\":\"ListItem\",\"position\":2,\"name\":\"Absten\u00e7\u00e3o no 1\u00ba dia do Enem recua ap\u00f3s maior ades\u00e3o alunos da rede p\u00fablica, diz MEC\"}]},{\"@type\":\"WebSite\",\"@id\":\"https:\\\/\\\/blogdofarnesio.com.br\\\/#website\",\"url\":\"https:\\\/\\\/blogdofarnesio.com.br\\\/\",\"name\":\"Blog do Farn\u00e9sio\",\"description\":\"Quer Saber Pol\u00edtica?\",\"publisher\":{\"@id\":\"https:\\\/\\\/blogdofarnesio.com.br\\\/#organization\"},\"potentialAction\":[{\"@type\":\"SearchAction\",\"target\":{\"@type\":\"EntryPoint\",\"urlTemplate\":\"https:\\\/\\\/blogdofarnesio.com.br\\\/?s={search_term_string}\"},\"query-input\":{\"@type\":\"PropertyValueSpecification\",\"valueRequired\":true,\"valueName\":\"search_term_string\"}}],\"inLanguage\":\"pt-BR\"},{\"@type\":\"Organization\",\"@id\":\"https:\\\/\\\/blogdofarnesio.com.br\\\/#organization\",\"name\":\"Blog do Farn\u00e9sio\",\"url\":\"https:\\\/\\\/blogdofarnesio.com.br\\\/\",\"logo\":{\"@type\":\"ImageObject\",\"inLanguage\":\"pt-BR\",\"@id\":\"https:\\\/\\\/blogdofarnesio.com.br\\\/#\\\/schema\\\/logo\\\/image\\\/\",\"url\":\"https:\\\/\\\/blogdofarnesio.com.br\\\/wp-content\\\/uploads\\\/2026\\\/03\\\/cropped-logo_new-1.png\",\"contentUrl\":\"https:\\\/\\\/blogdofarnesio.com.br\\\/wp-content\\\/uploads\\\/2026\\\/03\\\/cropped-logo_new-1.png\",\"width\":881,\"height\":685,\"caption\":\"Blog do Farn\u00e9sio\"},\"image\":{\"@id\":\"https:\\\/\\\/blogdofarnesio.com.br\\\/#\\\/schema\\\/logo\\\/image\\\/\"},\"sameAs\":[\"https:\\\/\\\/www.facebook.com\\\/BlogQuerSaberPolitica\\\/\"]},{\"@type\":\"Person\",\"@id\":\"https:\\\/\\\/blogdofarnesio.com.br\\\/#\\\/schema\\\/person\\\/bb9b23ae3ad0609ce8df7b6c9e76824d\",\"name\":\"Farn\u00e9sio\",\"image\":{\"@type\":\"ImageObject\",\"inLanguage\":\"pt-BR\",\"@id\":\"https:\\\/\\\/secure.gravatar.com\\\/avatar\\\/986aa4c61ccdb66f8555bf88fc2a65609d00bcabd4d2d94377a727547345cbca?s=96&d=mm&r=g\",\"url\":\"https:\\\/\\\/secure.gravatar.com\\\/avatar\\\/986aa4c61ccdb66f8555bf88fc2a65609d00bcabd4d2d94377a727547345cbca?s=96&d=mm&r=g\",\"contentUrl\":\"https:\\\/\\\/secure.gravatar.com\\\/avatar\\\/986aa4c61ccdb66f8555bf88fc2a65609d00bcabd4d2d94377a727547345cbca?s=96&d=mm&r=g\",\"caption\":\"Farn\u00e9sio\"},\"description\":\"Radialista blogueiro, chegou a Petrolina\\\/Juazeiro em setembro de 1980, Farn\u00e9sio Silva \u00e9 de Arapiraca-Alagoas.\",\"sameAs\":[\"http:\\\/\\\/blogdofarnesio.com.br\",\"https:\\\/\\\/www.facebook.com\\\/?ref=tn_tnmn\",\"https:\\\/\\\/www.instagram.com\\\/?utm_source=pwa_homescreen\",\"https:\\\/\\\/youtube.com.br\\\/\"],\"url\":\"https:\\\/\\\/blogdofarnesio.com.br\\\/author\\\/farnesio-2\\\/\"}]}<\/script>\n<!-- \/ Yoast SEO plugin. -->","yoast_head_json":{"title":"Absten\u00e7\u00e3o no 1\u00ba dia do Enem recua ap\u00f3s maior ades\u00e3o alunos da rede p\u00fablica, diz MEC - Blog do Farn\u00e9sio","robots":{"index":"index","follow":"follow","max-snippet":"max-snippet:-1","max-image-preview":"max-image-preview:large","max-video-preview":"max-video-preview:-1"},"canonical":"https:\/\/blogdofarnesio.com.br\/2024\/11\/abstencao-no-1o-dia-do-enem-recua-apos-maior-adesao-alunos-da-rede-publica-diz-mec\/","og_locale":"pt_BR","og_type":"article","og_title":"Absten\u00e7\u00e3o no 1\u00ba dia do Enem recua ap\u00f3s maior ades\u00e3o alunos da rede p\u00fablica, diz MEC - Blog do Farn\u00e9sio","og_description":"Balan\u00e7o preliminar do primeiro dia do Exame Nacional do Ensino M\u00e9dio (Enem) mostra que caiu de 28,1%, em 2023, para 26,6%, em 2024, o percentual de candidatos inscritos que n\u00e3o se apresentaram para fazer as provas de linguagens e ci\u00eancias humanas, al\u00e9m da reda\u00e7\u00e3o dissertativa-argumentativa. A informa\u00e7\u00e3o foi divulgada na noite de domingo (3) pelo ministro da Educa\u00e7\u00e3o, Camilo Santana. O MEC tamb\u00e9m registrou que, em 2024, 94% dos estudantes que est\u00e3o concluindo o ensino m\u00e9dio em escolas p\u00fablicas este ano se inscreveram no Enem. O percentual em 2023 foi de 58%. Em 14 estados, o \u00edndice chegou a 100%. Na Regi\u00e3o Nordeste, o \u00fanico estado que n\u00e3o atingiu essa propor\u00e7\u00e3o foi o Maranh\u00e3o (83%). \u201cA gente considera que foi&hellip;","og_url":"https:\/\/blogdofarnesio.com.br\/2024\/11\/abstencao-no-1o-dia-do-enem-recua-apos-maior-adesao-alunos-da-rede-publica-diz-mec\/","og_site_name":"Blog do Farn\u00e9sio","article_publisher":"https:\/\/www.facebook.com\/BlogQuerSaberPolitica\/","article_author":"https:\/\/www.facebook.com\/?ref=tn_tnmn","article_published_time":"2024-11-04T18:03:04+00:00","og_image":[{"width":410,"height":230,"url":"https:\/\/blogdofarnesio.com.br\/wp-content\/uploads\/2024\/11\/blogqsp-Enem2024.jpg","type":"image\/jpeg"}],"author":"Farn\u00e9sio","twitter_card":"summary_large_image","twitter_misc":{"Escrito por":"Farn\u00e9sio","Est. tempo de leitura":"3 minutos"},"schema":{"@context":"https:\/\/schema.org","@graph":[{"@type":"Article","@id":"https:\/\/blogdofarnesio.com.br\/2024\/11\/abstencao-no-1o-dia-do-enem-recua-apos-maior-adesao-alunos-da-rede-publica-diz-mec\/#article","isPartOf":{"@id":"https:\/\/blogdofarnesio.com.br\/2024\/11\/abstencao-no-1o-dia-do-enem-recua-apos-maior-adesao-alunos-da-rede-publica-diz-mec\/"},"author":{"name":"Farn\u00e9sio","@id":"https:\/\/blogdofarnesio.com.br\/#\/schema\/person\/bb9b23ae3ad0609ce8df7b6c9e76824d"},"headline":"Absten\u00e7\u00e3o no 1\u00ba dia do Enem recua ap\u00f3s maior ades\u00e3o alunos da rede p\u00fablica, diz MEC","datePublished":"2024-11-04T18:03:04+00:00","mainEntityOfPage":{"@id":"https:\/\/blogdofarnesio.com.br\/2024\/11\/abstencao-no-1o-dia-do-enem-recua-apos-maior-adesao-alunos-da-rede-publica-diz-mec\/"},"wordCount":400,"commentCount":0,"publisher":{"@id":"https:\/\/blogdofarnesio.com.br\/#organization"},"image":{"@id":"https:\/\/blogdofarnesio.com.br\/2024\/11\/abstencao-no-1o-dia-do-enem-recua-apos-maior-adesao-alunos-da-rede-publica-diz-mec\/#primaryimage"},"thumbnailUrl":"https:\/\/blogdofarnesio.com.br\/wp-content\/uploads\/2024\/11\/blogqsp-Enem2024.jpg","articleSection":["Educa\u00e7\u00e3o"],"inLanguage":"pt-BR","potentialAction":[{"@type":"CommentAction","name":"Comment","target":["https:\/\/blogdofarnesio.com.br\/2024\/11\/abstencao-no-1o-dia-do-enem-recua-apos-maior-adesao-alunos-da-rede-publica-diz-mec\/#respond"]}]},{"@type":"WebPage","@id":"https:\/\/blogdofarnesio.com.br\/2024\/11\/abstencao-no-1o-dia-do-enem-recua-apos-maior-adesao-alunos-da-rede-publica-diz-mec\/","url":"https:\/\/blogdofarnesio.com.br\/2024\/11\/abstencao-no-1o-dia-do-enem-recua-apos-maior-adesao-alunos-da-rede-publica-diz-mec\/","name":"Absten\u00e7\u00e3o no 1\u00ba dia do Enem recua ap\u00f3s maior ades\u00e3o alunos da rede p\u00fablica, diz MEC - Blog do Farn\u00e9sio","isPartOf":{"@id":"https:\/\/blogdofarnesio.com.br\/#website"},"primaryImageOfPage":{"@id":"https:\/\/blogdofarnesio.com.br\/2024\/11\/abstencao-no-1o-dia-do-enem-recua-apos-maior-adesao-alunos-da-rede-publica-diz-mec\/#primaryimage"},"image":{"@id":"https:\/\/blogdofarnesio.com.br\/2024\/11\/abstencao-no-1o-dia-do-enem-recua-apos-maior-adesao-alunos-da-rede-publica-diz-mec\/#primaryimage"},"thumbnailUrl":"https:\/\/blogdofarnesio.com.br\/wp-content\/uploads\/2024\/11\/blogqsp-Enem2024.jpg","datePublished":"2024-11-04T18:03:04+00:00","breadcrumb":{"@id":"https:\/\/blogdofarnesio.com.br\/2024\/11\/abstencao-no-1o-dia-do-enem-recua-apos-maior-adesao-alunos-da-rede-publica-diz-mec\/#breadcrumb"},"inLanguage":"pt-BR","potentialAction":[{"@type":"ReadAction","target":["https:\/\/blogdofarnesio.com.br\/2024\/11\/abstencao-no-1o-dia-do-enem-recua-apos-maior-adesao-alunos-da-rede-publica-diz-mec\/"]}]},{"@type":"ImageObject","inLanguage":"pt-BR","@id":"https:\/\/blogdofarnesio.com.br\/2024\/11\/abstencao-no-1o-dia-do-enem-recua-apos-maior-adesao-alunos-da-rede-publica-diz-mec\/#primaryimage","url":"https:\/\/blogdofarnesio.com.br\/wp-content\/uploads\/2024\/11\/blogqsp-Enem2024.jpg","contentUrl":"https:\/\/blogdofarnesio.com.br\/wp-content\/uploads\/2024\/11\/blogqsp-Enem2024.jpg","width":410,"height":230},{"@type":"BreadcrumbList","@id":"https:\/\/blogdofarnesio.com.br\/2024\/11\/abstencao-no-1o-dia-do-enem-recua-apos-maior-adesao-alunos-da-rede-publica-diz-mec\/#breadcrumb","itemListElement":[{"@type":"ListItem","position":1,"name":"In\u00edcio","item":"https:\/\/blogdofarnesio.com.br\/"},{"@type":"ListItem","position":2,"name":"Absten\u00e7\u00e3o no 1\u00ba dia do Enem recua ap\u00f3s maior ades\u00e3o alunos da rede p\u00fablica, diz MEC"}]},{"@type":"WebSite","@id":"https:\/\/blogdofarnesio.com.br\/#website","url":"https:\/\/blogdofarnesio.com.br\/","name":"Blog do Farn\u00e9sio","description":"Quer Saber Pol\u00edtica?","publisher":{"@id":"https:\/\/blogdofarnesio.com.br\/#organization"},"potentialAction":[{"@type":"SearchAction","target":{"@type":"EntryPoint","urlTemplate":"https:\/\/blogdofarnesio.com.br\/?s={search_term_string}"},"query-input":{"@type":"PropertyValueSpecification","valueRequired":true,"valueName":"search_term_string"}}],"inLanguage":"pt-BR"},{"@type":"Organization","@id":"https:\/\/blogdofarnesio.com.br\/#organization","name":"Blog do Farn\u00e9sio","url":"https:\/\/blogdofarnesio.com.br\/","logo":{"@type":"ImageObject","inLanguage":"pt-BR","@id":"https:\/\/blogdofarnesio.com.br\/#\/schema\/logo\/image\/","url":"https:\/\/blogdofarnesio.com.br\/wp-content\/uploads\/2026\/03\/cropped-logo_new-1.png","contentUrl":"https:\/\/blogdofarnesio.com.br\/wp-content\/uploads\/2026\/03\/cropped-logo_new-1.png","width":881,"height":685,"caption":"Blog do Farn\u00e9sio"},"image":{"@id":"https:\/\/blogdofarnesio.com.br\/#\/schema\/logo\/image\/"},"sameAs":["https:\/\/www.facebook.com\/BlogQuerSaberPolitica\/"]},{"@type":"Person","@id":"https:\/\/blogdofarnesio.com.br\/#\/schema\/person\/bb9b23ae3ad0609ce8df7b6c9e76824d","name":"Farn\u00e9sio","image":{"@type":"ImageObject","inLanguage":"pt-BR","@id":"https:\/\/secure.gravatar.com\/avatar\/986aa4c61ccdb66f8555bf88fc2a65609d00bcabd4d2d94377a727547345cbca?s=96&d=mm&r=g","url":"https:\/\/secure.gravatar.com\/avatar\/986aa4c61ccdb66f8555bf88fc2a65609d00bcabd4d2d94377a727547345cbca?s=96&d=mm&r=g","contentUrl":"https:\/\/secure.gravatar.com\/avatar\/986aa4c61ccdb66f8555bf88fc2a65609d00bcabd4d2d94377a727547345cbca?s=96&d=mm&r=g","caption":"Farn\u00e9sio"},"description":"Radialista blogueiro, chegou a Petrolina\/Juazeiro em setembro de 1980, Farn\u00e9sio Silva \u00e9 de Arapiraca-Alagoas.","sameAs":["http:\/\/blogdofarnesio.com.br","https:\/\/www.facebook.com\/?ref=tn_tnmn","https:\/\/www.instagram.com\/?utm_source=pwa_homescreen","https:\/\/youtube.com.br\/"],"url":"https:\/\/blogdofarnesio.com.br\/author\/farnesio-2\/"}]}},"_links":{"self":[{"href":"https:\/\/blogdofarnesio.com.br\/wp-json\/wp\/v2\/posts\/380551","targetHints":{"allow":["GET"]}}],"collection":[{"href":"https:\/\/blogdofarnesio.com.br\/wp-json\/wp\/v2\/posts"}],"about":[{"href":"https:\/\/blogdofarnesio.com.br\/wp-json\/wp\/v2\/types\/post"}],"author":[{"embeddable":true,"href":"https:\/\/blogdofarnesio.com.br\/wp-json\/wp\/v2\/users\/2"}],"replies":[{"embeddable":true,"href":"https:\/\/blogdofarnesio.com.br\/wp-json\/wp\/v2\/comments?post=380551"}],"version-history":[{"count":0,"href":"https:\/\/blogdofarnesio.com.br\/wp-json\/wp\/v2\/posts\/380551\/revisions"}],"wp:featuredmedia":[{"embeddable":true,"href":"https:\/\/blogdofarnesio.com.br\/wp-json\/wp\/v2\/media\/380552"}],"wp:attachment":[{"href":"https:\/\/blogdofarnesio.com.br\/wp-json\/wp\/v2\/media?parent=380551"}],"wp:term":[{"taxonomy":"category","embeddable":true,"href":"https:\/\/blogdofarnesio.com.br\/wp-json\/wp\/v2\/categories?post=380551"},{"taxonomy":"post_tag","embeddable":true,"href":"https:\/\/blogdofarnesio.com.br\/wp-json\/wp\/v2\/tags?post=380551"}],"curies":[{"name":"wp","href":"https:\/\/api.w.org\/{rel}","templated":true}]}}