{"id":380499,"date":"2024-11-04T08:33:19","date_gmt":"2024-11-04T11:33:19","guid":{"rendered":"https:\/\/blogdofarnesio.com.br\/?p=380499"},"modified":"2024-11-03T17:40:44","modified_gmt":"2024-11-03T20:40:44","slug":"novo-esquema-vacinal-contra-a-poliomielite-comeca-a-vigorar-a-partir-desta-segunda-feira-unica-forma-de-prevencao","status":"publish","type":"post","link":"https:\/\/blogdofarnesio.com.br\/?p=380499","title":{"rendered":"Novo esquema vacinal contra a poliomielite come\u00e7a a vigorar a partir desta segunda-feira: \u201c\u00fanica forma de preven\u00e7\u00e3o\u201d"},"content":{"rendered":"<div class=\"elementor-element elementor-element-b60e673 elementor-widget elementor-widget-theme-post-title elementor-page-title elementor-widget-heading\" data-id=\"b60e673\" data-element_type=\"widget\" data-widget_type=\"theme-post-title.default\">\n<div class=\"elementor-widget-container\"><\/div>\n<\/div>\n<div class=\"elementor-element elementor-element-2a44387 e-flex e-con-boxed e-con e-child\" data-id=\"2a44387\" data-element_type=\"container\">\n<div class=\"e-con-inner\">\n<div class=\"elementor-element elementor-element-76d629e elementor-align-center elementor-widget elementor-widget-post-info\" data-id=\"76d629e\" data-element_type=\"widget\" data-widget_type=\"post-info.default\">\n<div class=\"elementor-widget-container\">\n<p>O novo esquema vacinal para imuniza\u00e7\u00e3o contra a poliomielite, doen\u00e7a conhecida como paralisia infantil e transmitida pelo poliov\u00edrus, come\u00e7a a valer a partir desta segunda-feira (4), conforme determina\u00e7\u00e3o do Minist\u00e9rio da Sa\u00fade (MS). Com isso, as doses da vacina oral poliomielite bivalente (VOPb), conhecida como vacina da gotinha, ser\u00e3o substitu\u00eddas pela vacina inativada poliomielite (VIP), que \u00e9 injet\u00e1vel.<\/p>\n<\/div>\n<\/div>\n<\/div>\n<\/div>\n<div class=\"elementor-element elementor-element-4890ded elementor-widget elementor-widget-theme-post-content\" data-id=\"4890ded\" data-element_type=\"widget\" data-widget_type=\"theme-post-content.default\">\n<div class=\"elementor-widget-container\">\n<p>Anteriormente, o esquema vacinal contra a doen\u00e7a previa o uso da vacina injet\u00e1vel nas tr\u00eas primeiras doses, aos 2, 4 e 6 meses de vida. J\u00e1 as doses de refor\u00e7o eram ministradas com a vacina oral, aos 15 meses (4\u00ba dose) e aos 4 anos de idade (5\u00ba dose). Com a altera\u00e7\u00e3o, a partir da pr\u00f3xima semana, a dose de refor\u00e7o ser\u00e1 aplicada somente aos 15 meses e com a vacina injet\u00e1vel.<\/p>\n<p>A assessora do Programa Nacional de Imuniza\u00e7\u00e3o em Alagoas (PNI\/AL), enfermeira Rafaela Siqueira, refor\u00e7ou que apesar da mudan\u00e7a no esquema vacinal, a seguran\u00e7a e efetividade da imuniza\u00e7\u00e3o continua a mesma. \u201cA vacina\u00e7\u00e3o \u00e9 uma das maiores conquistas da humanidade e, no caso da poliomielite, a vacina\u00e7\u00e3o \u00e9 a \u00fanica forma de preven\u00e7\u00e3o da doen\u00e7a. A popula\u00e7\u00e3o pode ficar tranquila com a mudan\u00e7a, que representa um avan\u00e7o e seguran\u00e7a cl\u00ednica para preservar a sa\u00fade das nossas crian\u00e7as\u201d, frisou.<\/p>\n<p><strong>A doen\u00e7a<\/strong><\/p>\n<p>A poliomielite, conforme o Minist\u00e9rio da Sa\u00fade, \u00e9 uma doen\u00e7a contagiosa aguda, causada por um v\u00edrus que pode infectar crian\u00e7as e adultos, por meio do contato direto com fezes ou com secre\u00e7\u00f5es eliminadas pela boca das pessoas doentes. Nos casos mais graves, ela pode causar paralisia nos membros inferiores, por isso \u00e9 conhecida como paralisia infantil.<\/p>\n<p>Geralmente, a transmiss\u00e3o do poliov\u00edrus ocorre em locais com falta de saneamento, onde as condi\u00e7\u00f5es habitacionais s\u00e3o prec\u00e1rias e a higiene pessoal \u00e9 deficiente. As sequelas da poliomielite est\u00e3o relacionadas com a infec\u00e7\u00e3o da medula e do c\u00e9rebro pelo poliov\u00edrus, normalmente correspondem a sequelas motoras e n\u00e3o t\u00eam cura.<\/p>\n<p>Entre as principais sequelas est\u00e3o problemas e dores nas articula\u00e7\u00f5es; p\u00e9 torto, conhecido como p\u00e9 equino, em que a pessoa n\u00e3o consegue andar, porque o calcanhar n\u00e3o encosta no ch\u00e3o; crescimento diferente das pernas, o que faz com que a pessoa manque e incline-se para um lado, causando escoliose; osteoporose; paralisia de uma das pernas; paralisia dos m\u00fasculos da fala e da degluti\u00e7\u00e3o, o que provoca ac\u00famulo de secre\u00e7\u00f5es na boca e na garganta; dificuldade de falar; atrofia muscular; e hipersensibilidade ao toque.<\/p>\n<p>Ainda de acordo com o Minist\u00e9rio da Sa\u00fade, o diagn\u00f3stico da poliomielite deve ocorrer sempre que houver paralisia fl\u00e1cida de surgimento agudo, com diminui\u00e7\u00e3o ou aboli\u00e7\u00e3o de reflexos tendinosos, em menores de 15 anos. Os exames de l\u00edquor e a eletromiografia s\u00e3o recursos diagn\u00f3sticos importantes e o diagn\u00f3stico ser\u00e1 dado pela detec\u00e7\u00e3o de poliov\u00edrus nas fezes.<\/p>\n<p>A doen\u00e7a permanece end\u00eamica no Afeganist\u00e3o e Paquist\u00e3o, com registro de cinco casos em 2021, mas n\u00e3o h\u00e1 nenhum caso confirmado nas Am\u00e9ricas. Como resultado da intensifica\u00e7\u00e3o da vacina\u00e7\u00e3o, no Brasil n\u00e3o h\u00e1 circula\u00e7\u00e3o de poliov\u00edrus selvagem da poliomielite desde 1990.<\/p>\n<p>*Com Assessoria<\/p>\n<\/div>\n<\/div>\n<div class=\"elementor-element elementor-element-d19cdca e-flex e-con-boxed e-con e-child\" data-id=\"d19cdca\" data-element_type=\"container\" data-settings=\"{&quot;background_background&quot;:&quot;classic&quot;}\">\n<div class=\"e-con-inner\">\n<div class=\"elementor-element elementor-element-9390641 elementor-widget__width-inherit elementor-author-box--layout-image-above elementor-author-box--avatar-yes elementor-author-box--name-yes elementor-author-box--biography-yes elementor-widget elementor-widget-author-box\" data-id=\"9390641\" data-element_type=\"widget\" data-widget_type=\"author-box.default\">\n<div class=\"elementor-widget-container\"><\/div>\n<\/div>\n<\/div>\n<\/div>\n","protected":false},"excerpt":{"rendered":"<p>O novo esquema vacinal para imuniza\u00e7\u00e3o contra a poliomielite, doen\u00e7a conhecida como paralisia infantil e transmitida pelo poliov\u00edrus, come\u00e7a a valer a partir desta segunda-feira (4), conforme determina\u00e7\u00e3o do Minist\u00e9rio da Sa\u00fade (MS). Com isso, as doses da vacina oral poliomielite bivalente (VOPb), conhecida como vacina da gotinha, ser\u00e3o substitu\u00eddas pela vacina inativada poliomielite (VIP), que \u00e9 injet\u00e1vel. Anteriormente, o esquema vacinal contra a doen\u00e7a previa o uso da vacina injet\u00e1vel nas tr\u00eas primeiras doses, aos 2, 4 e 6 meses de vida. J\u00e1 as doses de refor\u00e7o eram ministradas com a vacina oral, aos 15 meses (4\u00ba dose) e aos 4 anos de idade (5\u00ba dose). Com a altera\u00e7\u00e3o, a partir da pr\u00f3xima semana, a dose de refor\u00e7o ser\u00e1&hellip; <\/p>\n","protected":false},"author":2,"featured_media":165976,"comment_status":"open","ping_status":"open","sticky":false,"template":"","format":"standard","meta":{"_acf_changed":false,"footnotes":""},"categories":[4],"tags":[],"class_list":["post-380499","post","type-post","status-publish","format-standard","has-post-thumbnail","hentry","category-saude"],"acf":[],"yoast_head":"<!-- This site is optimized with the Yoast SEO plugin v27.4 - https:\/\/yoast.com\/product\/yoast-seo-wordpress\/ -->\n<title>Novo esquema vacinal contra a poliomielite come\u00e7a a vigorar a partir desta segunda-feira: \u201c\u00fanica forma de preven\u00e7\u00e3o\u201d - Blog do Farn\u00e9sio<\/title>\n<meta name=\"robots\" content=\"index, follow, max-snippet:-1, max-image-preview:large, max-video-preview:-1\" \/>\n<link rel=\"canonical\" href=\"https:\/\/blogdofarnesio.com.br\/?p=380499\" \/>\n<meta property=\"og:locale\" content=\"pt_BR\" \/>\n<meta property=\"og:type\" content=\"article\" \/>\n<meta property=\"og:title\" content=\"Novo esquema vacinal contra a poliomielite come\u00e7a a vigorar a partir desta segunda-feira: \u201c\u00fanica forma de preven\u00e7\u00e3o\u201d - Blog do Farn\u00e9sio\" \/>\n<meta property=\"og:description\" content=\"O novo esquema vacinal para imuniza\u00e7\u00e3o contra a poliomielite, doen\u00e7a conhecida como paralisia infantil e transmitida pelo poliov\u00edrus, come\u00e7a a valer a partir desta segunda-feira (4), conforme determina\u00e7\u00e3o do Minist\u00e9rio da Sa\u00fade (MS). Com isso, as doses da vacina oral poliomielite bivalente (VOPb), conhecida como vacina da gotinha, ser\u00e3o substitu\u00eddas pela vacina inativada poliomielite (VIP), que \u00e9 injet\u00e1vel. Anteriormente, o esquema vacinal contra a doen\u00e7a previa o uso da vacina injet\u00e1vel nas tr\u00eas primeiras doses, aos 2, 4 e 6 meses de vida. J\u00e1 as doses de refor\u00e7o eram ministradas com a vacina oral, aos 15 meses (4\u00ba dose) e aos 4 anos de idade (5\u00ba dose). Com a altera\u00e7\u00e3o, a partir da pr\u00f3xima semana, a dose de refor\u00e7o ser\u00e1&hellip;\" \/>\n<meta property=\"og:url\" content=\"https:\/\/blogdofarnesio.com.br\/?p=380499\" \/>\n<meta property=\"og:site_name\" content=\"Blog do Farn\u00e9sio\" \/>\n<meta property=\"article:publisher\" content=\"https:\/\/www.facebook.com\/BlogQuerSaberPolitica\/\" \/>\n<meta property=\"article:author\" content=\"https:\/\/www.facebook.com\/?ref=tn_tnmn\" \/>\n<meta property=\"article:published_time\" content=\"2024-11-04T11:33:19+00:00\" \/>\n<meta property=\"og:image\" content=\"https:\/\/blogdofarnesio.com.br\/wp-content\/uploads\/2017\/05\/blogqspvacinapolio.jpg\" \/>\n\t<meta property=\"og:image:width\" content=\"445\" \/>\n\t<meta property=\"og:image:height\" content=\"336\" \/>\n\t<meta property=\"og:image:type\" content=\"image\/jpeg\" \/>\n<meta name=\"author\" content=\"Farn\u00e9sio\" \/>\n<meta name=\"twitter:card\" content=\"summary_large_image\" \/>\n<meta name=\"twitter:label1\" content=\"Escrito por\" \/>\n\t<meta name=\"twitter:data1\" content=\"Farn\u00e9sio\" \/>\n\t<meta name=\"twitter:label2\" content=\"Est. tempo de leitura\" \/>\n\t<meta name=\"twitter:data2\" content=\"3 minutos\" \/>\n<script type=\"application\/ld+json\" class=\"yoast-schema-graph\">{\"@context\":\"https:\\\/\\\/schema.org\",\"@graph\":[{\"@type\":\"Article\",\"@id\":\"https:\\\/\\\/blogdofarnesio.com.br\\\/?p=380499#article\",\"isPartOf\":{\"@id\":\"https:\\\/\\\/blogdofarnesio.com.br\\\/?p=380499\"},\"author\":{\"name\":\"Farn\u00e9sio\",\"@id\":\"https:\\\/\\\/blogdofarnesio.com.br\\\/#\\\/schema\\\/person\\\/bb9b23ae3ad0609ce8df7b6c9e76824d\"},\"headline\":\"Novo esquema vacinal contra a poliomielite come\u00e7a a vigorar a partir desta segunda-feira: \u201c\u00fanica forma de preven\u00e7\u00e3o\u201d\",\"datePublished\":\"2024-11-04T11:33:19+00:00\",\"mainEntityOfPage\":{\"@id\":\"https:\\\/\\\/blogdofarnesio.com.br\\\/?p=380499\"},\"wordCount\":582,\"commentCount\":0,\"publisher\":{\"@id\":\"https:\\\/\\\/blogdofarnesio.com.br\\\/#organization\"},\"image\":{\"@id\":\"https:\\\/\\\/blogdofarnesio.com.br\\\/?p=380499#primaryimage\"},\"thumbnailUrl\":\"https:\\\/\\\/blogdofarnesio.com.br\\\/wp-content\\\/uploads\\\/2017\\\/05\\\/blogqspvacinapolio.jpg\",\"articleSection\":[\"Sa\u00fade\"],\"inLanguage\":\"pt-BR\",\"potentialAction\":[{\"@type\":\"CommentAction\",\"name\":\"Comment\",\"target\":[\"https:\\\/\\\/blogdofarnesio.com.br\\\/?p=380499#respond\"]}]},{\"@type\":\"WebPage\",\"@id\":\"https:\\\/\\\/blogdofarnesio.com.br\\\/?p=380499\",\"url\":\"https:\\\/\\\/blogdofarnesio.com.br\\\/?p=380499\",\"name\":\"Novo esquema vacinal contra a poliomielite come\u00e7a a vigorar a partir desta segunda-feira: \u201c\u00fanica forma de preven\u00e7\u00e3o\u201d - Blog do Farn\u00e9sio\",\"isPartOf\":{\"@id\":\"https:\\\/\\\/blogdofarnesio.com.br\\\/#website\"},\"primaryImageOfPage\":{\"@id\":\"https:\\\/\\\/blogdofarnesio.com.br\\\/?p=380499#primaryimage\"},\"image\":{\"@id\":\"https:\\\/\\\/blogdofarnesio.com.br\\\/?p=380499#primaryimage\"},\"thumbnailUrl\":\"https:\\\/\\\/blogdofarnesio.com.br\\\/wp-content\\\/uploads\\\/2017\\\/05\\\/blogqspvacinapolio.jpg\",\"datePublished\":\"2024-11-04T11:33:19+00:00\",\"breadcrumb\":{\"@id\":\"https:\\\/\\\/blogdofarnesio.com.br\\\/?p=380499#breadcrumb\"},\"inLanguage\":\"pt-BR\",\"potentialAction\":[{\"@type\":\"ReadAction\",\"target\":[\"https:\\\/\\\/blogdofarnesio.com.br\\\/?p=380499\"]}]},{\"@type\":\"ImageObject\",\"inLanguage\":\"pt-BR\",\"@id\":\"https:\\\/\\\/blogdofarnesio.com.br\\\/?p=380499#primaryimage\",\"url\":\"https:\\\/\\\/blogdofarnesio.com.br\\\/wp-content\\\/uploads\\\/2017\\\/05\\\/blogqspvacinapolio.jpg\",\"contentUrl\":\"https:\\\/\\\/blogdofarnesio.com.br\\\/wp-content\\\/uploads\\\/2017\\\/05\\\/blogqspvacinapolio.jpg\",\"width\":445,\"height\":336},{\"@type\":\"BreadcrumbList\",\"@id\":\"https:\\\/\\\/blogdofarnesio.com.br\\\/?p=380499#breadcrumb\",\"itemListElement\":[{\"@type\":\"ListItem\",\"position\":1,\"name\":\"In\u00edcio\",\"item\":\"https:\\\/\\\/blogdofarnesio.com.br\\\/\"},{\"@type\":\"ListItem\",\"position\":2,\"name\":\"Novo esquema vacinal contra a poliomielite come\u00e7a a vigorar a partir desta segunda-feira: \u201c\u00fanica forma de preven\u00e7\u00e3o\u201d\"}]},{\"@type\":\"WebSite\",\"@id\":\"https:\\\/\\\/blogdofarnesio.com.br\\\/#website\",\"url\":\"https:\\\/\\\/blogdofarnesio.com.br\\\/\",\"name\":\"Blog do Farn\u00e9sio\",\"description\":\"Quer Saber Pol\u00edtica?\",\"publisher\":{\"@id\":\"https:\\\/\\\/blogdofarnesio.com.br\\\/#organization\"},\"potentialAction\":[{\"@type\":\"SearchAction\",\"target\":{\"@type\":\"EntryPoint\",\"urlTemplate\":\"https:\\\/\\\/blogdofarnesio.com.br\\\/?s={search_term_string}\"},\"query-input\":{\"@type\":\"PropertyValueSpecification\",\"valueRequired\":true,\"valueName\":\"search_term_string\"}}],\"inLanguage\":\"pt-BR\"},{\"@type\":\"Organization\",\"@id\":\"https:\\\/\\\/blogdofarnesio.com.br\\\/#organization\",\"name\":\"Blog do Farn\u00e9sio\",\"url\":\"https:\\\/\\\/blogdofarnesio.com.br\\\/\",\"logo\":{\"@type\":\"ImageObject\",\"inLanguage\":\"pt-BR\",\"@id\":\"https:\\\/\\\/blogdofarnesio.com.br\\\/#\\\/schema\\\/logo\\\/image\\\/\",\"url\":\"https:\\\/\\\/blogdofarnesio.com.br\\\/wp-content\\\/uploads\\\/2026\\\/03\\\/cropped-logo_new-1.png\",\"contentUrl\":\"https:\\\/\\\/blogdofarnesio.com.br\\\/wp-content\\\/uploads\\\/2026\\\/03\\\/cropped-logo_new-1.png\",\"width\":881,\"height\":685,\"caption\":\"Blog do Farn\u00e9sio\"},\"image\":{\"@id\":\"https:\\\/\\\/blogdofarnesio.com.br\\\/#\\\/schema\\\/logo\\\/image\\\/\"},\"sameAs\":[\"https:\\\/\\\/www.facebook.com\\\/BlogQuerSaberPolitica\\\/\"]},{\"@type\":\"Person\",\"@id\":\"https:\\\/\\\/blogdofarnesio.com.br\\\/#\\\/schema\\\/person\\\/bb9b23ae3ad0609ce8df7b6c9e76824d\",\"name\":\"Farn\u00e9sio\",\"image\":{\"@type\":\"ImageObject\",\"inLanguage\":\"pt-BR\",\"@id\":\"https:\\\/\\\/secure.gravatar.com\\\/avatar\\\/986aa4c61ccdb66f8555bf88fc2a65609d00bcabd4d2d94377a727547345cbca?s=96&d=mm&r=g\",\"url\":\"https:\\\/\\\/secure.gravatar.com\\\/avatar\\\/986aa4c61ccdb66f8555bf88fc2a65609d00bcabd4d2d94377a727547345cbca?s=96&d=mm&r=g\",\"contentUrl\":\"https:\\\/\\\/secure.gravatar.com\\\/avatar\\\/986aa4c61ccdb66f8555bf88fc2a65609d00bcabd4d2d94377a727547345cbca?s=96&d=mm&r=g\",\"caption\":\"Farn\u00e9sio\"},\"description\":\"Radialista blogueiro, chegou a Petrolina\\\/Juazeiro em setembro de 1980, Farn\u00e9sio Silva \u00e9 de Arapiraca-Alagoas.\",\"sameAs\":[\"http:\\\/\\\/blogdofarnesio.com.br\",\"https:\\\/\\\/www.facebook.com\\\/?ref=tn_tnmn\",\"https:\\\/\\\/www.instagram.com\\\/?utm_source=pwa_homescreen\",\"https:\\\/\\\/youtube.com.br\\\/\"],\"url\":\"https:\\\/\\\/blogdofarnesio.com.br\\\/?author=2\"}]}<\/script>\n<!-- \/ Yoast SEO plugin. -->","yoast_head_json":{"title":"Novo esquema vacinal contra a poliomielite come\u00e7a a vigorar a partir desta segunda-feira: \u201c\u00fanica forma de preven\u00e7\u00e3o\u201d - Blog do Farn\u00e9sio","robots":{"index":"index","follow":"follow","max-snippet":"max-snippet:-1","max-image-preview":"max-image-preview:large","max-video-preview":"max-video-preview:-1"},"canonical":"https:\/\/blogdofarnesio.com.br\/?p=380499","og_locale":"pt_BR","og_type":"article","og_title":"Novo esquema vacinal contra a poliomielite come\u00e7a a vigorar a partir desta segunda-feira: \u201c\u00fanica forma de preven\u00e7\u00e3o\u201d - Blog do Farn\u00e9sio","og_description":"O novo esquema vacinal para imuniza\u00e7\u00e3o contra a poliomielite, doen\u00e7a conhecida como paralisia infantil e transmitida pelo poliov\u00edrus, come\u00e7a a valer a partir desta segunda-feira (4), conforme determina\u00e7\u00e3o do Minist\u00e9rio da Sa\u00fade (MS). Com isso, as doses da vacina oral poliomielite bivalente (VOPb), conhecida como vacina da gotinha, ser\u00e3o substitu\u00eddas pela vacina inativada poliomielite (VIP), que \u00e9 injet\u00e1vel. Anteriormente, o esquema vacinal contra a doen\u00e7a previa o uso da vacina injet\u00e1vel nas tr\u00eas primeiras doses, aos 2, 4 e 6 meses de vida. J\u00e1 as doses de refor\u00e7o eram ministradas com a vacina oral, aos 15 meses (4\u00ba dose) e aos 4 anos de idade (5\u00ba dose). Com a altera\u00e7\u00e3o, a partir da pr\u00f3xima semana, a dose de refor\u00e7o ser\u00e1&hellip;","og_url":"https:\/\/blogdofarnesio.com.br\/?p=380499","og_site_name":"Blog do Farn\u00e9sio","article_publisher":"https:\/\/www.facebook.com\/BlogQuerSaberPolitica\/","article_author":"https:\/\/www.facebook.com\/?ref=tn_tnmn","article_published_time":"2024-11-04T11:33:19+00:00","og_image":[{"width":445,"height":336,"url":"https:\/\/blogdofarnesio.com.br\/wp-content\/uploads\/2017\/05\/blogqspvacinapolio.jpg","type":"image\/jpeg"}],"author":"Farn\u00e9sio","twitter_card":"summary_large_image","twitter_misc":{"Escrito por":"Farn\u00e9sio","Est. tempo de leitura":"3 minutos"},"schema":{"@context":"https:\/\/schema.org","@graph":[{"@type":"Article","@id":"https:\/\/blogdofarnesio.com.br\/?p=380499#article","isPartOf":{"@id":"https:\/\/blogdofarnesio.com.br\/?p=380499"},"author":{"name":"Farn\u00e9sio","@id":"https:\/\/blogdofarnesio.com.br\/#\/schema\/person\/bb9b23ae3ad0609ce8df7b6c9e76824d"},"headline":"Novo esquema vacinal contra a poliomielite come\u00e7a a vigorar a partir desta segunda-feira: \u201c\u00fanica forma de preven\u00e7\u00e3o\u201d","datePublished":"2024-11-04T11:33:19+00:00","mainEntityOfPage":{"@id":"https:\/\/blogdofarnesio.com.br\/?p=380499"},"wordCount":582,"commentCount":0,"publisher":{"@id":"https:\/\/blogdofarnesio.com.br\/#organization"},"image":{"@id":"https:\/\/blogdofarnesio.com.br\/?p=380499#primaryimage"},"thumbnailUrl":"https:\/\/blogdofarnesio.com.br\/wp-content\/uploads\/2017\/05\/blogqspvacinapolio.jpg","articleSection":["Sa\u00fade"],"inLanguage":"pt-BR","potentialAction":[{"@type":"CommentAction","name":"Comment","target":["https:\/\/blogdofarnesio.com.br\/?p=380499#respond"]}]},{"@type":"WebPage","@id":"https:\/\/blogdofarnesio.com.br\/?p=380499","url":"https:\/\/blogdofarnesio.com.br\/?p=380499","name":"Novo esquema vacinal contra a poliomielite come\u00e7a a vigorar a partir desta segunda-feira: \u201c\u00fanica forma de preven\u00e7\u00e3o\u201d - Blog do Farn\u00e9sio","isPartOf":{"@id":"https:\/\/blogdofarnesio.com.br\/#website"},"primaryImageOfPage":{"@id":"https:\/\/blogdofarnesio.com.br\/?p=380499#primaryimage"},"image":{"@id":"https:\/\/blogdofarnesio.com.br\/?p=380499#primaryimage"},"thumbnailUrl":"https:\/\/blogdofarnesio.com.br\/wp-content\/uploads\/2017\/05\/blogqspvacinapolio.jpg","datePublished":"2024-11-04T11:33:19+00:00","breadcrumb":{"@id":"https:\/\/blogdofarnesio.com.br\/?p=380499#breadcrumb"},"inLanguage":"pt-BR","potentialAction":[{"@type":"ReadAction","target":["https:\/\/blogdofarnesio.com.br\/?p=380499"]}]},{"@type":"ImageObject","inLanguage":"pt-BR","@id":"https:\/\/blogdofarnesio.com.br\/?p=380499#primaryimage","url":"https:\/\/blogdofarnesio.com.br\/wp-content\/uploads\/2017\/05\/blogqspvacinapolio.jpg","contentUrl":"https:\/\/blogdofarnesio.com.br\/wp-content\/uploads\/2017\/05\/blogqspvacinapolio.jpg","width":445,"height":336},{"@type":"BreadcrumbList","@id":"https:\/\/blogdofarnesio.com.br\/?p=380499#breadcrumb","itemListElement":[{"@type":"ListItem","position":1,"name":"In\u00edcio","item":"https:\/\/blogdofarnesio.com.br\/"},{"@type":"ListItem","position":2,"name":"Novo esquema vacinal contra a poliomielite come\u00e7a a vigorar a partir desta segunda-feira: \u201c\u00fanica forma de preven\u00e7\u00e3o\u201d"}]},{"@type":"WebSite","@id":"https:\/\/blogdofarnesio.com.br\/#website","url":"https:\/\/blogdofarnesio.com.br\/","name":"Blog do Farn\u00e9sio","description":"Quer Saber Pol\u00edtica?","publisher":{"@id":"https:\/\/blogdofarnesio.com.br\/#organization"},"potentialAction":[{"@type":"SearchAction","target":{"@type":"EntryPoint","urlTemplate":"https:\/\/blogdofarnesio.com.br\/?s={search_term_string}"},"query-input":{"@type":"PropertyValueSpecification","valueRequired":true,"valueName":"search_term_string"}}],"inLanguage":"pt-BR"},{"@type":"Organization","@id":"https:\/\/blogdofarnesio.com.br\/#organization","name":"Blog do Farn\u00e9sio","url":"https:\/\/blogdofarnesio.com.br\/","logo":{"@type":"ImageObject","inLanguage":"pt-BR","@id":"https:\/\/blogdofarnesio.com.br\/#\/schema\/logo\/image\/","url":"https:\/\/blogdofarnesio.com.br\/wp-content\/uploads\/2026\/03\/cropped-logo_new-1.png","contentUrl":"https:\/\/blogdofarnesio.com.br\/wp-content\/uploads\/2026\/03\/cropped-logo_new-1.png","width":881,"height":685,"caption":"Blog do Farn\u00e9sio"},"image":{"@id":"https:\/\/blogdofarnesio.com.br\/#\/schema\/logo\/image\/"},"sameAs":["https:\/\/www.facebook.com\/BlogQuerSaberPolitica\/"]},{"@type":"Person","@id":"https:\/\/blogdofarnesio.com.br\/#\/schema\/person\/bb9b23ae3ad0609ce8df7b6c9e76824d","name":"Farn\u00e9sio","image":{"@type":"ImageObject","inLanguage":"pt-BR","@id":"https:\/\/secure.gravatar.com\/avatar\/986aa4c61ccdb66f8555bf88fc2a65609d00bcabd4d2d94377a727547345cbca?s=96&d=mm&r=g","url":"https:\/\/secure.gravatar.com\/avatar\/986aa4c61ccdb66f8555bf88fc2a65609d00bcabd4d2d94377a727547345cbca?s=96&d=mm&r=g","contentUrl":"https:\/\/secure.gravatar.com\/avatar\/986aa4c61ccdb66f8555bf88fc2a65609d00bcabd4d2d94377a727547345cbca?s=96&d=mm&r=g","caption":"Farn\u00e9sio"},"description":"Radialista blogueiro, chegou a Petrolina\/Juazeiro em setembro de 1980, Farn\u00e9sio Silva \u00e9 de Arapiraca-Alagoas.","sameAs":["http:\/\/blogdofarnesio.com.br","https:\/\/www.facebook.com\/?ref=tn_tnmn","https:\/\/www.instagram.com\/?utm_source=pwa_homescreen","https:\/\/youtube.com.br\/"],"url":"https:\/\/blogdofarnesio.com.br\/?author=2"}]}},"_links":{"self":[{"href":"https:\/\/blogdofarnesio.com.br\/index.php?rest_route=\/wp\/v2\/posts\/380499","targetHints":{"allow":["GET"]}}],"collection":[{"href":"https:\/\/blogdofarnesio.com.br\/index.php?rest_route=\/wp\/v2\/posts"}],"about":[{"href":"https:\/\/blogdofarnesio.com.br\/index.php?rest_route=\/wp\/v2\/types\/post"}],"author":[{"embeddable":true,"href":"https:\/\/blogdofarnesio.com.br\/index.php?rest_route=\/wp\/v2\/users\/2"}],"replies":[{"embeddable":true,"href":"https:\/\/blogdofarnesio.com.br\/index.php?rest_route=%2Fwp%2Fv2%2Fcomments&post=380499"}],"version-history":[{"count":0,"href":"https:\/\/blogdofarnesio.com.br\/index.php?rest_route=\/wp\/v2\/posts\/380499\/revisions"}],"wp:featuredmedia":[{"embeddable":true,"href":"https:\/\/blogdofarnesio.com.br\/index.php?rest_route=\/wp\/v2\/media\/165976"}],"wp:attachment":[{"href":"https:\/\/blogdofarnesio.com.br\/index.php?rest_route=%2Fwp%2Fv2%2Fmedia&parent=380499"}],"wp:term":[{"taxonomy":"category","embeddable":true,"href":"https:\/\/blogdofarnesio.com.br\/index.php?rest_route=%2Fwp%2Fv2%2Fcategories&post=380499"},{"taxonomy":"post_tag","embeddable":true,"href":"https:\/\/blogdofarnesio.com.br\/index.php?rest_route=%2Fwp%2Fv2%2Ftags&post=380499"}],"curies":[{"name":"wp","href":"https:\/\/api.w.org\/{rel}","templated":true}]}}