{"id":380429,"date":"2024-11-03T14:00:39","date_gmt":"2024-11-03T17:00:39","guid":{"rendered":"https:\/\/blogdofarnesio.com.br\/?p=380429"},"modified":"2024-11-03T08:51:46","modified_gmt":"2024-11-03T11:51:46","slug":"governo-libera-lista-de-inscrito-no-processo-seletivo-do-dpt","status":"publish","type":"post","link":"https:\/\/blogdofarnesio.com.br\/?p=380429","title":{"rendered":"Governo libera lista de inscrito no processo seletivo do DPT"},"content":{"rendered":"<div class=\"mh-container mh-container-outer\">\n<div class=\"mh-wrapper clearfix\">\n<div class=\"mh-main clearfix\">\n<div id=\"main-content\" class=\"mh-content\" role=\"main\">\n<article id=\"post-425447\" class=\"post-425447 post type-post status-publish format-standard has-post-thumbnail hentry category-bahia\">\n<header class=\"entry-header clearfix\">\n<div class=\"mh-meta entry-meta\"><span class=\"entry-meta-author author vcard\"><a class=\"fn\" href=\"https:\/\/portaldocerrado.com\/author\/darlan-alves\/\">Darlan Alves Lustosa<\/a><\/span>\u00a0 &#8211;\u00a0\u00a0<i class=\"fa fa-comment-o\"><\/i><\/div>\n<\/header>\n<div class=\"entry-content clearfix\">\n<p>O Governo da Bahia liberou nesta quinta-feira (31) a lista de inscritos no processo seletivo do DPT (Departamento de Pol\u00edcia T\u00e9cnica). Os nomes est\u00e3o dispon\u00edveis no site da Secretaria da Seguran\u00e7a P\u00fablica da Bahia (SSP\/BA). A contrata\u00e7\u00e3o, em car\u00e1ter emergencial, acontecer\u00e1 atrav\u00e9s do REDA -Regime Especial de Direitos Administrativo. (<strong>veja abaixo<\/strong>)<\/p>\n<p>Os candidatos concorrem a 166 vagas disponibilizadas para cargos de n\u00edvel m\u00e9dio e superior e com atua\u00e7\u00e3o nas unidades de Salvador e nos munic\u00edpios do interior do Estado.<\/p>\n<p>O Edital 004\/2024 oferece vagas para auxiliar de necropsia, t\u00e9cnico administrativo, t\u00e9cnico de enfermagem, t\u00e9cnico em anatomia patol\u00f3gica, t\u00e9cnico em laborat\u00f3rio, t\u00e9cnico em seguran\u00e7a do trabalho, t\u00e9cnico em radiologia, fisioterapeuta, psic\u00f3logo, secretariado executivo e assistente social.<\/p>\n<p>A rela\u00e7\u00e3o completa dos inscritos est\u00e1 dispon\u00edvel nos sites da Secretaria da Seguran\u00e7a P\u00fablica (<a href=\"https:\/\/ssp.ba.gov.br\/\">https:\/\/ssp.ba.gov.br<\/a>) e do Departamento de Pol\u00edcia T\u00e9cnica (<a href=\"https:\/\/www.ba.gov.br\/policiatecnica\/\">www.ba.gov.br\/policiatecnica<\/a>).<\/p>\n<\/div>\n<\/article>\n<div class=\"mh-author-box clearfix\">\n<div class=\"mh-author-box-bio\"><\/div>\n<div class=\"mh-author-box clearfix\"><\/div>\n<\/div>\n<\/div>\n<\/div>\n<\/div>\n<\/div>\n","protected":false},"excerpt":{"rendered":"<p>Darlan Alves Lustosa\u00a0 &#8211;\u00a0\u00a0 O Governo da Bahia liberou nesta quinta-feira (31) a lista de inscritos no processo seletivo do DPT (Departamento de Pol\u00edcia T\u00e9cnica). Os nomes est\u00e3o dispon\u00edveis no site da Secretaria da Seguran\u00e7a P\u00fablica da Bahia (SSP\/BA). A contrata\u00e7\u00e3o, em car\u00e1ter emergencial, acontecer\u00e1 atrav\u00e9s do REDA -Regime Especial de Direitos Administrativo. (veja abaixo) Os candidatos concorrem a 166 vagas disponibilizadas para cargos de n\u00edvel m\u00e9dio e superior e com atua\u00e7\u00e3o nas unidades de Salvador e nos munic\u00edpios do interior do Estado. O Edital 004\/2024 oferece vagas para auxiliar de necropsia, t\u00e9cnico administrativo, t\u00e9cnico de enfermagem, t\u00e9cnico em anatomia patol\u00f3gica, t\u00e9cnico em laborat\u00f3rio, t\u00e9cnico em seguran\u00e7a do trabalho, t\u00e9cnico em radiologia, fisioterapeuta, psic\u00f3logo, secretariado executivo e assistente social. A&hellip; <\/p>\n","protected":false},"author":2,"featured_media":380489,"comment_status":"open","ping_status":"open","sticky":false,"template":"","format":"standard","meta":{"_acf_changed":false,"footnotes":""},"categories":[31],"tags":[],"class_list":["post-380429","post","type-post","status-publish","format-standard","has-post-thumbnail","hentry","category-concursos"],"acf":[],"yoast_head":"<!-- This site is optimized with the Yoast SEO plugin v27.4 - https:\/\/yoast.com\/product\/yoast-seo-wordpress\/ -->\n<title>Governo libera lista de inscrito no processo seletivo do DPT - Blog do Farn\u00e9sio<\/title>\n<meta name=\"robots\" content=\"index, follow, max-snippet:-1, max-image-preview:large, max-video-preview:-1\" \/>\n<link rel=\"canonical\" href=\"https:\/\/blogdofarnesio.com.br\/?p=380429\" \/>\n<meta property=\"og:locale\" content=\"pt_BR\" \/>\n<meta property=\"og:type\" content=\"article\" \/>\n<meta property=\"og:title\" content=\"Governo libera lista de inscrito no processo seletivo do DPT - Blog do Farn\u00e9sio\" \/>\n<meta property=\"og:description\" content=\"Darlan Alves Lustosa\u00a0 &#8211;\u00a0\u00a0 O Governo da Bahia liberou nesta quinta-feira (31) a lista de inscritos no processo seletivo do DPT (Departamento de Pol\u00edcia T\u00e9cnica). Os nomes est\u00e3o dispon\u00edveis no site da Secretaria da Seguran\u00e7a P\u00fablica da Bahia (SSP\/BA). A contrata\u00e7\u00e3o, em car\u00e1ter emergencial, acontecer\u00e1 atrav\u00e9s do REDA -Regime Especial de Direitos Administrativo. (veja abaixo) Os candidatos concorrem a 166 vagas disponibilizadas para cargos de n\u00edvel m\u00e9dio e superior e com atua\u00e7\u00e3o nas unidades de Salvador e nos munic\u00edpios do interior do Estado. O Edital 004\/2024 oferece vagas para auxiliar de necropsia, t\u00e9cnico administrativo, t\u00e9cnico de enfermagem, t\u00e9cnico em anatomia patol\u00f3gica, t\u00e9cnico em laborat\u00f3rio, t\u00e9cnico em seguran\u00e7a do trabalho, t\u00e9cnico em radiologia, fisioterapeuta, psic\u00f3logo, secretariado executivo e assistente social. A&hellip;\" \/>\n<meta property=\"og:url\" content=\"https:\/\/blogdofarnesio.com.br\/?p=380429\" \/>\n<meta property=\"og:site_name\" content=\"Blog do Farn\u00e9sio\" \/>\n<meta property=\"article:publisher\" content=\"https:\/\/www.facebook.com\/BlogQuerSaberPolitica\/\" \/>\n<meta property=\"article:author\" content=\"https:\/\/www.facebook.com\/?ref=tn_tnmn\" \/>\n<meta property=\"article:published_time\" content=\"2024-11-03T17:00:39+00:00\" \/>\n<meta property=\"og:image\" content=\"https:\/\/blogdofarnesio.com.br\/wp-content\/uploads\/2024\/11\/blogqsppolicia-tecnica.jpeg\" \/>\n\t<meta property=\"og:image:width\" content=\"678\" \/>\n\t<meta property=\"og:image:height\" content=\"381\" \/>\n\t<meta property=\"og:image:type\" content=\"image\/jpeg\" \/>\n<meta name=\"author\" content=\"Farn\u00e9sio\" \/>\n<meta name=\"twitter:card\" content=\"summary_large_image\" \/>\n<meta name=\"twitter:label1\" content=\"Escrito por\" \/>\n\t<meta name=\"twitter:data1\" content=\"Farn\u00e9sio\" \/>\n\t<meta name=\"twitter:label2\" content=\"Est. tempo de leitura\" \/>\n\t<meta name=\"twitter:data2\" content=\"1 minuto\" \/>\n<script type=\"application\/ld+json\" class=\"yoast-schema-graph\">{\"@context\":\"https:\\\/\\\/schema.org\",\"@graph\":[{\"@type\":\"Article\",\"@id\":\"https:\\\/\\\/blogdofarnesio.com.br\\\/?p=380429#article\",\"isPartOf\":{\"@id\":\"https:\\\/\\\/blogdofarnesio.com.br\\\/?p=380429\"},\"author\":{\"name\":\"Farn\u00e9sio\",\"@id\":\"https:\\\/\\\/blogdofarnesio.com.br\\\/#\\\/schema\\\/person\\\/bb9b23ae3ad0609ce8df7b6c9e76824d\"},\"headline\":\"Governo libera lista de inscrito no processo seletivo do DPT\",\"datePublished\":\"2024-11-03T17:00:39+00:00\",\"mainEntityOfPage\":{\"@id\":\"https:\\\/\\\/blogdofarnesio.com.br\\\/?p=380429\"},\"wordCount\":186,\"commentCount\":0,\"publisher\":{\"@id\":\"https:\\\/\\\/blogdofarnesio.com.br\\\/#organization\"},\"image\":{\"@id\":\"https:\\\/\\\/blogdofarnesio.com.br\\\/?p=380429#primaryimage\"},\"thumbnailUrl\":\"https:\\\/\\\/blogdofarnesio.com.br\\\/wp-content\\\/uploads\\\/2024\\\/11\\\/blogqsppolicia-tecnica.jpeg\",\"articleSection\":[\"Concursos\"],\"inLanguage\":\"pt-BR\",\"potentialAction\":[{\"@type\":\"CommentAction\",\"name\":\"Comment\",\"target\":[\"https:\\\/\\\/blogdofarnesio.com.br\\\/?p=380429#respond\"]}]},{\"@type\":\"WebPage\",\"@id\":\"https:\\\/\\\/blogdofarnesio.com.br\\\/?p=380429\",\"url\":\"https:\\\/\\\/blogdofarnesio.com.br\\\/?p=380429\",\"name\":\"Governo libera lista de inscrito no processo seletivo do DPT - Blog do Farn\u00e9sio\",\"isPartOf\":{\"@id\":\"https:\\\/\\\/blogdofarnesio.com.br\\\/#website\"},\"primaryImageOfPage\":{\"@id\":\"https:\\\/\\\/blogdofarnesio.com.br\\\/?p=380429#primaryimage\"},\"image\":{\"@id\":\"https:\\\/\\\/blogdofarnesio.com.br\\\/?p=380429#primaryimage\"},\"thumbnailUrl\":\"https:\\\/\\\/blogdofarnesio.com.br\\\/wp-content\\\/uploads\\\/2024\\\/11\\\/blogqsppolicia-tecnica.jpeg\",\"datePublished\":\"2024-11-03T17:00:39+00:00\",\"breadcrumb\":{\"@id\":\"https:\\\/\\\/blogdofarnesio.com.br\\\/?p=380429#breadcrumb\"},\"inLanguage\":\"pt-BR\",\"potentialAction\":[{\"@type\":\"ReadAction\",\"target\":[\"https:\\\/\\\/blogdofarnesio.com.br\\\/?p=380429\"]}]},{\"@type\":\"ImageObject\",\"inLanguage\":\"pt-BR\",\"@id\":\"https:\\\/\\\/blogdofarnesio.com.br\\\/?p=380429#primaryimage\",\"url\":\"https:\\\/\\\/blogdofarnesio.com.br\\\/wp-content\\\/uploads\\\/2024\\\/11\\\/blogqsppolicia-tecnica.jpeg\",\"contentUrl\":\"https:\\\/\\\/blogdofarnesio.com.br\\\/wp-content\\\/uploads\\\/2024\\\/11\\\/blogqsppolicia-tecnica.jpeg\",\"width\":678,\"height\":381},{\"@type\":\"BreadcrumbList\",\"@id\":\"https:\\\/\\\/blogdofarnesio.com.br\\\/?p=380429#breadcrumb\",\"itemListElement\":[{\"@type\":\"ListItem\",\"position\":1,\"name\":\"In\u00edcio\",\"item\":\"https:\\\/\\\/blogdofarnesio.com.br\\\/\"},{\"@type\":\"ListItem\",\"position\":2,\"name\":\"Governo libera lista de inscrito no processo seletivo do DPT\"}]},{\"@type\":\"WebSite\",\"@id\":\"https:\\\/\\\/blogdofarnesio.com.br\\\/#website\",\"url\":\"https:\\\/\\\/blogdofarnesio.com.br\\\/\",\"name\":\"Blog do Farn\u00e9sio\",\"description\":\"Quer Saber Pol\u00edtica?\",\"publisher\":{\"@id\":\"https:\\\/\\\/blogdofarnesio.com.br\\\/#organization\"},\"potentialAction\":[{\"@type\":\"SearchAction\",\"target\":{\"@type\":\"EntryPoint\",\"urlTemplate\":\"https:\\\/\\\/blogdofarnesio.com.br\\\/?s={search_term_string}\"},\"query-input\":{\"@type\":\"PropertyValueSpecification\",\"valueRequired\":true,\"valueName\":\"search_term_string\"}}],\"inLanguage\":\"pt-BR\"},{\"@type\":\"Organization\",\"@id\":\"https:\\\/\\\/blogdofarnesio.com.br\\\/#organization\",\"name\":\"Blog do Farn\u00e9sio\",\"url\":\"https:\\\/\\\/blogdofarnesio.com.br\\\/\",\"logo\":{\"@type\":\"ImageObject\",\"inLanguage\":\"pt-BR\",\"@id\":\"https:\\\/\\\/blogdofarnesio.com.br\\\/#\\\/schema\\\/logo\\\/image\\\/\",\"url\":\"https:\\\/\\\/blogdofarnesio.com.br\\\/wp-content\\\/uploads\\\/2026\\\/03\\\/cropped-logo_new-1.png\",\"contentUrl\":\"https:\\\/\\\/blogdofarnesio.com.br\\\/wp-content\\\/uploads\\\/2026\\\/03\\\/cropped-logo_new-1.png\",\"width\":881,\"height\":685,\"caption\":\"Blog do Farn\u00e9sio\"},\"image\":{\"@id\":\"https:\\\/\\\/blogdofarnesio.com.br\\\/#\\\/schema\\\/logo\\\/image\\\/\"},\"sameAs\":[\"https:\\\/\\\/www.facebook.com\\\/BlogQuerSaberPolitica\\\/\"]},{\"@type\":\"Person\",\"@id\":\"https:\\\/\\\/blogdofarnesio.com.br\\\/#\\\/schema\\\/person\\\/bb9b23ae3ad0609ce8df7b6c9e76824d\",\"name\":\"Farn\u00e9sio\",\"image\":{\"@type\":\"ImageObject\",\"inLanguage\":\"pt-BR\",\"@id\":\"https:\\\/\\\/secure.gravatar.com\\\/avatar\\\/986aa4c61ccdb66f8555bf88fc2a65609d00bcabd4d2d94377a727547345cbca?s=96&d=mm&r=g\",\"url\":\"https:\\\/\\\/secure.gravatar.com\\\/avatar\\\/986aa4c61ccdb66f8555bf88fc2a65609d00bcabd4d2d94377a727547345cbca?s=96&d=mm&r=g\",\"contentUrl\":\"https:\\\/\\\/secure.gravatar.com\\\/avatar\\\/986aa4c61ccdb66f8555bf88fc2a65609d00bcabd4d2d94377a727547345cbca?s=96&d=mm&r=g\",\"caption\":\"Farn\u00e9sio\"},\"description\":\"Radialista blogueiro, chegou a Petrolina\\\/Juazeiro em setembro de 1980, Farn\u00e9sio Silva \u00e9 de Arapiraca-Alagoas.\",\"sameAs\":[\"http:\\\/\\\/blogdofarnesio.com.br\",\"https:\\\/\\\/www.facebook.com\\\/?ref=tn_tnmn\",\"https:\\\/\\\/www.instagram.com\\\/?utm_source=pwa_homescreen\",\"https:\\\/\\\/youtube.com.br\\\/\"],\"url\":\"https:\\\/\\\/blogdofarnesio.com.br\\\/?author=2\"}]}<\/script>\n<!-- \/ Yoast SEO plugin. -->","yoast_head_json":{"title":"Governo libera lista de inscrito no processo seletivo do DPT - Blog do Farn\u00e9sio","robots":{"index":"index","follow":"follow","max-snippet":"max-snippet:-1","max-image-preview":"max-image-preview:large","max-video-preview":"max-video-preview:-1"},"canonical":"https:\/\/blogdofarnesio.com.br\/?p=380429","og_locale":"pt_BR","og_type":"article","og_title":"Governo libera lista de inscrito no processo seletivo do DPT - Blog do Farn\u00e9sio","og_description":"Darlan Alves Lustosa\u00a0 &#8211;\u00a0\u00a0 O Governo da Bahia liberou nesta quinta-feira (31) a lista de inscritos no processo seletivo do DPT (Departamento de Pol\u00edcia T\u00e9cnica). Os nomes est\u00e3o dispon\u00edveis no site da Secretaria da Seguran\u00e7a P\u00fablica da Bahia (SSP\/BA). A contrata\u00e7\u00e3o, em car\u00e1ter emergencial, acontecer\u00e1 atrav\u00e9s do REDA -Regime Especial de Direitos Administrativo. (veja abaixo) Os candidatos concorrem a 166 vagas disponibilizadas para cargos de n\u00edvel m\u00e9dio e superior e com atua\u00e7\u00e3o nas unidades de Salvador e nos munic\u00edpios do interior do Estado. O Edital 004\/2024 oferece vagas para auxiliar de necropsia, t\u00e9cnico administrativo, t\u00e9cnico de enfermagem, t\u00e9cnico em anatomia patol\u00f3gica, t\u00e9cnico em laborat\u00f3rio, t\u00e9cnico em seguran\u00e7a do trabalho, t\u00e9cnico em radiologia, fisioterapeuta, psic\u00f3logo, secretariado executivo e assistente social. A&hellip;","og_url":"https:\/\/blogdofarnesio.com.br\/?p=380429","og_site_name":"Blog do Farn\u00e9sio","article_publisher":"https:\/\/www.facebook.com\/BlogQuerSaberPolitica\/","article_author":"https:\/\/www.facebook.com\/?ref=tn_tnmn","article_published_time":"2024-11-03T17:00:39+00:00","og_image":[{"width":678,"height":381,"url":"https:\/\/blogdofarnesio.com.br\/wp-content\/uploads\/2024\/11\/blogqsppolicia-tecnica.jpeg","type":"image\/jpeg"}],"author":"Farn\u00e9sio","twitter_card":"summary_large_image","twitter_misc":{"Escrito por":"Farn\u00e9sio","Est. tempo de leitura":"1 minuto"},"schema":{"@context":"https:\/\/schema.org","@graph":[{"@type":"Article","@id":"https:\/\/blogdofarnesio.com.br\/?p=380429#article","isPartOf":{"@id":"https:\/\/blogdofarnesio.com.br\/?p=380429"},"author":{"name":"Farn\u00e9sio","@id":"https:\/\/blogdofarnesio.com.br\/#\/schema\/person\/bb9b23ae3ad0609ce8df7b6c9e76824d"},"headline":"Governo libera lista de inscrito no processo seletivo do DPT","datePublished":"2024-11-03T17:00:39+00:00","mainEntityOfPage":{"@id":"https:\/\/blogdofarnesio.com.br\/?p=380429"},"wordCount":186,"commentCount":0,"publisher":{"@id":"https:\/\/blogdofarnesio.com.br\/#organization"},"image":{"@id":"https:\/\/blogdofarnesio.com.br\/?p=380429#primaryimage"},"thumbnailUrl":"https:\/\/blogdofarnesio.com.br\/wp-content\/uploads\/2024\/11\/blogqsppolicia-tecnica.jpeg","articleSection":["Concursos"],"inLanguage":"pt-BR","potentialAction":[{"@type":"CommentAction","name":"Comment","target":["https:\/\/blogdofarnesio.com.br\/?p=380429#respond"]}]},{"@type":"WebPage","@id":"https:\/\/blogdofarnesio.com.br\/?p=380429","url":"https:\/\/blogdofarnesio.com.br\/?p=380429","name":"Governo libera lista de inscrito no processo seletivo do DPT - Blog do Farn\u00e9sio","isPartOf":{"@id":"https:\/\/blogdofarnesio.com.br\/#website"},"primaryImageOfPage":{"@id":"https:\/\/blogdofarnesio.com.br\/?p=380429#primaryimage"},"image":{"@id":"https:\/\/blogdofarnesio.com.br\/?p=380429#primaryimage"},"thumbnailUrl":"https:\/\/blogdofarnesio.com.br\/wp-content\/uploads\/2024\/11\/blogqsppolicia-tecnica.jpeg","datePublished":"2024-11-03T17:00:39+00:00","breadcrumb":{"@id":"https:\/\/blogdofarnesio.com.br\/?p=380429#breadcrumb"},"inLanguage":"pt-BR","potentialAction":[{"@type":"ReadAction","target":["https:\/\/blogdofarnesio.com.br\/?p=380429"]}]},{"@type":"ImageObject","inLanguage":"pt-BR","@id":"https:\/\/blogdofarnesio.com.br\/?p=380429#primaryimage","url":"https:\/\/blogdofarnesio.com.br\/wp-content\/uploads\/2024\/11\/blogqsppolicia-tecnica.jpeg","contentUrl":"https:\/\/blogdofarnesio.com.br\/wp-content\/uploads\/2024\/11\/blogqsppolicia-tecnica.jpeg","width":678,"height":381},{"@type":"BreadcrumbList","@id":"https:\/\/blogdofarnesio.com.br\/?p=380429#breadcrumb","itemListElement":[{"@type":"ListItem","position":1,"name":"In\u00edcio","item":"https:\/\/blogdofarnesio.com.br\/"},{"@type":"ListItem","position":2,"name":"Governo libera lista de inscrito no processo seletivo do DPT"}]},{"@type":"WebSite","@id":"https:\/\/blogdofarnesio.com.br\/#website","url":"https:\/\/blogdofarnesio.com.br\/","name":"Blog do Farn\u00e9sio","description":"Quer Saber Pol\u00edtica?","publisher":{"@id":"https:\/\/blogdofarnesio.com.br\/#organization"},"potentialAction":[{"@type":"SearchAction","target":{"@type":"EntryPoint","urlTemplate":"https:\/\/blogdofarnesio.com.br\/?s={search_term_string}"},"query-input":{"@type":"PropertyValueSpecification","valueRequired":true,"valueName":"search_term_string"}}],"inLanguage":"pt-BR"},{"@type":"Organization","@id":"https:\/\/blogdofarnesio.com.br\/#organization","name":"Blog do Farn\u00e9sio","url":"https:\/\/blogdofarnesio.com.br\/","logo":{"@type":"ImageObject","inLanguage":"pt-BR","@id":"https:\/\/blogdofarnesio.com.br\/#\/schema\/logo\/image\/","url":"https:\/\/blogdofarnesio.com.br\/wp-content\/uploads\/2026\/03\/cropped-logo_new-1.png","contentUrl":"https:\/\/blogdofarnesio.com.br\/wp-content\/uploads\/2026\/03\/cropped-logo_new-1.png","width":881,"height":685,"caption":"Blog do Farn\u00e9sio"},"image":{"@id":"https:\/\/blogdofarnesio.com.br\/#\/schema\/logo\/image\/"},"sameAs":["https:\/\/www.facebook.com\/BlogQuerSaberPolitica\/"]},{"@type":"Person","@id":"https:\/\/blogdofarnesio.com.br\/#\/schema\/person\/bb9b23ae3ad0609ce8df7b6c9e76824d","name":"Farn\u00e9sio","image":{"@type":"ImageObject","inLanguage":"pt-BR","@id":"https:\/\/secure.gravatar.com\/avatar\/986aa4c61ccdb66f8555bf88fc2a65609d00bcabd4d2d94377a727547345cbca?s=96&d=mm&r=g","url":"https:\/\/secure.gravatar.com\/avatar\/986aa4c61ccdb66f8555bf88fc2a65609d00bcabd4d2d94377a727547345cbca?s=96&d=mm&r=g","contentUrl":"https:\/\/secure.gravatar.com\/avatar\/986aa4c61ccdb66f8555bf88fc2a65609d00bcabd4d2d94377a727547345cbca?s=96&d=mm&r=g","caption":"Farn\u00e9sio"},"description":"Radialista blogueiro, chegou a Petrolina\/Juazeiro em setembro de 1980, Farn\u00e9sio Silva \u00e9 de Arapiraca-Alagoas.","sameAs":["http:\/\/blogdofarnesio.com.br","https:\/\/www.facebook.com\/?ref=tn_tnmn","https:\/\/www.instagram.com\/?utm_source=pwa_homescreen","https:\/\/youtube.com.br\/"],"url":"https:\/\/blogdofarnesio.com.br\/?author=2"}]}},"_links":{"self":[{"href":"https:\/\/blogdofarnesio.com.br\/index.php?rest_route=\/wp\/v2\/posts\/380429","targetHints":{"allow":["GET"]}}],"collection":[{"href":"https:\/\/blogdofarnesio.com.br\/index.php?rest_route=\/wp\/v2\/posts"}],"about":[{"href":"https:\/\/blogdofarnesio.com.br\/index.php?rest_route=\/wp\/v2\/types\/post"}],"author":[{"embeddable":true,"href":"https:\/\/blogdofarnesio.com.br\/index.php?rest_route=\/wp\/v2\/users\/2"}],"replies":[{"embeddable":true,"href":"https:\/\/blogdofarnesio.com.br\/index.php?rest_route=%2Fwp%2Fv2%2Fcomments&post=380429"}],"version-history":[{"count":0,"href":"https:\/\/blogdofarnesio.com.br\/index.php?rest_route=\/wp\/v2\/posts\/380429\/revisions"}],"wp:featuredmedia":[{"embeddable":true,"href":"https:\/\/blogdofarnesio.com.br\/index.php?rest_route=\/wp\/v2\/media\/380489"}],"wp:attachment":[{"href":"https:\/\/blogdofarnesio.com.br\/index.php?rest_route=%2Fwp%2Fv2%2Fmedia&parent=380429"}],"wp:term":[{"taxonomy":"category","embeddable":true,"href":"https:\/\/blogdofarnesio.com.br\/index.php?rest_route=%2Fwp%2Fv2%2Fcategories&post=380429"},{"taxonomy":"post_tag","embeddable":true,"href":"https:\/\/blogdofarnesio.com.br\/index.php?rest_route=%2Fwp%2Fv2%2Ftags&post=380429"}],"curies":[{"name":"wp","href":"https:\/\/api.w.org\/{rel}","templated":true}]}}