{"id":380285,"date":"2024-10-31T15:03:58","date_gmt":"2024-10-31T18:03:58","guid":{"rendered":"https:\/\/blogdofarnesio.com.br\/?p=380285"},"modified":"2024-10-31T12:08:04","modified_gmt":"2024-10-31T15:08:04","slug":"receita-federal-paga-lote-da-malha-fina-do-imposto-de-renda-nesta-quinta","status":"publish","type":"post","link":"https:\/\/blogdofarnesio.com.br\/?p=380285","title":{"rendered":"Receita Federal paga lote da malha fina do Imposto de Renda nesta quinta"},"content":{"rendered":"<div class=\"sc-b4c8ccf3-0 fsXNOt\"><\/div>\n<div class=\"sc-81cf810-1 bYubFg\">\n<div class=\"sc-81cf810-3 gCNTHg\">\n<p>Ao longo desta quinta-feira (31), mais de 264 mil contribuintes que ca\u00edram na malha fina e regularizaram as pend\u00eancias v\u00e3o receber dinheiro do Fisco. A Receita Federal paga o lote de restitui\u00e7\u00f5es da malha fina de outubro.<\/p>\n<p>Ao todo, 264.602 contribuintes receber\u00e3o R$ 700 milh\u00f5es. Cerca de 53% do valor, informou o Fisco, ir\u00e1 para contribuintes com prioridade no reembolso. Por causa das enchentes no Rio Grande do Sul, neste ano, os contribuintes ga\u00fachos foram inclu\u00eddos na lista de prioridades.<\/p>\n<p>Em rela\u00e7\u00e3o \u00e0 lista de prioridades, a maior parte, 126.824 contribuintes, informou a chave Pix do tipo Cadastro de Pessoa F\u00edsica (CPF) na declara\u00e7\u00e3o do Imposto de Renda ou usou a declara\u00e7\u00e3o pr\u00e9-preenchida. Desde o ano passado, a informa\u00e7\u00e3o da chave Pix d\u00e1 prioridade no recebimento.<\/p>\n<p>Em segundo lugar na lista, h\u00e1 14.661 contribuintes cuja maior fonte de renda \u00e9 o magist\u00e9rio. Em terceiro, v\u00eam 11.360 contribuintes residentes no Rio Grande do Sul. Em quinto lugar, est\u00e3o 46.689 contribuintes com idade entre 60 e 79 anos. O restante dos considerados priorit\u00e1rios s\u00e3o 6.416 contribuintes idosos acima de 80 anos e 5.219 com alguma defici\u00eancia f\u00edsica ou mental ou mol\u00e9stia grave.<\/p>\n<p>A lista \u00e9 conclu\u00edda com 53.433 contribuintes que n\u00e3o informaram a chave Pix e n\u00e3o se encaixam em nenhuma das categorias de prioridades legais.<\/p>\n<p>Desde o \u00faltimo dia 24, quem quiser saber se foi inclu\u00eddo no lote residual pode fazer a consulta na p\u00e1gina da Receita Federal na internet. Basta o contribuinte clicar em \u201cMeu Imposto de Renda\u201d e, em seguida, no bot\u00e3o \u201cConsultar a Restitui\u00e7\u00e3o\u201d. Tamb\u00e9m \u00e9 poss\u00edvel fazer a consulta no aplicativo da Receita para tablets e smartphones.<\/p>\n<p><strong>PAGAMENTO<\/strong><\/p>\n<p>O pagamento ser\u00e1 feito na conta ou na chave Pix do tipo CPF informada na declara\u00e7\u00e3o do Imposto de Renda. Caso o contribuinte n\u00e3o esteja na lista, dever\u00e1 entrar no Centro Virtual de Atendimento ao Contribuinte (e-CAC) e tirar o extrato da declara\u00e7\u00e3o. Caso verifique uma pend\u00eancia, pode enviar uma declara\u00e7\u00e3o retificadora e esperar os pr\u00f3ximos lotes da malha fina.<\/p>\n<\/div>\n<\/div>\n","protected":false},"excerpt":{"rendered":"<p>Ao longo desta quinta-feira (31), mais de 264 mil contribuintes que ca\u00edram na malha fina e regularizaram as pend\u00eancias v\u00e3o receber dinheiro do Fisco. A Receita Federal paga o lote de restitui\u00e7\u00f5es da malha fina de outubro. Ao todo, 264.602 contribuintes receber\u00e3o R$ 700 milh\u00f5es. Cerca de 53% do valor, informou o Fisco, ir\u00e1 para contribuintes com prioridade no reembolso. Por causa das enchentes no Rio Grande do Sul, neste ano, os contribuintes ga\u00fachos foram inclu\u00eddos na lista de prioridades. Em rela\u00e7\u00e3o \u00e0 lista de prioridades, a maior parte, 126.824 contribuintes, informou a chave Pix do tipo Cadastro de Pessoa F\u00edsica (CPF) na declara\u00e7\u00e3o do Imposto de Renda ou usou a declara\u00e7\u00e3o pr\u00e9-preenchida. Desde o ano passado, a informa\u00e7\u00e3o da&hellip; <\/p>\n","protected":false},"author":2,"featured_media":366402,"comment_status":"open","ping_status":"open","sticky":false,"template":"","format":"standard","meta":{"_acf_changed":false,"footnotes":""},"categories":[20],"tags":[],"class_list":["post-380285","post","type-post","status-publish","format-standard","has-post-thumbnail","hentry","category-economia"],"acf":[],"yoast_head":"<!-- This site is optimized with the Yoast SEO plugin v27.4 - https:\/\/yoast.com\/product\/yoast-seo-wordpress\/ -->\n<title>Receita Federal paga lote da malha fina do Imposto de Renda nesta quinta - Blog do Farn\u00e9sio<\/title>\n<meta name=\"robots\" content=\"index, follow, max-snippet:-1, max-image-preview:large, max-video-preview:-1\" \/>\n<link rel=\"canonical\" href=\"https:\/\/blogdofarnesio.com.br\/?p=380285\" \/>\n<meta property=\"og:locale\" content=\"pt_BR\" \/>\n<meta property=\"og:type\" content=\"article\" \/>\n<meta property=\"og:title\" content=\"Receita Federal paga lote da malha fina do Imposto de Renda nesta quinta - Blog do Farn\u00e9sio\" \/>\n<meta property=\"og:description\" content=\"Ao longo desta quinta-feira (31), mais de 264 mil contribuintes que ca\u00edram na malha fina e regularizaram as pend\u00eancias v\u00e3o receber dinheiro do Fisco. A Receita Federal paga o lote de restitui\u00e7\u00f5es da malha fina de outubro. Ao todo, 264.602 contribuintes receber\u00e3o R$ 700 milh\u00f5es. Cerca de 53% do valor, informou o Fisco, ir\u00e1 para contribuintes com prioridade no reembolso. Por causa das enchentes no Rio Grande do Sul, neste ano, os contribuintes ga\u00fachos foram inclu\u00eddos na lista de prioridades. Em rela\u00e7\u00e3o \u00e0 lista de prioridades, a maior parte, 126.824 contribuintes, informou a chave Pix do tipo Cadastro de Pessoa F\u00edsica (CPF) na declara\u00e7\u00e3o do Imposto de Renda ou usou a declara\u00e7\u00e3o pr\u00e9-preenchida. Desde o ano passado, a informa\u00e7\u00e3o da&hellip;\" \/>\n<meta property=\"og:url\" content=\"https:\/\/blogdofarnesio.com.br\/?p=380285\" \/>\n<meta property=\"og:site_name\" content=\"Blog do Farn\u00e9sio\" \/>\n<meta property=\"article:publisher\" content=\"https:\/\/www.facebook.com\/BlogQuerSaberPolitica\/\" \/>\n<meta property=\"article:author\" content=\"https:\/\/www.facebook.com\/?ref=tn_tnmn\" \/>\n<meta property=\"article:published_time\" content=\"2024-10-31T18:03:58+00:00\" \/>\n<meta property=\"og:image\" content=\"https:\/\/blogdofarnesio.com.br\/wp-content\/uploads\/2024\/04\/blogqspreceita-leao-Foto_Marcello-Casal-Jr_Agencia-Brasil-e1713358400793.jpg\" \/>\n\t<meta property=\"og:image:width\" content=\"600\" \/>\n\t<meta property=\"og:image:height\" content=\"359\" \/>\n\t<meta property=\"og:image:type\" content=\"image\/jpeg\" \/>\n<meta name=\"author\" content=\"Farn\u00e9sio\" \/>\n<meta name=\"twitter:card\" content=\"summary_large_image\" \/>\n<meta name=\"twitter:label1\" content=\"Escrito por\" \/>\n\t<meta name=\"twitter:data1\" content=\"Farn\u00e9sio\" \/>\n\t<meta name=\"twitter:label2\" content=\"Est. tempo de leitura\" \/>\n\t<meta name=\"twitter:data2\" content=\"3 minutos\" \/>\n<script type=\"application\/ld+json\" class=\"yoast-schema-graph\">{\"@context\":\"https:\\\/\\\/schema.org\",\"@graph\":[{\"@type\":\"Article\",\"@id\":\"https:\\\/\\\/blogdofarnesio.com.br\\\/?p=380285#article\",\"isPartOf\":{\"@id\":\"https:\\\/\\\/blogdofarnesio.com.br\\\/?p=380285\"},\"author\":{\"name\":\"Farn\u00e9sio\",\"@id\":\"https:\\\/\\\/blogdofarnesio.com.br\\\/#\\\/schema\\\/person\\\/bb9b23ae3ad0609ce8df7b6c9e76824d\"},\"headline\":\"Receita Federal paga lote da malha fina do Imposto de Renda nesta quinta\",\"datePublished\":\"2024-10-31T18:03:58+00:00\",\"mainEntityOfPage\":{\"@id\":\"https:\\\/\\\/blogdofarnesio.com.br\\\/?p=380285\"},\"wordCount\":361,\"commentCount\":0,\"publisher\":{\"@id\":\"https:\\\/\\\/blogdofarnesio.com.br\\\/#organization\"},\"image\":{\"@id\":\"https:\\\/\\\/blogdofarnesio.com.br\\\/?p=380285#primaryimage\"},\"thumbnailUrl\":\"https:\\\/\\\/blogdofarnesio.com.br\\\/wp-content\\\/uploads\\\/2024\\\/04\\\/blogqspreceita-leao-Foto_Marcello-Casal-Jr_Agencia-Brasil-e1713358400793.jpg\",\"articleSection\":[\"Economia\"],\"inLanguage\":\"pt-BR\",\"potentialAction\":[{\"@type\":\"CommentAction\",\"name\":\"Comment\",\"target\":[\"https:\\\/\\\/blogdofarnesio.com.br\\\/?p=380285#respond\"]}]},{\"@type\":\"WebPage\",\"@id\":\"https:\\\/\\\/blogdofarnesio.com.br\\\/?p=380285\",\"url\":\"https:\\\/\\\/blogdofarnesio.com.br\\\/?p=380285\",\"name\":\"Receita Federal paga lote da malha fina do Imposto de Renda nesta quinta - Blog do Farn\u00e9sio\",\"isPartOf\":{\"@id\":\"https:\\\/\\\/blogdofarnesio.com.br\\\/#website\"},\"primaryImageOfPage\":{\"@id\":\"https:\\\/\\\/blogdofarnesio.com.br\\\/?p=380285#primaryimage\"},\"image\":{\"@id\":\"https:\\\/\\\/blogdofarnesio.com.br\\\/?p=380285#primaryimage\"},\"thumbnailUrl\":\"https:\\\/\\\/blogdofarnesio.com.br\\\/wp-content\\\/uploads\\\/2024\\\/04\\\/blogqspreceita-leao-Foto_Marcello-Casal-Jr_Agencia-Brasil-e1713358400793.jpg\",\"datePublished\":\"2024-10-31T18:03:58+00:00\",\"breadcrumb\":{\"@id\":\"https:\\\/\\\/blogdofarnesio.com.br\\\/?p=380285#breadcrumb\"},\"inLanguage\":\"pt-BR\",\"potentialAction\":[{\"@type\":\"ReadAction\",\"target\":[\"https:\\\/\\\/blogdofarnesio.com.br\\\/?p=380285\"]}]},{\"@type\":\"ImageObject\",\"inLanguage\":\"pt-BR\",\"@id\":\"https:\\\/\\\/blogdofarnesio.com.br\\\/?p=380285#primaryimage\",\"url\":\"https:\\\/\\\/blogdofarnesio.com.br\\\/wp-content\\\/uploads\\\/2024\\\/04\\\/blogqspreceita-leao-Foto_Marcello-Casal-Jr_Agencia-Brasil-e1713358400793.jpg\",\"contentUrl\":\"https:\\\/\\\/blogdofarnesio.com.br\\\/wp-content\\\/uploads\\\/2024\\\/04\\\/blogqspreceita-leao-Foto_Marcello-Casal-Jr_Agencia-Brasil-e1713358400793.jpg\",\"width\":600,\"height\":359},{\"@type\":\"BreadcrumbList\",\"@id\":\"https:\\\/\\\/blogdofarnesio.com.br\\\/?p=380285#breadcrumb\",\"itemListElement\":[{\"@type\":\"ListItem\",\"position\":1,\"name\":\"In\u00edcio\",\"item\":\"https:\\\/\\\/blogdofarnesio.com.br\\\/\"},{\"@type\":\"ListItem\",\"position\":2,\"name\":\"Receita Federal paga lote da malha fina do Imposto de Renda nesta quinta\"}]},{\"@type\":\"WebSite\",\"@id\":\"https:\\\/\\\/blogdofarnesio.com.br\\\/#website\",\"url\":\"https:\\\/\\\/blogdofarnesio.com.br\\\/\",\"name\":\"Blog do Farn\u00e9sio\",\"description\":\"Quer Saber Pol\u00edtica?\",\"publisher\":{\"@id\":\"https:\\\/\\\/blogdofarnesio.com.br\\\/#organization\"},\"potentialAction\":[{\"@type\":\"SearchAction\",\"target\":{\"@type\":\"EntryPoint\",\"urlTemplate\":\"https:\\\/\\\/blogdofarnesio.com.br\\\/?s={search_term_string}\"},\"query-input\":{\"@type\":\"PropertyValueSpecification\",\"valueRequired\":true,\"valueName\":\"search_term_string\"}}],\"inLanguage\":\"pt-BR\"},{\"@type\":\"Organization\",\"@id\":\"https:\\\/\\\/blogdofarnesio.com.br\\\/#organization\",\"name\":\"Blog do Farn\u00e9sio\",\"url\":\"https:\\\/\\\/blogdofarnesio.com.br\\\/\",\"logo\":{\"@type\":\"ImageObject\",\"inLanguage\":\"pt-BR\",\"@id\":\"https:\\\/\\\/blogdofarnesio.com.br\\\/#\\\/schema\\\/logo\\\/image\\\/\",\"url\":\"https:\\\/\\\/blogdofarnesio.com.br\\\/wp-content\\\/uploads\\\/2026\\\/03\\\/cropped-logo_new-1.png\",\"contentUrl\":\"https:\\\/\\\/blogdofarnesio.com.br\\\/wp-content\\\/uploads\\\/2026\\\/03\\\/cropped-logo_new-1.png\",\"width\":881,\"height\":685,\"caption\":\"Blog do Farn\u00e9sio\"},\"image\":{\"@id\":\"https:\\\/\\\/blogdofarnesio.com.br\\\/#\\\/schema\\\/logo\\\/image\\\/\"},\"sameAs\":[\"https:\\\/\\\/www.facebook.com\\\/BlogQuerSaberPolitica\\\/\"]},{\"@type\":\"Person\",\"@id\":\"https:\\\/\\\/blogdofarnesio.com.br\\\/#\\\/schema\\\/person\\\/bb9b23ae3ad0609ce8df7b6c9e76824d\",\"name\":\"Farn\u00e9sio\",\"image\":{\"@type\":\"ImageObject\",\"inLanguage\":\"pt-BR\",\"@id\":\"https:\\\/\\\/secure.gravatar.com\\\/avatar\\\/986aa4c61ccdb66f8555bf88fc2a65609d00bcabd4d2d94377a727547345cbca?s=96&d=mm&r=g\",\"url\":\"https:\\\/\\\/secure.gravatar.com\\\/avatar\\\/986aa4c61ccdb66f8555bf88fc2a65609d00bcabd4d2d94377a727547345cbca?s=96&d=mm&r=g\",\"contentUrl\":\"https:\\\/\\\/secure.gravatar.com\\\/avatar\\\/986aa4c61ccdb66f8555bf88fc2a65609d00bcabd4d2d94377a727547345cbca?s=96&d=mm&r=g\",\"caption\":\"Farn\u00e9sio\"},\"description\":\"Radialista blogueiro, chegou a Petrolina\\\/Juazeiro em setembro de 1980, Farn\u00e9sio Silva \u00e9 de Arapiraca-Alagoas.\",\"sameAs\":[\"http:\\\/\\\/blogdofarnesio.com.br\",\"https:\\\/\\\/www.facebook.com\\\/?ref=tn_tnmn\",\"https:\\\/\\\/www.instagram.com\\\/?utm_source=pwa_homescreen\",\"https:\\\/\\\/youtube.com.br\\\/\"],\"url\":\"https:\\\/\\\/blogdofarnesio.com.br\\\/?author=2\"}]}<\/script>\n<!-- \/ Yoast SEO plugin. -->","yoast_head_json":{"title":"Receita Federal paga lote da malha fina do Imposto de Renda nesta quinta - Blog do Farn\u00e9sio","robots":{"index":"index","follow":"follow","max-snippet":"max-snippet:-1","max-image-preview":"max-image-preview:large","max-video-preview":"max-video-preview:-1"},"canonical":"https:\/\/blogdofarnesio.com.br\/?p=380285","og_locale":"pt_BR","og_type":"article","og_title":"Receita Federal paga lote da malha fina do Imposto de Renda nesta quinta - Blog do Farn\u00e9sio","og_description":"Ao longo desta quinta-feira (31), mais de 264 mil contribuintes que ca\u00edram na malha fina e regularizaram as pend\u00eancias v\u00e3o receber dinheiro do Fisco. A Receita Federal paga o lote de restitui\u00e7\u00f5es da malha fina de outubro. Ao todo, 264.602 contribuintes receber\u00e3o R$ 700 milh\u00f5es. Cerca de 53% do valor, informou o Fisco, ir\u00e1 para contribuintes com prioridade no reembolso. Por causa das enchentes no Rio Grande do Sul, neste ano, os contribuintes ga\u00fachos foram inclu\u00eddos na lista de prioridades. Em rela\u00e7\u00e3o \u00e0 lista de prioridades, a maior parte, 126.824 contribuintes, informou a chave Pix do tipo Cadastro de Pessoa F\u00edsica (CPF) na declara\u00e7\u00e3o do Imposto de Renda ou usou a declara\u00e7\u00e3o pr\u00e9-preenchida. Desde o ano passado, a informa\u00e7\u00e3o da&hellip;","og_url":"https:\/\/blogdofarnesio.com.br\/?p=380285","og_site_name":"Blog do Farn\u00e9sio","article_publisher":"https:\/\/www.facebook.com\/BlogQuerSaberPolitica\/","article_author":"https:\/\/www.facebook.com\/?ref=tn_tnmn","article_published_time":"2024-10-31T18:03:58+00:00","og_image":[{"width":600,"height":359,"url":"https:\/\/blogdofarnesio.com.br\/wp-content\/uploads\/2024\/04\/blogqspreceita-leao-Foto_Marcello-Casal-Jr_Agencia-Brasil-e1713358400793.jpg","type":"image\/jpeg"}],"author":"Farn\u00e9sio","twitter_card":"summary_large_image","twitter_misc":{"Escrito por":"Farn\u00e9sio","Est. tempo de leitura":"3 minutos"},"schema":{"@context":"https:\/\/schema.org","@graph":[{"@type":"Article","@id":"https:\/\/blogdofarnesio.com.br\/?p=380285#article","isPartOf":{"@id":"https:\/\/blogdofarnesio.com.br\/?p=380285"},"author":{"name":"Farn\u00e9sio","@id":"https:\/\/blogdofarnesio.com.br\/#\/schema\/person\/bb9b23ae3ad0609ce8df7b6c9e76824d"},"headline":"Receita Federal paga lote da malha fina do Imposto de Renda nesta quinta","datePublished":"2024-10-31T18:03:58+00:00","mainEntityOfPage":{"@id":"https:\/\/blogdofarnesio.com.br\/?p=380285"},"wordCount":361,"commentCount":0,"publisher":{"@id":"https:\/\/blogdofarnesio.com.br\/#organization"},"image":{"@id":"https:\/\/blogdofarnesio.com.br\/?p=380285#primaryimage"},"thumbnailUrl":"https:\/\/blogdofarnesio.com.br\/wp-content\/uploads\/2024\/04\/blogqspreceita-leao-Foto_Marcello-Casal-Jr_Agencia-Brasil-e1713358400793.jpg","articleSection":["Economia"],"inLanguage":"pt-BR","potentialAction":[{"@type":"CommentAction","name":"Comment","target":["https:\/\/blogdofarnesio.com.br\/?p=380285#respond"]}]},{"@type":"WebPage","@id":"https:\/\/blogdofarnesio.com.br\/?p=380285","url":"https:\/\/blogdofarnesio.com.br\/?p=380285","name":"Receita Federal paga lote da malha fina do Imposto de Renda nesta quinta - Blog do Farn\u00e9sio","isPartOf":{"@id":"https:\/\/blogdofarnesio.com.br\/#website"},"primaryImageOfPage":{"@id":"https:\/\/blogdofarnesio.com.br\/?p=380285#primaryimage"},"image":{"@id":"https:\/\/blogdofarnesio.com.br\/?p=380285#primaryimage"},"thumbnailUrl":"https:\/\/blogdofarnesio.com.br\/wp-content\/uploads\/2024\/04\/blogqspreceita-leao-Foto_Marcello-Casal-Jr_Agencia-Brasil-e1713358400793.jpg","datePublished":"2024-10-31T18:03:58+00:00","breadcrumb":{"@id":"https:\/\/blogdofarnesio.com.br\/?p=380285#breadcrumb"},"inLanguage":"pt-BR","potentialAction":[{"@type":"ReadAction","target":["https:\/\/blogdofarnesio.com.br\/?p=380285"]}]},{"@type":"ImageObject","inLanguage":"pt-BR","@id":"https:\/\/blogdofarnesio.com.br\/?p=380285#primaryimage","url":"https:\/\/blogdofarnesio.com.br\/wp-content\/uploads\/2024\/04\/blogqspreceita-leao-Foto_Marcello-Casal-Jr_Agencia-Brasil-e1713358400793.jpg","contentUrl":"https:\/\/blogdofarnesio.com.br\/wp-content\/uploads\/2024\/04\/blogqspreceita-leao-Foto_Marcello-Casal-Jr_Agencia-Brasil-e1713358400793.jpg","width":600,"height":359},{"@type":"BreadcrumbList","@id":"https:\/\/blogdofarnesio.com.br\/?p=380285#breadcrumb","itemListElement":[{"@type":"ListItem","position":1,"name":"In\u00edcio","item":"https:\/\/blogdofarnesio.com.br\/"},{"@type":"ListItem","position":2,"name":"Receita Federal paga lote da malha fina do Imposto de Renda nesta quinta"}]},{"@type":"WebSite","@id":"https:\/\/blogdofarnesio.com.br\/#website","url":"https:\/\/blogdofarnesio.com.br\/","name":"Blog do Farn\u00e9sio","description":"Quer Saber Pol\u00edtica?","publisher":{"@id":"https:\/\/blogdofarnesio.com.br\/#organization"},"potentialAction":[{"@type":"SearchAction","target":{"@type":"EntryPoint","urlTemplate":"https:\/\/blogdofarnesio.com.br\/?s={search_term_string}"},"query-input":{"@type":"PropertyValueSpecification","valueRequired":true,"valueName":"search_term_string"}}],"inLanguage":"pt-BR"},{"@type":"Organization","@id":"https:\/\/blogdofarnesio.com.br\/#organization","name":"Blog do Farn\u00e9sio","url":"https:\/\/blogdofarnesio.com.br\/","logo":{"@type":"ImageObject","inLanguage":"pt-BR","@id":"https:\/\/blogdofarnesio.com.br\/#\/schema\/logo\/image\/","url":"https:\/\/blogdofarnesio.com.br\/wp-content\/uploads\/2026\/03\/cropped-logo_new-1.png","contentUrl":"https:\/\/blogdofarnesio.com.br\/wp-content\/uploads\/2026\/03\/cropped-logo_new-1.png","width":881,"height":685,"caption":"Blog do Farn\u00e9sio"},"image":{"@id":"https:\/\/blogdofarnesio.com.br\/#\/schema\/logo\/image\/"},"sameAs":["https:\/\/www.facebook.com\/BlogQuerSaberPolitica\/"]},{"@type":"Person","@id":"https:\/\/blogdofarnesio.com.br\/#\/schema\/person\/bb9b23ae3ad0609ce8df7b6c9e76824d","name":"Farn\u00e9sio","image":{"@type":"ImageObject","inLanguage":"pt-BR","@id":"https:\/\/secure.gravatar.com\/avatar\/986aa4c61ccdb66f8555bf88fc2a65609d00bcabd4d2d94377a727547345cbca?s=96&d=mm&r=g","url":"https:\/\/secure.gravatar.com\/avatar\/986aa4c61ccdb66f8555bf88fc2a65609d00bcabd4d2d94377a727547345cbca?s=96&d=mm&r=g","contentUrl":"https:\/\/secure.gravatar.com\/avatar\/986aa4c61ccdb66f8555bf88fc2a65609d00bcabd4d2d94377a727547345cbca?s=96&d=mm&r=g","caption":"Farn\u00e9sio"},"description":"Radialista blogueiro, chegou a Petrolina\/Juazeiro em setembro de 1980, Farn\u00e9sio Silva \u00e9 de Arapiraca-Alagoas.","sameAs":["http:\/\/blogdofarnesio.com.br","https:\/\/www.facebook.com\/?ref=tn_tnmn","https:\/\/www.instagram.com\/?utm_source=pwa_homescreen","https:\/\/youtube.com.br\/"],"url":"https:\/\/blogdofarnesio.com.br\/?author=2"}]}},"_links":{"self":[{"href":"https:\/\/blogdofarnesio.com.br\/index.php?rest_route=\/wp\/v2\/posts\/380285","targetHints":{"allow":["GET"]}}],"collection":[{"href":"https:\/\/blogdofarnesio.com.br\/index.php?rest_route=\/wp\/v2\/posts"}],"about":[{"href":"https:\/\/blogdofarnesio.com.br\/index.php?rest_route=\/wp\/v2\/types\/post"}],"author":[{"embeddable":true,"href":"https:\/\/blogdofarnesio.com.br\/index.php?rest_route=\/wp\/v2\/users\/2"}],"replies":[{"embeddable":true,"href":"https:\/\/blogdofarnesio.com.br\/index.php?rest_route=%2Fwp%2Fv2%2Fcomments&post=380285"}],"version-history":[{"count":0,"href":"https:\/\/blogdofarnesio.com.br\/index.php?rest_route=\/wp\/v2\/posts\/380285\/revisions"}],"wp:featuredmedia":[{"embeddable":true,"href":"https:\/\/blogdofarnesio.com.br\/index.php?rest_route=\/wp\/v2\/media\/366402"}],"wp:attachment":[{"href":"https:\/\/blogdofarnesio.com.br\/index.php?rest_route=%2Fwp%2Fv2%2Fmedia&parent=380285"}],"wp:term":[{"taxonomy":"category","embeddable":true,"href":"https:\/\/blogdofarnesio.com.br\/index.php?rest_route=%2Fwp%2Fv2%2Fcategories&post=380285"},{"taxonomy":"post_tag","embeddable":true,"href":"https:\/\/blogdofarnesio.com.br\/index.php?rest_route=%2Fwp%2Fv2%2Ftags&post=380285"}],"curies":[{"name":"wp","href":"https:\/\/api.w.org\/{rel}","templated":true}]}}