{"id":380269,"date":"2024-11-11T10:24:47","date_gmt":"2024-11-11T13:24:47","guid":{"rendered":"https:\/\/blogdofarnesio.com.br\/?p=380269"},"modified":"2024-11-10T19:14:03","modified_gmt":"2024-11-10T22:14:03","slug":"prodecon-orienta-consumidores-sobre-compras-durante-a-black-friday","status":"publish","type":"post","link":"https:\/\/blogdofarnesio.com.br\/?p=380269","title":{"rendered":"Prodecon orienta consumidores sobre compras durante a Black Friday"},"content":{"rendered":"<div>O m\u00eas de novembro est\u00e1 chegando e com ele acontece a famosa \u2018Black Friday\u2019, onde os lojistas disponibilizam produtos com descontos mais altos para atrair consumidores que buscam economizar nas compras de fim de ano. Com o intuito de evitar golpes ou pr\u00e1ticas enganosas, a Prefeitura de Petrolina, atrav\u00e9s do Programa Municipal de Defesa do Consumidor (Prodecon), passa dicas de como realizar uma compra segura.<\/div>\n<div><\/div>\n<div>A principal orienta\u00e7\u00e3o \u00e9 acompanhar o pre\u00e7o dos produtos antes da Black Friday, fa\u00e7a uma avalia\u00e7\u00e3o se os descontos ofertados de fato valem a pena e s\u00e3o reais. Caso seja identificada pr\u00e1tica enganosa de manipula\u00e7\u00e3o de pre\u00e7os, quando ocorre o aumento do valor pouco antes do produto entrar em \u201cpromo\u00e7\u00e3o\u201d, \u00e9 necess\u00e1rio realizar uma den\u00fancia no Prodecon.<\/div>\n<div><\/div>\n<div>Nas compras online, \u00e9 preciso estar atendo a sites ou e-mails fraudulentos, evite realizar compras por an\u00fancios das redes sociais, procure sempre pesquisar no Google o site oficial do produto que deseja adquirir. Al\u00e9m disso, tamb\u00e9m \u00e9 importante verificar as condi\u00e7\u00f5es de troca do produto, prazo de entrega e a reputa\u00e7\u00e3o da loja, incluindo as reclama\u00e7\u00f5es e demais dados.<\/div>\n<div><\/div>\n<div>Nas compras em lojas f\u00edsicas, tamb\u00e9m \u00e9 necess\u00e1rio comparar os pre\u00e7os, ficar atento as pol\u00edticas de troca e evitar compras por impulso.\u00a0 Mesmo sendo esse per\u00edodo, algumas lojas conseguem dar mais descontos do que outras.<\/div>\n<div><\/div>\n<div>Caso precise fazer algum tipo de den\u00fancia o Prodecon de Petrolina atende, de segunda a sexta-feira, das 8h \u00e0s 12h, no N\u00facleo Administrativo Municipal, na Avenida Coronel Clementino Coelho, n\u00b0 174, no bairro Parque Bandeirantes (Atr\u00e1s da Banca). Para d\u00favidas, o n\u00famero de contato de telefone e Whatsapp (87) 3983-6435.<\/div>\n<div><\/div>\n<div><\/div>\n","protected":false},"excerpt":{"rendered":"<p>O m\u00eas de novembro est\u00e1 chegando e com ele acontece a famosa \u2018Black Friday\u2019, onde os lojistas disponibilizam produtos com descontos mais altos para atrair consumidores que buscam economizar nas compras de fim de ano. Com o intuito de evitar golpes ou pr\u00e1ticas enganosas, a Prefeitura de Petrolina, atrav\u00e9s do Programa Municipal de Defesa do Consumidor (Prodecon), passa dicas de como realizar uma compra segura. A principal orienta\u00e7\u00e3o \u00e9 acompanhar o pre\u00e7o dos produtos antes da Black Friday, fa\u00e7a uma avalia\u00e7\u00e3o se os descontos ofertados de fato valem a pena e s\u00e3o reais. Caso seja identificada pr\u00e1tica enganosa de manipula\u00e7\u00e3o de pre\u00e7os, quando ocorre o aumento do valor pouco antes do produto entrar em \u201cpromo\u00e7\u00e3o\u201d, \u00e9 necess\u00e1rio realizar uma den\u00fancia&hellip; <\/p>\n","protected":false},"author":2,"featured_media":181082,"comment_status":"open","ping_status":"open","sticky":false,"template":"","format":"standard","meta":{"_acf_changed":false,"footnotes":""},"categories":[20],"tags":[],"class_list":["post-380269","post","type-post","status-publish","format-standard","has-post-thumbnail","hentry","category-economia"],"acf":[],"yoast_head":"<!-- This site is optimized with the Yoast SEO plugin v27.4 - https:\/\/yoast.com\/product\/yoast-seo-wordpress\/ -->\n<title>Prodecon orienta consumidores sobre compras durante a Black Friday - Blog do Farn\u00e9sio<\/title>\n<meta name=\"robots\" content=\"index, follow, max-snippet:-1, max-image-preview:large, max-video-preview:-1\" \/>\n<link rel=\"canonical\" href=\"https:\/\/blogdofarnesio.com.br\/?p=380269\" \/>\n<meta property=\"og:locale\" content=\"pt_BR\" \/>\n<meta property=\"og:type\" content=\"article\" \/>\n<meta property=\"og:title\" content=\"Prodecon orienta consumidores sobre compras durante a Black Friday - Blog do Farn\u00e9sio\" \/>\n<meta property=\"og:description\" content=\"O m\u00eas de novembro est\u00e1 chegando e com ele acontece a famosa \u2018Black Friday\u2019, onde os lojistas disponibilizam produtos com descontos mais altos para atrair consumidores que buscam economizar nas compras de fim de ano. Com o intuito de evitar golpes ou pr\u00e1ticas enganosas, a Prefeitura de Petrolina, atrav\u00e9s do Programa Municipal de Defesa do Consumidor (Prodecon), passa dicas de como realizar uma compra segura. A principal orienta\u00e7\u00e3o \u00e9 acompanhar o pre\u00e7o dos produtos antes da Black Friday, fa\u00e7a uma avalia\u00e7\u00e3o se os descontos ofertados de fato valem a pena e s\u00e3o reais. Caso seja identificada pr\u00e1tica enganosa de manipula\u00e7\u00e3o de pre\u00e7os, quando ocorre o aumento do valor pouco antes do produto entrar em \u201cpromo\u00e7\u00e3o\u201d, \u00e9 necess\u00e1rio realizar uma den\u00fancia&hellip;\" \/>\n<meta property=\"og:url\" content=\"https:\/\/blogdofarnesio.com.br\/?p=380269\" \/>\n<meta property=\"og:site_name\" content=\"Blog do Farn\u00e9sio\" \/>\n<meta property=\"article:publisher\" content=\"https:\/\/www.facebook.com\/BlogQuerSaberPolitica\/\" \/>\n<meta property=\"article:author\" content=\"https:\/\/www.facebook.com\/?ref=tn_tnmn\" \/>\n<meta property=\"article:published_time\" content=\"2024-11-11T13:24:47+00:00\" \/>\n<meta property=\"og:image\" content=\"https:\/\/blogdofarnesio.com.br\/wp-content\/uploads\/2017\/11\/blogqspblackfriday-e1730379292470.png\" \/>\n\t<meta property=\"og:image:width\" content=\"590\" \/>\n\t<meta property=\"og:image:height\" content=\"339\" \/>\n\t<meta property=\"og:image:type\" content=\"image\/png\" \/>\n<meta name=\"author\" content=\"Farn\u00e9sio\" \/>\n<meta name=\"twitter:card\" content=\"summary_large_image\" \/>\n<meta name=\"twitter:label1\" content=\"Escrito por\" \/>\n\t<meta name=\"twitter:data1\" content=\"Farn\u00e9sio\" \/>\n\t<meta name=\"twitter:label2\" content=\"Est. tempo de leitura\" \/>\n\t<meta name=\"twitter:data2\" content=\"2 minutos\" \/>\n<script type=\"application\/ld+json\" class=\"yoast-schema-graph\">{\"@context\":\"https:\\\/\\\/schema.org\",\"@graph\":[{\"@type\":\"Article\",\"@id\":\"https:\\\/\\\/blogdofarnesio.com.br\\\/?p=380269#article\",\"isPartOf\":{\"@id\":\"https:\\\/\\\/blogdofarnesio.com.br\\\/?p=380269\"},\"author\":{\"name\":\"Farn\u00e9sio\",\"@id\":\"https:\\\/\\\/blogdofarnesio.com.br\\\/#\\\/schema\\\/person\\\/bb9b23ae3ad0609ce8df7b6c9e76824d\"},\"headline\":\"Prodecon orienta consumidores sobre compras durante a Black Friday\",\"datePublished\":\"2024-11-11T13:24:47+00:00\",\"mainEntityOfPage\":{\"@id\":\"https:\\\/\\\/blogdofarnesio.com.br\\\/?p=380269\"},\"wordCount\":299,\"commentCount\":0,\"publisher\":{\"@id\":\"https:\\\/\\\/blogdofarnesio.com.br\\\/#organization\"},\"image\":{\"@id\":\"https:\\\/\\\/blogdofarnesio.com.br\\\/?p=380269#primaryimage\"},\"thumbnailUrl\":\"https:\\\/\\\/blogdofarnesio.com.br\\\/wp-content\\\/uploads\\\/2017\\\/11\\\/blogqspblackfriday-e1730379292470.png\",\"articleSection\":[\"Economia\"],\"inLanguage\":\"pt-BR\",\"potentialAction\":[{\"@type\":\"CommentAction\",\"name\":\"Comment\",\"target\":[\"https:\\\/\\\/blogdofarnesio.com.br\\\/?p=380269#respond\"]}]},{\"@type\":\"WebPage\",\"@id\":\"https:\\\/\\\/blogdofarnesio.com.br\\\/?p=380269\",\"url\":\"https:\\\/\\\/blogdofarnesio.com.br\\\/?p=380269\",\"name\":\"Prodecon orienta consumidores sobre compras durante a Black Friday - Blog do Farn\u00e9sio\",\"isPartOf\":{\"@id\":\"https:\\\/\\\/blogdofarnesio.com.br\\\/#website\"},\"primaryImageOfPage\":{\"@id\":\"https:\\\/\\\/blogdofarnesio.com.br\\\/?p=380269#primaryimage\"},\"image\":{\"@id\":\"https:\\\/\\\/blogdofarnesio.com.br\\\/?p=380269#primaryimage\"},\"thumbnailUrl\":\"https:\\\/\\\/blogdofarnesio.com.br\\\/wp-content\\\/uploads\\\/2017\\\/11\\\/blogqspblackfriday-e1730379292470.png\",\"datePublished\":\"2024-11-11T13:24:47+00:00\",\"breadcrumb\":{\"@id\":\"https:\\\/\\\/blogdofarnesio.com.br\\\/?p=380269#breadcrumb\"},\"inLanguage\":\"pt-BR\",\"potentialAction\":[{\"@type\":\"ReadAction\",\"target\":[\"https:\\\/\\\/blogdofarnesio.com.br\\\/?p=380269\"]}]},{\"@type\":\"ImageObject\",\"inLanguage\":\"pt-BR\",\"@id\":\"https:\\\/\\\/blogdofarnesio.com.br\\\/?p=380269#primaryimage\",\"url\":\"https:\\\/\\\/blogdofarnesio.com.br\\\/wp-content\\\/uploads\\\/2017\\\/11\\\/blogqspblackfriday-e1730379292470.png\",\"contentUrl\":\"https:\\\/\\\/blogdofarnesio.com.br\\\/wp-content\\\/uploads\\\/2017\\\/11\\\/blogqspblackfriday-e1730379292470.png\",\"width\":590,\"height\":339},{\"@type\":\"BreadcrumbList\",\"@id\":\"https:\\\/\\\/blogdofarnesio.com.br\\\/?p=380269#breadcrumb\",\"itemListElement\":[{\"@type\":\"ListItem\",\"position\":1,\"name\":\"In\u00edcio\",\"item\":\"https:\\\/\\\/blogdofarnesio.com.br\\\/\"},{\"@type\":\"ListItem\",\"position\":2,\"name\":\"Prodecon orienta consumidores sobre compras durante a Black Friday\"}]},{\"@type\":\"WebSite\",\"@id\":\"https:\\\/\\\/blogdofarnesio.com.br\\\/#website\",\"url\":\"https:\\\/\\\/blogdofarnesio.com.br\\\/\",\"name\":\"Blog do Farn\u00e9sio\",\"description\":\"Quer Saber Pol\u00edtica?\",\"publisher\":{\"@id\":\"https:\\\/\\\/blogdofarnesio.com.br\\\/#organization\"},\"potentialAction\":[{\"@type\":\"SearchAction\",\"target\":{\"@type\":\"EntryPoint\",\"urlTemplate\":\"https:\\\/\\\/blogdofarnesio.com.br\\\/?s={search_term_string}\"},\"query-input\":{\"@type\":\"PropertyValueSpecification\",\"valueRequired\":true,\"valueName\":\"search_term_string\"}}],\"inLanguage\":\"pt-BR\"},{\"@type\":\"Organization\",\"@id\":\"https:\\\/\\\/blogdofarnesio.com.br\\\/#organization\",\"name\":\"Blog do Farn\u00e9sio\",\"url\":\"https:\\\/\\\/blogdofarnesio.com.br\\\/\",\"logo\":{\"@type\":\"ImageObject\",\"inLanguage\":\"pt-BR\",\"@id\":\"https:\\\/\\\/blogdofarnesio.com.br\\\/#\\\/schema\\\/logo\\\/image\\\/\",\"url\":\"https:\\\/\\\/blogdofarnesio.com.br\\\/wp-content\\\/uploads\\\/2026\\\/03\\\/cropped-logo_new-1.png\",\"contentUrl\":\"https:\\\/\\\/blogdofarnesio.com.br\\\/wp-content\\\/uploads\\\/2026\\\/03\\\/cropped-logo_new-1.png\",\"width\":881,\"height\":685,\"caption\":\"Blog do Farn\u00e9sio\"},\"image\":{\"@id\":\"https:\\\/\\\/blogdofarnesio.com.br\\\/#\\\/schema\\\/logo\\\/image\\\/\"},\"sameAs\":[\"https:\\\/\\\/www.facebook.com\\\/BlogQuerSaberPolitica\\\/\"]},{\"@type\":\"Person\",\"@id\":\"https:\\\/\\\/blogdofarnesio.com.br\\\/#\\\/schema\\\/person\\\/bb9b23ae3ad0609ce8df7b6c9e76824d\",\"name\":\"Farn\u00e9sio\",\"image\":{\"@type\":\"ImageObject\",\"inLanguage\":\"pt-BR\",\"@id\":\"https:\\\/\\\/secure.gravatar.com\\\/avatar\\\/986aa4c61ccdb66f8555bf88fc2a65609d00bcabd4d2d94377a727547345cbca?s=96&d=mm&r=g\",\"url\":\"https:\\\/\\\/secure.gravatar.com\\\/avatar\\\/986aa4c61ccdb66f8555bf88fc2a65609d00bcabd4d2d94377a727547345cbca?s=96&d=mm&r=g\",\"contentUrl\":\"https:\\\/\\\/secure.gravatar.com\\\/avatar\\\/986aa4c61ccdb66f8555bf88fc2a65609d00bcabd4d2d94377a727547345cbca?s=96&d=mm&r=g\",\"caption\":\"Farn\u00e9sio\"},\"description\":\"Radialista blogueiro, chegou a Petrolina\\\/Juazeiro em setembro de 1980, Farn\u00e9sio Silva \u00e9 de Arapiraca-Alagoas.\",\"sameAs\":[\"http:\\\/\\\/blogdofarnesio.com.br\",\"https:\\\/\\\/www.facebook.com\\\/?ref=tn_tnmn\",\"https:\\\/\\\/www.instagram.com\\\/?utm_source=pwa_homescreen\",\"https:\\\/\\\/youtube.com.br\\\/\"],\"url\":\"https:\\\/\\\/blogdofarnesio.com.br\\\/?author=2\"}]}<\/script>\n<!-- \/ Yoast SEO plugin. -->","yoast_head_json":{"title":"Prodecon orienta consumidores sobre compras durante a Black Friday - Blog do Farn\u00e9sio","robots":{"index":"index","follow":"follow","max-snippet":"max-snippet:-1","max-image-preview":"max-image-preview:large","max-video-preview":"max-video-preview:-1"},"canonical":"https:\/\/blogdofarnesio.com.br\/?p=380269","og_locale":"pt_BR","og_type":"article","og_title":"Prodecon orienta consumidores sobre compras durante a Black Friday - Blog do Farn\u00e9sio","og_description":"O m\u00eas de novembro est\u00e1 chegando e com ele acontece a famosa \u2018Black Friday\u2019, onde os lojistas disponibilizam produtos com descontos mais altos para atrair consumidores que buscam economizar nas compras de fim de ano. Com o intuito de evitar golpes ou pr\u00e1ticas enganosas, a Prefeitura de Petrolina, atrav\u00e9s do Programa Municipal de Defesa do Consumidor (Prodecon), passa dicas de como realizar uma compra segura. A principal orienta\u00e7\u00e3o \u00e9 acompanhar o pre\u00e7o dos produtos antes da Black Friday, fa\u00e7a uma avalia\u00e7\u00e3o se os descontos ofertados de fato valem a pena e s\u00e3o reais. Caso seja identificada pr\u00e1tica enganosa de manipula\u00e7\u00e3o de pre\u00e7os, quando ocorre o aumento do valor pouco antes do produto entrar em \u201cpromo\u00e7\u00e3o\u201d, \u00e9 necess\u00e1rio realizar uma den\u00fancia&hellip;","og_url":"https:\/\/blogdofarnesio.com.br\/?p=380269","og_site_name":"Blog do Farn\u00e9sio","article_publisher":"https:\/\/www.facebook.com\/BlogQuerSaberPolitica\/","article_author":"https:\/\/www.facebook.com\/?ref=tn_tnmn","article_published_time":"2024-11-11T13:24:47+00:00","og_image":[{"width":590,"height":339,"url":"https:\/\/blogdofarnesio.com.br\/wp-content\/uploads\/2017\/11\/blogqspblackfriday-e1730379292470.png","type":"image\/png"}],"author":"Farn\u00e9sio","twitter_card":"summary_large_image","twitter_misc":{"Escrito por":"Farn\u00e9sio","Est. tempo de leitura":"2 minutos"},"schema":{"@context":"https:\/\/schema.org","@graph":[{"@type":"Article","@id":"https:\/\/blogdofarnesio.com.br\/?p=380269#article","isPartOf":{"@id":"https:\/\/blogdofarnesio.com.br\/?p=380269"},"author":{"name":"Farn\u00e9sio","@id":"https:\/\/blogdofarnesio.com.br\/#\/schema\/person\/bb9b23ae3ad0609ce8df7b6c9e76824d"},"headline":"Prodecon orienta consumidores sobre compras durante a Black Friday","datePublished":"2024-11-11T13:24:47+00:00","mainEntityOfPage":{"@id":"https:\/\/blogdofarnesio.com.br\/?p=380269"},"wordCount":299,"commentCount":0,"publisher":{"@id":"https:\/\/blogdofarnesio.com.br\/#organization"},"image":{"@id":"https:\/\/blogdofarnesio.com.br\/?p=380269#primaryimage"},"thumbnailUrl":"https:\/\/blogdofarnesio.com.br\/wp-content\/uploads\/2017\/11\/blogqspblackfriday-e1730379292470.png","articleSection":["Economia"],"inLanguage":"pt-BR","potentialAction":[{"@type":"CommentAction","name":"Comment","target":["https:\/\/blogdofarnesio.com.br\/?p=380269#respond"]}]},{"@type":"WebPage","@id":"https:\/\/blogdofarnesio.com.br\/?p=380269","url":"https:\/\/blogdofarnesio.com.br\/?p=380269","name":"Prodecon orienta consumidores sobre compras durante a Black Friday - Blog do Farn\u00e9sio","isPartOf":{"@id":"https:\/\/blogdofarnesio.com.br\/#website"},"primaryImageOfPage":{"@id":"https:\/\/blogdofarnesio.com.br\/?p=380269#primaryimage"},"image":{"@id":"https:\/\/blogdofarnesio.com.br\/?p=380269#primaryimage"},"thumbnailUrl":"https:\/\/blogdofarnesio.com.br\/wp-content\/uploads\/2017\/11\/blogqspblackfriday-e1730379292470.png","datePublished":"2024-11-11T13:24:47+00:00","breadcrumb":{"@id":"https:\/\/blogdofarnesio.com.br\/?p=380269#breadcrumb"},"inLanguage":"pt-BR","potentialAction":[{"@type":"ReadAction","target":["https:\/\/blogdofarnesio.com.br\/?p=380269"]}]},{"@type":"ImageObject","inLanguage":"pt-BR","@id":"https:\/\/blogdofarnesio.com.br\/?p=380269#primaryimage","url":"https:\/\/blogdofarnesio.com.br\/wp-content\/uploads\/2017\/11\/blogqspblackfriday-e1730379292470.png","contentUrl":"https:\/\/blogdofarnesio.com.br\/wp-content\/uploads\/2017\/11\/blogqspblackfriday-e1730379292470.png","width":590,"height":339},{"@type":"BreadcrumbList","@id":"https:\/\/blogdofarnesio.com.br\/?p=380269#breadcrumb","itemListElement":[{"@type":"ListItem","position":1,"name":"In\u00edcio","item":"https:\/\/blogdofarnesio.com.br\/"},{"@type":"ListItem","position":2,"name":"Prodecon orienta consumidores sobre compras durante a Black Friday"}]},{"@type":"WebSite","@id":"https:\/\/blogdofarnesio.com.br\/#website","url":"https:\/\/blogdofarnesio.com.br\/","name":"Blog do Farn\u00e9sio","description":"Quer Saber Pol\u00edtica?","publisher":{"@id":"https:\/\/blogdofarnesio.com.br\/#organization"},"potentialAction":[{"@type":"SearchAction","target":{"@type":"EntryPoint","urlTemplate":"https:\/\/blogdofarnesio.com.br\/?s={search_term_string}"},"query-input":{"@type":"PropertyValueSpecification","valueRequired":true,"valueName":"search_term_string"}}],"inLanguage":"pt-BR"},{"@type":"Organization","@id":"https:\/\/blogdofarnesio.com.br\/#organization","name":"Blog do Farn\u00e9sio","url":"https:\/\/blogdofarnesio.com.br\/","logo":{"@type":"ImageObject","inLanguage":"pt-BR","@id":"https:\/\/blogdofarnesio.com.br\/#\/schema\/logo\/image\/","url":"https:\/\/blogdofarnesio.com.br\/wp-content\/uploads\/2026\/03\/cropped-logo_new-1.png","contentUrl":"https:\/\/blogdofarnesio.com.br\/wp-content\/uploads\/2026\/03\/cropped-logo_new-1.png","width":881,"height":685,"caption":"Blog do Farn\u00e9sio"},"image":{"@id":"https:\/\/blogdofarnesio.com.br\/#\/schema\/logo\/image\/"},"sameAs":["https:\/\/www.facebook.com\/BlogQuerSaberPolitica\/"]},{"@type":"Person","@id":"https:\/\/blogdofarnesio.com.br\/#\/schema\/person\/bb9b23ae3ad0609ce8df7b6c9e76824d","name":"Farn\u00e9sio","image":{"@type":"ImageObject","inLanguage":"pt-BR","@id":"https:\/\/secure.gravatar.com\/avatar\/986aa4c61ccdb66f8555bf88fc2a65609d00bcabd4d2d94377a727547345cbca?s=96&d=mm&r=g","url":"https:\/\/secure.gravatar.com\/avatar\/986aa4c61ccdb66f8555bf88fc2a65609d00bcabd4d2d94377a727547345cbca?s=96&d=mm&r=g","contentUrl":"https:\/\/secure.gravatar.com\/avatar\/986aa4c61ccdb66f8555bf88fc2a65609d00bcabd4d2d94377a727547345cbca?s=96&d=mm&r=g","caption":"Farn\u00e9sio"},"description":"Radialista blogueiro, chegou a Petrolina\/Juazeiro em setembro de 1980, Farn\u00e9sio Silva \u00e9 de Arapiraca-Alagoas.","sameAs":["http:\/\/blogdofarnesio.com.br","https:\/\/www.facebook.com\/?ref=tn_tnmn","https:\/\/www.instagram.com\/?utm_source=pwa_homescreen","https:\/\/youtube.com.br\/"],"url":"https:\/\/blogdofarnesio.com.br\/?author=2"}]}},"_links":{"self":[{"href":"https:\/\/blogdofarnesio.com.br\/index.php?rest_route=\/wp\/v2\/posts\/380269","targetHints":{"allow":["GET"]}}],"collection":[{"href":"https:\/\/blogdofarnesio.com.br\/index.php?rest_route=\/wp\/v2\/posts"}],"about":[{"href":"https:\/\/blogdofarnesio.com.br\/index.php?rest_route=\/wp\/v2\/types\/post"}],"author":[{"embeddable":true,"href":"https:\/\/blogdofarnesio.com.br\/index.php?rest_route=\/wp\/v2\/users\/2"}],"replies":[{"embeddable":true,"href":"https:\/\/blogdofarnesio.com.br\/index.php?rest_route=%2Fwp%2Fv2%2Fcomments&post=380269"}],"version-history":[{"count":0,"href":"https:\/\/blogdofarnesio.com.br\/index.php?rest_route=\/wp\/v2\/posts\/380269\/revisions"}],"wp:featuredmedia":[{"embeddable":true,"href":"https:\/\/blogdofarnesio.com.br\/index.php?rest_route=\/wp\/v2\/media\/181082"}],"wp:attachment":[{"href":"https:\/\/blogdofarnesio.com.br\/index.php?rest_route=%2Fwp%2Fv2%2Fmedia&parent=380269"}],"wp:term":[{"taxonomy":"category","embeddable":true,"href":"https:\/\/blogdofarnesio.com.br\/index.php?rest_route=%2Fwp%2Fv2%2Fcategories&post=380269"},{"taxonomy":"post_tag","embeddable":true,"href":"https:\/\/blogdofarnesio.com.br\/index.php?rest_route=%2Fwp%2Fv2%2Ftags&post=380269"}],"curies":[{"name":"wp","href":"https:\/\/api.w.org\/{rel}","templated":true}]}}