{"id":380184,"date":"2024-10-30T12:32:18","date_gmt":"2024-10-30T15:32:18","guid":{"rendered":"https:\/\/blogdofarnesio.com.br\/?p=380184"},"modified":"2024-10-30T11:44:16","modified_gmt":"2024-10-30T14:44:16","slug":"pmba-apreende-armas-de-fogo-recupara-veiculo-roubado-em-petrolina-e-prende-grupo-criminoso-suspeito-de-homicidio-em-juazeiro","status":"publish","type":"post","link":"https:\/\/blogdofarnesio.com.br\/?p=380184","title":{"rendered":"PMBA APREENDE ARMAS DE FOGO, RECUPERA VE\u00cdCULO ROUBADO EM PETROLINA E PRENDE GRUPO CRIMINOSO SUSPEITO DE HOMIC\u00cdDIO EM JUAZEIRO"},"content":{"rendered":"<div class=\"nH\">\n<div class=\"V8djrc byY\">\n<div data-num-unread-messages=\"1\" data-num-visible-messages=\"1\">\n<div class=\"ha\"><\/div>\n<\/div>\n<\/div>\n<\/div>\n<div class=\"nH\">\n<div class=\"aHU hx\">\n<div role=\"list\">\n<div class=\"h7 ie\" tabindex=\"-1\" role=\"listitem\" aria-expanded=\"true\">\n<div class=\"Bk\">\n<div class=\"G3 G2\">\n<div id=\":zw\">\n<div class=\"adn ads\" data-message-id=\"#msg-f:1814339102379529850\" data-legacy-message-id=\"192dd3cd036ed67a\">\n<div class=\"gs\">\n<div id=\":zv\">\n<div class=\"wl4W9b\">Na tarde desta ter\u00e7a-feira (29), policiais militares da 74\u00aa CIPM apreenderam uma submetralhadora artesanal 9mm e uma pistola, nas Ch\u00e1caras do Serrote da Batateira, em Juazeiro.<\/div>\n<\/div>\n<div class=\"\">\n<div id=\":zt\" class=\"ii gt\">\n<div id=\":zu\" class=\"a3s aiL msg-3288551169508339499\">\n<div dir=\"ltr\">\n<div><\/div>\n<div>Ap\u00f3s o homic\u00eddio ocorrido no Residencial Brisa da Serra, a 74\u00aa CIPM iniciou dilig\u00eancias, com base em informa\u00e7\u00f5es colhidas no local, sendo poss\u00edvel identificar os suspeitos, duas horas ap\u00f3s.<\/div>\n<div><\/div>\n<div>Ap\u00f3s abordagem e buscas na \u00e1rea, foi localizado o ve\u00edculo utilizado na a\u00e7\u00e3o criminosa, al\u00e9m das armas. Questionados, os suspeitos alegaram que o crime foi motivado por vingan\u00e7a, devido a um homic\u00eddio ocorrido no dia anterior, no mesmo residencial.<\/div>\n<div><\/div>\n<div>Os detidos, juntamente com os materiais apreendidos, foram encaminhados \u00e0 Delegacia de Pol\u00edcia Civil para os devidos registros.<\/div>\n<div><\/div>\n<div>MATERIAL APREENDIDO:<\/div>\n<div><img decoding=\"async\" class=\"an1\" draggable=\"false\" src=\"https:\/\/fonts.gstatic.com\/s\/e\/notoemoji\/15.1\/25aa_fe0f\/32.png\" alt=\"\u25aa\ufe0f\" data-emoji=\"\u25aa\ufe0f\" aria-label=\"\u25aa\ufe0f\" \/>\u00a0ONIX CINZA, PLACA OUW 8G62 (TOMADO DE ASSALTO EM PETROLINA-PE);<\/div>\n<div><img decoding=\"async\" class=\"an1\" draggable=\"false\" src=\"https:\/\/fonts.gstatic.com\/s\/e\/notoemoji\/15.1\/25aa_fe0f\/32.png\" alt=\"\u25aa\ufe0f\" data-emoji=\"\u25aa\ufe0f\" aria-label=\"\u25aa\ufe0f\" \/>\u00a0MOTOCICLETA MOTTU\/SPORT 110I PRETA, PLACA SVJ 8E96;<\/div>\n<div><img decoding=\"async\" class=\"an1\" draggable=\"false\" src=\"https:\/\/fonts.gstatic.com\/s\/e\/notoemoji\/15.1\/25aa_fe0f\/32.png\" alt=\"\u25aa\ufe0f\" data-emoji=\"\u25aa\ufe0f\" aria-label=\"\u25aa\ufe0f\" \/>\u00a0PISTOLA TAURUS PT58 .380 COM UM CARREGADOR;<\/div>\n<div><img decoding=\"async\" class=\"an1\" draggable=\"false\" src=\"https:\/\/fonts.gstatic.com\/s\/e\/notoemoji\/15.1\/25aa_fe0f\/32.png\" alt=\"\u25aa\ufe0f\" data-emoji=\"\u25aa\ufe0f\" aria-label=\"\u25aa\ufe0f\" \/>\u00a0ARMA DO TIPO \u201cMACAQUINHA\u201d, FABRICA\u00c7\u00c3O CASEIRA, CALIBRE 9mm COM UM CARREGADOR;<\/div>\n<div><img decoding=\"async\" class=\"an1\" draggable=\"false\" src=\"https:\/\/fonts.gstatic.com\/s\/e\/notoemoji\/15.1\/25aa_fe0f\/32.png\" alt=\"\u25aa\ufe0f\" data-emoji=\"\u25aa\ufe0f\" aria-label=\"\u25aa\ufe0f\" \/>DUAS BALACLAVAS<\/div>\n<div><img decoding=\"async\" class=\"an1\" draggable=\"false\" src=\"https:\/\/fonts.gstatic.com\/s\/e\/notoemoji\/15.1\/25aa_fe0f\/32.png\" alt=\"\u25aa\ufe0f\" data-emoji=\"\u25aa\ufe0f\" aria-label=\"\u25aa\ufe0f\" \/>DOIS CELULARES<\/div>\n<div><img decoding=\"async\" class=\"an1\" draggable=\"false\" src=\"https:\/\/fonts.gstatic.com\/s\/e\/notoemoji\/15.1\/25aa_fe0f\/32.png\" alt=\"\u25aa\ufe0f\" data-emoji=\"\u25aa\ufe0f\" aria-label=\"\u25aa\ufe0f\" \/>DUAS MUNI\u00c7\u00d5ES CAL .380 INTACTAS<\/div>\n<div><img decoding=\"async\" class=\"an1\" draggable=\"false\" src=\"https:\/\/fonts.gstatic.com\/s\/e\/notoemoji\/15.1\/25aa_fe0f\/32.png\" alt=\"\u25aa\ufe0f\" data-emoji=\"\u25aa\ufe0f\" aria-label=\"\u25aa\ufe0f\" \/>SEIS MUNI\u00c7\u00d5ES CAL 9MM INTACTAS<\/div>\n<\/div>\n<\/div>\n<\/div>\n<\/div>\n<\/div>\n<\/div>\n<\/div>\n<\/div>\n<\/div>\n<\/div>\n<\/div>\n<\/div>\n<\/div>\n","protected":false},"excerpt":{"rendered":"<p>Na tarde desta ter\u00e7a-feira (29), policiais militares da 74\u00aa CIPM apreenderam uma submetralhadora artesanal 9mm e uma pistola, nas Ch\u00e1caras do Serrote da Batateira, em Juazeiro. Ap\u00f3s o homic\u00eddio ocorrido no Residencial Brisa da Serra, a 74\u00aa CIPM iniciou dilig\u00eancias, com base em informa\u00e7\u00f5es colhidas no local, sendo poss\u00edvel identificar os suspeitos, duas horas ap\u00f3s. Ap\u00f3s abordagem e buscas na \u00e1rea, foi localizado o ve\u00edculo utilizado na a\u00e7\u00e3o criminosa, al\u00e9m das armas. Questionados, os suspeitos alegaram que o crime foi motivado por vingan\u00e7a, devido a um homic\u00eddio ocorrido no dia anterior, no mesmo residencial. Os detidos, juntamente com os materiais apreendidos, foram encaminhados \u00e0 Delegacia de Pol\u00edcia Civil para os devidos registros. MATERIAL APREENDIDO: \u00a0ONIX CINZA, PLACA OUW 8G62 (TOMADO&hellip; <\/p>\n","protected":false},"author":2,"featured_media":380185,"comment_status":"open","ping_status":"open","sticky":false,"template":"","format":"standard","meta":{"_acf_changed":false,"footnotes":""},"categories":[9],"tags":[],"class_list":["post-380184","post","type-post","status-publish","format-standard","has-post-thumbnail","hentry","category-policia"],"acf":[],"yoast_head":"<!-- This site is optimized with the Yoast SEO plugin v27.4 - https:\/\/yoast.com\/product\/yoast-seo-wordpress\/ -->\n<title>PMBA APREENDE ARMAS DE FOGO, RECUPERA VE\u00cdCULO ROUBADO EM PETROLINA E PRENDE GRUPO CRIMINOSO SUSPEITO DE HOMIC\u00cdDIO EM JUAZEIRO - Blog do Farn\u00e9sio<\/title>\n<meta name=\"robots\" content=\"index, follow, max-snippet:-1, max-image-preview:large, max-video-preview:-1\" \/>\n<link rel=\"canonical\" href=\"https:\/\/blogdofarnesio.com.br\/?p=380184\" \/>\n<meta property=\"og:locale\" content=\"pt_BR\" \/>\n<meta property=\"og:type\" content=\"article\" \/>\n<meta property=\"og:title\" content=\"PMBA APREENDE ARMAS DE FOGO, RECUPERA VE\u00cdCULO ROUBADO EM PETROLINA E PRENDE GRUPO CRIMINOSO SUSPEITO DE HOMIC\u00cdDIO EM JUAZEIRO - Blog do Farn\u00e9sio\" \/>\n<meta property=\"og:description\" content=\"Na tarde desta ter\u00e7a-feira (29), policiais militares da 74\u00aa CIPM apreenderam uma submetralhadora artesanal 9mm e uma pistola, nas Ch\u00e1caras do Serrote da Batateira, em Juazeiro. Ap\u00f3s o homic\u00eddio ocorrido no Residencial Brisa da Serra, a 74\u00aa CIPM iniciou dilig\u00eancias, com base em informa\u00e7\u00f5es colhidas no local, sendo poss\u00edvel identificar os suspeitos, duas horas ap\u00f3s. Ap\u00f3s abordagem e buscas na \u00e1rea, foi localizado o ve\u00edculo utilizado na a\u00e7\u00e3o criminosa, al\u00e9m das armas. Questionados, os suspeitos alegaram que o crime foi motivado por vingan\u00e7a, devido a um homic\u00eddio ocorrido no dia anterior, no mesmo residencial. Os detidos, juntamente com os materiais apreendidos, foram encaminhados \u00e0 Delegacia de Pol\u00edcia Civil para os devidos registros. MATERIAL APREENDIDO: \u00a0ONIX CINZA, PLACA OUW 8G62 (TOMADO&hellip;\" \/>\n<meta property=\"og:url\" content=\"https:\/\/blogdofarnesio.com.br\/?p=380184\" \/>\n<meta property=\"og:site_name\" content=\"Blog do Farn\u00e9sio\" \/>\n<meta property=\"article:publisher\" content=\"https:\/\/www.facebook.com\/BlogQuerSaberPolitica\/\" \/>\n<meta property=\"article:author\" content=\"https:\/\/www.facebook.com\/?ref=tn_tnmn\" \/>\n<meta property=\"article:published_time\" content=\"2024-10-30T15:32:18+00:00\" \/>\n<meta property=\"og:image\" content=\"https:\/\/blogdofarnesio.com.br\/wp-content\/uploads\/2024\/10\/WhatsApp-Image-2024-10-30-at-07.08.26-e1730299261157.jpeg\" \/>\n\t<meta property=\"og:image:width\" content=\"497\" \/>\n\t<meta property=\"og:image:height\" content=\"392\" \/>\n\t<meta property=\"og:image:type\" content=\"image\/jpeg\" \/>\n<meta name=\"author\" content=\"Farn\u00e9sio\" \/>\n<meta name=\"twitter:card\" content=\"summary_large_image\" \/>\n<meta name=\"twitter:label1\" content=\"Escrito por\" \/>\n\t<meta name=\"twitter:data1\" content=\"Farn\u00e9sio\" \/>\n\t<meta name=\"twitter:label2\" content=\"Est. tempo de leitura\" \/>\n\t<meta name=\"twitter:data2\" content=\"3 minutos\" \/>\n<script type=\"application\/ld+json\" class=\"yoast-schema-graph\">{\"@context\":\"https:\\\/\\\/schema.org\",\"@graph\":[{\"@type\":\"Article\",\"@id\":\"https:\\\/\\\/blogdofarnesio.com.br\\\/?p=380184#article\",\"isPartOf\":{\"@id\":\"https:\\\/\\\/blogdofarnesio.com.br\\\/?p=380184\"},\"author\":{\"name\":\"Farn\u00e9sio\",\"@id\":\"https:\\\/\\\/blogdofarnesio.com.br\\\/#\\\/schema\\\/person\\\/bb9b23ae3ad0609ce8df7b6c9e76824d\"},\"headline\":\"PMBA APREENDE ARMAS DE FOGO, RECUPERA VE\u00cdCULO ROUBADO EM PETROLINA E PRENDE GRUPO CRIMINOSO SUSPEITO DE HOMIC\u00cdDIO EM JUAZEIRO\",\"datePublished\":\"2024-10-30T15:32:18+00:00\",\"mainEntityOfPage\":{\"@id\":\"https:\\\/\\\/blogdofarnesio.com.br\\\/?p=380184\"},\"wordCount\":197,\"commentCount\":0,\"publisher\":{\"@id\":\"https:\\\/\\\/blogdofarnesio.com.br\\\/#organization\"},\"image\":{\"@id\":\"https:\\\/\\\/blogdofarnesio.com.br\\\/?p=380184#primaryimage\"},\"thumbnailUrl\":\"https:\\\/\\\/blogdofarnesio.com.br\\\/wp-content\\\/uploads\\\/2024\\\/10\\\/WhatsApp-Image-2024-10-30-at-07.08.26-e1730299261157.jpeg\",\"articleSection\":[\"Pol\u00edcia\"],\"inLanguage\":\"pt-BR\",\"potentialAction\":[{\"@type\":\"CommentAction\",\"name\":\"Comment\",\"target\":[\"https:\\\/\\\/blogdofarnesio.com.br\\\/?p=380184#respond\"]}]},{\"@type\":\"WebPage\",\"@id\":\"https:\\\/\\\/blogdofarnesio.com.br\\\/?p=380184\",\"url\":\"https:\\\/\\\/blogdofarnesio.com.br\\\/?p=380184\",\"name\":\"PMBA APREENDE ARMAS DE FOGO, RECUPERA VE\u00cdCULO ROUBADO EM PETROLINA E PRENDE GRUPO CRIMINOSO SUSPEITO DE HOMIC\u00cdDIO EM JUAZEIRO - Blog do Farn\u00e9sio\",\"isPartOf\":{\"@id\":\"https:\\\/\\\/blogdofarnesio.com.br\\\/#website\"},\"primaryImageOfPage\":{\"@id\":\"https:\\\/\\\/blogdofarnesio.com.br\\\/?p=380184#primaryimage\"},\"image\":{\"@id\":\"https:\\\/\\\/blogdofarnesio.com.br\\\/?p=380184#primaryimage\"},\"thumbnailUrl\":\"https:\\\/\\\/blogdofarnesio.com.br\\\/wp-content\\\/uploads\\\/2024\\\/10\\\/WhatsApp-Image-2024-10-30-at-07.08.26-e1730299261157.jpeg\",\"datePublished\":\"2024-10-30T15:32:18+00:00\",\"breadcrumb\":{\"@id\":\"https:\\\/\\\/blogdofarnesio.com.br\\\/?p=380184#breadcrumb\"},\"inLanguage\":\"pt-BR\",\"potentialAction\":[{\"@type\":\"ReadAction\",\"target\":[\"https:\\\/\\\/blogdofarnesio.com.br\\\/?p=380184\"]}]},{\"@type\":\"ImageObject\",\"inLanguage\":\"pt-BR\",\"@id\":\"https:\\\/\\\/blogdofarnesio.com.br\\\/?p=380184#primaryimage\",\"url\":\"https:\\\/\\\/blogdofarnesio.com.br\\\/wp-content\\\/uploads\\\/2024\\\/10\\\/WhatsApp-Image-2024-10-30-at-07.08.26-e1730299261157.jpeg\",\"contentUrl\":\"https:\\\/\\\/blogdofarnesio.com.br\\\/wp-content\\\/uploads\\\/2024\\\/10\\\/WhatsApp-Image-2024-10-30-at-07.08.26-e1730299261157.jpeg\",\"width\":497,\"height\":392},{\"@type\":\"BreadcrumbList\",\"@id\":\"https:\\\/\\\/blogdofarnesio.com.br\\\/?p=380184#breadcrumb\",\"itemListElement\":[{\"@type\":\"ListItem\",\"position\":1,\"name\":\"In\u00edcio\",\"item\":\"https:\\\/\\\/blogdofarnesio.com.br\\\/\"},{\"@type\":\"ListItem\",\"position\":2,\"name\":\"PMBA APREENDE ARMAS DE FOGO, RECUPERA VE\u00cdCULO ROUBADO EM PETROLINA E PRENDE GRUPO CRIMINOSO SUSPEITO DE HOMIC\u00cdDIO EM JUAZEIRO\"}]},{\"@type\":\"WebSite\",\"@id\":\"https:\\\/\\\/blogdofarnesio.com.br\\\/#website\",\"url\":\"https:\\\/\\\/blogdofarnesio.com.br\\\/\",\"name\":\"Blog do Farn\u00e9sio\",\"description\":\"Quer Saber Pol\u00edtica?\",\"publisher\":{\"@id\":\"https:\\\/\\\/blogdofarnesio.com.br\\\/#organization\"},\"potentialAction\":[{\"@type\":\"SearchAction\",\"target\":{\"@type\":\"EntryPoint\",\"urlTemplate\":\"https:\\\/\\\/blogdofarnesio.com.br\\\/?s={search_term_string}\"},\"query-input\":{\"@type\":\"PropertyValueSpecification\",\"valueRequired\":true,\"valueName\":\"search_term_string\"}}],\"inLanguage\":\"pt-BR\"},{\"@type\":\"Organization\",\"@id\":\"https:\\\/\\\/blogdofarnesio.com.br\\\/#organization\",\"name\":\"Blog do Farn\u00e9sio\",\"url\":\"https:\\\/\\\/blogdofarnesio.com.br\\\/\",\"logo\":{\"@type\":\"ImageObject\",\"inLanguage\":\"pt-BR\",\"@id\":\"https:\\\/\\\/blogdofarnesio.com.br\\\/#\\\/schema\\\/logo\\\/image\\\/\",\"url\":\"https:\\\/\\\/blogdofarnesio.com.br\\\/wp-content\\\/uploads\\\/2026\\\/03\\\/cropped-logo_new-1.png\",\"contentUrl\":\"https:\\\/\\\/blogdofarnesio.com.br\\\/wp-content\\\/uploads\\\/2026\\\/03\\\/cropped-logo_new-1.png\",\"width\":881,\"height\":685,\"caption\":\"Blog do Farn\u00e9sio\"},\"image\":{\"@id\":\"https:\\\/\\\/blogdofarnesio.com.br\\\/#\\\/schema\\\/logo\\\/image\\\/\"},\"sameAs\":[\"https:\\\/\\\/www.facebook.com\\\/BlogQuerSaberPolitica\\\/\"]},{\"@type\":\"Person\",\"@id\":\"https:\\\/\\\/blogdofarnesio.com.br\\\/#\\\/schema\\\/person\\\/bb9b23ae3ad0609ce8df7b6c9e76824d\",\"name\":\"Farn\u00e9sio\",\"image\":{\"@type\":\"ImageObject\",\"inLanguage\":\"pt-BR\",\"@id\":\"https:\\\/\\\/secure.gravatar.com\\\/avatar\\\/986aa4c61ccdb66f8555bf88fc2a65609d00bcabd4d2d94377a727547345cbca?s=96&d=mm&r=g\",\"url\":\"https:\\\/\\\/secure.gravatar.com\\\/avatar\\\/986aa4c61ccdb66f8555bf88fc2a65609d00bcabd4d2d94377a727547345cbca?s=96&d=mm&r=g\",\"contentUrl\":\"https:\\\/\\\/secure.gravatar.com\\\/avatar\\\/986aa4c61ccdb66f8555bf88fc2a65609d00bcabd4d2d94377a727547345cbca?s=96&d=mm&r=g\",\"caption\":\"Farn\u00e9sio\"},\"description\":\"Radialista blogueiro, chegou a Petrolina\\\/Juazeiro em setembro de 1980, Farn\u00e9sio Silva \u00e9 de Arapiraca-Alagoas.\",\"sameAs\":[\"http:\\\/\\\/blogdofarnesio.com.br\",\"https:\\\/\\\/www.facebook.com\\\/?ref=tn_tnmn\",\"https:\\\/\\\/www.instagram.com\\\/?utm_source=pwa_homescreen\",\"https:\\\/\\\/youtube.com.br\\\/\"],\"url\":\"https:\\\/\\\/blogdofarnesio.com.br\\\/?author=2\"}]}<\/script>\n<!-- \/ Yoast SEO plugin. -->","yoast_head_json":{"title":"PMBA APREENDE ARMAS DE FOGO, RECUPERA VE\u00cdCULO ROUBADO EM PETROLINA E PRENDE GRUPO CRIMINOSO SUSPEITO DE HOMIC\u00cdDIO EM JUAZEIRO - Blog do Farn\u00e9sio","robots":{"index":"index","follow":"follow","max-snippet":"max-snippet:-1","max-image-preview":"max-image-preview:large","max-video-preview":"max-video-preview:-1"},"canonical":"https:\/\/blogdofarnesio.com.br\/?p=380184","og_locale":"pt_BR","og_type":"article","og_title":"PMBA APREENDE ARMAS DE FOGO, RECUPERA VE\u00cdCULO ROUBADO EM PETROLINA E PRENDE GRUPO CRIMINOSO SUSPEITO DE HOMIC\u00cdDIO EM JUAZEIRO - Blog do Farn\u00e9sio","og_description":"Na tarde desta ter\u00e7a-feira (29), policiais militares da 74\u00aa CIPM apreenderam uma submetralhadora artesanal 9mm e uma pistola, nas Ch\u00e1caras do Serrote da Batateira, em Juazeiro. Ap\u00f3s o homic\u00eddio ocorrido no Residencial Brisa da Serra, a 74\u00aa CIPM iniciou dilig\u00eancias, com base em informa\u00e7\u00f5es colhidas no local, sendo poss\u00edvel identificar os suspeitos, duas horas ap\u00f3s. Ap\u00f3s abordagem e buscas na \u00e1rea, foi localizado o ve\u00edculo utilizado na a\u00e7\u00e3o criminosa, al\u00e9m das armas. Questionados, os suspeitos alegaram que o crime foi motivado por vingan\u00e7a, devido a um homic\u00eddio ocorrido no dia anterior, no mesmo residencial. Os detidos, juntamente com os materiais apreendidos, foram encaminhados \u00e0 Delegacia de Pol\u00edcia Civil para os devidos registros. MATERIAL APREENDIDO: \u00a0ONIX CINZA, PLACA OUW 8G62 (TOMADO&hellip;","og_url":"https:\/\/blogdofarnesio.com.br\/?p=380184","og_site_name":"Blog do Farn\u00e9sio","article_publisher":"https:\/\/www.facebook.com\/BlogQuerSaberPolitica\/","article_author":"https:\/\/www.facebook.com\/?ref=tn_tnmn","article_published_time":"2024-10-30T15:32:18+00:00","og_image":[{"width":497,"height":392,"url":"https:\/\/blogdofarnesio.com.br\/wp-content\/uploads\/2024\/10\/WhatsApp-Image-2024-10-30-at-07.08.26-e1730299261157.jpeg","type":"image\/jpeg"}],"author":"Farn\u00e9sio","twitter_card":"summary_large_image","twitter_misc":{"Escrito por":"Farn\u00e9sio","Est. tempo de leitura":"3 minutos"},"schema":{"@context":"https:\/\/schema.org","@graph":[{"@type":"Article","@id":"https:\/\/blogdofarnesio.com.br\/?p=380184#article","isPartOf":{"@id":"https:\/\/blogdofarnesio.com.br\/?p=380184"},"author":{"name":"Farn\u00e9sio","@id":"https:\/\/blogdofarnesio.com.br\/#\/schema\/person\/bb9b23ae3ad0609ce8df7b6c9e76824d"},"headline":"PMBA APREENDE ARMAS DE FOGO, RECUPERA VE\u00cdCULO ROUBADO EM PETROLINA E PRENDE GRUPO CRIMINOSO SUSPEITO DE HOMIC\u00cdDIO EM JUAZEIRO","datePublished":"2024-10-30T15:32:18+00:00","mainEntityOfPage":{"@id":"https:\/\/blogdofarnesio.com.br\/?p=380184"},"wordCount":197,"commentCount":0,"publisher":{"@id":"https:\/\/blogdofarnesio.com.br\/#organization"},"image":{"@id":"https:\/\/blogdofarnesio.com.br\/?p=380184#primaryimage"},"thumbnailUrl":"https:\/\/blogdofarnesio.com.br\/wp-content\/uploads\/2024\/10\/WhatsApp-Image-2024-10-30-at-07.08.26-e1730299261157.jpeg","articleSection":["Pol\u00edcia"],"inLanguage":"pt-BR","potentialAction":[{"@type":"CommentAction","name":"Comment","target":["https:\/\/blogdofarnesio.com.br\/?p=380184#respond"]}]},{"@type":"WebPage","@id":"https:\/\/blogdofarnesio.com.br\/?p=380184","url":"https:\/\/blogdofarnesio.com.br\/?p=380184","name":"PMBA APREENDE ARMAS DE FOGO, RECUPERA VE\u00cdCULO ROUBADO EM PETROLINA E PRENDE GRUPO CRIMINOSO SUSPEITO DE HOMIC\u00cdDIO EM JUAZEIRO - Blog do Farn\u00e9sio","isPartOf":{"@id":"https:\/\/blogdofarnesio.com.br\/#website"},"primaryImageOfPage":{"@id":"https:\/\/blogdofarnesio.com.br\/?p=380184#primaryimage"},"image":{"@id":"https:\/\/blogdofarnesio.com.br\/?p=380184#primaryimage"},"thumbnailUrl":"https:\/\/blogdofarnesio.com.br\/wp-content\/uploads\/2024\/10\/WhatsApp-Image-2024-10-30-at-07.08.26-e1730299261157.jpeg","datePublished":"2024-10-30T15:32:18+00:00","breadcrumb":{"@id":"https:\/\/blogdofarnesio.com.br\/?p=380184#breadcrumb"},"inLanguage":"pt-BR","potentialAction":[{"@type":"ReadAction","target":["https:\/\/blogdofarnesio.com.br\/?p=380184"]}]},{"@type":"ImageObject","inLanguage":"pt-BR","@id":"https:\/\/blogdofarnesio.com.br\/?p=380184#primaryimage","url":"https:\/\/blogdofarnesio.com.br\/wp-content\/uploads\/2024\/10\/WhatsApp-Image-2024-10-30-at-07.08.26-e1730299261157.jpeg","contentUrl":"https:\/\/blogdofarnesio.com.br\/wp-content\/uploads\/2024\/10\/WhatsApp-Image-2024-10-30-at-07.08.26-e1730299261157.jpeg","width":497,"height":392},{"@type":"BreadcrumbList","@id":"https:\/\/blogdofarnesio.com.br\/?p=380184#breadcrumb","itemListElement":[{"@type":"ListItem","position":1,"name":"In\u00edcio","item":"https:\/\/blogdofarnesio.com.br\/"},{"@type":"ListItem","position":2,"name":"PMBA APREENDE ARMAS DE FOGO, RECUPERA VE\u00cdCULO ROUBADO EM PETROLINA E PRENDE GRUPO CRIMINOSO SUSPEITO DE HOMIC\u00cdDIO EM JUAZEIRO"}]},{"@type":"WebSite","@id":"https:\/\/blogdofarnesio.com.br\/#website","url":"https:\/\/blogdofarnesio.com.br\/","name":"Blog do Farn\u00e9sio","description":"Quer Saber Pol\u00edtica?","publisher":{"@id":"https:\/\/blogdofarnesio.com.br\/#organization"},"potentialAction":[{"@type":"SearchAction","target":{"@type":"EntryPoint","urlTemplate":"https:\/\/blogdofarnesio.com.br\/?s={search_term_string}"},"query-input":{"@type":"PropertyValueSpecification","valueRequired":true,"valueName":"search_term_string"}}],"inLanguage":"pt-BR"},{"@type":"Organization","@id":"https:\/\/blogdofarnesio.com.br\/#organization","name":"Blog do Farn\u00e9sio","url":"https:\/\/blogdofarnesio.com.br\/","logo":{"@type":"ImageObject","inLanguage":"pt-BR","@id":"https:\/\/blogdofarnesio.com.br\/#\/schema\/logo\/image\/","url":"https:\/\/blogdofarnesio.com.br\/wp-content\/uploads\/2026\/03\/cropped-logo_new-1.png","contentUrl":"https:\/\/blogdofarnesio.com.br\/wp-content\/uploads\/2026\/03\/cropped-logo_new-1.png","width":881,"height":685,"caption":"Blog do Farn\u00e9sio"},"image":{"@id":"https:\/\/blogdofarnesio.com.br\/#\/schema\/logo\/image\/"},"sameAs":["https:\/\/www.facebook.com\/BlogQuerSaberPolitica\/"]},{"@type":"Person","@id":"https:\/\/blogdofarnesio.com.br\/#\/schema\/person\/bb9b23ae3ad0609ce8df7b6c9e76824d","name":"Farn\u00e9sio","image":{"@type":"ImageObject","inLanguage":"pt-BR","@id":"https:\/\/secure.gravatar.com\/avatar\/986aa4c61ccdb66f8555bf88fc2a65609d00bcabd4d2d94377a727547345cbca?s=96&d=mm&r=g","url":"https:\/\/secure.gravatar.com\/avatar\/986aa4c61ccdb66f8555bf88fc2a65609d00bcabd4d2d94377a727547345cbca?s=96&d=mm&r=g","contentUrl":"https:\/\/secure.gravatar.com\/avatar\/986aa4c61ccdb66f8555bf88fc2a65609d00bcabd4d2d94377a727547345cbca?s=96&d=mm&r=g","caption":"Farn\u00e9sio"},"description":"Radialista blogueiro, chegou a Petrolina\/Juazeiro em setembro de 1980, Farn\u00e9sio Silva \u00e9 de Arapiraca-Alagoas.","sameAs":["http:\/\/blogdofarnesio.com.br","https:\/\/www.facebook.com\/?ref=tn_tnmn","https:\/\/www.instagram.com\/?utm_source=pwa_homescreen","https:\/\/youtube.com.br\/"],"url":"https:\/\/blogdofarnesio.com.br\/?author=2"}]}},"_links":{"self":[{"href":"https:\/\/blogdofarnesio.com.br\/index.php?rest_route=\/wp\/v2\/posts\/380184","targetHints":{"allow":["GET"]}}],"collection":[{"href":"https:\/\/blogdofarnesio.com.br\/index.php?rest_route=\/wp\/v2\/posts"}],"about":[{"href":"https:\/\/blogdofarnesio.com.br\/index.php?rest_route=\/wp\/v2\/types\/post"}],"author":[{"embeddable":true,"href":"https:\/\/blogdofarnesio.com.br\/index.php?rest_route=\/wp\/v2\/users\/2"}],"replies":[{"embeddable":true,"href":"https:\/\/blogdofarnesio.com.br\/index.php?rest_route=%2Fwp%2Fv2%2Fcomments&post=380184"}],"version-history":[{"count":0,"href":"https:\/\/blogdofarnesio.com.br\/index.php?rest_route=\/wp\/v2\/posts\/380184\/revisions"}],"wp:featuredmedia":[{"embeddable":true,"href":"https:\/\/blogdofarnesio.com.br\/index.php?rest_route=\/wp\/v2\/media\/380185"}],"wp:attachment":[{"href":"https:\/\/blogdofarnesio.com.br\/index.php?rest_route=%2Fwp%2Fv2%2Fmedia&parent=380184"}],"wp:term":[{"taxonomy":"category","embeddable":true,"href":"https:\/\/blogdofarnesio.com.br\/index.php?rest_route=%2Fwp%2Fv2%2Fcategories&post=380184"},{"taxonomy":"post_tag","embeddable":true,"href":"https:\/\/blogdofarnesio.com.br\/index.php?rest_route=%2Fwp%2Fv2%2Ftags&post=380184"}],"curies":[{"name":"wp","href":"https:\/\/api.w.org\/{rel}","templated":true}]}}