{"id":380167,"date":"2024-10-30T11:04:43","date_gmt":"2024-10-30T14:04:43","guid":{"rendered":"https:\/\/blogdofarnesio.com.br\/?p=380167"},"modified":"2024-10-30T08:41:31","modified_gmt":"2024-10-30T11:41:31","slug":"operacao-contra-sonegacao-fiscal-e-deflagrada-no-polo-gesseiro-do-araripe","status":"publish","type":"post","link":"https:\/\/blogdofarnesio.com.br\/2024\/10\/operacao-contra-sonegacao-fiscal-e-deflagrada-no-polo-gesseiro-do-araripe\/","title":{"rendered":"Opera\u00e7\u00e3o contra sonega\u00e7\u00e3o fiscal \u00e9 deflagrada no Polo Gesseiro do Araripe"},"content":{"rendered":"<div class=\"entry-content clearfix\">\n<p>&nbsp;<\/p>\n<p>Numa a\u00e7\u00e3o conjunta entre o Minist\u00e9rio P\u00fablico de Pernambuco (MPPE), Secretaria da Fazenda de Pernambuco (Sefaz-PE), Procuradoria Geral do Estado (PGE-PE) e pol\u00edcias Civil e Militar, foi deflagrada no Polo Gesseiro do Araripe na manh\u00e3 desta quarta-feira, 30, a Opera\u00e7\u00e3o Sert\u00e3o Branco.<\/p>\n<p>A a\u00e7\u00e3o, que conta com o apoio dos Grupos de Atua\u00e7\u00e3o Especializada de Combate ao Crime Organizado (Gaecos) de S\u00e3o Paulo e Minas Gerais, visa combater crimes de sonega\u00e7\u00e3o fiscal, organiza\u00e7\u00e3o criminosa e lavagem de dinheiro praticados por um grupo empresarial do setor gesseiro. Foram cumpridos 19 mandados de busca e apreens\u00e3o em Pernambuco e em outros dois estados.<\/p>\n<p>Investiga\u00e7\u00f5es do N\u00facleo Integrado de Combate \u00e0 Sonega\u00e7\u00e3o Fiscal do Gaeco do MPPE indicaram a atua\u00e7\u00e3o de uma organiza\u00e7\u00e3o criminosa, que tinha como pr\u00e1tica empresarial a reiterada sonega\u00e7\u00e3o de impostos e o uso de \u201claranjas\u201d e \u201ctestas de ferro\u201d para a prote\u00e7\u00e3o dos reais benefici\u00e1rios do esquema, entre outras a\u00e7\u00f5es ilegais.<\/p>\n<p>O \u00f3rg\u00e3o constatou preju\u00edzos de mais de R$ 40 milh\u00f5es aos cofres do Estado de Pernambuco e ind\u00edcios de movimenta\u00e7\u00e3o de produtos incompat\u00edvel ao declarado oficialmente na atividade econ\u00f4mica, indicando que a sonega\u00e7\u00e3o fiscal pode ser muito superior ao que foi apurado.<\/p>\n<p>Com base nas evid\u00eancias, o Ju\u00edzo da Comarca de Ipubi autorizou a realiza\u00e7\u00e3o de buscas em diversos endere\u00e7os, sequestro de bens dos investigados e a quebra do sigilo de dados contidos em dispositivos eletr\u00f4nicos. As medidas visam acabar com a sonega\u00e7\u00e3o, que tira recursos de servi\u00e7os essenciais para a popula\u00e7\u00e3o, como sa\u00fade, seguran\u00e7a, educa\u00e7\u00e3o e assist\u00eancia social.<\/p>\n<\/div>\n","protected":false},"excerpt":{"rendered":"<p>&nbsp; Numa a\u00e7\u00e3o conjunta entre o Minist\u00e9rio P\u00fablico de Pernambuco (MPPE), Secretaria da Fazenda de Pernambuco (Sefaz-PE), Procuradoria Geral do Estado (PGE-PE) e pol\u00edcias Civil e Militar, foi deflagrada no Polo Gesseiro do Araripe na manh\u00e3 desta quarta-feira, 30, a Opera\u00e7\u00e3o Sert\u00e3o Branco. A a\u00e7\u00e3o, que conta com o apoio dos Grupos de Atua\u00e7\u00e3o Especializada de Combate ao Crime Organizado (Gaecos) de S\u00e3o Paulo e Minas Gerais, visa combater crimes de sonega\u00e7\u00e3o fiscal, organiza\u00e7\u00e3o criminosa e lavagem de dinheiro praticados por um grupo empresarial do setor gesseiro. Foram cumpridos 19 mandados de busca e apreens\u00e3o em Pernambuco e em outros dois estados. Investiga\u00e7\u00f5es do N\u00facleo Integrado de Combate \u00e0 Sonega\u00e7\u00e3o Fiscal do Gaeco do MPPE indicaram a atua\u00e7\u00e3o de uma&hellip; <\/p>\n","protected":false},"author":2,"featured_media":380168,"comment_status":"open","ping_status":"open","sticky":false,"template":"","format":"standard","meta":{"_acf_changed":false,"footnotes":""},"categories":[23],"tags":[],"class_list":["post-380167","post","type-post","status-publish","format-standard","has-post-thumbnail","hentry","category-justica"],"acf":[],"yoast_head":"<!-- This site is optimized with the Yoast SEO plugin v27.5 - https:\/\/yoast.com\/product\/yoast-seo-wordpress\/ -->\n<title>Opera\u00e7\u00e3o contra sonega\u00e7\u00e3o fiscal \u00e9 deflagrada no Polo Gesseiro do Araripe - Blog do Farn\u00e9sio<\/title>\n<meta name=\"robots\" content=\"index, follow, max-snippet:-1, max-image-preview:large, max-video-preview:-1\" \/>\n<link rel=\"canonical\" href=\"https:\/\/blogdofarnesio.com.br\/2024\/10\/operacao-contra-sonegacao-fiscal-e-deflagrada-no-polo-gesseiro-do-araripe\/\" \/>\n<meta property=\"og:locale\" content=\"pt_BR\" \/>\n<meta property=\"og:type\" content=\"article\" \/>\n<meta property=\"og:title\" content=\"Opera\u00e7\u00e3o contra sonega\u00e7\u00e3o fiscal \u00e9 deflagrada no Polo Gesseiro do Araripe - Blog do Farn\u00e9sio\" \/>\n<meta property=\"og:description\" content=\"&nbsp; Numa a\u00e7\u00e3o conjunta entre o Minist\u00e9rio P\u00fablico de Pernambuco (MPPE), Secretaria da Fazenda de Pernambuco (Sefaz-PE), Procuradoria Geral do Estado (PGE-PE) e pol\u00edcias Civil e Militar, foi deflagrada no Polo Gesseiro do Araripe na manh\u00e3 desta quarta-feira, 30, a Opera\u00e7\u00e3o Sert\u00e3o Branco. A a\u00e7\u00e3o, que conta com o apoio dos Grupos de Atua\u00e7\u00e3o Especializada de Combate ao Crime Organizado (Gaecos) de S\u00e3o Paulo e Minas Gerais, visa combater crimes de sonega\u00e7\u00e3o fiscal, organiza\u00e7\u00e3o criminosa e lavagem de dinheiro praticados por um grupo empresarial do setor gesseiro. Foram cumpridos 19 mandados de busca e apreens\u00e3o em Pernambuco e em outros dois estados. Investiga\u00e7\u00f5es do N\u00facleo Integrado de Combate \u00e0 Sonega\u00e7\u00e3o Fiscal do Gaeco do MPPE indicaram a atua\u00e7\u00e3o de uma&hellip;\" \/>\n<meta property=\"og:url\" content=\"https:\/\/blogdofarnesio.com.br\/2024\/10\/operacao-contra-sonegacao-fiscal-e-deflagrada-no-polo-gesseiro-do-araripe\/\" \/>\n<meta property=\"og:site_name\" content=\"Blog do Farn\u00e9sio\" \/>\n<meta property=\"article:publisher\" content=\"https:\/\/www.facebook.com\/BlogQuerSaberPolitica\/\" \/>\n<meta property=\"article:author\" content=\"https:\/\/www.facebook.com\/?ref=tn_tnmn\" \/>\n<meta property=\"article:published_time\" content=\"2024-10-30T14:04:43+00:00\" \/>\n<meta property=\"og:image\" content=\"https:\/\/blogdofarnesio.com.br\/wp-content\/uploads\/2024\/10\/blgoqspGaecoMPPE.jpg\" \/>\n\t<meta property=\"og:image:width\" content=\"401\" \/>\n\t<meta property=\"og:image:height\" content=\"339\" \/>\n\t<meta property=\"og:image:type\" content=\"image\/jpeg\" \/>\n<meta name=\"author\" content=\"Farn\u00e9sio\" \/>\n<meta name=\"twitter:card\" content=\"summary_large_image\" \/>\n<meta name=\"twitter:label1\" content=\"Escrito por\" \/>\n\t<meta name=\"twitter:data1\" content=\"Farn\u00e9sio\" \/>\n\t<meta name=\"twitter:label2\" content=\"Est. tempo de leitura\" \/>\n\t<meta name=\"twitter:data2\" content=\"2 minutos\" \/>\n<script type=\"application\/ld+json\" class=\"yoast-schema-graph\">{\"@context\":\"https:\\\/\\\/schema.org\",\"@graph\":[{\"@type\":\"Article\",\"@id\":\"https:\\\/\\\/blogdofarnesio.com.br\\\/2024\\\/10\\\/operacao-contra-sonegacao-fiscal-e-deflagrada-no-polo-gesseiro-do-araripe\\\/#article\",\"isPartOf\":{\"@id\":\"https:\\\/\\\/blogdofarnesio.com.br\\\/2024\\\/10\\\/operacao-contra-sonegacao-fiscal-e-deflagrada-no-polo-gesseiro-do-araripe\\\/\"},\"author\":{\"name\":\"Farn\u00e9sio\",\"@id\":\"https:\\\/\\\/blogdofarnesio.com.br\\\/#\\\/schema\\\/person\\\/bb9b23ae3ad0609ce8df7b6c9e76824d\"},\"headline\":\"Opera\u00e7\u00e3o contra sonega\u00e7\u00e3o fiscal \u00e9 deflagrada no Polo Gesseiro do Araripe\",\"datePublished\":\"2024-10-30T14:04:43+00:00\",\"mainEntityOfPage\":{\"@id\":\"https:\\\/\\\/blogdofarnesio.com.br\\\/2024\\\/10\\\/operacao-contra-sonegacao-fiscal-e-deflagrada-no-polo-gesseiro-do-araripe\\\/\"},\"wordCount\":302,\"commentCount\":0,\"publisher\":{\"@id\":\"https:\\\/\\\/blogdofarnesio.com.br\\\/#organization\"},\"image\":{\"@id\":\"https:\\\/\\\/blogdofarnesio.com.br\\\/2024\\\/10\\\/operacao-contra-sonegacao-fiscal-e-deflagrada-no-polo-gesseiro-do-araripe\\\/#primaryimage\"},\"thumbnailUrl\":\"https:\\\/\\\/blogdofarnesio.com.br\\\/wp-content\\\/uploads\\\/2024\\\/10\\\/blgoqspGaecoMPPE.jpg\",\"articleSection\":[\"Justi\u00e7a\"],\"inLanguage\":\"pt-BR\",\"potentialAction\":[{\"@type\":\"CommentAction\",\"name\":\"Comment\",\"target\":[\"https:\\\/\\\/blogdofarnesio.com.br\\\/2024\\\/10\\\/operacao-contra-sonegacao-fiscal-e-deflagrada-no-polo-gesseiro-do-araripe\\\/#respond\"]}]},{\"@type\":\"WebPage\",\"@id\":\"https:\\\/\\\/blogdofarnesio.com.br\\\/2024\\\/10\\\/operacao-contra-sonegacao-fiscal-e-deflagrada-no-polo-gesseiro-do-araripe\\\/\",\"url\":\"https:\\\/\\\/blogdofarnesio.com.br\\\/2024\\\/10\\\/operacao-contra-sonegacao-fiscal-e-deflagrada-no-polo-gesseiro-do-araripe\\\/\",\"name\":\"Opera\u00e7\u00e3o contra sonega\u00e7\u00e3o fiscal \u00e9 deflagrada no Polo Gesseiro do Araripe - Blog do Farn\u00e9sio\",\"isPartOf\":{\"@id\":\"https:\\\/\\\/blogdofarnesio.com.br\\\/#website\"},\"primaryImageOfPage\":{\"@id\":\"https:\\\/\\\/blogdofarnesio.com.br\\\/2024\\\/10\\\/operacao-contra-sonegacao-fiscal-e-deflagrada-no-polo-gesseiro-do-araripe\\\/#primaryimage\"},\"image\":{\"@id\":\"https:\\\/\\\/blogdofarnesio.com.br\\\/2024\\\/10\\\/operacao-contra-sonegacao-fiscal-e-deflagrada-no-polo-gesseiro-do-araripe\\\/#primaryimage\"},\"thumbnailUrl\":\"https:\\\/\\\/blogdofarnesio.com.br\\\/wp-content\\\/uploads\\\/2024\\\/10\\\/blgoqspGaecoMPPE.jpg\",\"datePublished\":\"2024-10-30T14:04:43+00:00\",\"breadcrumb\":{\"@id\":\"https:\\\/\\\/blogdofarnesio.com.br\\\/2024\\\/10\\\/operacao-contra-sonegacao-fiscal-e-deflagrada-no-polo-gesseiro-do-araripe\\\/#breadcrumb\"},\"inLanguage\":\"pt-BR\",\"potentialAction\":[{\"@type\":\"ReadAction\",\"target\":[\"https:\\\/\\\/blogdofarnesio.com.br\\\/2024\\\/10\\\/operacao-contra-sonegacao-fiscal-e-deflagrada-no-polo-gesseiro-do-araripe\\\/\"]}]},{\"@type\":\"ImageObject\",\"inLanguage\":\"pt-BR\",\"@id\":\"https:\\\/\\\/blogdofarnesio.com.br\\\/2024\\\/10\\\/operacao-contra-sonegacao-fiscal-e-deflagrada-no-polo-gesseiro-do-araripe\\\/#primaryimage\",\"url\":\"https:\\\/\\\/blogdofarnesio.com.br\\\/wp-content\\\/uploads\\\/2024\\\/10\\\/blgoqspGaecoMPPE.jpg\",\"contentUrl\":\"https:\\\/\\\/blogdofarnesio.com.br\\\/wp-content\\\/uploads\\\/2024\\\/10\\\/blgoqspGaecoMPPE.jpg\",\"width\":401,\"height\":339},{\"@type\":\"BreadcrumbList\",\"@id\":\"https:\\\/\\\/blogdofarnesio.com.br\\\/2024\\\/10\\\/operacao-contra-sonegacao-fiscal-e-deflagrada-no-polo-gesseiro-do-araripe\\\/#breadcrumb\",\"itemListElement\":[{\"@type\":\"ListItem\",\"position\":1,\"name\":\"In\u00edcio\",\"item\":\"https:\\\/\\\/blogdofarnesio.com.br\\\/\"},{\"@type\":\"ListItem\",\"position\":2,\"name\":\"Opera\u00e7\u00e3o contra sonega\u00e7\u00e3o fiscal \u00e9 deflagrada no Polo Gesseiro do Araripe\"}]},{\"@type\":\"WebSite\",\"@id\":\"https:\\\/\\\/blogdofarnesio.com.br\\\/#website\",\"url\":\"https:\\\/\\\/blogdofarnesio.com.br\\\/\",\"name\":\"Blog do Farn\u00e9sio\",\"description\":\"Quer Saber Pol\u00edtica?\",\"publisher\":{\"@id\":\"https:\\\/\\\/blogdofarnesio.com.br\\\/#organization\"},\"potentialAction\":[{\"@type\":\"SearchAction\",\"target\":{\"@type\":\"EntryPoint\",\"urlTemplate\":\"https:\\\/\\\/blogdofarnesio.com.br\\\/?s={search_term_string}\"},\"query-input\":{\"@type\":\"PropertyValueSpecification\",\"valueRequired\":true,\"valueName\":\"search_term_string\"}}],\"inLanguage\":\"pt-BR\"},{\"@type\":\"Organization\",\"@id\":\"https:\\\/\\\/blogdofarnesio.com.br\\\/#organization\",\"name\":\"Blog do Farn\u00e9sio\",\"url\":\"https:\\\/\\\/blogdofarnesio.com.br\\\/\",\"logo\":{\"@type\":\"ImageObject\",\"inLanguage\":\"pt-BR\",\"@id\":\"https:\\\/\\\/blogdofarnesio.com.br\\\/#\\\/schema\\\/logo\\\/image\\\/\",\"url\":\"https:\\\/\\\/blogdofarnesio.com.br\\\/wp-content\\\/uploads\\\/2026\\\/03\\\/cropped-logo_new-1.png\",\"contentUrl\":\"https:\\\/\\\/blogdofarnesio.com.br\\\/wp-content\\\/uploads\\\/2026\\\/03\\\/cropped-logo_new-1.png\",\"width\":881,\"height\":685,\"caption\":\"Blog do Farn\u00e9sio\"},\"image\":{\"@id\":\"https:\\\/\\\/blogdofarnesio.com.br\\\/#\\\/schema\\\/logo\\\/image\\\/\"},\"sameAs\":[\"https:\\\/\\\/www.facebook.com\\\/BlogQuerSaberPolitica\\\/\"]},{\"@type\":\"Person\",\"@id\":\"https:\\\/\\\/blogdofarnesio.com.br\\\/#\\\/schema\\\/person\\\/bb9b23ae3ad0609ce8df7b6c9e76824d\",\"name\":\"Farn\u00e9sio\",\"image\":{\"@type\":\"ImageObject\",\"inLanguage\":\"pt-BR\",\"@id\":\"https:\\\/\\\/secure.gravatar.com\\\/avatar\\\/986aa4c61ccdb66f8555bf88fc2a65609d00bcabd4d2d94377a727547345cbca?s=96&d=mm&r=g\",\"url\":\"https:\\\/\\\/secure.gravatar.com\\\/avatar\\\/986aa4c61ccdb66f8555bf88fc2a65609d00bcabd4d2d94377a727547345cbca?s=96&d=mm&r=g\",\"contentUrl\":\"https:\\\/\\\/secure.gravatar.com\\\/avatar\\\/986aa4c61ccdb66f8555bf88fc2a65609d00bcabd4d2d94377a727547345cbca?s=96&d=mm&r=g\",\"caption\":\"Farn\u00e9sio\"},\"description\":\"Radialista blogueiro, chegou a Petrolina\\\/Juazeiro em setembro de 1980, Farn\u00e9sio Silva \u00e9 de Arapiraca-Alagoas.\",\"sameAs\":[\"http:\\\/\\\/blogdofarnesio.com.br\",\"https:\\\/\\\/www.facebook.com\\\/?ref=tn_tnmn\",\"https:\\\/\\\/www.instagram.com\\\/?utm_source=pwa_homescreen\",\"https:\\\/\\\/youtube.com.br\\\/\"],\"url\":\"https:\\\/\\\/blogdofarnesio.com.br\\\/author\\\/farnesio-2\\\/\"}]}<\/script>\n<!-- \/ Yoast SEO plugin. -->","yoast_head_json":{"title":"Opera\u00e7\u00e3o contra sonega\u00e7\u00e3o fiscal \u00e9 deflagrada no Polo Gesseiro do Araripe - Blog do Farn\u00e9sio","robots":{"index":"index","follow":"follow","max-snippet":"max-snippet:-1","max-image-preview":"max-image-preview:large","max-video-preview":"max-video-preview:-1"},"canonical":"https:\/\/blogdofarnesio.com.br\/2024\/10\/operacao-contra-sonegacao-fiscal-e-deflagrada-no-polo-gesseiro-do-araripe\/","og_locale":"pt_BR","og_type":"article","og_title":"Opera\u00e7\u00e3o contra sonega\u00e7\u00e3o fiscal \u00e9 deflagrada no Polo Gesseiro do Araripe - Blog do Farn\u00e9sio","og_description":"&nbsp; Numa a\u00e7\u00e3o conjunta entre o Minist\u00e9rio P\u00fablico de Pernambuco (MPPE), Secretaria da Fazenda de Pernambuco (Sefaz-PE), Procuradoria Geral do Estado (PGE-PE) e pol\u00edcias Civil e Militar, foi deflagrada no Polo Gesseiro do Araripe na manh\u00e3 desta quarta-feira, 30, a Opera\u00e7\u00e3o Sert\u00e3o Branco. A a\u00e7\u00e3o, que conta com o apoio dos Grupos de Atua\u00e7\u00e3o Especializada de Combate ao Crime Organizado (Gaecos) de S\u00e3o Paulo e Minas Gerais, visa combater crimes de sonega\u00e7\u00e3o fiscal, organiza\u00e7\u00e3o criminosa e lavagem de dinheiro praticados por um grupo empresarial do setor gesseiro. Foram cumpridos 19 mandados de busca e apreens\u00e3o em Pernambuco e em outros dois estados. Investiga\u00e7\u00f5es do N\u00facleo Integrado de Combate \u00e0 Sonega\u00e7\u00e3o Fiscal do Gaeco do MPPE indicaram a atua\u00e7\u00e3o de uma&hellip;","og_url":"https:\/\/blogdofarnesio.com.br\/2024\/10\/operacao-contra-sonegacao-fiscal-e-deflagrada-no-polo-gesseiro-do-araripe\/","og_site_name":"Blog do Farn\u00e9sio","article_publisher":"https:\/\/www.facebook.com\/BlogQuerSaberPolitica\/","article_author":"https:\/\/www.facebook.com\/?ref=tn_tnmn","article_published_time":"2024-10-30T14:04:43+00:00","og_image":[{"width":401,"height":339,"url":"https:\/\/blogdofarnesio.com.br\/wp-content\/uploads\/2024\/10\/blgoqspGaecoMPPE.jpg","type":"image\/jpeg"}],"author":"Farn\u00e9sio","twitter_card":"summary_large_image","twitter_misc":{"Escrito por":"Farn\u00e9sio","Est. tempo de leitura":"2 minutos"},"schema":{"@context":"https:\/\/schema.org","@graph":[{"@type":"Article","@id":"https:\/\/blogdofarnesio.com.br\/2024\/10\/operacao-contra-sonegacao-fiscal-e-deflagrada-no-polo-gesseiro-do-araripe\/#article","isPartOf":{"@id":"https:\/\/blogdofarnesio.com.br\/2024\/10\/operacao-contra-sonegacao-fiscal-e-deflagrada-no-polo-gesseiro-do-araripe\/"},"author":{"name":"Farn\u00e9sio","@id":"https:\/\/blogdofarnesio.com.br\/#\/schema\/person\/bb9b23ae3ad0609ce8df7b6c9e76824d"},"headline":"Opera\u00e7\u00e3o contra sonega\u00e7\u00e3o fiscal \u00e9 deflagrada no Polo Gesseiro do Araripe","datePublished":"2024-10-30T14:04:43+00:00","mainEntityOfPage":{"@id":"https:\/\/blogdofarnesio.com.br\/2024\/10\/operacao-contra-sonegacao-fiscal-e-deflagrada-no-polo-gesseiro-do-araripe\/"},"wordCount":302,"commentCount":0,"publisher":{"@id":"https:\/\/blogdofarnesio.com.br\/#organization"},"image":{"@id":"https:\/\/blogdofarnesio.com.br\/2024\/10\/operacao-contra-sonegacao-fiscal-e-deflagrada-no-polo-gesseiro-do-araripe\/#primaryimage"},"thumbnailUrl":"https:\/\/blogdofarnesio.com.br\/wp-content\/uploads\/2024\/10\/blgoqspGaecoMPPE.jpg","articleSection":["Justi\u00e7a"],"inLanguage":"pt-BR","potentialAction":[{"@type":"CommentAction","name":"Comment","target":["https:\/\/blogdofarnesio.com.br\/2024\/10\/operacao-contra-sonegacao-fiscal-e-deflagrada-no-polo-gesseiro-do-araripe\/#respond"]}]},{"@type":"WebPage","@id":"https:\/\/blogdofarnesio.com.br\/2024\/10\/operacao-contra-sonegacao-fiscal-e-deflagrada-no-polo-gesseiro-do-araripe\/","url":"https:\/\/blogdofarnesio.com.br\/2024\/10\/operacao-contra-sonegacao-fiscal-e-deflagrada-no-polo-gesseiro-do-araripe\/","name":"Opera\u00e7\u00e3o contra sonega\u00e7\u00e3o fiscal \u00e9 deflagrada no Polo Gesseiro do Araripe - Blog do Farn\u00e9sio","isPartOf":{"@id":"https:\/\/blogdofarnesio.com.br\/#website"},"primaryImageOfPage":{"@id":"https:\/\/blogdofarnesio.com.br\/2024\/10\/operacao-contra-sonegacao-fiscal-e-deflagrada-no-polo-gesseiro-do-araripe\/#primaryimage"},"image":{"@id":"https:\/\/blogdofarnesio.com.br\/2024\/10\/operacao-contra-sonegacao-fiscal-e-deflagrada-no-polo-gesseiro-do-araripe\/#primaryimage"},"thumbnailUrl":"https:\/\/blogdofarnesio.com.br\/wp-content\/uploads\/2024\/10\/blgoqspGaecoMPPE.jpg","datePublished":"2024-10-30T14:04:43+00:00","breadcrumb":{"@id":"https:\/\/blogdofarnesio.com.br\/2024\/10\/operacao-contra-sonegacao-fiscal-e-deflagrada-no-polo-gesseiro-do-araripe\/#breadcrumb"},"inLanguage":"pt-BR","potentialAction":[{"@type":"ReadAction","target":["https:\/\/blogdofarnesio.com.br\/2024\/10\/operacao-contra-sonegacao-fiscal-e-deflagrada-no-polo-gesseiro-do-araripe\/"]}]},{"@type":"ImageObject","inLanguage":"pt-BR","@id":"https:\/\/blogdofarnesio.com.br\/2024\/10\/operacao-contra-sonegacao-fiscal-e-deflagrada-no-polo-gesseiro-do-araripe\/#primaryimage","url":"https:\/\/blogdofarnesio.com.br\/wp-content\/uploads\/2024\/10\/blgoqspGaecoMPPE.jpg","contentUrl":"https:\/\/blogdofarnesio.com.br\/wp-content\/uploads\/2024\/10\/blgoqspGaecoMPPE.jpg","width":401,"height":339},{"@type":"BreadcrumbList","@id":"https:\/\/blogdofarnesio.com.br\/2024\/10\/operacao-contra-sonegacao-fiscal-e-deflagrada-no-polo-gesseiro-do-araripe\/#breadcrumb","itemListElement":[{"@type":"ListItem","position":1,"name":"In\u00edcio","item":"https:\/\/blogdofarnesio.com.br\/"},{"@type":"ListItem","position":2,"name":"Opera\u00e7\u00e3o contra sonega\u00e7\u00e3o fiscal \u00e9 deflagrada no Polo Gesseiro do Araripe"}]},{"@type":"WebSite","@id":"https:\/\/blogdofarnesio.com.br\/#website","url":"https:\/\/blogdofarnesio.com.br\/","name":"Blog do Farn\u00e9sio","description":"Quer Saber Pol\u00edtica?","publisher":{"@id":"https:\/\/blogdofarnesio.com.br\/#organization"},"potentialAction":[{"@type":"SearchAction","target":{"@type":"EntryPoint","urlTemplate":"https:\/\/blogdofarnesio.com.br\/?s={search_term_string}"},"query-input":{"@type":"PropertyValueSpecification","valueRequired":true,"valueName":"search_term_string"}}],"inLanguage":"pt-BR"},{"@type":"Organization","@id":"https:\/\/blogdofarnesio.com.br\/#organization","name":"Blog do Farn\u00e9sio","url":"https:\/\/blogdofarnesio.com.br\/","logo":{"@type":"ImageObject","inLanguage":"pt-BR","@id":"https:\/\/blogdofarnesio.com.br\/#\/schema\/logo\/image\/","url":"https:\/\/blogdofarnesio.com.br\/wp-content\/uploads\/2026\/03\/cropped-logo_new-1.png","contentUrl":"https:\/\/blogdofarnesio.com.br\/wp-content\/uploads\/2026\/03\/cropped-logo_new-1.png","width":881,"height":685,"caption":"Blog do Farn\u00e9sio"},"image":{"@id":"https:\/\/blogdofarnesio.com.br\/#\/schema\/logo\/image\/"},"sameAs":["https:\/\/www.facebook.com\/BlogQuerSaberPolitica\/"]},{"@type":"Person","@id":"https:\/\/blogdofarnesio.com.br\/#\/schema\/person\/bb9b23ae3ad0609ce8df7b6c9e76824d","name":"Farn\u00e9sio","image":{"@type":"ImageObject","inLanguage":"pt-BR","@id":"https:\/\/secure.gravatar.com\/avatar\/986aa4c61ccdb66f8555bf88fc2a65609d00bcabd4d2d94377a727547345cbca?s=96&d=mm&r=g","url":"https:\/\/secure.gravatar.com\/avatar\/986aa4c61ccdb66f8555bf88fc2a65609d00bcabd4d2d94377a727547345cbca?s=96&d=mm&r=g","contentUrl":"https:\/\/secure.gravatar.com\/avatar\/986aa4c61ccdb66f8555bf88fc2a65609d00bcabd4d2d94377a727547345cbca?s=96&d=mm&r=g","caption":"Farn\u00e9sio"},"description":"Radialista blogueiro, chegou a Petrolina\/Juazeiro em setembro de 1980, Farn\u00e9sio Silva \u00e9 de Arapiraca-Alagoas.","sameAs":["http:\/\/blogdofarnesio.com.br","https:\/\/www.facebook.com\/?ref=tn_tnmn","https:\/\/www.instagram.com\/?utm_source=pwa_homescreen","https:\/\/youtube.com.br\/"],"url":"https:\/\/blogdofarnesio.com.br\/author\/farnesio-2\/"}]}},"_links":{"self":[{"href":"https:\/\/blogdofarnesio.com.br\/wp-json\/wp\/v2\/posts\/380167","targetHints":{"allow":["GET"]}}],"collection":[{"href":"https:\/\/blogdofarnesio.com.br\/wp-json\/wp\/v2\/posts"}],"about":[{"href":"https:\/\/blogdofarnesio.com.br\/wp-json\/wp\/v2\/types\/post"}],"author":[{"embeddable":true,"href":"https:\/\/blogdofarnesio.com.br\/wp-json\/wp\/v2\/users\/2"}],"replies":[{"embeddable":true,"href":"https:\/\/blogdofarnesio.com.br\/wp-json\/wp\/v2\/comments?post=380167"}],"version-history":[{"count":0,"href":"https:\/\/blogdofarnesio.com.br\/wp-json\/wp\/v2\/posts\/380167\/revisions"}],"wp:featuredmedia":[{"embeddable":true,"href":"https:\/\/blogdofarnesio.com.br\/wp-json\/wp\/v2\/media\/380168"}],"wp:attachment":[{"href":"https:\/\/blogdofarnesio.com.br\/wp-json\/wp\/v2\/media?parent=380167"}],"wp:term":[{"taxonomy":"category","embeddable":true,"href":"https:\/\/blogdofarnesio.com.br\/wp-json\/wp\/v2\/categories?post=380167"},{"taxonomy":"post_tag","embeddable":true,"href":"https:\/\/blogdofarnesio.com.br\/wp-json\/wp\/v2\/tags?post=380167"}],"curies":[{"name":"wp","href":"https:\/\/api.w.org\/{rel}","templated":true}]}}