{"id":380157,"date":"2024-10-30T11:34:34","date_gmt":"2024-10-30T14:34:34","guid":{"rendered":"https:\/\/blogdofarnesio.com.br\/?p=380157"},"modified":"2024-10-30T10:16:59","modified_gmt":"2024-10-30T13:16:59","slug":"mais-polemica-daniel-alves-e-condenado-a-pagar-r-80-mil-de-indenizacao-por-se-apropriar-de-musica-de-sertanejos","status":"publish","type":"post","link":"https:\/\/blogdofarnesio.com.br\/?p=380157","title":{"rendered":"Mais pol\u00eamica: Daniel Alves \u00e9 condenado a pagar R$ 80 mil de indeniza\u00e7\u00e3o por se apropriar de m\u00fasica de sertanejos"},"content":{"rendered":"<div id=\"chunk-3e2li\">\n<div class=\"mc-column\" data-block-type=\"ads\" data-block-id=\"9\">\n<div style=\"box-sizing: inherit; margin: auto; padding: 0px; border: 0pt none; font: inherit; vertical-align: baseline; max-width: 100%; width: 300px; height: 250px; text-align: left;\">Por g1 SP \u2014\u00a0 Condenado a quatro anos e meio de pris\u00e3o por estupro na Espanha, mas atualmente em liberdade provis\u00f3ria, o ex-jogador de futebol <a class=\"\" href=\"https:\/\/ge.globo.com\/futebol\/futebol-internacional\/noticia\/2024\/03\/29\/daniel-alves-responde-processo-por-apropriacao-de-musica-no-brasil.ghtml\" data-mrf-link=\"https:\/\/ge.globo.com\/futebol\/futebol-internacional\/noticia\/2024\/03\/29\/daniel-alves-responde-processo-por-apropriacao-de-musica-no-brasil.ghtml\">Daniel Alves foi condenado pela Justi\u00e7a de S\u00e3o Paulo a pagar R$ 80 mil de indeniza\u00e7\u00e3o por danos morais<\/a>\u00a0a cantores sertanejos por se apropriar de uma m\u00fasica. Cabe recurso da decis\u00e3o.<\/div>\n<\/div>\n<\/div>\n<div id=\"chunk-78ted\">\n<div class=\"mc-column content-text active-extra-styles\" data-block-type=\"raw\" data-block-weight=\"33\" data-block-id=\"10\">\n<div class=\"mc-article-body\">\n<article>\n<div class=\"wall protected-content\">\n<div id=\"chunk-2sppn\">\n<div class=\"mc-column content-text active-extra-styles \" data-block-type=\"unstyled\" data-block-weight=\"41\" data-block-id=\"4\">\n<p class=\" content-text__container \" data-track-category=\"Link no Texto\" data-track-links=\"\" data-mrf-recirculation=\"Artigo - Links Texto\">Os m\u00fasicos Giuliano Matheus e Thiago Matheus, conhecido como Thyy, apontaram que n\u00e3o foram inclu\u00eddos na autoria da m\u00fasica &#8220;Avi\u00e3o&#8221;, lan\u00e7ada pelo atleta em 2020, em uma campanha da Organiza\u00e7\u00e3o das Na\u00e7\u00f5es Unidas (ONU) contra a desinforma\u00e7\u00e3o na pandemia de Covid-19.<\/p>\n<\/div>\n<\/div>\n<div id=\"chunk-b5r2n\">\n<div class=\"mc-column content-text active-extra-styles \" data-block-type=\"unstyled\" data-block-weight=\"10\" data-block-id=\"5\">\n<p class=\" content-text__container \" data-track-category=\"Link no Texto\" data-track-links=\"\" data-mrf-recirculation=\"Artigo - Links Texto\">Originalmente, a can\u00e7\u00e3o seria uma homenagem ao av\u00f4 de Giuliano.<\/p>\n<\/div>\n<\/div>\n<div id=\"chunk-4vdv0\">\n<div class=\"mc-column content-text active-extra-styles \" data-block-type=\"unstyled\" data-block-weight=\"52\" data-block-id=\"6\">\n<p class=\" content-text__container \" data-track-category=\"Link no Texto\" data-track-links=\"\" data-mrf-recirculation=\"Artigo - Links Texto\">No processo, os compositores dizem que Daniel Alves os convidou para ir a Barcelona em 2016, com o intuito de entrar no ramo da m\u00fasica por meio de uma parceria. No ano seguinte, na It\u00e1lia, mostraram a m\u00fasica para o jogador, que gostou e pediu para fazer algumas modifica\u00e7\u00f5es, aceitas pela dupla.<\/p>\n<\/div>\n<\/div>\n<div id=\"chunk-47hi6\">\n<div class=\"mc-column content-text active-extra-styles \" data-block-type=\"unstyled\" data-block-weight=\"18\" data-block-id=\"7\">\n<p class=\" content-text__container \" data-track-category=\"Link no Texto\" data-track-links=\"\" data-mrf-recirculation=\"Artigo - Links Texto\">Segundo o depoimento dos artistas, a rela\u00e7\u00e3o acabou por diverg\u00eancias comerciais, sem que a m\u00fasica tivesse sido lan\u00e7ada.<\/p>\n<\/div>\n<\/div>\n<div id=\"chunk-ctodp\">\n<div class=\"mc-column content-text active-extra-styles \" data-block-type=\"unstyled\" data-block-weight=\"37\" data-block-id=\"8\">\n<p class=\" content-text__container \" data-track-category=\"Link no Texto\" data-track-links=\"\" data-mrf-recirculation=\"Artigo - Links Texto\">J\u00e1 a defesa de Daniel Alves alegou que foi o atleta quem concebeu sozinho a m\u00fasica ainda em 2015 \u2014 e que Giuliano teria feito sugest\u00f5es para a letra, que n\u00e3o teriam sido aceitas pela ex-jogador<\/p>\n<\/div>\n<\/div>\n<\/div>\n<\/article>\n<\/div>\n<\/div>\n<\/div>\n<div id=\"chunk-di24e\">\n<div class=\"mc-column content-text active-extra-styles \" data-block-type=\"unstyled\" data-block-weight=\"33\" data-block-id=\"11\">\n<p class=\" content-text__container \" data-track-category=\"Link no Texto\" data-track-links=\"\" data-mrf-recirculation=\"Artigo - Links Texto\">A magistrada destaca, ainda, que h\u00e1 mensagens enviadas por um assessor do jogador em 23 de abril de 2020 em que reconhece que a m\u00fasica foi escrita conjuntamente por Thiago e por Daniel.<\/p>\n<\/div>\n<\/div>\n<div id=\"chunk-2bqkl\">\n<div class=\"mc-column content-text active-extra-styles \" data-block-type=\"unstyled\" data-block-weight=\"39\" data-block-id=\"12\">\n<p class=\" content-text__container \" data-track-category=\"Link no Texto\" data-track-links=\"\" data-mrf-recirculation=\"Artigo - Links Texto\">&#8220;Os documentos armazenados nos computadores dos autores corroboram a sua vers\u00e3o de que um esbo\u00e7o foi inicialmente escrito por Giuliano, que apresentou a m\u00fasica para o r\u00e9u Daniel, o qual, por sua vez, fez algumas sugest\u00f5es na letra&#8221;, justificou.<\/p>\n<\/div>\n<\/div>\n<div id=\"chunk-fjp4j\">\n<div class=\"mc-column content-text active-extra-styles \" data-block-type=\"unstyled\" data-block-weight=\"11\" data-block-id=\"13\">\n<p class=\" content-text__container \" data-track-category=\"Link no Texto\" data-track-links=\"\" data-mrf-recirculation=\"Artigo - Links Texto\">O\u00a0<strong>g1<\/strong> procurou a defesa de Daniel Alves e aguarda retorno.<\/p>\n<p data-track-category=\"Link no Texto\" data-track-links=\"\" data-mrf-recirculation=\"Artigo - Links Texto\">\n<\/div>\n<\/div>\n<div id=\"chunk-8u1r5\">\n<div class=\"mc-column content-text active-extra-styles\" data-block-type=\"raw\" data-block-weight=\"3\" data-block-id=\"14\">\n<div class=\"content-intertitle\">\n<h2>Condena\u00e7\u00e3o por estupro<\/h2>\n<\/div>\n<\/div>\n<\/div>\n<div id=\"chunk-csm0h\">\n<div class=\"mc-column content-text active-extra-styles \" data-block-type=\"unstyled\" data-block-weight=\"51\" data-block-id=\"15\">\n<p class=\" content-text__container \" data-track-category=\"Link no Texto\" data-track-links=\"\" data-mrf-recirculation=\"Artigo - Links Texto\">Daniel Alves foi\u00a0<a class=\"\" href=\"https:\/\/g1.globo.com\/mundo\/noticia\/2024\/03\/20\/daniel-alves-foi-condenado-a-4-anos-e-6-meses-de-prisao-por-estupro-relembre-julgamento-do-ex-jogador.ghtml\" data-mrf-link=\"https:\/\/g1.globo.com\/mundo\/noticia\/2024\/03\/20\/daniel-alves-foi-condenado-a-4-anos-e-6-meses-de-prisao-por-estupro-relembre-julgamento-do-ex-jogador.ghtml\">acusado de agredir sexualmente uma mulher de 23 anos no banheiro de uma boate de Barcelona<\/a>, no dia 30 de dezembro de 2022. Ele foi detido no dia 20 de janeiro de 2023, quando compareceu para um depoimento, e mantido em pris\u00e3o preventiva, no Centro Penitenci\u00e1rio Brians 2.<\/p>\n<\/div>\n<\/div>\n<div id=\"chunk-91m8n\">\n<div class=\"mc-column content-text active-extra-styles \" data-block-type=\"unstyled\" data-block-weight=\"37\" data-block-id=\"16\">\n<p class=\" content-text__container \" data-track-category=\"Link no Texto\" data-track-links=\"\" data-mrf-recirculation=\"Artigo - Links Texto\">Duas semanas depois do julgamento de tr\u00eas dias, em fevereiro de 2024, a 21\u00aa Se\u00e7\u00e3o do Tribunal de Justi\u00e7a de Barcelona anunciou a\u00a0<a class=\"\" href=\"https:\/\/g1.globo.com\/mundo\/noticia\/2024\/03\/20\/daniel-alves-foi-condenado-a-4-anos-e-6-meses-de-prisao-por-estupro-relembre-julgamento-do-ex-jogador.ghtml\" data-mrf-link=\"https:\/\/g1.globo.com\/mundo\/noticia\/2024\/03\/20\/daniel-alves-foi-condenado-a-4-anos-e-6-meses-de-prisao-por-estupro-relembre-julgamento-do-ex-jogador.ghtml\">senten\u00e7a de quatro anos e meio de pris\u00e3o, mais cinco anos de liberdade supervisionada<\/a>.<\/p>\n<\/div>\n<\/div>\n","protected":false},"excerpt":{"rendered":"<p>Por g1 SP \u2014\u00a0 Condenado a quatro anos e meio de pris\u00e3o por estupro na Espanha, mas atualmente em liberdade provis\u00f3ria, o ex-jogador de futebol Daniel Alves foi condenado pela Justi\u00e7a de S\u00e3o Paulo a pagar R$ 80 mil de indeniza\u00e7\u00e3o por danos morais\u00a0a cantores sertanejos por se apropriar de uma m\u00fasica. Cabe recurso da decis\u00e3o. Os m\u00fasicos Giuliano Matheus e Thiago Matheus, conhecido como Thyy, apontaram que n\u00e3o foram inclu\u00eddos na autoria da m\u00fasica &#8220;Avi\u00e3o&#8221;, lan\u00e7ada pelo atleta em 2020, em uma campanha da Organiza\u00e7\u00e3o das Na\u00e7\u00f5es Unidas (ONU) contra a desinforma\u00e7\u00e3o na pandemia de Covid-19. Originalmente, a can\u00e7\u00e3o seria uma homenagem ao av\u00f4 de Giuliano. No processo, os compositores dizem que Daniel Alves os convidou para ir a&hellip; <\/p>\n","protected":false},"author":2,"featured_media":364421,"comment_status":"open","ping_status":"open","sticky":false,"template":"","format":"standard","meta":{"_acf_changed":false,"footnotes":""},"categories":[23],"tags":[],"class_list":["post-380157","post","type-post","status-publish","format-standard","has-post-thumbnail","hentry","category-justica"],"acf":[],"yoast_head":"<!-- This site is optimized with the Yoast SEO plugin v27.4 - https:\/\/yoast.com\/product\/yoast-seo-wordpress\/ -->\n<title>Mais pol\u00eamica: Daniel Alves \u00e9 condenado a pagar R$ 80 mil de indeniza\u00e7\u00e3o por se apropriar de m\u00fasica de sertanejos - Blog do Farn\u00e9sio<\/title>\n<meta name=\"robots\" content=\"index, follow, max-snippet:-1, max-image-preview:large, max-video-preview:-1\" \/>\n<link rel=\"canonical\" href=\"https:\/\/blogdofarnesio.com.br\/?p=380157\" \/>\n<meta property=\"og:locale\" content=\"pt_BR\" \/>\n<meta property=\"og:type\" content=\"article\" \/>\n<meta property=\"og:title\" content=\"Mais pol\u00eamica: Daniel Alves \u00e9 condenado a pagar R$ 80 mil de indeniza\u00e7\u00e3o por se apropriar de m\u00fasica de sertanejos - Blog do Farn\u00e9sio\" \/>\n<meta property=\"og:description\" content=\"Por g1 SP \u2014\u00a0 Condenado a quatro anos e meio de pris\u00e3o por estupro na Espanha, mas atualmente em liberdade provis\u00f3ria, o ex-jogador de futebol Daniel Alves foi condenado pela Justi\u00e7a de S\u00e3o Paulo a pagar R$ 80 mil de indeniza\u00e7\u00e3o por danos morais\u00a0a cantores sertanejos por se apropriar de uma m\u00fasica. Cabe recurso da decis\u00e3o. Os m\u00fasicos Giuliano Matheus e Thiago Matheus, conhecido como Thyy, apontaram que n\u00e3o foram inclu\u00eddos na autoria da m\u00fasica &#8220;Avi\u00e3o&#8221;, lan\u00e7ada pelo atleta em 2020, em uma campanha da Organiza\u00e7\u00e3o das Na\u00e7\u00f5es Unidas (ONU) contra a desinforma\u00e7\u00e3o na pandemia de Covid-19. Originalmente, a can\u00e7\u00e3o seria uma homenagem ao av\u00f4 de Giuliano. No processo, os compositores dizem que Daniel Alves os convidou para ir a&hellip;\" \/>\n<meta property=\"og:url\" content=\"https:\/\/blogdofarnesio.com.br\/?p=380157\" \/>\n<meta property=\"og:site_name\" content=\"Blog do Farn\u00e9sio\" \/>\n<meta property=\"article:publisher\" content=\"https:\/\/www.facebook.com\/BlogQuerSaberPolitica\/\" \/>\n<meta property=\"article:author\" content=\"https:\/\/www.facebook.com\/?ref=tn_tnmn\" \/>\n<meta property=\"article:published_time\" content=\"2024-10-30T14:34:34+00:00\" \/>\n<meta property=\"og:image\" content=\"https:\/\/blogdofarnesio.com.br\/wp-content\/uploads\/2024\/03\/blogqsp-daniel-alves.jpeg\" \/>\n\t<meta property=\"og:image:width\" content=\"523\" \/>\n\t<meta property=\"og:image:height\" content=\"294\" \/>\n\t<meta property=\"og:image:type\" content=\"image\/jpeg\" \/>\n<meta name=\"author\" content=\"Farn\u00e9sio\" \/>\n<meta name=\"twitter:card\" content=\"summary_large_image\" \/>\n<meta name=\"twitter:label1\" content=\"Escrito por\" \/>\n\t<meta name=\"twitter:data1\" content=\"Farn\u00e9sio\" \/>\n\t<meta name=\"twitter:label2\" content=\"Est. tempo de leitura\" \/>\n\t<meta name=\"twitter:data2\" content=\"3 minutos\" \/>\n<script type=\"application\/ld+json\" class=\"yoast-schema-graph\">{\"@context\":\"https:\\\/\\\/schema.org\",\"@graph\":[{\"@type\":\"Article\",\"@id\":\"https:\\\/\\\/blogdofarnesio.com.br\\\/?p=380157#article\",\"isPartOf\":{\"@id\":\"https:\\\/\\\/blogdofarnesio.com.br\\\/?p=380157\"},\"author\":{\"name\":\"Farn\u00e9sio\",\"@id\":\"https:\\\/\\\/blogdofarnesio.com.br\\\/#\\\/schema\\\/person\\\/bb9b23ae3ad0609ce8df7b6c9e76824d\"},\"headline\":\"Mais pol\u00eamica: Daniel Alves \u00e9 condenado a pagar R$ 80 mil de indeniza\u00e7\u00e3o por se apropriar de m\u00fasica de sertanejos\",\"datePublished\":\"2024-10-30T14:34:34+00:00\",\"mainEntityOfPage\":{\"@id\":\"https:\\\/\\\/blogdofarnesio.com.br\\\/?p=380157\"},\"wordCount\":435,\"commentCount\":0,\"publisher\":{\"@id\":\"https:\\\/\\\/blogdofarnesio.com.br\\\/#organization\"},\"image\":{\"@id\":\"https:\\\/\\\/blogdofarnesio.com.br\\\/?p=380157#primaryimage\"},\"thumbnailUrl\":\"https:\\\/\\\/blogdofarnesio.com.br\\\/wp-content\\\/uploads\\\/2024\\\/03\\\/blogqsp-daniel-alves.jpeg\",\"articleSection\":[\"Justi\u00e7a\"],\"inLanguage\":\"pt-BR\",\"potentialAction\":[{\"@type\":\"CommentAction\",\"name\":\"Comment\",\"target\":[\"https:\\\/\\\/blogdofarnesio.com.br\\\/?p=380157#respond\"]}]},{\"@type\":\"WebPage\",\"@id\":\"https:\\\/\\\/blogdofarnesio.com.br\\\/?p=380157\",\"url\":\"https:\\\/\\\/blogdofarnesio.com.br\\\/?p=380157\",\"name\":\"Mais pol\u00eamica: Daniel Alves \u00e9 condenado a pagar R$ 80 mil de indeniza\u00e7\u00e3o por se apropriar de m\u00fasica de sertanejos - Blog do Farn\u00e9sio\",\"isPartOf\":{\"@id\":\"https:\\\/\\\/blogdofarnesio.com.br\\\/#website\"},\"primaryImageOfPage\":{\"@id\":\"https:\\\/\\\/blogdofarnesio.com.br\\\/?p=380157#primaryimage\"},\"image\":{\"@id\":\"https:\\\/\\\/blogdofarnesio.com.br\\\/?p=380157#primaryimage\"},\"thumbnailUrl\":\"https:\\\/\\\/blogdofarnesio.com.br\\\/wp-content\\\/uploads\\\/2024\\\/03\\\/blogqsp-daniel-alves.jpeg\",\"datePublished\":\"2024-10-30T14:34:34+00:00\",\"breadcrumb\":{\"@id\":\"https:\\\/\\\/blogdofarnesio.com.br\\\/?p=380157#breadcrumb\"},\"inLanguage\":\"pt-BR\",\"potentialAction\":[{\"@type\":\"ReadAction\",\"target\":[\"https:\\\/\\\/blogdofarnesio.com.br\\\/?p=380157\"]}]},{\"@type\":\"ImageObject\",\"inLanguage\":\"pt-BR\",\"@id\":\"https:\\\/\\\/blogdofarnesio.com.br\\\/?p=380157#primaryimage\",\"url\":\"https:\\\/\\\/blogdofarnesio.com.br\\\/wp-content\\\/uploads\\\/2024\\\/03\\\/blogqsp-daniel-alves.jpeg\",\"contentUrl\":\"https:\\\/\\\/blogdofarnesio.com.br\\\/wp-content\\\/uploads\\\/2024\\\/03\\\/blogqsp-daniel-alves.jpeg\",\"width\":523,\"height\":294},{\"@type\":\"BreadcrumbList\",\"@id\":\"https:\\\/\\\/blogdofarnesio.com.br\\\/?p=380157#breadcrumb\",\"itemListElement\":[{\"@type\":\"ListItem\",\"position\":1,\"name\":\"In\u00edcio\",\"item\":\"https:\\\/\\\/blogdofarnesio.com.br\\\/\"},{\"@type\":\"ListItem\",\"position\":2,\"name\":\"Mais pol\u00eamica: Daniel Alves \u00e9 condenado a pagar R$ 80 mil de indeniza\u00e7\u00e3o por se apropriar de m\u00fasica de sertanejos\"}]},{\"@type\":\"WebSite\",\"@id\":\"https:\\\/\\\/blogdofarnesio.com.br\\\/#website\",\"url\":\"https:\\\/\\\/blogdofarnesio.com.br\\\/\",\"name\":\"Blog do Farn\u00e9sio\",\"description\":\"Quer Saber Pol\u00edtica?\",\"publisher\":{\"@id\":\"https:\\\/\\\/blogdofarnesio.com.br\\\/#organization\"},\"potentialAction\":[{\"@type\":\"SearchAction\",\"target\":{\"@type\":\"EntryPoint\",\"urlTemplate\":\"https:\\\/\\\/blogdofarnesio.com.br\\\/?s={search_term_string}\"},\"query-input\":{\"@type\":\"PropertyValueSpecification\",\"valueRequired\":true,\"valueName\":\"search_term_string\"}}],\"inLanguage\":\"pt-BR\"},{\"@type\":\"Organization\",\"@id\":\"https:\\\/\\\/blogdofarnesio.com.br\\\/#organization\",\"name\":\"Blog do Farn\u00e9sio\",\"url\":\"https:\\\/\\\/blogdofarnesio.com.br\\\/\",\"logo\":{\"@type\":\"ImageObject\",\"inLanguage\":\"pt-BR\",\"@id\":\"https:\\\/\\\/blogdofarnesio.com.br\\\/#\\\/schema\\\/logo\\\/image\\\/\",\"url\":\"https:\\\/\\\/blogdofarnesio.com.br\\\/wp-content\\\/uploads\\\/2026\\\/03\\\/cropped-logo_new-1.png\",\"contentUrl\":\"https:\\\/\\\/blogdofarnesio.com.br\\\/wp-content\\\/uploads\\\/2026\\\/03\\\/cropped-logo_new-1.png\",\"width\":881,\"height\":685,\"caption\":\"Blog do Farn\u00e9sio\"},\"image\":{\"@id\":\"https:\\\/\\\/blogdofarnesio.com.br\\\/#\\\/schema\\\/logo\\\/image\\\/\"},\"sameAs\":[\"https:\\\/\\\/www.facebook.com\\\/BlogQuerSaberPolitica\\\/\"]},{\"@type\":\"Person\",\"@id\":\"https:\\\/\\\/blogdofarnesio.com.br\\\/#\\\/schema\\\/person\\\/bb9b23ae3ad0609ce8df7b6c9e76824d\",\"name\":\"Farn\u00e9sio\",\"image\":{\"@type\":\"ImageObject\",\"inLanguage\":\"pt-BR\",\"@id\":\"https:\\\/\\\/secure.gravatar.com\\\/avatar\\\/986aa4c61ccdb66f8555bf88fc2a65609d00bcabd4d2d94377a727547345cbca?s=96&d=mm&r=g\",\"url\":\"https:\\\/\\\/secure.gravatar.com\\\/avatar\\\/986aa4c61ccdb66f8555bf88fc2a65609d00bcabd4d2d94377a727547345cbca?s=96&d=mm&r=g\",\"contentUrl\":\"https:\\\/\\\/secure.gravatar.com\\\/avatar\\\/986aa4c61ccdb66f8555bf88fc2a65609d00bcabd4d2d94377a727547345cbca?s=96&d=mm&r=g\",\"caption\":\"Farn\u00e9sio\"},\"description\":\"Radialista blogueiro, chegou a Petrolina\\\/Juazeiro em setembro de 1980, Farn\u00e9sio Silva \u00e9 de Arapiraca-Alagoas.\",\"sameAs\":[\"http:\\\/\\\/blogdofarnesio.com.br\",\"https:\\\/\\\/www.facebook.com\\\/?ref=tn_tnmn\",\"https:\\\/\\\/www.instagram.com\\\/?utm_source=pwa_homescreen\",\"https:\\\/\\\/youtube.com.br\\\/\"],\"url\":\"https:\\\/\\\/blogdofarnesio.com.br\\\/?author=2\"}]}<\/script>\n<!-- \/ Yoast SEO plugin. -->","yoast_head_json":{"title":"Mais pol\u00eamica: Daniel Alves \u00e9 condenado a pagar R$ 80 mil de indeniza\u00e7\u00e3o por se apropriar de m\u00fasica de sertanejos - Blog do Farn\u00e9sio","robots":{"index":"index","follow":"follow","max-snippet":"max-snippet:-1","max-image-preview":"max-image-preview:large","max-video-preview":"max-video-preview:-1"},"canonical":"https:\/\/blogdofarnesio.com.br\/?p=380157","og_locale":"pt_BR","og_type":"article","og_title":"Mais pol\u00eamica: Daniel Alves \u00e9 condenado a pagar R$ 80 mil de indeniza\u00e7\u00e3o por se apropriar de m\u00fasica de sertanejos - Blog do Farn\u00e9sio","og_description":"Por g1 SP \u2014\u00a0 Condenado a quatro anos e meio de pris\u00e3o por estupro na Espanha, mas atualmente em liberdade provis\u00f3ria, o ex-jogador de futebol Daniel Alves foi condenado pela Justi\u00e7a de S\u00e3o Paulo a pagar R$ 80 mil de indeniza\u00e7\u00e3o por danos morais\u00a0a cantores sertanejos por se apropriar de uma m\u00fasica. Cabe recurso da decis\u00e3o. Os m\u00fasicos Giuliano Matheus e Thiago Matheus, conhecido como Thyy, apontaram que n\u00e3o foram inclu\u00eddos na autoria da m\u00fasica &#8220;Avi\u00e3o&#8221;, lan\u00e7ada pelo atleta em 2020, em uma campanha da Organiza\u00e7\u00e3o das Na\u00e7\u00f5es Unidas (ONU) contra a desinforma\u00e7\u00e3o na pandemia de Covid-19. Originalmente, a can\u00e7\u00e3o seria uma homenagem ao av\u00f4 de Giuliano. No processo, os compositores dizem que Daniel Alves os convidou para ir a&hellip;","og_url":"https:\/\/blogdofarnesio.com.br\/?p=380157","og_site_name":"Blog do Farn\u00e9sio","article_publisher":"https:\/\/www.facebook.com\/BlogQuerSaberPolitica\/","article_author":"https:\/\/www.facebook.com\/?ref=tn_tnmn","article_published_time":"2024-10-30T14:34:34+00:00","og_image":[{"width":523,"height":294,"url":"https:\/\/blogdofarnesio.com.br\/wp-content\/uploads\/2024\/03\/blogqsp-daniel-alves.jpeg","type":"image\/jpeg"}],"author":"Farn\u00e9sio","twitter_card":"summary_large_image","twitter_misc":{"Escrito por":"Farn\u00e9sio","Est. tempo de leitura":"3 minutos"},"schema":{"@context":"https:\/\/schema.org","@graph":[{"@type":"Article","@id":"https:\/\/blogdofarnesio.com.br\/?p=380157#article","isPartOf":{"@id":"https:\/\/blogdofarnesio.com.br\/?p=380157"},"author":{"name":"Farn\u00e9sio","@id":"https:\/\/blogdofarnesio.com.br\/#\/schema\/person\/bb9b23ae3ad0609ce8df7b6c9e76824d"},"headline":"Mais pol\u00eamica: Daniel Alves \u00e9 condenado a pagar R$ 80 mil de indeniza\u00e7\u00e3o por se apropriar de m\u00fasica de sertanejos","datePublished":"2024-10-30T14:34:34+00:00","mainEntityOfPage":{"@id":"https:\/\/blogdofarnesio.com.br\/?p=380157"},"wordCount":435,"commentCount":0,"publisher":{"@id":"https:\/\/blogdofarnesio.com.br\/#organization"},"image":{"@id":"https:\/\/blogdofarnesio.com.br\/?p=380157#primaryimage"},"thumbnailUrl":"https:\/\/blogdofarnesio.com.br\/wp-content\/uploads\/2024\/03\/blogqsp-daniel-alves.jpeg","articleSection":["Justi\u00e7a"],"inLanguage":"pt-BR","potentialAction":[{"@type":"CommentAction","name":"Comment","target":["https:\/\/blogdofarnesio.com.br\/?p=380157#respond"]}]},{"@type":"WebPage","@id":"https:\/\/blogdofarnesio.com.br\/?p=380157","url":"https:\/\/blogdofarnesio.com.br\/?p=380157","name":"Mais pol\u00eamica: Daniel Alves \u00e9 condenado a pagar R$ 80 mil de indeniza\u00e7\u00e3o por se apropriar de m\u00fasica de sertanejos - Blog do Farn\u00e9sio","isPartOf":{"@id":"https:\/\/blogdofarnesio.com.br\/#website"},"primaryImageOfPage":{"@id":"https:\/\/blogdofarnesio.com.br\/?p=380157#primaryimage"},"image":{"@id":"https:\/\/blogdofarnesio.com.br\/?p=380157#primaryimage"},"thumbnailUrl":"https:\/\/blogdofarnesio.com.br\/wp-content\/uploads\/2024\/03\/blogqsp-daniel-alves.jpeg","datePublished":"2024-10-30T14:34:34+00:00","breadcrumb":{"@id":"https:\/\/blogdofarnesio.com.br\/?p=380157#breadcrumb"},"inLanguage":"pt-BR","potentialAction":[{"@type":"ReadAction","target":["https:\/\/blogdofarnesio.com.br\/?p=380157"]}]},{"@type":"ImageObject","inLanguage":"pt-BR","@id":"https:\/\/blogdofarnesio.com.br\/?p=380157#primaryimage","url":"https:\/\/blogdofarnesio.com.br\/wp-content\/uploads\/2024\/03\/blogqsp-daniel-alves.jpeg","contentUrl":"https:\/\/blogdofarnesio.com.br\/wp-content\/uploads\/2024\/03\/blogqsp-daniel-alves.jpeg","width":523,"height":294},{"@type":"BreadcrumbList","@id":"https:\/\/blogdofarnesio.com.br\/?p=380157#breadcrumb","itemListElement":[{"@type":"ListItem","position":1,"name":"In\u00edcio","item":"https:\/\/blogdofarnesio.com.br\/"},{"@type":"ListItem","position":2,"name":"Mais pol\u00eamica: Daniel Alves \u00e9 condenado a pagar R$ 80 mil de indeniza\u00e7\u00e3o por se apropriar de m\u00fasica de sertanejos"}]},{"@type":"WebSite","@id":"https:\/\/blogdofarnesio.com.br\/#website","url":"https:\/\/blogdofarnesio.com.br\/","name":"Blog do Farn\u00e9sio","description":"Quer Saber Pol\u00edtica?","publisher":{"@id":"https:\/\/blogdofarnesio.com.br\/#organization"},"potentialAction":[{"@type":"SearchAction","target":{"@type":"EntryPoint","urlTemplate":"https:\/\/blogdofarnesio.com.br\/?s={search_term_string}"},"query-input":{"@type":"PropertyValueSpecification","valueRequired":true,"valueName":"search_term_string"}}],"inLanguage":"pt-BR"},{"@type":"Organization","@id":"https:\/\/blogdofarnesio.com.br\/#organization","name":"Blog do Farn\u00e9sio","url":"https:\/\/blogdofarnesio.com.br\/","logo":{"@type":"ImageObject","inLanguage":"pt-BR","@id":"https:\/\/blogdofarnesio.com.br\/#\/schema\/logo\/image\/","url":"https:\/\/blogdofarnesio.com.br\/wp-content\/uploads\/2026\/03\/cropped-logo_new-1.png","contentUrl":"https:\/\/blogdofarnesio.com.br\/wp-content\/uploads\/2026\/03\/cropped-logo_new-1.png","width":881,"height":685,"caption":"Blog do Farn\u00e9sio"},"image":{"@id":"https:\/\/blogdofarnesio.com.br\/#\/schema\/logo\/image\/"},"sameAs":["https:\/\/www.facebook.com\/BlogQuerSaberPolitica\/"]},{"@type":"Person","@id":"https:\/\/blogdofarnesio.com.br\/#\/schema\/person\/bb9b23ae3ad0609ce8df7b6c9e76824d","name":"Farn\u00e9sio","image":{"@type":"ImageObject","inLanguage":"pt-BR","@id":"https:\/\/secure.gravatar.com\/avatar\/986aa4c61ccdb66f8555bf88fc2a65609d00bcabd4d2d94377a727547345cbca?s=96&d=mm&r=g","url":"https:\/\/secure.gravatar.com\/avatar\/986aa4c61ccdb66f8555bf88fc2a65609d00bcabd4d2d94377a727547345cbca?s=96&d=mm&r=g","contentUrl":"https:\/\/secure.gravatar.com\/avatar\/986aa4c61ccdb66f8555bf88fc2a65609d00bcabd4d2d94377a727547345cbca?s=96&d=mm&r=g","caption":"Farn\u00e9sio"},"description":"Radialista blogueiro, chegou a Petrolina\/Juazeiro em setembro de 1980, Farn\u00e9sio Silva \u00e9 de Arapiraca-Alagoas.","sameAs":["http:\/\/blogdofarnesio.com.br","https:\/\/www.facebook.com\/?ref=tn_tnmn","https:\/\/www.instagram.com\/?utm_source=pwa_homescreen","https:\/\/youtube.com.br\/"],"url":"https:\/\/blogdofarnesio.com.br\/?author=2"}]}},"_links":{"self":[{"href":"https:\/\/blogdofarnesio.com.br\/index.php?rest_route=\/wp\/v2\/posts\/380157","targetHints":{"allow":["GET"]}}],"collection":[{"href":"https:\/\/blogdofarnesio.com.br\/index.php?rest_route=\/wp\/v2\/posts"}],"about":[{"href":"https:\/\/blogdofarnesio.com.br\/index.php?rest_route=\/wp\/v2\/types\/post"}],"author":[{"embeddable":true,"href":"https:\/\/blogdofarnesio.com.br\/index.php?rest_route=\/wp\/v2\/users\/2"}],"replies":[{"embeddable":true,"href":"https:\/\/blogdofarnesio.com.br\/index.php?rest_route=%2Fwp%2Fv2%2Fcomments&post=380157"}],"version-history":[{"count":0,"href":"https:\/\/blogdofarnesio.com.br\/index.php?rest_route=\/wp\/v2\/posts\/380157\/revisions"}],"wp:featuredmedia":[{"embeddable":true,"href":"https:\/\/blogdofarnesio.com.br\/index.php?rest_route=\/wp\/v2\/media\/364421"}],"wp:attachment":[{"href":"https:\/\/blogdofarnesio.com.br\/index.php?rest_route=%2Fwp%2Fv2%2Fmedia&parent=380157"}],"wp:term":[{"taxonomy":"category","embeddable":true,"href":"https:\/\/blogdofarnesio.com.br\/index.php?rest_route=%2Fwp%2Fv2%2Fcategories&post=380157"},{"taxonomy":"post_tag","embeddable":true,"href":"https:\/\/blogdofarnesio.com.br\/index.php?rest_route=%2Fwp%2Fv2%2Ftags&post=380157"}],"curies":[{"name":"wp","href":"https:\/\/api.w.org\/{rel}","templated":true}]}}