{"id":379930,"date":"2024-10-26T07:30:00","date_gmt":"2024-10-26T10:30:00","guid":{"rendered":"https:\/\/blogdofarnesio.com.br\/?p=379930"},"modified":"2024-10-25T19:22:25","modified_gmt":"2024-10-25T22:22:25","slug":"ministerio-publico-intima-prefeitura-de-petrolina-elaborar-urgente-plano-de-contingencia-para-evitar-alagamentos-causados-pelas-chuvas","status":"publish","type":"post","link":"https:\/\/blogdofarnesio.com.br\/?p=379930","title":{"rendered":"Minist\u00e9rio P\u00fablico intima prefeitura de Petrolina elaborar urgente, plano de conting\u00eancia para evitar alagamentos causados pelas chuvas."},"content":{"rendered":"<h1 class=\"post-title entry-title\"><em><span style=\"font-size: 16px;\">Prefeito Sim\u00e3o Durando tem 5 dias para se manifestar\u00a0<\/span><\/em><\/h1>\n<div class=\"entry themeform\">\n<div class=\"entry-inner\">\n<p>Para proteger a popula\u00e7\u00e3o de Petrolina de preju\u00edzos e acidentes provocados pelos desastres naturais, o Minist\u00e9rio P\u00fablico de Pernambuco (MPPE) recomendou ao Munic\u00edpio de Petrolina que mobilize seus \u00f3rg\u00e3os competentes e providencie imediatamente a elabora\u00e7\u00e3o, aprova\u00e7\u00e3o e\/ou revis\u00e3o do Plano de Conting\u00eancia, observando o Manual T\u00e9cnico de Defesa Civil para gest\u00e3o de riscos e desastres.<\/p>\n<p>Assim, a Promotora de Justi\u00e7a, Rosane Moreira Cavalcanti, titular da 3\u00aa Promotoria de Justi\u00e7a de Defesa da Cidadania do munic\u00edpio, lembra no texto da recomenda\u00e7\u00e3o que se aproxima o per\u00edodo da quadra chuvosa para o ano de 2024 e, com ele, a necessidade de desenvolver a\u00e7\u00f5es, procedimentos e diretrizes a serem adotados nos casos de desastres naturais, com medidas de preven\u00e7\u00e3o, mitigadoras e preparat\u00f3rias de car\u00e1ter emergencial desenvolvido pela Defesa Civil Municipal.<\/p>\n<p class=\"\"><img loading=\"lazy\" decoding=\"async\" class=\"aligncenter size-full wp-image-68467 tc-smart-loaded\" src=\"http:\/\/blogdoeveraldo.com\/wp-content\/uploads\/2024\/10\/MOTO-26.jpg\" sizes=\"auto, (max-width: 700px) 100vw, 700px\" srcset=\"https:\/\/blogdoeveraldo.com\/wp-content\/uploads\/2024\/10\/MOTO-26.jpg 700w, https:\/\/blogdoeveraldo.com\/wp-content\/uploads\/2024\/10\/MOTO-26-300x171.jpg 300w\" alt=\"\" width=\"700\" height=\"400\" \/><\/p>\n<p>Segundo ela, n\u00e3o h\u00e1 not\u00edcia de que o Munic\u00edpio de Petrolina disponha de Plano de Conting\u00eancia pr\u00f3prio, mesmo sendo inclu\u00eddo no cadastro nacional de munic\u00edpios com \u00e1reas suscet\u00edveis \u00e0 ocorr\u00eancia de enxurrada de grande impacto, inunda\u00e7\u00f5es bruscas, alagamentos ou processos geol\u00f3gicos ou hidrol\u00f3gicos correlatos, \u00e0 revelia da obriga\u00e7\u00e3o contida na Lei Federal n\u00ba 12.340, de 1\u00ba de dezembro de 2010.<\/p>\n<p>\u201cDe acordo com a Lei n\u00ba 10.257\/2001 (Estatuto da Cidade), a pol\u00edtica urbana tem por objetivo ordenar o pleno desenvolvimento das fun\u00e7\u00f5es sociais da cidade e da propriedade urbana, constituindo uma de suas diretrizes gerais a ordena\u00e7\u00e3o e controle do uso do solo, de forma a evitar a exposi\u00e7\u00e3o da popula\u00e7\u00e3o a riscos de desastres\u201d, pontuou a Promotora de Justi\u00e7a.<\/p>\n<p>A recomenda\u00e7\u00e3o ainda lista alguns locais reiteradamente afetados pelos alagamentos causados pelas chuvas, ano a ano, em Petrolina. Como exemplos: lagoas do Jatob\u00e1, que causam transtornos a residentes do bairro e logradouros adjacentes; lagoa natural dos Carneiros, que sempre transborda \u00e0 avenida das Pedrinhas causando o ilhamento de quem reside no per\u00edmetro, pois foi aterrada por constru\u00e7\u00f5es.<\/p>\n<p>Os bairros Ant\u00f4nio Cassimiro, Mandacaru, Jo\u00e3o de Deus, e v\u00e1rios outros nas \u00e1reas perif\u00e9ricas da cidade-sede, n\u00e3o possuem nenhum tipo de equipamento para drenagem de \u00e1guas pluviais, tampouco de esgotamento sanit\u00e1rio, circunst\u00e2ncia que agrava ainda mais o fato da invas\u00e3o da \u00e1gua das chuvas \u00e0s resid\u00eancias dos moradores.<\/p>\n<p>Outros problemas de escoamento das \u00e1guas tamb\u00e9m s\u00e3o registrados em regi\u00f5es do bairro Vila Eduardo, Loteamento Nova York e Padre C\u00edcero, que tiveram passagens de \u00e1guas pluviais barradas; o Loteamento Nossa Senhora de F\u00e1tima, implantado de forma irregular, sem drenagem, sem pavimenta\u00e7\u00e3o, dentre outras car\u00eancias, que frequentemente sofre nos per\u00edodos chuvosos; entre outros pontos problem\u00e1ticos.<\/p>\n<p>O Munic\u00edpio tem cinco dias para acatar ou n\u00e3o a recomenda\u00e7\u00e3o ministerial.<\/p>\n<\/div>\n<\/div>\n","protected":false},"excerpt":{"rendered":"<p>Prefeito Sim\u00e3o Durando tem 5 dias para se manifestar\u00a0 Para proteger a popula\u00e7\u00e3o de Petrolina de preju\u00edzos e acidentes provocados pelos desastres naturais, o Minist\u00e9rio P\u00fablico de Pernambuco (MPPE) recomendou ao Munic\u00edpio de Petrolina que mobilize seus \u00f3rg\u00e3os competentes e providencie imediatamente a elabora\u00e7\u00e3o, aprova\u00e7\u00e3o e\/ou revis\u00e3o do Plano de Conting\u00eancia, observando o Manual T\u00e9cnico de Defesa Civil para gest\u00e3o de riscos e desastres. Assim, a Promotora de Justi\u00e7a, Rosane Moreira Cavalcanti, titular da 3\u00aa Promotoria de Justi\u00e7a de Defesa da Cidadania do munic\u00edpio, lembra no texto da recomenda\u00e7\u00e3o que se aproxima o per\u00edodo da quadra chuvosa para o ano de 2024 e, com ele, a necessidade de desenvolver a\u00e7\u00f5es, procedimentos e diretrizes a serem adotados nos casos de desastres&hellip; <\/p>\n","protected":false},"author":2,"featured_media":365309,"comment_status":"open","ping_status":"open","sticky":false,"template":"","format":"standard","meta":{"_acf_changed":false,"footnotes":""},"categories":[23],"tags":[],"class_list":["post-379930","post","type-post","status-publish","format-standard","has-post-thumbnail","hentry","category-justica"],"acf":[],"yoast_head":"<!-- This site is optimized with the Yoast SEO plugin v27.4 - https:\/\/yoast.com\/product\/yoast-seo-wordpress\/ -->\n<title>Minist\u00e9rio P\u00fablico intima prefeitura de Petrolina elaborar urgente, plano de conting\u00eancia para evitar alagamentos causados pelas chuvas. - Blog do Farn\u00e9sio<\/title>\n<meta name=\"robots\" content=\"index, follow, max-snippet:-1, max-image-preview:large, max-video-preview:-1\" \/>\n<link rel=\"canonical\" href=\"https:\/\/blogdofarnesio.com.br\/?p=379930\" \/>\n<meta property=\"og:locale\" content=\"pt_BR\" \/>\n<meta property=\"og:type\" content=\"article\" \/>\n<meta property=\"og:title\" content=\"Minist\u00e9rio P\u00fablico intima prefeitura de Petrolina elaborar urgente, plano de conting\u00eancia para evitar alagamentos causados pelas chuvas. - Blog do Farn\u00e9sio\" \/>\n<meta property=\"og:description\" content=\"Prefeito Sim\u00e3o Durando tem 5 dias para se manifestar\u00a0 Para proteger a popula\u00e7\u00e3o de Petrolina de preju\u00edzos e acidentes provocados pelos desastres naturais, o Minist\u00e9rio P\u00fablico de Pernambuco (MPPE) recomendou ao Munic\u00edpio de Petrolina que mobilize seus \u00f3rg\u00e3os competentes e providencie imediatamente a elabora\u00e7\u00e3o, aprova\u00e7\u00e3o e\/ou revis\u00e3o do Plano de Conting\u00eancia, observando o Manual T\u00e9cnico de Defesa Civil para gest\u00e3o de riscos e desastres. Assim, a Promotora de Justi\u00e7a, Rosane Moreira Cavalcanti, titular da 3\u00aa Promotoria de Justi\u00e7a de Defesa da Cidadania do munic\u00edpio, lembra no texto da recomenda\u00e7\u00e3o que se aproxima o per\u00edodo da quadra chuvosa para o ano de 2024 e, com ele, a necessidade de desenvolver a\u00e7\u00f5es, procedimentos e diretrizes a serem adotados nos casos de desastres&hellip;\" \/>\n<meta property=\"og:url\" content=\"https:\/\/blogdofarnesio.com.br\/?p=379930\" \/>\n<meta property=\"og:site_name\" content=\"Blog do Farn\u00e9sio\" \/>\n<meta property=\"article:publisher\" content=\"https:\/\/www.facebook.com\/BlogQuerSaberPolitica\/\" \/>\n<meta property=\"article:author\" content=\"https:\/\/www.facebook.com\/?ref=tn_tnmn\" \/>\n<meta property=\"article:published_time\" content=\"2024-10-26T10:30:00+00:00\" \/>\n<meta property=\"og:image\" content=\"https:\/\/blogdofarnesio.com.br\/wp-content\/uploads\/2024\/04\/blogqsppet-chuvas-jatoba-foto-farnesio-silva-3-e1712340907377.jpg\" \/>\n\t<meta property=\"og:image:width\" content=\"600\" \/>\n\t<meta property=\"og:image:height\" content=\"383\" \/>\n\t<meta property=\"og:image:type\" content=\"image\/jpeg\" \/>\n<meta name=\"author\" content=\"Farn\u00e9sio\" \/>\n<meta name=\"twitter:card\" content=\"summary_large_image\" \/>\n<meta name=\"twitter:label1\" content=\"Escrito por\" \/>\n\t<meta name=\"twitter:data1\" content=\"Farn\u00e9sio\" \/>\n\t<meta name=\"twitter:label2\" content=\"Est. tempo de leitura\" \/>\n\t<meta name=\"twitter:data2\" content=\"3 minutos\" \/>\n<script type=\"application\/ld+json\" class=\"yoast-schema-graph\">{\"@context\":\"https:\\\/\\\/schema.org\",\"@graph\":[{\"@type\":\"Article\",\"@id\":\"https:\\\/\\\/blogdofarnesio.com.br\\\/?p=379930#article\",\"isPartOf\":{\"@id\":\"https:\\\/\\\/blogdofarnesio.com.br\\\/?p=379930\"},\"author\":{\"name\":\"Farn\u00e9sio\",\"@id\":\"https:\\\/\\\/blogdofarnesio.com.br\\\/#\\\/schema\\\/person\\\/bb9b23ae3ad0609ce8df7b6c9e76824d\"},\"headline\":\"Minist\u00e9rio P\u00fablico intima prefeitura de Petrolina elaborar urgente, plano de conting\u00eancia para evitar alagamentos causados pelas chuvas.\",\"datePublished\":\"2024-10-26T10:30:00+00:00\",\"mainEntityOfPage\":{\"@id\":\"https:\\\/\\\/blogdofarnesio.com.br\\\/?p=379930\"},\"wordCount\":504,\"commentCount\":0,\"publisher\":{\"@id\":\"https:\\\/\\\/blogdofarnesio.com.br\\\/#organization\"},\"image\":{\"@id\":\"https:\\\/\\\/blogdofarnesio.com.br\\\/?p=379930#primaryimage\"},\"thumbnailUrl\":\"https:\\\/\\\/blogdofarnesio.com.br\\\/wp-content\\\/uploads\\\/2024\\\/04\\\/blogqsppet-chuvas-jatoba-foto-farnesio-silva-3-e1712340907377.jpg\",\"articleSection\":[\"Justi\u00e7a\"],\"inLanguage\":\"pt-BR\",\"potentialAction\":[{\"@type\":\"CommentAction\",\"name\":\"Comment\",\"target\":[\"https:\\\/\\\/blogdofarnesio.com.br\\\/?p=379930#respond\"]}]},{\"@type\":\"WebPage\",\"@id\":\"https:\\\/\\\/blogdofarnesio.com.br\\\/?p=379930\",\"url\":\"https:\\\/\\\/blogdofarnesio.com.br\\\/?p=379930\",\"name\":\"Minist\u00e9rio P\u00fablico intima prefeitura de Petrolina elaborar urgente, plano de conting\u00eancia para evitar alagamentos causados pelas chuvas. - Blog do Farn\u00e9sio\",\"isPartOf\":{\"@id\":\"https:\\\/\\\/blogdofarnesio.com.br\\\/#website\"},\"primaryImageOfPage\":{\"@id\":\"https:\\\/\\\/blogdofarnesio.com.br\\\/?p=379930#primaryimage\"},\"image\":{\"@id\":\"https:\\\/\\\/blogdofarnesio.com.br\\\/?p=379930#primaryimage\"},\"thumbnailUrl\":\"https:\\\/\\\/blogdofarnesio.com.br\\\/wp-content\\\/uploads\\\/2024\\\/04\\\/blogqsppet-chuvas-jatoba-foto-farnesio-silva-3-e1712340907377.jpg\",\"datePublished\":\"2024-10-26T10:30:00+00:00\",\"breadcrumb\":{\"@id\":\"https:\\\/\\\/blogdofarnesio.com.br\\\/?p=379930#breadcrumb\"},\"inLanguage\":\"pt-BR\",\"potentialAction\":[{\"@type\":\"ReadAction\",\"target\":[\"https:\\\/\\\/blogdofarnesio.com.br\\\/?p=379930\"]}]},{\"@type\":\"ImageObject\",\"inLanguage\":\"pt-BR\",\"@id\":\"https:\\\/\\\/blogdofarnesio.com.br\\\/?p=379930#primaryimage\",\"url\":\"https:\\\/\\\/blogdofarnesio.com.br\\\/wp-content\\\/uploads\\\/2024\\\/04\\\/blogqsppet-chuvas-jatoba-foto-farnesio-silva-3-e1712340907377.jpg\",\"contentUrl\":\"https:\\\/\\\/blogdofarnesio.com.br\\\/wp-content\\\/uploads\\\/2024\\\/04\\\/blogqsppet-chuvas-jatoba-foto-farnesio-silva-3-e1712340907377.jpg\",\"width\":600,\"height\":383,\"caption\":\"Lagoa do Jatob\u00e1 Foto Farn\u00e9sio Silva\"},{\"@type\":\"BreadcrumbList\",\"@id\":\"https:\\\/\\\/blogdofarnesio.com.br\\\/?p=379930#breadcrumb\",\"itemListElement\":[{\"@type\":\"ListItem\",\"position\":1,\"name\":\"In\u00edcio\",\"item\":\"https:\\\/\\\/blogdofarnesio.com.br\\\/\"},{\"@type\":\"ListItem\",\"position\":2,\"name\":\"Minist\u00e9rio P\u00fablico intima prefeitura de Petrolina elaborar urgente, plano de conting\u00eancia para evitar alagamentos causados pelas chuvas.\"}]},{\"@type\":\"WebSite\",\"@id\":\"https:\\\/\\\/blogdofarnesio.com.br\\\/#website\",\"url\":\"https:\\\/\\\/blogdofarnesio.com.br\\\/\",\"name\":\"Blog do Farn\u00e9sio\",\"description\":\"Quer Saber Pol\u00edtica?\",\"publisher\":{\"@id\":\"https:\\\/\\\/blogdofarnesio.com.br\\\/#organization\"},\"potentialAction\":[{\"@type\":\"SearchAction\",\"target\":{\"@type\":\"EntryPoint\",\"urlTemplate\":\"https:\\\/\\\/blogdofarnesio.com.br\\\/?s={search_term_string}\"},\"query-input\":{\"@type\":\"PropertyValueSpecification\",\"valueRequired\":true,\"valueName\":\"search_term_string\"}}],\"inLanguage\":\"pt-BR\"},{\"@type\":\"Organization\",\"@id\":\"https:\\\/\\\/blogdofarnesio.com.br\\\/#organization\",\"name\":\"Blog do Farn\u00e9sio\",\"url\":\"https:\\\/\\\/blogdofarnesio.com.br\\\/\",\"logo\":{\"@type\":\"ImageObject\",\"inLanguage\":\"pt-BR\",\"@id\":\"https:\\\/\\\/blogdofarnesio.com.br\\\/#\\\/schema\\\/logo\\\/image\\\/\",\"url\":\"https:\\\/\\\/blogdofarnesio.com.br\\\/wp-content\\\/uploads\\\/2026\\\/03\\\/cropped-logo_new-1.png\",\"contentUrl\":\"https:\\\/\\\/blogdofarnesio.com.br\\\/wp-content\\\/uploads\\\/2026\\\/03\\\/cropped-logo_new-1.png\",\"width\":881,\"height\":685,\"caption\":\"Blog do Farn\u00e9sio\"},\"image\":{\"@id\":\"https:\\\/\\\/blogdofarnesio.com.br\\\/#\\\/schema\\\/logo\\\/image\\\/\"},\"sameAs\":[\"https:\\\/\\\/www.facebook.com\\\/BlogQuerSaberPolitica\\\/\"]},{\"@type\":\"Person\",\"@id\":\"https:\\\/\\\/blogdofarnesio.com.br\\\/#\\\/schema\\\/person\\\/bb9b23ae3ad0609ce8df7b6c9e76824d\",\"name\":\"Farn\u00e9sio\",\"image\":{\"@type\":\"ImageObject\",\"inLanguage\":\"pt-BR\",\"@id\":\"https:\\\/\\\/secure.gravatar.com\\\/avatar\\\/986aa4c61ccdb66f8555bf88fc2a65609d00bcabd4d2d94377a727547345cbca?s=96&d=mm&r=g\",\"url\":\"https:\\\/\\\/secure.gravatar.com\\\/avatar\\\/986aa4c61ccdb66f8555bf88fc2a65609d00bcabd4d2d94377a727547345cbca?s=96&d=mm&r=g\",\"contentUrl\":\"https:\\\/\\\/secure.gravatar.com\\\/avatar\\\/986aa4c61ccdb66f8555bf88fc2a65609d00bcabd4d2d94377a727547345cbca?s=96&d=mm&r=g\",\"caption\":\"Farn\u00e9sio\"},\"description\":\"Radialista blogueiro, chegou a Petrolina\\\/Juazeiro em setembro de 1980, Farn\u00e9sio Silva \u00e9 de Arapiraca-Alagoas.\",\"sameAs\":[\"http:\\\/\\\/blogdofarnesio.com.br\",\"https:\\\/\\\/www.facebook.com\\\/?ref=tn_tnmn\",\"https:\\\/\\\/www.instagram.com\\\/?utm_source=pwa_homescreen\",\"https:\\\/\\\/youtube.com.br\\\/\"],\"url\":\"https:\\\/\\\/blogdofarnesio.com.br\\\/?author=2\"}]}<\/script>\n<!-- \/ Yoast SEO plugin. -->","yoast_head_json":{"title":"Minist\u00e9rio P\u00fablico intima prefeitura de Petrolina elaborar urgente, plano de conting\u00eancia para evitar alagamentos causados pelas chuvas. - Blog do Farn\u00e9sio","robots":{"index":"index","follow":"follow","max-snippet":"max-snippet:-1","max-image-preview":"max-image-preview:large","max-video-preview":"max-video-preview:-1"},"canonical":"https:\/\/blogdofarnesio.com.br\/?p=379930","og_locale":"pt_BR","og_type":"article","og_title":"Minist\u00e9rio P\u00fablico intima prefeitura de Petrolina elaborar urgente, plano de conting\u00eancia para evitar alagamentos causados pelas chuvas. - Blog do Farn\u00e9sio","og_description":"Prefeito Sim\u00e3o Durando tem 5 dias para se manifestar\u00a0 Para proteger a popula\u00e7\u00e3o de Petrolina de preju\u00edzos e acidentes provocados pelos desastres naturais, o Minist\u00e9rio P\u00fablico de Pernambuco (MPPE) recomendou ao Munic\u00edpio de Petrolina que mobilize seus \u00f3rg\u00e3os competentes e providencie imediatamente a elabora\u00e7\u00e3o, aprova\u00e7\u00e3o e\/ou revis\u00e3o do Plano de Conting\u00eancia, observando o Manual T\u00e9cnico de Defesa Civil para gest\u00e3o de riscos e desastres. Assim, a Promotora de Justi\u00e7a, Rosane Moreira Cavalcanti, titular da 3\u00aa Promotoria de Justi\u00e7a de Defesa da Cidadania do munic\u00edpio, lembra no texto da recomenda\u00e7\u00e3o que se aproxima o per\u00edodo da quadra chuvosa para o ano de 2024 e, com ele, a necessidade de desenvolver a\u00e7\u00f5es, procedimentos e diretrizes a serem adotados nos casos de desastres&hellip;","og_url":"https:\/\/blogdofarnesio.com.br\/?p=379930","og_site_name":"Blog do Farn\u00e9sio","article_publisher":"https:\/\/www.facebook.com\/BlogQuerSaberPolitica\/","article_author":"https:\/\/www.facebook.com\/?ref=tn_tnmn","article_published_time":"2024-10-26T10:30:00+00:00","og_image":[{"width":600,"height":383,"url":"https:\/\/blogdofarnesio.com.br\/wp-content\/uploads\/2024\/04\/blogqsppet-chuvas-jatoba-foto-farnesio-silva-3-e1712340907377.jpg","type":"image\/jpeg"}],"author":"Farn\u00e9sio","twitter_card":"summary_large_image","twitter_misc":{"Escrito por":"Farn\u00e9sio","Est. tempo de leitura":"3 minutos"},"schema":{"@context":"https:\/\/schema.org","@graph":[{"@type":"Article","@id":"https:\/\/blogdofarnesio.com.br\/?p=379930#article","isPartOf":{"@id":"https:\/\/blogdofarnesio.com.br\/?p=379930"},"author":{"name":"Farn\u00e9sio","@id":"https:\/\/blogdofarnesio.com.br\/#\/schema\/person\/bb9b23ae3ad0609ce8df7b6c9e76824d"},"headline":"Minist\u00e9rio P\u00fablico intima prefeitura de Petrolina elaborar urgente, plano de conting\u00eancia para evitar alagamentos causados pelas chuvas.","datePublished":"2024-10-26T10:30:00+00:00","mainEntityOfPage":{"@id":"https:\/\/blogdofarnesio.com.br\/?p=379930"},"wordCount":504,"commentCount":0,"publisher":{"@id":"https:\/\/blogdofarnesio.com.br\/#organization"},"image":{"@id":"https:\/\/blogdofarnesio.com.br\/?p=379930#primaryimage"},"thumbnailUrl":"https:\/\/blogdofarnesio.com.br\/wp-content\/uploads\/2024\/04\/blogqsppet-chuvas-jatoba-foto-farnesio-silva-3-e1712340907377.jpg","articleSection":["Justi\u00e7a"],"inLanguage":"pt-BR","potentialAction":[{"@type":"CommentAction","name":"Comment","target":["https:\/\/blogdofarnesio.com.br\/?p=379930#respond"]}]},{"@type":"WebPage","@id":"https:\/\/blogdofarnesio.com.br\/?p=379930","url":"https:\/\/blogdofarnesio.com.br\/?p=379930","name":"Minist\u00e9rio P\u00fablico intima prefeitura de Petrolina elaborar urgente, plano de conting\u00eancia para evitar alagamentos causados pelas chuvas. - Blog do Farn\u00e9sio","isPartOf":{"@id":"https:\/\/blogdofarnesio.com.br\/#website"},"primaryImageOfPage":{"@id":"https:\/\/blogdofarnesio.com.br\/?p=379930#primaryimage"},"image":{"@id":"https:\/\/blogdofarnesio.com.br\/?p=379930#primaryimage"},"thumbnailUrl":"https:\/\/blogdofarnesio.com.br\/wp-content\/uploads\/2024\/04\/blogqsppet-chuvas-jatoba-foto-farnesio-silva-3-e1712340907377.jpg","datePublished":"2024-10-26T10:30:00+00:00","breadcrumb":{"@id":"https:\/\/blogdofarnesio.com.br\/?p=379930#breadcrumb"},"inLanguage":"pt-BR","potentialAction":[{"@type":"ReadAction","target":["https:\/\/blogdofarnesio.com.br\/?p=379930"]}]},{"@type":"ImageObject","inLanguage":"pt-BR","@id":"https:\/\/blogdofarnesio.com.br\/?p=379930#primaryimage","url":"https:\/\/blogdofarnesio.com.br\/wp-content\/uploads\/2024\/04\/blogqsppet-chuvas-jatoba-foto-farnesio-silva-3-e1712340907377.jpg","contentUrl":"https:\/\/blogdofarnesio.com.br\/wp-content\/uploads\/2024\/04\/blogqsppet-chuvas-jatoba-foto-farnesio-silva-3-e1712340907377.jpg","width":600,"height":383,"caption":"Lagoa do Jatob\u00e1 Foto Farn\u00e9sio Silva"},{"@type":"BreadcrumbList","@id":"https:\/\/blogdofarnesio.com.br\/?p=379930#breadcrumb","itemListElement":[{"@type":"ListItem","position":1,"name":"In\u00edcio","item":"https:\/\/blogdofarnesio.com.br\/"},{"@type":"ListItem","position":2,"name":"Minist\u00e9rio P\u00fablico intima prefeitura de Petrolina elaborar urgente, plano de conting\u00eancia para evitar alagamentos causados pelas chuvas."}]},{"@type":"WebSite","@id":"https:\/\/blogdofarnesio.com.br\/#website","url":"https:\/\/blogdofarnesio.com.br\/","name":"Blog do Farn\u00e9sio","description":"Quer Saber Pol\u00edtica?","publisher":{"@id":"https:\/\/blogdofarnesio.com.br\/#organization"},"potentialAction":[{"@type":"SearchAction","target":{"@type":"EntryPoint","urlTemplate":"https:\/\/blogdofarnesio.com.br\/?s={search_term_string}"},"query-input":{"@type":"PropertyValueSpecification","valueRequired":true,"valueName":"search_term_string"}}],"inLanguage":"pt-BR"},{"@type":"Organization","@id":"https:\/\/blogdofarnesio.com.br\/#organization","name":"Blog do Farn\u00e9sio","url":"https:\/\/blogdofarnesio.com.br\/","logo":{"@type":"ImageObject","inLanguage":"pt-BR","@id":"https:\/\/blogdofarnesio.com.br\/#\/schema\/logo\/image\/","url":"https:\/\/blogdofarnesio.com.br\/wp-content\/uploads\/2026\/03\/cropped-logo_new-1.png","contentUrl":"https:\/\/blogdofarnesio.com.br\/wp-content\/uploads\/2026\/03\/cropped-logo_new-1.png","width":881,"height":685,"caption":"Blog do Farn\u00e9sio"},"image":{"@id":"https:\/\/blogdofarnesio.com.br\/#\/schema\/logo\/image\/"},"sameAs":["https:\/\/www.facebook.com\/BlogQuerSaberPolitica\/"]},{"@type":"Person","@id":"https:\/\/blogdofarnesio.com.br\/#\/schema\/person\/bb9b23ae3ad0609ce8df7b6c9e76824d","name":"Farn\u00e9sio","image":{"@type":"ImageObject","inLanguage":"pt-BR","@id":"https:\/\/secure.gravatar.com\/avatar\/986aa4c61ccdb66f8555bf88fc2a65609d00bcabd4d2d94377a727547345cbca?s=96&d=mm&r=g","url":"https:\/\/secure.gravatar.com\/avatar\/986aa4c61ccdb66f8555bf88fc2a65609d00bcabd4d2d94377a727547345cbca?s=96&d=mm&r=g","contentUrl":"https:\/\/secure.gravatar.com\/avatar\/986aa4c61ccdb66f8555bf88fc2a65609d00bcabd4d2d94377a727547345cbca?s=96&d=mm&r=g","caption":"Farn\u00e9sio"},"description":"Radialista blogueiro, chegou a Petrolina\/Juazeiro em setembro de 1980, Farn\u00e9sio Silva \u00e9 de Arapiraca-Alagoas.","sameAs":["http:\/\/blogdofarnesio.com.br","https:\/\/www.facebook.com\/?ref=tn_tnmn","https:\/\/www.instagram.com\/?utm_source=pwa_homescreen","https:\/\/youtube.com.br\/"],"url":"https:\/\/blogdofarnesio.com.br\/?author=2"}]}},"_links":{"self":[{"href":"https:\/\/blogdofarnesio.com.br\/index.php?rest_route=\/wp\/v2\/posts\/379930","targetHints":{"allow":["GET"]}}],"collection":[{"href":"https:\/\/blogdofarnesio.com.br\/index.php?rest_route=\/wp\/v2\/posts"}],"about":[{"href":"https:\/\/blogdofarnesio.com.br\/index.php?rest_route=\/wp\/v2\/types\/post"}],"author":[{"embeddable":true,"href":"https:\/\/blogdofarnesio.com.br\/index.php?rest_route=\/wp\/v2\/users\/2"}],"replies":[{"embeddable":true,"href":"https:\/\/blogdofarnesio.com.br\/index.php?rest_route=%2Fwp%2Fv2%2Fcomments&post=379930"}],"version-history":[{"count":0,"href":"https:\/\/blogdofarnesio.com.br\/index.php?rest_route=\/wp\/v2\/posts\/379930\/revisions"}],"wp:featuredmedia":[{"embeddable":true,"href":"https:\/\/blogdofarnesio.com.br\/index.php?rest_route=\/wp\/v2\/media\/365309"}],"wp:attachment":[{"href":"https:\/\/blogdofarnesio.com.br\/index.php?rest_route=%2Fwp%2Fv2%2Fmedia&parent=379930"}],"wp:term":[{"taxonomy":"category","embeddable":true,"href":"https:\/\/blogdofarnesio.com.br\/index.php?rest_route=%2Fwp%2Fv2%2Fcategories&post=379930"},{"taxonomy":"post_tag","embeddable":true,"href":"https:\/\/blogdofarnesio.com.br\/index.php?rest_route=%2Fwp%2Fv2%2Ftags&post=379930"}],"curies":[{"name":"wp","href":"https:\/\/api.w.org\/{rel}","templated":true}]}}