{"id":379917,"date":"2024-10-26T09:30:21","date_gmt":"2024-10-26T12:30:21","guid":{"rendered":"https:\/\/blogdofarnesio.com.br\/?p=379917"},"modified":"2024-10-25T17:33:40","modified_gmt":"2024-10-25T20:33:40","slug":"historia-de-glorias-encerrada-sem-dinheiro-versao-impressa-do-diario-de-pernambuco-deixa-de-circular-a-partir-de-segunda","status":"publish","type":"post","link":"https:\/\/blogdofarnesio.com.br\/?p=379917","title":{"rendered":"99 anos de gl\u00f3rias. Sem dinheiro, vers\u00e3o impressa do Di\u00e1rio de Pernambuco deixa de circular a partir de segunda"},"content":{"rendered":"<div class=\"td-post-text-content\">\n<figure id=\"attachment_152757\" class=\"wp-caption alignleft\" style=\"width: 338px;\" aria-describedby=\"caption-attachment-152757\"><img loading=\"lazy\" decoding=\"async\" class=\" wp-image-152757\" src=\"https:\/\/www.blogdorobertoararipina.com.br\/wp-content\/uploads\/2024\/10\/images.jpg\" alt=\"\" width=\"338\" height=\"422\" \/><figcaption id=\"caption-attachment-152757\" class=\"wp-caption-text\">Foto: reprodu\u00e7\u00e3o<\/figcaption><\/figure>\n<p>Prestes a completar 199 anos, o Diario de Pernambuco anunciou, nesta sexta-feira (25) que o jornal n\u00e3o ir\u00e1 circular em sua vers\u00e3o impressa a partir da pr\u00f3xima segunda-feira (28), alegando \u201cajustes visuais e operacionais\u201d. De acordo com o comunicado divulgado, o peri\u00f3dico voltaria a ser impresso no dia 6 de novembro.<\/p>\n<p>Mas, na verdade, segundo o que apuramos, o jornal deixar\u00e1 de circular porque est\u00e1 sem dinheiro para pagar a gr\u00e1fica, que \u00e9 terceirizada. A situa\u00e7\u00e3o \u00e9 t\u00e3o grave que mais uma vez o Diario n\u00e3o pagou sequer os sal\u00e1rios dos seus funcion\u00e1rios e nem tem previs\u00e3o de quando ir\u00e1 pagar.<\/p>\n<p>O jornal acumula milh\u00f5es de reais em d\u00edvidas com seus empregados e ex-empregados. H\u00e1 mais de 400 processos trabalhistas na Justi\u00e7a. No semana passada, a 10\u00aa Vara do Tribunal Regional do Trabalho determinou que o Diario pague tudo o que deve aos seus colaboradores e ex-colaboradores imediatamente.<\/p>\n<p>A ju\u00edza Maria Carla Dourado deu 30 dias para que o jornal apresente o cronograma de pagamento dos t\u00edtulos salariais vencidos dos empregados e ex-empregados. Caso n\u00e3o cumpra a determina\u00e7\u00e3o judicial, ter\u00e1 que pagar multa di\u00e1ria de R$ 1 mil. A magistrada estabeleceu tamb\u00e9m um prazo de 60 dias para que o peri\u00f3dico demonstre documentalmente nos autos a ado\u00e7\u00e3o de todas as provid\u00eancias necess\u00e1rias para as<br \/>\nregulariza\u00e7\u00f5es determinadas, sob pena de multa de R$ 500 por cada empregado prejudicado.<\/p>\n<p>A ju\u00edza diz no seu despacho que \u201cos riscos inerentes \u00e0 atividade econ\u00f4mica devem ser suportados exclusivamente pelo empregador (art. 2\u00b0, CLT), de modo que tolerar a sonega\u00e7\u00e3o dos direitos trabalhistas dos trabalhadores, em nome de uma tentativa de impedir o colapso institucional e financeiro da empresa, al\u00e9m de significar uma transfer\u00eancia indevida dos riscos da atividade econ\u00f4mica aos empregados, consiste em uma vulnera\u00e7\u00e3o inaceit\u00e1vel do objetivo maior que rege o funcionamento da Ordem Econ\u00f4mica, o qual diz respeito a garantir a exist\u00eancia digna de todos, a qual n\u00e3o pode ser atingida, caso se negue ao trabalhador o direito de sustentar-se a si pr\u00f3prio e a sua fam\u00edlia por meio da contrapresta\u00e7\u00e3o salarial<br \/>\ndigna do seu trabalho\u201d. (Blog do Magno)<\/p>\n<\/div>\n","protected":false},"excerpt":{"rendered":"<p>Foto: reprodu\u00e7\u00e3o Prestes a completar 199 anos, o Diario de Pernambuco anunciou, nesta sexta-feira (25) que o jornal n\u00e3o ir\u00e1 circular em sua vers\u00e3o impressa a partir da pr\u00f3xima segunda-feira (28), alegando \u201cajustes visuais e operacionais\u201d. De acordo com o comunicado divulgado, o peri\u00f3dico voltaria a ser impresso no dia 6 de novembro. Mas, na verdade, segundo o que apuramos, o jornal deixar\u00e1 de circular porque est\u00e1 sem dinheiro para pagar a gr\u00e1fica, que \u00e9 terceirizada. A situa\u00e7\u00e3o \u00e9 t\u00e3o grave que mais uma vez o Diario n\u00e3o pagou sequer os sal\u00e1rios dos seus funcion\u00e1rios e nem tem previs\u00e3o de quando ir\u00e1 pagar. O jornal acumula milh\u00f5es de reais em d\u00edvidas com seus empregados e ex-empregados. H\u00e1 mais de 400&hellip; <\/p>\n","protected":false},"author":2,"featured_media":379918,"comment_status":"open","ping_status":"open","sticky":false,"template":"","format":"standard","meta":{"_acf_changed":false,"footnotes":""},"categories":[10],"tags":[],"class_list":["post-379917","post","type-post","status-publish","format-standard","has-post-thumbnail","hentry","category-cultura"],"acf":[],"yoast_head":"<!-- This site is optimized with the Yoast SEO plugin v27.4 - https:\/\/yoast.com\/product\/yoast-seo-wordpress\/ -->\n<title>99 anos de gl\u00f3rias. Sem dinheiro, vers\u00e3o impressa do Di\u00e1rio de Pernambuco deixa de circular a partir de segunda - Blog do Farn\u00e9sio<\/title>\n<meta name=\"robots\" content=\"index, follow, max-snippet:-1, max-image-preview:large, max-video-preview:-1\" \/>\n<link rel=\"canonical\" href=\"https:\/\/blogdofarnesio.com.br\/?p=379917\" \/>\n<meta property=\"og:locale\" content=\"pt_BR\" \/>\n<meta property=\"og:type\" content=\"article\" \/>\n<meta property=\"og:title\" content=\"99 anos de gl\u00f3rias. Sem dinheiro, vers\u00e3o impressa do Di\u00e1rio de Pernambuco deixa de circular a partir de segunda - Blog do Farn\u00e9sio\" \/>\n<meta property=\"og:description\" content=\"Foto: reprodu\u00e7\u00e3o Prestes a completar 199 anos, o Diario de Pernambuco anunciou, nesta sexta-feira (25) que o jornal n\u00e3o ir\u00e1 circular em sua vers\u00e3o impressa a partir da pr\u00f3xima segunda-feira (28), alegando \u201cajustes visuais e operacionais\u201d. De acordo com o comunicado divulgado, o peri\u00f3dico voltaria a ser impresso no dia 6 de novembro. Mas, na verdade, segundo o que apuramos, o jornal deixar\u00e1 de circular porque est\u00e1 sem dinheiro para pagar a gr\u00e1fica, que \u00e9 terceirizada. A situa\u00e7\u00e3o \u00e9 t\u00e3o grave que mais uma vez o Diario n\u00e3o pagou sequer os sal\u00e1rios dos seus funcion\u00e1rios e nem tem previs\u00e3o de quando ir\u00e1 pagar. O jornal acumula milh\u00f5es de reais em d\u00edvidas com seus empregados e ex-empregados. H\u00e1 mais de 400&hellip;\" \/>\n<meta property=\"og:url\" content=\"https:\/\/blogdofarnesio.com.br\/?p=379917\" \/>\n<meta property=\"og:site_name\" content=\"Blog do Farn\u00e9sio\" \/>\n<meta property=\"article:publisher\" content=\"https:\/\/www.facebook.com\/BlogQuerSaberPolitica\/\" \/>\n<meta property=\"article:author\" content=\"https:\/\/www.facebook.com\/?ref=tn_tnmn\" \/>\n<meta property=\"article:published_time\" content=\"2024-10-26T12:30:21+00:00\" \/>\n<meta property=\"og:image\" content=\"https:\/\/blogdofarnesio.com.br\/wp-content\/uploads\/2024\/10\/Diario-de-Pernambuco-2Jan1837.jpg\" \/>\n\t<meta property=\"og:image:width\" content=\"500\" \/>\n\t<meta property=\"og:image:height\" content=\"327\" \/>\n\t<meta property=\"og:image:type\" content=\"image\/jpeg\" \/>\n<meta name=\"author\" content=\"Farn\u00e9sio\" \/>\n<meta name=\"twitter:card\" content=\"summary_large_image\" \/>\n<meta name=\"twitter:label1\" content=\"Escrito por\" \/>\n\t<meta name=\"twitter:data1\" content=\"Farn\u00e9sio\" \/>\n\t<meta name=\"twitter:label2\" content=\"Est. tempo de leitura\" \/>\n\t<meta name=\"twitter:data2\" content=\"3 minutos\" \/>\n<script type=\"application\/ld+json\" class=\"yoast-schema-graph\">{\"@context\":\"https:\\\/\\\/schema.org\",\"@graph\":[{\"@type\":\"Article\",\"@id\":\"https:\\\/\\\/blogdofarnesio.com.br\\\/?p=379917#article\",\"isPartOf\":{\"@id\":\"https:\\\/\\\/blogdofarnesio.com.br\\\/?p=379917\"},\"author\":{\"name\":\"Farn\u00e9sio\",\"@id\":\"https:\\\/\\\/blogdofarnesio.com.br\\\/#\\\/schema\\\/person\\\/bb9b23ae3ad0609ce8df7b6c9e76824d\"},\"headline\":\"99 anos de gl\u00f3rias. Sem dinheiro, vers\u00e3o impressa do Di\u00e1rio de Pernambuco deixa de circular a partir de segunda\",\"datePublished\":\"2024-10-26T12:30:21+00:00\",\"mainEntityOfPage\":{\"@id\":\"https:\\\/\\\/blogdofarnesio.com.br\\\/?p=379917\"},\"wordCount\":396,\"commentCount\":0,\"publisher\":{\"@id\":\"https:\\\/\\\/blogdofarnesio.com.br\\\/#organization\"},\"image\":{\"@id\":\"https:\\\/\\\/blogdofarnesio.com.br\\\/?p=379917#primaryimage\"},\"thumbnailUrl\":\"https:\\\/\\\/blogdofarnesio.com.br\\\/wp-content\\\/uploads\\\/2024\\\/10\\\/Diario-de-Pernambuco-2Jan1837.jpg\",\"articleSection\":[\"Cultura\"],\"inLanguage\":\"pt-BR\",\"potentialAction\":[{\"@type\":\"CommentAction\",\"name\":\"Comment\",\"target\":[\"https:\\\/\\\/blogdofarnesio.com.br\\\/?p=379917#respond\"]}]},{\"@type\":\"WebPage\",\"@id\":\"https:\\\/\\\/blogdofarnesio.com.br\\\/?p=379917\",\"url\":\"https:\\\/\\\/blogdofarnesio.com.br\\\/?p=379917\",\"name\":\"99 anos de gl\u00f3rias. Sem dinheiro, vers\u00e3o impressa do Di\u00e1rio de Pernambuco deixa de circular a partir de segunda - Blog do Farn\u00e9sio\",\"isPartOf\":{\"@id\":\"https:\\\/\\\/blogdofarnesio.com.br\\\/#website\"},\"primaryImageOfPage\":{\"@id\":\"https:\\\/\\\/blogdofarnesio.com.br\\\/?p=379917#primaryimage\"},\"image\":{\"@id\":\"https:\\\/\\\/blogdofarnesio.com.br\\\/?p=379917#primaryimage\"},\"thumbnailUrl\":\"https:\\\/\\\/blogdofarnesio.com.br\\\/wp-content\\\/uploads\\\/2024\\\/10\\\/Diario-de-Pernambuco-2Jan1837.jpg\",\"datePublished\":\"2024-10-26T12:30:21+00:00\",\"breadcrumb\":{\"@id\":\"https:\\\/\\\/blogdofarnesio.com.br\\\/?p=379917#breadcrumb\"},\"inLanguage\":\"pt-BR\",\"potentialAction\":[{\"@type\":\"ReadAction\",\"target\":[\"https:\\\/\\\/blogdofarnesio.com.br\\\/?p=379917\"]}]},{\"@type\":\"ImageObject\",\"inLanguage\":\"pt-BR\",\"@id\":\"https:\\\/\\\/blogdofarnesio.com.br\\\/?p=379917#primaryimage\",\"url\":\"https:\\\/\\\/blogdofarnesio.com.br\\\/wp-content\\\/uploads\\\/2024\\\/10\\\/Diario-de-Pernambuco-2Jan1837.jpg\",\"contentUrl\":\"https:\\\/\\\/blogdofarnesio.com.br\\\/wp-content\\\/uploads\\\/2024\\\/10\\\/Diario-de-Pernambuco-2Jan1837.jpg\",\"width\":500,\"height\":327},{\"@type\":\"BreadcrumbList\",\"@id\":\"https:\\\/\\\/blogdofarnesio.com.br\\\/?p=379917#breadcrumb\",\"itemListElement\":[{\"@type\":\"ListItem\",\"position\":1,\"name\":\"In\u00edcio\",\"item\":\"https:\\\/\\\/blogdofarnesio.com.br\\\/\"},{\"@type\":\"ListItem\",\"position\":2,\"name\":\"99 anos de gl\u00f3rias. Sem dinheiro, vers\u00e3o impressa do Di\u00e1rio de Pernambuco deixa de circular a partir de segunda\"}]},{\"@type\":\"WebSite\",\"@id\":\"https:\\\/\\\/blogdofarnesio.com.br\\\/#website\",\"url\":\"https:\\\/\\\/blogdofarnesio.com.br\\\/\",\"name\":\"Blog do Farn\u00e9sio\",\"description\":\"Quer Saber Pol\u00edtica?\",\"publisher\":{\"@id\":\"https:\\\/\\\/blogdofarnesio.com.br\\\/#organization\"},\"potentialAction\":[{\"@type\":\"SearchAction\",\"target\":{\"@type\":\"EntryPoint\",\"urlTemplate\":\"https:\\\/\\\/blogdofarnesio.com.br\\\/?s={search_term_string}\"},\"query-input\":{\"@type\":\"PropertyValueSpecification\",\"valueRequired\":true,\"valueName\":\"search_term_string\"}}],\"inLanguage\":\"pt-BR\"},{\"@type\":\"Organization\",\"@id\":\"https:\\\/\\\/blogdofarnesio.com.br\\\/#organization\",\"name\":\"Blog do Farn\u00e9sio\",\"url\":\"https:\\\/\\\/blogdofarnesio.com.br\\\/\",\"logo\":{\"@type\":\"ImageObject\",\"inLanguage\":\"pt-BR\",\"@id\":\"https:\\\/\\\/blogdofarnesio.com.br\\\/#\\\/schema\\\/logo\\\/image\\\/\",\"url\":\"https:\\\/\\\/blogdofarnesio.com.br\\\/wp-content\\\/uploads\\\/2026\\\/03\\\/cropped-logo_new-1.png\",\"contentUrl\":\"https:\\\/\\\/blogdofarnesio.com.br\\\/wp-content\\\/uploads\\\/2026\\\/03\\\/cropped-logo_new-1.png\",\"width\":881,\"height\":685,\"caption\":\"Blog do Farn\u00e9sio\"},\"image\":{\"@id\":\"https:\\\/\\\/blogdofarnesio.com.br\\\/#\\\/schema\\\/logo\\\/image\\\/\"},\"sameAs\":[\"https:\\\/\\\/www.facebook.com\\\/BlogQuerSaberPolitica\\\/\"]},{\"@type\":\"Person\",\"@id\":\"https:\\\/\\\/blogdofarnesio.com.br\\\/#\\\/schema\\\/person\\\/bb9b23ae3ad0609ce8df7b6c9e76824d\",\"name\":\"Farn\u00e9sio\",\"image\":{\"@type\":\"ImageObject\",\"inLanguage\":\"pt-BR\",\"@id\":\"https:\\\/\\\/secure.gravatar.com\\\/avatar\\\/986aa4c61ccdb66f8555bf88fc2a65609d00bcabd4d2d94377a727547345cbca?s=96&d=mm&r=g\",\"url\":\"https:\\\/\\\/secure.gravatar.com\\\/avatar\\\/986aa4c61ccdb66f8555bf88fc2a65609d00bcabd4d2d94377a727547345cbca?s=96&d=mm&r=g\",\"contentUrl\":\"https:\\\/\\\/secure.gravatar.com\\\/avatar\\\/986aa4c61ccdb66f8555bf88fc2a65609d00bcabd4d2d94377a727547345cbca?s=96&d=mm&r=g\",\"caption\":\"Farn\u00e9sio\"},\"description\":\"Radialista blogueiro, chegou a Petrolina\\\/Juazeiro em setembro de 1980, Farn\u00e9sio Silva \u00e9 de Arapiraca-Alagoas.\",\"sameAs\":[\"http:\\\/\\\/blogdofarnesio.com.br\",\"https:\\\/\\\/www.facebook.com\\\/?ref=tn_tnmn\",\"https:\\\/\\\/www.instagram.com\\\/?utm_source=pwa_homescreen\",\"https:\\\/\\\/youtube.com.br\\\/\"],\"url\":\"https:\\\/\\\/blogdofarnesio.com.br\\\/?author=2\"}]}<\/script>\n<!-- \/ Yoast SEO plugin. -->","yoast_head_json":{"title":"99 anos de gl\u00f3rias. Sem dinheiro, vers\u00e3o impressa do Di\u00e1rio de Pernambuco deixa de circular a partir de segunda - Blog do Farn\u00e9sio","robots":{"index":"index","follow":"follow","max-snippet":"max-snippet:-1","max-image-preview":"max-image-preview:large","max-video-preview":"max-video-preview:-1"},"canonical":"https:\/\/blogdofarnesio.com.br\/?p=379917","og_locale":"pt_BR","og_type":"article","og_title":"99 anos de gl\u00f3rias. Sem dinheiro, vers\u00e3o impressa do Di\u00e1rio de Pernambuco deixa de circular a partir de segunda - Blog do Farn\u00e9sio","og_description":"Foto: reprodu\u00e7\u00e3o Prestes a completar 199 anos, o Diario de Pernambuco anunciou, nesta sexta-feira (25) que o jornal n\u00e3o ir\u00e1 circular em sua vers\u00e3o impressa a partir da pr\u00f3xima segunda-feira (28), alegando \u201cajustes visuais e operacionais\u201d. De acordo com o comunicado divulgado, o peri\u00f3dico voltaria a ser impresso no dia 6 de novembro. Mas, na verdade, segundo o que apuramos, o jornal deixar\u00e1 de circular porque est\u00e1 sem dinheiro para pagar a gr\u00e1fica, que \u00e9 terceirizada. A situa\u00e7\u00e3o \u00e9 t\u00e3o grave que mais uma vez o Diario n\u00e3o pagou sequer os sal\u00e1rios dos seus funcion\u00e1rios e nem tem previs\u00e3o de quando ir\u00e1 pagar. O jornal acumula milh\u00f5es de reais em d\u00edvidas com seus empregados e ex-empregados. H\u00e1 mais de 400&hellip;","og_url":"https:\/\/blogdofarnesio.com.br\/?p=379917","og_site_name":"Blog do Farn\u00e9sio","article_publisher":"https:\/\/www.facebook.com\/BlogQuerSaberPolitica\/","article_author":"https:\/\/www.facebook.com\/?ref=tn_tnmn","article_published_time":"2024-10-26T12:30:21+00:00","og_image":[{"width":500,"height":327,"url":"https:\/\/blogdofarnesio.com.br\/wp-content\/uploads\/2024\/10\/Diario-de-Pernambuco-2Jan1837.jpg","type":"image\/jpeg"}],"author":"Farn\u00e9sio","twitter_card":"summary_large_image","twitter_misc":{"Escrito por":"Farn\u00e9sio","Est. tempo de leitura":"3 minutos"},"schema":{"@context":"https:\/\/schema.org","@graph":[{"@type":"Article","@id":"https:\/\/blogdofarnesio.com.br\/?p=379917#article","isPartOf":{"@id":"https:\/\/blogdofarnesio.com.br\/?p=379917"},"author":{"name":"Farn\u00e9sio","@id":"https:\/\/blogdofarnesio.com.br\/#\/schema\/person\/bb9b23ae3ad0609ce8df7b6c9e76824d"},"headline":"99 anos de gl\u00f3rias. Sem dinheiro, vers\u00e3o impressa do Di\u00e1rio de Pernambuco deixa de circular a partir de segunda","datePublished":"2024-10-26T12:30:21+00:00","mainEntityOfPage":{"@id":"https:\/\/blogdofarnesio.com.br\/?p=379917"},"wordCount":396,"commentCount":0,"publisher":{"@id":"https:\/\/blogdofarnesio.com.br\/#organization"},"image":{"@id":"https:\/\/blogdofarnesio.com.br\/?p=379917#primaryimage"},"thumbnailUrl":"https:\/\/blogdofarnesio.com.br\/wp-content\/uploads\/2024\/10\/Diario-de-Pernambuco-2Jan1837.jpg","articleSection":["Cultura"],"inLanguage":"pt-BR","potentialAction":[{"@type":"CommentAction","name":"Comment","target":["https:\/\/blogdofarnesio.com.br\/?p=379917#respond"]}]},{"@type":"WebPage","@id":"https:\/\/blogdofarnesio.com.br\/?p=379917","url":"https:\/\/blogdofarnesio.com.br\/?p=379917","name":"99 anos de gl\u00f3rias. Sem dinheiro, vers\u00e3o impressa do Di\u00e1rio de Pernambuco deixa de circular a partir de segunda - Blog do Farn\u00e9sio","isPartOf":{"@id":"https:\/\/blogdofarnesio.com.br\/#website"},"primaryImageOfPage":{"@id":"https:\/\/blogdofarnesio.com.br\/?p=379917#primaryimage"},"image":{"@id":"https:\/\/blogdofarnesio.com.br\/?p=379917#primaryimage"},"thumbnailUrl":"https:\/\/blogdofarnesio.com.br\/wp-content\/uploads\/2024\/10\/Diario-de-Pernambuco-2Jan1837.jpg","datePublished":"2024-10-26T12:30:21+00:00","breadcrumb":{"@id":"https:\/\/blogdofarnesio.com.br\/?p=379917#breadcrumb"},"inLanguage":"pt-BR","potentialAction":[{"@type":"ReadAction","target":["https:\/\/blogdofarnesio.com.br\/?p=379917"]}]},{"@type":"ImageObject","inLanguage":"pt-BR","@id":"https:\/\/blogdofarnesio.com.br\/?p=379917#primaryimage","url":"https:\/\/blogdofarnesio.com.br\/wp-content\/uploads\/2024\/10\/Diario-de-Pernambuco-2Jan1837.jpg","contentUrl":"https:\/\/blogdofarnesio.com.br\/wp-content\/uploads\/2024\/10\/Diario-de-Pernambuco-2Jan1837.jpg","width":500,"height":327},{"@type":"BreadcrumbList","@id":"https:\/\/blogdofarnesio.com.br\/?p=379917#breadcrumb","itemListElement":[{"@type":"ListItem","position":1,"name":"In\u00edcio","item":"https:\/\/blogdofarnesio.com.br\/"},{"@type":"ListItem","position":2,"name":"99 anos de gl\u00f3rias. Sem dinheiro, vers\u00e3o impressa do Di\u00e1rio de Pernambuco deixa de circular a partir de segunda"}]},{"@type":"WebSite","@id":"https:\/\/blogdofarnesio.com.br\/#website","url":"https:\/\/blogdofarnesio.com.br\/","name":"Blog do Farn\u00e9sio","description":"Quer Saber Pol\u00edtica?","publisher":{"@id":"https:\/\/blogdofarnesio.com.br\/#organization"},"potentialAction":[{"@type":"SearchAction","target":{"@type":"EntryPoint","urlTemplate":"https:\/\/blogdofarnesio.com.br\/?s={search_term_string}"},"query-input":{"@type":"PropertyValueSpecification","valueRequired":true,"valueName":"search_term_string"}}],"inLanguage":"pt-BR"},{"@type":"Organization","@id":"https:\/\/blogdofarnesio.com.br\/#organization","name":"Blog do Farn\u00e9sio","url":"https:\/\/blogdofarnesio.com.br\/","logo":{"@type":"ImageObject","inLanguage":"pt-BR","@id":"https:\/\/blogdofarnesio.com.br\/#\/schema\/logo\/image\/","url":"https:\/\/blogdofarnesio.com.br\/wp-content\/uploads\/2026\/03\/cropped-logo_new-1.png","contentUrl":"https:\/\/blogdofarnesio.com.br\/wp-content\/uploads\/2026\/03\/cropped-logo_new-1.png","width":881,"height":685,"caption":"Blog do Farn\u00e9sio"},"image":{"@id":"https:\/\/blogdofarnesio.com.br\/#\/schema\/logo\/image\/"},"sameAs":["https:\/\/www.facebook.com\/BlogQuerSaberPolitica\/"]},{"@type":"Person","@id":"https:\/\/blogdofarnesio.com.br\/#\/schema\/person\/bb9b23ae3ad0609ce8df7b6c9e76824d","name":"Farn\u00e9sio","image":{"@type":"ImageObject","inLanguage":"pt-BR","@id":"https:\/\/secure.gravatar.com\/avatar\/986aa4c61ccdb66f8555bf88fc2a65609d00bcabd4d2d94377a727547345cbca?s=96&d=mm&r=g","url":"https:\/\/secure.gravatar.com\/avatar\/986aa4c61ccdb66f8555bf88fc2a65609d00bcabd4d2d94377a727547345cbca?s=96&d=mm&r=g","contentUrl":"https:\/\/secure.gravatar.com\/avatar\/986aa4c61ccdb66f8555bf88fc2a65609d00bcabd4d2d94377a727547345cbca?s=96&d=mm&r=g","caption":"Farn\u00e9sio"},"description":"Radialista blogueiro, chegou a Petrolina\/Juazeiro em setembro de 1980, Farn\u00e9sio Silva \u00e9 de Arapiraca-Alagoas.","sameAs":["http:\/\/blogdofarnesio.com.br","https:\/\/www.facebook.com\/?ref=tn_tnmn","https:\/\/www.instagram.com\/?utm_source=pwa_homescreen","https:\/\/youtube.com.br\/"],"url":"https:\/\/blogdofarnesio.com.br\/?author=2"}]}},"_links":{"self":[{"href":"https:\/\/blogdofarnesio.com.br\/index.php?rest_route=\/wp\/v2\/posts\/379917","targetHints":{"allow":["GET"]}}],"collection":[{"href":"https:\/\/blogdofarnesio.com.br\/index.php?rest_route=\/wp\/v2\/posts"}],"about":[{"href":"https:\/\/blogdofarnesio.com.br\/index.php?rest_route=\/wp\/v2\/types\/post"}],"author":[{"embeddable":true,"href":"https:\/\/blogdofarnesio.com.br\/index.php?rest_route=\/wp\/v2\/users\/2"}],"replies":[{"embeddable":true,"href":"https:\/\/blogdofarnesio.com.br\/index.php?rest_route=%2Fwp%2Fv2%2Fcomments&post=379917"}],"version-history":[{"count":0,"href":"https:\/\/blogdofarnesio.com.br\/index.php?rest_route=\/wp\/v2\/posts\/379917\/revisions"}],"wp:featuredmedia":[{"embeddable":true,"href":"https:\/\/blogdofarnesio.com.br\/index.php?rest_route=\/wp\/v2\/media\/379918"}],"wp:attachment":[{"href":"https:\/\/blogdofarnesio.com.br\/index.php?rest_route=%2Fwp%2Fv2%2Fmedia&parent=379917"}],"wp:term":[{"taxonomy":"category","embeddable":true,"href":"https:\/\/blogdofarnesio.com.br\/index.php?rest_route=%2Fwp%2Fv2%2Fcategories&post=379917"},{"taxonomy":"post_tag","embeddable":true,"href":"https:\/\/blogdofarnesio.com.br\/index.php?rest_route=%2Fwp%2Fv2%2Ftags&post=379917"}],"curies":[{"name":"wp","href":"https:\/\/api.w.org\/{rel}","templated":true}]}}