{"id":379898,"date":"2024-10-26T08:30:20","date_gmt":"2024-10-26T11:30:20","guid":{"rendered":"https:\/\/blogdofarnesio.com.br\/?p=379898"},"modified":"2024-10-25T16:50:47","modified_gmt":"2024-10-25T19:50:47","slug":"viralizou-ary-mirelle-barrou-amigos-de-infancia-de-joao-gomes-em-casamento","status":"publish","type":"post","link":"https:\/\/blogdofarnesio.com.br\/?p=379898","title":{"rendered":"Viralizou&#8230; Ary Mirelle barrou amigos de inf\u00e2ncia de Jo\u00e3o Gomes em casamento"},"content":{"rendered":"<header class=\"Grid__Col-sc-owmjhw-2 ivaiSK\">\n<div class=\"CabecalhoColunasWrapper__CabecalhoColunistaWrapper-sc-rfoeyr-0 eyCWhk bloco__cabecalhoColunista\">\n<div class=\"CabecalhoColunasWrapper__Autor-sc-rfoeyr-2 ctyZuP wrapper__autor wrapper-fabia-oliveira\">\n<div class=\"Grid__Row-sc-owmjhw-1 cUGnsH grid__row\">\n<div class=\"Grid__Col-sc-owmjhw-2 jaahyQ\">\n<div class=\"CabecalhoColunasWrapper__FigureWrapper-sc-rfoeyr-3 bDKvAq wrapper-figure wrapper-figure__fabia-oliveira\"><\/div>\n<\/div>\n<\/div>\n<\/div>\n<\/div>\n<div class=\"HeaderNoticiaWrapper-sc-4exe2y-0 DvlZk colunas-wrapper\">\n<div class=\"HeaderNoticiaWrapper__Categoria-sc-4exe2y-1 iVKsej\"><a href=\"https:\/\/www.metropoles.com\/colunas\/fabia-oliveira\" target=\"_top\" rel=\"noopener\">F\u00e1bia Oliveira<\/a><\/div>\n<h2 class=\"Text__TextBase-sc-1d75gww-0 jhEviD noticiaCabecalho__subtitulo\"><em><strong>A coluna descobriu, com exclusividade, que at\u00e9 empres\u00e1rio e alguns familiares teriam sido cortados na lista da celebra\u00e7\u00e3o \u00e0 pedido da mo\u00e7a<\/strong><\/em><\/h2>\n<\/div>\n<div>O\u00a0<a href=\"https:\/\/www.metropoles.com\/colunas\/fabia-oliveira\/influenciadora-expoe-suposta-penetra-no-casamento-de-joao-gomes-e-ary\" target=\"_blank\" rel=\"noopener\">casamento de Jo\u00e3o Gomes e Ary Mirelle<\/a>\u00a0deu o que falar nesta semana. Os pombinhos disseram o t\u00e3o esperado \u201csim\u201d em um castelo estilo medieval e movimentou a web. Mas a<a href=\"https:\/\/www.metropoles.com\/colunas\/fabia-oliveira\/\" target=\"_blank\" rel=\"noopener\">\u00a0coluna F\u00e1bia Oliveira<\/a> descobriu, com exclusividade, que nos bastidores os burburinhos s\u00e3o de que a esposa do cantor barrou algumas pessoas da comemora\u00e7\u00e3o.<\/div>\n<\/header>\n<div class=\"Grid__Col-sc-owmjhw-2 cgtvGh\">\n<div class=\"NoticiaInternaWrapper__ImagemDestaque-sc-481g5p-5 bBlNwq\">\n<div class=\"ImgDestaqueNoticiaWrapper-sc-1frrxvx-0 btGEwY\">\n<figure class=\"ImgDestaqueNoticiaWrapper__Imagem-sc-1frrxvx-2 ebzoXV\"><img loading=\"lazy\" decoding=\"async\" class=\"imagem__placeholder\" src=\"https:\/\/fly.metroimg.com\/upload\/q_85,w_700\/https:\/\/uploads.metroimg.com\/wp-content\/uploads\/2024\/01\/03123402\/capa-1-73.jpg\" alt=\"Jo\u00e3o Gomes e Ary Mirelle posam juntos e sorridentes no Natal - Metr\u00f3poles\" width=\"1200\" height=\"800\" data-nimg=\"1\" data-yield-master-placement-inserted=\"\" \/><\/figure>\n<\/div>\n<\/div>\n<div class=\"ConteudoNoticiaWrapper-sc-19fsm27-0 hIDPRr m-content\">\n<div class=\"ConteudoNoticiaWrapper__Artigo-sc-19fsm27-1 iZYHrO\">\n<p data-gtm-vis-recent-on-screen104869357_94=\"2558\" data-gtm-vis-first-on-screen104869357_94=\"2559\" data-gtm-vis-total-visible-time104869357_94=\"100\" data-gtm-vis-has-fired104869357_94=\"1\">Segundo fontes da coluna, amigos de inf\u00e2ncia de\u00a0<a href=\"https:\/\/www.instagram.com\/joaogomescantor\/\" target=\"_blank\" rel=\"noopener\">Jo\u00e3o Gomes<\/a>, de Petrolina, al\u00e9m de alguns familiares e at\u00e9 empres\u00e1rio foram cortados da lista de convidados, causando uma certa revolta. A decis\u00e3o teria partido de Ary.<\/p>\n<div class=\"splide-container\">\n<div class=\"pre-slider\">\n<div class=\"splide__first\">\n<div id=\"standard_2\" class=\"st-placement standard_2 inImageRestricted\">\n<div class=\"st-adunit st-adunit-tagged st-reset st-show\">\n<div class=\"st-adunit-ad st-reset\"><\/div>\n<\/div>\n<\/div>\n<div class=\"splide__slide\"><img decoding=\"async\" class=\"aligncenter\" src=\"https:\/\/fly.metroimg.com\/upload\/q_85,w_600\/https:\/\/uploads.metroimg.com\/wp-content\/uploads\/2024\/10\/21191621\/Joao-Gomes-e-Ary-Mirelle.jpeg\" \/><\/div>\n<\/div>\n<div class=\"splide__thumb-list\">\n<div class=\"splide__slide\">\n<div class=\"splide__total-images\">8 imagens<\/div>\n<p><img decoding=\"async\" title=\"Namorada de Jo\u00e3o Gomes sobre reta final da gravidez: &quot;Ruim de dormir&quot; \" src=\"https:\/\/fly.metroimg.com\/upload\/q_85,w_180\/https:\/\/uploads.metroimg.com\/wp-content\/uploads\/2024\/01\/03123402\/capa-1-73.jpg\" alt=\"Namorada de Jo\u00e3o Gomes sobre reta final da gravidez: &quot;Ruim de dormir&quot; \" \/><\/p>\n<\/div>\n<div class=\"splide__slide\"><img decoding=\"async\" title=\"Ary Mirelle e Jo\u00e3o Gomes \" src=\"https:\/\/fly.metroimg.com\/upload\/q_85,w_180\/https:\/\/uploads.metroimg.com\/wp-content\/uploads\/2023\/11\/21125146\/Joao-Gomes-Ary-Mirelle-2.jpg\" alt=\"Ary Mirelle e Jo\u00e3o Gomes \" \/><\/div>\n<div class=\"splide__slide\"><img decoding=\"async\" title=\"Jo\u00e3o Gomes pede Ary Mirelle em casamento\" src=\"https:\/\/fly.metroimg.com\/upload\/q_85,w_180\/https:\/\/uploads.metroimg.com\/wp-content\/uploads\/2023\/11\/21122144\/print1-1-2-1.jpg\" alt=\"Jo\u00e3o Gomes pede Ary Mirelle em casamento\" \/><\/div>\n<div class=\"splide__slide\"><img decoding=\"async\" title=\"Por conta do procedimento, o cantor contou que optou por cancelar a grava\u00e7\u00e3o de um CD\" src=\"https:\/\/fly.metroimg.com\/upload\/q_85,w_180\/https:\/\/uploads.metroimg.com\/wp-content\/uploads\/2023\/11\/09104501\/Joao-Gomes-Ary-Michelle-Namorada-2.jpg\" alt=\"Por conta do procedimento, o cantor contou que optou por cancelar a grava\u00e7\u00e3o de um CD\" \/><\/div>\n<div class=\"splide__slide\"><img decoding=\"async\" title=\"Namorada de Jo\u00e3o Gomes rebate cr\u00edticas ap\u00f3s dar carro para o cantor\" src=\"https:\/\/fly.metroimg.com\/upload\/q_85,w_180\/https:\/\/uploads.metroimg.com\/wp-content\/uploads\/2023\/08\/01102750\/Ary-Mirelle-Joao-Gomes.jpg\" alt=\"Namorada de Jo\u00e3o Gomes rebate cr\u00edticas ap\u00f3s dar carro para o cantor\" \/><\/div>\n<\/div>\n<\/div>\n<\/div>\n<p>Ironizando a situa\u00e7\u00e3o, uma montagem foi criada nos bastidores, onde os amigos se colocaram em uma foto junto com os convidados e os noivos em uma imagem registrada na celebra\u00e7\u00e3o.<\/p>\n<p>Em um \u00e1udio obtido pela\u00a0<strong>coluna F\u00e1bia Oliveira<\/strong>, um homem revela alguns dos nomes barrados por Ary Mirelle e que n\u00e3o foram convidados para o cas\u00f3rio: Mas\u00e3o, Nils\u00e3o, Geovane \u2013 o empres\u00e1rio, Vitinho Teclas \u2013 o tecladista, Vinicius Acioli, Guilherme Ferri e Tarc\u00edsio.<\/p>\n<p>Vale lembrar que n\u00e3o \u00e9 de hoje que esta colunista conta que\u00a0<a href=\"https:\/\/www.metropoles.com\/colunas\/fabia-oliveira\/ary-mirelle-ameaca-fa-de-joao-gomes-e-expoe-print-de-conversa-intima#google_vignette\" target=\"_blank\" rel=\"noopener\">Ary Mirelle vem controlando a vida de Jo\u00e3o Gomes<\/a>. Com o casamento, n\u00e3o foi diferente\u2026<\/p>\n<\/div>\n<\/div>\n<\/div>\n","protected":false},"excerpt":{"rendered":"<p>F\u00e1bia Oliveira A coluna descobriu, com exclusividade, que at\u00e9 empres\u00e1rio e alguns familiares teriam sido cortados na lista da celebra\u00e7\u00e3o \u00e0 pedido da mo\u00e7a O\u00a0casamento de Jo\u00e3o Gomes e Ary Mirelle\u00a0deu o que falar nesta semana. Os pombinhos disseram o t\u00e3o esperado \u201csim\u201d em um castelo estilo medieval e movimentou a web. Mas a\u00a0coluna F\u00e1bia Oliveira descobriu, com exclusividade, que nos bastidores os burburinhos s\u00e3o de que a esposa do cantor barrou algumas pessoas da comemora\u00e7\u00e3o. Segundo fontes da coluna, amigos de inf\u00e2ncia de\u00a0Jo\u00e3o Gomes, de Petrolina, al\u00e9m de alguns familiares e at\u00e9 empres\u00e1rio foram cortados da lista de convidados, causando uma certa revolta. A decis\u00e3o teria partido de Ary. 8 imagens Ironizando a situa\u00e7\u00e3o, uma montagem foi criada nos&hellip; <\/p>\n","protected":false},"author":2,"featured_media":379494,"comment_status":"open","ping_status":"open","sticky":false,"template":"","format":"standard","meta":{"_acf_changed":false,"footnotes":""},"categories":[12],"tags":[],"class_list":["post-379898","post","type-post","status-publish","format-standard","has-post-thumbnail","hentry","category-confraternizacoes"],"acf":[],"yoast_head":"<!-- This site is optimized with the Yoast SEO plugin v27.4 - https:\/\/yoast.com\/product\/yoast-seo-wordpress\/ -->\n<title>Viralizou... Ary Mirelle barrou amigos de inf\u00e2ncia de Jo\u00e3o Gomes em casamento - Blog do Farn\u00e9sio<\/title>\n<meta name=\"robots\" content=\"index, follow, max-snippet:-1, max-image-preview:large, max-video-preview:-1\" \/>\n<link rel=\"canonical\" href=\"https:\/\/blogdofarnesio.com.br\/?p=379898\" \/>\n<meta property=\"og:locale\" content=\"pt_BR\" \/>\n<meta property=\"og:type\" content=\"article\" \/>\n<meta property=\"og:title\" content=\"Viralizou... Ary Mirelle barrou amigos de inf\u00e2ncia de Jo\u00e3o Gomes em casamento - Blog do Farn\u00e9sio\" \/>\n<meta property=\"og:description\" content=\"F\u00e1bia Oliveira A coluna descobriu, com exclusividade, que at\u00e9 empres\u00e1rio e alguns familiares teriam sido cortados na lista da celebra\u00e7\u00e3o \u00e0 pedido da mo\u00e7a O\u00a0casamento de Jo\u00e3o Gomes e Ary Mirelle\u00a0deu o que falar nesta semana. Os pombinhos disseram o t\u00e3o esperado \u201csim\u201d em um castelo estilo medieval e movimentou a web. Mas a\u00a0coluna F\u00e1bia Oliveira descobriu, com exclusividade, que nos bastidores os burburinhos s\u00e3o de que a esposa do cantor barrou algumas pessoas da comemora\u00e7\u00e3o. Segundo fontes da coluna, amigos de inf\u00e2ncia de\u00a0Jo\u00e3o Gomes, de Petrolina, al\u00e9m de alguns familiares e at\u00e9 empres\u00e1rio foram cortados da lista de convidados, causando uma certa revolta. A decis\u00e3o teria partido de Ary. 8 imagens Ironizando a situa\u00e7\u00e3o, uma montagem foi criada nos&hellip;\" \/>\n<meta property=\"og:url\" content=\"https:\/\/blogdofarnesio.com.br\/?p=379898\" \/>\n<meta property=\"og:site_name\" content=\"Blog do Farn\u00e9sio\" \/>\n<meta property=\"article:publisher\" content=\"https:\/\/www.facebook.com\/BlogQuerSaberPolitica\/\" \/>\n<meta property=\"article:author\" content=\"https:\/\/www.facebook.com\/?ref=tn_tnmn\" \/>\n<meta property=\"article:published_time\" content=\"2024-10-26T11:30:20+00:00\" \/>\n<meta property=\"og:image\" content=\"https:\/\/blogdofarnesio.com.br\/wp-content\/uploads\/2024\/10\/blogqspjoao-gomes-ary-mirelle-.png\" \/>\n\t<meta property=\"og:image:width\" content=\"704\" \/>\n\t<meta property=\"og:image:height\" content=\"407\" \/>\n\t<meta property=\"og:image:type\" content=\"image\/png\" \/>\n<meta name=\"author\" content=\"Farn\u00e9sio\" \/>\n<meta name=\"twitter:card\" content=\"summary_large_image\" \/>\n<meta name=\"twitter:label1\" content=\"Escrito por\" \/>\n\t<meta name=\"twitter:data1\" content=\"Farn\u00e9sio\" \/>\n\t<meta name=\"twitter:label2\" content=\"Est. tempo de leitura\" \/>\n\t<meta name=\"twitter:data2\" content=\"3 minutos\" \/>\n<script type=\"application\/ld+json\" class=\"yoast-schema-graph\">{\"@context\":\"https:\\\/\\\/schema.org\",\"@graph\":[{\"@type\":\"Article\",\"@id\":\"https:\\\/\\\/blogdofarnesio.com.br\\\/?p=379898#article\",\"isPartOf\":{\"@id\":\"https:\\\/\\\/blogdofarnesio.com.br\\\/?p=379898\"},\"author\":{\"name\":\"Farn\u00e9sio\",\"@id\":\"https:\\\/\\\/blogdofarnesio.com.br\\\/#\\\/schema\\\/person\\\/bb9b23ae3ad0609ce8df7b6c9e76824d\"},\"headline\":\"Viralizou&#8230; Ary Mirelle barrou amigos de inf\u00e2ncia de Jo\u00e3o Gomes em casamento\",\"datePublished\":\"2024-10-26T11:30:20+00:00\",\"mainEntityOfPage\":{\"@id\":\"https:\\\/\\\/blogdofarnesio.com.br\\\/?p=379898\"},\"wordCount\":251,\"commentCount\":0,\"publisher\":{\"@id\":\"https:\\\/\\\/blogdofarnesio.com.br\\\/#organization\"},\"image\":{\"@id\":\"https:\\\/\\\/blogdofarnesio.com.br\\\/?p=379898#primaryimage\"},\"thumbnailUrl\":\"https:\\\/\\\/blogdofarnesio.com.br\\\/wp-content\\\/uploads\\\/2024\\\/10\\\/blogqspjoao-gomes-ary-mirelle-.png\",\"articleSection\":[\"Confraterniza\u00e7\u00f5es\"],\"inLanguage\":\"pt-BR\",\"potentialAction\":[{\"@type\":\"CommentAction\",\"name\":\"Comment\",\"target\":[\"https:\\\/\\\/blogdofarnesio.com.br\\\/?p=379898#respond\"]}]},{\"@type\":\"WebPage\",\"@id\":\"https:\\\/\\\/blogdofarnesio.com.br\\\/?p=379898\",\"url\":\"https:\\\/\\\/blogdofarnesio.com.br\\\/?p=379898\",\"name\":\"Viralizou... Ary Mirelle barrou amigos de inf\u00e2ncia de Jo\u00e3o Gomes em casamento - Blog do Farn\u00e9sio\",\"isPartOf\":{\"@id\":\"https:\\\/\\\/blogdofarnesio.com.br\\\/#website\"},\"primaryImageOfPage\":{\"@id\":\"https:\\\/\\\/blogdofarnesio.com.br\\\/?p=379898#primaryimage\"},\"image\":{\"@id\":\"https:\\\/\\\/blogdofarnesio.com.br\\\/?p=379898#primaryimage\"},\"thumbnailUrl\":\"https:\\\/\\\/blogdofarnesio.com.br\\\/wp-content\\\/uploads\\\/2024\\\/10\\\/blogqspjoao-gomes-ary-mirelle-.png\",\"datePublished\":\"2024-10-26T11:30:20+00:00\",\"breadcrumb\":{\"@id\":\"https:\\\/\\\/blogdofarnesio.com.br\\\/?p=379898#breadcrumb\"},\"inLanguage\":\"pt-BR\",\"potentialAction\":[{\"@type\":\"ReadAction\",\"target\":[\"https:\\\/\\\/blogdofarnesio.com.br\\\/?p=379898\"]}]},{\"@type\":\"ImageObject\",\"inLanguage\":\"pt-BR\",\"@id\":\"https:\\\/\\\/blogdofarnesio.com.br\\\/?p=379898#primaryimage\",\"url\":\"https:\\\/\\\/blogdofarnesio.com.br\\\/wp-content\\\/uploads\\\/2024\\\/10\\\/blogqspjoao-gomes-ary-mirelle-.png\",\"contentUrl\":\"https:\\\/\\\/blogdofarnesio.com.br\\\/wp-content\\\/uploads\\\/2024\\\/10\\\/blogqspjoao-gomes-ary-mirelle-.png\",\"width\":704,\"height\":407},{\"@type\":\"BreadcrumbList\",\"@id\":\"https:\\\/\\\/blogdofarnesio.com.br\\\/?p=379898#breadcrumb\",\"itemListElement\":[{\"@type\":\"ListItem\",\"position\":1,\"name\":\"In\u00edcio\",\"item\":\"https:\\\/\\\/blogdofarnesio.com.br\\\/\"},{\"@type\":\"ListItem\",\"position\":2,\"name\":\"Viralizou&#8230; Ary Mirelle barrou amigos de inf\u00e2ncia de Jo\u00e3o Gomes em casamento\"}]},{\"@type\":\"WebSite\",\"@id\":\"https:\\\/\\\/blogdofarnesio.com.br\\\/#website\",\"url\":\"https:\\\/\\\/blogdofarnesio.com.br\\\/\",\"name\":\"Blog do Farn\u00e9sio\",\"description\":\"Quer Saber Pol\u00edtica?\",\"publisher\":{\"@id\":\"https:\\\/\\\/blogdofarnesio.com.br\\\/#organization\"},\"potentialAction\":[{\"@type\":\"SearchAction\",\"target\":{\"@type\":\"EntryPoint\",\"urlTemplate\":\"https:\\\/\\\/blogdofarnesio.com.br\\\/?s={search_term_string}\"},\"query-input\":{\"@type\":\"PropertyValueSpecification\",\"valueRequired\":true,\"valueName\":\"search_term_string\"}}],\"inLanguage\":\"pt-BR\"},{\"@type\":\"Organization\",\"@id\":\"https:\\\/\\\/blogdofarnesio.com.br\\\/#organization\",\"name\":\"Blog do Farn\u00e9sio\",\"url\":\"https:\\\/\\\/blogdofarnesio.com.br\\\/\",\"logo\":{\"@type\":\"ImageObject\",\"inLanguage\":\"pt-BR\",\"@id\":\"https:\\\/\\\/blogdofarnesio.com.br\\\/#\\\/schema\\\/logo\\\/image\\\/\",\"url\":\"https:\\\/\\\/blogdofarnesio.com.br\\\/wp-content\\\/uploads\\\/2026\\\/03\\\/cropped-logo_new-1.png\",\"contentUrl\":\"https:\\\/\\\/blogdofarnesio.com.br\\\/wp-content\\\/uploads\\\/2026\\\/03\\\/cropped-logo_new-1.png\",\"width\":881,\"height\":685,\"caption\":\"Blog do Farn\u00e9sio\"},\"image\":{\"@id\":\"https:\\\/\\\/blogdofarnesio.com.br\\\/#\\\/schema\\\/logo\\\/image\\\/\"},\"sameAs\":[\"https:\\\/\\\/www.facebook.com\\\/BlogQuerSaberPolitica\\\/\"]},{\"@type\":\"Person\",\"@id\":\"https:\\\/\\\/blogdofarnesio.com.br\\\/#\\\/schema\\\/person\\\/bb9b23ae3ad0609ce8df7b6c9e76824d\",\"name\":\"Farn\u00e9sio\",\"image\":{\"@type\":\"ImageObject\",\"inLanguage\":\"pt-BR\",\"@id\":\"https:\\\/\\\/secure.gravatar.com\\\/avatar\\\/986aa4c61ccdb66f8555bf88fc2a65609d00bcabd4d2d94377a727547345cbca?s=96&d=mm&r=g\",\"url\":\"https:\\\/\\\/secure.gravatar.com\\\/avatar\\\/986aa4c61ccdb66f8555bf88fc2a65609d00bcabd4d2d94377a727547345cbca?s=96&d=mm&r=g\",\"contentUrl\":\"https:\\\/\\\/secure.gravatar.com\\\/avatar\\\/986aa4c61ccdb66f8555bf88fc2a65609d00bcabd4d2d94377a727547345cbca?s=96&d=mm&r=g\",\"caption\":\"Farn\u00e9sio\"},\"description\":\"Radialista blogueiro, chegou a Petrolina\\\/Juazeiro em setembro de 1980, Farn\u00e9sio Silva \u00e9 de Arapiraca-Alagoas.\",\"sameAs\":[\"http:\\\/\\\/blogdofarnesio.com.br\",\"https:\\\/\\\/www.facebook.com\\\/?ref=tn_tnmn\",\"https:\\\/\\\/www.instagram.com\\\/?utm_source=pwa_homescreen\",\"https:\\\/\\\/youtube.com.br\\\/\"],\"url\":\"https:\\\/\\\/blogdofarnesio.com.br\\\/?author=2\"}]}<\/script>\n<!-- \/ Yoast SEO plugin. -->","yoast_head_json":{"title":"Viralizou... Ary Mirelle barrou amigos de inf\u00e2ncia de Jo\u00e3o Gomes em casamento - Blog do Farn\u00e9sio","robots":{"index":"index","follow":"follow","max-snippet":"max-snippet:-1","max-image-preview":"max-image-preview:large","max-video-preview":"max-video-preview:-1"},"canonical":"https:\/\/blogdofarnesio.com.br\/?p=379898","og_locale":"pt_BR","og_type":"article","og_title":"Viralizou... Ary Mirelle barrou amigos de inf\u00e2ncia de Jo\u00e3o Gomes em casamento - Blog do Farn\u00e9sio","og_description":"F\u00e1bia Oliveira A coluna descobriu, com exclusividade, que at\u00e9 empres\u00e1rio e alguns familiares teriam sido cortados na lista da celebra\u00e7\u00e3o \u00e0 pedido da mo\u00e7a O\u00a0casamento de Jo\u00e3o Gomes e Ary Mirelle\u00a0deu o que falar nesta semana. Os pombinhos disseram o t\u00e3o esperado \u201csim\u201d em um castelo estilo medieval e movimentou a web. Mas a\u00a0coluna F\u00e1bia Oliveira descobriu, com exclusividade, que nos bastidores os burburinhos s\u00e3o de que a esposa do cantor barrou algumas pessoas da comemora\u00e7\u00e3o. Segundo fontes da coluna, amigos de inf\u00e2ncia de\u00a0Jo\u00e3o Gomes, de Petrolina, al\u00e9m de alguns familiares e at\u00e9 empres\u00e1rio foram cortados da lista de convidados, causando uma certa revolta. A decis\u00e3o teria partido de Ary. 8 imagens Ironizando a situa\u00e7\u00e3o, uma montagem foi criada nos&hellip;","og_url":"https:\/\/blogdofarnesio.com.br\/?p=379898","og_site_name":"Blog do Farn\u00e9sio","article_publisher":"https:\/\/www.facebook.com\/BlogQuerSaberPolitica\/","article_author":"https:\/\/www.facebook.com\/?ref=tn_tnmn","article_published_time":"2024-10-26T11:30:20+00:00","og_image":[{"width":704,"height":407,"url":"https:\/\/blogdofarnesio.com.br\/wp-content\/uploads\/2024\/10\/blogqspjoao-gomes-ary-mirelle-.png","type":"image\/png"}],"author":"Farn\u00e9sio","twitter_card":"summary_large_image","twitter_misc":{"Escrito por":"Farn\u00e9sio","Est. tempo de leitura":"3 minutos"},"schema":{"@context":"https:\/\/schema.org","@graph":[{"@type":"Article","@id":"https:\/\/blogdofarnesio.com.br\/?p=379898#article","isPartOf":{"@id":"https:\/\/blogdofarnesio.com.br\/?p=379898"},"author":{"name":"Farn\u00e9sio","@id":"https:\/\/blogdofarnesio.com.br\/#\/schema\/person\/bb9b23ae3ad0609ce8df7b6c9e76824d"},"headline":"Viralizou&#8230; Ary Mirelle barrou amigos de inf\u00e2ncia de Jo\u00e3o Gomes em casamento","datePublished":"2024-10-26T11:30:20+00:00","mainEntityOfPage":{"@id":"https:\/\/blogdofarnesio.com.br\/?p=379898"},"wordCount":251,"commentCount":0,"publisher":{"@id":"https:\/\/blogdofarnesio.com.br\/#organization"},"image":{"@id":"https:\/\/blogdofarnesio.com.br\/?p=379898#primaryimage"},"thumbnailUrl":"https:\/\/blogdofarnesio.com.br\/wp-content\/uploads\/2024\/10\/blogqspjoao-gomes-ary-mirelle-.png","articleSection":["Confraterniza\u00e7\u00f5es"],"inLanguage":"pt-BR","potentialAction":[{"@type":"CommentAction","name":"Comment","target":["https:\/\/blogdofarnesio.com.br\/?p=379898#respond"]}]},{"@type":"WebPage","@id":"https:\/\/blogdofarnesio.com.br\/?p=379898","url":"https:\/\/blogdofarnesio.com.br\/?p=379898","name":"Viralizou... Ary Mirelle barrou amigos de inf\u00e2ncia de Jo\u00e3o Gomes em casamento - Blog do Farn\u00e9sio","isPartOf":{"@id":"https:\/\/blogdofarnesio.com.br\/#website"},"primaryImageOfPage":{"@id":"https:\/\/blogdofarnesio.com.br\/?p=379898#primaryimage"},"image":{"@id":"https:\/\/blogdofarnesio.com.br\/?p=379898#primaryimage"},"thumbnailUrl":"https:\/\/blogdofarnesio.com.br\/wp-content\/uploads\/2024\/10\/blogqspjoao-gomes-ary-mirelle-.png","datePublished":"2024-10-26T11:30:20+00:00","breadcrumb":{"@id":"https:\/\/blogdofarnesio.com.br\/?p=379898#breadcrumb"},"inLanguage":"pt-BR","potentialAction":[{"@type":"ReadAction","target":["https:\/\/blogdofarnesio.com.br\/?p=379898"]}]},{"@type":"ImageObject","inLanguage":"pt-BR","@id":"https:\/\/blogdofarnesio.com.br\/?p=379898#primaryimage","url":"https:\/\/blogdofarnesio.com.br\/wp-content\/uploads\/2024\/10\/blogqspjoao-gomes-ary-mirelle-.png","contentUrl":"https:\/\/blogdofarnesio.com.br\/wp-content\/uploads\/2024\/10\/blogqspjoao-gomes-ary-mirelle-.png","width":704,"height":407},{"@type":"BreadcrumbList","@id":"https:\/\/blogdofarnesio.com.br\/?p=379898#breadcrumb","itemListElement":[{"@type":"ListItem","position":1,"name":"In\u00edcio","item":"https:\/\/blogdofarnesio.com.br\/"},{"@type":"ListItem","position":2,"name":"Viralizou&#8230; Ary Mirelle barrou amigos de inf\u00e2ncia de Jo\u00e3o Gomes em casamento"}]},{"@type":"WebSite","@id":"https:\/\/blogdofarnesio.com.br\/#website","url":"https:\/\/blogdofarnesio.com.br\/","name":"Blog do Farn\u00e9sio","description":"Quer Saber Pol\u00edtica?","publisher":{"@id":"https:\/\/blogdofarnesio.com.br\/#organization"},"potentialAction":[{"@type":"SearchAction","target":{"@type":"EntryPoint","urlTemplate":"https:\/\/blogdofarnesio.com.br\/?s={search_term_string}"},"query-input":{"@type":"PropertyValueSpecification","valueRequired":true,"valueName":"search_term_string"}}],"inLanguage":"pt-BR"},{"@type":"Organization","@id":"https:\/\/blogdofarnesio.com.br\/#organization","name":"Blog do Farn\u00e9sio","url":"https:\/\/blogdofarnesio.com.br\/","logo":{"@type":"ImageObject","inLanguage":"pt-BR","@id":"https:\/\/blogdofarnesio.com.br\/#\/schema\/logo\/image\/","url":"https:\/\/blogdofarnesio.com.br\/wp-content\/uploads\/2026\/03\/cropped-logo_new-1.png","contentUrl":"https:\/\/blogdofarnesio.com.br\/wp-content\/uploads\/2026\/03\/cropped-logo_new-1.png","width":881,"height":685,"caption":"Blog do Farn\u00e9sio"},"image":{"@id":"https:\/\/blogdofarnesio.com.br\/#\/schema\/logo\/image\/"},"sameAs":["https:\/\/www.facebook.com\/BlogQuerSaberPolitica\/"]},{"@type":"Person","@id":"https:\/\/blogdofarnesio.com.br\/#\/schema\/person\/bb9b23ae3ad0609ce8df7b6c9e76824d","name":"Farn\u00e9sio","image":{"@type":"ImageObject","inLanguage":"pt-BR","@id":"https:\/\/secure.gravatar.com\/avatar\/986aa4c61ccdb66f8555bf88fc2a65609d00bcabd4d2d94377a727547345cbca?s=96&d=mm&r=g","url":"https:\/\/secure.gravatar.com\/avatar\/986aa4c61ccdb66f8555bf88fc2a65609d00bcabd4d2d94377a727547345cbca?s=96&d=mm&r=g","contentUrl":"https:\/\/secure.gravatar.com\/avatar\/986aa4c61ccdb66f8555bf88fc2a65609d00bcabd4d2d94377a727547345cbca?s=96&d=mm&r=g","caption":"Farn\u00e9sio"},"description":"Radialista blogueiro, chegou a Petrolina\/Juazeiro em setembro de 1980, Farn\u00e9sio Silva \u00e9 de Arapiraca-Alagoas.","sameAs":["http:\/\/blogdofarnesio.com.br","https:\/\/www.facebook.com\/?ref=tn_tnmn","https:\/\/www.instagram.com\/?utm_source=pwa_homescreen","https:\/\/youtube.com.br\/"],"url":"https:\/\/blogdofarnesio.com.br\/?author=2"}]}},"_links":{"self":[{"href":"https:\/\/blogdofarnesio.com.br\/index.php?rest_route=\/wp\/v2\/posts\/379898","targetHints":{"allow":["GET"]}}],"collection":[{"href":"https:\/\/blogdofarnesio.com.br\/index.php?rest_route=\/wp\/v2\/posts"}],"about":[{"href":"https:\/\/blogdofarnesio.com.br\/index.php?rest_route=\/wp\/v2\/types\/post"}],"author":[{"embeddable":true,"href":"https:\/\/blogdofarnesio.com.br\/index.php?rest_route=\/wp\/v2\/users\/2"}],"replies":[{"embeddable":true,"href":"https:\/\/blogdofarnesio.com.br\/index.php?rest_route=%2Fwp%2Fv2%2Fcomments&post=379898"}],"version-history":[{"count":0,"href":"https:\/\/blogdofarnesio.com.br\/index.php?rest_route=\/wp\/v2\/posts\/379898\/revisions"}],"wp:featuredmedia":[{"embeddable":true,"href":"https:\/\/blogdofarnesio.com.br\/index.php?rest_route=\/wp\/v2\/media\/379494"}],"wp:attachment":[{"href":"https:\/\/blogdofarnesio.com.br\/index.php?rest_route=%2Fwp%2Fv2%2Fmedia&parent=379898"}],"wp:term":[{"taxonomy":"category","embeddable":true,"href":"https:\/\/blogdofarnesio.com.br\/index.php?rest_route=%2Fwp%2Fv2%2Fcategories&post=379898"},{"taxonomy":"post_tag","embeddable":true,"href":"https:\/\/blogdofarnesio.com.br\/index.php?rest_route=%2Fwp%2Fv2%2Ftags&post=379898"}],"curies":[{"name":"wp","href":"https:\/\/api.w.org\/{rel}","templated":true}]}}