{"id":379895,"date":"2024-10-25T16:03:37","date_gmt":"2024-10-25T19:03:37","guid":{"rendered":"https:\/\/blogdofarnesio.com.br\/?p=379895"},"modified":"2024-10-25T16:03:37","modified_gmt":"2024-10-25T19:03:37","slug":"falta-de-agua-moradores-do-projeto-senador-nilo-coelho-em-petrolina-protestam-em-frente-a-codevasf","status":"publish","type":"post","link":"https:\/\/blogdofarnesio.com.br\/?p=379895","title":{"rendered":"Falta de \u00e1gua: Moradores do Projeto Senador Nilo Coelho, em Petrolina, protestam em frente a Codevasf"},"content":{"rendered":"<div class=\"meta-info\"><\/div>\n<div class=\"td-post-text-content\">\n<div id=\"chunk-a837h\">\n<div class=\"mc-column content-text active-extra-styles \" data-block-type=\"unstyled\" data-block-weight=\"63\" data-block-id=\"2\">\n<p class=\" content-text__container \" data-track-category=\"Link no Texto\" data-track-links=\"\" data-mrf-recirculation=\"Article links\">Um protesto foi realizado nesta sexta-feira (25), por moradores do Projeto Senador Nilo Coelho, zona rural de\u00a0<a class=\"\" href=\"https:\/\/g1.globo.com\/pe\/petrolina-regiao\/cidade\/petrolina\/\" data-mrf-link=\"https:\/\/g1.globo.com\/pe\/petrolina-regiao\/cidade\/petrolina\/\">Petrolina<\/a>, Sert\u00e3o de Pernambuco, em frente a Companhia de Desenvolvimento dos Vales do S\u00e3o Francisco e do Parna\u00edba (Codevasf), no Centro da cidade. A reivindica\u00e7\u00e3o \u00e9 pela falta de abastecimento de \u00e1gua na Vila Nova, no projeto N-8, que, segundo relatos, acontece h\u00e1 16 anos.<\/p>\n<\/div>\n<\/div>\n<div class=\"wall protected-content\">\n<div id=\"chunk-hbhu\">\n<div class=\"mc-column content-text active-extra-styles \" data-block-type=\"unstyled\" data-block-weight=\"44\" data-block-id=\"6\">\n<p class=\" content-text__container \" data-track-category=\"Link no Texto\" data-track-links=\"\" data-mrf-recirculation=\"Article links\">Ainda de acordo com os moradores e produtores rurais, para ter acesso \u00e0 \u00e1gua \u00e9 necess\u00e1rio que as pessoas encham baldes em uma caixa d\u2019\u00e1gua comunit\u00e1ria. Um morador do N-10, que tamb\u00e9m participou da manifesta\u00e7\u00e3o, relatou que a comunidade tamb\u00e9m sofre com o problema.<\/p>\n<\/div>\n<\/div>\n<div id=\"chunk-3rpr2\">\n<div class=\"mc-column content-text active-extra-styles \" data-block-type=\"unstyled\" data-block-weight=\"63\" data-block-id=\"7\">\n<p class=\" content-text__container \" data-track-category=\"Link no Texto\" data-track-links=\"\" data-mrf-recirculation=\"Article links\">Em nota, a Codevasf informou que\u00a0<em>\u201cem mar\u00e7o de 2022, emitiu parecer favor\u00e1vel ao fornecimento de \u00e1gua bruta para as comunidades, desde que as associa\u00e7\u00f5es e o distrito industrial cumprissem algumas exig\u00eancias, como arcar com os custos do tratamento, j\u00e1 que a \u00e1gua bruta n\u00e3o \u00e9 pr\u00f3pria pro consumo humano; Pagamento da tarifa de \u00e1gua pela associa\u00e7\u00e3o; e instala\u00e7\u00e3o de um hidr\u00f4metro\u201d<\/em>.<\/p>\n<\/div>\n<\/div>\n<div id=\"chunk-a0d2q\">\n<div class=\"mc-column content-text active-extra-styles \" data-block-type=\"unstyled\" data-block-weight=\"44\" data-block-id=\"8\">\n<p class=\" content-text__container \" data-track-category=\"Link no Texto\" data-track-links=\"\" data-mrf-recirculation=\"Article links\">Ainda por meio de nota, a Companhia informou que\u00a0<em>\u201cFoi estipulado o prazo de 180 dias para que esses requisitos fossem atendidos pela associa\u00e7\u00e3o, mas, segundo a Codevasf, nenhum desses acordos foi cumprido at\u00e9 hoje, o que impossibilita o abastecimento de \u00e1gua nessas localidades\u201d<\/em>.<\/p>\n<\/div>\n<\/div>\n<div id=\"chunk-28u06\">\n<div class=\"mc-column content-text active-extra-styles \" data-block-type=\"unstyled\" data-block-weight=\"45\" data-block-id=\"9\">\n<p class=\" content-text__container \" data-track-category=\"Link no Texto\" data-track-links=\"\" data-mrf-recirculation=\"Article links\">O DINC, tamb\u00e9m afirmou, em nota, que\u00a0<em>\u201ctem a fun\u00e7\u00e3o de distribuir \u00e1gua bruta para irriga\u00e7\u00e3o aos produtores do Projeto Senador Nilo Coelho, conforme previsto no contrato de concess\u00e3o de \u00e1gua concedido pela Codevasf. Essa distribui\u00e7\u00e3o \u00e9 feita por meio das esta\u00e7\u00f5es de bombeamento\u201d.<\/em><\/p>\n<\/div>\n<\/div>\n<div id=\"chunk-f8pr2\">\n<div class=\"mc-column content-text active-extra-styles \" data-block-type=\"unstyled\" data-block-weight=\"45\" data-block-id=\"10\">\n<p class=\" content-text__container \" data-track-category=\"Link no Texto\" data-track-links=\"\" data-mrf-recirculation=\"Article links\">O DINC refor\u00e7a que os comunit\u00e1rios instalem caixas de \u00e1gua nas resid\u00eancias pra evitar o desabastecimento. E que vai entrar em contato com a associa\u00e7\u00e3o de moradores, citada pela Codevasf, para pedir um posicionamento. E, assim que tiverem reposta, v\u00e3o se pronunciar sobre o assunto. (g1 Petrolina)<\/p>\n<\/div>\n<\/div>\n<\/div>\n<div class=\"addtoany_share_save_container addtoany_content addtoany_content_bottom\">\n<div class=\"a2a_kit a2a_kit_size_32 addtoany_list\" data-a2a-url=\"https:\/\/www.blogdorobertoararipina.com.br\/falta-de-agua-moradores-do-projeto-senador-nilo-coelho-em-petrolina-protestam-em-frente-a-codevasf\/\" data-a2a-title=\"Falta de \u00e1gua: Moradores do Projeto Senador Nilo Coelho, em Petrolina, protestam em frente a Codevasf\"><a class=\"a2a_button_facebook\" title=\"Facebook\" href=\"https:\/\/www.blogdorobertoararipina.com.br\/#facebook\" target=\"_blank\" rel=\"nofollow noopener\"><span class=\"a2a_label\">Facebook<\/span><\/a><a class=\"a2a_button_twitter\" title=\"Twitter\" href=\"https:\/\/www.blogdorobertoararipina.com.br\/#twitter\" target=\"_blank\" rel=\"nofollow noopener\"><span class=\"a2a_label\">Twitter<\/span><\/a><a class=\"a2a_button_whatsapp\" title=\"WhatsApp\" href=\"https:\/\/www.blogdorobertoararipina.com.br\/#whatsapp\" target=\"_blank\" rel=\"nofollow noopener\"><span class=\"a2a_label\">WhatsApp<\/span><\/a><a class=\"a2a_button_email\" title=\"Email\" href=\"https:\/\/www.blogdorobertoararipina.com.br\/#email\" target=\"_blank\" rel=\"nofollow noopener\"><span class=\"a2a_label\">Email<\/span><\/a><a class=\"a2a_button_print\" title=\"Print\" href=\"https:\/\/www.blogdorobertoararipina.com.br\/#print\" target=\"_blank\" rel=\"nofollow noopener\"><span class=\"a2a_label\">Print<\/span><\/a><\/div>\n<\/div>\n<\/div>\n","protected":false},"excerpt":{"rendered":"<p>Um protesto foi realizado nesta sexta-feira (25), por moradores do Projeto Senador Nilo Coelho, zona rural de\u00a0Petrolina, Sert\u00e3o de Pernambuco, em frente a Companhia de Desenvolvimento dos Vales do S\u00e3o Francisco e do Parna\u00edba (Codevasf), no Centro da cidade. A reivindica\u00e7\u00e3o \u00e9 pela falta de abastecimento de \u00e1gua na Vila Nova, no projeto N-8, que, segundo relatos, acontece h\u00e1 16 anos. Ainda de acordo com os moradores e produtores rurais, para ter acesso \u00e0 \u00e1gua \u00e9 necess\u00e1rio que as pessoas encham baldes em uma caixa d\u2019\u00e1gua comunit\u00e1ria. Um morador do N-10, que tamb\u00e9m participou da manifesta\u00e7\u00e3o, relatou que a comunidade tamb\u00e9m sofre com o problema. Em nota, a Codevasf informou que\u00a0\u201cem mar\u00e7o de 2022, emitiu parecer favor\u00e1vel ao fornecimento de&hellip; <\/p>\n","protected":false},"author":2,"featured_media":379896,"comment_status":"open","ping_status":"open","sticky":false,"template":"","format":"standard","meta":{"_acf_changed":false,"footnotes":""},"categories":[43],"tags":[],"class_list":["post-379895","post","type-post","status-publish","format-standard","has-post-thumbnail","hentry","category-sem-categoria"],"acf":[],"yoast_head":"<!-- This site is optimized with the Yoast SEO plugin v27.4 - https:\/\/yoast.com\/product\/yoast-seo-wordpress\/ -->\n<title>Falta de \u00e1gua: Moradores do Projeto Senador Nilo Coelho, em Petrolina, protestam em frente a Codevasf - Blog do Farn\u00e9sio<\/title>\n<meta name=\"robots\" content=\"index, follow, max-snippet:-1, max-image-preview:large, max-video-preview:-1\" \/>\n<link rel=\"canonical\" href=\"https:\/\/blogdofarnesio.com.br\/?p=379895\" \/>\n<meta property=\"og:locale\" content=\"pt_BR\" \/>\n<meta property=\"og:type\" content=\"article\" \/>\n<meta property=\"og:title\" content=\"Falta de \u00e1gua: Moradores do Projeto Senador Nilo Coelho, em Petrolina, protestam em frente a Codevasf - Blog do Farn\u00e9sio\" \/>\n<meta property=\"og:description\" content=\"Um protesto foi realizado nesta sexta-feira (25), por moradores do Projeto Senador Nilo Coelho, zona rural de\u00a0Petrolina, Sert\u00e3o de Pernambuco, em frente a Companhia de Desenvolvimento dos Vales do S\u00e3o Francisco e do Parna\u00edba (Codevasf), no Centro da cidade. A reivindica\u00e7\u00e3o \u00e9 pela falta de abastecimento de \u00e1gua na Vila Nova, no projeto N-8, que, segundo relatos, acontece h\u00e1 16 anos. Ainda de acordo com os moradores e produtores rurais, para ter acesso \u00e0 \u00e1gua \u00e9 necess\u00e1rio que as pessoas encham baldes em uma caixa d\u2019\u00e1gua comunit\u00e1ria. Um morador do N-10, que tamb\u00e9m participou da manifesta\u00e7\u00e3o, relatou que a comunidade tamb\u00e9m sofre com o problema. Em nota, a Codevasf informou que\u00a0\u201cem mar\u00e7o de 2022, emitiu parecer favor\u00e1vel ao fornecimento de&hellip;\" \/>\n<meta property=\"og:url\" content=\"https:\/\/blogdofarnesio.com.br\/?p=379895\" \/>\n<meta property=\"og:site_name\" content=\"Blog do Farn\u00e9sio\" \/>\n<meta property=\"article:publisher\" content=\"https:\/\/www.facebook.com\/BlogQuerSaberPolitica\/\" \/>\n<meta property=\"article:author\" content=\"https:\/\/www.facebook.com\/?ref=tn_tnmn\" \/>\n<meta property=\"article:published_time\" content=\"2024-10-25T19:03:37+00:00\" \/>\n<meta property=\"og:image\" content=\"https:\/\/blogdofarnesio.com.br\/wp-content\/uploads\/2024\/10\/blogqspproj-nilo-coelho-codevasf-protesto-manifestacao-e1729883006605.jpg\" \/>\n\t<meta property=\"og:image:width\" content=\"524\" \/>\n\t<meta property=\"og:image:height\" content=\"295\" \/>\n\t<meta property=\"og:image:type\" content=\"image\/jpeg\" \/>\n<meta name=\"author\" content=\"Farn\u00e9sio\" \/>\n<meta name=\"twitter:card\" content=\"summary_large_image\" \/>\n<meta name=\"twitter:label1\" content=\"Escrito por\" \/>\n\t<meta name=\"twitter:data1\" content=\"Farn\u00e9sio\" \/>\n\t<meta name=\"twitter:label2\" content=\"Est. tempo de leitura\" \/>\n\t<meta name=\"twitter:data2\" content=\"2 minutos\" \/>\n<script type=\"application\/ld+json\" class=\"yoast-schema-graph\">{\"@context\":\"https:\\\/\\\/schema.org\",\"@graph\":[{\"@type\":\"Article\",\"@id\":\"https:\\\/\\\/blogdofarnesio.com.br\\\/?p=379895#article\",\"isPartOf\":{\"@id\":\"https:\\\/\\\/blogdofarnesio.com.br\\\/?p=379895\"},\"author\":{\"name\":\"Farn\u00e9sio\",\"@id\":\"https:\\\/\\\/blogdofarnesio.com.br\\\/#\\\/schema\\\/person\\\/bb9b23ae3ad0609ce8df7b6c9e76824d\"},\"headline\":\"Falta de \u00e1gua: Moradores do Projeto Senador Nilo Coelho, em Petrolina, protestam em frente a Codevasf\",\"datePublished\":\"2024-10-25T19:03:37+00:00\",\"mainEntityOfPage\":{\"@id\":\"https:\\\/\\\/blogdofarnesio.com.br\\\/?p=379895\"},\"wordCount\":346,\"commentCount\":0,\"publisher\":{\"@id\":\"https:\\\/\\\/blogdofarnesio.com.br\\\/#organization\"},\"image\":{\"@id\":\"https:\\\/\\\/blogdofarnesio.com.br\\\/?p=379895#primaryimage\"},\"thumbnailUrl\":\"https:\\\/\\\/blogdofarnesio.com.br\\\/wp-content\\\/uploads\\\/2024\\\/10\\\/blogqspproj-nilo-coelho-codevasf-protesto-manifestacao-e1729883006605.jpg\",\"inLanguage\":\"pt-BR\",\"potentialAction\":[{\"@type\":\"CommentAction\",\"name\":\"Comment\",\"target\":[\"https:\\\/\\\/blogdofarnesio.com.br\\\/?p=379895#respond\"]}]},{\"@type\":\"WebPage\",\"@id\":\"https:\\\/\\\/blogdofarnesio.com.br\\\/?p=379895\",\"url\":\"https:\\\/\\\/blogdofarnesio.com.br\\\/?p=379895\",\"name\":\"Falta de \u00e1gua: Moradores do Projeto Senador Nilo Coelho, em Petrolina, protestam em frente a Codevasf - Blog do Farn\u00e9sio\",\"isPartOf\":{\"@id\":\"https:\\\/\\\/blogdofarnesio.com.br\\\/#website\"},\"primaryImageOfPage\":{\"@id\":\"https:\\\/\\\/blogdofarnesio.com.br\\\/?p=379895#primaryimage\"},\"image\":{\"@id\":\"https:\\\/\\\/blogdofarnesio.com.br\\\/?p=379895#primaryimage\"},\"thumbnailUrl\":\"https:\\\/\\\/blogdofarnesio.com.br\\\/wp-content\\\/uploads\\\/2024\\\/10\\\/blogqspproj-nilo-coelho-codevasf-protesto-manifestacao-e1729883006605.jpg\",\"datePublished\":\"2024-10-25T19:03:37+00:00\",\"breadcrumb\":{\"@id\":\"https:\\\/\\\/blogdofarnesio.com.br\\\/?p=379895#breadcrumb\"},\"inLanguage\":\"pt-BR\",\"potentialAction\":[{\"@type\":\"ReadAction\",\"target\":[\"https:\\\/\\\/blogdofarnesio.com.br\\\/?p=379895\"]}]},{\"@type\":\"ImageObject\",\"inLanguage\":\"pt-BR\",\"@id\":\"https:\\\/\\\/blogdofarnesio.com.br\\\/?p=379895#primaryimage\",\"url\":\"https:\\\/\\\/blogdofarnesio.com.br\\\/wp-content\\\/uploads\\\/2024\\\/10\\\/blogqspproj-nilo-coelho-codevasf-protesto-manifestacao-e1729883006605.jpg\",\"contentUrl\":\"https:\\\/\\\/blogdofarnesio.com.br\\\/wp-content\\\/uploads\\\/2024\\\/10\\\/blogqspproj-nilo-coelho-codevasf-protesto-manifestacao-e1729883006605.jpg\",\"width\":524,\"height\":295,\"caption\":\"Foto: TV Grande Rio\"},{\"@type\":\"BreadcrumbList\",\"@id\":\"https:\\\/\\\/blogdofarnesio.com.br\\\/?p=379895#breadcrumb\",\"itemListElement\":[{\"@type\":\"ListItem\",\"position\":1,\"name\":\"In\u00edcio\",\"item\":\"https:\\\/\\\/blogdofarnesio.com.br\\\/\"},{\"@type\":\"ListItem\",\"position\":2,\"name\":\"Falta de \u00e1gua: Moradores do Projeto Senador Nilo Coelho, em Petrolina, protestam em frente a Codevasf\"}]},{\"@type\":\"WebSite\",\"@id\":\"https:\\\/\\\/blogdofarnesio.com.br\\\/#website\",\"url\":\"https:\\\/\\\/blogdofarnesio.com.br\\\/\",\"name\":\"Blog do Farn\u00e9sio\",\"description\":\"Quer Saber Pol\u00edtica?\",\"publisher\":{\"@id\":\"https:\\\/\\\/blogdofarnesio.com.br\\\/#organization\"},\"potentialAction\":[{\"@type\":\"SearchAction\",\"target\":{\"@type\":\"EntryPoint\",\"urlTemplate\":\"https:\\\/\\\/blogdofarnesio.com.br\\\/?s={search_term_string}\"},\"query-input\":{\"@type\":\"PropertyValueSpecification\",\"valueRequired\":true,\"valueName\":\"search_term_string\"}}],\"inLanguage\":\"pt-BR\"},{\"@type\":\"Organization\",\"@id\":\"https:\\\/\\\/blogdofarnesio.com.br\\\/#organization\",\"name\":\"Blog do Farn\u00e9sio\",\"url\":\"https:\\\/\\\/blogdofarnesio.com.br\\\/\",\"logo\":{\"@type\":\"ImageObject\",\"inLanguage\":\"pt-BR\",\"@id\":\"https:\\\/\\\/blogdofarnesio.com.br\\\/#\\\/schema\\\/logo\\\/image\\\/\",\"url\":\"https:\\\/\\\/blogdofarnesio.com.br\\\/wp-content\\\/uploads\\\/2026\\\/03\\\/cropped-logo_new-1.png\",\"contentUrl\":\"https:\\\/\\\/blogdofarnesio.com.br\\\/wp-content\\\/uploads\\\/2026\\\/03\\\/cropped-logo_new-1.png\",\"width\":881,\"height\":685,\"caption\":\"Blog do Farn\u00e9sio\"},\"image\":{\"@id\":\"https:\\\/\\\/blogdofarnesio.com.br\\\/#\\\/schema\\\/logo\\\/image\\\/\"},\"sameAs\":[\"https:\\\/\\\/www.facebook.com\\\/BlogQuerSaberPolitica\\\/\"]},{\"@type\":\"Person\",\"@id\":\"https:\\\/\\\/blogdofarnesio.com.br\\\/#\\\/schema\\\/person\\\/bb9b23ae3ad0609ce8df7b6c9e76824d\",\"name\":\"Farn\u00e9sio\",\"image\":{\"@type\":\"ImageObject\",\"inLanguage\":\"pt-BR\",\"@id\":\"https:\\\/\\\/secure.gravatar.com\\\/avatar\\\/986aa4c61ccdb66f8555bf88fc2a65609d00bcabd4d2d94377a727547345cbca?s=96&d=mm&r=g\",\"url\":\"https:\\\/\\\/secure.gravatar.com\\\/avatar\\\/986aa4c61ccdb66f8555bf88fc2a65609d00bcabd4d2d94377a727547345cbca?s=96&d=mm&r=g\",\"contentUrl\":\"https:\\\/\\\/secure.gravatar.com\\\/avatar\\\/986aa4c61ccdb66f8555bf88fc2a65609d00bcabd4d2d94377a727547345cbca?s=96&d=mm&r=g\",\"caption\":\"Farn\u00e9sio\"},\"description\":\"Radialista blogueiro, chegou a Petrolina\\\/Juazeiro em setembro de 1980, Farn\u00e9sio Silva \u00e9 de Arapiraca-Alagoas.\",\"sameAs\":[\"http:\\\/\\\/blogdofarnesio.com.br\",\"https:\\\/\\\/www.facebook.com\\\/?ref=tn_tnmn\",\"https:\\\/\\\/www.instagram.com\\\/?utm_source=pwa_homescreen\",\"https:\\\/\\\/youtube.com.br\\\/\"],\"url\":\"https:\\\/\\\/blogdofarnesio.com.br\\\/?author=2\"}]}<\/script>\n<!-- \/ Yoast SEO plugin. -->","yoast_head_json":{"title":"Falta de \u00e1gua: Moradores do Projeto Senador Nilo Coelho, em Petrolina, protestam em frente a Codevasf - Blog do Farn\u00e9sio","robots":{"index":"index","follow":"follow","max-snippet":"max-snippet:-1","max-image-preview":"max-image-preview:large","max-video-preview":"max-video-preview:-1"},"canonical":"https:\/\/blogdofarnesio.com.br\/?p=379895","og_locale":"pt_BR","og_type":"article","og_title":"Falta de \u00e1gua: Moradores do Projeto Senador Nilo Coelho, em Petrolina, protestam em frente a Codevasf - Blog do Farn\u00e9sio","og_description":"Um protesto foi realizado nesta sexta-feira (25), por moradores do Projeto Senador Nilo Coelho, zona rural de\u00a0Petrolina, Sert\u00e3o de Pernambuco, em frente a Companhia de Desenvolvimento dos Vales do S\u00e3o Francisco e do Parna\u00edba (Codevasf), no Centro da cidade. A reivindica\u00e7\u00e3o \u00e9 pela falta de abastecimento de \u00e1gua na Vila Nova, no projeto N-8, que, segundo relatos, acontece h\u00e1 16 anos. Ainda de acordo com os moradores e produtores rurais, para ter acesso \u00e0 \u00e1gua \u00e9 necess\u00e1rio que as pessoas encham baldes em uma caixa d\u2019\u00e1gua comunit\u00e1ria. Um morador do N-10, que tamb\u00e9m participou da manifesta\u00e7\u00e3o, relatou que a comunidade tamb\u00e9m sofre com o problema. Em nota, a Codevasf informou que\u00a0\u201cem mar\u00e7o de 2022, emitiu parecer favor\u00e1vel ao fornecimento de&hellip;","og_url":"https:\/\/blogdofarnesio.com.br\/?p=379895","og_site_name":"Blog do Farn\u00e9sio","article_publisher":"https:\/\/www.facebook.com\/BlogQuerSaberPolitica\/","article_author":"https:\/\/www.facebook.com\/?ref=tn_tnmn","article_published_time":"2024-10-25T19:03:37+00:00","og_image":[{"width":524,"height":295,"url":"https:\/\/blogdofarnesio.com.br\/wp-content\/uploads\/2024\/10\/blogqspproj-nilo-coelho-codevasf-protesto-manifestacao-e1729883006605.jpg","type":"image\/jpeg"}],"author":"Farn\u00e9sio","twitter_card":"summary_large_image","twitter_misc":{"Escrito por":"Farn\u00e9sio","Est. tempo de leitura":"2 minutos"},"schema":{"@context":"https:\/\/schema.org","@graph":[{"@type":"Article","@id":"https:\/\/blogdofarnesio.com.br\/?p=379895#article","isPartOf":{"@id":"https:\/\/blogdofarnesio.com.br\/?p=379895"},"author":{"name":"Farn\u00e9sio","@id":"https:\/\/blogdofarnesio.com.br\/#\/schema\/person\/bb9b23ae3ad0609ce8df7b6c9e76824d"},"headline":"Falta de \u00e1gua: Moradores do Projeto Senador Nilo Coelho, em Petrolina, protestam em frente a Codevasf","datePublished":"2024-10-25T19:03:37+00:00","mainEntityOfPage":{"@id":"https:\/\/blogdofarnesio.com.br\/?p=379895"},"wordCount":346,"commentCount":0,"publisher":{"@id":"https:\/\/blogdofarnesio.com.br\/#organization"},"image":{"@id":"https:\/\/blogdofarnesio.com.br\/?p=379895#primaryimage"},"thumbnailUrl":"https:\/\/blogdofarnesio.com.br\/wp-content\/uploads\/2024\/10\/blogqspproj-nilo-coelho-codevasf-protesto-manifestacao-e1729883006605.jpg","inLanguage":"pt-BR","potentialAction":[{"@type":"CommentAction","name":"Comment","target":["https:\/\/blogdofarnesio.com.br\/?p=379895#respond"]}]},{"@type":"WebPage","@id":"https:\/\/blogdofarnesio.com.br\/?p=379895","url":"https:\/\/blogdofarnesio.com.br\/?p=379895","name":"Falta de \u00e1gua: Moradores do Projeto Senador Nilo Coelho, em Petrolina, protestam em frente a Codevasf - Blog do Farn\u00e9sio","isPartOf":{"@id":"https:\/\/blogdofarnesio.com.br\/#website"},"primaryImageOfPage":{"@id":"https:\/\/blogdofarnesio.com.br\/?p=379895#primaryimage"},"image":{"@id":"https:\/\/blogdofarnesio.com.br\/?p=379895#primaryimage"},"thumbnailUrl":"https:\/\/blogdofarnesio.com.br\/wp-content\/uploads\/2024\/10\/blogqspproj-nilo-coelho-codevasf-protesto-manifestacao-e1729883006605.jpg","datePublished":"2024-10-25T19:03:37+00:00","breadcrumb":{"@id":"https:\/\/blogdofarnesio.com.br\/?p=379895#breadcrumb"},"inLanguage":"pt-BR","potentialAction":[{"@type":"ReadAction","target":["https:\/\/blogdofarnesio.com.br\/?p=379895"]}]},{"@type":"ImageObject","inLanguage":"pt-BR","@id":"https:\/\/blogdofarnesio.com.br\/?p=379895#primaryimage","url":"https:\/\/blogdofarnesio.com.br\/wp-content\/uploads\/2024\/10\/blogqspproj-nilo-coelho-codevasf-protesto-manifestacao-e1729883006605.jpg","contentUrl":"https:\/\/blogdofarnesio.com.br\/wp-content\/uploads\/2024\/10\/blogqspproj-nilo-coelho-codevasf-protesto-manifestacao-e1729883006605.jpg","width":524,"height":295,"caption":"Foto: TV Grande Rio"},{"@type":"BreadcrumbList","@id":"https:\/\/blogdofarnesio.com.br\/?p=379895#breadcrumb","itemListElement":[{"@type":"ListItem","position":1,"name":"In\u00edcio","item":"https:\/\/blogdofarnesio.com.br\/"},{"@type":"ListItem","position":2,"name":"Falta de \u00e1gua: Moradores do Projeto Senador Nilo Coelho, em Petrolina, protestam em frente a Codevasf"}]},{"@type":"WebSite","@id":"https:\/\/blogdofarnesio.com.br\/#website","url":"https:\/\/blogdofarnesio.com.br\/","name":"Blog do Farn\u00e9sio","description":"Quer Saber Pol\u00edtica?","publisher":{"@id":"https:\/\/blogdofarnesio.com.br\/#organization"},"potentialAction":[{"@type":"SearchAction","target":{"@type":"EntryPoint","urlTemplate":"https:\/\/blogdofarnesio.com.br\/?s={search_term_string}"},"query-input":{"@type":"PropertyValueSpecification","valueRequired":true,"valueName":"search_term_string"}}],"inLanguage":"pt-BR"},{"@type":"Organization","@id":"https:\/\/blogdofarnesio.com.br\/#organization","name":"Blog do Farn\u00e9sio","url":"https:\/\/blogdofarnesio.com.br\/","logo":{"@type":"ImageObject","inLanguage":"pt-BR","@id":"https:\/\/blogdofarnesio.com.br\/#\/schema\/logo\/image\/","url":"https:\/\/blogdofarnesio.com.br\/wp-content\/uploads\/2026\/03\/cropped-logo_new-1.png","contentUrl":"https:\/\/blogdofarnesio.com.br\/wp-content\/uploads\/2026\/03\/cropped-logo_new-1.png","width":881,"height":685,"caption":"Blog do Farn\u00e9sio"},"image":{"@id":"https:\/\/blogdofarnesio.com.br\/#\/schema\/logo\/image\/"},"sameAs":["https:\/\/www.facebook.com\/BlogQuerSaberPolitica\/"]},{"@type":"Person","@id":"https:\/\/blogdofarnesio.com.br\/#\/schema\/person\/bb9b23ae3ad0609ce8df7b6c9e76824d","name":"Farn\u00e9sio","image":{"@type":"ImageObject","inLanguage":"pt-BR","@id":"https:\/\/secure.gravatar.com\/avatar\/986aa4c61ccdb66f8555bf88fc2a65609d00bcabd4d2d94377a727547345cbca?s=96&d=mm&r=g","url":"https:\/\/secure.gravatar.com\/avatar\/986aa4c61ccdb66f8555bf88fc2a65609d00bcabd4d2d94377a727547345cbca?s=96&d=mm&r=g","contentUrl":"https:\/\/secure.gravatar.com\/avatar\/986aa4c61ccdb66f8555bf88fc2a65609d00bcabd4d2d94377a727547345cbca?s=96&d=mm&r=g","caption":"Farn\u00e9sio"},"description":"Radialista blogueiro, chegou a Petrolina\/Juazeiro em setembro de 1980, Farn\u00e9sio Silva \u00e9 de Arapiraca-Alagoas.","sameAs":["http:\/\/blogdofarnesio.com.br","https:\/\/www.facebook.com\/?ref=tn_tnmn","https:\/\/www.instagram.com\/?utm_source=pwa_homescreen","https:\/\/youtube.com.br\/"],"url":"https:\/\/blogdofarnesio.com.br\/?author=2"}]}},"_links":{"self":[{"href":"https:\/\/blogdofarnesio.com.br\/index.php?rest_route=\/wp\/v2\/posts\/379895","targetHints":{"allow":["GET"]}}],"collection":[{"href":"https:\/\/blogdofarnesio.com.br\/index.php?rest_route=\/wp\/v2\/posts"}],"about":[{"href":"https:\/\/blogdofarnesio.com.br\/index.php?rest_route=\/wp\/v2\/types\/post"}],"author":[{"embeddable":true,"href":"https:\/\/blogdofarnesio.com.br\/index.php?rest_route=\/wp\/v2\/users\/2"}],"replies":[{"embeddable":true,"href":"https:\/\/blogdofarnesio.com.br\/index.php?rest_route=%2Fwp%2Fv2%2Fcomments&post=379895"}],"version-history":[{"count":0,"href":"https:\/\/blogdofarnesio.com.br\/index.php?rest_route=\/wp\/v2\/posts\/379895\/revisions"}],"wp:featuredmedia":[{"embeddable":true,"href":"https:\/\/blogdofarnesio.com.br\/index.php?rest_route=\/wp\/v2\/media\/379896"}],"wp:attachment":[{"href":"https:\/\/blogdofarnesio.com.br\/index.php?rest_route=%2Fwp%2Fv2%2Fmedia&parent=379895"}],"wp:term":[{"taxonomy":"category","embeddable":true,"href":"https:\/\/blogdofarnesio.com.br\/index.php?rest_route=%2Fwp%2Fv2%2Fcategories&post=379895"},{"taxonomy":"post_tag","embeddable":true,"href":"https:\/\/blogdofarnesio.com.br\/index.php?rest_route=%2Fwp%2Fv2%2Ftags&post=379895"}],"curies":[{"name":"wp","href":"https:\/\/api.w.org\/{rel}","templated":true}]}}