{"id":379893,"date":"2024-10-25T17:05:59","date_gmt":"2024-10-25T20:05:59","guid":{"rendered":"https:\/\/blogdofarnesio.com.br\/?p=379893"},"modified":"2024-10-25T16:00:17","modified_gmt":"2024-10-25T19:00:17","slug":"bahia-apresenta-diversidade-turistica-para-o-mercado-do-nordeste","status":"publish","type":"post","link":"https:\/\/blogdofarnesio.com.br\/2024\/10\/bahia-apresenta-diversidade-turistica-para-o-mercado-do-nordeste\/","title":{"rendered":"Bahia apresenta diversidade tur\u00edstica para o mercado do Nordeste"},"content":{"rendered":"<div>A Secretaria de Turismo do Estado (Setur-BA) promove os atrativos tur\u00edsticos da Bahia em mais um grande evento nacional, o 13\u00ba Brazil Travel Market (BTM), realizado, at\u00e9 esta sexta-feira (25), no Centro de Conven\u00e7\u00f5es de Fortaleza, com cerca de 230 expositores e a estimativa de atrair 6 mil profissionais do setor.\u00a0 Organizada pela BBC Eventos, a feira acontece durante dois dias, com exposi\u00e7\u00e3o, f\u00f3rum corporativo, capacita\u00e7\u00f5es e rodadas de neg\u00f3cios. O objetivo \u00e9 promover a integra\u00e7\u00e3o de profissionais do setor de viagens e de turismo e lan\u00e7ar novos produtos e tend\u00eancias.<\/div>\n<div><\/div>\n<div>No estande da Setur, agentes e operadores de viagem se informam sobre caracter\u00edsticas e infraestrutura de destinos baianos, com destaque para a vasta extens\u00e3o litor\u00e2nea, al\u00e9m da rica diversidade cultural e de produtos como a Estrada do Chocolate. Parceiros do trade tur\u00edstico tamb\u00e9m divulgam seus neg\u00f3cios no local.<\/div>\n<div><\/div>\n<div>\u201cEstamos presentes na BTM desde quando era o Festival de Jo\u00e3o Pessoa e, por se tratar de uma grande feira na regi\u00e3o Nordeste. Aqui, procuramos atrair principalmente o turista nordestino para a Bahia. Aproveitamos tamb\u00e9m para negociar a realiza\u00e7\u00e3o da edi\u00e7\u00e3o de 2026 em nosso estado\u201d, declarou o assessor de promo\u00e7\u00e3o da Setur-BA, Luiz Castro.<\/div>\n<div><\/div>\n<div>No evento acontecem ainda o 1\u00ba Semin\u00e1rio dos Interlocutores Estaduais do Programa de Regionaliza\u00e7\u00e3o do Turismo (PRT) e a Rodada de Experi\u00eancias das Inst\u00e2ncias de Governan\u00e7a Regionais (IGRs), promovidos pelo Minist\u00e9rio do Turismo, com tamb\u00e9m com a presen\u00e7a da Bahia. \u201cCom nossa participa\u00e7\u00e3o nestas palestras damos mais visibilidade ao estado como destino tur\u00edstico atrativo e diversificado e estabelecemos interc\u00e2mbio com outras regi\u00f5es, al\u00e9m de atrair novos parceiros, para fortalecer o turismo baiano\u201d, resumiu o diretor de Regula\u00e7\u00e3o e Certifica\u00e7\u00e3o da Setur-BA, Divaldo Borges.<\/div>\n<div><\/div>\n<div><b>Promo\u00e7\u00e3o internacional<\/b>\u00a0\u2013 A atra\u00e7\u00e3o de mais turistas estrangeiros para a Bahia tamb\u00e9m \u00e9 foco das a\u00e7\u00f5es da Setur-BA, que, neste m\u00eas de outubro, participou de uma s\u00e9rie de roadshows da Visit Brazil Travel Association (VBrata), na It\u00e1lia (N\u00e1poli e Roma), Espanha (Madri), Alemanha (Frankfurt), Portugal (Lisboa), Reino Unido (Londres, Birminghan e Manchester) e Fran\u00e7a (Paris), que ganha, na segunda-feira (28), o voo in\u00e9dito entre as capitais francesa e baiana. No dia 2 de novembro, a equipe da secretaria estar\u00e1 em Dublin, na Irlanda, participando da \u00faltima etapa dos encontros com empresas a\u00e9reas, operadores de turismo, agentes de viagem e o trade\u00a0 irland\u00eas para divulgar produtos tur\u00edsticos baianos.<\/div>\n<div><\/div>\n<div id=\"m_1209671136071746908x_Signature\">\n<div><\/div>\n<div><b>Assessoria de Comunica\u00e7\u00e3o<\/b><\/div>\n<\/div>\n","protected":false},"excerpt":{"rendered":"<p>A Secretaria de Turismo do Estado (Setur-BA) promove os atrativos tur\u00edsticos da Bahia em mais um grande evento nacional, o 13\u00ba Brazil Travel Market (BTM), realizado, at\u00e9 esta sexta-feira (25), no Centro de Conven\u00e7\u00f5es de Fortaleza, com cerca de 230 expositores e a estimativa de atrair 6 mil profissionais do setor.\u00a0 Organizada pela BBC Eventos, a feira acontece durante dois dias, com exposi\u00e7\u00e3o, f\u00f3rum corporativo, capacita\u00e7\u00f5es e rodadas de neg\u00f3cios. O objetivo \u00e9 promover a integra\u00e7\u00e3o de profissionais do setor de viagens e de turismo e lan\u00e7ar novos produtos e tend\u00eancias. No estande da Setur, agentes e operadores de viagem se informam sobre caracter\u00edsticas e infraestrutura de destinos baianos, com destaque para a vasta extens\u00e3o litor\u00e2nea, al\u00e9m da rica diversidade&hellip; <\/p>\n","protected":false},"author":2,"featured_media":153161,"comment_status":"open","ping_status":"open","sticky":false,"template":"","format":"standard","meta":{"_acf_changed":false,"footnotes":""},"categories":[43],"tags":[],"class_list":["post-379893","post","type-post","status-publish","format-standard","has-post-thumbnail","hentry","category-sem-categoria"],"acf":[],"yoast_head":"<!-- This site is optimized with the Yoast SEO plugin v27.5 - https:\/\/yoast.com\/product\/yoast-seo-wordpress\/ -->\n<title>Bahia apresenta diversidade tur\u00edstica para o mercado do Nordeste - Blog do Farn\u00e9sio<\/title>\n<meta name=\"robots\" content=\"index, follow, max-snippet:-1, max-image-preview:large, max-video-preview:-1\" \/>\n<link rel=\"canonical\" href=\"https:\/\/blogdofarnesio.com.br\/2024\/10\/bahia-apresenta-diversidade-turistica-para-o-mercado-do-nordeste\/\" \/>\n<meta property=\"og:locale\" content=\"pt_BR\" \/>\n<meta property=\"og:type\" content=\"article\" \/>\n<meta property=\"og:title\" content=\"Bahia apresenta diversidade tur\u00edstica para o mercado do Nordeste - Blog do Farn\u00e9sio\" \/>\n<meta property=\"og:description\" content=\"A Secretaria de Turismo do Estado (Setur-BA) promove os atrativos tur\u00edsticos da Bahia em mais um grande evento nacional, o 13\u00ba Brazil Travel Market (BTM), realizado, at\u00e9 esta sexta-feira (25), no Centro de Conven\u00e7\u00f5es de Fortaleza, com cerca de 230 expositores e a estimativa de atrair 6 mil profissionais do setor.\u00a0 Organizada pela BBC Eventos, a feira acontece durante dois dias, com exposi\u00e7\u00e3o, f\u00f3rum corporativo, capacita\u00e7\u00f5es e rodadas de neg\u00f3cios. O objetivo \u00e9 promover a integra\u00e7\u00e3o de profissionais do setor de viagens e de turismo e lan\u00e7ar novos produtos e tend\u00eancias. No estande da Setur, agentes e operadores de viagem se informam sobre caracter\u00edsticas e infraestrutura de destinos baianos, com destaque para a vasta extens\u00e3o litor\u00e2nea, al\u00e9m da rica diversidade&hellip;\" \/>\n<meta property=\"og:url\" content=\"https:\/\/blogdofarnesio.com.br\/2024\/10\/bahia-apresenta-diversidade-turistica-para-o-mercado-do-nordeste\/\" \/>\n<meta property=\"og:site_name\" content=\"Blog do Farn\u00e9sio\" \/>\n<meta property=\"article:publisher\" content=\"https:\/\/www.facebook.com\/BlogQuerSaberPolitica\/\" \/>\n<meta property=\"article:author\" content=\"https:\/\/www.facebook.com\/?ref=tn_tnmn\" \/>\n<meta property=\"article:published_time\" content=\"2024-10-25T20:05:59+00:00\" \/>\n<meta property=\"og:image\" content=\"https:\/\/blogdofarnesio.com.br\/wp-content\/uploads\/2016\/12\/blog-qsp-salvador-foto-reproducao.jpg\" \/>\n\t<meta property=\"og:image:width\" content=\"448\" \/>\n\t<meta property=\"og:image:height\" content=\"336\" \/>\n\t<meta property=\"og:image:type\" content=\"image\/jpeg\" \/>\n<meta name=\"author\" content=\"Farn\u00e9sio\" \/>\n<meta name=\"twitter:card\" content=\"summary_large_image\" \/>\n<meta name=\"twitter:label1\" content=\"Escrito por\" \/>\n\t<meta name=\"twitter:data1\" content=\"Farn\u00e9sio\" \/>\n\t<meta name=\"twitter:label2\" content=\"Est. tempo de leitura\" \/>\n\t<meta name=\"twitter:data2\" content=\"3 minutos\" \/>\n<script type=\"application\/ld+json\" class=\"yoast-schema-graph\">{\"@context\":\"https:\\\/\\\/schema.org\",\"@graph\":[{\"@type\":\"Article\",\"@id\":\"https:\\\/\\\/blogdofarnesio.com.br\\\/2024\\\/10\\\/bahia-apresenta-diversidade-turistica-para-o-mercado-do-nordeste\\\/#article\",\"isPartOf\":{\"@id\":\"https:\\\/\\\/blogdofarnesio.com.br\\\/2024\\\/10\\\/bahia-apresenta-diversidade-turistica-para-o-mercado-do-nordeste\\\/\"},\"author\":{\"name\":\"Farn\u00e9sio\",\"@id\":\"https:\\\/\\\/blogdofarnesio.com.br\\\/#\\\/schema\\\/person\\\/bb9b23ae3ad0609ce8df7b6c9e76824d\"},\"headline\":\"Bahia apresenta diversidade tur\u00edstica para o mercado do Nordeste\",\"datePublished\":\"2024-10-25T20:05:59+00:00\",\"mainEntityOfPage\":{\"@id\":\"https:\\\/\\\/blogdofarnesio.com.br\\\/2024\\\/10\\\/bahia-apresenta-diversidade-turistica-para-o-mercado-do-nordeste\\\/\"},\"wordCount\":438,\"commentCount\":0,\"publisher\":{\"@id\":\"https:\\\/\\\/blogdofarnesio.com.br\\\/#organization\"},\"image\":{\"@id\":\"https:\\\/\\\/blogdofarnesio.com.br\\\/2024\\\/10\\\/bahia-apresenta-diversidade-turistica-para-o-mercado-do-nordeste\\\/#primaryimage\"},\"thumbnailUrl\":\"https:\\\/\\\/blogdofarnesio.com.br\\\/wp-content\\\/uploads\\\/2016\\\/12\\\/blog-qsp-salvador-foto-reproducao.jpg\",\"inLanguage\":\"pt-BR\",\"potentialAction\":[{\"@type\":\"CommentAction\",\"name\":\"Comment\",\"target\":[\"https:\\\/\\\/blogdofarnesio.com.br\\\/2024\\\/10\\\/bahia-apresenta-diversidade-turistica-para-o-mercado-do-nordeste\\\/#respond\"]}]},{\"@type\":\"WebPage\",\"@id\":\"https:\\\/\\\/blogdofarnesio.com.br\\\/2024\\\/10\\\/bahia-apresenta-diversidade-turistica-para-o-mercado-do-nordeste\\\/\",\"url\":\"https:\\\/\\\/blogdofarnesio.com.br\\\/2024\\\/10\\\/bahia-apresenta-diversidade-turistica-para-o-mercado-do-nordeste\\\/\",\"name\":\"Bahia apresenta diversidade tur\u00edstica para o mercado do Nordeste - Blog do Farn\u00e9sio\",\"isPartOf\":{\"@id\":\"https:\\\/\\\/blogdofarnesio.com.br\\\/#website\"},\"primaryImageOfPage\":{\"@id\":\"https:\\\/\\\/blogdofarnesio.com.br\\\/2024\\\/10\\\/bahia-apresenta-diversidade-turistica-para-o-mercado-do-nordeste\\\/#primaryimage\"},\"image\":{\"@id\":\"https:\\\/\\\/blogdofarnesio.com.br\\\/2024\\\/10\\\/bahia-apresenta-diversidade-turistica-para-o-mercado-do-nordeste\\\/#primaryimage\"},\"thumbnailUrl\":\"https:\\\/\\\/blogdofarnesio.com.br\\\/wp-content\\\/uploads\\\/2016\\\/12\\\/blog-qsp-salvador-foto-reproducao.jpg\",\"datePublished\":\"2024-10-25T20:05:59+00:00\",\"breadcrumb\":{\"@id\":\"https:\\\/\\\/blogdofarnesio.com.br\\\/2024\\\/10\\\/bahia-apresenta-diversidade-turistica-para-o-mercado-do-nordeste\\\/#breadcrumb\"},\"inLanguage\":\"pt-BR\",\"potentialAction\":[{\"@type\":\"ReadAction\",\"target\":[\"https:\\\/\\\/blogdofarnesio.com.br\\\/2024\\\/10\\\/bahia-apresenta-diversidade-turistica-para-o-mercado-do-nordeste\\\/\"]}]},{\"@type\":\"ImageObject\",\"inLanguage\":\"pt-BR\",\"@id\":\"https:\\\/\\\/blogdofarnesio.com.br\\\/2024\\\/10\\\/bahia-apresenta-diversidade-turistica-para-o-mercado-do-nordeste\\\/#primaryimage\",\"url\":\"https:\\\/\\\/blogdofarnesio.com.br\\\/wp-content\\\/uploads\\\/2016\\\/12\\\/blog-qsp-salvador-foto-reproducao.jpg\",\"contentUrl\":\"https:\\\/\\\/blogdofarnesio.com.br\\\/wp-content\\\/uploads\\\/2016\\\/12\\\/blog-qsp-salvador-foto-reproducao.jpg\",\"width\":448,\"height\":336},{\"@type\":\"BreadcrumbList\",\"@id\":\"https:\\\/\\\/blogdofarnesio.com.br\\\/2024\\\/10\\\/bahia-apresenta-diversidade-turistica-para-o-mercado-do-nordeste\\\/#breadcrumb\",\"itemListElement\":[{\"@type\":\"ListItem\",\"position\":1,\"name\":\"In\u00edcio\",\"item\":\"https:\\\/\\\/blogdofarnesio.com.br\\\/\"},{\"@type\":\"ListItem\",\"position\":2,\"name\":\"Bahia apresenta diversidade tur\u00edstica para o mercado do Nordeste\"}]},{\"@type\":\"WebSite\",\"@id\":\"https:\\\/\\\/blogdofarnesio.com.br\\\/#website\",\"url\":\"https:\\\/\\\/blogdofarnesio.com.br\\\/\",\"name\":\"Blog do Farn\u00e9sio\",\"description\":\"Quer Saber Pol\u00edtica?\",\"publisher\":{\"@id\":\"https:\\\/\\\/blogdofarnesio.com.br\\\/#organization\"},\"potentialAction\":[{\"@type\":\"SearchAction\",\"target\":{\"@type\":\"EntryPoint\",\"urlTemplate\":\"https:\\\/\\\/blogdofarnesio.com.br\\\/?s={search_term_string}\"},\"query-input\":{\"@type\":\"PropertyValueSpecification\",\"valueRequired\":true,\"valueName\":\"search_term_string\"}}],\"inLanguage\":\"pt-BR\"},{\"@type\":\"Organization\",\"@id\":\"https:\\\/\\\/blogdofarnesio.com.br\\\/#organization\",\"name\":\"Blog do Farn\u00e9sio\",\"url\":\"https:\\\/\\\/blogdofarnesio.com.br\\\/\",\"logo\":{\"@type\":\"ImageObject\",\"inLanguage\":\"pt-BR\",\"@id\":\"https:\\\/\\\/blogdofarnesio.com.br\\\/#\\\/schema\\\/logo\\\/image\\\/\",\"url\":\"https:\\\/\\\/blogdofarnesio.com.br\\\/wp-content\\\/uploads\\\/2026\\\/03\\\/cropped-logo_new-1.png\",\"contentUrl\":\"https:\\\/\\\/blogdofarnesio.com.br\\\/wp-content\\\/uploads\\\/2026\\\/03\\\/cropped-logo_new-1.png\",\"width\":881,\"height\":685,\"caption\":\"Blog do Farn\u00e9sio\"},\"image\":{\"@id\":\"https:\\\/\\\/blogdofarnesio.com.br\\\/#\\\/schema\\\/logo\\\/image\\\/\"},\"sameAs\":[\"https:\\\/\\\/www.facebook.com\\\/BlogQuerSaberPolitica\\\/\"]},{\"@type\":\"Person\",\"@id\":\"https:\\\/\\\/blogdofarnesio.com.br\\\/#\\\/schema\\\/person\\\/bb9b23ae3ad0609ce8df7b6c9e76824d\",\"name\":\"Farn\u00e9sio\",\"image\":{\"@type\":\"ImageObject\",\"inLanguage\":\"pt-BR\",\"@id\":\"https:\\\/\\\/secure.gravatar.com\\\/avatar\\\/986aa4c61ccdb66f8555bf88fc2a65609d00bcabd4d2d94377a727547345cbca?s=96&d=mm&r=g\",\"url\":\"https:\\\/\\\/secure.gravatar.com\\\/avatar\\\/986aa4c61ccdb66f8555bf88fc2a65609d00bcabd4d2d94377a727547345cbca?s=96&d=mm&r=g\",\"contentUrl\":\"https:\\\/\\\/secure.gravatar.com\\\/avatar\\\/986aa4c61ccdb66f8555bf88fc2a65609d00bcabd4d2d94377a727547345cbca?s=96&d=mm&r=g\",\"caption\":\"Farn\u00e9sio\"},\"description\":\"Radialista blogueiro, chegou a Petrolina\\\/Juazeiro em setembro de 1980, Farn\u00e9sio Silva \u00e9 de Arapiraca-Alagoas.\",\"sameAs\":[\"http:\\\/\\\/blogdofarnesio.com.br\",\"https:\\\/\\\/www.facebook.com\\\/?ref=tn_tnmn\",\"https:\\\/\\\/www.instagram.com\\\/?utm_source=pwa_homescreen\",\"https:\\\/\\\/youtube.com.br\\\/\"],\"url\":\"https:\\\/\\\/blogdofarnesio.com.br\\\/author\\\/farnesio-2\\\/\"}]}<\/script>\n<!-- \/ Yoast SEO plugin. -->","yoast_head_json":{"title":"Bahia apresenta diversidade tur\u00edstica para o mercado do Nordeste - Blog do Farn\u00e9sio","robots":{"index":"index","follow":"follow","max-snippet":"max-snippet:-1","max-image-preview":"max-image-preview:large","max-video-preview":"max-video-preview:-1"},"canonical":"https:\/\/blogdofarnesio.com.br\/2024\/10\/bahia-apresenta-diversidade-turistica-para-o-mercado-do-nordeste\/","og_locale":"pt_BR","og_type":"article","og_title":"Bahia apresenta diversidade tur\u00edstica para o mercado do Nordeste - Blog do Farn\u00e9sio","og_description":"A Secretaria de Turismo do Estado (Setur-BA) promove os atrativos tur\u00edsticos da Bahia em mais um grande evento nacional, o 13\u00ba Brazil Travel Market (BTM), realizado, at\u00e9 esta sexta-feira (25), no Centro de Conven\u00e7\u00f5es de Fortaleza, com cerca de 230 expositores e a estimativa de atrair 6 mil profissionais do setor.\u00a0 Organizada pela BBC Eventos, a feira acontece durante dois dias, com exposi\u00e7\u00e3o, f\u00f3rum corporativo, capacita\u00e7\u00f5es e rodadas de neg\u00f3cios. O objetivo \u00e9 promover a integra\u00e7\u00e3o de profissionais do setor de viagens e de turismo e lan\u00e7ar novos produtos e tend\u00eancias. No estande da Setur, agentes e operadores de viagem se informam sobre caracter\u00edsticas e infraestrutura de destinos baianos, com destaque para a vasta extens\u00e3o litor\u00e2nea, al\u00e9m da rica diversidade&hellip;","og_url":"https:\/\/blogdofarnesio.com.br\/2024\/10\/bahia-apresenta-diversidade-turistica-para-o-mercado-do-nordeste\/","og_site_name":"Blog do Farn\u00e9sio","article_publisher":"https:\/\/www.facebook.com\/BlogQuerSaberPolitica\/","article_author":"https:\/\/www.facebook.com\/?ref=tn_tnmn","article_published_time":"2024-10-25T20:05:59+00:00","og_image":[{"width":448,"height":336,"url":"https:\/\/blogdofarnesio.com.br\/wp-content\/uploads\/2016\/12\/blog-qsp-salvador-foto-reproducao.jpg","type":"image\/jpeg"}],"author":"Farn\u00e9sio","twitter_card":"summary_large_image","twitter_misc":{"Escrito por":"Farn\u00e9sio","Est. tempo de leitura":"3 minutos"},"schema":{"@context":"https:\/\/schema.org","@graph":[{"@type":"Article","@id":"https:\/\/blogdofarnesio.com.br\/2024\/10\/bahia-apresenta-diversidade-turistica-para-o-mercado-do-nordeste\/#article","isPartOf":{"@id":"https:\/\/blogdofarnesio.com.br\/2024\/10\/bahia-apresenta-diversidade-turistica-para-o-mercado-do-nordeste\/"},"author":{"name":"Farn\u00e9sio","@id":"https:\/\/blogdofarnesio.com.br\/#\/schema\/person\/bb9b23ae3ad0609ce8df7b6c9e76824d"},"headline":"Bahia apresenta diversidade tur\u00edstica para o mercado do Nordeste","datePublished":"2024-10-25T20:05:59+00:00","mainEntityOfPage":{"@id":"https:\/\/blogdofarnesio.com.br\/2024\/10\/bahia-apresenta-diversidade-turistica-para-o-mercado-do-nordeste\/"},"wordCount":438,"commentCount":0,"publisher":{"@id":"https:\/\/blogdofarnesio.com.br\/#organization"},"image":{"@id":"https:\/\/blogdofarnesio.com.br\/2024\/10\/bahia-apresenta-diversidade-turistica-para-o-mercado-do-nordeste\/#primaryimage"},"thumbnailUrl":"https:\/\/blogdofarnesio.com.br\/wp-content\/uploads\/2016\/12\/blog-qsp-salvador-foto-reproducao.jpg","inLanguage":"pt-BR","potentialAction":[{"@type":"CommentAction","name":"Comment","target":["https:\/\/blogdofarnesio.com.br\/2024\/10\/bahia-apresenta-diversidade-turistica-para-o-mercado-do-nordeste\/#respond"]}]},{"@type":"WebPage","@id":"https:\/\/blogdofarnesio.com.br\/2024\/10\/bahia-apresenta-diversidade-turistica-para-o-mercado-do-nordeste\/","url":"https:\/\/blogdofarnesio.com.br\/2024\/10\/bahia-apresenta-diversidade-turistica-para-o-mercado-do-nordeste\/","name":"Bahia apresenta diversidade tur\u00edstica para o mercado do Nordeste - Blog do Farn\u00e9sio","isPartOf":{"@id":"https:\/\/blogdofarnesio.com.br\/#website"},"primaryImageOfPage":{"@id":"https:\/\/blogdofarnesio.com.br\/2024\/10\/bahia-apresenta-diversidade-turistica-para-o-mercado-do-nordeste\/#primaryimage"},"image":{"@id":"https:\/\/blogdofarnesio.com.br\/2024\/10\/bahia-apresenta-diversidade-turistica-para-o-mercado-do-nordeste\/#primaryimage"},"thumbnailUrl":"https:\/\/blogdofarnesio.com.br\/wp-content\/uploads\/2016\/12\/blog-qsp-salvador-foto-reproducao.jpg","datePublished":"2024-10-25T20:05:59+00:00","breadcrumb":{"@id":"https:\/\/blogdofarnesio.com.br\/2024\/10\/bahia-apresenta-diversidade-turistica-para-o-mercado-do-nordeste\/#breadcrumb"},"inLanguage":"pt-BR","potentialAction":[{"@type":"ReadAction","target":["https:\/\/blogdofarnesio.com.br\/2024\/10\/bahia-apresenta-diversidade-turistica-para-o-mercado-do-nordeste\/"]}]},{"@type":"ImageObject","inLanguage":"pt-BR","@id":"https:\/\/blogdofarnesio.com.br\/2024\/10\/bahia-apresenta-diversidade-turistica-para-o-mercado-do-nordeste\/#primaryimage","url":"https:\/\/blogdofarnesio.com.br\/wp-content\/uploads\/2016\/12\/blog-qsp-salvador-foto-reproducao.jpg","contentUrl":"https:\/\/blogdofarnesio.com.br\/wp-content\/uploads\/2016\/12\/blog-qsp-salvador-foto-reproducao.jpg","width":448,"height":336},{"@type":"BreadcrumbList","@id":"https:\/\/blogdofarnesio.com.br\/2024\/10\/bahia-apresenta-diversidade-turistica-para-o-mercado-do-nordeste\/#breadcrumb","itemListElement":[{"@type":"ListItem","position":1,"name":"In\u00edcio","item":"https:\/\/blogdofarnesio.com.br\/"},{"@type":"ListItem","position":2,"name":"Bahia apresenta diversidade tur\u00edstica para o mercado do Nordeste"}]},{"@type":"WebSite","@id":"https:\/\/blogdofarnesio.com.br\/#website","url":"https:\/\/blogdofarnesio.com.br\/","name":"Blog do Farn\u00e9sio","description":"Quer Saber Pol\u00edtica?","publisher":{"@id":"https:\/\/blogdofarnesio.com.br\/#organization"},"potentialAction":[{"@type":"SearchAction","target":{"@type":"EntryPoint","urlTemplate":"https:\/\/blogdofarnesio.com.br\/?s={search_term_string}"},"query-input":{"@type":"PropertyValueSpecification","valueRequired":true,"valueName":"search_term_string"}}],"inLanguage":"pt-BR"},{"@type":"Organization","@id":"https:\/\/blogdofarnesio.com.br\/#organization","name":"Blog do Farn\u00e9sio","url":"https:\/\/blogdofarnesio.com.br\/","logo":{"@type":"ImageObject","inLanguage":"pt-BR","@id":"https:\/\/blogdofarnesio.com.br\/#\/schema\/logo\/image\/","url":"https:\/\/blogdofarnesio.com.br\/wp-content\/uploads\/2026\/03\/cropped-logo_new-1.png","contentUrl":"https:\/\/blogdofarnesio.com.br\/wp-content\/uploads\/2026\/03\/cropped-logo_new-1.png","width":881,"height":685,"caption":"Blog do Farn\u00e9sio"},"image":{"@id":"https:\/\/blogdofarnesio.com.br\/#\/schema\/logo\/image\/"},"sameAs":["https:\/\/www.facebook.com\/BlogQuerSaberPolitica\/"]},{"@type":"Person","@id":"https:\/\/blogdofarnesio.com.br\/#\/schema\/person\/bb9b23ae3ad0609ce8df7b6c9e76824d","name":"Farn\u00e9sio","image":{"@type":"ImageObject","inLanguage":"pt-BR","@id":"https:\/\/secure.gravatar.com\/avatar\/986aa4c61ccdb66f8555bf88fc2a65609d00bcabd4d2d94377a727547345cbca?s=96&d=mm&r=g","url":"https:\/\/secure.gravatar.com\/avatar\/986aa4c61ccdb66f8555bf88fc2a65609d00bcabd4d2d94377a727547345cbca?s=96&d=mm&r=g","contentUrl":"https:\/\/secure.gravatar.com\/avatar\/986aa4c61ccdb66f8555bf88fc2a65609d00bcabd4d2d94377a727547345cbca?s=96&d=mm&r=g","caption":"Farn\u00e9sio"},"description":"Radialista blogueiro, chegou a Petrolina\/Juazeiro em setembro de 1980, Farn\u00e9sio Silva \u00e9 de Arapiraca-Alagoas.","sameAs":["http:\/\/blogdofarnesio.com.br","https:\/\/www.facebook.com\/?ref=tn_tnmn","https:\/\/www.instagram.com\/?utm_source=pwa_homescreen","https:\/\/youtube.com.br\/"],"url":"https:\/\/blogdofarnesio.com.br\/author\/farnesio-2\/"}]}},"_links":{"self":[{"href":"https:\/\/blogdofarnesio.com.br\/wp-json\/wp\/v2\/posts\/379893","targetHints":{"allow":["GET"]}}],"collection":[{"href":"https:\/\/blogdofarnesio.com.br\/wp-json\/wp\/v2\/posts"}],"about":[{"href":"https:\/\/blogdofarnesio.com.br\/wp-json\/wp\/v2\/types\/post"}],"author":[{"embeddable":true,"href":"https:\/\/blogdofarnesio.com.br\/wp-json\/wp\/v2\/users\/2"}],"replies":[{"embeddable":true,"href":"https:\/\/blogdofarnesio.com.br\/wp-json\/wp\/v2\/comments?post=379893"}],"version-history":[{"count":0,"href":"https:\/\/blogdofarnesio.com.br\/wp-json\/wp\/v2\/posts\/379893\/revisions"}],"wp:featuredmedia":[{"embeddable":true,"href":"https:\/\/blogdofarnesio.com.br\/wp-json\/wp\/v2\/media\/153161"}],"wp:attachment":[{"href":"https:\/\/blogdofarnesio.com.br\/wp-json\/wp\/v2\/media?parent=379893"}],"wp:term":[{"taxonomy":"category","embeddable":true,"href":"https:\/\/blogdofarnesio.com.br\/wp-json\/wp\/v2\/categories?post=379893"},{"taxonomy":"post_tag","embeddable":true,"href":"https:\/\/blogdofarnesio.com.br\/wp-json\/wp\/v2\/tags?post=379893"}],"curies":[{"name":"wp","href":"https:\/\/api.w.org\/{rel}","templated":true}]}}