{"id":379888,"date":"2024-10-25T16:44:49","date_gmt":"2024-10-25T19:44:49","guid":{"rendered":"https:\/\/blogdofarnesio.com.br\/?p=379888"},"modified":"2024-10-25T15:16:40","modified_gmt":"2024-10-25T18:16:40","slug":"homem-que-tentou-matar-pastor-dentro-de-igreja-durante-culto-morre-em-confronto-com-pms-no-interior-da-bahia","status":"publish","type":"post","link":"https:\/\/blogdofarnesio.com.br\/2024\/10\/homem-que-tentou-matar-pastor-dentro-de-igreja-durante-culto-morre-em-confronto-com-pms-no-interior-da-bahia\/","title":{"rendered":"Homem que tentou matar pastor dentro de igreja durante culto morre em confronto com PMs no interior da Bahia"},"content":{"rendered":"<div id=\"post-body-5047319359407266380\" class=\"post-body entry-content\">\n<p>Um homem morreu ap\u00f3s entrar em confronto com policias militares, quarta-feira (23), na cidade de Vit\u00f3ria da Conquista, no sudoeste da Bahia. Werley Silva Souza, de 36 anos, teria iniciado uma troca de tiros com os PMs ap\u00f3s ser denunciado por populares ao ser visto armado circulando pelo bairro Alto Maron.<\/p>\n<p>Segundo informa\u00e7\u00f5es da pol\u00edcia, ao ser encontrado pelos policiais, ele invadiu um im\u00f3vel e disparou contra os agentes, que revidaram e atingiram o suspeito. De acordo com a Pol\u00edcia Civil, Wesley foi socorrido para o Hospital de Base de Vit\u00f3ria da Conquista, mas n\u00e3o resistiu aos ferimentos. Com ele, foi encontrado um rev\u00f3lver, cinco estojos de calibre 38 deflagrados e uma muni\u00e7\u00e3o intacta.<\/p>\n<p>Ap\u00f3s identifica\u00e7\u00e3o do suspeito, a Pol\u00edcia Civil constatou um mandado de pris\u00e3o em aberto ap\u00f3s ele ter sido apontado como o autor dos disparos contra um pastor, dentro de uma igreja evang\u00e9lica, na\u00a0cidade de Mogi das Cruzes, no interior de S\u00e3o Paulo, em 2018. Ele tamb\u00e9m j\u00e1 respondia por homic\u00eddio e tr\u00e1fico de drogas.<\/p>\n<p>No crime no munic\u00edpio paulista, Wesley foi flagrado invadindo um culto, que era transmitido ao vivo, e atirando contra o l\u00edder religioso. Na ocasi\u00e3o, um grupo de pessoas conseguiu cont\u00ea-lo e o mesmo chegou a ser espancado, sendo socorrido em seguida. \u00c0 \u00e9poca, ele informou que tinha entrado no local apenas para assaltar.<\/p>\n<\/div>\n","protected":false},"excerpt":{"rendered":"<p>Um homem morreu ap\u00f3s entrar em confronto com policias militares, quarta-feira (23), na cidade de Vit\u00f3ria da Conquista, no sudoeste da Bahia. Werley Silva Souza, de 36 anos, teria iniciado uma troca de tiros com os PMs ap\u00f3s ser denunciado por populares ao ser visto armado circulando pelo bairro Alto Maron. Segundo informa\u00e7\u00f5es da pol\u00edcia, ao ser encontrado pelos policiais, ele invadiu um im\u00f3vel e disparou contra os agentes, que revidaram e atingiram o suspeito. De acordo com a Pol\u00edcia Civil, Wesley foi socorrido para o Hospital de Base de Vit\u00f3ria da Conquista, mas n\u00e3o resistiu aos ferimentos. Com ele, foi encontrado um rev\u00f3lver, cinco estojos de calibre 38 deflagrados e uma muni\u00e7\u00e3o intacta. Ap\u00f3s identifica\u00e7\u00e3o do suspeito, a Pol\u00edcia&hellip; <\/p>\n","protected":false},"author":2,"featured_media":379889,"comment_status":"open","ping_status":"open","sticky":false,"template":"","format":"standard","meta":{"_acf_changed":false,"footnotes":""},"categories":[9],"tags":[],"class_list":["post-379888","post","type-post","status-publish","format-standard","has-post-thumbnail","hentry","category-policia"],"acf":[],"yoast_head":"<!-- This site is optimized with the Yoast SEO plugin v27.5 - https:\/\/yoast.com\/product\/yoast-seo-wordpress\/ -->\n<title>Homem que tentou matar pastor dentro de igreja durante culto morre em confronto com PMs no interior da Bahia - Blog do Farn\u00e9sio<\/title>\n<meta name=\"robots\" content=\"index, follow, max-snippet:-1, max-image-preview:large, max-video-preview:-1\" \/>\n<link rel=\"canonical\" href=\"https:\/\/blogdofarnesio.com.br\/2024\/10\/homem-que-tentou-matar-pastor-dentro-de-igreja-durante-culto-morre-em-confronto-com-pms-no-interior-da-bahia\/\" \/>\n<meta property=\"og:locale\" content=\"pt_BR\" \/>\n<meta property=\"og:type\" content=\"article\" \/>\n<meta property=\"og:title\" content=\"Homem que tentou matar pastor dentro de igreja durante culto morre em confronto com PMs no interior da Bahia - Blog do Farn\u00e9sio\" \/>\n<meta property=\"og:description\" content=\"Um homem morreu ap\u00f3s entrar em confronto com policias militares, quarta-feira (23), na cidade de Vit\u00f3ria da Conquista, no sudoeste da Bahia. Werley Silva Souza, de 36 anos, teria iniciado uma troca de tiros com os PMs ap\u00f3s ser denunciado por populares ao ser visto armado circulando pelo bairro Alto Maron. Segundo informa\u00e7\u00f5es da pol\u00edcia, ao ser encontrado pelos policiais, ele invadiu um im\u00f3vel e disparou contra os agentes, que revidaram e atingiram o suspeito. De acordo com a Pol\u00edcia Civil, Wesley foi socorrido para o Hospital de Base de Vit\u00f3ria da Conquista, mas n\u00e3o resistiu aos ferimentos. Com ele, foi encontrado um rev\u00f3lver, cinco estojos de calibre 38 deflagrados e uma muni\u00e7\u00e3o intacta. Ap\u00f3s identifica\u00e7\u00e3o do suspeito, a Pol\u00edcia&hellip;\" \/>\n<meta property=\"og:url\" content=\"https:\/\/blogdofarnesio.com.br\/2024\/10\/homem-que-tentou-matar-pastor-dentro-de-igreja-durante-culto-morre-em-confronto-com-pms-no-interior-da-bahia\/\" \/>\n<meta property=\"og:site_name\" content=\"Blog do Farn\u00e9sio\" \/>\n<meta property=\"article:publisher\" content=\"https:\/\/www.facebook.com\/BlogQuerSaberPolitica\/\" \/>\n<meta property=\"article:author\" content=\"https:\/\/www.facebook.com\/?ref=tn_tnmn\" \/>\n<meta property=\"article:published_time\" content=\"2024-10-25T19:44:49+00:00\" \/>\n<meta property=\"og:image\" content=\"https:\/\/blogdofarnesio.com.br\/wp-content\/uploads\/2024\/10\/blgoqspigreja-tentativa-morte-pastor.jpg\" \/>\n\t<meta property=\"og:image:width\" content=\"544\" \/>\n\t<meta property=\"og:image:height\" content=\"306\" \/>\n\t<meta property=\"og:image:type\" content=\"image\/jpeg\" \/>\n<meta name=\"author\" content=\"Farn\u00e9sio\" \/>\n<meta name=\"twitter:card\" content=\"summary_large_image\" \/>\n<meta name=\"twitter:label1\" content=\"Escrito por\" \/>\n\t<meta name=\"twitter:data1\" content=\"Farn\u00e9sio\" \/>\n\t<meta name=\"twitter:label2\" content=\"Est. tempo de leitura\" \/>\n\t<meta name=\"twitter:data2\" content=\"2 minutos\" \/>\n<script type=\"application\/ld+json\" class=\"yoast-schema-graph\">{\"@context\":\"https:\\\/\\\/schema.org\",\"@graph\":[{\"@type\":\"Article\",\"@id\":\"https:\\\/\\\/blogdofarnesio.com.br\\\/2024\\\/10\\\/homem-que-tentou-matar-pastor-dentro-de-igreja-durante-culto-morre-em-confronto-com-pms-no-interior-da-bahia\\\/#article\",\"isPartOf\":{\"@id\":\"https:\\\/\\\/blogdofarnesio.com.br\\\/2024\\\/10\\\/homem-que-tentou-matar-pastor-dentro-de-igreja-durante-culto-morre-em-confronto-com-pms-no-interior-da-bahia\\\/\"},\"author\":{\"name\":\"Farn\u00e9sio\",\"@id\":\"https:\\\/\\\/blogdofarnesio.com.br\\\/#\\\/schema\\\/person\\\/bb9b23ae3ad0609ce8df7b6c9e76824d\"},\"headline\":\"Homem que tentou matar pastor dentro de igreja durante culto morre em confronto com PMs no interior da Bahia\",\"datePublished\":\"2024-10-25T19:44:49+00:00\",\"mainEntityOfPage\":{\"@id\":\"https:\\\/\\\/blogdofarnesio.com.br\\\/2024\\\/10\\\/homem-que-tentou-matar-pastor-dentro-de-igreja-durante-culto-morre-em-confronto-com-pms-no-interior-da-bahia\\\/\"},\"wordCount\":261,\"commentCount\":0,\"publisher\":{\"@id\":\"https:\\\/\\\/blogdofarnesio.com.br\\\/#organization\"},\"image\":{\"@id\":\"https:\\\/\\\/blogdofarnesio.com.br\\\/2024\\\/10\\\/homem-que-tentou-matar-pastor-dentro-de-igreja-durante-culto-morre-em-confronto-com-pms-no-interior-da-bahia\\\/#primaryimage\"},\"thumbnailUrl\":\"https:\\\/\\\/blogdofarnesio.com.br\\\/wp-content\\\/uploads\\\/2024\\\/10\\\/blgoqspigreja-tentativa-morte-pastor.jpg\",\"articleSection\":[\"Pol\u00edcia\"],\"inLanguage\":\"pt-BR\",\"potentialAction\":[{\"@type\":\"CommentAction\",\"name\":\"Comment\",\"target\":[\"https:\\\/\\\/blogdofarnesio.com.br\\\/2024\\\/10\\\/homem-que-tentou-matar-pastor-dentro-de-igreja-durante-culto-morre-em-confronto-com-pms-no-interior-da-bahia\\\/#respond\"]}]},{\"@type\":\"WebPage\",\"@id\":\"https:\\\/\\\/blogdofarnesio.com.br\\\/2024\\\/10\\\/homem-que-tentou-matar-pastor-dentro-de-igreja-durante-culto-morre-em-confronto-com-pms-no-interior-da-bahia\\\/\",\"url\":\"https:\\\/\\\/blogdofarnesio.com.br\\\/2024\\\/10\\\/homem-que-tentou-matar-pastor-dentro-de-igreja-durante-culto-morre-em-confronto-com-pms-no-interior-da-bahia\\\/\",\"name\":\"Homem que tentou matar pastor dentro de igreja durante culto morre em confronto com PMs no interior da Bahia - Blog do Farn\u00e9sio\",\"isPartOf\":{\"@id\":\"https:\\\/\\\/blogdofarnesio.com.br\\\/#website\"},\"primaryImageOfPage\":{\"@id\":\"https:\\\/\\\/blogdofarnesio.com.br\\\/2024\\\/10\\\/homem-que-tentou-matar-pastor-dentro-de-igreja-durante-culto-morre-em-confronto-com-pms-no-interior-da-bahia\\\/#primaryimage\"},\"image\":{\"@id\":\"https:\\\/\\\/blogdofarnesio.com.br\\\/2024\\\/10\\\/homem-que-tentou-matar-pastor-dentro-de-igreja-durante-culto-morre-em-confronto-com-pms-no-interior-da-bahia\\\/#primaryimage\"},\"thumbnailUrl\":\"https:\\\/\\\/blogdofarnesio.com.br\\\/wp-content\\\/uploads\\\/2024\\\/10\\\/blgoqspigreja-tentativa-morte-pastor.jpg\",\"datePublished\":\"2024-10-25T19:44:49+00:00\",\"breadcrumb\":{\"@id\":\"https:\\\/\\\/blogdofarnesio.com.br\\\/2024\\\/10\\\/homem-que-tentou-matar-pastor-dentro-de-igreja-durante-culto-morre-em-confronto-com-pms-no-interior-da-bahia\\\/#breadcrumb\"},\"inLanguage\":\"pt-BR\",\"potentialAction\":[{\"@type\":\"ReadAction\",\"target\":[\"https:\\\/\\\/blogdofarnesio.com.br\\\/2024\\\/10\\\/homem-que-tentou-matar-pastor-dentro-de-igreja-durante-culto-morre-em-confronto-com-pms-no-interior-da-bahia\\\/\"]}]},{\"@type\":\"ImageObject\",\"inLanguage\":\"pt-BR\",\"@id\":\"https:\\\/\\\/blogdofarnesio.com.br\\\/2024\\\/10\\\/homem-que-tentou-matar-pastor-dentro-de-igreja-durante-culto-morre-em-confronto-com-pms-no-interior-da-bahia\\\/#primaryimage\",\"url\":\"https:\\\/\\\/blogdofarnesio.com.br\\\/wp-content\\\/uploads\\\/2024\\\/10\\\/blgoqspigreja-tentativa-morte-pastor.jpg\",\"contentUrl\":\"https:\\\/\\\/blogdofarnesio.com.br\\\/wp-content\\\/uploads\\\/2024\\\/10\\\/blgoqspigreja-tentativa-morte-pastor.jpg\",\"width\":544,\"height\":306},{\"@type\":\"BreadcrumbList\",\"@id\":\"https:\\\/\\\/blogdofarnesio.com.br\\\/2024\\\/10\\\/homem-que-tentou-matar-pastor-dentro-de-igreja-durante-culto-morre-em-confronto-com-pms-no-interior-da-bahia\\\/#breadcrumb\",\"itemListElement\":[{\"@type\":\"ListItem\",\"position\":1,\"name\":\"In\u00edcio\",\"item\":\"https:\\\/\\\/blogdofarnesio.com.br\\\/\"},{\"@type\":\"ListItem\",\"position\":2,\"name\":\"Homem que tentou matar pastor dentro de igreja durante culto morre em confronto com PMs no interior da Bahia\"}]},{\"@type\":\"WebSite\",\"@id\":\"https:\\\/\\\/blogdofarnesio.com.br\\\/#website\",\"url\":\"https:\\\/\\\/blogdofarnesio.com.br\\\/\",\"name\":\"Blog do Farn\u00e9sio\",\"description\":\"Quer Saber Pol\u00edtica?\",\"publisher\":{\"@id\":\"https:\\\/\\\/blogdofarnesio.com.br\\\/#organization\"},\"potentialAction\":[{\"@type\":\"SearchAction\",\"target\":{\"@type\":\"EntryPoint\",\"urlTemplate\":\"https:\\\/\\\/blogdofarnesio.com.br\\\/?s={search_term_string}\"},\"query-input\":{\"@type\":\"PropertyValueSpecification\",\"valueRequired\":true,\"valueName\":\"search_term_string\"}}],\"inLanguage\":\"pt-BR\"},{\"@type\":\"Organization\",\"@id\":\"https:\\\/\\\/blogdofarnesio.com.br\\\/#organization\",\"name\":\"Blog do Farn\u00e9sio\",\"url\":\"https:\\\/\\\/blogdofarnesio.com.br\\\/\",\"logo\":{\"@type\":\"ImageObject\",\"inLanguage\":\"pt-BR\",\"@id\":\"https:\\\/\\\/blogdofarnesio.com.br\\\/#\\\/schema\\\/logo\\\/image\\\/\",\"url\":\"https:\\\/\\\/blogdofarnesio.com.br\\\/wp-content\\\/uploads\\\/2026\\\/03\\\/cropped-logo_new-1.png\",\"contentUrl\":\"https:\\\/\\\/blogdofarnesio.com.br\\\/wp-content\\\/uploads\\\/2026\\\/03\\\/cropped-logo_new-1.png\",\"width\":881,\"height\":685,\"caption\":\"Blog do Farn\u00e9sio\"},\"image\":{\"@id\":\"https:\\\/\\\/blogdofarnesio.com.br\\\/#\\\/schema\\\/logo\\\/image\\\/\"},\"sameAs\":[\"https:\\\/\\\/www.facebook.com\\\/BlogQuerSaberPolitica\\\/\"]},{\"@type\":\"Person\",\"@id\":\"https:\\\/\\\/blogdofarnesio.com.br\\\/#\\\/schema\\\/person\\\/bb9b23ae3ad0609ce8df7b6c9e76824d\",\"name\":\"Farn\u00e9sio\",\"image\":{\"@type\":\"ImageObject\",\"inLanguage\":\"pt-BR\",\"@id\":\"https:\\\/\\\/secure.gravatar.com\\\/avatar\\\/986aa4c61ccdb66f8555bf88fc2a65609d00bcabd4d2d94377a727547345cbca?s=96&d=mm&r=g\",\"url\":\"https:\\\/\\\/secure.gravatar.com\\\/avatar\\\/986aa4c61ccdb66f8555bf88fc2a65609d00bcabd4d2d94377a727547345cbca?s=96&d=mm&r=g\",\"contentUrl\":\"https:\\\/\\\/secure.gravatar.com\\\/avatar\\\/986aa4c61ccdb66f8555bf88fc2a65609d00bcabd4d2d94377a727547345cbca?s=96&d=mm&r=g\",\"caption\":\"Farn\u00e9sio\"},\"description\":\"Radialista blogueiro, chegou a Petrolina\\\/Juazeiro em setembro de 1980, Farn\u00e9sio Silva \u00e9 de Arapiraca-Alagoas.\",\"sameAs\":[\"http:\\\/\\\/blogdofarnesio.com.br\",\"https:\\\/\\\/www.facebook.com\\\/?ref=tn_tnmn\",\"https:\\\/\\\/www.instagram.com\\\/?utm_source=pwa_homescreen\",\"https:\\\/\\\/youtube.com.br\\\/\"],\"url\":\"https:\\\/\\\/blogdofarnesio.com.br\\\/author\\\/farnesio-2\\\/\"}]}<\/script>\n<!-- \/ Yoast SEO plugin. -->","yoast_head_json":{"title":"Homem que tentou matar pastor dentro de igreja durante culto morre em confronto com PMs no interior da Bahia - Blog do Farn\u00e9sio","robots":{"index":"index","follow":"follow","max-snippet":"max-snippet:-1","max-image-preview":"max-image-preview:large","max-video-preview":"max-video-preview:-1"},"canonical":"https:\/\/blogdofarnesio.com.br\/2024\/10\/homem-que-tentou-matar-pastor-dentro-de-igreja-durante-culto-morre-em-confronto-com-pms-no-interior-da-bahia\/","og_locale":"pt_BR","og_type":"article","og_title":"Homem que tentou matar pastor dentro de igreja durante culto morre em confronto com PMs no interior da Bahia - Blog do Farn\u00e9sio","og_description":"Um homem morreu ap\u00f3s entrar em confronto com policias militares, quarta-feira (23), na cidade de Vit\u00f3ria da Conquista, no sudoeste da Bahia. Werley Silva Souza, de 36 anos, teria iniciado uma troca de tiros com os PMs ap\u00f3s ser denunciado por populares ao ser visto armado circulando pelo bairro Alto Maron. Segundo informa\u00e7\u00f5es da pol\u00edcia, ao ser encontrado pelos policiais, ele invadiu um im\u00f3vel e disparou contra os agentes, que revidaram e atingiram o suspeito. De acordo com a Pol\u00edcia Civil, Wesley foi socorrido para o Hospital de Base de Vit\u00f3ria da Conquista, mas n\u00e3o resistiu aos ferimentos. Com ele, foi encontrado um rev\u00f3lver, cinco estojos de calibre 38 deflagrados e uma muni\u00e7\u00e3o intacta. Ap\u00f3s identifica\u00e7\u00e3o do suspeito, a Pol\u00edcia&hellip;","og_url":"https:\/\/blogdofarnesio.com.br\/2024\/10\/homem-que-tentou-matar-pastor-dentro-de-igreja-durante-culto-morre-em-confronto-com-pms-no-interior-da-bahia\/","og_site_name":"Blog do Farn\u00e9sio","article_publisher":"https:\/\/www.facebook.com\/BlogQuerSaberPolitica\/","article_author":"https:\/\/www.facebook.com\/?ref=tn_tnmn","article_published_time":"2024-10-25T19:44:49+00:00","og_image":[{"width":544,"height":306,"url":"https:\/\/blogdofarnesio.com.br\/wp-content\/uploads\/2024\/10\/blgoqspigreja-tentativa-morte-pastor.jpg","type":"image\/jpeg"}],"author":"Farn\u00e9sio","twitter_card":"summary_large_image","twitter_misc":{"Escrito por":"Farn\u00e9sio","Est. tempo de leitura":"2 minutos"},"schema":{"@context":"https:\/\/schema.org","@graph":[{"@type":"Article","@id":"https:\/\/blogdofarnesio.com.br\/2024\/10\/homem-que-tentou-matar-pastor-dentro-de-igreja-durante-culto-morre-em-confronto-com-pms-no-interior-da-bahia\/#article","isPartOf":{"@id":"https:\/\/blogdofarnesio.com.br\/2024\/10\/homem-que-tentou-matar-pastor-dentro-de-igreja-durante-culto-morre-em-confronto-com-pms-no-interior-da-bahia\/"},"author":{"name":"Farn\u00e9sio","@id":"https:\/\/blogdofarnesio.com.br\/#\/schema\/person\/bb9b23ae3ad0609ce8df7b6c9e76824d"},"headline":"Homem que tentou matar pastor dentro de igreja durante culto morre em confronto com PMs no interior da Bahia","datePublished":"2024-10-25T19:44:49+00:00","mainEntityOfPage":{"@id":"https:\/\/blogdofarnesio.com.br\/2024\/10\/homem-que-tentou-matar-pastor-dentro-de-igreja-durante-culto-morre-em-confronto-com-pms-no-interior-da-bahia\/"},"wordCount":261,"commentCount":0,"publisher":{"@id":"https:\/\/blogdofarnesio.com.br\/#organization"},"image":{"@id":"https:\/\/blogdofarnesio.com.br\/2024\/10\/homem-que-tentou-matar-pastor-dentro-de-igreja-durante-culto-morre-em-confronto-com-pms-no-interior-da-bahia\/#primaryimage"},"thumbnailUrl":"https:\/\/blogdofarnesio.com.br\/wp-content\/uploads\/2024\/10\/blgoqspigreja-tentativa-morte-pastor.jpg","articleSection":["Pol\u00edcia"],"inLanguage":"pt-BR","potentialAction":[{"@type":"CommentAction","name":"Comment","target":["https:\/\/blogdofarnesio.com.br\/2024\/10\/homem-que-tentou-matar-pastor-dentro-de-igreja-durante-culto-morre-em-confronto-com-pms-no-interior-da-bahia\/#respond"]}]},{"@type":"WebPage","@id":"https:\/\/blogdofarnesio.com.br\/2024\/10\/homem-que-tentou-matar-pastor-dentro-de-igreja-durante-culto-morre-em-confronto-com-pms-no-interior-da-bahia\/","url":"https:\/\/blogdofarnesio.com.br\/2024\/10\/homem-que-tentou-matar-pastor-dentro-de-igreja-durante-culto-morre-em-confronto-com-pms-no-interior-da-bahia\/","name":"Homem que tentou matar pastor dentro de igreja durante culto morre em confronto com PMs no interior da Bahia - Blog do Farn\u00e9sio","isPartOf":{"@id":"https:\/\/blogdofarnesio.com.br\/#website"},"primaryImageOfPage":{"@id":"https:\/\/blogdofarnesio.com.br\/2024\/10\/homem-que-tentou-matar-pastor-dentro-de-igreja-durante-culto-morre-em-confronto-com-pms-no-interior-da-bahia\/#primaryimage"},"image":{"@id":"https:\/\/blogdofarnesio.com.br\/2024\/10\/homem-que-tentou-matar-pastor-dentro-de-igreja-durante-culto-morre-em-confronto-com-pms-no-interior-da-bahia\/#primaryimage"},"thumbnailUrl":"https:\/\/blogdofarnesio.com.br\/wp-content\/uploads\/2024\/10\/blgoqspigreja-tentativa-morte-pastor.jpg","datePublished":"2024-10-25T19:44:49+00:00","breadcrumb":{"@id":"https:\/\/blogdofarnesio.com.br\/2024\/10\/homem-que-tentou-matar-pastor-dentro-de-igreja-durante-culto-morre-em-confronto-com-pms-no-interior-da-bahia\/#breadcrumb"},"inLanguage":"pt-BR","potentialAction":[{"@type":"ReadAction","target":["https:\/\/blogdofarnesio.com.br\/2024\/10\/homem-que-tentou-matar-pastor-dentro-de-igreja-durante-culto-morre-em-confronto-com-pms-no-interior-da-bahia\/"]}]},{"@type":"ImageObject","inLanguage":"pt-BR","@id":"https:\/\/blogdofarnesio.com.br\/2024\/10\/homem-que-tentou-matar-pastor-dentro-de-igreja-durante-culto-morre-em-confronto-com-pms-no-interior-da-bahia\/#primaryimage","url":"https:\/\/blogdofarnesio.com.br\/wp-content\/uploads\/2024\/10\/blgoqspigreja-tentativa-morte-pastor.jpg","contentUrl":"https:\/\/blogdofarnesio.com.br\/wp-content\/uploads\/2024\/10\/blgoqspigreja-tentativa-morte-pastor.jpg","width":544,"height":306},{"@type":"BreadcrumbList","@id":"https:\/\/blogdofarnesio.com.br\/2024\/10\/homem-que-tentou-matar-pastor-dentro-de-igreja-durante-culto-morre-em-confronto-com-pms-no-interior-da-bahia\/#breadcrumb","itemListElement":[{"@type":"ListItem","position":1,"name":"In\u00edcio","item":"https:\/\/blogdofarnesio.com.br\/"},{"@type":"ListItem","position":2,"name":"Homem que tentou matar pastor dentro de igreja durante culto morre em confronto com PMs no interior da Bahia"}]},{"@type":"WebSite","@id":"https:\/\/blogdofarnesio.com.br\/#website","url":"https:\/\/blogdofarnesio.com.br\/","name":"Blog do Farn\u00e9sio","description":"Quer Saber Pol\u00edtica?","publisher":{"@id":"https:\/\/blogdofarnesio.com.br\/#organization"},"potentialAction":[{"@type":"SearchAction","target":{"@type":"EntryPoint","urlTemplate":"https:\/\/blogdofarnesio.com.br\/?s={search_term_string}"},"query-input":{"@type":"PropertyValueSpecification","valueRequired":true,"valueName":"search_term_string"}}],"inLanguage":"pt-BR"},{"@type":"Organization","@id":"https:\/\/blogdofarnesio.com.br\/#organization","name":"Blog do Farn\u00e9sio","url":"https:\/\/blogdofarnesio.com.br\/","logo":{"@type":"ImageObject","inLanguage":"pt-BR","@id":"https:\/\/blogdofarnesio.com.br\/#\/schema\/logo\/image\/","url":"https:\/\/blogdofarnesio.com.br\/wp-content\/uploads\/2026\/03\/cropped-logo_new-1.png","contentUrl":"https:\/\/blogdofarnesio.com.br\/wp-content\/uploads\/2026\/03\/cropped-logo_new-1.png","width":881,"height":685,"caption":"Blog do Farn\u00e9sio"},"image":{"@id":"https:\/\/blogdofarnesio.com.br\/#\/schema\/logo\/image\/"},"sameAs":["https:\/\/www.facebook.com\/BlogQuerSaberPolitica\/"]},{"@type":"Person","@id":"https:\/\/blogdofarnesio.com.br\/#\/schema\/person\/bb9b23ae3ad0609ce8df7b6c9e76824d","name":"Farn\u00e9sio","image":{"@type":"ImageObject","inLanguage":"pt-BR","@id":"https:\/\/secure.gravatar.com\/avatar\/986aa4c61ccdb66f8555bf88fc2a65609d00bcabd4d2d94377a727547345cbca?s=96&d=mm&r=g","url":"https:\/\/secure.gravatar.com\/avatar\/986aa4c61ccdb66f8555bf88fc2a65609d00bcabd4d2d94377a727547345cbca?s=96&d=mm&r=g","contentUrl":"https:\/\/secure.gravatar.com\/avatar\/986aa4c61ccdb66f8555bf88fc2a65609d00bcabd4d2d94377a727547345cbca?s=96&d=mm&r=g","caption":"Farn\u00e9sio"},"description":"Radialista blogueiro, chegou a Petrolina\/Juazeiro em setembro de 1980, Farn\u00e9sio Silva \u00e9 de Arapiraca-Alagoas.","sameAs":["http:\/\/blogdofarnesio.com.br","https:\/\/www.facebook.com\/?ref=tn_tnmn","https:\/\/www.instagram.com\/?utm_source=pwa_homescreen","https:\/\/youtube.com.br\/"],"url":"https:\/\/blogdofarnesio.com.br\/author\/farnesio-2\/"}]}},"_links":{"self":[{"href":"https:\/\/blogdofarnesio.com.br\/wp-json\/wp\/v2\/posts\/379888","targetHints":{"allow":["GET"]}}],"collection":[{"href":"https:\/\/blogdofarnesio.com.br\/wp-json\/wp\/v2\/posts"}],"about":[{"href":"https:\/\/blogdofarnesio.com.br\/wp-json\/wp\/v2\/types\/post"}],"author":[{"embeddable":true,"href":"https:\/\/blogdofarnesio.com.br\/wp-json\/wp\/v2\/users\/2"}],"replies":[{"embeddable":true,"href":"https:\/\/blogdofarnesio.com.br\/wp-json\/wp\/v2\/comments?post=379888"}],"version-history":[{"count":0,"href":"https:\/\/blogdofarnesio.com.br\/wp-json\/wp\/v2\/posts\/379888\/revisions"}],"wp:featuredmedia":[{"embeddable":true,"href":"https:\/\/blogdofarnesio.com.br\/wp-json\/wp\/v2\/media\/379889"}],"wp:attachment":[{"href":"https:\/\/blogdofarnesio.com.br\/wp-json\/wp\/v2\/media?parent=379888"}],"wp:term":[{"taxonomy":"category","embeddable":true,"href":"https:\/\/blogdofarnesio.com.br\/wp-json\/wp\/v2\/categories?post=379888"},{"taxonomy":"post_tag","embeddable":true,"href":"https:\/\/blogdofarnesio.com.br\/wp-json\/wp\/v2\/tags?post=379888"}],"curies":[{"name":"wp","href":"https:\/\/api.w.org\/{rel}","templated":true}]}}