{"id":379883,"date":"2024-10-25T17:34:49","date_gmt":"2024-10-25T20:34:49","guid":{"rendered":"https:\/\/blogdofarnesio.com.br\/?p=379883"},"modified":"2024-10-25T16:04:10","modified_gmt":"2024-10-25T19:04:10","slug":"reunido-com-chefes-e-comandantes-das-forcas-de-seguranca-jeronimo-faz-um-balanco-das-acoes","status":"publish","type":"post","link":"https:\/\/blogdofarnesio.com.br\/?p=379883","title":{"rendered":"Reunido com chefes e comandantes das for\u00e7as de seguran\u00e7a, Jer\u00f4nimo faz um balan\u00e7o das a\u00e7\u00f5es"},"content":{"rendered":"<div class=\"sc-b4c8ccf3-0 fsXNOt\"><\/div>\n<div class=\"sc-81cf810-1 bYubFg\">\n<div class=\"sc-81cf810-2 hiSMeg\">\n<div class=\"imgCredits\">Com o objetivo de avaliar o andamento das a\u00e7\u00f5es de seguran\u00e7a promovidas no estado, o governador Jer\u00f4nimo Rodrigues se encontrou, na quinta-feira (24), com chefes e comandantes das for\u00e7as do setor. Na reuni\u00e3o realizada no Centro de Opera\u00e7\u00f5es e Intelig\u00eancia (COI), no Centro Administrativo, em Salvador (CAB), estiveram presentes representantes das Pol\u00edcias Civil, Militar e Penal, Departamento de Pol\u00edcia T\u00e9cnica e Corpo de Bombeiros.<\/div>\n<\/div>\n<div class=\"sc-81cf810-3 gCNTHg\">\n<p>&nbsp;<\/p>\n<p>Durante o encontro foi feita uma avalia\u00e7\u00e3o das \u00faltimas a\u00e7\u00f5es do setor de janeiro a outubro deste ano. No comparativo com o mesmo per\u00edodo do ano passado, as mortes violentas tiveram redu\u00e7\u00e3o significativa. Foram 3.941 contra 3.519 em 2024.<\/p>\n<p>&nbsp;<\/p>\n<p>Tamb\u00e9m apresentaram redu\u00e7\u00f5es, o roubo de ve\u00edculos que diminuiu de 9.777 para 8.325, uma queda de 15%. O roubo a banco apresentou uma redu\u00e7\u00e3o de 77,8%, passando de 9 para 2 no mesmo per\u00edodo. O roubo a carga saiu de 239 para 138, menos 42%. O roubo a \u00f4nibus teve uma queda de 36%, saindo de 882 para 563.<\/p>\n<p>&nbsp;<\/p>\n<p>\u201cTodos n\u00f3s, juntos, estamos buscando o que a Bahia espera, sem medir qualquer tipo de sacrif\u00edcio para que os investimentos aconte\u00e7am. Investimentos em armamento, viaturas, equipamento de prote\u00e7\u00e3o, constru\u00e7\u00e3o de delegacia, de pelot\u00f5es, pres\u00eddios. Todo mundo imbu\u00eddo para que a gente possa seguir com as a\u00e7\u00f5es e opera\u00e7\u00f5es em todo o estado\u201d, pontuou o governador.<\/p>\n<p>&nbsp;<\/p>\n<p>A produtividade tamb\u00e9m se reflete no n\u00famero de pris\u00f5es. Em 2023, foram 13787. Este ano, foram 14087, uma varia\u00e7\u00e3o positiva de 2,2%. J\u00e1 as armas retiradas de circula\u00e7\u00e3o tiveram uma varia\u00e7\u00e3o positiva de 0,1%, saindo de 4574 para 4578.<\/p>\n<p>&nbsp;<\/p>\n<p>De acordo com o secret\u00e1rio de seguran\u00e7a p\u00fablica, Marcelo Werner, a integra\u00e7\u00e3o \u00e9 fundamental e ela tem sido total entre as for\u00e7as de seguran\u00e7a do Estado. \u201cA Pol\u00edcia Militar, Pol\u00edcia Civil, Pol\u00edcia T\u00e9cnica, Bombeiros Militar, al\u00e9m da Pol\u00edcia Penal, v\u00eam trabalhando diuturnamente no combate \u00e0s fac\u00e7\u00f5es no nosso estado. Fruto disso s\u00e3o os \u00edndices criminais reduzidos, n\u00e3o s\u00f3 crimes contra o patrim\u00f4nio, mas tamb\u00e9m os crimes contra a vida\u201d, ressaltou Werner, lembrando que esse trabalho conjunto conta ainda com o apoio de \u00f3rg\u00e3os federais e municipais.<\/p>\n<p>&nbsp;<\/p>\n<p>Como exemplo das a\u00e7\u00f5es que est\u00e3o sendo realizadas em Salvador, o comandante-geral da Pol\u00edcia Militar, coronel Paulo Coutinho, destacou a Opera\u00e7\u00e3o H\u00f3rus. \u201cUma opera\u00e7\u00e3o que n\u00f3s iniciamos h\u00e1 tr\u00eas dias, com o objetivo de levar maior seguran\u00e7a para as ruas da nossa capital e, sobretudo, combater os crimes violentos letais intencionais. Com certeza, isso reduzir\u00e1 de maneira dr\u00e1stica o n\u00famero de homic\u00eddios e levar\u00e1 mais paz social, que n\u00f3s queremos tanto para a nossa sociedade\u201d, explicou o coronel. A Opera\u00e7\u00e3o H\u00f3rus tem o apoio de 208 policiais e 52 viaturas de unidades do interior e de Salvador.<\/p>\n<p>&nbsp;<\/p>\n<p>Os investimentos se refletem tamb\u00e9m na contrata\u00e7\u00e3o de novos agentes. Entre 2023 e 2024, foram contratados quatro mil novos policiais e bombeiros, adquiridas duas mil viaturas, um helic\u00f3ptero, equipamentos de intelig\u00eancia e 4.5 mil novos armamentos. O valor investido chega a R$ 400 milh\u00f5es.<\/p>\n<\/div>\n<\/div>\n","protected":false},"excerpt":{"rendered":"<p>Com o objetivo de avaliar o andamento das a\u00e7\u00f5es de seguran\u00e7a promovidas no estado, o governador Jer\u00f4nimo Rodrigues se encontrou, na quinta-feira (24), com chefes e comandantes das for\u00e7as do setor. Na reuni\u00e3o realizada no Centro de Opera\u00e7\u00f5es e Intelig\u00eancia (COI), no Centro Administrativo, em Salvador (CAB), estiveram presentes representantes das Pol\u00edcias Civil, Militar e Penal, Departamento de Pol\u00edcia T\u00e9cnica e Corpo de Bombeiros. &nbsp; Durante o encontro foi feita uma avalia\u00e7\u00e3o das \u00faltimas a\u00e7\u00f5es do setor de janeiro a outubro deste ano. No comparativo com o mesmo per\u00edodo do ano passado, as mortes violentas tiveram redu\u00e7\u00e3o significativa. Foram 3.941 contra 3.519 em 2024. &nbsp; Tamb\u00e9m apresentaram redu\u00e7\u00f5es, o roubo de ve\u00edculos que diminuiu de 9.777 para 8.325, uma queda&hellip; <\/p>\n","protected":false},"author":2,"featured_media":379884,"comment_status":"open","ping_status":"open","sticky":false,"template":"","format":"standard","meta":{"_acf_changed":false,"footnotes":""},"categories":[5],"tags":[],"class_list":["post-379883","post","type-post","status-publish","format-standard","has-post-thumbnail","hentry","category-seguranca"],"acf":[],"yoast_head":"<!-- This site is optimized with the Yoast SEO plugin v27.4 - https:\/\/yoast.com\/product\/yoast-seo-wordpress\/ -->\n<title>Reunido com chefes e comandantes das for\u00e7as de seguran\u00e7a, Jer\u00f4nimo faz um balan\u00e7o das a\u00e7\u00f5es - Blog do Farn\u00e9sio<\/title>\n<meta name=\"robots\" content=\"index, follow, max-snippet:-1, max-image-preview:large, max-video-preview:-1\" \/>\n<link rel=\"canonical\" href=\"https:\/\/blogdofarnesio.com.br\/?p=379883\" \/>\n<meta property=\"og:locale\" content=\"pt_BR\" \/>\n<meta property=\"og:type\" content=\"article\" \/>\n<meta property=\"og:title\" content=\"Reunido com chefes e comandantes das for\u00e7as de seguran\u00e7a, Jer\u00f4nimo faz um balan\u00e7o das a\u00e7\u00f5es - Blog do Farn\u00e9sio\" \/>\n<meta property=\"og:description\" content=\"Com o objetivo de avaliar o andamento das a\u00e7\u00f5es de seguran\u00e7a promovidas no estado, o governador Jer\u00f4nimo Rodrigues se encontrou, na quinta-feira (24), com chefes e comandantes das for\u00e7as do setor. Na reuni\u00e3o realizada no Centro de Opera\u00e7\u00f5es e Intelig\u00eancia (COI), no Centro Administrativo, em Salvador (CAB), estiveram presentes representantes das Pol\u00edcias Civil, Militar e Penal, Departamento de Pol\u00edcia T\u00e9cnica e Corpo de Bombeiros. &nbsp; Durante o encontro foi feita uma avalia\u00e7\u00e3o das \u00faltimas a\u00e7\u00f5es do setor de janeiro a outubro deste ano. No comparativo com o mesmo per\u00edodo do ano passado, as mortes violentas tiveram redu\u00e7\u00e3o significativa. Foram 3.941 contra 3.519 em 2024. &nbsp; Tamb\u00e9m apresentaram redu\u00e7\u00f5es, o roubo de ve\u00edculos que diminuiu de 9.777 para 8.325, uma queda&hellip;\" \/>\n<meta property=\"og:url\" content=\"https:\/\/blogdofarnesio.com.br\/?p=379883\" \/>\n<meta property=\"og:site_name\" content=\"Blog do Farn\u00e9sio\" \/>\n<meta property=\"article:publisher\" content=\"https:\/\/www.facebook.com\/BlogQuerSaberPolitica\/\" \/>\n<meta property=\"article:author\" content=\"https:\/\/www.facebook.com\/?ref=tn_tnmn\" \/>\n<meta property=\"article:published_time\" content=\"2024-10-25T20:34:49+00:00\" \/>\n<meta property=\"og:image\" content=\"https:\/\/blogdofarnesio.com.br\/wp-content\/uploads\/2024\/10\/blogqspjeronimo-sec-comandante-PMBA-seguranca.png\" \/>\n\t<meta property=\"og:image:width\" content=\"632\" \/>\n\t<meta property=\"og:image:height\" content=\"360\" \/>\n\t<meta property=\"og:image:type\" content=\"image\/png\" \/>\n<meta name=\"author\" content=\"Farn\u00e9sio\" \/>\n<meta name=\"twitter:card\" content=\"summary_large_image\" \/>\n<meta name=\"twitter:label1\" content=\"Escrito por\" \/>\n\t<meta name=\"twitter:data1\" content=\"Farn\u00e9sio\" \/>\n\t<meta name=\"twitter:label2\" content=\"Est. tempo de leitura\" \/>\n\t<meta name=\"twitter:data2\" content=\"3 minutos\" \/>\n<script type=\"application\/ld+json\" class=\"yoast-schema-graph\">{\"@context\":\"https:\\\/\\\/schema.org\",\"@graph\":[{\"@type\":\"Article\",\"@id\":\"https:\\\/\\\/blogdofarnesio.com.br\\\/?p=379883#article\",\"isPartOf\":{\"@id\":\"https:\\\/\\\/blogdofarnesio.com.br\\\/?p=379883\"},\"author\":{\"name\":\"Farn\u00e9sio\",\"@id\":\"https:\\\/\\\/blogdofarnesio.com.br\\\/#\\\/schema\\\/person\\\/bb9b23ae3ad0609ce8df7b6c9e76824d\"},\"headline\":\"Reunido com chefes e comandantes das for\u00e7as de seguran\u00e7a, Jer\u00f4nimo faz um balan\u00e7o das a\u00e7\u00f5es\",\"datePublished\":\"2024-10-25T20:34:49+00:00\",\"mainEntityOfPage\":{\"@id\":\"https:\\\/\\\/blogdofarnesio.com.br\\\/?p=379883\"},\"wordCount\":554,\"commentCount\":0,\"publisher\":{\"@id\":\"https:\\\/\\\/blogdofarnesio.com.br\\\/#organization\"},\"image\":{\"@id\":\"https:\\\/\\\/blogdofarnesio.com.br\\\/?p=379883#primaryimage\"},\"thumbnailUrl\":\"https:\\\/\\\/blogdofarnesio.com.br\\\/wp-content\\\/uploads\\\/2024\\\/10\\\/blogqspjeronimo-sec-comandante-PMBA-seguranca.png\",\"articleSection\":[\"Seguran\u00e7a\"],\"inLanguage\":\"pt-BR\",\"potentialAction\":[{\"@type\":\"CommentAction\",\"name\":\"Comment\",\"target\":[\"https:\\\/\\\/blogdofarnesio.com.br\\\/?p=379883#respond\"]}]},{\"@type\":\"WebPage\",\"@id\":\"https:\\\/\\\/blogdofarnesio.com.br\\\/?p=379883\",\"url\":\"https:\\\/\\\/blogdofarnesio.com.br\\\/?p=379883\",\"name\":\"Reunido com chefes e comandantes das for\u00e7as de seguran\u00e7a, Jer\u00f4nimo faz um balan\u00e7o das a\u00e7\u00f5es - Blog do Farn\u00e9sio\",\"isPartOf\":{\"@id\":\"https:\\\/\\\/blogdofarnesio.com.br\\\/#website\"},\"primaryImageOfPage\":{\"@id\":\"https:\\\/\\\/blogdofarnesio.com.br\\\/?p=379883#primaryimage\"},\"image\":{\"@id\":\"https:\\\/\\\/blogdofarnesio.com.br\\\/?p=379883#primaryimage\"},\"thumbnailUrl\":\"https:\\\/\\\/blogdofarnesio.com.br\\\/wp-content\\\/uploads\\\/2024\\\/10\\\/blogqspjeronimo-sec-comandante-PMBA-seguranca.png\",\"datePublished\":\"2024-10-25T20:34:49+00:00\",\"breadcrumb\":{\"@id\":\"https:\\\/\\\/blogdofarnesio.com.br\\\/?p=379883#breadcrumb\"},\"inLanguage\":\"pt-BR\",\"potentialAction\":[{\"@type\":\"ReadAction\",\"target\":[\"https:\\\/\\\/blogdofarnesio.com.br\\\/?p=379883\"]}]},{\"@type\":\"ImageObject\",\"inLanguage\":\"pt-BR\",\"@id\":\"https:\\\/\\\/blogdofarnesio.com.br\\\/?p=379883#primaryimage\",\"url\":\"https:\\\/\\\/blogdofarnesio.com.br\\\/wp-content\\\/uploads\\\/2024\\\/10\\\/blogqspjeronimo-sec-comandante-PMBA-seguranca.png\",\"contentUrl\":\"https:\\\/\\\/blogdofarnesio.com.br\\\/wp-content\\\/uploads\\\/2024\\\/10\\\/blogqspjeronimo-sec-comandante-PMBA-seguranca.png\",\"width\":632,\"height\":360},{\"@type\":\"BreadcrumbList\",\"@id\":\"https:\\\/\\\/blogdofarnesio.com.br\\\/?p=379883#breadcrumb\",\"itemListElement\":[{\"@type\":\"ListItem\",\"position\":1,\"name\":\"In\u00edcio\",\"item\":\"https:\\\/\\\/blogdofarnesio.com.br\\\/\"},{\"@type\":\"ListItem\",\"position\":2,\"name\":\"Reunido com chefes e comandantes das for\u00e7as de seguran\u00e7a, Jer\u00f4nimo faz um balan\u00e7o das a\u00e7\u00f5es\"}]},{\"@type\":\"WebSite\",\"@id\":\"https:\\\/\\\/blogdofarnesio.com.br\\\/#website\",\"url\":\"https:\\\/\\\/blogdofarnesio.com.br\\\/\",\"name\":\"Blog do Farn\u00e9sio\",\"description\":\"Quer Saber Pol\u00edtica?\",\"publisher\":{\"@id\":\"https:\\\/\\\/blogdofarnesio.com.br\\\/#organization\"},\"potentialAction\":[{\"@type\":\"SearchAction\",\"target\":{\"@type\":\"EntryPoint\",\"urlTemplate\":\"https:\\\/\\\/blogdofarnesio.com.br\\\/?s={search_term_string}\"},\"query-input\":{\"@type\":\"PropertyValueSpecification\",\"valueRequired\":true,\"valueName\":\"search_term_string\"}}],\"inLanguage\":\"pt-BR\"},{\"@type\":\"Organization\",\"@id\":\"https:\\\/\\\/blogdofarnesio.com.br\\\/#organization\",\"name\":\"Blog do Farn\u00e9sio\",\"url\":\"https:\\\/\\\/blogdofarnesio.com.br\\\/\",\"logo\":{\"@type\":\"ImageObject\",\"inLanguage\":\"pt-BR\",\"@id\":\"https:\\\/\\\/blogdofarnesio.com.br\\\/#\\\/schema\\\/logo\\\/image\\\/\",\"url\":\"https:\\\/\\\/blogdofarnesio.com.br\\\/wp-content\\\/uploads\\\/2026\\\/03\\\/cropped-logo_new-1.png\",\"contentUrl\":\"https:\\\/\\\/blogdofarnesio.com.br\\\/wp-content\\\/uploads\\\/2026\\\/03\\\/cropped-logo_new-1.png\",\"width\":881,\"height\":685,\"caption\":\"Blog do Farn\u00e9sio\"},\"image\":{\"@id\":\"https:\\\/\\\/blogdofarnesio.com.br\\\/#\\\/schema\\\/logo\\\/image\\\/\"},\"sameAs\":[\"https:\\\/\\\/www.facebook.com\\\/BlogQuerSaberPolitica\\\/\"]},{\"@type\":\"Person\",\"@id\":\"https:\\\/\\\/blogdofarnesio.com.br\\\/#\\\/schema\\\/person\\\/bb9b23ae3ad0609ce8df7b6c9e76824d\",\"name\":\"Farn\u00e9sio\",\"image\":{\"@type\":\"ImageObject\",\"inLanguage\":\"pt-BR\",\"@id\":\"https:\\\/\\\/secure.gravatar.com\\\/avatar\\\/986aa4c61ccdb66f8555bf88fc2a65609d00bcabd4d2d94377a727547345cbca?s=96&d=mm&r=g\",\"url\":\"https:\\\/\\\/secure.gravatar.com\\\/avatar\\\/986aa4c61ccdb66f8555bf88fc2a65609d00bcabd4d2d94377a727547345cbca?s=96&d=mm&r=g\",\"contentUrl\":\"https:\\\/\\\/secure.gravatar.com\\\/avatar\\\/986aa4c61ccdb66f8555bf88fc2a65609d00bcabd4d2d94377a727547345cbca?s=96&d=mm&r=g\",\"caption\":\"Farn\u00e9sio\"},\"description\":\"Radialista blogueiro, chegou a Petrolina\\\/Juazeiro em setembro de 1980, Farn\u00e9sio Silva \u00e9 de Arapiraca-Alagoas.\",\"sameAs\":[\"http:\\\/\\\/blogdofarnesio.com.br\",\"https:\\\/\\\/www.facebook.com\\\/?ref=tn_tnmn\",\"https:\\\/\\\/www.instagram.com\\\/?utm_source=pwa_homescreen\",\"https:\\\/\\\/youtube.com.br\\\/\"],\"url\":\"https:\\\/\\\/blogdofarnesio.com.br\\\/?author=2\"}]}<\/script>\n<!-- \/ Yoast SEO plugin. -->","yoast_head_json":{"title":"Reunido com chefes e comandantes das for\u00e7as de seguran\u00e7a, Jer\u00f4nimo faz um balan\u00e7o das a\u00e7\u00f5es - Blog do Farn\u00e9sio","robots":{"index":"index","follow":"follow","max-snippet":"max-snippet:-1","max-image-preview":"max-image-preview:large","max-video-preview":"max-video-preview:-1"},"canonical":"https:\/\/blogdofarnesio.com.br\/?p=379883","og_locale":"pt_BR","og_type":"article","og_title":"Reunido com chefes e comandantes das for\u00e7as de seguran\u00e7a, Jer\u00f4nimo faz um balan\u00e7o das a\u00e7\u00f5es - Blog do Farn\u00e9sio","og_description":"Com o objetivo de avaliar o andamento das a\u00e7\u00f5es de seguran\u00e7a promovidas no estado, o governador Jer\u00f4nimo Rodrigues se encontrou, na quinta-feira (24), com chefes e comandantes das for\u00e7as do setor. Na reuni\u00e3o realizada no Centro de Opera\u00e7\u00f5es e Intelig\u00eancia (COI), no Centro Administrativo, em Salvador (CAB), estiveram presentes representantes das Pol\u00edcias Civil, Militar e Penal, Departamento de Pol\u00edcia T\u00e9cnica e Corpo de Bombeiros. &nbsp; Durante o encontro foi feita uma avalia\u00e7\u00e3o das \u00faltimas a\u00e7\u00f5es do setor de janeiro a outubro deste ano. No comparativo com o mesmo per\u00edodo do ano passado, as mortes violentas tiveram redu\u00e7\u00e3o significativa. Foram 3.941 contra 3.519 em 2024. &nbsp; Tamb\u00e9m apresentaram redu\u00e7\u00f5es, o roubo de ve\u00edculos que diminuiu de 9.777 para 8.325, uma queda&hellip;","og_url":"https:\/\/blogdofarnesio.com.br\/?p=379883","og_site_name":"Blog do Farn\u00e9sio","article_publisher":"https:\/\/www.facebook.com\/BlogQuerSaberPolitica\/","article_author":"https:\/\/www.facebook.com\/?ref=tn_tnmn","article_published_time":"2024-10-25T20:34:49+00:00","og_image":[{"width":632,"height":360,"url":"https:\/\/blogdofarnesio.com.br\/wp-content\/uploads\/2024\/10\/blogqspjeronimo-sec-comandante-PMBA-seguranca.png","type":"image\/png"}],"author":"Farn\u00e9sio","twitter_card":"summary_large_image","twitter_misc":{"Escrito por":"Farn\u00e9sio","Est. tempo de leitura":"3 minutos"},"schema":{"@context":"https:\/\/schema.org","@graph":[{"@type":"Article","@id":"https:\/\/blogdofarnesio.com.br\/?p=379883#article","isPartOf":{"@id":"https:\/\/blogdofarnesio.com.br\/?p=379883"},"author":{"name":"Farn\u00e9sio","@id":"https:\/\/blogdofarnesio.com.br\/#\/schema\/person\/bb9b23ae3ad0609ce8df7b6c9e76824d"},"headline":"Reunido com chefes e comandantes das for\u00e7as de seguran\u00e7a, Jer\u00f4nimo faz um balan\u00e7o das a\u00e7\u00f5es","datePublished":"2024-10-25T20:34:49+00:00","mainEntityOfPage":{"@id":"https:\/\/blogdofarnesio.com.br\/?p=379883"},"wordCount":554,"commentCount":0,"publisher":{"@id":"https:\/\/blogdofarnesio.com.br\/#organization"},"image":{"@id":"https:\/\/blogdofarnesio.com.br\/?p=379883#primaryimage"},"thumbnailUrl":"https:\/\/blogdofarnesio.com.br\/wp-content\/uploads\/2024\/10\/blogqspjeronimo-sec-comandante-PMBA-seguranca.png","articleSection":["Seguran\u00e7a"],"inLanguage":"pt-BR","potentialAction":[{"@type":"CommentAction","name":"Comment","target":["https:\/\/blogdofarnesio.com.br\/?p=379883#respond"]}]},{"@type":"WebPage","@id":"https:\/\/blogdofarnesio.com.br\/?p=379883","url":"https:\/\/blogdofarnesio.com.br\/?p=379883","name":"Reunido com chefes e comandantes das for\u00e7as de seguran\u00e7a, Jer\u00f4nimo faz um balan\u00e7o das a\u00e7\u00f5es - Blog do Farn\u00e9sio","isPartOf":{"@id":"https:\/\/blogdofarnesio.com.br\/#website"},"primaryImageOfPage":{"@id":"https:\/\/blogdofarnesio.com.br\/?p=379883#primaryimage"},"image":{"@id":"https:\/\/blogdofarnesio.com.br\/?p=379883#primaryimage"},"thumbnailUrl":"https:\/\/blogdofarnesio.com.br\/wp-content\/uploads\/2024\/10\/blogqspjeronimo-sec-comandante-PMBA-seguranca.png","datePublished":"2024-10-25T20:34:49+00:00","breadcrumb":{"@id":"https:\/\/blogdofarnesio.com.br\/?p=379883#breadcrumb"},"inLanguage":"pt-BR","potentialAction":[{"@type":"ReadAction","target":["https:\/\/blogdofarnesio.com.br\/?p=379883"]}]},{"@type":"ImageObject","inLanguage":"pt-BR","@id":"https:\/\/blogdofarnesio.com.br\/?p=379883#primaryimage","url":"https:\/\/blogdofarnesio.com.br\/wp-content\/uploads\/2024\/10\/blogqspjeronimo-sec-comandante-PMBA-seguranca.png","contentUrl":"https:\/\/blogdofarnesio.com.br\/wp-content\/uploads\/2024\/10\/blogqspjeronimo-sec-comandante-PMBA-seguranca.png","width":632,"height":360},{"@type":"BreadcrumbList","@id":"https:\/\/blogdofarnesio.com.br\/?p=379883#breadcrumb","itemListElement":[{"@type":"ListItem","position":1,"name":"In\u00edcio","item":"https:\/\/blogdofarnesio.com.br\/"},{"@type":"ListItem","position":2,"name":"Reunido com chefes e comandantes das for\u00e7as de seguran\u00e7a, Jer\u00f4nimo faz um balan\u00e7o das a\u00e7\u00f5es"}]},{"@type":"WebSite","@id":"https:\/\/blogdofarnesio.com.br\/#website","url":"https:\/\/blogdofarnesio.com.br\/","name":"Blog do Farn\u00e9sio","description":"Quer Saber Pol\u00edtica?","publisher":{"@id":"https:\/\/blogdofarnesio.com.br\/#organization"},"potentialAction":[{"@type":"SearchAction","target":{"@type":"EntryPoint","urlTemplate":"https:\/\/blogdofarnesio.com.br\/?s={search_term_string}"},"query-input":{"@type":"PropertyValueSpecification","valueRequired":true,"valueName":"search_term_string"}}],"inLanguage":"pt-BR"},{"@type":"Organization","@id":"https:\/\/blogdofarnesio.com.br\/#organization","name":"Blog do Farn\u00e9sio","url":"https:\/\/blogdofarnesio.com.br\/","logo":{"@type":"ImageObject","inLanguage":"pt-BR","@id":"https:\/\/blogdofarnesio.com.br\/#\/schema\/logo\/image\/","url":"https:\/\/blogdofarnesio.com.br\/wp-content\/uploads\/2026\/03\/cropped-logo_new-1.png","contentUrl":"https:\/\/blogdofarnesio.com.br\/wp-content\/uploads\/2026\/03\/cropped-logo_new-1.png","width":881,"height":685,"caption":"Blog do Farn\u00e9sio"},"image":{"@id":"https:\/\/blogdofarnesio.com.br\/#\/schema\/logo\/image\/"},"sameAs":["https:\/\/www.facebook.com\/BlogQuerSaberPolitica\/"]},{"@type":"Person","@id":"https:\/\/blogdofarnesio.com.br\/#\/schema\/person\/bb9b23ae3ad0609ce8df7b6c9e76824d","name":"Farn\u00e9sio","image":{"@type":"ImageObject","inLanguage":"pt-BR","@id":"https:\/\/secure.gravatar.com\/avatar\/986aa4c61ccdb66f8555bf88fc2a65609d00bcabd4d2d94377a727547345cbca?s=96&d=mm&r=g","url":"https:\/\/secure.gravatar.com\/avatar\/986aa4c61ccdb66f8555bf88fc2a65609d00bcabd4d2d94377a727547345cbca?s=96&d=mm&r=g","contentUrl":"https:\/\/secure.gravatar.com\/avatar\/986aa4c61ccdb66f8555bf88fc2a65609d00bcabd4d2d94377a727547345cbca?s=96&d=mm&r=g","caption":"Farn\u00e9sio"},"description":"Radialista blogueiro, chegou a Petrolina\/Juazeiro em setembro de 1980, Farn\u00e9sio Silva \u00e9 de Arapiraca-Alagoas.","sameAs":["http:\/\/blogdofarnesio.com.br","https:\/\/www.facebook.com\/?ref=tn_tnmn","https:\/\/www.instagram.com\/?utm_source=pwa_homescreen","https:\/\/youtube.com.br\/"],"url":"https:\/\/blogdofarnesio.com.br\/?author=2"}]}},"_links":{"self":[{"href":"https:\/\/blogdofarnesio.com.br\/index.php?rest_route=\/wp\/v2\/posts\/379883","targetHints":{"allow":["GET"]}}],"collection":[{"href":"https:\/\/blogdofarnesio.com.br\/index.php?rest_route=\/wp\/v2\/posts"}],"about":[{"href":"https:\/\/blogdofarnesio.com.br\/index.php?rest_route=\/wp\/v2\/types\/post"}],"author":[{"embeddable":true,"href":"https:\/\/blogdofarnesio.com.br\/index.php?rest_route=\/wp\/v2\/users\/2"}],"replies":[{"embeddable":true,"href":"https:\/\/blogdofarnesio.com.br\/index.php?rest_route=%2Fwp%2Fv2%2Fcomments&post=379883"}],"version-history":[{"count":0,"href":"https:\/\/blogdofarnesio.com.br\/index.php?rest_route=\/wp\/v2\/posts\/379883\/revisions"}],"wp:featuredmedia":[{"embeddable":true,"href":"https:\/\/blogdofarnesio.com.br\/index.php?rest_route=\/wp\/v2\/media\/379884"}],"wp:attachment":[{"href":"https:\/\/blogdofarnesio.com.br\/index.php?rest_route=%2Fwp%2Fv2%2Fmedia&parent=379883"}],"wp:term":[{"taxonomy":"category","embeddable":true,"href":"https:\/\/blogdofarnesio.com.br\/index.php?rest_route=%2Fwp%2Fv2%2Fcategories&post=379883"},{"taxonomy":"post_tag","embeddable":true,"href":"https:\/\/blogdofarnesio.com.br\/index.php?rest_route=%2Fwp%2Fv2%2Ftags&post=379883"}],"curies":[{"name":"wp","href":"https:\/\/api.w.org\/{rel}","templated":true}]}}