{"id":379858,"date":"2024-10-24T18:17:47","date_gmt":"2024-10-24T21:17:47","guid":{"rendered":"https:\/\/blogdofarnesio.com.br\/?p=379858"},"modified":"2024-10-24T18:17:47","modified_gmt":"2024-10-24T21:17:47","slug":"sem-aviso-antecipado-prefeitura-de-petrolina-pega-populacao-de-surpresa-e-transfere-dia-do-servidor-para-esta-sexta-feira","status":"publish","type":"post","link":"https:\/\/blogdofarnesio.com.br\/?p=379858","title":{"rendered":"Sem aviso antecipado, Prefeitura de Petrolina pega popula\u00e7\u00e3o de surpresa e transfere Dia do Servidor para esta sexta-feira"},"content":{"rendered":"<div>A Prefeitura de Petrolina, atrav\u00e9s da Procuradoria Geral do Munic\u00edpio, informa sobre o deslocamento do feriado do Dia do Servidor \u2013 que \u00e9 comemorado anualmente no dia 28 de outubro &#8211; para esta sexta-feira (25), por isso, n\u00e3o haver\u00e1 expediente neste dia. O atendimento ao p\u00fablico retorna na segunda-feira (28).<\/div>\n<div><\/div>\n<div>De acordo com o decreto N\u00ba 098\/2024, o ponto facultativo n\u00e3o altera o funcionamento de \u00f3rg\u00e3os e servi\u00e7os considerados essenciais \u00e0 coletividade, como Servi\u00e7o de Atendimento M\u00f3vel de Urg\u00eancia (SAMU), Centro de Parto Normal, seguran\u00e7a p\u00fablica, tr\u00e2nsito e a coleta de lixo.<\/div>\n<div><\/div>\n<div>Em decreto publicado nessa quinta-feira (24), foi definido que em rela\u00e7\u00e3o as escolas e creches municipais, os gestores escolares dever\u00e3o definir se o feriado referente ao Dia do Servidor ser\u00e1 gozado no dia 25 ou dia 28 outubro, e comunicar oficialmente a Secretaria.<\/div>\n<div><\/div>\n<div>Quem precisar de algum servi\u00e7o p\u00fablico pode buscar atrav\u00e9s da plataforma &#8216;Petro Online&#8217; que est\u00e1 dispon\u00edvel no site da prefeitura. No link \u00e9 poss\u00edvel solicitar atendimento da Ouvidoria, consultar andamento de of\u00edcios, abrir e consultar requerimentos, solicitar alvar\u00e1 de constru\u00e7\u00e3o\/demoli\u00e7\u00e3o; emiss\u00e3o de nota fiscal; contracheques; boleto do IPTU; parcelamento de d\u00e9bito; Certid\u00e3o Negativa de D\u00e9bitos Municipais; entre outros.<\/div>\n<div><\/div>\n","protected":false},"excerpt":{"rendered":"<p>A Prefeitura de Petrolina, atrav\u00e9s da Procuradoria Geral do Munic\u00edpio, informa sobre o deslocamento do feriado do Dia do Servidor \u2013 que \u00e9 comemorado anualmente no dia 28 de outubro &#8211; para esta sexta-feira (25), por isso, n\u00e3o haver\u00e1 expediente neste dia. O atendimento ao p\u00fablico retorna na segunda-feira (28). De acordo com o decreto N\u00ba 098\/2024, o ponto facultativo n\u00e3o altera o funcionamento de \u00f3rg\u00e3os e servi\u00e7os considerados essenciais \u00e0 coletividade, como Servi\u00e7o de Atendimento M\u00f3vel de Urg\u00eancia (SAMU), Centro de Parto Normal, seguran\u00e7a p\u00fablica, tr\u00e2nsito e a coleta de lixo. Em decreto publicado nessa quinta-feira (24), foi definido que em rela\u00e7\u00e3o as escolas e creches municipais, os gestores escolares dever\u00e3o definir se o feriado referente ao Dia do&hellip; <\/p>\n","protected":false},"author":2,"featured_media":156463,"comment_status":"open","ping_status":"open","sticky":false,"template":"","format":"standard","meta":{"_acf_changed":false,"footnotes":""},"categories":[43],"tags":[],"class_list":["post-379858","post","type-post","status-publish","format-standard","has-post-thumbnail","hentry","category-sem-categoria"],"acf":[],"yoast_head":"<!-- This site is optimized with the Yoast SEO plugin v27.4 - https:\/\/yoast.com\/product\/yoast-seo-wordpress\/ -->\n<title>Sem aviso antecipado, Prefeitura de Petrolina pega popula\u00e7\u00e3o de surpresa e transfere Dia do Servidor para esta sexta-feira - Blog do Farn\u00e9sio<\/title>\n<meta name=\"robots\" content=\"index, follow, max-snippet:-1, max-image-preview:large, max-video-preview:-1\" \/>\n<link rel=\"canonical\" href=\"https:\/\/blogdofarnesio.com.br\/?p=379858\" \/>\n<meta property=\"og:locale\" content=\"pt_BR\" \/>\n<meta property=\"og:type\" content=\"article\" \/>\n<meta property=\"og:title\" content=\"Sem aviso antecipado, Prefeitura de Petrolina pega popula\u00e7\u00e3o de surpresa e transfere Dia do Servidor para esta sexta-feira - Blog do Farn\u00e9sio\" \/>\n<meta property=\"og:description\" content=\"A Prefeitura de Petrolina, atrav\u00e9s da Procuradoria Geral do Munic\u00edpio, informa sobre o deslocamento do feriado do Dia do Servidor \u2013 que \u00e9 comemorado anualmente no dia 28 de outubro &#8211; para esta sexta-feira (25), por isso, n\u00e3o haver\u00e1 expediente neste dia. O atendimento ao p\u00fablico retorna na segunda-feira (28). De acordo com o decreto N\u00ba 098\/2024, o ponto facultativo n\u00e3o altera o funcionamento de \u00f3rg\u00e3os e servi\u00e7os considerados essenciais \u00e0 coletividade, como Servi\u00e7o de Atendimento M\u00f3vel de Urg\u00eancia (SAMU), Centro de Parto Normal, seguran\u00e7a p\u00fablica, tr\u00e2nsito e a coleta de lixo. Em decreto publicado nessa quinta-feira (24), foi definido que em rela\u00e7\u00e3o as escolas e creches municipais, os gestores escolares dever\u00e3o definir se o feriado referente ao Dia do&hellip;\" \/>\n<meta property=\"og:url\" content=\"https:\/\/blogdofarnesio.com.br\/?p=379858\" \/>\n<meta property=\"og:site_name\" content=\"Blog do Farn\u00e9sio\" \/>\n<meta property=\"article:publisher\" content=\"https:\/\/www.facebook.com\/BlogQuerSaberPolitica\/\" \/>\n<meta property=\"article:author\" content=\"https:\/\/www.facebook.com\/?ref=tn_tnmn\" \/>\n<meta property=\"article:published_time\" content=\"2024-10-24T21:17:47+00:00\" \/>\n<meta property=\"og:image\" content=\"https:\/\/blogdofarnesio.com.br\/wp-content\/uploads\/2017\/02\/blogqspferiadoponto-facultativo.-e1487865557196.jpg\" \/>\n\t<meta property=\"og:image:width\" content=\"660\" \/>\n\t<meta property=\"og:image:height\" content=\"369\" \/>\n\t<meta property=\"og:image:type\" content=\"image\/jpeg\" \/>\n<meta name=\"author\" content=\"Farn\u00e9sio\" \/>\n<meta name=\"twitter:card\" content=\"summary_large_image\" \/>\n<meta name=\"twitter:label1\" content=\"Escrito por\" \/>\n\t<meta name=\"twitter:data1\" content=\"Farn\u00e9sio\" \/>\n\t<meta name=\"twitter:label2\" content=\"Est. tempo de leitura\" \/>\n\t<meta name=\"twitter:data2\" content=\"2 minutos\" \/>\n<script type=\"application\/ld+json\" class=\"yoast-schema-graph\">{\"@context\":\"https:\\\/\\\/schema.org\",\"@graph\":[{\"@type\":\"Article\",\"@id\":\"https:\\\/\\\/blogdofarnesio.com.br\\\/?p=379858#article\",\"isPartOf\":{\"@id\":\"https:\\\/\\\/blogdofarnesio.com.br\\\/?p=379858\"},\"author\":{\"name\":\"Farn\u00e9sio\",\"@id\":\"https:\\\/\\\/blogdofarnesio.com.br\\\/#\\\/schema\\\/person\\\/bb9b23ae3ad0609ce8df7b6c9e76824d\"},\"headline\":\"Sem aviso antecipado, Prefeitura de Petrolina pega popula\u00e7\u00e3o de surpresa e transfere Dia do Servidor para esta sexta-feira\",\"datePublished\":\"2024-10-24T21:17:47+00:00\",\"mainEntityOfPage\":{\"@id\":\"https:\\\/\\\/blogdofarnesio.com.br\\\/?p=379858\"},\"wordCount\":229,\"commentCount\":0,\"publisher\":{\"@id\":\"https:\\\/\\\/blogdofarnesio.com.br\\\/#organization\"},\"image\":{\"@id\":\"https:\\\/\\\/blogdofarnesio.com.br\\\/?p=379858#primaryimage\"},\"thumbnailUrl\":\"https:\\\/\\\/blogdofarnesio.com.br\\\/wp-content\\\/uploads\\\/2017\\\/02\\\/blogqspferiadoponto-facultativo.-e1487865557196.jpg\",\"inLanguage\":\"pt-BR\",\"potentialAction\":[{\"@type\":\"CommentAction\",\"name\":\"Comment\",\"target\":[\"https:\\\/\\\/blogdofarnesio.com.br\\\/?p=379858#respond\"]}]},{\"@type\":\"WebPage\",\"@id\":\"https:\\\/\\\/blogdofarnesio.com.br\\\/?p=379858\",\"url\":\"https:\\\/\\\/blogdofarnesio.com.br\\\/?p=379858\",\"name\":\"Sem aviso antecipado, Prefeitura de Petrolina pega popula\u00e7\u00e3o de surpresa e transfere Dia do Servidor para esta sexta-feira - Blog do Farn\u00e9sio\",\"isPartOf\":{\"@id\":\"https:\\\/\\\/blogdofarnesio.com.br\\\/#website\"},\"primaryImageOfPage\":{\"@id\":\"https:\\\/\\\/blogdofarnesio.com.br\\\/?p=379858#primaryimage\"},\"image\":{\"@id\":\"https:\\\/\\\/blogdofarnesio.com.br\\\/?p=379858#primaryimage\"},\"thumbnailUrl\":\"https:\\\/\\\/blogdofarnesio.com.br\\\/wp-content\\\/uploads\\\/2017\\\/02\\\/blogqspferiadoponto-facultativo.-e1487865557196.jpg\",\"datePublished\":\"2024-10-24T21:17:47+00:00\",\"breadcrumb\":{\"@id\":\"https:\\\/\\\/blogdofarnesio.com.br\\\/?p=379858#breadcrumb\"},\"inLanguage\":\"pt-BR\",\"potentialAction\":[{\"@type\":\"ReadAction\",\"target\":[\"https:\\\/\\\/blogdofarnesio.com.br\\\/?p=379858\"]}]},{\"@type\":\"ImageObject\",\"inLanguage\":\"pt-BR\",\"@id\":\"https:\\\/\\\/blogdofarnesio.com.br\\\/?p=379858#primaryimage\",\"url\":\"https:\\\/\\\/blogdofarnesio.com.br\\\/wp-content\\\/uploads\\\/2017\\\/02\\\/blogqspferiadoponto-facultativo.-e1487865557196.jpg\",\"contentUrl\":\"https:\\\/\\\/blogdofarnesio.com.br\\\/wp-content\\\/uploads\\\/2017\\\/02\\\/blogqspferiadoponto-facultativo.-e1487865557196.jpg\",\"width\":660,\"height\":369},{\"@type\":\"BreadcrumbList\",\"@id\":\"https:\\\/\\\/blogdofarnesio.com.br\\\/?p=379858#breadcrumb\",\"itemListElement\":[{\"@type\":\"ListItem\",\"position\":1,\"name\":\"In\u00edcio\",\"item\":\"https:\\\/\\\/blogdofarnesio.com.br\\\/\"},{\"@type\":\"ListItem\",\"position\":2,\"name\":\"Sem aviso antecipado, Prefeitura de Petrolina pega popula\u00e7\u00e3o de surpresa e transfere Dia do Servidor para esta sexta-feira\"}]},{\"@type\":\"WebSite\",\"@id\":\"https:\\\/\\\/blogdofarnesio.com.br\\\/#website\",\"url\":\"https:\\\/\\\/blogdofarnesio.com.br\\\/\",\"name\":\"Blog do Farn\u00e9sio\",\"description\":\"Quer Saber Pol\u00edtica?\",\"publisher\":{\"@id\":\"https:\\\/\\\/blogdofarnesio.com.br\\\/#organization\"},\"potentialAction\":[{\"@type\":\"SearchAction\",\"target\":{\"@type\":\"EntryPoint\",\"urlTemplate\":\"https:\\\/\\\/blogdofarnesio.com.br\\\/?s={search_term_string}\"},\"query-input\":{\"@type\":\"PropertyValueSpecification\",\"valueRequired\":true,\"valueName\":\"search_term_string\"}}],\"inLanguage\":\"pt-BR\"},{\"@type\":\"Organization\",\"@id\":\"https:\\\/\\\/blogdofarnesio.com.br\\\/#organization\",\"name\":\"Blog do Farn\u00e9sio\",\"url\":\"https:\\\/\\\/blogdofarnesio.com.br\\\/\",\"logo\":{\"@type\":\"ImageObject\",\"inLanguage\":\"pt-BR\",\"@id\":\"https:\\\/\\\/blogdofarnesio.com.br\\\/#\\\/schema\\\/logo\\\/image\\\/\",\"url\":\"https:\\\/\\\/blogdofarnesio.com.br\\\/wp-content\\\/uploads\\\/2026\\\/03\\\/cropped-logo_new-1.png\",\"contentUrl\":\"https:\\\/\\\/blogdofarnesio.com.br\\\/wp-content\\\/uploads\\\/2026\\\/03\\\/cropped-logo_new-1.png\",\"width\":881,\"height\":685,\"caption\":\"Blog do Farn\u00e9sio\"},\"image\":{\"@id\":\"https:\\\/\\\/blogdofarnesio.com.br\\\/#\\\/schema\\\/logo\\\/image\\\/\"},\"sameAs\":[\"https:\\\/\\\/www.facebook.com\\\/BlogQuerSaberPolitica\\\/\"]},{\"@type\":\"Person\",\"@id\":\"https:\\\/\\\/blogdofarnesio.com.br\\\/#\\\/schema\\\/person\\\/bb9b23ae3ad0609ce8df7b6c9e76824d\",\"name\":\"Farn\u00e9sio\",\"image\":{\"@type\":\"ImageObject\",\"inLanguage\":\"pt-BR\",\"@id\":\"https:\\\/\\\/secure.gravatar.com\\\/avatar\\\/986aa4c61ccdb66f8555bf88fc2a65609d00bcabd4d2d94377a727547345cbca?s=96&d=mm&r=g\",\"url\":\"https:\\\/\\\/secure.gravatar.com\\\/avatar\\\/986aa4c61ccdb66f8555bf88fc2a65609d00bcabd4d2d94377a727547345cbca?s=96&d=mm&r=g\",\"contentUrl\":\"https:\\\/\\\/secure.gravatar.com\\\/avatar\\\/986aa4c61ccdb66f8555bf88fc2a65609d00bcabd4d2d94377a727547345cbca?s=96&d=mm&r=g\",\"caption\":\"Farn\u00e9sio\"},\"description\":\"Radialista blogueiro, chegou a Petrolina\\\/Juazeiro em setembro de 1980, Farn\u00e9sio Silva \u00e9 de Arapiraca-Alagoas.\",\"sameAs\":[\"http:\\\/\\\/blogdofarnesio.com.br\",\"https:\\\/\\\/www.facebook.com\\\/?ref=tn_tnmn\",\"https:\\\/\\\/www.instagram.com\\\/?utm_source=pwa_homescreen\",\"https:\\\/\\\/youtube.com.br\\\/\"],\"url\":\"https:\\\/\\\/blogdofarnesio.com.br\\\/?author=2\"}]}<\/script>\n<!-- \/ Yoast SEO plugin. -->","yoast_head_json":{"title":"Sem aviso antecipado, Prefeitura de Petrolina pega popula\u00e7\u00e3o de surpresa e transfere Dia do Servidor para esta sexta-feira - Blog do Farn\u00e9sio","robots":{"index":"index","follow":"follow","max-snippet":"max-snippet:-1","max-image-preview":"max-image-preview:large","max-video-preview":"max-video-preview:-1"},"canonical":"https:\/\/blogdofarnesio.com.br\/?p=379858","og_locale":"pt_BR","og_type":"article","og_title":"Sem aviso antecipado, Prefeitura de Petrolina pega popula\u00e7\u00e3o de surpresa e transfere Dia do Servidor para esta sexta-feira - Blog do Farn\u00e9sio","og_description":"A Prefeitura de Petrolina, atrav\u00e9s da Procuradoria Geral do Munic\u00edpio, informa sobre o deslocamento do feriado do Dia do Servidor \u2013 que \u00e9 comemorado anualmente no dia 28 de outubro &#8211; para esta sexta-feira (25), por isso, n\u00e3o haver\u00e1 expediente neste dia. O atendimento ao p\u00fablico retorna na segunda-feira (28). De acordo com o decreto N\u00ba 098\/2024, o ponto facultativo n\u00e3o altera o funcionamento de \u00f3rg\u00e3os e servi\u00e7os considerados essenciais \u00e0 coletividade, como Servi\u00e7o de Atendimento M\u00f3vel de Urg\u00eancia (SAMU), Centro de Parto Normal, seguran\u00e7a p\u00fablica, tr\u00e2nsito e a coleta de lixo. Em decreto publicado nessa quinta-feira (24), foi definido que em rela\u00e7\u00e3o as escolas e creches municipais, os gestores escolares dever\u00e3o definir se o feriado referente ao Dia do&hellip;","og_url":"https:\/\/blogdofarnesio.com.br\/?p=379858","og_site_name":"Blog do Farn\u00e9sio","article_publisher":"https:\/\/www.facebook.com\/BlogQuerSaberPolitica\/","article_author":"https:\/\/www.facebook.com\/?ref=tn_tnmn","article_published_time":"2024-10-24T21:17:47+00:00","og_image":[{"width":660,"height":369,"url":"https:\/\/blogdofarnesio.com.br\/wp-content\/uploads\/2017\/02\/blogqspferiadoponto-facultativo.-e1487865557196.jpg","type":"image\/jpeg"}],"author":"Farn\u00e9sio","twitter_card":"summary_large_image","twitter_misc":{"Escrito por":"Farn\u00e9sio","Est. tempo de leitura":"2 minutos"},"schema":{"@context":"https:\/\/schema.org","@graph":[{"@type":"Article","@id":"https:\/\/blogdofarnesio.com.br\/?p=379858#article","isPartOf":{"@id":"https:\/\/blogdofarnesio.com.br\/?p=379858"},"author":{"name":"Farn\u00e9sio","@id":"https:\/\/blogdofarnesio.com.br\/#\/schema\/person\/bb9b23ae3ad0609ce8df7b6c9e76824d"},"headline":"Sem aviso antecipado, Prefeitura de Petrolina pega popula\u00e7\u00e3o de surpresa e transfere Dia do Servidor para esta sexta-feira","datePublished":"2024-10-24T21:17:47+00:00","mainEntityOfPage":{"@id":"https:\/\/blogdofarnesio.com.br\/?p=379858"},"wordCount":229,"commentCount":0,"publisher":{"@id":"https:\/\/blogdofarnesio.com.br\/#organization"},"image":{"@id":"https:\/\/blogdofarnesio.com.br\/?p=379858#primaryimage"},"thumbnailUrl":"https:\/\/blogdofarnesio.com.br\/wp-content\/uploads\/2017\/02\/blogqspferiadoponto-facultativo.-e1487865557196.jpg","inLanguage":"pt-BR","potentialAction":[{"@type":"CommentAction","name":"Comment","target":["https:\/\/blogdofarnesio.com.br\/?p=379858#respond"]}]},{"@type":"WebPage","@id":"https:\/\/blogdofarnesio.com.br\/?p=379858","url":"https:\/\/blogdofarnesio.com.br\/?p=379858","name":"Sem aviso antecipado, Prefeitura de Petrolina pega popula\u00e7\u00e3o de surpresa e transfere Dia do Servidor para esta sexta-feira - Blog do Farn\u00e9sio","isPartOf":{"@id":"https:\/\/blogdofarnesio.com.br\/#website"},"primaryImageOfPage":{"@id":"https:\/\/blogdofarnesio.com.br\/?p=379858#primaryimage"},"image":{"@id":"https:\/\/blogdofarnesio.com.br\/?p=379858#primaryimage"},"thumbnailUrl":"https:\/\/blogdofarnesio.com.br\/wp-content\/uploads\/2017\/02\/blogqspferiadoponto-facultativo.-e1487865557196.jpg","datePublished":"2024-10-24T21:17:47+00:00","breadcrumb":{"@id":"https:\/\/blogdofarnesio.com.br\/?p=379858#breadcrumb"},"inLanguage":"pt-BR","potentialAction":[{"@type":"ReadAction","target":["https:\/\/blogdofarnesio.com.br\/?p=379858"]}]},{"@type":"ImageObject","inLanguage":"pt-BR","@id":"https:\/\/blogdofarnesio.com.br\/?p=379858#primaryimage","url":"https:\/\/blogdofarnesio.com.br\/wp-content\/uploads\/2017\/02\/blogqspferiadoponto-facultativo.-e1487865557196.jpg","contentUrl":"https:\/\/blogdofarnesio.com.br\/wp-content\/uploads\/2017\/02\/blogqspferiadoponto-facultativo.-e1487865557196.jpg","width":660,"height":369},{"@type":"BreadcrumbList","@id":"https:\/\/blogdofarnesio.com.br\/?p=379858#breadcrumb","itemListElement":[{"@type":"ListItem","position":1,"name":"In\u00edcio","item":"https:\/\/blogdofarnesio.com.br\/"},{"@type":"ListItem","position":2,"name":"Sem aviso antecipado, Prefeitura de Petrolina pega popula\u00e7\u00e3o de surpresa e transfere Dia do Servidor para esta sexta-feira"}]},{"@type":"WebSite","@id":"https:\/\/blogdofarnesio.com.br\/#website","url":"https:\/\/blogdofarnesio.com.br\/","name":"Blog do Farn\u00e9sio","description":"Quer Saber Pol\u00edtica?","publisher":{"@id":"https:\/\/blogdofarnesio.com.br\/#organization"},"potentialAction":[{"@type":"SearchAction","target":{"@type":"EntryPoint","urlTemplate":"https:\/\/blogdofarnesio.com.br\/?s={search_term_string}"},"query-input":{"@type":"PropertyValueSpecification","valueRequired":true,"valueName":"search_term_string"}}],"inLanguage":"pt-BR"},{"@type":"Organization","@id":"https:\/\/blogdofarnesio.com.br\/#organization","name":"Blog do Farn\u00e9sio","url":"https:\/\/blogdofarnesio.com.br\/","logo":{"@type":"ImageObject","inLanguage":"pt-BR","@id":"https:\/\/blogdofarnesio.com.br\/#\/schema\/logo\/image\/","url":"https:\/\/blogdofarnesio.com.br\/wp-content\/uploads\/2026\/03\/cropped-logo_new-1.png","contentUrl":"https:\/\/blogdofarnesio.com.br\/wp-content\/uploads\/2026\/03\/cropped-logo_new-1.png","width":881,"height":685,"caption":"Blog do Farn\u00e9sio"},"image":{"@id":"https:\/\/blogdofarnesio.com.br\/#\/schema\/logo\/image\/"},"sameAs":["https:\/\/www.facebook.com\/BlogQuerSaberPolitica\/"]},{"@type":"Person","@id":"https:\/\/blogdofarnesio.com.br\/#\/schema\/person\/bb9b23ae3ad0609ce8df7b6c9e76824d","name":"Farn\u00e9sio","image":{"@type":"ImageObject","inLanguage":"pt-BR","@id":"https:\/\/secure.gravatar.com\/avatar\/986aa4c61ccdb66f8555bf88fc2a65609d00bcabd4d2d94377a727547345cbca?s=96&d=mm&r=g","url":"https:\/\/secure.gravatar.com\/avatar\/986aa4c61ccdb66f8555bf88fc2a65609d00bcabd4d2d94377a727547345cbca?s=96&d=mm&r=g","contentUrl":"https:\/\/secure.gravatar.com\/avatar\/986aa4c61ccdb66f8555bf88fc2a65609d00bcabd4d2d94377a727547345cbca?s=96&d=mm&r=g","caption":"Farn\u00e9sio"},"description":"Radialista blogueiro, chegou a Petrolina\/Juazeiro em setembro de 1980, Farn\u00e9sio Silva \u00e9 de Arapiraca-Alagoas.","sameAs":["http:\/\/blogdofarnesio.com.br","https:\/\/www.facebook.com\/?ref=tn_tnmn","https:\/\/www.instagram.com\/?utm_source=pwa_homescreen","https:\/\/youtube.com.br\/"],"url":"https:\/\/blogdofarnesio.com.br\/?author=2"}]}},"_links":{"self":[{"href":"https:\/\/blogdofarnesio.com.br\/index.php?rest_route=\/wp\/v2\/posts\/379858","targetHints":{"allow":["GET"]}}],"collection":[{"href":"https:\/\/blogdofarnesio.com.br\/index.php?rest_route=\/wp\/v2\/posts"}],"about":[{"href":"https:\/\/blogdofarnesio.com.br\/index.php?rest_route=\/wp\/v2\/types\/post"}],"author":[{"embeddable":true,"href":"https:\/\/blogdofarnesio.com.br\/index.php?rest_route=\/wp\/v2\/users\/2"}],"replies":[{"embeddable":true,"href":"https:\/\/blogdofarnesio.com.br\/index.php?rest_route=%2Fwp%2Fv2%2Fcomments&post=379858"}],"version-history":[{"count":0,"href":"https:\/\/blogdofarnesio.com.br\/index.php?rest_route=\/wp\/v2\/posts\/379858\/revisions"}],"wp:featuredmedia":[{"embeddable":true,"href":"https:\/\/blogdofarnesio.com.br\/index.php?rest_route=\/wp\/v2\/media\/156463"}],"wp:attachment":[{"href":"https:\/\/blogdofarnesio.com.br\/index.php?rest_route=%2Fwp%2Fv2%2Fmedia&parent=379858"}],"wp:term":[{"taxonomy":"category","embeddable":true,"href":"https:\/\/blogdofarnesio.com.br\/index.php?rest_route=%2Fwp%2Fv2%2Fcategories&post=379858"},{"taxonomy":"post_tag","embeddable":true,"href":"https:\/\/blogdofarnesio.com.br\/index.php?rest_route=%2Fwp%2Fv2%2Ftags&post=379858"}],"curies":[{"name":"wp","href":"https:\/\/api.w.org\/{rel}","templated":true}]}}