{"id":379640,"date":"2024-10-22T07:42:23","date_gmt":"2024-10-22T10:42:23","guid":{"rendered":"https:\/\/blogdofarnesio.com.br\/?p=379640"},"modified":"2024-10-22T17:12:38","modified_gmt":"2024-10-22T20:12:38","slug":"plantao-psicologico-e-oferecido-na-policlinica-do-hu-univasf","status":"publish","type":"post","link":"https:\/\/blogdofarnesio.com.br\/?p=379640","title":{"rendered":"Plant\u00e3o Psicol\u00f3gico \u00e9 oferecido na Policl\u00ednica do HU-Univasf"},"content":{"rendered":"<div><em>Projeto PET-Sa\u00fade Equidade e Ligas Acad\u00eamicas oferece apoio a colaboradores e popula\u00e7\u00e3o de Petrolina<\/em><\/div>\n<div><\/div>\n<div><span>O Hospital Universit\u00e1rio da Universidade Federal do Vale do S\u00e3o Francisco (HU-Univasf), vinculado \u00e0 Empresa Brasileira de Servi\u00e7os Hospitalares (Ebserh), iniciou em setembro, a a\u00e7\u00e3o de extens\u00e3o \u201cPlant\u00e3o Psicol\u00f3gico\u201d, em parceria com o PET-Sa\u00fade Equidade e com a Liga de Psicologia da Sa\u00fade (LIAPS); tendo a Liga de Psiquiatria e o Centro de Informa\u00e7\u00f5es de Medicamentos (CIM) como co-participantes. <\/span><\/div>\n<div><\/div>\n<div><span>A a\u00e7\u00e3o \u00e9 voltada para colaboradores do hospital e o p\u00fablico externo da cidade de Petrolina-PE e regi\u00e3o, oferecendo atendimentos emergenciais de sa\u00fade mental na Policl\u00ednica do HU-Univasf at\u00e9 abril de 2026.<\/span><\/div>\n<div><\/div>\n<div><span>Os plant\u00f5es psicol\u00f3gicos ocorrem mensalmente, sempre no per\u00edodo da tarde, das 13h30 \u00e0s 17h, sendo o pr\u00f3ximo previsto para o dia 8 de novembro. O atendimento \u00e9 realizado por ordem de chegada e n\u00e3o h\u00e1 necessidade de encaminhamento pr\u00e9vio.<\/span><\/div>\n<div><\/div>\n<div><span>Para participar, os interessados \u200b\u200bdever\u00e3o levar cart\u00e3o do SUS, comprovante de resid\u00eancia e documento de identifica\u00e7\u00e3o, realizando a inscri\u00e7\u00e3o no pr\u00f3prio dia, entre 13h30 e 14h, no balc\u00e3o de atendimento do CIM, localizado na recep\u00e7\u00e3o da Policl\u00ednica. As vagas s\u00e3o limitadas para garantir a qualidade do acolhimento e da escuta cl\u00ednica.<\/span><\/div>\n<div><\/div>\n<div><span>Segundo a chefe da Unidade de Gest\u00e3o de Gradua\u00e7\u00e3o, Ensino T\u00e9cnico e Extens\u00e3o do HU-Univasf, Paula Andreatta Maduro, a iniciativa busca aproximar os estudantes de Psicologia da realidade do Sistema \u00danico de Sa\u00fade (SUS) e integrar o ensino, o servi\u00e7o e a comunidade .<\/span><\/div>\n<div><\/div>\n<div><span>\u201cEste projeto visa inserir os estudantes no contexto da pr\u00e1tica do SUS, trazendo um retrato da realidade vivida pelos usu\u00e1rios, equipes e familiares\u201d, afirmou Paula. Ela destaca que o plant\u00e3o representa uma oportunidade importante de curriculariza\u00e7\u00e3o da extens\u00e3o universit\u00e1ria, contribuindo para a forma\u00e7\u00e3o de excel\u00eancia dos futuros psic\u00f3logos na regi\u00e3o.<\/span><\/div>\n<div><\/div>\n<div><span>A psic\u00f3loga e professora associada da Univasf, S\u00edlvia Morais, coordenadora da a\u00e7\u00e3o extensiva, refor\u00e7a que o projeto \u00e9 um diferencial para a forma\u00e7\u00e3o dos estudantes e qualifica o atendimento \u00e0 comunidade. \u201cO plantio \u00e9 uma excelente oportunidade para refinar habilidades e preparar os alunos para o trabalho em equipes interdisciplinares. <\/span><\/div>\n<div><\/div>\n<div><span>A parceria entre a Policl\u00ednica do HU-Univasf e outras \u00e1reas, como Farm\u00e1cia e Medicina, fortalece esse processo\u201d, explicou a professora. Silvia acrescenta que a aus\u00eancia de um ambulat\u00f3rio de Psicologia na Policl\u00ednica tamb\u00e9m foi um fator que motivou a cria\u00e7\u00e3o do projeto.<\/span><\/div>\n<div><\/div>\n<div><span>Para a aluna Leomara Vytoria, que participa do plantio como representante da LIAPS, a experi\u00eancia tem sido enriquecedora. \u201cQuando a professora Silvia trouxe uma ideia, eu fiquei nervoso, porque estava no in\u00edcio do curso e tive medo de n\u00e3o saber o que fazer.<\/span><\/div>\n<div><\/div>\n<div><span>Mas, com o plant\u00e3o em andamento, comecei a ver a Psicologia de outra forma, al\u00e9m da teoria em sala de aula\u201d, relatou um estudante. Leomara destaca o impacto positivo de vivenciar o atendimento direto: \u201cA experi\u00eancia me trouxe uma perspectiva bonita e motivadora do fazer psicol\u00f3gico, algo que talvez eu n\u00e3o teria em outra oportunidade.\u201d<\/span><\/div>\n<div><\/div>\n<div><span>A psic\u00f3loga volunt\u00e1ria e egressa da Univasf, Giovanna Ferreira, tamb\u00e9m compartilha sua vis\u00e3o sobre o projeto. \u201cA experi\u00eancia nos plant\u00f5es tem sido enriquecedora tanto no aspecto profissional quanto pessoal. <\/span><\/div>\n<div><\/div>\n<div><span>O trabalho comunit\u00e1rio permite que as pessoas promovam o acesso ao cuidado psicol\u00f3gico para pessoas que talvez n\u00e3o tenham essa possibilidade de outra forma\u201d, disse Giovanna.<\/span><\/div>\n<div><\/div>\n<div><span>Para ela, a din\u00e2mica do plant\u00e3o, que oferece acolhimento imediato, refor\u00e7a a import\u00e2ncia de uma escuta atenta e de um atendimento humanizado.<\/span><\/div>\n<div><\/div>\n<div><span>O Plant\u00e3o Psicol\u00f3gico \u00e9 uma concretiza\u00e7\u00e3o da sinergia entre diferentes \u00e1reas do conhecimento e representa um avan\u00e7o na promo\u00e7\u00e3o de sa\u00fade mental para a comunidade de Petrolina e colaboradores do hospital. <\/span><\/div>\n<div><\/div>\n<div><span>A iniciativa reafirma o compromisso do HU-Univasf e da Ebserh em oferecer assist\u00eancia de qualidade e contribuir para a forma\u00e7\u00e3o de profissionais mais preparados e sens\u00edveis \u00e0s necessidades do SUS e da sociedade.<\/span><\/div>\n<div><\/div>\n","protected":false},"excerpt":{"rendered":"<p>Projeto PET-Sa\u00fade Equidade e Ligas Acad\u00eamicas oferece apoio a colaboradores e popula\u00e7\u00e3o de Petrolina O Hospital Universit\u00e1rio da Universidade Federal do Vale do S\u00e3o Francisco (HU-Univasf), vinculado \u00e0 Empresa Brasileira de Servi\u00e7os Hospitalares (Ebserh), iniciou em setembro, a a\u00e7\u00e3o de extens\u00e3o \u201cPlant\u00e3o Psicol\u00f3gico\u201d, em parceria com o PET-Sa\u00fade Equidade e com a Liga de Psicologia da Sa\u00fade (LIAPS); tendo a Liga de Psiquiatria e o Centro de Informa\u00e7\u00f5es de Medicamentos (CIM) como co-participantes. A a\u00e7\u00e3o \u00e9 voltada para colaboradores do hospital e o p\u00fablico externo da cidade de Petrolina-PE e regi\u00e3o, oferecendo atendimentos emergenciais de sa\u00fade mental na Policl\u00ednica do HU-Univasf at\u00e9 abril de 2026. Os plant\u00f5es psicol\u00f3gicos ocorrem mensalmente, sempre no per\u00edodo da tarde, das 13h30 \u00e0s 17h, sendo&hellip; <\/p>\n","protected":false},"author":2,"featured_media":262318,"comment_status":"open","ping_status":"open","sticky":false,"template":"","format":"standard","meta":{"_acf_changed":false,"footnotes":""},"categories":[4],"tags":[],"class_list":["post-379640","post","type-post","status-publish","format-standard","has-post-thumbnail","hentry","category-saude"],"acf":[],"yoast_head":"<!-- This site is optimized with the Yoast SEO plugin v27.4 - https:\/\/yoast.com\/product\/yoast-seo-wordpress\/ -->\n<title>Plant\u00e3o Psicol\u00f3gico \u00e9 oferecido na Policl\u00ednica do HU-Univasf - Blog do Farn\u00e9sio<\/title>\n<meta name=\"robots\" content=\"index, follow, max-snippet:-1, max-image-preview:large, max-video-preview:-1\" \/>\n<link rel=\"canonical\" href=\"https:\/\/blogdofarnesio.com.br\/?p=379640\" \/>\n<meta property=\"og:locale\" content=\"pt_BR\" \/>\n<meta property=\"og:type\" content=\"article\" \/>\n<meta property=\"og:title\" content=\"Plant\u00e3o Psicol\u00f3gico \u00e9 oferecido na Policl\u00ednica do HU-Univasf - Blog do Farn\u00e9sio\" \/>\n<meta property=\"og:description\" content=\"Projeto PET-Sa\u00fade Equidade e Ligas Acad\u00eamicas oferece apoio a colaboradores e popula\u00e7\u00e3o de Petrolina O Hospital Universit\u00e1rio da Universidade Federal do Vale do S\u00e3o Francisco (HU-Univasf), vinculado \u00e0 Empresa Brasileira de Servi\u00e7os Hospitalares (Ebserh), iniciou em setembro, a a\u00e7\u00e3o de extens\u00e3o \u201cPlant\u00e3o Psicol\u00f3gico\u201d, em parceria com o PET-Sa\u00fade Equidade e com a Liga de Psicologia da Sa\u00fade (LIAPS); tendo a Liga de Psiquiatria e o Centro de Informa\u00e7\u00f5es de Medicamentos (CIM) como co-participantes. A a\u00e7\u00e3o \u00e9 voltada para colaboradores do hospital e o p\u00fablico externo da cidade de Petrolina-PE e regi\u00e3o, oferecendo atendimentos emergenciais de sa\u00fade mental na Policl\u00ednica do HU-Univasf at\u00e9 abril de 2026. Os plant\u00f5es psicol\u00f3gicos ocorrem mensalmente, sempre no per\u00edodo da tarde, das 13h30 \u00e0s 17h, sendo&hellip;\" \/>\n<meta property=\"og:url\" content=\"https:\/\/blogdofarnesio.com.br\/?p=379640\" \/>\n<meta property=\"og:site_name\" content=\"Blog do Farn\u00e9sio\" \/>\n<meta property=\"article:publisher\" content=\"https:\/\/www.facebook.com\/BlogQuerSaberPolitica\/\" \/>\n<meta property=\"article:author\" content=\"https:\/\/www.facebook.com\/?ref=tn_tnmn\" \/>\n<meta property=\"article:published_time\" content=\"2024-10-22T10:42:23+00:00\" \/>\n<meta property=\"article:modified_time\" content=\"2024-10-22T20:12:38+00:00\" \/>\n<meta property=\"og:image\" content=\"https:\/\/blogdofarnesio.com.br\/wp-content\/uploads\/2020\/07\/blogqsppet-hut-traumas-e1718655836721.jpg\" \/>\n\t<meta property=\"og:image:width\" content=\"512\" \/>\n\t<meta property=\"og:image:height\" content=\"383\" \/>\n\t<meta property=\"og:image:type\" content=\"image\/jpeg\" \/>\n<meta name=\"author\" content=\"Farn\u00e9sio\" \/>\n<meta name=\"twitter:card\" content=\"summary_large_image\" \/>\n<meta name=\"twitter:label1\" content=\"Escrito por\" \/>\n\t<meta name=\"twitter:data1\" content=\"Farn\u00e9sio\" \/>\n\t<meta name=\"twitter:label2\" content=\"Est. tempo de leitura\" \/>\n\t<meta name=\"twitter:data2\" content=\"4 minutos\" \/>\n<script type=\"application\/ld+json\" class=\"yoast-schema-graph\">{\"@context\":\"https:\\\/\\\/schema.org\",\"@graph\":[{\"@type\":\"Article\",\"@id\":\"https:\\\/\\\/blogdofarnesio.com.br\\\/?p=379640#article\",\"isPartOf\":{\"@id\":\"https:\\\/\\\/blogdofarnesio.com.br\\\/?p=379640\"},\"author\":{\"name\":\"Farn\u00e9sio\",\"@id\":\"https:\\\/\\\/blogdofarnesio.com.br\\\/#\\\/schema\\\/person\\\/bb9b23ae3ad0609ce8df7b6c9e76824d\"},\"headline\":\"Plant\u00e3o Psicol\u00f3gico \u00e9 oferecido na Policl\u00ednica do HU-Univasf\",\"datePublished\":\"2024-10-22T10:42:23+00:00\",\"dateModified\":\"2024-10-22T20:12:38+00:00\",\"mainEntityOfPage\":{\"@id\":\"https:\\\/\\\/blogdofarnesio.com.br\\\/?p=379640\"},\"wordCount\":713,\"commentCount\":0,\"publisher\":{\"@id\":\"https:\\\/\\\/blogdofarnesio.com.br\\\/#organization\"},\"image\":{\"@id\":\"https:\\\/\\\/blogdofarnesio.com.br\\\/?p=379640#primaryimage\"},\"thumbnailUrl\":\"https:\\\/\\\/blogdofarnesio.com.br\\\/wp-content\\\/uploads\\\/2020\\\/07\\\/blogqsppet-hut-traumas-e1718655836721.jpg\",\"articleSection\":[\"Sa\u00fade\"],\"inLanguage\":\"pt-BR\",\"potentialAction\":[{\"@type\":\"CommentAction\",\"name\":\"Comment\",\"target\":[\"https:\\\/\\\/blogdofarnesio.com.br\\\/?p=379640#respond\"]}]},{\"@type\":\"WebPage\",\"@id\":\"https:\\\/\\\/blogdofarnesio.com.br\\\/?p=379640\",\"url\":\"https:\\\/\\\/blogdofarnesio.com.br\\\/?p=379640\",\"name\":\"Plant\u00e3o Psicol\u00f3gico \u00e9 oferecido na Policl\u00ednica do HU-Univasf - Blog do Farn\u00e9sio\",\"isPartOf\":{\"@id\":\"https:\\\/\\\/blogdofarnesio.com.br\\\/#website\"},\"primaryImageOfPage\":{\"@id\":\"https:\\\/\\\/blogdofarnesio.com.br\\\/?p=379640#primaryimage\"},\"image\":{\"@id\":\"https:\\\/\\\/blogdofarnesio.com.br\\\/?p=379640#primaryimage\"},\"thumbnailUrl\":\"https:\\\/\\\/blogdofarnesio.com.br\\\/wp-content\\\/uploads\\\/2020\\\/07\\\/blogqsppet-hut-traumas-e1718655836721.jpg\",\"datePublished\":\"2024-10-22T10:42:23+00:00\",\"dateModified\":\"2024-10-22T20:12:38+00:00\",\"breadcrumb\":{\"@id\":\"https:\\\/\\\/blogdofarnesio.com.br\\\/?p=379640#breadcrumb\"},\"inLanguage\":\"pt-BR\",\"potentialAction\":[{\"@type\":\"ReadAction\",\"target\":[\"https:\\\/\\\/blogdofarnesio.com.br\\\/?p=379640\"]}]},{\"@type\":\"ImageObject\",\"inLanguage\":\"pt-BR\",\"@id\":\"https:\\\/\\\/blogdofarnesio.com.br\\\/?p=379640#primaryimage\",\"url\":\"https:\\\/\\\/blogdofarnesio.com.br\\\/wp-content\\\/uploads\\\/2020\\\/07\\\/blogqsppet-hut-traumas-e1718655836721.jpg\",\"contentUrl\":\"https:\\\/\\\/blogdofarnesio.com.br\\\/wp-content\\\/uploads\\\/2020\\\/07\\\/blogqsppet-hut-traumas-e1718655836721.jpg\",\"width\":512,\"height\":383,\"caption\":\"Imagem meramente ilustrativa\"},{\"@type\":\"BreadcrumbList\",\"@id\":\"https:\\\/\\\/blogdofarnesio.com.br\\\/?p=379640#breadcrumb\",\"itemListElement\":[{\"@type\":\"ListItem\",\"position\":1,\"name\":\"In\u00edcio\",\"item\":\"https:\\\/\\\/blogdofarnesio.com.br\\\/\"},{\"@type\":\"ListItem\",\"position\":2,\"name\":\"Plant\u00e3o Psicol\u00f3gico \u00e9 oferecido na Policl\u00ednica do HU-Univasf\"}]},{\"@type\":\"WebSite\",\"@id\":\"https:\\\/\\\/blogdofarnesio.com.br\\\/#website\",\"url\":\"https:\\\/\\\/blogdofarnesio.com.br\\\/\",\"name\":\"Blog do Farn\u00e9sio\",\"description\":\"Quer Saber Pol\u00edtica?\",\"publisher\":{\"@id\":\"https:\\\/\\\/blogdofarnesio.com.br\\\/#organization\"},\"potentialAction\":[{\"@type\":\"SearchAction\",\"target\":{\"@type\":\"EntryPoint\",\"urlTemplate\":\"https:\\\/\\\/blogdofarnesio.com.br\\\/?s={search_term_string}\"},\"query-input\":{\"@type\":\"PropertyValueSpecification\",\"valueRequired\":true,\"valueName\":\"search_term_string\"}}],\"inLanguage\":\"pt-BR\"},{\"@type\":\"Organization\",\"@id\":\"https:\\\/\\\/blogdofarnesio.com.br\\\/#organization\",\"name\":\"Blog do Farn\u00e9sio\",\"url\":\"https:\\\/\\\/blogdofarnesio.com.br\\\/\",\"logo\":{\"@type\":\"ImageObject\",\"inLanguage\":\"pt-BR\",\"@id\":\"https:\\\/\\\/blogdofarnesio.com.br\\\/#\\\/schema\\\/logo\\\/image\\\/\",\"url\":\"https:\\\/\\\/blogdofarnesio.com.br\\\/wp-content\\\/uploads\\\/2026\\\/03\\\/cropped-logo_new-1.png\",\"contentUrl\":\"https:\\\/\\\/blogdofarnesio.com.br\\\/wp-content\\\/uploads\\\/2026\\\/03\\\/cropped-logo_new-1.png\",\"width\":881,\"height\":685,\"caption\":\"Blog do Farn\u00e9sio\"},\"image\":{\"@id\":\"https:\\\/\\\/blogdofarnesio.com.br\\\/#\\\/schema\\\/logo\\\/image\\\/\"},\"sameAs\":[\"https:\\\/\\\/www.facebook.com\\\/BlogQuerSaberPolitica\\\/\"]},{\"@type\":\"Person\",\"@id\":\"https:\\\/\\\/blogdofarnesio.com.br\\\/#\\\/schema\\\/person\\\/bb9b23ae3ad0609ce8df7b6c9e76824d\",\"name\":\"Farn\u00e9sio\",\"image\":{\"@type\":\"ImageObject\",\"inLanguage\":\"pt-BR\",\"@id\":\"https:\\\/\\\/secure.gravatar.com\\\/avatar\\\/986aa4c61ccdb66f8555bf88fc2a65609d00bcabd4d2d94377a727547345cbca?s=96&d=mm&r=g\",\"url\":\"https:\\\/\\\/secure.gravatar.com\\\/avatar\\\/986aa4c61ccdb66f8555bf88fc2a65609d00bcabd4d2d94377a727547345cbca?s=96&d=mm&r=g\",\"contentUrl\":\"https:\\\/\\\/secure.gravatar.com\\\/avatar\\\/986aa4c61ccdb66f8555bf88fc2a65609d00bcabd4d2d94377a727547345cbca?s=96&d=mm&r=g\",\"caption\":\"Farn\u00e9sio\"},\"description\":\"Radialista blogueiro, chegou a Petrolina\\\/Juazeiro em setembro de 1980, Farn\u00e9sio Silva \u00e9 de Arapiraca-Alagoas.\",\"sameAs\":[\"http:\\\/\\\/blogdofarnesio.com.br\",\"https:\\\/\\\/www.facebook.com\\\/?ref=tn_tnmn\",\"https:\\\/\\\/www.instagram.com\\\/?utm_source=pwa_homescreen\",\"https:\\\/\\\/youtube.com.br\\\/\"],\"url\":\"https:\\\/\\\/blogdofarnesio.com.br\\\/?author=2\"}]}<\/script>\n<!-- \/ Yoast SEO plugin. -->","yoast_head_json":{"title":"Plant\u00e3o Psicol\u00f3gico \u00e9 oferecido na Policl\u00ednica do HU-Univasf - Blog do Farn\u00e9sio","robots":{"index":"index","follow":"follow","max-snippet":"max-snippet:-1","max-image-preview":"max-image-preview:large","max-video-preview":"max-video-preview:-1"},"canonical":"https:\/\/blogdofarnesio.com.br\/?p=379640","og_locale":"pt_BR","og_type":"article","og_title":"Plant\u00e3o Psicol\u00f3gico \u00e9 oferecido na Policl\u00ednica do HU-Univasf - Blog do Farn\u00e9sio","og_description":"Projeto PET-Sa\u00fade Equidade e Ligas Acad\u00eamicas oferece apoio a colaboradores e popula\u00e7\u00e3o de Petrolina O Hospital Universit\u00e1rio da Universidade Federal do Vale do S\u00e3o Francisco (HU-Univasf), vinculado \u00e0 Empresa Brasileira de Servi\u00e7os Hospitalares (Ebserh), iniciou em setembro, a a\u00e7\u00e3o de extens\u00e3o \u201cPlant\u00e3o Psicol\u00f3gico\u201d, em parceria com o PET-Sa\u00fade Equidade e com a Liga de Psicologia da Sa\u00fade (LIAPS); tendo a Liga de Psiquiatria e o Centro de Informa\u00e7\u00f5es de Medicamentos (CIM) como co-participantes. A a\u00e7\u00e3o \u00e9 voltada para colaboradores do hospital e o p\u00fablico externo da cidade de Petrolina-PE e regi\u00e3o, oferecendo atendimentos emergenciais de sa\u00fade mental na Policl\u00ednica do HU-Univasf at\u00e9 abril de 2026. Os plant\u00f5es psicol\u00f3gicos ocorrem mensalmente, sempre no per\u00edodo da tarde, das 13h30 \u00e0s 17h, sendo&hellip;","og_url":"https:\/\/blogdofarnesio.com.br\/?p=379640","og_site_name":"Blog do Farn\u00e9sio","article_publisher":"https:\/\/www.facebook.com\/BlogQuerSaberPolitica\/","article_author":"https:\/\/www.facebook.com\/?ref=tn_tnmn","article_published_time":"2024-10-22T10:42:23+00:00","article_modified_time":"2024-10-22T20:12:38+00:00","og_image":[{"width":512,"height":383,"url":"https:\/\/blogdofarnesio.com.br\/wp-content\/uploads\/2020\/07\/blogqsppet-hut-traumas-e1718655836721.jpg","type":"image\/jpeg"}],"author":"Farn\u00e9sio","twitter_card":"summary_large_image","twitter_misc":{"Escrito por":"Farn\u00e9sio","Est. tempo de leitura":"4 minutos"},"schema":{"@context":"https:\/\/schema.org","@graph":[{"@type":"Article","@id":"https:\/\/blogdofarnesio.com.br\/?p=379640#article","isPartOf":{"@id":"https:\/\/blogdofarnesio.com.br\/?p=379640"},"author":{"name":"Farn\u00e9sio","@id":"https:\/\/blogdofarnesio.com.br\/#\/schema\/person\/bb9b23ae3ad0609ce8df7b6c9e76824d"},"headline":"Plant\u00e3o Psicol\u00f3gico \u00e9 oferecido na Policl\u00ednica do HU-Univasf","datePublished":"2024-10-22T10:42:23+00:00","dateModified":"2024-10-22T20:12:38+00:00","mainEntityOfPage":{"@id":"https:\/\/blogdofarnesio.com.br\/?p=379640"},"wordCount":713,"commentCount":0,"publisher":{"@id":"https:\/\/blogdofarnesio.com.br\/#organization"},"image":{"@id":"https:\/\/blogdofarnesio.com.br\/?p=379640#primaryimage"},"thumbnailUrl":"https:\/\/blogdofarnesio.com.br\/wp-content\/uploads\/2020\/07\/blogqsppet-hut-traumas-e1718655836721.jpg","articleSection":["Sa\u00fade"],"inLanguage":"pt-BR","potentialAction":[{"@type":"CommentAction","name":"Comment","target":["https:\/\/blogdofarnesio.com.br\/?p=379640#respond"]}]},{"@type":"WebPage","@id":"https:\/\/blogdofarnesio.com.br\/?p=379640","url":"https:\/\/blogdofarnesio.com.br\/?p=379640","name":"Plant\u00e3o Psicol\u00f3gico \u00e9 oferecido na Policl\u00ednica do HU-Univasf - Blog do Farn\u00e9sio","isPartOf":{"@id":"https:\/\/blogdofarnesio.com.br\/#website"},"primaryImageOfPage":{"@id":"https:\/\/blogdofarnesio.com.br\/?p=379640#primaryimage"},"image":{"@id":"https:\/\/blogdofarnesio.com.br\/?p=379640#primaryimage"},"thumbnailUrl":"https:\/\/blogdofarnesio.com.br\/wp-content\/uploads\/2020\/07\/blogqsppet-hut-traumas-e1718655836721.jpg","datePublished":"2024-10-22T10:42:23+00:00","dateModified":"2024-10-22T20:12:38+00:00","breadcrumb":{"@id":"https:\/\/blogdofarnesio.com.br\/?p=379640#breadcrumb"},"inLanguage":"pt-BR","potentialAction":[{"@type":"ReadAction","target":["https:\/\/blogdofarnesio.com.br\/?p=379640"]}]},{"@type":"ImageObject","inLanguage":"pt-BR","@id":"https:\/\/blogdofarnesio.com.br\/?p=379640#primaryimage","url":"https:\/\/blogdofarnesio.com.br\/wp-content\/uploads\/2020\/07\/blogqsppet-hut-traumas-e1718655836721.jpg","contentUrl":"https:\/\/blogdofarnesio.com.br\/wp-content\/uploads\/2020\/07\/blogqsppet-hut-traumas-e1718655836721.jpg","width":512,"height":383,"caption":"Imagem meramente ilustrativa"},{"@type":"BreadcrumbList","@id":"https:\/\/blogdofarnesio.com.br\/?p=379640#breadcrumb","itemListElement":[{"@type":"ListItem","position":1,"name":"In\u00edcio","item":"https:\/\/blogdofarnesio.com.br\/"},{"@type":"ListItem","position":2,"name":"Plant\u00e3o Psicol\u00f3gico \u00e9 oferecido na Policl\u00ednica do HU-Univasf"}]},{"@type":"WebSite","@id":"https:\/\/blogdofarnesio.com.br\/#website","url":"https:\/\/blogdofarnesio.com.br\/","name":"Blog do Farn\u00e9sio","description":"Quer Saber Pol\u00edtica?","publisher":{"@id":"https:\/\/blogdofarnesio.com.br\/#organization"},"potentialAction":[{"@type":"SearchAction","target":{"@type":"EntryPoint","urlTemplate":"https:\/\/blogdofarnesio.com.br\/?s={search_term_string}"},"query-input":{"@type":"PropertyValueSpecification","valueRequired":true,"valueName":"search_term_string"}}],"inLanguage":"pt-BR"},{"@type":"Organization","@id":"https:\/\/blogdofarnesio.com.br\/#organization","name":"Blog do Farn\u00e9sio","url":"https:\/\/blogdofarnesio.com.br\/","logo":{"@type":"ImageObject","inLanguage":"pt-BR","@id":"https:\/\/blogdofarnesio.com.br\/#\/schema\/logo\/image\/","url":"https:\/\/blogdofarnesio.com.br\/wp-content\/uploads\/2026\/03\/cropped-logo_new-1.png","contentUrl":"https:\/\/blogdofarnesio.com.br\/wp-content\/uploads\/2026\/03\/cropped-logo_new-1.png","width":881,"height":685,"caption":"Blog do Farn\u00e9sio"},"image":{"@id":"https:\/\/blogdofarnesio.com.br\/#\/schema\/logo\/image\/"},"sameAs":["https:\/\/www.facebook.com\/BlogQuerSaberPolitica\/"]},{"@type":"Person","@id":"https:\/\/blogdofarnesio.com.br\/#\/schema\/person\/bb9b23ae3ad0609ce8df7b6c9e76824d","name":"Farn\u00e9sio","image":{"@type":"ImageObject","inLanguage":"pt-BR","@id":"https:\/\/secure.gravatar.com\/avatar\/986aa4c61ccdb66f8555bf88fc2a65609d00bcabd4d2d94377a727547345cbca?s=96&d=mm&r=g","url":"https:\/\/secure.gravatar.com\/avatar\/986aa4c61ccdb66f8555bf88fc2a65609d00bcabd4d2d94377a727547345cbca?s=96&d=mm&r=g","contentUrl":"https:\/\/secure.gravatar.com\/avatar\/986aa4c61ccdb66f8555bf88fc2a65609d00bcabd4d2d94377a727547345cbca?s=96&d=mm&r=g","caption":"Farn\u00e9sio"},"description":"Radialista blogueiro, chegou a Petrolina\/Juazeiro em setembro de 1980, Farn\u00e9sio Silva \u00e9 de Arapiraca-Alagoas.","sameAs":["http:\/\/blogdofarnesio.com.br","https:\/\/www.facebook.com\/?ref=tn_tnmn","https:\/\/www.instagram.com\/?utm_source=pwa_homescreen","https:\/\/youtube.com.br\/"],"url":"https:\/\/blogdofarnesio.com.br\/?author=2"}]}},"_links":{"self":[{"href":"https:\/\/blogdofarnesio.com.br\/index.php?rest_route=\/wp\/v2\/posts\/379640","targetHints":{"allow":["GET"]}}],"collection":[{"href":"https:\/\/blogdofarnesio.com.br\/index.php?rest_route=\/wp\/v2\/posts"}],"about":[{"href":"https:\/\/blogdofarnesio.com.br\/index.php?rest_route=\/wp\/v2\/types\/post"}],"author":[{"embeddable":true,"href":"https:\/\/blogdofarnesio.com.br\/index.php?rest_route=\/wp\/v2\/users\/2"}],"replies":[{"embeddable":true,"href":"https:\/\/blogdofarnesio.com.br\/index.php?rest_route=%2Fwp%2Fv2%2Fcomments&post=379640"}],"version-history":[{"count":0,"href":"https:\/\/blogdofarnesio.com.br\/index.php?rest_route=\/wp\/v2\/posts\/379640\/revisions"}],"wp:featuredmedia":[{"embeddable":true,"href":"https:\/\/blogdofarnesio.com.br\/index.php?rest_route=\/wp\/v2\/media\/262318"}],"wp:attachment":[{"href":"https:\/\/blogdofarnesio.com.br\/index.php?rest_route=%2Fwp%2Fv2%2Fmedia&parent=379640"}],"wp:term":[{"taxonomy":"category","embeddable":true,"href":"https:\/\/blogdofarnesio.com.br\/index.php?rest_route=%2Fwp%2Fv2%2Fcategories&post=379640"},{"taxonomy":"post_tag","embeddable":true,"href":"https:\/\/blogdofarnesio.com.br\/index.php?rest_route=%2Fwp%2Fv2%2Ftags&post=379640"}],"curies":[{"name":"wp","href":"https:\/\/api.w.org\/{rel}","templated":true}]}}