{"id":379585,"date":"2024-10-22T08:33:46","date_gmt":"2024-10-22T11:33:46","guid":{"rendered":"https:\/\/blogdofarnesio.com.br\/?p=379585"},"modified":"2024-10-22T08:21:06","modified_gmt":"2024-10-22T11:21:06","slug":"personal-trainer-e-assassinado-em-petrolina-oito-meses-depois-da-morte-da-esposa","status":"publish","type":"post","link":"https:\/\/blogdofarnesio.com.br\/?p=379585","title":{"rendered":"Personal trainer \u00e9 assassinado em Petrolina oito meses depois da morte da esposa"},"content":{"rendered":"<div class=\"mc-article-header\">\n<div class=\"row content-head mc-column non-featured \">\n<div class=\"title\" data-block-type=\"title\" data-block-id=\"0\"><\/div>\n<\/div>\n<\/div>\n<div class=\"mc-article-body\">\n<article>\n<div id=\"chunk-89v2o\">\n<div class=\"row medium-uncollapsed content-media content-photo\" data-block-type=\"backstage-photo\" data-block-id=\"1\">\n<div class=\" mc-column content-media__container\">\n<p class=\"content-media__description \">O personal trainer Giovanny Diniz Carvalho, de 36 anos, foi assassinado a tiros na noite da segunda-feira (21), no bairro Vila Moc\u00f3, em <a class=\"\" href=\"https:\/\/g1.globo.com\/pe\/petrolina-regiao\/cidade\/petrolina\/\" data-mrf-link=\"https:\/\/g1.globo.com\/pe\/petrolina-regiao\/cidade\/petrolina\/\">Petrolina<\/a>, no Sert\u00e3o de Pernambuco. O crime foi cometido na frente da casa da v\u00edtima, por um homem encapuzado, que abordou atirou v\u00e1rias vezes.<\/p>\n<\/div>\n<\/div>\n<\/div>\n<div class=\"wall protected-content\">\n<div id=\"chunk-10k4g\">\n<div class=\"mc-column content-text active-extra-styles \" data-block-type=\"unstyled\" data-block-weight=\"32\" data-block-id=\"4\">\n<p class=\" content-text__container \" data-track-category=\"Link no Texto\" data-track-links=\"\" data-mrf-recirculation=\"Article links\">Em nota, a Pol\u00edcia Civil disse que &#8220;o corpo foi encaminhado para o IML e um inqu\u00e9rito policial foi instaurado para apurar as circunst\u00e2ncias do crime e identificar a autoria&#8221;.<\/p>\n<\/div>\n<\/div>\n<div id=\"chunk-e35be\">\n<div class=\"mc-column content-text active-extra-styles\" data-block-type=\"raw\" data-block-weight=\"3\" data-block-id=\"5\">\n<div class=\"content-intertitle\">\n<h2><a class=\"\" href=\"https:\/\/g1.globo.com\/pe\/petrolina-regiao\/noticia\/2024\/02\/23\/personal-trainer-morre-em-petrolina-apos-tomar-choque-eletrico-marido-fica-ferido.ghtml\">Esposa morre eletrocutada<\/a><\/h2>\n<\/div>\n<\/div>\n<\/div>\n<div id=\"chunk-b9u1m\">\n<div class=\"bs-video-block mc-column content-media content-video\" data-block-type=\"backstage-video\" data-block-id=\"6\">\n<div class=\"content-media__container\">\n<div class=\"content-video__bigger-player-description-fixer\">\n<article class=\"content-video\" data-ts-view=\"1729595369018\">\n<section class=\"content-video__video-container\">\n<div class=\"content-video__video\">\n<div class=\"content-video__placeholder\" data-video-id=\"12381264\" data-video-has-viewport-play=\"True\">\n<p><img decoding=\"async\" class=\"content-video__placeholder__thumb alignleft\" title=\"Personal trainer morre em Petrolina ap\u00f3s tomar choque el\u00e9trico\" src=\"https:\/\/s01.video.glbimg.com\/x240\/12381264.jpg\" alt=\"Personal trainer morre em Petrolina ap\u00f3s tomar choque el\u00e9trico\" \/><\/p>\n<\/div>\n<\/div>\n<\/section>\n<\/article>\n<\/div>\n<\/div>\n<\/div>\n<\/div>\n<div id=\"chunk-b07bu\">\n<div class=\"mc-column content-text active-extra-styles \" data-block-type=\"unstyled\" data-block-weight=\"48\" data-block-id=\"8\">\n<p class=\" content-text__container \" data-track-category=\"Link no Texto\" data-track-links=\"\" data-mrf-recirculation=\"Article links\">Giovanny era vi\u00favo da tamb\u00e9m personal trainer Aila Pimenta, de 32 anos.\u00a0<a class=\"\" href=\"https:\/\/g1.globo.com\/pe\/petrolina-regiao\/noticia\/2024\/02\/23\/personal-trainer-morre-em-petrolina-apos-tomar-choque-eletrico-marido-fica-ferido.ghtml\" data-mrf-link=\"https:\/\/g1.globo.com\/pe\/petrolina-regiao\/noticia\/2024\/02\/23\/personal-trainer-morre-em-petrolina-apos-tomar-choque-eletrico-marido-fica-ferido.ghtml\">Aila faleceu no dia 22 fevereiro, ap\u00f3s tomar um choque el\u00e9trico, na casa do casal,<\/a>\u00a0no bairro Padre C\u00edcero, quando foi tirar as roupas do varal, que estava preso no suporte do ar-condicionado.<\/p>\n<\/div>\n<\/div>\n<div id=\"chunk-dr3gt\">\n<div class=\"mc-column content-text active-extra-styles \" data-block-type=\"unstyled\" data-block-weight=\"40\" data-block-id=\"9\">\n<p class=\" content-text__container \" data-track-category=\"Link no Texto\" data-track-links=\"\" data-mrf-recirculation=\"Article links\">Na \u00e9poca, Giovanny tamb\u00e9m ficou ferido e precisou ser internado em hospital privado de Petrolina. A filha mais velha, de 6 anos, tamb\u00e9m precisou ir para o hospital, pois tomou choque na ponta dos dedos, ao desligar o disjuntor.<\/p>\n<\/div>\n<\/div>\n<div id=\"chunk-5vcp4\">\n<div class=\"mc-column content-text active-extra-styles \" data-block-type=\"unstyled\" data-block-weight=\"17\" data-block-id=\"10\">\n<p class=\" content-text__container \" data-track-category=\"Link no Texto\" data-track-links=\"\" data-mrf-recirculation=\"Article links\">Al\u00e9m da crian\u00e7a de 6 anos, o casal tinha outros dois filhos, de 2 e 1 ano.<\/p>\n<\/div>\n<\/div>\n<div id=\"chunk-1ebd8\">\n<div class=\"mc-column content-text active-extra-styles\" data-block-type=\"raw\" data-block-weight=\"7\" data-block-id=\"11\">\n<div class=\"content-intertitle\">\n<h2>Personagem de mat\u00e9ria do dia dos pais<\/h2>\n<\/div>\n<\/div>\n<\/div>\n<div id=\"chunk-73usf\">\n<div class=\"bs-video-block mc-column content-media content-video\" data-block-type=\"backstage-video\" data-block-id=\"12\">\n<div class=\"content-media__container\">\n<div class=\"content-video__bigger-player-description-fixer\">\n<article class=\"content-video\" data-ts-view=\"1729595370324\">\n<section class=\"content-video__video-container\">\n<div class=\"content-video__video\">\n<div class=\"content-video__placeholder\" data-video-id=\"12814785\" data-video-has-viewport-play=\"True\"><img decoding=\"async\" class=\"content-video__placeholder__thumb\" title=\"N\u00famero de pais solos tem crescido no Brasil\" src=\"https:\/\/s02.video.glbimg.com\/x240\/12814785.jpg\" alt=\"N\u00famero de pais solos tem crescido no Brasil\" \/><\/div>\n<\/div>\n<\/section>\n<\/article>\n<\/div>\n<p class=\"content-media__description\">N\u00famero de pais solos tem crescido no Brasil<\/p>\n<\/div>\n<\/div>\n<\/div>\n<div id=\"chunk-8dslj\">\n<div class=\"mc-column content-text active-extra-styles \" data-block-type=\"unstyled\" data-block-weight=\"50\" data-block-id=\"14\">\n<p class=\" content-text__container \" data-track-category=\"Link no Texto\" data-track-links=\"\" data-mrf-recirculation=\"Article links\">Em agosto, Givanny Diniz foi um dos personagens da mat\u00e9ria da TV Grande Rio sobre o dia dos pais. A reportagem contou a hist\u00f3ria de pais solos em Petrolina e mostrou como estava a vida do personal e dos tr\u00eas filhos ap\u00f3s a morte de Aila.\u00a0<strong>(veja no v\u00eddeo acima)<\/strong><\/p>\n<p data-track-category=\"Link no Texto\" data-track-links=\"\" data-mrf-recirculation=\"Article links\"><em>Por g1 Petrolina<\/em><\/p>\n<\/div>\n<\/div>\n<\/div>\n<\/article>\n<\/div>\n","protected":false},"excerpt":{"rendered":"<p>O personal trainer Giovanny Diniz Carvalho, de 36 anos, foi assassinado a tiros na noite da segunda-feira (21), no bairro Vila Moc\u00f3, em Petrolina, no Sert\u00e3o de Pernambuco. O crime foi cometido na frente da casa da v\u00edtima, por um homem encapuzado, que abordou atirou v\u00e1rias vezes. Em nota, a Pol\u00edcia Civil disse que &#8220;o corpo foi encaminhado para o IML e um inqu\u00e9rito policial foi instaurado para apurar as circunst\u00e2ncias do crime e identificar a autoria&#8221;. Esposa morre eletrocutada Giovanny era vi\u00favo da tamb\u00e9m personal trainer Aila Pimenta, de 32 anos.\u00a0Aila faleceu no dia 22 fevereiro, ap\u00f3s tomar um choque el\u00e9trico, na casa do casal,\u00a0no bairro Padre C\u00edcero, quando foi tirar as roupas do varal, que estava preso no&hellip; <\/p>\n","protected":false},"author":2,"featured_media":379586,"comment_status":"open","ping_status":"open","sticky":false,"template":"","format":"standard","meta":{"_acf_changed":false,"footnotes":""},"categories":[9],"tags":[],"class_list":["post-379585","post","type-post","status-publish","format-standard","has-post-thumbnail","hentry","category-policia"],"acf":[],"yoast_head":"<!-- This site is optimized with the Yoast SEO plugin v27.4 - https:\/\/yoast.com\/product\/yoast-seo-wordpress\/ -->\n<title>Personal trainer \u00e9 assassinado em Petrolina oito meses depois da morte da esposa - Blog do Farn\u00e9sio<\/title>\n<meta name=\"robots\" content=\"index, follow, max-snippet:-1, max-image-preview:large, max-video-preview:-1\" \/>\n<link rel=\"canonical\" href=\"https:\/\/blogdofarnesio.com.br\/?p=379585\" \/>\n<meta property=\"og:locale\" content=\"pt_BR\" \/>\n<meta property=\"og:type\" content=\"article\" \/>\n<meta property=\"og:title\" content=\"Personal trainer \u00e9 assassinado em Petrolina oito meses depois da morte da esposa - Blog do Farn\u00e9sio\" \/>\n<meta property=\"og:description\" content=\"O personal trainer Giovanny Diniz Carvalho, de 36 anos, foi assassinado a tiros na noite da segunda-feira (21), no bairro Vila Moc\u00f3, em Petrolina, no Sert\u00e3o de Pernambuco. O crime foi cometido na frente da casa da v\u00edtima, por um homem encapuzado, que abordou atirou v\u00e1rias vezes. Em nota, a Pol\u00edcia Civil disse que &#8220;o corpo foi encaminhado para o IML e um inqu\u00e9rito policial foi instaurado para apurar as circunst\u00e2ncias do crime e identificar a autoria&#8221;. Esposa morre eletrocutada Giovanny era vi\u00favo da tamb\u00e9m personal trainer Aila Pimenta, de 32 anos.\u00a0Aila faleceu no dia 22 fevereiro, ap\u00f3s tomar um choque el\u00e9trico, na casa do casal,\u00a0no bairro Padre C\u00edcero, quando foi tirar as roupas do varal, que estava preso no&hellip;\" \/>\n<meta property=\"og:url\" content=\"https:\/\/blogdofarnesio.com.br\/?p=379585\" \/>\n<meta property=\"og:site_name\" content=\"Blog do Farn\u00e9sio\" \/>\n<meta property=\"article:publisher\" content=\"https:\/\/www.facebook.com\/BlogQuerSaberPolitica\/\" \/>\n<meta property=\"article:author\" content=\"https:\/\/www.facebook.com\/?ref=tn_tnmn\" \/>\n<meta property=\"article:published_time\" content=\"2024-10-22T11:33:46+00:00\" \/>\n<meta property=\"og:image\" content=\"https:\/\/blogdofarnesio.com.br\/wp-content\/uploads\/2024\/10\/blogqsppersonal-giovanny-diniz.png\" \/>\n\t<meta property=\"og:image:width\" content=\"629\" \/>\n\t<meta property=\"og:image:height\" content=\"361\" \/>\n\t<meta property=\"og:image:type\" content=\"image\/png\" \/>\n<meta name=\"author\" content=\"Farn\u00e9sio\" \/>\n<meta name=\"twitter:card\" content=\"summary_large_image\" \/>\n<meta name=\"twitter:label1\" content=\"Escrito por\" \/>\n\t<meta name=\"twitter:data1\" content=\"Farn\u00e9sio\" \/>\n\t<meta name=\"twitter:label2\" content=\"Est. tempo de leitura\" \/>\n\t<meta name=\"twitter:data2\" content=\"1 minuto\" \/>\n<script type=\"application\/ld+json\" class=\"yoast-schema-graph\">{\"@context\":\"https:\\\/\\\/schema.org\",\"@graph\":[{\"@type\":\"Article\",\"@id\":\"https:\\\/\\\/blogdofarnesio.com.br\\\/?p=379585#article\",\"isPartOf\":{\"@id\":\"https:\\\/\\\/blogdofarnesio.com.br\\\/?p=379585\"},\"author\":{\"name\":\"Farn\u00e9sio\",\"@id\":\"https:\\\/\\\/blogdofarnesio.com.br\\\/#\\\/schema\\\/person\\\/bb9b23ae3ad0609ce8df7b6c9e76824d\"},\"headline\":\"Personal trainer \u00e9 assassinado em Petrolina oito meses depois da morte da esposa\",\"datePublished\":\"2024-10-22T11:33:46+00:00\",\"mainEntityOfPage\":{\"@id\":\"https:\\\/\\\/blogdofarnesio.com.br\\\/?p=379585\"},\"wordCount\":275,\"commentCount\":0,\"publisher\":{\"@id\":\"https:\\\/\\\/blogdofarnesio.com.br\\\/#organization\"},\"image\":{\"@id\":\"https:\\\/\\\/blogdofarnesio.com.br\\\/?p=379585#primaryimage\"},\"thumbnailUrl\":\"https:\\\/\\\/blogdofarnesio.com.br\\\/wp-content\\\/uploads\\\/2024\\\/10\\\/blogqsppersonal-giovanny-diniz.png\",\"articleSection\":[\"Pol\u00edcia\"],\"inLanguage\":\"pt-BR\",\"potentialAction\":[{\"@type\":\"CommentAction\",\"name\":\"Comment\",\"target\":[\"https:\\\/\\\/blogdofarnesio.com.br\\\/?p=379585#respond\"]}]},{\"@type\":\"WebPage\",\"@id\":\"https:\\\/\\\/blogdofarnesio.com.br\\\/?p=379585\",\"url\":\"https:\\\/\\\/blogdofarnesio.com.br\\\/?p=379585\",\"name\":\"Personal trainer \u00e9 assassinado em Petrolina oito meses depois da morte da esposa - Blog do Farn\u00e9sio\",\"isPartOf\":{\"@id\":\"https:\\\/\\\/blogdofarnesio.com.br\\\/#website\"},\"primaryImageOfPage\":{\"@id\":\"https:\\\/\\\/blogdofarnesio.com.br\\\/?p=379585#primaryimage\"},\"image\":{\"@id\":\"https:\\\/\\\/blogdofarnesio.com.br\\\/?p=379585#primaryimage\"},\"thumbnailUrl\":\"https:\\\/\\\/blogdofarnesio.com.br\\\/wp-content\\\/uploads\\\/2024\\\/10\\\/blogqsppersonal-giovanny-diniz.png\",\"datePublished\":\"2024-10-22T11:33:46+00:00\",\"breadcrumb\":{\"@id\":\"https:\\\/\\\/blogdofarnesio.com.br\\\/?p=379585#breadcrumb\"},\"inLanguage\":\"pt-BR\",\"potentialAction\":[{\"@type\":\"ReadAction\",\"target\":[\"https:\\\/\\\/blogdofarnesio.com.br\\\/?p=379585\"]}]},{\"@type\":\"ImageObject\",\"inLanguage\":\"pt-BR\",\"@id\":\"https:\\\/\\\/blogdofarnesio.com.br\\\/?p=379585#primaryimage\",\"url\":\"https:\\\/\\\/blogdofarnesio.com.br\\\/wp-content\\\/uploads\\\/2024\\\/10\\\/blogqsppersonal-giovanny-diniz.png\",\"contentUrl\":\"https:\\\/\\\/blogdofarnesio.com.br\\\/wp-content\\\/uploads\\\/2024\\\/10\\\/blogqsppersonal-giovanny-diniz.png\",\"width\":629,\"height\":361},{\"@type\":\"BreadcrumbList\",\"@id\":\"https:\\\/\\\/blogdofarnesio.com.br\\\/?p=379585#breadcrumb\",\"itemListElement\":[{\"@type\":\"ListItem\",\"position\":1,\"name\":\"In\u00edcio\",\"item\":\"https:\\\/\\\/blogdofarnesio.com.br\\\/\"},{\"@type\":\"ListItem\",\"position\":2,\"name\":\"Personal trainer \u00e9 assassinado em Petrolina oito meses depois da morte da esposa\"}]},{\"@type\":\"WebSite\",\"@id\":\"https:\\\/\\\/blogdofarnesio.com.br\\\/#website\",\"url\":\"https:\\\/\\\/blogdofarnesio.com.br\\\/\",\"name\":\"Blog do Farn\u00e9sio\",\"description\":\"Quer Saber Pol\u00edtica?\",\"publisher\":{\"@id\":\"https:\\\/\\\/blogdofarnesio.com.br\\\/#organization\"},\"potentialAction\":[{\"@type\":\"SearchAction\",\"target\":{\"@type\":\"EntryPoint\",\"urlTemplate\":\"https:\\\/\\\/blogdofarnesio.com.br\\\/?s={search_term_string}\"},\"query-input\":{\"@type\":\"PropertyValueSpecification\",\"valueRequired\":true,\"valueName\":\"search_term_string\"}}],\"inLanguage\":\"pt-BR\"},{\"@type\":\"Organization\",\"@id\":\"https:\\\/\\\/blogdofarnesio.com.br\\\/#organization\",\"name\":\"Blog do Farn\u00e9sio\",\"url\":\"https:\\\/\\\/blogdofarnesio.com.br\\\/\",\"logo\":{\"@type\":\"ImageObject\",\"inLanguage\":\"pt-BR\",\"@id\":\"https:\\\/\\\/blogdofarnesio.com.br\\\/#\\\/schema\\\/logo\\\/image\\\/\",\"url\":\"https:\\\/\\\/blogdofarnesio.com.br\\\/wp-content\\\/uploads\\\/2026\\\/03\\\/cropped-logo_new-1.png\",\"contentUrl\":\"https:\\\/\\\/blogdofarnesio.com.br\\\/wp-content\\\/uploads\\\/2026\\\/03\\\/cropped-logo_new-1.png\",\"width\":881,\"height\":685,\"caption\":\"Blog do Farn\u00e9sio\"},\"image\":{\"@id\":\"https:\\\/\\\/blogdofarnesio.com.br\\\/#\\\/schema\\\/logo\\\/image\\\/\"},\"sameAs\":[\"https:\\\/\\\/www.facebook.com\\\/BlogQuerSaberPolitica\\\/\"]},{\"@type\":\"Person\",\"@id\":\"https:\\\/\\\/blogdofarnesio.com.br\\\/#\\\/schema\\\/person\\\/bb9b23ae3ad0609ce8df7b6c9e76824d\",\"name\":\"Farn\u00e9sio\",\"image\":{\"@type\":\"ImageObject\",\"inLanguage\":\"pt-BR\",\"@id\":\"https:\\\/\\\/secure.gravatar.com\\\/avatar\\\/986aa4c61ccdb66f8555bf88fc2a65609d00bcabd4d2d94377a727547345cbca?s=96&d=mm&r=g\",\"url\":\"https:\\\/\\\/secure.gravatar.com\\\/avatar\\\/986aa4c61ccdb66f8555bf88fc2a65609d00bcabd4d2d94377a727547345cbca?s=96&d=mm&r=g\",\"contentUrl\":\"https:\\\/\\\/secure.gravatar.com\\\/avatar\\\/986aa4c61ccdb66f8555bf88fc2a65609d00bcabd4d2d94377a727547345cbca?s=96&d=mm&r=g\",\"caption\":\"Farn\u00e9sio\"},\"description\":\"Radialista blogueiro, chegou a Petrolina\\\/Juazeiro em setembro de 1980, Farn\u00e9sio Silva \u00e9 de Arapiraca-Alagoas.\",\"sameAs\":[\"http:\\\/\\\/blogdofarnesio.com.br\",\"https:\\\/\\\/www.facebook.com\\\/?ref=tn_tnmn\",\"https:\\\/\\\/www.instagram.com\\\/?utm_source=pwa_homescreen\",\"https:\\\/\\\/youtube.com.br\\\/\"],\"url\":\"https:\\\/\\\/blogdofarnesio.com.br\\\/?author=2\"}]}<\/script>\n<!-- \/ Yoast SEO plugin. -->","yoast_head_json":{"title":"Personal trainer \u00e9 assassinado em Petrolina oito meses depois da morte da esposa - Blog do Farn\u00e9sio","robots":{"index":"index","follow":"follow","max-snippet":"max-snippet:-1","max-image-preview":"max-image-preview:large","max-video-preview":"max-video-preview:-1"},"canonical":"https:\/\/blogdofarnesio.com.br\/?p=379585","og_locale":"pt_BR","og_type":"article","og_title":"Personal trainer \u00e9 assassinado em Petrolina oito meses depois da morte da esposa - Blog do Farn\u00e9sio","og_description":"O personal trainer Giovanny Diniz Carvalho, de 36 anos, foi assassinado a tiros na noite da segunda-feira (21), no bairro Vila Moc\u00f3, em Petrolina, no Sert\u00e3o de Pernambuco. O crime foi cometido na frente da casa da v\u00edtima, por um homem encapuzado, que abordou atirou v\u00e1rias vezes. Em nota, a Pol\u00edcia Civil disse que &#8220;o corpo foi encaminhado para o IML e um inqu\u00e9rito policial foi instaurado para apurar as circunst\u00e2ncias do crime e identificar a autoria&#8221;. Esposa morre eletrocutada Giovanny era vi\u00favo da tamb\u00e9m personal trainer Aila Pimenta, de 32 anos.\u00a0Aila faleceu no dia 22 fevereiro, ap\u00f3s tomar um choque el\u00e9trico, na casa do casal,\u00a0no bairro Padre C\u00edcero, quando foi tirar as roupas do varal, que estava preso no&hellip;","og_url":"https:\/\/blogdofarnesio.com.br\/?p=379585","og_site_name":"Blog do Farn\u00e9sio","article_publisher":"https:\/\/www.facebook.com\/BlogQuerSaberPolitica\/","article_author":"https:\/\/www.facebook.com\/?ref=tn_tnmn","article_published_time":"2024-10-22T11:33:46+00:00","og_image":[{"width":629,"height":361,"url":"https:\/\/blogdofarnesio.com.br\/wp-content\/uploads\/2024\/10\/blogqsppersonal-giovanny-diniz.png","type":"image\/png"}],"author":"Farn\u00e9sio","twitter_card":"summary_large_image","twitter_misc":{"Escrito por":"Farn\u00e9sio","Est. tempo de leitura":"1 minuto"},"schema":{"@context":"https:\/\/schema.org","@graph":[{"@type":"Article","@id":"https:\/\/blogdofarnesio.com.br\/?p=379585#article","isPartOf":{"@id":"https:\/\/blogdofarnesio.com.br\/?p=379585"},"author":{"name":"Farn\u00e9sio","@id":"https:\/\/blogdofarnesio.com.br\/#\/schema\/person\/bb9b23ae3ad0609ce8df7b6c9e76824d"},"headline":"Personal trainer \u00e9 assassinado em Petrolina oito meses depois da morte da esposa","datePublished":"2024-10-22T11:33:46+00:00","mainEntityOfPage":{"@id":"https:\/\/blogdofarnesio.com.br\/?p=379585"},"wordCount":275,"commentCount":0,"publisher":{"@id":"https:\/\/blogdofarnesio.com.br\/#organization"},"image":{"@id":"https:\/\/blogdofarnesio.com.br\/?p=379585#primaryimage"},"thumbnailUrl":"https:\/\/blogdofarnesio.com.br\/wp-content\/uploads\/2024\/10\/blogqsppersonal-giovanny-diniz.png","articleSection":["Pol\u00edcia"],"inLanguage":"pt-BR","potentialAction":[{"@type":"CommentAction","name":"Comment","target":["https:\/\/blogdofarnesio.com.br\/?p=379585#respond"]}]},{"@type":"WebPage","@id":"https:\/\/blogdofarnesio.com.br\/?p=379585","url":"https:\/\/blogdofarnesio.com.br\/?p=379585","name":"Personal trainer \u00e9 assassinado em Petrolina oito meses depois da morte da esposa - Blog do Farn\u00e9sio","isPartOf":{"@id":"https:\/\/blogdofarnesio.com.br\/#website"},"primaryImageOfPage":{"@id":"https:\/\/blogdofarnesio.com.br\/?p=379585#primaryimage"},"image":{"@id":"https:\/\/blogdofarnesio.com.br\/?p=379585#primaryimage"},"thumbnailUrl":"https:\/\/blogdofarnesio.com.br\/wp-content\/uploads\/2024\/10\/blogqsppersonal-giovanny-diniz.png","datePublished":"2024-10-22T11:33:46+00:00","breadcrumb":{"@id":"https:\/\/blogdofarnesio.com.br\/?p=379585#breadcrumb"},"inLanguage":"pt-BR","potentialAction":[{"@type":"ReadAction","target":["https:\/\/blogdofarnesio.com.br\/?p=379585"]}]},{"@type":"ImageObject","inLanguage":"pt-BR","@id":"https:\/\/blogdofarnesio.com.br\/?p=379585#primaryimage","url":"https:\/\/blogdofarnesio.com.br\/wp-content\/uploads\/2024\/10\/blogqsppersonal-giovanny-diniz.png","contentUrl":"https:\/\/blogdofarnesio.com.br\/wp-content\/uploads\/2024\/10\/blogqsppersonal-giovanny-diniz.png","width":629,"height":361},{"@type":"BreadcrumbList","@id":"https:\/\/blogdofarnesio.com.br\/?p=379585#breadcrumb","itemListElement":[{"@type":"ListItem","position":1,"name":"In\u00edcio","item":"https:\/\/blogdofarnesio.com.br\/"},{"@type":"ListItem","position":2,"name":"Personal trainer \u00e9 assassinado em Petrolina oito meses depois da morte da esposa"}]},{"@type":"WebSite","@id":"https:\/\/blogdofarnesio.com.br\/#website","url":"https:\/\/blogdofarnesio.com.br\/","name":"Blog do Farn\u00e9sio","description":"Quer Saber Pol\u00edtica?","publisher":{"@id":"https:\/\/blogdofarnesio.com.br\/#organization"},"potentialAction":[{"@type":"SearchAction","target":{"@type":"EntryPoint","urlTemplate":"https:\/\/blogdofarnesio.com.br\/?s={search_term_string}"},"query-input":{"@type":"PropertyValueSpecification","valueRequired":true,"valueName":"search_term_string"}}],"inLanguage":"pt-BR"},{"@type":"Organization","@id":"https:\/\/blogdofarnesio.com.br\/#organization","name":"Blog do Farn\u00e9sio","url":"https:\/\/blogdofarnesio.com.br\/","logo":{"@type":"ImageObject","inLanguage":"pt-BR","@id":"https:\/\/blogdofarnesio.com.br\/#\/schema\/logo\/image\/","url":"https:\/\/blogdofarnesio.com.br\/wp-content\/uploads\/2026\/03\/cropped-logo_new-1.png","contentUrl":"https:\/\/blogdofarnesio.com.br\/wp-content\/uploads\/2026\/03\/cropped-logo_new-1.png","width":881,"height":685,"caption":"Blog do Farn\u00e9sio"},"image":{"@id":"https:\/\/blogdofarnesio.com.br\/#\/schema\/logo\/image\/"},"sameAs":["https:\/\/www.facebook.com\/BlogQuerSaberPolitica\/"]},{"@type":"Person","@id":"https:\/\/blogdofarnesio.com.br\/#\/schema\/person\/bb9b23ae3ad0609ce8df7b6c9e76824d","name":"Farn\u00e9sio","image":{"@type":"ImageObject","inLanguage":"pt-BR","@id":"https:\/\/secure.gravatar.com\/avatar\/986aa4c61ccdb66f8555bf88fc2a65609d00bcabd4d2d94377a727547345cbca?s=96&d=mm&r=g","url":"https:\/\/secure.gravatar.com\/avatar\/986aa4c61ccdb66f8555bf88fc2a65609d00bcabd4d2d94377a727547345cbca?s=96&d=mm&r=g","contentUrl":"https:\/\/secure.gravatar.com\/avatar\/986aa4c61ccdb66f8555bf88fc2a65609d00bcabd4d2d94377a727547345cbca?s=96&d=mm&r=g","caption":"Farn\u00e9sio"},"description":"Radialista blogueiro, chegou a Petrolina\/Juazeiro em setembro de 1980, Farn\u00e9sio Silva \u00e9 de Arapiraca-Alagoas.","sameAs":["http:\/\/blogdofarnesio.com.br","https:\/\/www.facebook.com\/?ref=tn_tnmn","https:\/\/www.instagram.com\/?utm_source=pwa_homescreen","https:\/\/youtube.com.br\/"],"url":"https:\/\/blogdofarnesio.com.br\/?author=2"}]}},"_links":{"self":[{"href":"https:\/\/blogdofarnesio.com.br\/index.php?rest_route=\/wp\/v2\/posts\/379585","targetHints":{"allow":["GET"]}}],"collection":[{"href":"https:\/\/blogdofarnesio.com.br\/index.php?rest_route=\/wp\/v2\/posts"}],"about":[{"href":"https:\/\/blogdofarnesio.com.br\/index.php?rest_route=\/wp\/v2\/types\/post"}],"author":[{"embeddable":true,"href":"https:\/\/blogdofarnesio.com.br\/index.php?rest_route=\/wp\/v2\/users\/2"}],"replies":[{"embeddable":true,"href":"https:\/\/blogdofarnesio.com.br\/index.php?rest_route=%2Fwp%2Fv2%2Fcomments&post=379585"}],"version-history":[{"count":0,"href":"https:\/\/blogdofarnesio.com.br\/index.php?rest_route=\/wp\/v2\/posts\/379585\/revisions"}],"wp:featuredmedia":[{"embeddable":true,"href":"https:\/\/blogdofarnesio.com.br\/index.php?rest_route=\/wp\/v2\/media\/379586"}],"wp:attachment":[{"href":"https:\/\/blogdofarnesio.com.br\/index.php?rest_route=%2Fwp%2Fv2%2Fmedia&parent=379585"}],"wp:term":[{"taxonomy":"category","embeddable":true,"href":"https:\/\/blogdofarnesio.com.br\/index.php?rest_route=%2Fwp%2Fv2%2Fcategories&post=379585"},{"taxonomy":"post_tag","embeddable":true,"href":"https:\/\/blogdofarnesio.com.br\/index.php?rest_route=%2Fwp%2Fv2%2Ftags&post=379585"}],"curies":[{"name":"wp","href":"https:\/\/api.w.org\/{rel}","templated":true}]}}