{"id":379529,"date":"2024-10-21T17:35:53","date_gmt":"2024-10-21T20:35:53","guid":{"rendered":"https:\/\/blogdofarnesio.com.br\/?p=379529"},"modified":"2024-10-21T15:47:30","modified_gmt":"2024-10-21T18:47:30","slug":"apa-petrolina-e-bicampea-do-campeonato-brasileiro-de-atletismo-paralimpico-sub-20","status":"publish","type":"post","link":"https:\/\/blogdofarnesio.com.br\/?p=379529","title":{"rendered":"APA Petrolina \u00e9 bicampe\u00e3 do Campeonato Brasileiro de Atletismo Paral\u00edmpico Sub-20"},"content":{"rendered":"<p>A Associa\u00e7\u00e3o Petrolinense de Atletismo (APA) conquistou, neste domingo (20), o bicampeonato do Brasileiro Paral\u00edmpico de Atletismo Sub-20, realizado no Centro de Treinamento Paral\u00edmpico Brasileiro, em S\u00e3o Paulo. Ap\u00f3s dois dias de disputa, a equipe pernambucana ficou com o trof\u00e9u de campe\u00e3 geral ao somar 1.039 pontos.<\/p>\n<p>Defendendo o t\u00edtulo conquistado em 2023, a APA teve um desempenho s\u00f3lido em todas as provas de pista e campo, ganhando um total de 17 medalhas, sendo sete de ouro, seis de prata e quatro de bronze.<\/p>\n<p>&#8220;O bicampeonato \u00e9 fruto do esfor\u00e7o e dedica\u00e7\u00e3o de todos, dos atletas ao staff t\u00e9cnico. Cada um deu o seu melhor, e isso se reflete na conquista das medalhas e no t\u00edtulo geral. Agora, \u00e9 manter esse ritmo, sempre em busca de mais crescimento\u201d, afirmou o t\u00e9cnico e coordenador da delega\u00e7\u00e3o, Givanildo Marcos.<\/p>\n<p>Al\u00e9m do t\u00edtulo geral por equipes, a APA foi a melhor equipe na categoria masculina, 3\u00aa melhor equipe feminina e ainda conquistou tr\u00eas recordes brasileiros.<\/p>\n<p>&#8220;Esses resultados s\u00e3o a prova do potencial dos nossos atletas e do trabalho dedicado da diretoria e treinadores. A APA se consolidou como uma for\u00e7a no cen\u00e1rio paral\u00edmpico, e isso nos motiva a seguir firmes, levando o nome de nossa cidade e de Pernambuco cada vez mais longe\u201d, destacou Givanildo.<\/p>\n<p>Organizado pelo Comit\u00ea Paral\u00edmpico Brasileiro (CPB), o Campeonato Brasileiro de Atletismo Paral\u00edmpico Sub-20 contou com a participa\u00e7\u00e3o de clubes de todo o pa\u00eds, reunindo mais de 190 atletas. Esta foi a 3\u00aa edi\u00e7\u00e3o da competi\u00e7\u00e3o.<\/p>\n","protected":false},"excerpt":{"rendered":"<p>A Associa\u00e7\u00e3o Petrolinense de Atletismo (APA) conquistou, neste domingo (20), o bicampeonato do Brasileiro Paral\u00edmpico de Atletismo Sub-20, realizado no Centro de Treinamento Paral\u00edmpico Brasileiro, em S\u00e3o Paulo. Ap\u00f3s dois dias de disputa, a equipe pernambucana ficou com o trof\u00e9u de campe\u00e3 geral ao somar 1.039 pontos. Defendendo o t\u00edtulo conquistado em 2023, a APA teve um desempenho s\u00f3lido em todas as provas de pista e campo, ganhando um total de 17 medalhas, sendo sete de ouro, seis de prata e quatro de bronze. &#8220;O bicampeonato \u00e9 fruto do esfor\u00e7o e dedica\u00e7\u00e3o de todos, dos atletas ao staff t\u00e9cnico. Cada um deu o seu melhor, e isso se reflete na conquista das medalhas e no t\u00edtulo geral. Agora, \u00e9 manter&hellip; <\/p>\n","protected":false},"author":2,"featured_media":379527,"comment_status":"open","ping_status":"open","sticky":false,"template":"","format":"standard","meta":{"_acf_changed":false,"footnotes":""},"categories":[43],"tags":[],"class_list":["post-379529","post","type-post","status-publish","format-standard","has-post-thumbnail","hentry","category-sem-categoria"],"acf":[],"yoast_head":"<!-- This site is optimized with the Yoast SEO plugin v27.4 - https:\/\/yoast.com\/product\/yoast-seo-wordpress\/ -->\n<title>APA Petrolina \u00e9 bicampe\u00e3 do Campeonato Brasileiro de Atletismo Paral\u00edmpico Sub-20 - Blog do Farn\u00e9sio<\/title>\n<meta name=\"robots\" content=\"index, follow, max-snippet:-1, max-image-preview:large, max-video-preview:-1\" \/>\n<link rel=\"canonical\" href=\"https:\/\/blogdofarnesio.com.br\/?p=379529\" \/>\n<meta property=\"og:locale\" content=\"pt_BR\" \/>\n<meta property=\"og:type\" content=\"article\" \/>\n<meta property=\"og:title\" content=\"APA Petrolina \u00e9 bicampe\u00e3 do Campeonato Brasileiro de Atletismo Paral\u00edmpico Sub-20 - Blog do Farn\u00e9sio\" \/>\n<meta property=\"og:description\" content=\"A Associa\u00e7\u00e3o Petrolinense de Atletismo (APA) conquistou, neste domingo (20), o bicampeonato do Brasileiro Paral\u00edmpico de Atletismo Sub-20, realizado no Centro de Treinamento Paral\u00edmpico Brasileiro, em S\u00e3o Paulo. Ap\u00f3s dois dias de disputa, a equipe pernambucana ficou com o trof\u00e9u de campe\u00e3 geral ao somar 1.039 pontos. Defendendo o t\u00edtulo conquistado em 2023, a APA teve um desempenho s\u00f3lido em todas as provas de pista e campo, ganhando um total de 17 medalhas, sendo sete de ouro, seis de prata e quatro de bronze. &#8220;O bicampeonato \u00e9 fruto do esfor\u00e7o e dedica\u00e7\u00e3o de todos, dos atletas ao staff t\u00e9cnico. Cada um deu o seu melhor, e isso se reflete na conquista das medalhas e no t\u00edtulo geral. Agora, \u00e9 manter&hellip;\" \/>\n<meta property=\"og:url\" content=\"https:\/\/blogdofarnesio.com.br\/?p=379529\" \/>\n<meta property=\"og:site_name\" content=\"Blog do Farn\u00e9sio\" \/>\n<meta property=\"article:publisher\" content=\"https:\/\/www.facebook.com\/BlogQuerSaberPolitica\/\" \/>\n<meta property=\"article:author\" content=\"https:\/\/www.facebook.com\/?ref=tn_tnmn\" \/>\n<meta property=\"article:published_time\" content=\"2024-10-21T20:35:53+00:00\" \/>\n<meta property=\"og:image\" content=\"https:\/\/blogdofarnesio.com.br\/wp-content\/uploads\/2024\/10\/APA-campea-Sub-20-e1729536248738.jpg\" \/>\n\t<meta property=\"og:image:width\" content=\"500\" \/>\n\t<meta property=\"og:image:height\" content=\"294\" \/>\n\t<meta property=\"og:image:type\" content=\"image\/jpeg\" \/>\n<meta name=\"author\" content=\"Farn\u00e9sio\" \/>\n<meta name=\"twitter:card\" content=\"summary_large_image\" \/>\n<meta name=\"twitter:label1\" content=\"Escrito por\" \/>\n\t<meta name=\"twitter:data1\" content=\"Farn\u00e9sio\" \/>\n\t<meta name=\"twitter:label2\" content=\"Est. tempo de leitura\" \/>\n\t<meta name=\"twitter:data2\" content=\"1 minuto\" \/>\n<script type=\"application\/ld+json\" class=\"yoast-schema-graph\">{\"@context\":\"https:\\\/\\\/schema.org\",\"@graph\":[{\"@type\":\"Article\",\"@id\":\"https:\\\/\\\/blogdofarnesio.com.br\\\/?p=379529#article\",\"isPartOf\":{\"@id\":\"https:\\\/\\\/blogdofarnesio.com.br\\\/?p=379529\"},\"author\":{\"name\":\"Farn\u00e9sio\",\"@id\":\"https:\\\/\\\/blogdofarnesio.com.br\\\/#\\\/schema\\\/person\\\/bb9b23ae3ad0609ce8df7b6c9e76824d\"},\"headline\":\"APA Petrolina \u00e9 bicampe\u00e3 do Campeonato Brasileiro de Atletismo Paral\u00edmpico Sub-20\",\"datePublished\":\"2024-10-21T20:35:53+00:00\",\"mainEntityOfPage\":{\"@id\":\"https:\\\/\\\/blogdofarnesio.com.br\\\/?p=379529\"},\"wordCount\":276,\"commentCount\":0,\"publisher\":{\"@id\":\"https:\\\/\\\/blogdofarnesio.com.br\\\/#organization\"},\"image\":{\"@id\":\"https:\\\/\\\/blogdofarnesio.com.br\\\/?p=379529#primaryimage\"},\"thumbnailUrl\":\"https:\\\/\\\/blogdofarnesio.com.br\\\/wp-content\\\/uploads\\\/2024\\\/10\\\/APA-campea-Sub-20-e1729536248738.jpg\",\"inLanguage\":\"pt-BR\",\"potentialAction\":[{\"@type\":\"CommentAction\",\"name\":\"Comment\",\"target\":[\"https:\\\/\\\/blogdofarnesio.com.br\\\/?p=379529#respond\"]}]},{\"@type\":\"WebPage\",\"@id\":\"https:\\\/\\\/blogdofarnesio.com.br\\\/?p=379529\",\"url\":\"https:\\\/\\\/blogdofarnesio.com.br\\\/?p=379529\",\"name\":\"APA Petrolina \u00e9 bicampe\u00e3 do Campeonato Brasileiro de Atletismo Paral\u00edmpico Sub-20 - Blog do Farn\u00e9sio\",\"isPartOf\":{\"@id\":\"https:\\\/\\\/blogdofarnesio.com.br\\\/#website\"},\"primaryImageOfPage\":{\"@id\":\"https:\\\/\\\/blogdofarnesio.com.br\\\/?p=379529#primaryimage\"},\"image\":{\"@id\":\"https:\\\/\\\/blogdofarnesio.com.br\\\/?p=379529#primaryimage\"},\"thumbnailUrl\":\"https:\\\/\\\/blogdofarnesio.com.br\\\/wp-content\\\/uploads\\\/2024\\\/10\\\/APA-campea-Sub-20-e1729536248738.jpg\",\"datePublished\":\"2024-10-21T20:35:53+00:00\",\"breadcrumb\":{\"@id\":\"https:\\\/\\\/blogdofarnesio.com.br\\\/?p=379529#breadcrumb\"},\"inLanguage\":\"pt-BR\",\"potentialAction\":[{\"@type\":\"ReadAction\",\"target\":[\"https:\\\/\\\/blogdofarnesio.com.br\\\/?p=379529\"]}]},{\"@type\":\"ImageObject\",\"inLanguage\":\"pt-BR\",\"@id\":\"https:\\\/\\\/blogdofarnesio.com.br\\\/?p=379529#primaryimage\",\"url\":\"https:\\\/\\\/blogdofarnesio.com.br\\\/wp-content\\\/uploads\\\/2024\\\/10\\\/APA-campea-Sub-20-e1729536248738.jpg\",\"contentUrl\":\"https:\\\/\\\/blogdofarnesio.com.br\\\/wp-content\\\/uploads\\\/2024\\\/10\\\/APA-campea-Sub-20-e1729536248738.jpg\",\"width\":500,\"height\":294},{\"@type\":\"BreadcrumbList\",\"@id\":\"https:\\\/\\\/blogdofarnesio.com.br\\\/?p=379529#breadcrumb\",\"itemListElement\":[{\"@type\":\"ListItem\",\"position\":1,\"name\":\"In\u00edcio\",\"item\":\"https:\\\/\\\/blogdofarnesio.com.br\\\/\"},{\"@type\":\"ListItem\",\"position\":2,\"name\":\"APA Petrolina \u00e9 bicampe\u00e3 do Campeonato Brasileiro de Atletismo Paral\u00edmpico Sub-20\"}]},{\"@type\":\"WebSite\",\"@id\":\"https:\\\/\\\/blogdofarnesio.com.br\\\/#website\",\"url\":\"https:\\\/\\\/blogdofarnesio.com.br\\\/\",\"name\":\"Blog do Farn\u00e9sio\",\"description\":\"Quer Saber Pol\u00edtica?\",\"publisher\":{\"@id\":\"https:\\\/\\\/blogdofarnesio.com.br\\\/#organization\"},\"potentialAction\":[{\"@type\":\"SearchAction\",\"target\":{\"@type\":\"EntryPoint\",\"urlTemplate\":\"https:\\\/\\\/blogdofarnesio.com.br\\\/?s={search_term_string}\"},\"query-input\":{\"@type\":\"PropertyValueSpecification\",\"valueRequired\":true,\"valueName\":\"search_term_string\"}}],\"inLanguage\":\"pt-BR\"},{\"@type\":\"Organization\",\"@id\":\"https:\\\/\\\/blogdofarnesio.com.br\\\/#organization\",\"name\":\"Blog do Farn\u00e9sio\",\"url\":\"https:\\\/\\\/blogdofarnesio.com.br\\\/\",\"logo\":{\"@type\":\"ImageObject\",\"inLanguage\":\"pt-BR\",\"@id\":\"https:\\\/\\\/blogdofarnesio.com.br\\\/#\\\/schema\\\/logo\\\/image\\\/\",\"url\":\"https:\\\/\\\/blogdofarnesio.com.br\\\/wp-content\\\/uploads\\\/2026\\\/03\\\/cropped-logo_new-1.png\",\"contentUrl\":\"https:\\\/\\\/blogdofarnesio.com.br\\\/wp-content\\\/uploads\\\/2026\\\/03\\\/cropped-logo_new-1.png\",\"width\":881,\"height\":685,\"caption\":\"Blog do Farn\u00e9sio\"},\"image\":{\"@id\":\"https:\\\/\\\/blogdofarnesio.com.br\\\/#\\\/schema\\\/logo\\\/image\\\/\"},\"sameAs\":[\"https:\\\/\\\/www.facebook.com\\\/BlogQuerSaberPolitica\\\/\"]},{\"@type\":\"Person\",\"@id\":\"https:\\\/\\\/blogdofarnesio.com.br\\\/#\\\/schema\\\/person\\\/bb9b23ae3ad0609ce8df7b6c9e76824d\",\"name\":\"Farn\u00e9sio\",\"image\":{\"@type\":\"ImageObject\",\"inLanguage\":\"pt-BR\",\"@id\":\"https:\\\/\\\/secure.gravatar.com\\\/avatar\\\/986aa4c61ccdb66f8555bf88fc2a65609d00bcabd4d2d94377a727547345cbca?s=96&d=mm&r=g\",\"url\":\"https:\\\/\\\/secure.gravatar.com\\\/avatar\\\/986aa4c61ccdb66f8555bf88fc2a65609d00bcabd4d2d94377a727547345cbca?s=96&d=mm&r=g\",\"contentUrl\":\"https:\\\/\\\/secure.gravatar.com\\\/avatar\\\/986aa4c61ccdb66f8555bf88fc2a65609d00bcabd4d2d94377a727547345cbca?s=96&d=mm&r=g\",\"caption\":\"Farn\u00e9sio\"},\"description\":\"Radialista blogueiro, chegou a Petrolina\\\/Juazeiro em setembro de 1980, Farn\u00e9sio Silva \u00e9 de Arapiraca-Alagoas.\",\"sameAs\":[\"http:\\\/\\\/blogdofarnesio.com.br\",\"https:\\\/\\\/www.facebook.com\\\/?ref=tn_tnmn\",\"https:\\\/\\\/www.instagram.com\\\/?utm_source=pwa_homescreen\",\"https:\\\/\\\/youtube.com.br\\\/\"],\"url\":\"https:\\\/\\\/blogdofarnesio.com.br\\\/?author=2\"}]}<\/script>\n<!-- \/ Yoast SEO plugin. -->","yoast_head_json":{"title":"APA Petrolina \u00e9 bicampe\u00e3 do Campeonato Brasileiro de Atletismo Paral\u00edmpico Sub-20 - Blog do Farn\u00e9sio","robots":{"index":"index","follow":"follow","max-snippet":"max-snippet:-1","max-image-preview":"max-image-preview:large","max-video-preview":"max-video-preview:-1"},"canonical":"https:\/\/blogdofarnesio.com.br\/?p=379529","og_locale":"pt_BR","og_type":"article","og_title":"APA Petrolina \u00e9 bicampe\u00e3 do Campeonato Brasileiro de Atletismo Paral\u00edmpico Sub-20 - Blog do Farn\u00e9sio","og_description":"A Associa\u00e7\u00e3o Petrolinense de Atletismo (APA) conquistou, neste domingo (20), o bicampeonato do Brasileiro Paral\u00edmpico de Atletismo Sub-20, realizado no Centro de Treinamento Paral\u00edmpico Brasileiro, em S\u00e3o Paulo. Ap\u00f3s dois dias de disputa, a equipe pernambucana ficou com o trof\u00e9u de campe\u00e3 geral ao somar 1.039 pontos. Defendendo o t\u00edtulo conquistado em 2023, a APA teve um desempenho s\u00f3lido em todas as provas de pista e campo, ganhando um total de 17 medalhas, sendo sete de ouro, seis de prata e quatro de bronze. &#8220;O bicampeonato \u00e9 fruto do esfor\u00e7o e dedica\u00e7\u00e3o de todos, dos atletas ao staff t\u00e9cnico. Cada um deu o seu melhor, e isso se reflete na conquista das medalhas e no t\u00edtulo geral. Agora, \u00e9 manter&hellip;","og_url":"https:\/\/blogdofarnesio.com.br\/?p=379529","og_site_name":"Blog do Farn\u00e9sio","article_publisher":"https:\/\/www.facebook.com\/BlogQuerSaberPolitica\/","article_author":"https:\/\/www.facebook.com\/?ref=tn_tnmn","article_published_time":"2024-10-21T20:35:53+00:00","og_image":[{"width":500,"height":294,"url":"https:\/\/blogdofarnesio.com.br\/wp-content\/uploads\/2024\/10\/APA-campea-Sub-20-e1729536248738.jpg","type":"image\/jpeg"}],"author":"Farn\u00e9sio","twitter_card":"summary_large_image","twitter_misc":{"Escrito por":"Farn\u00e9sio","Est. tempo de leitura":"1 minuto"},"schema":{"@context":"https:\/\/schema.org","@graph":[{"@type":"Article","@id":"https:\/\/blogdofarnesio.com.br\/?p=379529#article","isPartOf":{"@id":"https:\/\/blogdofarnesio.com.br\/?p=379529"},"author":{"name":"Farn\u00e9sio","@id":"https:\/\/blogdofarnesio.com.br\/#\/schema\/person\/bb9b23ae3ad0609ce8df7b6c9e76824d"},"headline":"APA Petrolina \u00e9 bicampe\u00e3 do Campeonato Brasileiro de Atletismo Paral\u00edmpico Sub-20","datePublished":"2024-10-21T20:35:53+00:00","mainEntityOfPage":{"@id":"https:\/\/blogdofarnesio.com.br\/?p=379529"},"wordCount":276,"commentCount":0,"publisher":{"@id":"https:\/\/blogdofarnesio.com.br\/#organization"},"image":{"@id":"https:\/\/blogdofarnesio.com.br\/?p=379529#primaryimage"},"thumbnailUrl":"https:\/\/blogdofarnesio.com.br\/wp-content\/uploads\/2024\/10\/APA-campea-Sub-20-e1729536248738.jpg","inLanguage":"pt-BR","potentialAction":[{"@type":"CommentAction","name":"Comment","target":["https:\/\/blogdofarnesio.com.br\/?p=379529#respond"]}]},{"@type":"WebPage","@id":"https:\/\/blogdofarnesio.com.br\/?p=379529","url":"https:\/\/blogdofarnesio.com.br\/?p=379529","name":"APA Petrolina \u00e9 bicampe\u00e3 do Campeonato Brasileiro de Atletismo Paral\u00edmpico Sub-20 - Blog do Farn\u00e9sio","isPartOf":{"@id":"https:\/\/blogdofarnesio.com.br\/#website"},"primaryImageOfPage":{"@id":"https:\/\/blogdofarnesio.com.br\/?p=379529#primaryimage"},"image":{"@id":"https:\/\/blogdofarnesio.com.br\/?p=379529#primaryimage"},"thumbnailUrl":"https:\/\/blogdofarnesio.com.br\/wp-content\/uploads\/2024\/10\/APA-campea-Sub-20-e1729536248738.jpg","datePublished":"2024-10-21T20:35:53+00:00","breadcrumb":{"@id":"https:\/\/blogdofarnesio.com.br\/?p=379529#breadcrumb"},"inLanguage":"pt-BR","potentialAction":[{"@type":"ReadAction","target":["https:\/\/blogdofarnesio.com.br\/?p=379529"]}]},{"@type":"ImageObject","inLanguage":"pt-BR","@id":"https:\/\/blogdofarnesio.com.br\/?p=379529#primaryimage","url":"https:\/\/blogdofarnesio.com.br\/wp-content\/uploads\/2024\/10\/APA-campea-Sub-20-e1729536248738.jpg","contentUrl":"https:\/\/blogdofarnesio.com.br\/wp-content\/uploads\/2024\/10\/APA-campea-Sub-20-e1729536248738.jpg","width":500,"height":294},{"@type":"BreadcrumbList","@id":"https:\/\/blogdofarnesio.com.br\/?p=379529#breadcrumb","itemListElement":[{"@type":"ListItem","position":1,"name":"In\u00edcio","item":"https:\/\/blogdofarnesio.com.br\/"},{"@type":"ListItem","position":2,"name":"APA Petrolina \u00e9 bicampe\u00e3 do Campeonato Brasileiro de Atletismo Paral\u00edmpico Sub-20"}]},{"@type":"WebSite","@id":"https:\/\/blogdofarnesio.com.br\/#website","url":"https:\/\/blogdofarnesio.com.br\/","name":"Blog do Farn\u00e9sio","description":"Quer Saber Pol\u00edtica?","publisher":{"@id":"https:\/\/blogdofarnesio.com.br\/#organization"},"potentialAction":[{"@type":"SearchAction","target":{"@type":"EntryPoint","urlTemplate":"https:\/\/blogdofarnesio.com.br\/?s={search_term_string}"},"query-input":{"@type":"PropertyValueSpecification","valueRequired":true,"valueName":"search_term_string"}}],"inLanguage":"pt-BR"},{"@type":"Organization","@id":"https:\/\/blogdofarnesio.com.br\/#organization","name":"Blog do Farn\u00e9sio","url":"https:\/\/blogdofarnesio.com.br\/","logo":{"@type":"ImageObject","inLanguage":"pt-BR","@id":"https:\/\/blogdofarnesio.com.br\/#\/schema\/logo\/image\/","url":"https:\/\/blogdofarnesio.com.br\/wp-content\/uploads\/2026\/03\/cropped-logo_new-1.png","contentUrl":"https:\/\/blogdofarnesio.com.br\/wp-content\/uploads\/2026\/03\/cropped-logo_new-1.png","width":881,"height":685,"caption":"Blog do Farn\u00e9sio"},"image":{"@id":"https:\/\/blogdofarnesio.com.br\/#\/schema\/logo\/image\/"},"sameAs":["https:\/\/www.facebook.com\/BlogQuerSaberPolitica\/"]},{"@type":"Person","@id":"https:\/\/blogdofarnesio.com.br\/#\/schema\/person\/bb9b23ae3ad0609ce8df7b6c9e76824d","name":"Farn\u00e9sio","image":{"@type":"ImageObject","inLanguage":"pt-BR","@id":"https:\/\/secure.gravatar.com\/avatar\/986aa4c61ccdb66f8555bf88fc2a65609d00bcabd4d2d94377a727547345cbca?s=96&d=mm&r=g","url":"https:\/\/secure.gravatar.com\/avatar\/986aa4c61ccdb66f8555bf88fc2a65609d00bcabd4d2d94377a727547345cbca?s=96&d=mm&r=g","contentUrl":"https:\/\/secure.gravatar.com\/avatar\/986aa4c61ccdb66f8555bf88fc2a65609d00bcabd4d2d94377a727547345cbca?s=96&d=mm&r=g","caption":"Farn\u00e9sio"},"description":"Radialista blogueiro, chegou a Petrolina\/Juazeiro em setembro de 1980, Farn\u00e9sio Silva \u00e9 de Arapiraca-Alagoas.","sameAs":["http:\/\/blogdofarnesio.com.br","https:\/\/www.facebook.com\/?ref=tn_tnmn","https:\/\/www.instagram.com\/?utm_source=pwa_homescreen","https:\/\/youtube.com.br\/"],"url":"https:\/\/blogdofarnesio.com.br\/?author=2"}]}},"_links":{"self":[{"href":"https:\/\/blogdofarnesio.com.br\/index.php?rest_route=\/wp\/v2\/posts\/379529","targetHints":{"allow":["GET"]}}],"collection":[{"href":"https:\/\/blogdofarnesio.com.br\/index.php?rest_route=\/wp\/v2\/posts"}],"about":[{"href":"https:\/\/blogdofarnesio.com.br\/index.php?rest_route=\/wp\/v2\/types\/post"}],"author":[{"embeddable":true,"href":"https:\/\/blogdofarnesio.com.br\/index.php?rest_route=\/wp\/v2\/users\/2"}],"replies":[{"embeddable":true,"href":"https:\/\/blogdofarnesio.com.br\/index.php?rest_route=%2Fwp%2Fv2%2Fcomments&post=379529"}],"version-history":[{"count":0,"href":"https:\/\/blogdofarnesio.com.br\/index.php?rest_route=\/wp\/v2\/posts\/379529\/revisions"}],"wp:featuredmedia":[{"embeddable":true,"href":"https:\/\/blogdofarnesio.com.br\/index.php?rest_route=\/wp\/v2\/media\/379527"}],"wp:attachment":[{"href":"https:\/\/blogdofarnesio.com.br\/index.php?rest_route=%2Fwp%2Fv2%2Fmedia&parent=379529"}],"wp:term":[{"taxonomy":"category","embeddable":true,"href":"https:\/\/blogdofarnesio.com.br\/index.php?rest_route=%2Fwp%2Fv2%2Fcategories&post=379529"},{"taxonomy":"post_tag","embeddable":true,"href":"https:\/\/blogdofarnesio.com.br\/index.php?rest_route=%2Fwp%2Fv2%2Ftags&post=379529"}],"curies":[{"name":"wp","href":"https:\/\/api.w.org\/{rel}","templated":true}]}}