{"id":379347,"date":"2024-10-18T17:35:17","date_gmt":"2024-10-18T20:35:17","guid":{"rendered":"https:\/\/blogdofarnesio.com.br\/?p=379347"},"modified":"2024-10-18T17:17:45","modified_gmt":"2024-10-18T20:17:45","slug":"com-foco-no-combate-ao-desmatamento-ilegal-cprh-adere-ao-programa-brasil-mais","status":"publish","type":"post","link":"https:\/\/blogdofarnesio.com.br\/?p=379347","title":{"rendered":"Com foco no combate ao desmatamento ilegal, CPRH adere ao Programa Brasil MAIS"},"content":{"rendered":"<div>\n<div><span style=\"font-family: Arial; font-size: medium;\">O Governo de Pernambuco, atrav\u00e9s da Ag\u00eancia Estadual de Meio Ambiente \u2013 CPRH,\u00a0 aderiu ao Programa Brasil M.A.I.S. \u2013 Meio Ambiente Integrado e Seguro, do Governo Federal. O programa \u00e9 disponibilizado pelo Minist\u00e9rio da Justi\u00e7a para monitoramento de crimes ambientais. O termo de ades\u00e3o foi formalizado no fim de setembro e publicado no Di\u00e1rio Oficial no \u00faltimo dia 07 de outubro. Agora, servidores das diretorias de fiscaliza\u00e7\u00e3o, monitoramento e inova\u00e7\u00e3o e licenciamento da Ag\u00eancia CPRH possuem acesso ao sistema e podem monitorar diariamente, com auxilio de imagens de sat\u00e9lite de alta resolu\u00e7\u00e3o, alertas de desmatamento, inc\u00eandios e constru\u00e7\u00f5es irregulares em Unidades de Conserva\u00e7\u00e3o.\u00a0<\/span><\/div>\n<div><span style=\"font-family: Arial; font-size: medium;\">\u00a0<\/span><\/div>\n<div><span style=\"font-family: Arial; font-size: medium;\">\u201cA formaliza\u00e7\u00e3o da ades\u00e3o a esse programa mostra o compromisso que o Governo de Pernambuco, a Semas e a CPRH tem em buscar reduzir cada vez mais os crimes ambientais no nosso estado. Essa \u00e9 mais uma ferramenta que trazemos para os nossos fiscais e t\u00e9cnicos possam desenvolver suas atividades da melhor forma. Isso vai nos dar mais agilidade para verificar os pontos de desmatamento e, se for o caso, enviarmos uma equipe de imediado.\u201d, explicou Jos\u00e9 de Anchieta, diretor-presidente da Ag\u00eancia CPRH.\u00a0<\/span><\/div>\n<div><span style=\"font-family: Arial; font-size: medium;\">\u00a0<\/span><\/div>\n<div><span style=\"font-family: Arial; font-size: medium;\">O Programa, que \u00e9 o maior projeto operacional de sensoriamento remoto do pa\u00eds, tem como objetivo o compartilhamento de informa\u00e7\u00f5es entre os \u00f3rg\u00e3os de fiscaliza\u00e7\u00e3o ambiental, intelig\u00eancia e pol\u00edcias. As institui\u00e7\u00f5es podem solicitar a ades\u00e3o ao programa, desde que ofere\u00e7a a contrapartida do compartilhamento das informa\u00e7\u00f5es. A ades\u00e3o \u00e9 analisada pelo Minist\u00e9rio da Justi\u00e7a e Seguran\u00e7a P\u00fablica.<\/span><\/div>\n<div><span style=\"font-family: Arial; font-size: medium;\">\u00a0<\/span><\/div>\n<div><span style=\"font-family: Arial; font-size: medium;\">\u201cA diretoria de fiscaliza\u00e7\u00e3o j\u00e1 utiliza as imagens de sat\u00e9lites nas suas a\u00e7\u00f5es, principalmente no combate ao desmatamento e nas constru\u00e7\u00f5es irregulares, al\u00e9m da checagem dos alertas de desmatamento da plataforma Mapbiomas, que a gente iniciou a partir do ano de 2023. Com o Brasil M.A.I.S teremos o acesso \u00e0 imagens de sat\u00e9lite di\u00e1rias e de alta resolu\u00e7\u00e3o, assim como os alertas produzidos automaticamente, permitindo que essa Ag\u00eancia possa deslocar sua equipe de fiscaliza\u00e7\u00e3o de forma mais r\u00e1pida e eficiente.\u201d Explicou Luis Cometti, diretor interino de Fiscaliza\u00e7\u00e3o Ambiental da CPRH.\u00a0<\/span><\/div>\n<div><span style=\"font-family: Arial; font-size: medium;\">\u00a0<\/span><\/div>\n<div><span style=\"font-family: Arial; font-size: medium;\">Com a ades\u00e3o ao programa, a unidade de intelig\u00eancia da Ag\u00eancia CPRH poder\u00e1 planejar a\u00e7\u00f5es estrat\u00e9gicas em todos os biomas de Pernambuco, al\u00e9m de visualizar a ocorr\u00eancia do desmatamento e a identifica\u00e7\u00e3o do infrator por meio do Cadastro Ambiental Rural \u2013 CAR. Com isso, a CPRH passar\u00e1 a fazer autua\u00e7\u00f5es de forma totalmente remota, ou seja, sem precisar ir at\u00e9 o local da ocorr\u00eancia, pois todas as informa\u00e7\u00f5es sobre o il\u00edcito e o infrator j\u00e1 estar\u00e3o dispon\u00edveis.<\/span><\/div>\n<div><span style=\"font-family: Arial; font-size: medium;\">\u201cComo resultado, teremos uma maior celeridade e efic\u00e1cia no combate ao desmatamento ilegal, como j\u00e1 ocorreu no ano passado, que conseguimos uma redu\u00e7\u00e3o de 35% de desmatamento na Caatinga. Com certeza teremos melhores resultados em 2024.\u201d, completou Cometti.<\/span><\/div>\n<\/div>\n<div class=\"iX\">&#8230;<\/div>\n","protected":false},"excerpt":{"rendered":"<p>O Governo de Pernambuco, atrav\u00e9s da Ag\u00eancia Estadual de Meio Ambiente \u2013 CPRH,\u00a0 aderiu ao Programa Brasil M.A.I.S. \u2013 Meio Ambiente Integrado e Seguro, do Governo Federal. O programa \u00e9 disponibilizado pelo Minist\u00e9rio da Justi\u00e7a para monitoramento de crimes ambientais. O termo de ades\u00e3o foi formalizado no fim de setembro e publicado no Di\u00e1rio Oficial no \u00faltimo dia 07 de outubro. Agora, servidores das diretorias de fiscaliza\u00e7\u00e3o, monitoramento e inova\u00e7\u00e3o e licenciamento da Ag\u00eancia CPRH possuem acesso ao sistema e podem monitorar diariamente, com auxilio de imagens de sat\u00e9lite de alta resolu\u00e7\u00e3o, alertas de desmatamento, inc\u00eandios e constru\u00e7\u00f5es irregulares em Unidades de Conserva\u00e7\u00e3o.\u00a0 \u00a0 \u201cA formaliza\u00e7\u00e3o da ades\u00e3o a esse programa mostra o compromisso que o Governo de Pernambuco, a&hellip; <\/p>\n","protected":false},"author":2,"featured_media":379348,"comment_status":"open","ping_status":"open","sticky":false,"template":"","format":"standard","meta":{"_acf_changed":false,"footnotes":""},"categories":[29],"tags":[],"class_list":["post-379347","post","type-post","status-publish","format-standard","has-post-thumbnail","hentry","category-meio-ambiente"],"acf":[],"yoast_head":"<!-- This site is optimized with the Yoast SEO plugin v27.4 - https:\/\/yoast.com\/product\/yoast-seo-wordpress\/ -->\n<title>Com foco no combate ao desmatamento ilegal, CPRH adere ao Programa Brasil MAIS - Blog do Farn\u00e9sio<\/title>\n<meta name=\"robots\" content=\"index, follow, max-snippet:-1, max-image-preview:large, max-video-preview:-1\" \/>\n<link rel=\"canonical\" href=\"https:\/\/blogdofarnesio.com.br\/?p=379347\" \/>\n<meta property=\"og:locale\" content=\"pt_BR\" \/>\n<meta property=\"og:type\" content=\"article\" \/>\n<meta property=\"og:title\" content=\"Com foco no combate ao desmatamento ilegal, CPRH adere ao Programa Brasil MAIS - Blog do Farn\u00e9sio\" \/>\n<meta property=\"og:description\" content=\"O Governo de Pernambuco, atrav\u00e9s da Ag\u00eancia Estadual de Meio Ambiente \u2013 CPRH,\u00a0 aderiu ao Programa Brasil M.A.I.S. \u2013 Meio Ambiente Integrado e Seguro, do Governo Federal. O programa \u00e9 disponibilizado pelo Minist\u00e9rio da Justi\u00e7a para monitoramento de crimes ambientais. O termo de ades\u00e3o foi formalizado no fim de setembro e publicado no Di\u00e1rio Oficial no \u00faltimo dia 07 de outubro. Agora, servidores das diretorias de fiscaliza\u00e7\u00e3o, monitoramento e inova\u00e7\u00e3o e licenciamento da Ag\u00eancia CPRH possuem acesso ao sistema e podem monitorar diariamente, com auxilio de imagens de sat\u00e9lite de alta resolu\u00e7\u00e3o, alertas de desmatamento, inc\u00eandios e constru\u00e7\u00f5es irregulares em Unidades de Conserva\u00e7\u00e3o.\u00a0 \u00a0 \u201cA formaliza\u00e7\u00e3o da ades\u00e3o a esse programa mostra o compromisso que o Governo de Pernambuco, a&hellip;\" \/>\n<meta property=\"og:url\" content=\"https:\/\/blogdofarnesio.com.br\/?p=379347\" \/>\n<meta property=\"og:site_name\" content=\"Blog do Farn\u00e9sio\" \/>\n<meta property=\"article:publisher\" content=\"https:\/\/www.facebook.com\/BlogQuerSaberPolitica\/\" \/>\n<meta property=\"article:author\" content=\"https:\/\/www.facebook.com\/?ref=tn_tnmn\" \/>\n<meta property=\"article:published_time\" content=\"2024-10-18T20:35:17+00:00\" \/>\n<meta property=\"og:image\" content=\"https:\/\/blogdofarnesio.com.br\/wp-content\/uploads\/2024\/10\/blogqspdesmatamento-pernambuco-e1729282590776.jpeg\" \/>\n\t<meta property=\"og:image:width\" content=\"600\" \/>\n\t<meta property=\"og:image:height\" content=\"298\" \/>\n\t<meta property=\"og:image:type\" content=\"image\/jpeg\" \/>\n<meta name=\"author\" content=\"Farn\u00e9sio\" \/>\n<meta name=\"twitter:card\" content=\"summary_large_image\" \/>\n<meta name=\"twitter:label1\" content=\"Escrito por\" \/>\n\t<meta name=\"twitter:data1\" content=\"Farn\u00e9sio\" \/>\n\t<meta name=\"twitter:label2\" content=\"Est. tempo de leitura\" \/>\n\t<meta name=\"twitter:data2\" content=\"3 minutos\" \/>\n<script type=\"application\/ld+json\" class=\"yoast-schema-graph\">{\"@context\":\"https:\\\/\\\/schema.org\",\"@graph\":[{\"@type\":\"Article\",\"@id\":\"https:\\\/\\\/blogdofarnesio.com.br\\\/?p=379347#article\",\"isPartOf\":{\"@id\":\"https:\\\/\\\/blogdofarnesio.com.br\\\/?p=379347\"},\"author\":{\"name\":\"Farn\u00e9sio\",\"@id\":\"https:\\\/\\\/blogdofarnesio.com.br\\\/#\\\/schema\\\/person\\\/bb9b23ae3ad0609ce8df7b6c9e76824d\"},\"headline\":\"Com foco no combate ao desmatamento ilegal, CPRH adere ao Programa Brasil MAIS\",\"datePublished\":\"2024-10-18T20:35:17+00:00\",\"mainEntityOfPage\":{\"@id\":\"https:\\\/\\\/blogdofarnesio.com.br\\\/?p=379347\"},\"wordCount\":516,\"commentCount\":0,\"publisher\":{\"@id\":\"https:\\\/\\\/blogdofarnesio.com.br\\\/#organization\"},\"image\":{\"@id\":\"https:\\\/\\\/blogdofarnesio.com.br\\\/?p=379347#primaryimage\"},\"thumbnailUrl\":\"https:\\\/\\\/blogdofarnesio.com.br\\\/wp-content\\\/uploads\\\/2024\\\/10\\\/blogqspdesmatamento-pernambuco-e1729282590776.jpeg\",\"articleSection\":[\"Meio Ambiente\"],\"inLanguage\":\"pt-BR\",\"potentialAction\":[{\"@type\":\"CommentAction\",\"name\":\"Comment\",\"target\":[\"https:\\\/\\\/blogdofarnesio.com.br\\\/?p=379347#respond\"]}]},{\"@type\":\"WebPage\",\"@id\":\"https:\\\/\\\/blogdofarnesio.com.br\\\/?p=379347\",\"url\":\"https:\\\/\\\/blogdofarnesio.com.br\\\/?p=379347\",\"name\":\"Com foco no combate ao desmatamento ilegal, CPRH adere ao Programa Brasil MAIS - Blog do Farn\u00e9sio\",\"isPartOf\":{\"@id\":\"https:\\\/\\\/blogdofarnesio.com.br\\\/#website\"},\"primaryImageOfPage\":{\"@id\":\"https:\\\/\\\/blogdofarnesio.com.br\\\/?p=379347#primaryimage\"},\"image\":{\"@id\":\"https:\\\/\\\/blogdofarnesio.com.br\\\/?p=379347#primaryimage\"},\"thumbnailUrl\":\"https:\\\/\\\/blogdofarnesio.com.br\\\/wp-content\\\/uploads\\\/2024\\\/10\\\/blogqspdesmatamento-pernambuco-e1729282590776.jpeg\",\"datePublished\":\"2024-10-18T20:35:17+00:00\",\"breadcrumb\":{\"@id\":\"https:\\\/\\\/blogdofarnesio.com.br\\\/?p=379347#breadcrumb\"},\"inLanguage\":\"pt-BR\",\"potentialAction\":[{\"@type\":\"ReadAction\",\"target\":[\"https:\\\/\\\/blogdofarnesio.com.br\\\/?p=379347\"]}]},{\"@type\":\"ImageObject\",\"inLanguage\":\"pt-BR\",\"@id\":\"https:\\\/\\\/blogdofarnesio.com.br\\\/?p=379347#primaryimage\",\"url\":\"https:\\\/\\\/blogdofarnesio.com.br\\\/wp-content\\\/uploads\\\/2024\\\/10\\\/blogqspdesmatamento-pernambuco-e1729282590776.jpeg\",\"contentUrl\":\"https:\\\/\\\/blogdofarnesio.com.br\\\/wp-content\\\/uploads\\\/2024\\\/10\\\/blogqspdesmatamento-pernambuco-e1729282590776.jpeg\",\"width\":600,\"height\":298},{\"@type\":\"BreadcrumbList\",\"@id\":\"https:\\\/\\\/blogdofarnesio.com.br\\\/?p=379347#breadcrumb\",\"itemListElement\":[{\"@type\":\"ListItem\",\"position\":1,\"name\":\"In\u00edcio\",\"item\":\"https:\\\/\\\/blogdofarnesio.com.br\\\/\"},{\"@type\":\"ListItem\",\"position\":2,\"name\":\"Com foco no combate ao desmatamento ilegal, CPRH adere ao Programa Brasil MAIS\"}]},{\"@type\":\"WebSite\",\"@id\":\"https:\\\/\\\/blogdofarnesio.com.br\\\/#website\",\"url\":\"https:\\\/\\\/blogdofarnesio.com.br\\\/\",\"name\":\"Blog do Farn\u00e9sio\",\"description\":\"Quer Saber Pol\u00edtica?\",\"publisher\":{\"@id\":\"https:\\\/\\\/blogdofarnesio.com.br\\\/#organization\"},\"potentialAction\":[{\"@type\":\"SearchAction\",\"target\":{\"@type\":\"EntryPoint\",\"urlTemplate\":\"https:\\\/\\\/blogdofarnesio.com.br\\\/?s={search_term_string}\"},\"query-input\":{\"@type\":\"PropertyValueSpecification\",\"valueRequired\":true,\"valueName\":\"search_term_string\"}}],\"inLanguage\":\"pt-BR\"},{\"@type\":\"Organization\",\"@id\":\"https:\\\/\\\/blogdofarnesio.com.br\\\/#organization\",\"name\":\"Blog do Farn\u00e9sio\",\"url\":\"https:\\\/\\\/blogdofarnesio.com.br\\\/\",\"logo\":{\"@type\":\"ImageObject\",\"inLanguage\":\"pt-BR\",\"@id\":\"https:\\\/\\\/blogdofarnesio.com.br\\\/#\\\/schema\\\/logo\\\/image\\\/\",\"url\":\"https:\\\/\\\/blogdofarnesio.com.br\\\/wp-content\\\/uploads\\\/2026\\\/03\\\/cropped-logo_new-1.png\",\"contentUrl\":\"https:\\\/\\\/blogdofarnesio.com.br\\\/wp-content\\\/uploads\\\/2026\\\/03\\\/cropped-logo_new-1.png\",\"width\":881,\"height\":685,\"caption\":\"Blog do Farn\u00e9sio\"},\"image\":{\"@id\":\"https:\\\/\\\/blogdofarnesio.com.br\\\/#\\\/schema\\\/logo\\\/image\\\/\"},\"sameAs\":[\"https:\\\/\\\/www.facebook.com\\\/BlogQuerSaberPolitica\\\/\"]},{\"@type\":\"Person\",\"@id\":\"https:\\\/\\\/blogdofarnesio.com.br\\\/#\\\/schema\\\/person\\\/bb9b23ae3ad0609ce8df7b6c9e76824d\",\"name\":\"Farn\u00e9sio\",\"image\":{\"@type\":\"ImageObject\",\"inLanguage\":\"pt-BR\",\"@id\":\"https:\\\/\\\/secure.gravatar.com\\\/avatar\\\/986aa4c61ccdb66f8555bf88fc2a65609d00bcabd4d2d94377a727547345cbca?s=96&d=mm&r=g\",\"url\":\"https:\\\/\\\/secure.gravatar.com\\\/avatar\\\/986aa4c61ccdb66f8555bf88fc2a65609d00bcabd4d2d94377a727547345cbca?s=96&d=mm&r=g\",\"contentUrl\":\"https:\\\/\\\/secure.gravatar.com\\\/avatar\\\/986aa4c61ccdb66f8555bf88fc2a65609d00bcabd4d2d94377a727547345cbca?s=96&d=mm&r=g\",\"caption\":\"Farn\u00e9sio\"},\"description\":\"Radialista blogueiro, chegou a Petrolina\\\/Juazeiro em setembro de 1980, Farn\u00e9sio Silva \u00e9 de Arapiraca-Alagoas.\",\"sameAs\":[\"http:\\\/\\\/blogdofarnesio.com.br\",\"https:\\\/\\\/www.facebook.com\\\/?ref=tn_tnmn\",\"https:\\\/\\\/www.instagram.com\\\/?utm_source=pwa_homescreen\",\"https:\\\/\\\/youtube.com.br\\\/\"],\"url\":\"https:\\\/\\\/blogdofarnesio.com.br\\\/?author=2\"}]}<\/script>\n<!-- \/ Yoast SEO plugin. -->","yoast_head_json":{"title":"Com foco no combate ao desmatamento ilegal, CPRH adere ao Programa Brasil MAIS - Blog do Farn\u00e9sio","robots":{"index":"index","follow":"follow","max-snippet":"max-snippet:-1","max-image-preview":"max-image-preview:large","max-video-preview":"max-video-preview:-1"},"canonical":"https:\/\/blogdofarnesio.com.br\/?p=379347","og_locale":"pt_BR","og_type":"article","og_title":"Com foco no combate ao desmatamento ilegal, CPRH adere ao Programa Brasil MAIS - Blog do Farn\u00e9sio","og_description":"O Governo de Pernambuco, atrav\u00e9s da Ag\u00eancia Estadual de Meio Ambiente \u2013 CPRH,\u00a0 aderiu ao Programa Brasil M.A.I.S. \u2013 Meio Ambiente Integrado e Seguro, do Governo Federal. O programa \u00e9 disponibilizado pelo Minist\u00e9rio da Justi\u00e7a para monitoramento de crimes ambientais. O termo de ades\u00e3o foi formalizado no fim de setembro e publicado no Di\u00e1rio Oficial no \u00faltimo dia 07 de outubro. Agora, servidores das diretorias de fiscaliza\u00e7\u00e3o, monitoramento e inova\u00e7\u00e3o e licenciamento da Ag\u00eancia CPRH possuem acesso ao sistema e podem monitorar diariamente, com auxilio de imagens de sat\u00e9lite de alta resolu\u00e7\u00e3o, alertas de desmatamento, inc\u00eandios e constru\u00e7\u00f5es irregulares em Unidades de Conserva\u00e7\u00e3o.\u00a0 \u00a0 \u201cA formaliza\u00e7\u00e3o da ades\u00e3o a esse programa mostra o compromisso que o Governo de Pernambuco, a&hellip;","og_url":"https:\/\/blogdofarnesio.com.br\/?p=379347","og_site_name":"Blog do Farn\u00e9sio","article_publisher":"https:\/\/www.facebook.com\/BlogQuerSaberPolitica\/","article_author":"https:\/\/www.facebook.com\/?ref=tn_tnmn","article_published_time":"2024-10-18T20:35:17+00:00","og_image":[{"width":600,"height":298,"url":"https:\/\/blogdofarnesio.com.br\/wp-content\/uploads\/2024\/10\/blogqspdesmatamento-pernambuco-e1729282590776.jpeg","type":"image\/jpeg"}],"author":"Farn\u00e9sio","twitter_card":"summary_large_image","twitter_misc":{"Escrito por":"Farn\u00e9sio","Est. tempo de leitura":"3 minutos"},"schema":{"@context":"https:\/\/schema.org","@graph":[{"@type":"Article","@id":"https:\/\/blogdofarnesio.com.br\/?p=379347#article","isPartOf":{"@id":"https:\/\/blogdofarnesio.com.br\/?p=379347"},"author":{"name":"Farn\u00e9sio","@id":"https:\/\/blogdofarnesio.com.br\/#\/schema\/person\/bb9b23ae3ad0609ce8df7b6c9e76824d"},"headline":"Com foco no combate ao desmatamento ilegal, CPRH adere ao Programa Brasil MAIS","datePublished":"2024-10-18T20:35:17+00:00","mainEntityOfPage":{"@id":"https:\/\/blogdofarnesio.com.br\/?p=379347"},"wordCount":516,"commentCount":0,"publisher":{"@id":"https:\/\/blogdofarnesio.com.br\/#organization"},"image":{"@id":"https:\/\/blogdofarnesio.com.br\/?p=379347#primaryimage"},"thumbnailUrl":"https:\/\/blogdofarnesio.com.br\/wp-content\/uploads\/2024\/10\/blogqspdesmatamento-pernambuco-e1729282590776.jpeg","articleSection":["Meio Ambiente"],"inLanguage":"pt-BR","potentialAction":[{"@type":"CommentAction","name":"Comment","target":["https:\/\/blogdofarnesio.com.br\/?p=379347#respond"]}]},{"@type":"WebPage","@id":"https:\/\/blogdofarnesio.com.br\/?p=379347","url":"https:\/\/blogdofarnesio.com.br\/?p=379347","name":"Com foco no combate ao desmatamento ilegal, CPRH adere ao Programa Brasil MAIS - Blog do Farn\u00e9sio","isPartOf":{"@id":"https:\/\/blogdofarnesio.com.br\/#website"},"primaryImageOfPage":{"@id":"https:\/\/blogdofarnesio.com.br\/?p=379347#primaryimage"},"image":{"@id":"https:\/\/blogdofarnesio.com.br\/?p=379347#primaryimage"},"thumbnailUrl":"https:\/\/blogdofarnesio.com.br\/wp-content\/uploads\/2024\/10\/blogqspdesmatamento-pernambuco-e1729282590776.jpeg","datePublished":"2024-10-18T20:35:17+00:00","breadcrumb":{"@id":"https:\/\/blogdofarnesio.com.br\/?p=379347#breadcrumb"},"inLanguage":"pt-BR","potentialAction":[{"@type":"ReadAction","target":["https:\/\/blogdofarnesio.com.br\/?p=379347"]}]},{"@type":"ImageObject","inLanguage":"pt-BR","@id":"https:\/\/blogdofarnesio.com.br\/?p=379347#primaryimage","url":"https:\/\/blogdofarnesio.com.br\/wp-content\/uploads\/2024\/10\/blogqspdesmatamento-pernambuco-e1729282590776.jpeg","contentUrl":"https:\/\/blogdofarnesio.com.br\/wp-content\/uploads\/2024\/10\/blogqspdesmatamento-pernambuco-e1729282590776.jpeg","width":600,"height":298},{"@type":"BreadcrumbList","@id":"https:\/\/blogdofarnesio.com.br\/?p=379347#breadcrumb","itemListElement":[{"@type":"ListItem","position":1,"name":"In\u00edcio","item":"https:\/\/blogdofarnesio.com.br\/"},{"@type":"ListItem","position":2,"name":"Com foco no combate ao desmatamento ilegal, CPRH adere ao Programa Brasil MAIS"}]},{"@type":"WebSite","@id":"https:\/\/blogdofarnesio.com.br\/#website","url":"https:\/\/blogdofarnesio.com.br\/","name":"Blog do Farn\u00e9sio","description":"Quer Saber Pol\u00edtica?","publisher":{"@id":"https:\/\/blogdofarnesio.com.br\/#organization"},"potentialAction":[{"@type":"SearchAction","target":{"@type":"EntryPoint","urlTemplate":"https:\/\/blogdofarnesio.com.br\/?s={search_term_string}"},"query-input":{"@type":"PropertyValueSpecification","valueRequired":true,"valueName":"search_term_string"}}],"inLanguage":"pt-BR"},{"@type":"Organization","@id":"https:\/\/blogdofarnesio.com.br\/#organization","name":"Blog do Farn\u00e9sio","url":"https:\/\/blogdofarnesio.com.br\/","logo":{"@type":"ImageObject","inLanguage":"pt-BR","@id":"https:\/\/blogdofarnesio.com.br\/#\/schema\/logo\/image\/","url":"https:\/\/blogdofarnesio.com.br\/wp-content\/uploads\/2026\/03\/cropped-logo_new-1.png","contentUrl":"https:\/\/blogdofarnesio.com.br\/wp-content\/uploads\/2026\/03\/cropped-logo_new-1.png","width":881,"height":685,"caption":"Blog do Farn\u00e9sio"},"image":{"@id":"https:\/\/blogdofarnesio.com.br\/#\/schema\/logo\/image\/"},"sameAs":["https:\/\/www.facebook.com\/BlogQuerSaberPolitica\/"]},{"@type":"Person","@id":"https:\/\/blogdofarnesio.com.br\/#\/schema\/person\/bb9b23ae3ad0609ce8df7b6c9e76824d","name":"Farn\u00e9sio","image":{"@type":"ImageObject","inLanguage":"pt-BR","@id":"https:\/\/secure.gravatar.com\/avatar\/986aa4c61ccdb66f8555bf88fc2a65609d00bcabd4d2d94377a727547345cbca?s=96&d=mm&r=g","url":"https:\/\/secure.gravatar.com\/avatar\/986aa4c61ccdb66f8555bf88fc2a65609d00bcabd4d2d94377a727547345cbca?s=96&d=mm&r=g","contentUrl":"https:\/\/secure.gravatar.com\/avatar\/986aa4c61ccdb66f8555bf88fc2a65609d00bcabd4d2d94377a727547345cbca?s=96&d=mm&r=g","caption":"Farn\u00e9sio"},"description":"Radialista blogueiro, chegou a Petrolina\/Juazeiro em setembro de 1980, Farn\u00e9sio Silva \u00e9 de Arapiraca-Alagoas.","sameAs":["http:\/\/blogdofarnesio.com.br","https:\/\/www.facebook.com\/?ref=tn_tnmn","https:\/\/www.instagram.com\/?utm_source=pwa_homescreen","https:\/\/youtube.com.br\/"],"url":"https:\/\/blogdofarnesio.com.br\/?author=2"}]}},"_links":{"self":[{"href":"https:\/\/blogdofarnesio.com.br\/index.php?rest_route=\/wp\/v2\/posts\/379347","targetHints":{"allow":["GET"]}}],"collection":[{"href":"https:\/\/blogdofarnesio.com.br\/index.php?rest_route=\/wp\/v2\/posts"}],"about":[{"href":"https:\/\/blogdofarnesio.com.br\/index.php?rest_route=\/wp\/v2\/types\/post"}],"author":[{"embeddable":true,"href":"https:\/\/blogdofarnesio.com.br\/index.php?rest_route=\/wp\/v2\/users\/2"}],"replies":[{"embeddable":true,"href":"https:\/\/blogdofarnesio.com.br\/index.php?rest_route=%2Fwp%2Fv2%2Fcomments&post=379347"}],"version-history":[{"count":0,"href":"https:\/\/blogdofarnesio.com.br\/index.php?rest_route=\/wp\/v2\/posts\/379347\/revisions"}],"wp:featuredmedia":[{"embeddable":true,"href":"https:\/\/blogdofarnesio.com.br\/index.php?rest_route=\/wp\/v2\/media\/379348"}],"wp:attachment":[{"href":"https:\/\/blogdofarnesio.com.br\/index.php?rest_route=%2Fwp%2Fv2%2Fmedia&parent=379347"}],"wp:term":[{"taxonomy":"category","embeddable":true,"href":"https:\/\/blogdofarnesio.com.br\/index.php?rest_route=%2Fwp%2Fv2%2Fcategories&post=379347"},{"taxonomy":"post_tag","embeddable":true,"href":"https:\/\/blogdofarnesio.com.br\/index.php?rest_route=%2Fwp%2Fv2%2Ftags&post=379347"}],"curies":[{"name":"wp","href":"https:\/\/api.w.org\/{rel}","templated":true}]}}