{"id":379343,"date":"2024-10-18T16:04:15","date_gmt":"2024-10-18T19:04:15","guid":{"rendered":"https:\/\/blogdofarnesio.com.br\/?p=379343"},"modified":"2024-10-18T16:05:53","modified_gmt":"2024-10-18T19:05:53","slug":"policiais-militares-prendem-homem-na-rodoviaria-de-petrolina-com-arma-de-fogo-e-2-kg-de-maconha","status":"publish","type":"post","link":"https:\/\/blogdofarnesio.com.br\/?p=379343","title":{"rendered":"Policiais militares prendem homem na Rodovi\u00e1ria de Petrolina com arma de fogo e 2 kg de maconha"},"content":{"rendered":"<header class=\"entry-header\"><\/header>\n<div class=\"entry-content clearfix\">\n<p>Um homem foi preso por policiais militares do 5\u00b0 BPM na noite dessa quinta-feira, 17, na Rodovi\u00e1ria de Petrolina, portando uma espingarda calibre 12 e 2 kg de maconha pronta para o consumo.<a href=\"https:\/\/www.alvinhopatriota.com.br\/policiais-militares-prendem-homem-na-rodoviaria-de-petrolina-com-arma-de-fogo-e-2-kg-de-maconha\/ba93d99d-507b-45ed\/\" rel=\"attachment wp-att-291652\"><img loading=\"lazy\" decoding=\"async\" class=\"aligncenter wp-image-291652\" src=\"https:\/\/www.alvinhopatriota.com.br\/wp-content\/uploads\/2024\/10\/ba93d99d-507b-45ed.jpg\" sizes=\"auto, (max-width: 303px) 100vw, 303px\" srcset=\"https:\/\/www.alvinhopatriota.com.br\/wp-content\/uploads\/2024\/10\/ba93d99d-507b-45ed.jpg 420w, https:\/\/www.alvinhopatriota.com.br\/wp-content\/uploads\/2024\/10\/ba93d99d-507b-45ed-300x267.jpg 300w, https:\/\/www.alvinhopatriota.com.br\/wp-content\/uploads\/2024\/10\/ba93d99d-507b-45ed-150x134.jpg 150w\" alt=\"\" width=\"303\" height=\"270\" \/><\/a><\/p>\n<p>Segundo a Pol\u00edcia Militar, os PMs receberam informa\u00e7\u00e3o que um suspeito havia embarcado em um \u00f4nibus em Cabrob\u00f3 com destino a Irec\u00ea-BA, portando a droga e a arma. A pol\u00edcia fez a opera\u00e7\u00e3o e abordou o acusado em Petrolina, apreendendo o material il\u00edcito.<\/p>\n<p>A ocorr\u00eancia foi encaminhada \u00e0 Delegacia de Pol\u00edcia Civil de Petrolina, que adotou as medidas cab\u00edveis.<\/p>\n<\/div>\n","protected":false},"excerpt":{"rendered":"<p>Um homem foi preso por policiais militares do 5\u00b0 BPM na noite dessa quinta-feira, 17, na Rodovi\u00e1ria de Petrolina, portando uma espingarda calibre 12 e 2 kg de maconha pronta para o consumo. Segundo a Pol\u00edcia Militar, os PMs receberam informa\u00e7\u00e3o que um suspeito havia embarcado em um \u00f4nibus em Cabrob\u00f3 com destino a Irec\u00ea-BA, portando a droga e a arma. A pol\u00edcia fez a opera\u00e7\u00e3o e abordou o acusado em Petrolina, apreendendo o material il\u00edcito. A ocorr\u00eancia foi encaminhada \u00e0 Delegacia de Pol\u00edcia Civil de Petrolina, que adotou as medidas cab\u00edveis.<\/p>\n","protected":false},"author":2,"featured_media":190685,"comment_status":"open","ping_status":"open","sticky":false,"template":"","format":"standard","meta":{"_acf_changed":false,"footnotes":""},"categories":[9],"tags":[],"class_list":["post-379343","post","type-post","status-publish","format-standard","has-post-thumbnail","hentry","category-policia"],"acf":[],"yoast_head":"<!-- This site is optimized with the Yoast SEO plugin v27.4 - https:\/\/yoast.com\/product\/yoast-seo-wordpress\/ -->\n<title>Policiais militares prendem homem na Rodovi\u00e1ria de Petrolina com arma de fogo e 2 kg de maconha - Blog do Farn\u00e9sio<\/title>\n<meta name=\"robots\" content=\"index, follow, max-snippet:-1, max-image-preview:large, max-video-preview:-1\" \/>\n<link rel=\"canonical\" href=\"https:\/\/blogdofarnesio.com.br\/?p=379343\" \/>\n<meta property=\"og:locale\" content=\"pt_BR\" \/>\n<meta property=\"og:type\" content=\"article\" \/>\n<meta property=\"og:title\" content=\"Policiais militares prendem homem na Rodovi\u00e1ria de Petrolina com arma de fogo e 2 kg de maconha - Blog do Farn\u00e9sio\" \/>\n<meta property=\"og:description\" content=\"Um homem foi preso por policiais militares do 5\u00b0 BPM na noite dessa quinta-feira, 17, na Rodovi\u00e1ria de Petrolina, portando uma espingarda calibre 12 e 2 kg de maconha pronta para o consumo. Segundo a Pol\u00edcia Militar, os PMs receberam informa\u00e7\u00e3o que um suspeito havia embarcado em um \u00f4nibus em Cabrob\u00f3 com destino a Irec\u00ea-BA, portando a droga e a arma. A pol\u00edcia fez a opera\u00e7\u00e3o e abordou o acusado em Petrolina, apreendendo o material il\u00edcito. A ocorr\u00eancia foi encaminhada \u00e0 Delegacia de Pol\u00edcia Civil de Petrolina, que adotou as medidas cab\u00edveis.\" \/>\n<meta property=\"og:url\" content=\"https:\/\/blogdofarnesio.com.br\/?p=379343\" \/>\n<meta property=\"og:site_name\" content=\"Blog do Farn\u00e9sio\" \/>\n<meta property=\"article:publisher\" content=\"https:\/\/www.facebook.com\/BlogQuerSaberPolitica\/\" \/>\n<meta property=\"article:author\" content=\"https:\/\/www.facebook.com\/?ref=tn_tnmn\" \/>\n<meta property=\"article:published_time\" content=\"2024-10-18T19:04:15+00:00\" \/>\n<meta property=\"article:modified_time\" content=\"2024-10-18T19:05:53+00:00\" \/>\n<meta property=\"og:image\" content=\"https:\/\/blogdofarnesio.com.br\/wp-content\/uploads\/2018\/03\/blogqsppetRodovi\u00e1ria-foto-Ivaldo-reges1.jpeg\" \/>\n\t<meta property=\"og:image:width\" content=\"640\" \/>\n\t<meta property=\"og:image:height\" content=\"428\" \/>\n\t<meta property=\"og:image:type\" content=\"image\/jpeg\" \/>\n<meta name=\"author\" content=\"Farn\u00e9sio\" \/>\n<meta name=\"twitter:card\" content=\"summary_large_image\" \/>\n<meta name=\"twitter:label1\" content=\"Escrito por\" \/>\n\t<meta name=\"twitter:data1\" content=\"Farn\u00e9sio\" \/>\n<script type=\"application\/ld+json\" class=\"yoast-schema-graph\">{\"@context\":\"https:\\\/\\\/schema.org\",\"@graph\":[{\"@type\":\"Article\",\"@id\":\"https:\\\/\\\/blogdofarnesio.com.br\\\/?p=379343#article\",\"isPartOf\":{\"@id\":\"https:\\\/\\\/blogdofarnesio.com.br\\\/?p=379343\"},\"author\":{\"name\":\"Farn\u00e9sio\",\"@id\":\"https:\\\/\\\/blogdofarnesio.com.br\\\/#\\\/schema\\\/person\\\/bb9b23ae3ad0609ce8df7b6c9e76824d\"},\"headline\":\"Policiais militares prendem homem na Rodovi\u00e1ria de Petrolina com arma de fogo e 2 kg de maconha\",\"datePublished\":\"2024-10-18T19:04:15+00:00\",\"dateModified\":\"2024-10-18T19:05:53+00:00\",\"mainEntityOfPage\":{\"@id\":\"https:\\\/\\\/blogdofarnesio.com.br\\\/?p=379343\"},\"wordCount\":114,\"commentCount\":0,\"publisher\":{\"@id\":\"https:\\\/\\\/blogdofarnesio.com.br\\\/#organization\"},\"image\":{\"@id\":\"https:\\\/\\\/blogdofarnesio.com.br\\\/?p=379343#primaryimage\"},\"thumbnailUrl\":\"https:\\\/\\\/blogdofarnesio.com.br\\\/wp-content\\\/uploads\\\/2018\\\/03\\\/blogqsppetRodovi\u00e1ria-foto-Ivaldo-reges1.jpeg\",\"articleSection\":[\"Pol\u00edcia\"],\"inLanguage\":\"pt-BR\",\"potentialAction\":[{\"@type\":\"CommentAction\",\"name\":\"Comment\",\"target\":[\"https:\\\/\\\/blogdofarnesio.com.br\\\/?p=379343#respond\"]}]},{\"@type\":\"WebPage\",\"@id\":\"https:\\\/\\\/blogdofarnesio.com.br\\\/?p=379343\",\"url\":\"https:\\\/\\\/blogdofarnesio.com.br\\\/?p=379343\",\"name\":\"Policiais militares prendem homem na Rodovi\u00e1ria de Petrolina com arma de fogo e 2 kg de maconha - Blog do Farn\u00e9sio\",\"isPartOf\":{\"@id\":\"https:\\\/\\\/blogdofarnesio.com.br\\\/#website\"},\"primaryImageOfPage\":{\"@id\":\"https:\\\/\\\/blogdofarnesio.com.br\\\/?p=379343#primaryimage\"},\"image\":{\"@id\":\"https:\\\/\\\/blogdofarnesio.com.br\\\/?p=379343#primaryimage\"},\"thumbnailUrl\":\"https:\\\/\\\/blogdofarnesio.com.br\\\/wp-content\\\/uploads\\\/2018\\\/03\\\/blogqsppetRodovi\u00e1ria-foto-Ivaldo-reges1.jpeg\",\"datePublished\":\"2024-10-18T19:04:15+00:00\",\"dateModified\":\"2024-10-18T19:05:53+00:00\",\"breadcrumb\":{\"@id\":\"https:\\\/\\\/blogdofarnesio.com.br\\\/?p=379343#breadcrumb\"},\"inLanguage\":\"pt-BR\",\"potentialAction\":[{\"@type\":\"ReadAction\",\"target\":[\"https:\\\/\\\/blogdofarnesio.com.br\\\/?p=379343\"]}]},{\"@type\":\"ImageObject\",\"inLanguage\":\"pt-BR\",\"@id\":\"https:\\\/\\\/blogdofarnesio.com.br\\\/?p=379343#primaryimage\",\"url\":\"https:\\\/\\\/blogdofarnesio.com.br\\\/wp-content\\\/uploads\\\/2018\\\/03\\\/blogqsppetRodovi\u00e1ria-foto-Ivaldo-reges1.jpeg\",\"contentUrl\":\"https:\\\/\\\/blogdofarnesio.com.br\\\/wp-content\\\/uploads\\\/2018\\\/03\\\/blogqsppetRodovi\u00e1ria-foto-Ivaldo-reges1.jpeg\",\"width\":640,\"height\":428},{\"@type\":\"BreadcrumbList\",\"@id\":\"https:\\\/\\\/blogdofarnesio.com.br\\\/?p=379343#breadcrumb\",\"itemListElement\":[{\"@type\":\"ListItem\",\"position\":1,\"name\":\"In\u00edcio\",\"item\":\"https:\\\/\\\/blogdofarnesio.com.br\\\/\"},{\"@type\":\"ListItem\",\"position\":2,\"name\":\"Policiais militares prendem homem na Rodovi\u00e1ria de Petrolina com arma de fogo e 2 kg de maconha\"}]},{\"@type\":\"WebSite\",\"@id\":\"https:\\\/\\\/blogdofarnesio.com.br\\\/#website\",\"url\":\"https:\\\/\\\/blogdofarnesio.com.br\\\/\",\"name\":\"Blog do Farn\u00e9sio\",\"description\":\"Quer Saber Pol\u00edtica?\",\"publisher\":{\"@id\":\"https:\\\/\\\/blogdofarnesio.com.br\\\/#organization\"},\"potentialAction\":[{\"@type\":\"SearchAction\",\"target\":{\"@type\":\"EntryPoint\",\"urlTemplate\":\"https:\\\/\\\/blogdofarnesio.com.br\\\/?s={search_term_string}\"},\"query-input\":{\"@type\":\"PropertyValueSpecification\",\"valueRequired\":true,\"valueName\":\"search_term_string\"}}],\"inLanguage\":\"pt-BR\"},{\"@type\":\"Organization\",\"@id\":\"https:\\\/\\\/blogdofarnesio.com.br\\\/#organization\",\"name\":\"Blog do Farn\u00e9sio\",\"url\":\"https:\\\/\\\/blogdofarnesio.com.br\\\/\",\"logo\":{\"@type\":\"ImageObject\",\"inLanguage\":\"pt-BR\",\"@id\":\"https:\\\/\\\/blogdofarnesio.com.br\\\/#\\\/schema\\\/logo\\\/image\\\/\",\"url\":\"https:\\\/\\\/blogdofarnesio.com.br\\\/wp-content\\\/uploads\\\/2026\\\/03\\\/cropped-logo_new-1.png\",\"contentUrl\":\"https:\\\/\\\/blogdofarnesio.com.br\\\/wp-content\\\/uploads\\\/2026\\\/03\\\/cropped-logo_new-1.png\",\"width\":881,\"height\":685,\"caption\":\"Blog do Farn\u00e9sio\"},\"image\":{\"@id\":\"https:\\\/\\\/blogdofarnesio.com.br\\\/#\\\/schema\\\/logo\\\/image\\\/\"},\"sameAs\":[\"https:\\\/\\\/www.facebook.com\\\/BlogQuerSaberPolitica\\\/\"]},{\"@type\":\"Person\",\"@id\":\"https:\\\/\\\/blogdofarnesio.com.br\\\/#\\\/schema\\\/person\\\/bb9b23ae3ad0609ce8df7b6c9e76824d\",\"name\":\"Farn\u00e9sio\",\"image\":{\"@type\":\"ImageObject\",\"inLanguage\":\"pt-BR\",\"@id\":\"https:\\\/\\\/secure.gravatar.com\\\/avatar\\\/986aa4c61ccdb66f8555bf88fc2a65609d00bcabd4d2d94377a727547345cbca?s=96&d=mm&r=g\",\"url\":\"https:\\\/\\\/secure.gravatar.com\\\/avatar\\\/986aa4c61ccdb66f8555bf88fc2a65609d00bcabd4d2d94377a727547345cbca?s=96&d=mm&r=g\",\"contentUrl\":\"https:\\\/\\\/secure.gravatar.com\\\/avatar\\\/986aa4c61ccdb66f8555bf88fc2a65609d00bcabd4d2d94377a727547345cbca?s=96&d=mm&r=g\",\"caption\":\"Farn\u00e9sio\"},\"description\":\"Radialista blogueiro, chegou a Petrolina\\\/Juazeiro em setembro de 1980, Farn\u00e9sio Silva \u00e9 de Arapiraca-Alagoas.\",\"sameAs\":[\"http:\\\/\\\/blogdofarnesio.com.br\",\"https:\\\/\\\/www.facebook.com\\\/?ref=tn_tnmn\",\"https:\\\/\\\/www.instagram.com\\\/?utm_source=pwa_homescreen\",\"https:\\\/\\\/youtube.com.br\\\/\"],\"url\":\"https:\\\/\\\/blogdofarnesio.com.br\\\/?author=2\"}]}<\/script>\n<!-- \/ Yoast SEO plugin. -->","yoast_head_json":{"title":"Policiais militares prendem homem na Rodovi\u00e1ria de Petrolina com arma de fogo e 2 kg de maconha - Blog do Farn\u00e9sio","robots":{"index":"index","follow":"follow","max-snippet":"max-snippet:-1","max-image-preview":"max-image-preview:large","max-video-preview":"max-video-preview:-1"},"canonical":"https:\/\/blogdofarnesio.com.br\/?p=379343","og_locale":"pt_BR","og_type":"article","og_title":"Policiais militares prendem homem na Rodovi\u00e1ria de Petrolina com arma de fogo e 2 kg de maconha - Blog do Farn\u00e9sio","og_description":"Um homem foi preso por policiais militares do 5\u00b0 BPM na noite dessa quinta-feira, 17, na Rodovi\u00e1ria de Petrolina, portando uma espingarda calibre 12 e 2 kg de maconha pronta para o consumo. Segundo a Pol\u00edcia Militar, os PMs receberam informa\u00e7\u00e3o que um suspeito havia embarcado em um \u00f4nibus em Cabrob\u00f3 com destino a Irec\u00ea-BA, portando a droga e a arma. A pol\u00edcia fez a opera\u00e7\u00e3o e abordou o acusado em Petrolina, apreendendo o material il\u00edcito. A ocorr\u00eancia foi encaminhada \u00e0 Delegacia de Pol\u00edcia Civil de Petrolina, que adotou as medidas cab\u00edveis.","og_url":"https:\/\/blogdofarnesio.com.br\/?p=379343","og_site_name":"Blog do Farn\u00e9sio","article_publisher":"https:\/\/www.facebook.com\/BlogQuerSaberPolitica\/","article_author":"https:\/\/www.facebook.com\/?ref=tn_tnmn","article_published_time":"2024-10-18T19:04:15+00:00","article_modified_time":"2024-10-18T19:05:53+00:00","og_image":[{"width":640,"height":428,"url":"https:\/\/blogdofarnesio.com.br\/wp-content\/uploads\/2018\/03\/blogqsppetRodovi\u00e1ria-foto-Ivaldo-reges1.jpeg","type":"image\/jpeg"}],"author":"Farn\u00e9sio","twitter_card":"summary_large_image","twitter_misc":{"Escrito por":"Farn\u00e9sio"},"schema":{"@context":"https:\/\/schema.org","@graph":[{"@type":"Article","@id":"https:\/\/blogdofarnesio.com.br\/?p=379343#article","isPartOf":{"@id":"https:\/\/blogdofarnesio.com.br\/?p=379343"},"author":{"name":"Farn\u00e9sio","@id":"https:\/\/blogdofarnesio.com.br\/#\/schema\/person\/bb9b23ae3ad0609ce8df7b6c9e76824d"},"headline":"Policiais militares prendem homem na Rodovi\u00e1ria de Petrolina com arma de fogo e 2 kg de maconha","datePublished":"2024-10-18T19:04:15+00:00","dateModified":"2024-10-18T19:05:53+00:00","mainEntityOfPage":{"@id":"https:\/\/blogdofarnesio.com.br\/?p=379343"},"wordCount":114,"commentCount":0,"publisher":{"@id":"https:\/\/blogdofarnesio.com.br\/#organization"},"image":{"@id":"https:\/\/blogdofarnesio.com.br\/?p=379343#primaryimage"},"thumbnailUrl":"https:\/\/blogdofarnesio.com.br\/wp-content\/uploads\/2018\/03\/blogqsppetRodovi\u00e1ria-foto-Ivaldo-reges1.jpeg","articleSection":["Pol\u00edcia"],"inLanguage":"pt-BR","potentialAction":[{"@type":"CommentAction","name":"Comment","target":["https:\/\/blogdofarnesio.com.br\/?p=379343#respond"]}]},{"@type":"WebPage","@id":"https:\/\/blogdofarnesio.com.br\/?p=379343","url":"https:\/\/blogdofarnesio.com.br\/?p=379343","name":"Policiais militares prendem homem na Rodovi\u00e1ria de Petrolina com arma de fogo e 2 kg de maconha - Blog do Farn\u00e9sio","isPartOf":{"@id":"https:\/\/blogdofarnesio.com.br\/#website"},"primaryImageOfPage":{"@id":"https:\/\/blogdofarnesio.com.br\/?p=379343#primaryimage"},"image":{"@id":"https:\/\/blogdofarnesio.com.br\/?p=379343#primaryimage"},"thumbnailUrl":"https:\/\/blogdofarnesio.com.br\/wp-content\/uploads\/2018\/03\/blogqsppetRodovi\u00e1ria-foto-Ivaldo-reges1.jpeg","datePublished":"2024-10-18T19:04:15+00:00","dateModified":"2024-10-18T19:05:53+00:00","breadcrumb":{"@id":"https:\/\/blogdofarnesio.com.br\/?p=379343#breadcrumb"},"inLanguage":"pt-BR","potentialAction":[{"@type":"ReadAction","target":["https:\/\/blogdofarnesio.com.br\/?p=379343"]}]},{"@type":"ImageObject","inLanguage":"pt-BR","@id":"https:\/\/blogdofarnesio.com.br\/?p=379343#primaryimage","url":"https:\/\/blogdofarnesio.com.br\/wp-content\/uploads\/2018\/03\/blogqsppetRodovi\u00e1ria-foto-Ivaldo-reges1.jpeg","contentUrl":"https:\/\/blogdofarnesio.com.br\/wp-content\/uploads\/2018\/03\/blogqsppetRodovi\u00e1ria-foto-Ivaldo-reges1.jpeg","width":640,"height":428},{"@type":"BreadcrumbList","@id":"https:\/\/blogdofarnesio.com.br\/?p=379343#breadcrumb","itemListElement":[{"@type":"ListItem","position":1,"name":"In\u00edcio","item":"https:\/\/blogdofarnesio.com.br\/"},{"@type":"ListItem","position":2,"name":"Policiais militares prendem homem na Rodovi\u00e1ria de Petrolina com arma de fogo e 2 kg de maconha"}]},{"@type":"WebSite","@id":"https:\/\/blogdofarnesio.com.br\/#website","url":"https:\/\/blogdofarnesio.com.br\/","name":"Blog do Farn\u00e9sio","description":"Quer Saber Pol\u00edtica?","publisher":{"@id":"https:\/\/blogdofarnesio.com.br\/#organization"},"potentialAction":[{"@type":"SearchAction","target":{"@type":"EntryPoint","urlTemplate":"https:\/\/blogdofarnesio.com.br\/?s={search_term_string}"},"query-input":{"@type":"PropertyValueSpecification","valueRequired":true,"valueName":"search_term_string"}}],"inLanguage":"pt-BR"},{"@type":"Organization","@id":"https:\/\/blogdofarnesio.com.br\/#organization","name":"Blog do Farn\u00e9sio","url":"https:\/\/blogdofarnesio.com.br\/","logo":{"@type":"ImageObject","inLanguage":"pt-BR","@id":"https:\/\/blogdofarnesio.com.br\/#\/schema\/logo\/image\/","url":"https:\/\/blogdofarnesio.com.br\/wp-content\/uploads\/2026\/03\/cropped-logo_new-1.png","contentUrl":"https:\/\/blogdofarnesio.com.br\/wp-content\/uploads\/2026\/03\/cropped-logo_new-1.png","width":881,"height":685,"caption":"Blog do Farn\u00e9sio"},"image":{"@id":"https:\/\/blogdofarnesio.com.br\/#\/schema\/logo\/image\/"},"sameAs":["https:\/\/www.facebook.com\/BlogQuerSaberPolitica\/"]},{"@type":"Person","@id":"https:\/\/blogdofarnesio.com.br\/#\/schema\/person\/bb9b23ae3ad0609ce8df7b6c9e76824d","name":"Farn\u00e9sio","image":{"@type":"ImageObject","inLanguage":"pt-BR","@id":"https:\/\/secure.gravatar.com\/avatar\/986aa4c61ccdb66f8555bf88fc2a65609d00bcabd4d2d94377a727547345cbca?s=96&d=mm&r=g","url":"https:\/\/secure.gravatar.com\/avatar\/986aa4c61ccdb66f8555bf88fc2a65609d00bcabd4d2d94377a727547345cbca?s=96&d=mm&r=g","contentUrl":"https:\/\/secure.gravatar.com\/avatar\/986aa4c61ccdb66f8555bf88fc2a65609d00bcabd4d2d94377a727547345cbca?s=96&d=mm&r=g","caption":"Farn\u00e9sio"},"description":"Radialista blogueiro, chegou a Petrolina\/Juazeiro em setembro de 1980, Farn\u00e9sio Silva \u00e9 de Arapiraca-Alagoas.","sameAs":["http:\/\/blogdofarnesio.com.br","https:\/\/www.facebook.com\/?ref=tn_tnmn","https:\/\/www.instagram.com\/?utm_source=pwa_homescreen","https:\/\/youtube.com.br\/"],"url":"https:\/\/blogdofarnesio.com.br\/?author=2"}]}},"_links":{"self":[{"href":"https:\/\/blogdofarnesio.com.br\/index.php?rest_route=\/wp\/v2\/posts\/379343","targetHints":{"allow":["GET"]}}],"collection":[{"href":"https:\/\/blogdofarnesio.com.br\/index.php?rest_route=\/wp\/v2\/posts"}],"about":[{"href":"https:\/\/blogdofarnesio.com.br\/index.php?rest_route=\/wp\/v2\/types\/post"}],"author":[{"embeddable":true,"href":"https:\/\/blogdofarnesio.com.br\/index.php?rest_route=\/wp\/v2\/users\/2"}],"replies":[{"embeddable":true,"href":"https:\/\/blogdofarnesio.com.br\/index.php?rest_route=%2Fwp%2Fv2%2Fcomments&post=379343"}],"version-history":[{"count":0,"href":"https:\/\/blogdofarnesio.com.br\/index.php?rest_route=\/wp\/v2\/posts\/379343\/revisions"}],"wp:featuredmedia":[{"embeddable":true,"href":"https:\/\/blogdofarnesio.com.br\/index.php?rest_route=\/wp\/v2\/media\/190685"}],"wp:attachment":[{"href":"https:\/\/blogdofarnesio.com.br\/index.php?rest_route=%2Fwp%2Fv2%2Fmedia&parent=379343"}],"wp:term":[{"taxonomy":"category","embeddable":true,"href":"https:\/\/blogdofarnesio.com.br\/index.php?rest_route=%2Fwp%2Fv2%2Fcategories&post=379343"},{"taxonomy":"post_tag","embeddable":true,"href":"https:\/\/blogdofarnesio.com.br\/index.php?rest_route=%2Fwp%2Fv2%2Ftags&post=379343"}],"curies":[{"name":"wp","href":"https:\/\/api.w.org\/{rel}","templated":true}]}}