{"id":379340,"date":"2024-10-18T17:04:51","date_gmt":"2024-10-18T20:04:51","guid":{"rendered":"https:\/\/blogdofarnesio.com.br\/?p=379340"},"modified":"2024-10-18T16:06:39","modified_gmt":"2024-10-18T19:06:39","slug":"operacao-no-porto-de-salvador-prende-6-pessoas-com-700-kg-de-cocaina","status":"publish","type":"post","link":"https:\/\/blogdofarnesio.com.br\/?p=379340","title":{"rendered":"Opera\u00e7\u00e3o no Porto de Salvador prende 6 pessoas com 700 kg de coca\u00edna"},"content":{"rendered":"<p>Uma opera\u00e7\u00e3o no Porto de Salvador prendeu 6 pessoas em flagrante com 700 kg de coca\u00edna, nesta quinta-feira (17). A a\u00e7\u00e3o realizada pela Receita Federal, localizou as drogas em um fundo falso de um caminh\u00e3o e um container com carga de exporta\u00e7\u00e3o de algod\u00e3o.<\/p>\n<p>A apreens\u00e3o aconteceu ap\u00f3s seguran\u00e7as do principal terminal log\u00edstico, no Porto de Salvador, notarem o comportamento suspeito de um motorista e decidirem acionar a Pol\u00edcia Federal e a Receita Federal.\u00a0Ao chegarem no local, os agentes encontraram 6 pessoas escondidas no lastro do caminh\u00e3o, que tentavam acessar o porto. Segundo publica\u00e7\u00e3o do Aratu ON, as drogas iriam ser enviadas para Europa.<\/p>\n<p>Ap\u00f3s a inspe\u00e7\u00e3o, foram encontrados em torno de 300 kg de coca\u00edna no ve\u00edculo. J\u00e1 o cont\u00eaineres, carregado com algod\u00e3o e com destino ao Porto de Algeciras, na Espanha, seria embarcado em um navio no final de semana. Cerca de 400 kg de coca\u00edna estavam escondidos por meio da t\u00e9cnica \u201crip on, rip off\u201d \u2013 usada para esconder drogas em cargas leg\u00edtimas sem o conhecimento do propriet\u00e1rio da mercadoria.<\/p>\n<p>O caminh\u00e3o foi apreendido pela Receita Federal, e ser\u00e1 emitido um auto de infra\u00e7\u00e3o para aplicar a pena de perdimento, devido \u00e0 droga escondida em um fundo falso.<\/p>\n","protected":false},"excerpt":{"rendered":"<p>Uma opera\u00e7\u00e3o no Porto de Salvador prendeu 6 pessoas em flagrante com 700 kg de coca\u00edna, nesta quinta-feira (17). A a\u00e7\u00e3o realizada pela Receita Federal, localizou as drogas em um fundo falso de um caminh\u00e3o e um container com carga de exporta\u00e7\u00e3o de algod\u00e3o. A apreens\u00e3o aconteceu ap\u00f3s seguran\u00e7as do principal terminal log\u00edstico, no Porto de Salvador, notarem o comportamento suspeito de um motorista e decidirem acionar a Pol\u00edcia Federal e a Receita Federal.\u00a0Ao chegarem no local, os agentes encontraram 6 pessoas escondidas no lastro do caminh\u00e3o, que tentavam acessar o porto. Segundo publica\u00e7\u00e3o do Aratu ON, as drogas iriam ser enviadas para Europa. Ap\u00f3s a inspe\u00e7\u00e3o, foram encontrados em torno de 300 kg de coca\u00edna no ve\u00edculo. J\u00e1 o&hellip; <\/p>\n","protected":false},"author":2,"featured_media":379341,"comment_status":"open","ping_status":"open","sticky":false,"template":"","format":"standard","meta":{"_acf_changed":false,"footnotes":""},"categories":[9],"tags":[],"class_list":["post-379340","post","type-post","status-publish","format-standard","has-post-thumbnail","hentry","category-policia"],"acf":[],"yoast_head":"<!-- This site is optimized with the Yoast SEO plugin v27.4 - https:\/\/yoast.com\/product\/yoast-seo-wordpress\/ -->\n<title>Opera\u00e7\u00e3o no Porto de Salvador prende 6 pessoas com 700 kg de coca\u00edna - Blog do Farn\u00e9sio<\/title>\n<meta name=\"robots\" content=\"index, follow, max-snippet:-1, max-image-preview:large, max-video-preview:-1\" \/>\n<link rel=\"canonical\" href=\"https:\/\/blogdofarnesio.com.br\/?p=379340\" \/>\n<meta property=\"og:locale\" content=\"pt_BR\" \/>\n<meta property=\"og:type\" content=\"article\" \/>\n<meta property=\"og:title\" content=\"Opera\u00e7\u00e3o no Porto de Salvador prende 6 pessoas com 700 kg de coca\u00edna - Blog do Farn\u00e9sio\" \/>\n<meta property=\"og:description\" content=\"Uma opera\u00e7\u00e3o no Porto de Salvador prendeu 6 pessoas em flagrante com 700 kg de coca\u00edna, nesta quinta-feira (17). A a\u00e7\u00e3o realizada pela Receita Federal, localizou as drogas em um fundo falso de um caminh\u00e3o e um container com carga de exporta\u00e7\u00e3o de algod\u00e3o. A apreens\u00e3o aconteceu ap\u00f3s seguran\u00e7as do principal terminal log\u00edstico, no Porto de Salvador, notarem o comportamento suspeito de um motorista e decidirem acionar a Pol\u00edcia Federal e a Receita Federal.\u00a0Ao chegarem no local, os agentes encontraram 6 pessoas escondidas no lastro do caminh\u00e3o, que tentavam acessar o porto. Segundo publica\u00e7\u00e3o do Aratu ON, as drogas iriam ser enviadas para Europa. Ap\u00f3s a inspe\u00e7\u00e3o, foram encontrados em torno de 300 kg de coca\u00edna no ve\u00edculo. J\u00e1 o&hellip;\" \/>\n<meta property=\"og:url\" content=\"https:\/\/blogdofarnesio.com.br\/?p=379340\" \/>\n<meta property=\"og:site_name\" content=\"Blog do Farn\u00e9sio\" \/>\n<meta property=\"article:publisher\" content=\"https:\/\/www.facebook.com\/BlogQuerSaberPolitica\/\" \/>\n<meta property=\"article:author\" content=\"https:\/\/www.facebook.com\/?ref=tn_tnmn\" \/>\n<meta property=\"article:published_time\" content=\"2024-10-18T20:04:51+00:00\" \/>\n<meta property=\"og:image\" content=\"https:\/\/blogdofarnesio.com.br\/wp-content\/uploads\/2024\/10\/blogqspsalvador-porto-cocaina.png\" \/>\n\t<meta property=\"og:image:width\" content=\"633\" \/>\n\t<meta property=\"og:image:height\" content=\"361\" \/>\n\t<meta property=\"og:image:type\" content=\"image\/png\" \/>\n<meta name=\"author\" content=\"Farn\u00e9sio\" \/>\n<meta name=\"twitter:card\" content=\"summary_large_image\" \/>\n<meta name=\"twitter:label1\" content=\"Escrito por\" \/>\n\t<meta name=\"twitter:data1\" content=\"Farn\u00e9sio\" \/>\n\t<meta name=\"twitter:label2\" content=\"Est. tempo de leitura\" \/>\n\t<meta name=\"twitter:data2\" content=\"1 minuto\" \/>\n<script type=\"application\/ld+json\" class=\"yoast-schema-graph\">{\"@context\":\"https:\\\/\\\/schema.org\",\"@graph\":[{\"@type\":\"Article\",\"@id\":\"https:\\\/\\\/blogdofarnesio.com.br\\\/?p=379340#article\",\"isPartOf\":{\"@id\":\"https:\\\/\\\/blogdofarnesio.com.br\\\/?p=379340\"},\"author\":{\"name\":\"Farn\u00e9sio\",\"@id\":\"https:\\\/\\\/blogdofarnesio.com.br\\\/#\\\/schema\\\/person\\\/bb9b23ae3ad0609ce8df7b6c9e76824d\"},\"headline\":\"Opera\u00e7\u00e3o no Porto de Salvador prende 6 pessoas com 700 kg de coca\u00edna\",\"datePublished\":\"2024-10-18T20:04:51+00:00\",\"mainEntityOfPage\":{\"@id\":\"https:\\\/\\\/blogdofarnesio.com.br\\\/?p=379340\"},\"wordCount\":232,\"commentCount\":0,\"publisher\":{\"@id\":\"https:\\\/\\\/blogdofarnesio.com.br\\\/#organization\"},\"image\":{\"@id\":\"https:\\\/\\\/blogdofarnesio.com.br\\\/?p=379340#primaryimage\"},\"thumbnailUrl\":\"https:\\\/\\\/blogdofarnesio.com.br\\\/wp-content\\\/uploads\\\/2024\\\/10\\\/blogqspsalvador-porto-cocaina.png\",\"articleSection\":[\"Pol\u00edcia\"],\"inLanguage\":\"pt-BR\",\"potentialAction\":[{\"@type\":\"CommentAction\",\"name\":\"Comment\",\"target\":[\"https:\\\/\\\/blogdofarnesio.com.br\\\/?p=379340#respond\"]}]},{\"@type\":\"WebPage\",\"@id\":\"https:\\\/\\\/blogdofarnesio.com.br\\\/?p=379340\",\"url\":\"https:\\\/\\\/blogdofarnesio.com.br\\\/?p=379340\",\"name\":\"Opera\u00e7\u00e3o no Porto de Salvador prende 6 pessoas com 700 kg de coca\u00edna - Blog do Farn\u00e9sio\",\"isPartOf\":{\"@id\":\"https:\\\/\\\/blogdofarnesio.com.br\\\/#website\"},\"primaryImageOfPage\":{\"@id\":\"https:\\\/\\\/blogdofarnesio.com.br\\\/?p=379340#primaryimage\"},\"image\":{\"@id\":\"https:\\\/\\\/blogdofarnesio.com.br\\\/?p=379340#primaryimage\"},\"thumbnailUrl\":\"https:\\\/\\\/blogdofarnesio.com.br\\\/wp-content\\\/uploads\\\/2024\\\/10\\\/blogqspsalvador-porto-cocaina.png\",\"datePublished\":\"2024-10-18T20:04:51+00:00\",\"breadcrumb\":{\"@id\":\"https:\\\/\\\/blogdofarnesio.com.br\\\/?p=379340#breadcrumb\"},\"inLanguage\":\"pt-BR\",\"potentialAction\":[{\"@type\":\"ReadAction\",\"target\":[\"https:\\\/\\\/blogdofarnesio.com.br\\\/?p=379340\"]}]},{\"@type\":\"ImageObject\",\"inLanguage\":\"pt-BR\",\"@id\":\"https:\\\/\\\/blogdofarnesio.com.br\\\/?p=379340#primaryimage\",\"url\":\"https:\\\/\\\/blogdofarnesio.com.br\\\/wp-content\\\/uploads\\\/2024\\\/10\\\/blogqspsalvador-porto-cocaina.png\",\"contentUrl\":\"https:\\\/\\\/blogdofarnesio.com.br\\\/wp-content\\\/uploads\\\/2024\\\/10\\\/blogqspsalvador-porto-cocaina.png\",\"width\":633,\"height\":361},{\"@type\":\"BreadcrumbList\",\"@id\":\"https:\\\/\\\/blogdofarnesio.com.br\\\/?p=379340#breadcrumb\",\"itemListElement\":[{\"@type\":\"ListItem\",\"position\":1,\"name\":\"In\u00edcio\",\"item\":\"https:\\\/\\\/blogdofarnesio.com.br\\\/\"},{\"@type\":\"ListItem\",\"position\":2,\"name\":\"Opera\u00e7\u00e3o no Porto de Salvador prende 6 pessoas com 700 kg de coca\u00edna\"}]},{\"@type\":\"WebSite\",\"@id\":\"https:\\\/\\\/blogdofarnesio.com.br\\\/#website\",\"url\":\"https:\\\/\\\/blogdofarnesio.com.br\\\/\",\"name\":\"Blog do Farn\u00e9sio\",\"description\":\"Quer Saber Pol\u00edtica?\",\"publisher\":{\"@id\":\"https:\\\/\\\/blogdofarnesio.com.br\\\/#organization\"},\"potentialAction\":[{\"@type\":\"SearchAction\",\"target\":{\"@type\":\"EntryPoint\",\"urlTemplate\":\"https:\\\/\\\/blogdofarnesio.com.br\\\/?s={search_term_string}\"},\"query-input\":{\"@type\":\"PropertyValueSpecification\",\"valueRequired\":true,\"valueName\":\"search_term_string\"}}],\"inLanguage\":\"pt-BR\"},{\"@type\":\"Organization\",\"@id\":\"https:\\\/\\\/blogdofarnesio.com.br\\\/#organization\",\"name\":\"Blog do Farn\u00e9sio\",\"url\":\"https:\\\/\\\/blogdofarnesio.com.br\\\/\",\"logo\":{\"@type\":\"ImageObject\",\"inLanguage\":\"pt-BR\",\"@id\":\"https:\\\/\\\/blogdofarnesio.com.br\\\/#\\\/schema\\\/logo\\\/image\\\/\",\"url\":\"https:\\\/\\\/blogdofarnesio.com.br\\\/wp-content\\\/uploads\\\/2026\\\/03\\\/cropped-logo_new-1.png\",\"contentUrl\":\"https:\\\/\\\/blogdofarnesio.com.br\\\/wp-content\\\/uploads\\\/2026\\\/03\\\/cropped-logo_new-1.png\",\"width\":881,\"height\":685,\"caption\":\"Blog do Farn\u00e9sio\"},\"image\":{\"@id\":\"https:\\\/\\\/blogdofarnesio.com.br\\\/#\\\/schema\\\/logo\\\/image\\\/\"},\"sameAs\":[\"https:\\\/\\\/www.facebook.com\\\/BlogQuerSaberPolitica\\\/\"]},{\"@type\":\"Person\",\"@id\":\"https:\\\/\\\/blogdofarnesio.com.br\\\/#\\\/schema\\\/person\\\/bb9b23ae3ad0609ce8df7b6c9e76824d\",\"name\":\"Farn\u00e9sio\",\"image\":{\"@type\":\"ImageObject\",\"inLanguage\":\"pt-BR\",\"@id\":\"https:\\\/\\\/secure.gravatar.com\\\/avatar\\\/986aa4c61ccdb66f8555bf88fc2a65609d00bcabd4d2d94377a727547345cbca?s=96&d=mm&r=g\",\"url\":\"https:\\\/\\\/secure.gravatar.com\\\/avatar\\\/986aa4c61ccdb66f8555bf88fc2a65609d00bcabd4d2d94377a727547345cbca?s=96&d=mm&r=g\",\"contentUrl\":\"https:\\\/\\\/secure.gravatar.com\\\/avatar\\\/986aa4c61ccdb66f8555bf88fc2a65609d00bcabd4d2d94377a727547345cbca?s=96&d=mm&r=g\",\"caption\":\"Farn\u00e9sio\"},\"description\":\"Radialista blogueiro, chegou a Petrolina\\\/Juazeiro em setembro de 1980, Farn\u00e9sio Silva \u00e9 de Arapiraca-Alagoas.\",\"sameAs\":[\"http:\\\/\\\/blogdofarnesio.com.br\",\"https:\\\/\\\/www.facebook.com\\\/?ref=tn_tnmn\",\"https:\\\/\\\/www.instagram.com\\\/?utm_source=pwa_homescreen\",\"https:\\\/\\\/youtube.com.br\\\/\"],\"url\":\"https:\\\/\\\/blogdofarnesio.com.br\\\/?author=2\"}]}<\/script>\n<!-- \/ Yoast SEO plugin. -->","yoast_head_json":{"title":"Opera\u00e7\u00e3o no Porto de Salvador prende 6 pessoas com 700 kg de coca\u00edna - Blog do Farn\u00e9sio","robots":{"index":"index","follow":"follow","max-snippet":"max-snippet:-1","max-image-preview":"max-image-preview:large","max-video-preview":"max-video-preview:-1"},"canonical":"https:\/\/blogdofarnesio.com.br\/?p=379340","og_locale":"pt_BR","og_type":"article","og_title":"Opera\u00e7\u00e3o no Porto de Salvador prende 6 pessoas com 700 kg de coca\u00edna - Blog do Farn\u00e9sio","og_description":"Uma opera\u00e7\u00e3o no Porto de Salvador prendeu 6 pessoas em flagrante com 700 kg de coca\u00edna, nesta quinta-feira (17). A a\u00e7\u00e3o realizada pela Receita Federal, localizou as drogas em um fundo falso de um caminh\u00e3o e um container com carga de exporta\u00e7\u00e3o de algod\u00e3o. A apreens\u00e3o aconteceu ap\u00f3s seguran\u00e7as do principal terminal log\u00edstico, no Porto de Salvador, notarem o comportamento suspeito de um motorista e decidirem acionar a Pol\u00edcia Federal e a Receita Federal.\u00a0Ao chegarem no local, os agentes encontraram 6 pessoas escondidas no lastro do caminh\u00e3o, que tentavam acessar o porto. Segundo publica\u00e7\u00e3o do Aratu ON, as drogas iriam ser enviadas para Europa. Ap\u00f3s a inspe\u00e7\u00e3o, foram encontrados em torno de 300 kg de coca\u00edna no ve\u00edculo. J\u00e1 o&hellip;","og_url":"https:\/\/blogdofarnesio.com.br\/?p=379340","og_site_name":"Blog do Farn\u00e9sio","article_publisher":"https:\/\/www.facebook.com\/BlogQuerSaberPolitica\/","article_author":"https:\/\/www.facebook.com\/?ref=tn_tnmn","article_published_time":"2024-10-18T20:04:51+00:00","og_image":[{"width":633,"height":361,"url":"https:\/\/blogdofarnesio.com.br\/wp-content\/uploads\/2024\/10\/blogqspsalvador-porto-cocaina.png","type":"image\/png"}],"author":"Farn\u00e9sio","twitter_card":"summary_large_image","twitter_misc":{"Escrito por":"Farn\u00e9sio","Est. tempo de leitura":"1 minuto"},"schema":{"@context":"https:\/\/schema.org","@graph":[{"@type":"Article","@id":"https:\/\/blogdofarnesio.com.br\/?p=379340#article","isPartOf":{"@id":"https:\/\/blogdofarnesio.com.br\/?p=379340"},"author":{"name":"Farn\u00e9sio","@id":"https:\/\/blogdofarnesio.com.br\/#\/schema\/person\/bb9b23ae3ad0609ce8df7b6c9e76824d"},"headline":"Opera\u00e7\u00e3o no Porto de Salvador prende 6 pessoas com 700 kg de coca\u00edna","datePublished":"2024-10-18T20:04:51+00:00","mainEntityOfPage":{"@id":"https:\/\/blogdofarnesio.com.br\/?p=379340"},"wordCount":232,"commentCount":0,"publisher":{"@id":"https:\/\/blogdofarnesio.com.br\/#organization"},"image":{"@id":"https:\/\/blogdofarnesio.com.br\/?p=379340#primaryimage"},"thumbnailUrl":"https:\/\/blogdofarnesio.com.br\/wp-content\/uploads\/2024\/10\/blogqspsalvador-porto-cocaina.png","articleSection":["Pol\u00edcia"],"inLanguage":"pt-BR","potentialAction":[{"@type":"CommentAction","name":"Comment","target":["https:\/\/blogdofarnesio.com.br\/?p=379340#respond"]}]},{"@type":"WebPage","@id":"https:\/\/blogdofarnesio.com.br\/?p=379340","url":"https:\/\/blogdofarnesio.com.br\/?p=379340","name":"Opera\u00e7\u00e3o no Porto de Salvador prende 6 pessoas com 700 kg de coca\u00edna - Blog do Farn\u00e9sio","isPartOf":{"@id":"https:\/\/blogdofarnesio.com.br\/#website"},"primaryImageOfPage":{"@id":"https:\/\/blogdofarnesio.com.br\/?p=379340#primaryimage"},"image":{"@id":"https:\/\/blogdofarnesio.com.br\/?p=379340#primaryimage"},"thumbnailUrl":"https:\/\/blogdofarnesio.com.br\/wp-content\/uploads\/2024\/10\/blogqspsalvador-porto-cocaina.png","datePublished":"2024-10-18T20:04:51+00:00","breadcrumb":{"@id":"https:\/\/blogdofarnesio.com.br\/?p=379340#breadcrumb"},"inLanguage":"pt-BR","potentialAction":[{"@type":"ReadAction","target":["https:\/\/blogdofarnesio.com.br\/?p=379340"]}]},{"@type":"ImageObject","inLanguage":"pt-BR","@id":"https:\/\/blogdofarnesio.com.br\/?p=379340#primaryimage","url":"https:\/\/blogdofarnesio.com.br\/wp-content\/uploads\/2024\/10\/blogqspsalvador-porto-cocaina.png","contentUrl":"https:\/\/blogdofarnesio.com.br\/wp-content\/uploads\/2024\/10\/blogqspsalvador-porto-cocaina.png","width":633,"height":361},{"@type":"BreadcrumbList","@id":"https:\/\/blogdofarnesio.com.br\/?p=379340#breadcrumb","itemListElement":[{"@type":"ListItem","position":1,"name":"In\u00edcio","item":"https:\/\/blogdofarnesio.com.br\/"},{"@type":"ListItem","position":2,"name":"Opera\u00e7\u00e3o no Porto de Salvador prende 6 pessoas com 700 kg de coca\u00edna"}]},{"@type":"WebSite","@id":"https:\/\/blogdofarnesio.com.br\/#website","url":"https:\/\/blogdofarnesio.com.br\/","name":"Blog do Farn\u00e9sio","description":"Quer Saber Pol\u00edtica?","publisher":{"@id":"https:\/\/blogdofarnesio.com.br\/#organization"},"potentialAction":[{"@type":"SearchAction","target":{"@type":"EntryPoint","urlTemplate":"https:\/\/blogdofarnesio.com.br\/?s={search_term_string}"},"query-input":{"@type":"PropertyValueSpecification","valueRequired":true,"valueName":"search_term_string"}}],"inLanguage":"pt-BR"},{"@type":"Organization","@id":"https:\/\/blogdofarnesio.com.br\/#organization","name":"Blog do Farn\u00e9sio","url":"https:\/\/blogdofarnesio.com.br\/","logo":{"@type":"ImageObject","inLanguage":"pt-BR","@id":"https:\/\/blogdofarnesio.com.br\/#\/schema\/logo\/image\/","url":"https:\/\/blogdofarnesio.com.br\/wp-content\/uploads\/2026\/03\/cropped-logo_new-1.png","contentUrl":"https:\/\/blogdofarnesio.com.br\/wp-content\/uploads\/2026\/03\/cropped-logo_new-1.png","width":881,"height":685,"caption":"Blog do Farn\u00e9sio"},"image":{"@id":"https:\/\/blogdofarnesio.com.br\/#\/schema\/logo\/image\/"},"sameAs":["https:\/\/www.facebook.com\/BlogQuerSaberPolitica\/"]},{"@type":"Person","@id":"https:\/\/blogdofarnesio.com.br\/#\/schema\/person\/bb9b23ae3ad0609ce8df7b6c9e76824d","name":"Farn\u00e9sio","image":{"@type":"ImageObject","inLanguage":"pt-BR","@id":"https:\/\/secure.gravatar.com\/avatar\/986aa4c61ccdb66f8555bf88fc2a65609d00bcabd4d2d94377a727547345cbca?s=96&d=mm&r=g","url":"https:\/\/secure.gravatar.com\/avatar\/986aa4c61ccdb66f8555bf88fc2a65609d00bcabd4d2d94377a727547345cbca?s=96&d=mm&r=g","contentUrl":"https:\/\/secure.gravatar.com\/avatar\/986aa4c61ccdb66f8555bf88fc2a65609d00bcabd4d2d94377a727547345cbca?s=96&d=mm&r=g","caption":"Farn\u00e9sio"},"description":"Radialista blogueiro, chegou a Petrolina\/Juazeiro em setembro de 1980, Farn\u00e9sio Silva \u00e9 de Arapiraca-Alagoas.","sameAs":["http:\/\/blogdofarnesio.com.br","https:\/\/www.facebook.com\/?ref=tn_tnmn","https:\/\/www.instagram.com\/?utm_source=pwa_homescreen","https:\/\/youtube.com.br\/"],"url":"https:\/\/blogdofarnesio.com.br\/?author=2"}]}},"_links":{"self":[{"href":"https:\/\/blogdofarnesio.com.br\/index.php?rest_route=\/wp\/v2\/posts\/379340","targetHints":{"allow":["GET"]}}],"collection":[{"href":"https:\/\/blogdofarnesio.com.br\/index.php?rest_route=\/wp\/v2\/posts"}],"about":[{"href":"https:\/\/blogdofarnesio.com.br\/index.php?rest_route=\/wp\/v2\/types\/post"}],"author":[{"embeddable":true,"href":"https:\/\/blogdofarnesio.com.br\/index.php?rest_route=\/wp\/v2\/users\/2"}],"replies":[{"embeddable":true,"href":"https:\/\/blogdofarnesio.com.br\/index.php?rest_route=%2Fwp%2Fv2%2Fcomments&post=379340"}],"version-history":[{"count":0,"href":"https:\/\/blogdofarnesio.com.br\/index.php?rest_route=\/wp\/v2\/posts\/379340\/revisions"}],"wp:featuredmedia":[{"embeddable":true,"href":"https:\/\/blogdofarnesio.com.br\/index.php?rest_route=\/wp\/v2\/media\/379341"}],"wp:attachment":[{"href":"https:\/\/blogdofarnesio.com.br\/index.php?rest_route=%2Fwp%2Fv2%2Fmedia&parent=379340"}],"wp:term":[{"taxonomy":"category","embeddable":true,"href":"https:\/\/blogdofarnesio.com.br\/index.php?rest_route=%2Fwp%2Fv2%2Fcategories&post=379340"},{"taxonomy":"post_tag","embeddable":true,"href":"https:\/\/blogdofarnesio.com.br\/index.php?rest_route=%2Fwp%2Fv2%2Ftags&post=379340"}],"curies":[{"name":"wp","href":"https:\/\/api.w.org\/{rel}","templated":true}]}}