{"id":379295,"date":"2024-10-18T16:24:34","date_gmt":"2024-10-18T19:24:34","guid":{"rendered":"https:\/\/blogdofarnesio.com.br\/?p=379295"},"modified":"2024-10-18T16:03:44","modified_gmt":"2024-10-18T19:03:44","slug":"licitacao-preve-a-construcao-do-bloco-de-laboratorios-do-campus-senhor-do-bonfim-da-univasf","status":"publish","type":"post","link":"https:\/\/blogdofarnesio.com.br\/?p=379295","title":{"rendered":"Licita\u00e7\u00e3o prev\u00ea a constru\u00e7\u00e3o do Bloco de Laborat\u00f3rios do Campus Senhor do Bonfim da Univasf"},"content":{"rendered":"<div id=\"viewlet-below-content-title\">\n<div id=\"viewlet-social-like\" class=\"horizontal\">\n<div class=\"sociallike-network-linkedin\">O processo de contrata\u00e7\u00e3o de empresa especializada para execu\u00e7\u00e3o da obra de constru\u00e7\u00e3o do Bloco de Laborat\u00f3rios do Campus Senhor do Bonfim, da Universidade Federal do Vale do S\u00e3o Francisco (Univasf), foi publicado ontem (15) no <a href=\"https:\/\/www.in.gov.br\/web\/dou\/-\/aviso-de-licitacao-590080202\" target=\"_blank\" rel=\"noopener\">Di\u00e1rio Oficial da Uni\u00e3o (DOU)<\/a>. A licita\u00e7\u00e3o, na modalidade concorr\u00eancia, prev\u00ea a constru\u00e7\u00e3o de um pr\u00e9dio com \u00e1rea de 4,9 mil metros quadrados. A obra ser\u00e1 financiada com recursos previstos no Novo Programa de Acelera\u00e7\u00e3o do Crescimento (PAC) do Governo Federal.<\/div>\n<\/div>\n<\/div>\n<div>\n<p>O Bloco de Laborat\u00f3rios do Campus Senhor do Bonfim abrigar\u00e1 os laborat\u00f3rios do curso de Ci\u00eancias da Natureza, que ainda n\u00e3o foram implantados. Al\u00e9m disso, abrigar\u00e1 os laborat\u00f3rios dos cursos de Geografia, Ecologia e o rec\u00e9m-criado curso de Geologia. O pr\u00e9dio contar\u00e1 ainda com outras \u00e1reas acad\u00eamicas e administrativas, incluindo os Colegiados Acad\u00eamicos.<\/p>\n<p>Segundo o reitor da Univasf, Telio Nobre Leite, o novo pr\u00e9dio \u00e9 uma demanda antiga, que existe desde o primeiro processo de expans\u00e3o do Campus Senhor do Bonfim, quando foi aprovada a abertura de novos cursos. Agora, com a libera\u00e7\u00e3o de recursos do Novo PAC do Governo Federal, a amplia\u00e7\u00e3o da infraestrutura ser\u00e1 poss\u00edvel. \u201cA partir do in\u00edcio do ano que vem, essa obra sair\u00e1 do papel. Continuaremos trabalhando para conseguir mais recursos e ampliar a infraestrutura da nossa universidade\u201d, afirmou o reitor.<\/p>\n<\/div>\n","protected":false},"excerpt":{"rendered":"<p>O processo de contrata\u00e7\u00e3o de empresa especializada para execu\u00e7\u00e3o da obra de constru\u00e7\u00e3o do Bloco de Laborat\u00f3rios do Campus Senhor do Bonfim, da Universidade Federal do Vale do S\u00e3o Francisco (Univasf), foi publicado ontem (15) no Di\u00e1rio Oficial da Uni\u00e3o (DOU). A licita\u00e7\u00e3o, na modalidade concorr\u00eancia, prev\u00ea a constru\u00e7\u00e3o de um pr\u00e9dio com \u00e1rea de 4,9 mil metros quadrados. A obra ser\u00e1 financiada com recursos previstos no Novo Programa de Acelera\u00e7\u00e3o do Crescimento (PAC) do Governo Federal. O Bloco de Laborat\u00f3rios do Campus Senhor do Bonfim abrigar\u00e1 os laborat\u00f3rios do curso de Ci\u00eancias da Natureza, que ainda n\u00e3o foram implantados. Al\u00e9m disso, abrigar\u00e1 os laborat\u00f3rios dos cursos de Geografia, Ecologia e o rec\u00e9m-criado curso de Geologia. O pr\u00e9dio contar\u00e1 ainda&hellip; <\/p>\n","protected":false},"author":2,"featured_media":249097,"comment_status":"open","ping_status":"open","sticky":false,"template":"","format":"standard","meta":{"_acf_changed":false,"footnotes":""},"categories":[27,6],"tags":[],"class_list":["post-379295","post","type-post","status-publish","format-standard","has-post-thumbnail","hentry","category-cidades","category-educacao"],"acf":[],"yoast_head":"<!-- This site is optimized with the Yoast SEO plugin v27.4 - https:\/\/yoast.com\/product\/yoast-seo-wordpress\/ -->\n<title>Licita\u00e7\u00e3o prev\u00ea a constru\u00e7\u00e3o do Bloco de Laborat\u00f3rios do Campus Senhor do Bonfim da Univasf - Blog do Farn\u00e9sio<\/title>\n<meta name=\"robots\" content=\"index, follow, max-snippet:-1, max-image-preview:large, max-video-preview:-1\" \/>\n<link rel=\"canonical\" href=\"https:\/\/blogdofarnesio.com.br\/?p=379295\" \/>\n<meta property=\"og:locale\" content=\"pt_BR\" \/>\n<meta property=\"og:type\" content=\"article\" \/>\n<meta property=\"og:title\" content=\"Licita\u00e7\u00e3o prev\u00ea a constru\u00e7\u00e3o do Bloco de Laborat\u00f3rios do Campus Senhor do Bonfim da Univasf - Blog do Farn\u00e9sio\" \/>\n<meta property=\"og:description\" content=\"O processo de contrata\u00e7\u00e3o de empresa especializada para execu\u00e7\u00e3o da obra de constru\u00e7\u00e3o do Bloco de Laborat\u00f3rios do Campus Senhor do Bonfim, da Universidade Federal do Vale do S\u00e3o Francisco (Univasf), foi publicado ontem (15) no Di\u00e1rio Oficial da Uni\u00e3o (DOU). A licita\u00e7\u00e3o, na modalidade concorr\u00eancia, prev\u00ea a constru\u00e7\u00e3o de um pr\u00e9dio com \u00e1rea de 4,9 mil metros quadrados. A obra ser\u00e1 financiada com recursos previstos no Novo Programa de Acelera\u00e7\u00e3o do Crescimento (PAC) do Governo Federal. O Bloco de Laborat\u00f3rios do Campus Senhor do Bonfim abrigar\u00e1 os laborat\u00f3rios do curso de Ci\u00eancias da Natureza, que ainda n\u00e3o foram implantados. Al\u00e9m disso, abrigar\u00e1 os laborat\u00f3rios dos cursos de Geografia, Ecologia e o rec\u00e9m-criado curso de Geologia. O pr\u00e9dio contar\u00e1 ainda&hellip;\" \/>\n<meta property=\"og:url\" content=\"https:\/\/blogdofarnesio.com.br\/?p=379295\" \/>\n<meta property=\"og:site_name\" content=\"Blog do Farn\u00e9sio\" \/>\n<meta property=\"article:publisher\" content=\"https:\/\/www.facebook.com\/BlogQuerSaberPolitica\/\" \/>\n<meta property=\"article:author\" content=\"https:\/\/www.facebook.com\/?ref=tn_tnmn\" \/>\n<meta property=\"article:published_time\" content=\"2024-10-18T19:24:34+00:00\" \/>\n<meta property=\"og:image\" content=\"https:\/\/blogdofarnesio.com.br\/wp-content\/uploads\/2020\/01\/blogqspunivasf-Sbonfim-e1580396491333.jpg\" \/>\n\t<meta property=\"og:image:width\" content=\"644\" \/>\n\t<meta property=\"og:image:height\" content=\"428\" \/>\n\t<meta property=\"og:image:type\" content=\"image\/jpeg\" \/>\n<meta name=\"author\" content=\"Farn\u00e9sio\" \/>\n<meta name=\"twitter:card\" content=\"summary_large_image\" \/>\n<meta name=\"twitter:label1\" content=\"Escrito por\" \/>\n\t<meta name=\"twitter:data1\" content=\"Farn\u00e9sio\" \/>\n\t<meta name=\"twitter:label2\" content=\"Est. tempo de leitura\" \/>\n\t<meta name=\"twitter:data2\" content=\"1 minuto\" \/>\n<script type=\"application\/ld+json\" class=\"yoast-schema-graph\">{\"@context\":\"https:\\\/\\\/schema.org\",\"@graph\":[{\"@type\":\"Article\",\"@id\":\"https:\\\/\\\/blogdofarnesio.com.br\\\/?p=379295#article\",\"isPartOf\":{\"@id\":\"https:\\\/\\\/blogdofarnesio.com.br\\\/?p=379295\"},\"author\":{\"name\":\"Farn\u00e9sio\",\"@id\":\"https:\\\/\\\/blogdofarnesio.com.br\\\/#\\\/schema\\\/person\\\/bb9b23ae3ad0609ce8df7b6c9e76824d\"},\"headline\":\"Licita\u00e7\u00e3o prev\u00ea a constru\u00e7\u00e3o do Bloco de Laborat\u00f3rios do Campus Senhor do Bonfim da Univasf\",\"datePublished\":\"2024-10-18T19:24:34+00:00\",\"mainEntityOfPage\":{\"@id\":\"https:\\\/\\\/blogdofarnesio.com.br\\\/?p=379295\"},\"wordCount\":256,\"commentCount\":0,\"publisher\":{\"@id\":\"https:\\\/\\\/blogdofarnesio.com.br\\\/#organization\"},\"image\":{\"@id\":\"https:\\\/\\\/blogdofarnesio.com.br\\\/?p=379295#primaryimage\"},\"thumbnailUrl\":\"https:\\\/\\\/blogdofarnesio.com.br\\\/wp-content\\\/uploads\\\/2020\\\/01\\\/blogqspunivasf-Sbonfim-e1580396491333.jpg\",\"articleSection\":[\"Cidades\",\"Educa\u00e7\u00e3o\"],\"inLanguage\":\"pt-BR\",\"potentialAction\":[{\"@type\":\"CommentAction\",\"name\":\"Comment\",\"target\":[\"https:\\\/\\\/blogdofarnesio.com.br\\\/?p=379295#respond\"]}]},{\"@type\":\"WebPage\",\"@id\":\"https:\\\/\\\/blogdofarnesio.com.br\\\/?p=379295\",\"url\":\"https:\\\/\\\/blogdofarnesio.com.br\\\/?p=379295\",\"name\":\"Licita\u00e7\u00e3o prev\u00ea a constru\u00e7\u00e3o do Bloco de Laborat\u00f3rios do Campus Senhor do Bonfim da Univasf - Blog do Farn\u00e9sio\",\"isPartOf\":{\"@id\":\"https:\\\/\\\/blogdofarnesio.com.br\\\/#website\"},\"primaryImageOfPage\":{\"@id\":\"https:\\\/\\\/blogdofarnesio.com.br\\\/?p=379295#primaryimage\"},\"image\":{\"@id\":\"https:\\\/\\\/blogdofarnesio.com.br\\\/?p=379295#primaryimage\"},\"thumbnailUrl\":\"https:\\\/\\\/blogdofarnesio.com.br\\\/wp-content\\\/uploads\\\/2020\\\/01\\\/blogqspunivasf-Sbonfim-e1580396491333.jpg\",\"datePublished\":\"2024-10-18T19:24:34+00:00\",\"breadcrumb\":{\"@id\":\"https:\\\/\\\/blogdofarnesio.com.br\\\/?p=379295#breadcrumb\"},\"inLanguage\":\"pt-BR\",\"potentialAction\":[{\"@type\":\"ReadAction\",\"target\":[\"https:\\\/\\\/blogdofarnesio.com.br\\\/?p=379295\"]}]},{\"@type\":\"ImageObject\",\"inLanguage\":\"pt-BR\",\"@id\":\"https:\\\/\\\/blogdofarnesio.com.br\\\/?p=379295#primaryimage\",\"url\":\"https:\\\/\\\/blogdofarnesio.com.br\\\/wp-content\\\/uploads\\\/2020\\\/01\\\/blogqspunivasf-Sbonfim-e1580396491333.jpg\",\"contentUrl\":\"https:\\\/\\\/blogdofarnesio.com.br\\\/wp-content\\\/uploads\\\/2020\\\/01\\\/blogqspunivasf-Sbonfim-e1580396491333.jpg\",\"width\":644,\"height\":428,\"caption\":\"Campus Senhor do Bonfim\"},{\"@type\":\"BreadcrumbList\",\"@id\":\"https:\\\/\\\/blogdofarnesio.com.br\\\/?p=379295#breadcrumb\",\"itemListElement\":[{\"@type\":\"ListItem\",\"position\":1,\"name\":\"In\u00edcio\",\"item\":\"https:\\\/\\\/blogdofarnesio.com.br\\\/\"},{\"@type\":\"ListItem\",\"position\":2,\"name\":\"Licita\u00e7\u00e3o prev\u00ea a constru\u00e7\u00e3o do Bloco de Laborat\u00f3rios do Campus Senhor do Bonfim da Univasf\"}]},{\"@type\":\"WebSite\",\"@id\":\"https:\\\/\\\/blogdofarnesio.com.br\\\/#website\",\"url\":\"https:\\\/\\\/blogdofarnesio.com.br\\\/\",\"name\":\"Blog do Farn\u00e9sio\",\"description\":\"Quer Saber Pol\u00edtica?\",\"publisher\":{\"@id\":\"https:\\\/\\\/blogdofarnesio.com.br\\\/#organization\"},\"potentialAction\":[{\"@type\":\"SearchAction\",\"target\":{\"@type\":\"EntryPoint\",\"urlTemplate\":\"https:\\\/\\\/blogdofarnesio.com.br\\\/?s={search_term_string}\"},\"query-input\":{\"@type\":\"PropertyValueSpecification\",\"valueRequired\":true,\"valueName\":\"search_term_string\"}}],\"inLanguage\":\"pt-BR\"},{\"@type\":\"Organization\",\"@id\":\"https:\\\/\\\/blogdofarnesio.com.br\\\/#organization\",\"name\":\"Blog do Farn\u00e9sio\",\"url\":\"https:\\\/\\\/blogdofarnesio.com.br\\\/\",\"logo\":{\"@type\":\"ImageObject\",\"inLanguage\":\"pt-BR\",\"@id\":\"https:\\\/\\\/blogdofarnesio.com.br\\\/#\\\/schema\\\/logo\\\/image\\\/\",\"url\":\"https:\\\/\\\/blogdofarnesio.com.br\\\/wp-content\\\/uploads\\\/2026\\\/03\\\/cropped-logo_new-1.png\",\"contentUrl\":\"https:\\\/\\\/blogdofarnesio.com.br\\\/wp-content\\\/uploads\\\/2026\\\/03\\\/cropped-logo_new-1.png\",\"width\":881,\"height\":685,\"caption\":\"Blog do Farn\u00e9sio\"},\"image\":{\"@id\":\"https:\\\/\\\/blogdofarnesio.com.br\\\/#\\\/schema\\\/logo\\\/image\\\/\"},\"sameAs\":[\"https:\\\/\\\/www.facebook.com\\\/BlogQuerSaberPolitica\\\/\"]},{\"@type\":\"Person\",\"@id\":\"https:\\\/\\\/blogdofarnesio.com.br\\\/#\\\/schema\\\/person\\\/bb9b23ae3ad0609ce8df7b6c9e76824d\",\"name\":\"Farn\u00e9sio\",\"image\":{\"@type\":\"ImageObject\",\"inLanguage\":\"pt-BR\",\"@id\":\"https:\\\/\\\/secure.gravatar.com\\\/avatar\\\/986aa4c61ccdb66f8555bf88fc2a65609d00bcabd4d2d94377a727547345cbca?s=96&d=mm&r=g\",\"url\":\"https:\\\/\\\/secure.gravatar.com\\\/avatar\\\/986aa4c61ccdb66f8555bf88fc2a65609d00bcabd4d2d94377a727547345cbca?s=96&d=mm&r=g\",\"contentUrl\":\"https:\\\/\\\/secure.gravatar.com\\\/avatar\\\/986aa4c61ccdb66f8555bf88fc2a65609d00bcabd4d2d94377a727547345cbca?s=96&d=mm&r=g\",\"caption\":\"Farn\u00e9sio\"},\"description\":\"Radialista blogueiro, chegou a Petrolina\\\/Juazeiro em setembro de 1980, Farn\u00e9sio Silva \u00e9 de Arapiraca-Alagoas.\",\"sameAs\":[\"http:\\\/\\\/blogdofarnesio.com.br\",\"https:\\\/\\\/www.facebook.com\\\/?ref=tn_tnmn\",\"https:\\\/\\\/www.instagram.com\\\/?utm_source=pwa_homescreen\",\"https:\\\/\\\/youtube.com.br\\\/\"],\"url\":\"https:\\\/\\\/blogdofarnesio.com.br\\\/?author=2\"}]}<\/script>\n<!-- \/ Yoast SEO plugin. -->","yoast_head_json":{"title":"Licita\u00e7\u00e3o prev\u00ea a constru\u00e7\u00e3o do Bloco de Laborat\u00f3rios do Campus Senhor do Bonfim da Univasf - Blog do Farn\u00e9sio","robots":{"index":"index","follow":"follow","max-snippet":"max-snippet:-1","max-image-preview":"max-image-preview:large","max-video-preview":"max-video-preview:-1"},"canonical":"https:\/\/blogdofarnesio.com.br\/?p=379295","og_locale":"pt_BR","og_type":"article","og_title":"Licita\u00e7\u00e3o prev\u00ea a constru\u00e7\u00e3o do Bloco de Laborat\u00f3rios do Campus Senhor do Bonfim da Univasf - Blog do Farn\u00e9sio","og_description":"O processo de contrata\u00e7\u00e3o de empresa especializada para execu\u00e7\u00e3o da obra de constru\u00e7\u00e3o do Bloco de Laborat\u00f3rios do Campus Senhor do Bonfim, da Universidade Federal do Vale do S\u00e3o Francisco (Univasf), foi publicado ontem (15) no Di\u00e1rio Oficial da Uni\u00e3o (DOU). A licita\u00e7\u00e3o, na modalidade concorr\u00eancia, prev\u00ea a constru\u00e7\u00e3o de um pr\u00e9dio com \u00e1rea de 4,9 mil metros quadrados. A obra ser\u00e1 financiada com recursos previstos no Novo Programa de Acelera\u00e7\u00e3o do Crescimento (PAC) do Governo Federal. O Bloco de Laborat\u00f3rios do Campus Senhor do Bonfim abrigar\u00e1 os laborat\u00f3rios do curso de Ci\u00eancias da Natureza, que ainda n\u00e3o foram implantados. Al\u00e9m disso, abrigar\u00e1 os laborat\u00f3rios dos cursos de Geografia, Ecologia e o rec\u00e9m-criado curso de Geologia. O pr\u00e9dio contar\u00e1 ainda&hellip;","og_url":"https:\/\/blogdofarnesio.com.br\/?p=379295","og_site_name":"Blog do Farn\u00e9sio","article_publisher":"https:\/\/www.facebook.com\/BlogQuerSaberPolitica\/","article_author":"https:\/\/www.facebook.com\/?ref=tn_tnmn","article_published_time":"2024-10-18T19:24:34+00:00","og_image":[{"width":644,"height":428,"url":"https:\/\/blogdofarnesio.com.br\/wp-content\/uploads\/2020\/01\/blogqspunivasf-Sbonfim-e1580396491333.jpg","type":"image\/jpeg"}],"author":"Farn\u00e9sio","twitter_card":"summary_large_image","twitter_misc":{"Escrito por":"Farn\u00e9sio","Est. tempo de leitura":"1 minuto"},"schema":{"@context":"https:\/\/schema.org","@graph":[{"@type":"Article","@id":"https:\/\/blogdofarnesio.com.br\/?p=379295#article","isPartOf":{"@id":"https:\/\/blogdofarnesio.com.br\/?p=379295"},"author":{"name":"Farn\u00e9sio","@id":"https:\/\/blogdofarnesio.com.br\/#\/schema\/person\/bb9b23ae3ad0609ce8df7b6c9e76824d"},"headline":"Licita\u00e7\u00e3o prev\u00ea a constru\u00e7\u00e3o do Bloco de Laborat\u00f3rios do Campus Senhor do Bonfim da Univasf","datePublished":"2024-10-18T19:24:34+00:00","mainEntityOfPage":{"@id":"https:\/\/blogdofarnesio.com.br\/?p=379295"},"wordCount":256,"commentCount":0,"publisher":{"@id":"https:\/\/blogdofarnesio.com.br\/#organization"},"image":{"@id":"https:\/\/blogdofarnesio.com.br\/?p=379295#primaryimage"},"thumbnailUrl":"https:\/\/blogdofarnesio.com.br\/wp-content\/uploads\/2020\/01\/blogqspunivasf-Sbonfim-e1580396491333.jpg","articleSection":["Cidades","Educa\u00e7\u00e3o"],"inLanguage":"pt-BR","potentialAction":[{"@type":"CommentAction","name":"Comment","target":["https:\/\/blogdofarnesio.com.br\/?p=379295#respond"]}]},{"@type":"WebPage","@id":"https:\/\/blogdofarnesio.com.br\/?p=379295","url":"https:\/\/blogdofarnesio.com.br\/?p=379295","name":"Licita\u00e7\u00e3o prev\u00ea a constru\u00e7\u00e3o do Bloco de Laborat\u00f3rios do Campus Senhor do Bonfim da Univasf - Blog do Farn\u00e9sio","isPartOf":{"@id":"https:\/\/blogdofarnesio.com.br\/#website"},"primaryImageOfPage":{"@id":"https:\/\/blogdofarnesio.com.br\/?p=379295#primaryimage"},"image":{"@id":"https:\/\/blogdofarnesio.com.br\/?p=379295#primaryimage"},"thumbnailUrl":"https:\/\/blogdofarnesio.com.br\/wp-content\/uploads\/2020\/01\/blogqspunivasf-Sbonfim-e1580396491333.jpg","datePublished":"2024-10-18T19:24:34+00:00","breadcrumb":{"@id":"https:\/\/blogdofarnesio.com.br\/?p=379295#breadcrumb"},"inLanguage":"pt-BR","potentialAction":[{"@type":"ReadAction","target":["https:\/\/blogdofarnesio.com.br\/?p=379295"]}]},{"@type":"ImageObject","inLanguage":"pt-BR","@id":"https:\/\/blogdofarnesio.com.br\/?p=379295#primaryimage","url":"https:\/\/blogdofarnesio.com.br\/wp-content\/uploads\/2020\/01\/blogqspunivasf-Sbonfim-e1580396491333.jpg","contentUrl":"https:\/\/blogdofarnesio.com.br\/wp-content\/uploads\/2020\/01\/blogqspunivasf-Sbonfim-e1580396491333.jpg","width":644,"height":428,"caption":"Campus Senhor do Bonfim"},{"@type":"BreadcrumbList","@id":"https:\/\/blogdofarnesio.com.br\/?p=379295#breadcrumb","itemListElement":[{"@type":"ListItem","position":1,"name":"In\u00edcio","item":"https:\/\/blogdofarnesio.com.br\/"},{"@type":"ListItem","position":2,"name":"Licita\u00e7\u00e3o prev\u00ea a constru\u00e7\u00e3o do Bloco de Laborat\u00f3rios do Campus Senhor do Bonfim da Univasf"}]},{"@type":"WebSite","@id":"https:\/\/blogdofarnesio.com.br\/#website","url":"https:\/\/blogdofarnesio.com.br\/","name":"Blog do Farn\u00e9sio","description":"Quer Saber Pol\u00edtica?","publisher":{"@id":"https:\/\/blogdofarnesio.com.br\/#organization"},"potentialAction":[{"@type":"SearchAction","target":{"@type":"EntryPoint","urlTemplate":"https:\/\/blogdofarnesio.com.br\/?s={search_term_string}"},"query-input":{"@type":"PropertyValueSpecification","valueRequired":true,"valueName":"search_term_string"}}],"inLanguage":"pt-BR"},{"@type":"Organization","@id":"https:\/\/blogdofarnesio.com.br\/#organization","name":"Blog do Farn\u00e9sio","url":"https:\/\/blogdofarnesio.com.br\/","logo":{"@type":"ImageObject","inLanguage":"pt-BR","@id":"https:\/\/blogdofarnesio.com.br\/#\/schema\/logo\/image\/","url":"https:\/\/blogdofarnesio.com.br\/wp-content\/uploads\/2026\/03\/cropped-logo_new-1.png","contentUrl":"https:\/\/blogdofarnesio.com.br\/wp-content\/uploads\/2026\/03\/cropped-logo_new-1.png","width":881,"height":685,"caption":"Blog do Farn\u00e9sio"},"image":{"@id":"https:\/\/blogdofarnesio.com.br\/#\/schema\/logo\/image\/"},"sameAs":["https:\/\/www.facebook.com\/BlogQuerSaberPolitica\/"]},{"@type":"Person","@id":"https:\/\/blogdofarnesio.com.br\/#\/schema\/person\/bb9b23ae3ad0609ce8df7b6c9e76824d","name":"Farn\u00e9sio","image":{"@type":"ImageObject","inLanguage":"pt-BR","@id":"https:\/\/secure.gravatar.com\/avatar\/986aa4c61ccdb66f8555bf88fc2a65609d00bcabd4d2d94377a727547345cbca?s=96&d=mm&r=g","url":"https:\/\/secure.gravatar.com\/avatar\/986aa4c61ccdb66f8555bf88fc2a65609d00bcabd4d2d94377a727547345cbca?s=96&d=mm&r=g","contentUrl":"https:\/\/secure.gravatar.com\/avatar\/986aa4c61ccdb66f8555bf88fc2a65609d00bcabd4d2d94377a727547345cbca?s=96&d=mm&r=g","caption":"Farn\u00e9sio"},"description":"Radialista blogueiro, chegou a Petrolina\/Juazeiro em setembro de 1980, Farn\u00e9sio Silva \u00e9 de Arapiraca-Alagoas.","sameAs":["http:\/\/blogdofarnesio.com.br","https:\/\/www.facebook.com\/?ref=tn_tnmn","https:\/\/www.instagram.com\/?utm_source=pwa_homescreen","https:\/\/youtube.com.br\/"],"url":"https:\/\/blogdofarnesio.com.br\/?author=2"}]}},"_links":{"self":[{"href":"https:\/\/blogdofarnesio.com.br\/index.php?rest_route=\/wp\/v2\/posts\/379295","targetHints":{"allow":["GET"]}}],"collection":[{"href":"https:\/\/blogdofarnesio.com.br\/index.php?rest_route=\/wp\/v2\/posts"}],"about":[{"href":"https:\/\/blogdofarnesio.com.br\/index.php?rest_route=\/wp\/v2\/types\/post"}],"author":[{"embeddable":true,"href":"https:\/\/blogdofarnesio.com.br\/index.php?rest_route=\/wp\/v2\/users\/2"}],"replies":[{"embeddable":true,"href":"https:\/\/blogdofarnesio.com.br\/index.php?rest_route=%2Fwp%2Fv2%2Fcomments&post=379295"}],"version-history":[{"count":0,"href":"https:\/\/blogdofarnesio.com.br\/index.php?rest_route=\/wp\/v2\/posts\/379295\/revisions"}],"wp:featuredmedia":[{"embeddable":true,"href":"https:\/\/blogdofarnesio.com.br\/index.php?rest_route=\/wp\/v2\/media\/249097"}],"wp:attachment":[{"href":"https:\/\/blogdofarnesio.com.br\/index.php?rest_route=%2Fwp%2Fv2%2Fmedia&parent=379295"}],"wp:term":[{"taxonomy":"category","embeddable":true,"href":"https:\/\/blogdofarnesio.com.br\/index.php?rest_route=%2Fwp%2Fv2%2Fcategories&post=379295"},{"taxonomy":"post_tag","embeddable":true,"href":"https:\/\/blogdofarnesio.com.br\/index.php?rest_route=%2Fwp%2Fv2%2Ftags&post=379295"}],"curies":[{"name":"wp","href":"https:\/\/api.w.org\/{rel}","templated":true}]}}