{"id":379241,"date":"2024-10-17T17:33:43","date_gmt":"2024-10-17T20:33:43","guid":{"rendered":"https:\/\/blogdofarnesio.com.br\/?p=379241"},"modified":"2024-10-17T16:58:59","modified_gmt":"2024-10-17T19:58:59","slug":"executiva-nacional-do-uniao-brasil-atende-pedido-do-deputado-fernando-filho-e-faz-intervencao-no-diretorio-do-partido-em-pe","status":"publish","type":"post","link":"https:\/\/blogdofarnesio.com.br\/?p=379241","title":{"rendered":"Executiva nacional do Uni\u00e3o Brasil atende pedido do deputado Fernando Filho e faz interven\u00e7\u00e3o no diret\u00f3rio do partido em PE"},"content":{"rendered":"<div class=\"entry-content clearfix\">\n<p>A executiva nacional do Uni\u00e3o Brasil decidiu, por unanimidade, realizar uma interven\u00e7\u00e3o no diret\u00f3rio estadual do partido em Pernambuco. Decis\u00e3o foi formalizada nessa quarta-feira, 16, em reuni\u00e3o em Bras\u00edlia, atendendo pedido do deputado federal Fernando Filho. Em breve devem ser anunciados os novos rumos da legenda em Pernambuco.<\/p>\n<p>\u201cImportante decis\u00e3o da executiva que sinaliza um novo momento em Pernambuco. Foi uma decis\u00e3o por unanimidade, que refor\u00e7a que nosso pedido tinha motivo justo. Agora \u00e9 trabalhar pela constru\u00e7\u00e3o para reestruturar o Uni\u00e3o em Pernambuco e buscar um entendimento comum para se criar um ambiente de paz e fortalecimento pol\u00edtico\u201d, comentou Fernando Filho.<\/p>\n<p>A decis\u00e3o foi comemorada pelo ex-prefeito de Petrolina, Miguel Coelho, tamb\u00e9m filiado ao partido. Ele destaca que existia uma inseguran\u00e7a em n\u00edvel estadual, que agora deve ser superada. \u201c\u00c9 um novo tempo para o Uni\u00e3o Brasil. O partido passou por grandes mudan\u00e7as recentes sob a lideran\u00e7a do presidente Rueda. Mas ainda era necess\u00e1rio trazer seguran\u00e7a pol\u00edtica e jur\u00eddica para o diret\u00f3rio pernambucano. Tenho certeza que, agora, o Uni\u00e3o sai fortalecido e se tornar\u00e1 um dos principais protagonistas da pol\u00edtica pernambucana\u201c, afirmou.<\/p>\n<\/div>\n","protected":false},"excerpt":{"rendered":"<p>A executiva nacional do Uni\u00e3o Brasil decidiu, por unanimidade, realizar uma interven\u00e7\u00e3o no diret\u00f3rio estadual do partido em Pernambuco. Decis\u00e3o foi formalizada nessa quarta-feira, 16, em reuni\u00e3o em Bras\u00edlia, atendendo pedido do deputado federal Fernando Filho. Em breve devem ser anunciados os novos rumos da legenda em Pernambuco. \u201cImportante decis\u00e3o da executiva que sinaliza um novo momento em Pernambuco. Foi uma decis\u00e3o por unanimidade, que refor\u00e7a que nosso pedido tinha motivo justo. Agora \u00e9 trabalhar pela constru\u00e7\u00e3o para reestruturar o Uni\u00e3o em Pernambuco e buscar um entendimento comum para se criar um ambiente de paz e fortalecimento pol\u00edtico\u201d, comentou Fernando Filho. A decis\u00e3o foi comemorada pelo ex-prefeito de Petrolina, Miguel Coelho, tamb\u00e9m filiado ao partido. Ele destaca que existia uma&hellip; <\/p>\n","protected":false},"author":2,"featured_media":351912,"comment_status":"open","ping_status":"open","sticky":false,"template":"","format":"standard","meta":{"_acf_changed":false,"footnotes":""},"categories":[1],"tags":[],"class_list":["post-379241","post","type-post","status-publish","format-standard","has-post-thumbnail","hentry","category-politica"],"acf":[],"yoast_head":"<!-- This site is optimized with the Yoast SEO plugin v27.4 - https:\/\/yoast.com\/product\/yoast-seo-wordpress\/ -->\n<title>Executiva nacional do Uni\u00e3o Brasil atende pedido do deputado Fernando Filho e faz interven\u00e7\u00e3o no diret\u00f3rio do partido em PE - Blog do Farn\u00e9sio<\/title>\n<meta name=\"robots\" content=\"index, follow, max-snippet:-1, max-image-preview:large, max-video-preview:-1\" \/>\n<link rel=\"canonical\" href=\"https:\/\/blogdofarnesio.com.br\/?p=379241\" \/>\n<meta property=\"og:locale\" content=\"pt_BR\" \/>\n<meta property=\"og:type\" content=\"article\" \/>\n<meta property=\"og:title\" content=\"Executiva nacional do Uni\u00e3o Brasil atende pedido do deputado Fernando Filho e faz interven\u00e7\u00e3o no diret\u00f3rio do partido em PE - Blog do Farn\u00e9sio\" \/>\n<meta property=\"og:description\" content=\"A executiva nacional do Uni\u00e3o Brasil decidiu, por unanimidade, realizar uma interven\u00e7\u00e3o no diret\u00f3rio estadual do partido em Pernambuco. Decis\u00e3o foi formalizada nessa quarta-feira, 16, em reuni\u00e3o em Bras\u00edlia, atendendo pedido do deputado federal Fernando Filho. Em breve devem ser anunciados os novos rumos da legenda em Pernambuco. \u201cImportante decis\u00e3o da executiva que sinaliza um novo momento em Pernambuco. Foi uma decis\u00e3o por unanimidade, que refor\u00e7a que nosso pedido tinha motivo justo. Agora \u00e9 trabalhar pela constru\u00e7\u00e3o para reestruturar o Uni\u00e3o em Pernambuco e buscar um entendimento comum para se criar um ambiente de paz e fortalecimento pol\u00edtico\u201d, comentou Fernando Filho. A decis\u00e3o foi comemorada pelo ex-prefeito de Petrolina, Miguel Coelho, tamb\u00e9m filiado ao partido. Ele destaca que existia uma&hellip;\" \/>\n<meta property=\"og:url\" content=\"https:\/\/blogdofarnesio.com.br\/?p=379241\" \/>\n<meta property=\"og:site_name\" content=\"Blog do Farn\u00e9sio\" \/>\n<meta property=\"article:publisher\" content=\"https:\/\/www.facebook.com\/BlogQuerSaberPolitica\/\" \/>\n<meta property=\"article:author\" content=\"https:\/\/www.facebook.com\/?ref=tn_tnmn\" \/>\n<meta property=\"article:published_time\" content=\"2024-10-17T20:33:43+00:00\" \/>\n<meta property=\"og:image\" content=\"https:\/\/blogdofarnesio.com.br\/wp-content\/uploads\/2023\/10\/7-e1696517829582.jpeg\" \/>\n\t<meta property=\"og:image:width\" content=\"600\" \/>\n\t<meta property=\"og:image:height\" content=\"400\" \/>\n\t<meta property=\"og:image:type\" content=\"image\/jpeg\" \/>\n<meta name=\"author\" content=\"Farn\u00e9sio\" \/>\n<meta name=\"twitter:card\" content=\"summary_large_image\" \/>\n<meta name=\"twitter:label1\" content=\"Escrito por\" \/>\n\t<meta name=\"twitter:data1\" content=\"Farn\u00e9sio\" \/>\n\t<meta name=\"twitter:label2\" content=\"Est. tempo de leitura\" \/>\n\t<meta name=\"twitter:data2\" content=\"1 minuto\" \/>\n<script type=\"application\/ld+json\" class=\"yoast-schema-graph\">{\"@context\":\"https:\\\/\\\/schema.org\",\"@graph\":[{\"@type\":\"Article\",\"@id\":\"https:\\\/\\\/blogdofarnesio.com.br\\\/?p=379241#article\",\"isPartOf\":{\"@id\":\"https:\\\/\\\/blogdofarnesio.com.br\\\/?p=379241\"},\"author\":{\"name\":\"Farn\u00e9sio\",\"@id\":\"https:\\\/\\\/blogdofarnesio.com.br\\\/#\\\/schema\\\/person\\\/bb9b23ae3ad0609ce8df7b6c9e76824d\"},\"headline\":\"Executiva nacional do Uni\u00e3o Brasil atende pedido do deputado Fernando Filho e faz interven\u00e7\u00e3o no diret\u00f3rio do partido em PE\",\"datePublished\":\"2024-10-17T20:33:43+00:00\",\"mainEntityOfPage\":{\"@id\":\"https:\\\/\\\/blogdofarnesio.com.br\\\/?p=379241\"},\"wordCount\":228,\"commentCount\":0,\"publisher\":{\"@id\":\"https:\\\/\\\/blogdofarnesio.com.br\\\/#organization\"},\"image\":{\"@id\":\"https:\\\/\\\/blogdofarnesio.com.br\\\/?p=379241#primaryimage\"},\"thumbnailUrl\":\"https:\\\/\\\/blogdofarnesio.com.br\\\/wp-content\\\/uploads\\\/2023\\\/10\\\/7-e1696517829582.jpeg\",\"articleSection\":[\"Pol\u00edtica\"],\"inLanguage\":\"pt-BR\",\"potentialAction\":[{\"@type\":\"CommentAction\",\"name\":\"Comment\",\"target\":[\"https:\\\/\\\/blogdofarnesio.com.br\\\/?p=379241#respond\"]}]},{\"@type\":\"WebPage\",\"@id\":\"https:\\\/\\\/blogdofarnesio.com.br\\\/?p=379241\",\"url\":\"https:\\\/\\\/blogdofarnesio.com.br\\\/?p=379241\",\"name\":\"Executiva nacional do Uni\u00e3o Brasil atende pedido do deputado Fernando Filho e faz interven\u00e7\u00e3o no diret\u00f3rio do partido em PE - Blog do Farn\u00e9sio\",\"isPartOf\":{\"@id\":\"https:\\\/\\\/blogdofarnesio.com.br\\\/#website\"},\"primaryImageOfPage\":{\"@id\":\"https:\\\/\\\/blogdofarnesio.com.br\\\/?p=379241#primaryimage\"},\"image\":{\"@id\":\"https:\\\/\\\/blogdofarnesio.com.br\\\/?p=379241#primaryimage\"},\"thumbnailUrl\":\"https:\\\/\\\/blogdofarnesio.com.br\\\/wp-content\\\/uploads\\\/2023\\\/10\\\/7-e1696517829582.jpeg\",\"datePublished\":\"2024-10-17T20:33:43+00:00\",\"breadcrumb\":{\"@id\":\"https:\\\/\\\/blogdofarnesio.com.br\\\/?p=379241#breadcrumb\"},\"inLanguage\":\"pt-BR\",\"potentialAction\":[{\"@type\":\"ReadAction\",\"target\":[\"https:\\\/\\\/blogdofarnesio.com.br\\\/?p=379241\"]}]},{\"@type\":\"ImageObject\",\"inLanguage\":\"pt-BR\",\"@id\":\"https:\\\/\\\/blogdofarnesio.com.br\\\/?p=379241#primaryimage\",\"url\":\"https:\\\/\\\/blogdofarnesio.com.br\\\/wp-content\\\/uploads\\\/2023\\\/10\\\/7-e1696517829582.jpeg\",\"contentUrl\":\"https:\\\/\\\/blogdofarnesio.com.br\\\/wp-content\\\/uploads\\\/2023\\\/10\\\/7-e1696517829582.jpeg\",\"width\":600,\"height\":400},{\"@type\":\"BreadcrumbList\",\"@id\":\"https:\\\/\\\/blogdofarnesio.com.br\\\/?p=379241#breadcrumb\",\"itemListElement\":[{\"@type\":\"ListItem\",\"position\":1,\"name\":\"In\u00edcio\",\"item\":\"https:\\\/\\\/blogdofarnesio.com.br\\\/\"},{\"@type\":\"ListItem\",\"position\":2,\"name\":\"Executiva nacional do Uni\u00e3o Brasil atende pedido do deputado Fernando Filho e faz interven\u00e7\u00e3o no diret\u00f3rio do partido em PE\"}]},{\"@type\":\"WebSite\",\"@id\":\"https:\\\/\\\/blogdofarnesio.com.br\\\/#website\",\"url\":\"https:\\\/\\\/blogdofarnesio.com.br\\\/\",\"name\":\"Blog do Farn\u00e9sio\",\"description\":\"Quer Saber Pol\u00edtica?\",\"publisher\":{\"@id\":\"https:\\\/\\\/blogdofarnesio.com.br\\\/#organization\"},\"potentialAction\":[{\"@type\":\"SearchAction\",\"target\":{\"@type\":\"EntryPoint\",\"urlTemplate\":\"https:\\\/\\\/blogdofarnesio.com.br\\\/?s={search_term_string}\"},\"query-input\":{\"@type\":\"PropertyValueSpecification\",\"valueRequired\":true,\"valueName\":\"search_term_string\"}}],\"inLanguage\":\"pt-BR\"},{\"@type\":\"Organization\",\"@id\":\"https:\\\/\\\/blogdofarnesio.com.br\\\/#organization\",\"name\":\"Blog do Farn\u00e9sio\",\"url\":\"https:\\\/\\\/blogdofarnesio.com.br\\\/\",\"logo\":{\"@type\":\"ImageObject\",\"inLanguage\":\"pt-BR\",\"@id\":\"https:\\\/\\\/blogdofarnesio.com.br\\\/#\\\/schema\\\/logo\\\/image\\\/\",\"url\":\"https:\\\/\\\/blogdofarnesio.com.br\\\/wp-content\\\/uploads\\\/2026\\\/03\\\/cropped-logo_new-1.png\",\"contentUrl\":\"https:\\\/\\\/blogdofarnesio.com.br\\\/wp-content\\\/uploads\\\/2026\\\/03\\\/cropped-logo_new-1.png\",\"width\":881,\"height\":685,\"caption\":\"Blog do Farn\u00e9sio\"},\"image\":{\"@id\":\"https:\\\/\\\/blogdofarnesio.com.br\\\/#\\\/schema\\\/logo\\\/image\\\/\"},\"sameAs\":[\"https:\\\/\\\/www.facebook.com\\\/BlogQuerSaberPolitica\\\/\"]},{\"@type\":\"Person\",\"@id\":\"https:\\\/\\\/blogdofarnesio.com.br\\\/#\\\/schema\\\/person\\\/bb9b23ae3ad0609ce8df7b6c9e76824d\",\"name\":\"Farn\u00e9sio\",\"image\":{\"@type\":\"ImageObject\",\"inLanguage\":\"pt-BR\",\"@id\":\"https:\\\/\\\/secure.gravatar.com\\\/avatar\\\/986aa4c61ccdb66f8555bf88fc2a65609d00bcabd4d2d94377a727547345cbca?s=96&d=mm&r=g\",\"url\":\"https:\\\/\\\/secure.gravatar.com\\\/avatar\\\/986aa4c61ccdb66f8555bf88fc2a65609d00bcabd4d2d94377a727547345cbca?s=96&d=mm&r=g\",\"contentUrl\":\"https:\\\/\\\/secure.gravatar.com\\\/avatar\\\/986aa4c61ccdb66f8555bf88fc2a65609d00bcabd4d2d94377a727547345cbca?s=96&d=mm&r=g\",\"caption\":\"Farn\u00e9sio\"},\"description\":\"Radialista blogueiro, chegou a Petrolina\\\/Juazeiro em setembro de 1980, Farn\u00e9sio Silva \u00e9 de Arapiraca-Alagoas.\",\"sameAs\":[\"http:\\\/\\\/blogdofarnesio.com.br\",\"https:\\\/\\\/www.facebook.com\\\/?ref=tn_tnmn\",\"https:\\\/\\\/www.instagram.com\\\/?utm_source=pwa_homescreen\",\"https:\\\/\\\/youtube.com.br\\\/\"],\"url\":\"https:\\\/\\\/blogdofarnesio.com.br\\\/?author=2\"}]}<\/script>\n<!-- \/ Yoast SEO plugin. -->","yoast_head_json":{"title":"Executiva nacional do Uni\u00e3o Brasil atende pedido do deputado Fernando Filho e faz interven\u00e7\u00e3o no diret\u00f3rio do partido em PE - Blog do Farn\u00e9sio","robots":{"index":"index","follow":"follow","max-snippet":"max-snippet:-1","max-image-preview":"max-image-preview:large","max-video-preview":"max-video-preview:-1"},"canonical":"https:\/\/blogdofarnesio.com.br\/?p=379241","og_locale":"pt_BR","og_type":"article","og_title":"Executiva nacional do Uni\u00e3o Brasil atende pedido do deputado Fernando Filho e faz interven\u00e7\u00e3o no diret\u00f3rio do partido em PE - Blog do Farn\u00e9sio","og_description":"A executiva nacional do Uni\u00e3o Brasil decidiu, por unanimidade, realizar uma interven\u00e7\u00e3o no diret\u00f3rio estadual do partido em Pernambuco. Decis\u00e3o foi formalizada nessa quarta-feira, 16, em reuni\u00e3o em Bras\u00edlia, atendendo pedido do deputado federal Fernando Filho. Em breve devem ser anunciados os novos rumos da legenda em Pernambuco. \u201cImportante decis\u00e3o da executiva que sinaliza um novo momento em Pernambuco. Foi uma decis\u00e3o por unanimidade, que refor\u00e7a que nosso pedido tinha motivo justo. Agora \u00e9 trabalhar pela constru\u00e7\u00e3o para reestruturar o Uni\u00e3o em Pernambuco e buscar um entendimento comum para se criar um ambiente de paz e fortalecimento pol\u00edtico\u201d, comentou Fernando Filho. A decis\u00e3o foi comemorada pelo ex-prefeito de Petrolina, Miguel Coelho, tamb\u00e9m filiado ao partido. Ele destaca que existia uma&hellip;","og_url":"https:\/\/blogdofarnesio.com.br\/?p=379241","og_site_name":"Blog do Farn\u00e9sio","article_publisher":"https:\/\/www.facebook.com\/BlogQuerSaberPolitica\/","article_author":"https:\/\/www.facebook.com\/?ref=tn_tnmn","article_published_time":"2024-10-17T20:33:43+00:00","og_image":[{"width":600,"height":400,"url":"https:\/\/blogdofarnesio.com.br\/wp-content\/uploads\/2023\/10\/7-e1696517829582.jpeg","type":"image\/jpeg"}],"author":"Farn\u00e9sio","twitter_card":"summary_large_image","twitter_misc":{"Escrito por":"Farn\u00e9sio","Est. tempo de leitura":"1 minuto"},"schema":{"@context":"https:\/\/schema.org","@graph":[{"@type":"Article","@id":"https:\/\/blogdofarnesio.com.br\/?p=379241#article","isPartOf":{"@id":"https:\/\/blogdofarnesio.com.br\/?p=379241"},"author":{"name":"Farn\u00e9sio","@id":"https:\/\/blogdofarnesio.com.br\/#\/schema\/person\/bb9b23ae3ad0609ce8df7b6c9e76824d"},"headline":"Executiva nacional do Uni\u00e3o Brasil atende pedido do deputado Fernando Filho e faz interven\u00e7\u00e3o no diret\u00f3rio do partido em PE","datePublished":"2024-10-17T20:33:43+00:00","mainEntityOfPage":{"@id":"https:\/\/blogdofarnesio.com.br\/?p=379241"},"wordCount":228,"commentCount":0,"publisher":{"@id":"https:\/\/blogdofarnesio.com.br\/#organization"},"image":{"@id":"https:\/\/blogdofarnesio.com.br\/?p=379241#primaryimage"},"thumbnailUrl":"https:\/\/blogdofarnesio.com.br\/wp-content\/uploads\/2023\/10\/7-e1696517829582.jpeg","articleSection":["Pol\u00edtica"],"inLanguage":"pt-BR","potentialAction":[{"@type":"CommentAction","name":"Comment","target":["https:\/\/blogdofarnesio.com.br\/?p=379241#respond"]}]},{"@type":"WebPage","@id":"https:\/\/blogdofarnesio.com.br\/?p=379241","url":"https:\/\/blogdofarnesio.com.br\/?p=379241","name":"Executiva nacional do Uni\u00e3o Brasil atende pedido do deputado Fernando Filho e faz interven\u00e7\u00e3o no diret\u00f3rio do partido em PE - Blog do Farn\u00e9sio","isPartOf":{"@id":"https:\/\/blogdofarnesio.com.br\/#website"},"primaryImageOfPage":{"@id":"https:\/\/blogdofarnesio.com.br\/?p=379241#primaryimage"},"image":{"@id":"https:\/\/blogdofarnesio.com.br\/?p=379241#primaryimage"},"thumbnailUrl":"https:\/\/blogdofarnesio.com.br\/wp-content\/uploads\/2023\/10\/7-e1696517829582.jpeg","datePublished":"2024-10-17T20:33:43+00:00","breadcrumb":{"@id":"https:\/\/blogdofarnesio.com.br\/?p=379241#breadcrumb"},"inLanguage":"pt-BR","potentialAction":[{"@type":"ReadAction","target":["https:\/\/blogdofarnesio.com.br\/?p=379241"]}]},{"@type":"ImageObject","inLanguage":"pt-BR","@id":"https:\/\/blogdofarnesio.com.br\/?p=379241#primaryimage","url":"https:\/\/blogdofarnesio.com.br\/wp-content\/uploads\/2023\/10\/7-e1696517829582.jpeg","contentUrl":"https:\/\/blogdofarnesio.com.br\/wp-content\/uploads\/2023\/10\/7-e1696517829582.jpeg","width":600,"height":400},{"@type":"BreadcrumbList","@id":"https:\/\/blogdofarnesio.com.br\/?p=379241#breadcrumb","itemListElement":[{"@type":"ListItem","position":1,"name":"In\u00edcio","item":"https:\/\/blogdofarnesio.com.br\/"},{"@type":"ListItem","position":2,"name":"Executiva nacional do Uni\u00e3o Brasil atende pedido do deputado Fernando Filho e faz interven\u00e7\u00e3o no diret\u00f3rio do partido em PE"}]},{"@type":"WebSite","@id":"https:\/\/blogdofarnesio.com.br\/#website","url":"https:\/\/blogdofarnesio.com.br\/","name":"Blog do Farn\u00e9sio","description":"Quer Saber Pol\u00edtica?","publisher":{"@id":"https:\/\/blogdofarnesio.com.br\/#organization"},"potentialAction":[{"@type":"SearchAction","target":{"@type":"EntryPoint","urlTemplate":"https:\/\/blogdofarnesio.com.br\/?s={search_term_string}"},"query-input":{"@type":"PropertyValueSpecification","valueRequired":true,"valueName":"search_term_string"}}],"inLanguage":"pt-BR"},{"@type":"Organization","@id":"https:\/\/blogdofarnesio.com.br\/#organization","name":"Blog do Farn\u00e9sio","url":"https:\/\/blogdofarnesio.com.br\/","logo":{"@type":"ImageObject","inLanguage":"pt-BR","@id":"https:\/\/blogdofarnesio.com.br\/#\/schema\/logo\/image\/","url":"https:\/\/blogdofarnesio.com.br\/wp-content\/uploads\/2026\/03\/cropped-logo_new-1.png","contentUrl":"https:\/\/blogdofarnesio.com.br\/wp-content\/uploads\/2026\/03\/cropped-logo_new-1.png","width":881,"height":685,"caption":"Blog do Farn\u00e9sio"},"image":{"@id":"https:\/\/blogdofarnesio.com.br\/#\/schema\/logo\/image\/"},"sameAs":["https:\/\/www.facebook.com\/BlogQuerSaberPolitica\/"]},{"@type":"Person","@id":"https:\/\/blogdofarnesio.com.br\/#\/schema\/person\/bb9b23ae3ad0609ce8df7b6c9e76824d","name":"Farn\u00e9sio","image":{"@type":"ImageObject","inLanguage":"pt-BR","@id":"https:\/\/secure.gravatar.com\/avatar\/986aa4c61ccdb66f8555bf88fc2a65609d00bcabd4d2d94377a727547345cbca?s=96&d=mm&r=g","url":"https:\/\/secure.gravatar.com\/avatar\/986aa4c61ccdb66f8555bf88fc2a65609d00bcabd4d2d94377a727547345cbca?s=96&d=mm&r=g","contentUrl":"https:\/\/secure.gravatar.com\/avatar\/986aa4c61ccdb66f8555bf88fc2a65609d00bcabd4d2d94377a727547345cbca?s=96&d=mm&r=g","caption":"Farn\u00e9sio"},"description":"Radialista blogueiro, chegou a Petrolina\/Juazeiro em setembro de 1980, Farn\u00e9sio Silva \u00e9 de Arapiraca-Alagoas.","sameAs":["http:\/\/blogdofarnesio.com.br","https:\/\/www.facebook.com\/?ref=tn_tnmn","https:\/\/www.instagram.com\/?utm_source=pwa_homescreen","https:\/\/youtube.com.br\/"],"url":"https:\/\/blogdofarnesio.com.br\/?author=2"}]}},"_links":{"self":[{"href":"https:\/\/blogdofarnesio.com.br\/index.php?rest_route=\/wp\/v2\/posts\/379241","targetHints":{"allow":["GET"]}}],"collection":[{"href":"https:\/\/blogdofarnesio.com.br\/index.php?rest_route=\/wp\/v2\/posts"}],"about":[{"href":"https:\/\/blogdofarnesio.com.br\/index.php?rest_route=\/wp\/v2\/types\/post"}],"author":[{"embeddable":true,"href":"https:\/\/blogdofarnesio.com.br\/index.php?rest_route=\/wp\/v2\/users\/2"}],"replies":[{"embeddable":true,"href":"https:\/\/blogdofarnesio.com.br\/index.php?rest_route=%2Fwp%2Fv2%2Fcomments&post=379241"}],"version-history":[{"count":0,"href":"https:\/\/blogdofarnesio.com.br\/index.php?rest_route=\/wp\/v2\/posts\/379241\/revisions"}],"wp:featuredmedia":[{"embeddable":true,"href":"https:\/\/blogdofarnesio.com.br\/index.php?rest_route=\/wp\/v2\/media\/351912"}],"wp:attachment":[{"href":"https:\/\/blogdofarnesio.com.br\/index.php?rest_route=%2Fwp%2Fv2%2Fmedia&parent=379241"}],"wp:term":[{"taxonomy":"category","embeddable":true,"href":"https:\/\/blogdofarnesio.com.br\/index.php?rest_route=%2Fwp%2Fv2%2Fcategories&post=379241"},{"taxonomy":"post_tag","embeddable":true,"href":"https:\/\/blogdofarnesio.com.br\/index.php?rest_route=%2Fwp%2Fv2%2Ftags&post=379241"}],"curies":[{"name":"wp","href":"https:\/\/api.w.org\/{rel}","templated":true}]}}