{"id":378826,"date":"2024-10-13T08:30:37","date_gmt":"2024-10-13T11:30:37","guid":{"rendered":"https:\/\/blogdofarnesio.com.br\/?p=378826"},"modified":"2024-10-12T17:02:17","modified_gmt":"2024-10-12T20:02:17","slug":"governo-de-pernambuco-realiza-pagamento-do-bonus-de-desempenho-educacional-na-proxima-terca-feira-15","status":"publish","type":"post","link":"https:\/\/blogdofarnesio.com.br\/?p=378826","title":{"rendered":"Governo de Pernambuco realiza pagamento do B\u00f4nus de Desempenho Educacional na pr\u00f3xima ter\u00e7a-feira (15)"},"content":{"rendered":"<div class=\"entry-thumbnail\"><\/div>\n<div class=\"entry-content-block\">\n<header class=\"entry-header\"><\/header>\n<div class=\"entry-meta\"><time class=\"date published\" datetime=\"2024-10-11T11:44:53-03:00\"><\/time><span class=\"entry-author vcard author\">\u00a0<i class=\"fa fa-user\"><\/i><a class=\"url fn n\" role=\"link\" href=\"https:\/\/portal.educacao.pe.gov.br\/author\/daniel-hardman\/\">Daniel Hardman\u00a0 &#8211;\u00a0\u00a0<\/a><\/span><\/div>\n<div class=\"entry-content\">\n<p><em>Profissionais poder\u00e3o consultar os valores a receber na plataforma online do BDE<\/em><em><br \/>\n<\/em><em><br \/>\n<\/em>O Governo de Pernambuco, por meio da Secretaria de Educa\u00e7\u00e3o e Esportes do Estado, efetuar\u00e1, na pr\u00f3xima ter\u00e7a-feira (15), o pagamento do B\u00f4nus de Desempenho Educacional (BDE) 2024. Anunciado pela governadora Raquel Lyra no dia 19 de setembro, o BDE este ano ter\u00e1 valor total a ser pago de R$ 164,4 milh\u00f5es, que variam entre R$ 696,70 e R$ 21.881,72. Ser\u00e3o contemplados mais de 21 mil v\u00ednculos que desempenharam suas fun\u00e7\u00f5es nos processos educacionais e nas metas atingidas, tanto nas unidades escolares eleg\u00edveis ao benef\u00edcio, como nas Ger\u00eancias Regionais de Educa\u00e7\u00e3o (GREs) e na sede da Secretaria de Educa\u00e7\u00e3o e Esportes no ano de 2023.<\/p>\n<p>\u201cO pagamento do BDE reafirma o compromisso do Governo de Pernambuco com a valoriza\u00e7\u00e3o e o reconhecimento dos profissionais da Educa\u00e7\u00e3o, assim como reflete o resultado do esfor\u00e7o e da dedica\u00e7\u00e3o dos professores, gestores e equipes que, com muito empenho, contribuem para a qualidade do ensino na Rede Estadual\u201d, destacou o secret\u00e1rio de Educa\u00e7\u00e3o e Esportes, Alexandre Schneider.<\/p>\n<p>Receber\u00e3o o b\u00f4nus os profissionais da educa\u00e7\u00e3o que atuam nas escolas que possuem matr\u00edculas nas etapas de ensino examinadas pelas avalia\u00e7\u00f5es externas (Ideb e Idepe), ou seja, 5\u00ba ano do ensino fundamental, 9\u00ba ano do ensino fundamental e 3\u00ba ano do ensino m\u00e9dio. Al\u00e9m disso, tamb\u00e9m est\u00e3o aptos a receber o benef\u00edcio os servidores que possuem pelos menos seis meses de efetivo exerc\u00edcio no ano de 2023 em unidade escolar eleg\u00edvel, Ger\u00eancia Regional de Educa\u00e7\u00e3o (GRE) ou na sede da Secretaria de Educa\u00e7\u00e3o e Esportes.<\/p>\n<p>Todos os profissionais da educa\u00e7\u00e3o podem consultar os valores a receber atrav\u00e9s da plataforma online do BDE. Para isso, devem acessar o link https:\/\/bde.educacao.pe.gov.br\/. O acesso \u00e0 plataforma \u00e9 realizado a partir da inser\u00e7\u00e3o da matr\u00edcula, CPF e data de nascimento. Em caso de d\u00favida ou dificuldades de acesso, os benefici\u00e1rios podem entrar em contato pelo endere\u00e7o eletr\u00f4nico\u00a0<a role=\"link\" href=\"mailto:bde@adm.educacao.pe.gov.br\">bde@adm.educacao.pe.gov.br<\/a>.<\/p>\n<\/div>\n<\/div>\n","protected":false},"excerpt":{"rendered":"<p>\u00a0Daniel Hardman\u00a0 &#8211;\u00a0\u00a0 Profissionais poder\u00e3o consultar os valores a receber na plataforma online do BDE O Governo de Pernambuco, por meio da Secretaria de Educa\u00e7\u00e3o e Esportes do Estado, efetuar\u00e1, na pr\u00f3xima ter\u00e7a-feira (15), o pagamento do B\u00f4nus de Desempenho Educacional (BDE) 2024. Anunciado pela governadora Raquel Lyra no dia 19 de setembro, o BDE este ano ter\u00e1 valor total a ser pago de R$ 164,4 milh\u00f5es, que variam entre R$ 696,70 e R$ 21.881,72. Ser\u00e3o contemplados mais de 21 mil v\u00ednculos que desempenharam suas fun\u00e7\u00f5es nos processos educacionais e nas metas atingidas, tanto nas unidades escolares eleg\u00edveis ao benef\u00edcio, como nas Ger\u00eancias Regionais de Educa\u00e7\u00e3o (GREs) e na sede da Secretaria de Educa\u00e7\u00e3o e Esportes no ano de 2023.&hellip; <\/p>\n","protected":false},"author":2,"featured_media":378847,"comment_status":"open","ping_status":"open","sticky":false,"template":"","format":"standard","meta":{"_acf_changed":false,"footnotes":""},"categories":[44],"tags":[],"class_list":["post-378826","post","type-post","status-publish","format-standard","has-post-thumbnail","hentry","category-administracao"],"acf":[],"yoast_head":"<!-- This site is optimized with the Yoast SEO plugin v27.4 - https:\/\/yoast.com\/product\/yoast-seo-wordpress\/ -->\n<title>Governo de Pernambuco realiza pagamento do B\u00f4nus de Desempenho Educacional na pr\u00f3xima ter\u00e7a-feira (15) - Blog do Farn\u00e9sio<\/title>\n<meta name=\"robots\" content=\"index, follow, max-snippet:-1, max-image-preview:large, max-video-preview:-1\" \/>\n<link rel=\"canonical\" href=\"https:\/\/blogdofarnesio.com.br\/?p=378826\" \/>\n<meta property=\"og:locale\" content=\"pt_BR\" \/>\n<meta property=\"og:type\" content=\"article\" \/>\n<meta property=\"og:title\" content=\"Governo de Pernambuco realiza pagamento do B\u00f4nus de Desempenho Educacional na pr\u00f3xima ter\u00e7a-feira (15) - Blog do Farn\u00e9sio\" \/>\n<meta property=\"og:description\" content=\"\u00a0Daniel Hardman\u00a0 &#8211;\u00a0\u00a0 Profissionais poder\u00e3o consultar os valores a receber na plataforma online do BDE O Governo de Pernambuco, por meio da Secretaria de Educa\u00e7\u00e3o e Esportes do Estado, efetuar\u00e1, na pr\u00f3xima ter\u00e7a-feira (15), o pagamento do B\u00f4nus de Desempenho Educacional (BDE) 2024. Anunciado pela governadora Raquel Lyra no dia 19 de setembro, o BDE este ano ter\u00e1 valor total a ser pago de R$ 164,4 milh\u00f5es, que variam entre R$ 696,70 e R$ 21.881,72. Ser\u00e3o contemplados mais de 21 mil v\u00ednculos que desempenharam suas fun\u00e7\u00f5es nos processos educacionais e nas metas atingidas, tanto nas unidades escolares eleg\u00edveis ao benef\u00edcio, como nas Ger\u00eancias Regionais de Educa\u00e7\u00e3o (GREs) e na sede da Secretaria de Educa\u00e7\u00e3o e Esportes no ano de 2023.&hellip;\" \/>\n<meta property=\"og:url\" content=\"https:\/\/blogdofarnesio.com.br\/?p=378826\" \/>\n<meta property=\"og:site_name\" content=\"Blog do Farn\u00e9sio\" \/>\n<meta property=\"article:publisher\" content=\"https:\/\/www.facebook.com\/BlogQuerSaberPolitica\/\" \/>\n<meta property=\"article:author\" content=\"https:\/\/www.facebook.com\/?ref=tn_tnmn\" \/>\n<meta property=\"article:published_time\" content=\"2024-10-13T11:30:37+00:00\" \/>\n<meta property=\"og:image\" content=\"https:\/\/blogdofarnesio.com.br\/wp-content\/uploads\/2024\/10\/blogqspraquel-bonus-desempenho-e1728763311680.jpeg\" \/>\n\t<meta property=\"og:image:width\" content=\"524\" \/>\n\t<meta property=\"og:image:height\" content=\"422\" \/>\n\t<meta property=\"og:image:type\" content=\"image\/jpeg\" \/>\n<meta name=\"author\" content=\"Farn\u00e9sio\" \/>\n<meta name=\"twitter:card\" content=\"summary_large_image\" \/>\n<meta name=\"twitter:label1\" content=\"Escrito por\" \/>\n\t<meta name=\"twitter:data1\" content=\"Farn\u00e9sio\" \/>\n\t<meta name=\"twitter:label2\" content=\"Est. tempo de leitura\" \/>\n\t<meta name=\"twitter:data2\" content=\"2 minutos\" \/>\n<script type=\"application\/ld+json\" class=\"yoast-schema-graph\">{\"@context\":\"https:\\\/\\\/schema.org\",\"@graph\":[{\"@type\":\"Article\",\"@id\":\"https:\\\/\\\/blogdofarnesio.com.br\\\/?p=378826#article\",\"isPartOf\":{\"@id\":\"https:\\\/\\\/blogdofarnesio.com.br\\\/?p=378826\"},\"author\":{\"name\":\"Farn\u00e9sio\",\"@id\":\"https:\\\/\\\/blogdofarnesio.com.br\\\/#\\\/schema\\\/person\\\/bb9b23ae3ad0609ce8df7b6c9e76824d\"},\"headline\":\"Governo de Pernambuco realiza pagamento do B\u00f4nus de Desempenho Educacional na pr\u00f3xima ter\u00e7a-feira (15)\",\"datePublished\":\"2024-10-13T11:30:37+00:00\",\"mainEntityOfPage\":{\"@id\":\"https:\\\/\\\/blogdofarnesio.com.br\\\/?p=378826\"},\"wordCount\":377,\"commentCount\":0,\"publisher\":{\"@id\":\"https:\\\/\\\/blogdofarnesio.com.br\\\/#organization\"},\"image\":{\"@id\":\"https:\\\/\\\/blogdofarnesio.com.br\\\/?p=378826#primaryimage\"},\"thumbnailUrl\":\"https:\\\/\\\/blogdofarnesio.com.br\\\/wp-content\\\/uploads\\\/2024\\\/10\\\/blogqspraquel-bonus-desempenho-e1728763311680.jpeg\",\"articleSection\":[\"Administra\u00e7\u00e3o\"],\"inLanguage\":\"pt-BR\",\"potentialAction\":[{\"@type\":\"CommentAction\",\"name\":\"Comment\",\"target\":[\"https:\\\/\\\/blogdofarnesio.com.br\\\/?p=378826#respond\"]}]},{\"@type\":\"WebPage\",\"@id\":\"https:\\\/\\\/blogdofarnesio.com.br\\\/?p=378826\",\"url\":\"https:\\\/\\\/blogdofarnesio.com.br\\\/?p=378826\",\"name\":\"Governo de Pernambuco realiza pagamento do B\u00f4nus de Desempenho Educacional na pr\u00f3xima ter\u00e7a-feira (15) - Blog do Farn\u00e9sio\",\"isPartOf\":{\"@id\":\"https:\\\/\\\/blogdofarnesio.com.br\\\/#website\"},\"primaryImageOfPage\":{\"@id\":\"https:\\\/\\\/blogdofarnesio.com.br\\\/?p=378826#primaryimage\"},\"image\":{\"@id\":\"https:\\\/\\\/blogdofarnesio.com.br\\\/?p=378826#primaryimage\"},\"thumbnailUrl\":\"https:\\\/\\\/blogdofarnesio.com.br\\\/wp-content\\\/uploads\\\/2024\\\/10\\\/blogqspraquel-bonus-desempenho-e1728763311680.jpeg\",\"datePublished\":\"2024-10-13T11:30:37+00:00\",\"breadcrumb\":{\"@id\":\"https:\\\/\\\/blogdofarnesio.com.br\\\/?p=378826#breadcrumb\"},\"inLanguage\":\"pt-BR\",\"potentialAction\":[{\"@type\":\"ReadAction\",\"target\":[\"https:\\\/\\\/blogdofarnesio.com.br\\\/?p=378826\"]}]},{\"@type\":\"ImageObject\",\"inLanguage\":\"pt-BR\",\"@id\":\"https:\\\/\\\/blogdofarnesio.com.br\\\/?p=378826#primaryimage\",\"url\":\"https:\\\/\\\/blogdofarnesio.com.br\\\/wp-content\\\/uploads\\\/2024\\\/10\\\/blogqspraquel-bonus-desempenho-e1728763311680.jpeg\",\"contentUrl\":\"https:\\\/\\\/blogdofarnesio.com.br\\\/wp-content\\\/uploads\\\/2024\\\/10\\\/blogqspraquel-bonus-desempenho-e1728763311680.jpeg\",\"width\":524,\"height\":422},{\"@type\":\"BreadcrumbList\",\"@id\":\"https:\\\/\\\/blogdofarnesio.com.br\\\/?p=378826#breadcrumb\",\"itemListElement\":[{\"@type\":\"ListItem\",\"position\":1,\"name\":\"In\u00edcio\",\"item\":\"https:\\\/\\\/blogdofarnesio.com.br\\\/\"},{\"@type\":\"ListItem\",\"position\":2,\"name\":\"Governo de Pernambuco realiza pagamento do B\u00f4nus de Desempenho Educacional na pr\u00f3xima ter\u00e7a-feira (15)\"}]},{\"@type\":\"WebSite\",\"@id\":\"https:\\\/\\\/blogdofarnesio.com.br\\\/#website\",\"url\":\"https:\\\/\\\/blogdofarnesio.com.br\\\/\",\"name\":\"Blog do Farn\u00e9sio\",\"description\":\"Quer Saber Pol\u00edtica?\",\"publisher\":{\"@id\":\"https:\\\/\\\/blogdofarnesio.com.br\\\/#organization\"},\"potentialAction\":[{\"@type\":\"SearchAction\",\"target\":{\"@type\":\"EntryPoint\",\"urlTemplate\":\"https:\\\/\\\/blogdofarnesio.com.br\\\/?s={search_term_string}\"},\"query-input\":{\"@type\":\"PropertyValueSpecification\",\"valueRequired\":true,\"valueName\":\"search_term_string\"}}],\"inLanguage\":\"pt-BR\"},{\"@type\":\"Organization\",\"@id\":\"https:\\\/\\\/blogdofarnesio.com.br\\\/#organization\",\"name\":\"Blog do Farn\u00e9sio\",\"url\":\"https:\\\/\\\/blogdofarnesio.com.br\\\/\",\"logo\":{\"@type\":\"ImageObject\",\"inLanguage\":\"pt-BR\",\"@id\":\"https:\\\/\\\/blogdofarnesio.com.br\\\/#\\\/schema\\\/logo\\\/image\\\/\",\"url\":\"https:\\\/\\\/blogdofarnesio.com.br\\\/wp-content\\\/uploads\\\/2026\\\/03\\\/cropped-logo_new-1.png\",\"contentUrl\":\"https:\\\/\\\/blogdofarnesio.com.br\\\/wp-content\\\/uploads\\\/2026\\\/03\\\/cropped-logo_new-1.png\",\"width\":881,\"height\":685,\"caption\":\"Blog do Farn\u00e9sio\"},\"image\":{\"@id\":\"https:\\\/\\\/blogdofarnesio.com.br\\\/#\\\/schema\\\/logo\\\/image\\\/\"},\"sameAs\":[\"https:\\\/\\\/www.facebook.com\\\/BlogQuerSaberPolitica\\\/\"]},{\"@type\":\"Person\",\"@id\":\"https:\\\/\\\/blogdofarnesio.com.br\\\/#\\\/schema\\\/person\\\/bb9b23ae3ad0609ce8df7b6c9e76824d\",\"name\":\"Farn\u00e9sio\",\"image\":{\"@type\":\"ImageObject\",\"inLanguage\":\"pt-BR\",\"@id\":\"https:\\\/\\\/secure.gravatar.com\\\/avatar\\\/986aa4c61ccdb66f8555bf88fc2a65609d00bcabd4d2d94377a727547345cbca?s=96&d=mm&r=g\",\"url\":\"https:\\\/\\\/secure.gravatar.com\\\/avatar\\\/986aa4c61ccdb66f8555bf88fc2a65609d00bcabd4d2d94377a727547345cbca?s=96&d=mm&r=g\",\"contentUrl\":\"https:\\\/\\\/secure.gravatar.com\\\/avatar\\\/986aa4c61ccdb66f8555bf88fc2a65609d00bcabd4d2d94377a727547345cbca?s=96&d=mm&r=g\",\"caption\":\"Farn\u00e9sio\"},\"description\":\"Radialista blogueiro, chegou a Petrolina\\\/Juazeiro em setembro de 1980, Farn\u00e9sio Silva \u00e9 de Arapiraca-Alagoas.\",\"sameAs\":[\"http:\\\/\\\/blogdofarnesio.com.br\",\"https:\\\/\\\/www.facebook.com\\\/?ref=tn_tnmn\",\"https:\\\/\\\/www.instagram.com\\\/?utm_source=pwa_homescreen\",\"https:\\\/\\\/youtube.com.br\\\/\"],\"url\":\"https:\\\/\\\/blogdofarnesio.com.br\\\/?author=2\"}]}<\/script>\n<!-- \/ Yoast SEO plugin. -->","yoast_head_json":{"title":"Governo de Pernambuco realiza pagamento do B\u00f4nus de Desempenho Educacional na pr\u00f3xima ter\u00e7a-feira (15) - Blog do Farn\u00e9sio","robots":{"index":"index","follow":"follow","max-snippet":"max-snippet:-1","max-image-preview":"max-image-preview:large","max-video-preview":"max-video-preview:-1"},"canonical":"https:\/\/blogdofarnesio.com.br\/?p=378826","og_locale":"pt_BR","og_type":"article","og_title":"Governo de Pernambuco realiza pagamento do B\u00f4nus de Desempenho Educacional na pr\u00f3xima ter\u00e7a-feira (15) - Blog do Farn\u00e9sio","og_description":"\u00a0Daniel Hardman\u00a0 &#8211;\u00a0\u00a0 Profissionais poder\u00e3o consultar os valores a receber na plataforma online do BDE O Governo de Pernambuco, por meio da Secretaria de Educa\u00e7\u00e3o e Esportes do Estado, efetuar\u00e1, na pr\u00f3xima ter\u00e7a-feira (15), o pagamento do B\u00f4nus de Desempenho Educacional (BDE) 2024. Anunciado pela governadora Raquel Lyra no dia 19 de setembro, o BDE este ano ter\u00e1 valor total a ser pago de R$ 164,4 milh\u00f5es, que variam entre R$ 696,70 e R$ 21.881,72. Ser\u00e3o contemplados mais de 21 mil v\u00ednculos que desempenharam suas fun\u00e7\u00f5es nos processos educacionais e nas metas atingidas, tanto nas unidades escolares eleg\u00edveis ao benef\u00edcio, como nas Ger\u00eancias Regionais de Educa\u00e7\u00e3o (GREs) e na sede da Secretaria de Educa\u00e7\u00e3o e Esportes no ano de 2023.&hellip;","og_url":"https:\/\/blogdofarnesio.com.br\/?p=378826","og_site_name":"Blog do Farn\u00e9sio","article_publisher":"https:\/\/www.facebook.com\/BlogQuerSaberPolitica\/","article_author":"https:\/\/www.facebook.com\/?ref=tn_tnmn","article_published_time":"2024-10-13T11:30:37+00:00","og_image":[{"width":524,"height":422,"url":"https:\/\/blogdofarnesio.com.br\/wp-content\/uploads\/2024\/10\/blogqspraquel-bonus-desempenho-e1728763311680.jpeg","type":"image\/jpeg"}],"author":"Farn\u00e9sio","twitter_card":"summary_large_image","twitter_misc":{"Escrito por":"Farn\u00e9sio","Est. tempo de leitura":"2 minutos"},"schema":{"@context":"https:\/\/schema.org","@graph":[{"@type":"Article","@id":"https:\/\/blogdofarnesio.com.br\/?p=378826#article","isPartOf":{"@id":"https:\/\/blogdofarnesio.com.br\/?p=378826"},"author":{"name":"Farn\u00e9sio","@id":"https:\/\/blogdofarnesio.com.br\/#\/schema\/person\/bb9b23ae3ad0609ce8df7b6c9e76824d"},"headline":"Governo de Pernambuco realiza pagamento do B\u00f4nus de Desempenho Educacional na pr\u00f3xima ter\u00e7a-feira (15)","datePublished":"2024-10-13T11:30:37+00:00","mainEntityOfPage":{"@id":"https:\/\/blogdofarnesio.com.br\/?p=378826"},"wordCount":377,"commentCount":0,"publisher":{"@id":"https:\/\/blogdofarnesio.com.br\/#organization"},"image":{"@id":"https:\/\/blogdofarnesio.com.br\/?p=378826#primaryimage"},"thumbnailUrl":"https:\/\/blogdofarnesio.com.br\/wp-content\/uploads\/2024\/10\/blogqspraquel-bonus-desempenho-e1728763311680.jpeg","articleSection":["Administra\u00e7\u00e3o"],"inLanguage":"pt-BR","potentialAction":[{"@type":"CommentAction","name":"Comment","target":["https:\/\/blogdofarnesio.com.br\/?p=378826#respond"]}]},{"@type":"WebPage","@id":"https:\/\/blogdofarnesio.com.br\/?p=378826","url":"https:\/\/blogdofarnesio.com.br\/?p=378826","name":"Governo de Pernambuco realiza pagamento do B\u00f4nus de Desempenho Educacional na pr\u00f3xima ter\u00e7a-feira (15) - Blog do Farn\u00e9sio","isPartOf":{"@id":"https:\/\/blogdofarnesio.com.br\/#website"},"primaryImageOfPage":{"@id":"https:\/\/blogdofarnesio.com.br\/?p=378826#primaryimage"},"image":{"@id":"https:\/\/blogdofarnesio.com.br\/?p=378826#primaryimage"},"thumbnailUrl":"https:\/\/blogdofarnesio.com.br\/wp-content\/uploads\/2024\/10\/blogqspraquel-bonus-desempenho-e1728763311680.jpeg","datePublished":"2024-10-13T11:30:37+00:00","breadcrumb":{"@id":"https:\/\/blogdofarnesio.com.br\/?p=378826#breadcrumb"},"inLanguage":"pt-BR","potentialAction":[{"@type":"ReadAction","target":["https:\/\/blogdofarnesio.com.br\/?p=378826"]}]},{"@type":"ImageObject","inLanguage":"pt-BR","@id":"https:\/\/blogdofarnesio.com.br\/?p=378826#primaryimage","url":"https:\/\/blogdofarnesio.com.br\/wp-content\/uploads\/2024\/10\/blogqspraquel-bonus-desempenho-e1728763311680.jpeg","contentUrl":"https:\/\/blogdofarnesio.com.br\/wp-content\/uploads\/2024\/10\/blogqspraquel-bonus-desempenho-e1728763311680.jpeg","width":524,"height":422},{"@type":"BreadcrumbList","@id":"https:\/\/blogdofarnesio.com.br\/?p=378826#breadcrumb","itemListElement":[{"@type":"ListItem","position":1,"name":"In\u00edcio","item":"https:\/\/blogdofarnesio.com.br\/"},{"@type":"ListItem","position":2,"name":"Governo de Pernambuco realiza pagamento do B\u00f4nus de Desempenho Educacional na pr\u00f3xima ter\u00e7a-feira (15)"}]},{"@type":"WebSite","@id":"https:\/\/blogdofarnesio.com.br\/#website","url":"https:\/\/blogdofarnesio.com.br\/","name":"Blog do Farn\u00e9sio","description":"Quer Saber Pol\u00edtica?","publisher":{"@id":"https:\/\/blogdofarnesio.com.br\/#organization"},"potentialAction":[{"@type":"SearchAction","target":{"@type":"EntryPoint","urlTemplate":"https:\/\/blogdofarnesio.com.br\/?s={search_term_string}"},"query-input":{"@type":"PropertyValueSpecification","valueRequired":true,"valueName":"search_term_string"}}],"inLanguage":"pt-BR"},{"@type":"Organization","@id":"https:\/\/blogdofarnesio.com.br\/#organization","name":"Blog do Farn\u00e9sio","url":"https:\/\/blogdofarnesio.com.br\/","logo":{"@type":"ImageObject","inLanguage":"pt-BR","@id":"https:\/\/blogdofarnesio.com.br\/#\/schema\/logo\/image\/","url":"https:\/\/blogdofarnesio.com.br\/wp-content\/uploads\/2026\/03\/cropped-logo_new-1.png","contentUrl":"https:\/\/blogdofarnesio.com.br\/wp-content\/uploads\/2026\/03\/cropped-logo_new-1.png","width":881,"height":685,"caption":"Blog do Farn\u00e9sio"},"image":{"@id":"https:\/\/blogdofarnesio.com.br\/#\/schema\/logo\/image\/"},"sameAs":["https:\/\/www.facebook.com\/BlogQuerSaberPolitica\/"]},{"@type":"Person","@id":"https:\/\/blogdofarnesio.com.br\/#\/schema\/person\/bb9b23ae3ad0609ce8df7b6c9e76824d","name":"Farn\u00e9sio","image":{"@type":"ImageObject","inLanguage":"pt-BR","@id":"https:\/\/secure.gravatar.com\/avatar\/986aa4c61ccdb66f8555bf88fc2a65609d00bcabd4d2d94377a727547345cbca?s=96&d=mm&r=g","url":"https:\/\/secure.gravatar.com\/avatar\/986aa4c61ccdb66f8555bf88fc2a65609d00bcabd4d2d94377a727547345cbca?s=96&d=mm&r=g","contentUrl":"https:\/\/secure.gravatar.com\/avatar\/986aa4c61ccdb66f8555bf88fc2a65609d00bcabd4d2d94377a727547345cbca?s=96&d=mm&r=g","caption":"Farn\u00e9sio"},"description":"Radialista blogueiro, chegou a Petrolina\/Juazeiro em setembro de 1980, Farn\u00e9sio Silva \u00e9 de Arapiraca-Alagoas.","sameAs":["http:\/\/blogdofarnesio.com.br","https:\/\/www.facebook.com\/?ref=tn_tnmn","https:\/\/www.instagram.com\/?utm_source=pwa_homescreen","https:\/\/youtube.com.br\/"],"url":"https:\/\/blogdofarnesio.com.br\/?author=2"}]}},"_links":{"self":[{"href":"https:\/\/blogdofarnesio.com.br\/index.php?rest_route=\/wp\/v2\/posts\/378826","targetHints":{"allow":["GET"]}}],"collection":[{"href":"https:\/\/blogdofarnesio.com.br\/index.php?rest_route=\/wp\/v2\/posts"}],"about":[{"href":"https:\/\/blogdofarnesio.com.br\/index.php?rest_route=\/wp\/v2\/types\/post"}],"author":[{"embeddable":true,"href":"https:\/\/blogdofarnesio.com.br\/index.php?rest_route=\/wp\/v2\/users\/2"}],"replies":[{"embeddable":true,"href":"https:\/\/blogdofarnesio.com.br\/index.php?rest_route=%2Fwp%2Fv2%2Fcomments&post=378826"}],"version-history":[{"count":0,"href":"https:\/\/blogdofarnesio.com.br\/index.php?rest_route=\/wp\/v2\/posts\/378826\/revisions"}],"wp:featuredmedia":[{"embeddable":true,"href":"https:\/\/blogdofarnesio.com.br\/index.php?rest_route=\/wp\/v2\/media\/378847"}],"wp:attachment":[{"href":"https:\/\/blogdofarnesio.com.br\/index.php?rest_route=%2Fwp%2Fv2%2Fmedia&parent=378826"}],"wp:term":[{"taxonomy":"category","embeddable":true,"href":"https:\/\/blogdofarnesio.com.br\/index.php?rest_route=%2Fwp%2Fv2%2Fcategories&post=378826"},{"taxonomy":"post_tag","embeddable":true,"href":"https:\/\/blogdofarnesio.com.br\/index.php?rest_route=%2Fwp%2Fv2%2Ftags&post=378826"}],"curies":[{"name":"wp","href":"https:\/\/api.w.org\/{rel}","templated":true}]}}