{"id":378818,"date":"2024-10-13T08:00:26","date_gmt":"2024-10-13T11:00:26","guid":{"rendered":"https:\/\/blogdofarnesio.com.br\/?p=378818"},"modified":"2024-10-12T17:02:58","modified_gmt":"2024-10-12T20:02:58","slug":"com-vagas-para-juazeiro-ssp-lanca-edital-para-contratacao-de-166-profissionais-com-salarios-de-ate-r-42-mil","status":"publish","type":"post","link":"https:\/\/blogdofarnesio.com.br\/?p=378818","title":{"rendered":"Com vagas para Juazeiro, SSP lan\u00e7a edital para contrata\u00e7\u00e3o de 166 profissionais com sal\u00e1rios de at\u00e9 R$ 4,2 mil"},"content":{"rendered":"<div class=\"sc-81cf810-1 bYubFg\">\n<div class=\"sc-81cf810-3 gCNTHg\">\n<p>Com sal\u00e1rios at\u00e9 R$ 4,2 mil, a Secretaria da Seguran\u00e7a P\u00fablica (SSP) divulgou sexta-feira (11), edital para contrata\u00e7\u00e3o emergencial de 166 novos profissionais em Salvador e cidades do interior do estado.<\/p>\n<p>As vagas, que s\u00e3o tempor\u00e1rias, ir\u00e3o prover as unidades do Departamento de Pol\u00edcia T\u00e9cnica (DPT) e as inscri\u00e7\u00f5es estar\u00e3o abertas entre os dias 21 at\u00e9 28 de outubro.<\/p>\n<p><strong>CARGOS:<\/strong><\/p>\n<p>Auxiliar de necropsia; T\u00e9cnico administrativo; T\u00e9cnico de enfermagem; T\u00e9cnico em anatomia patol\u00f3gica; T\u00e9cnico em laborat\u00f3rio; T\u00e9cnico em seguran\u00e7a do trabalho; T\u00e9cnico em radiologia; Fisioterapeuta; Psic\u00f3logo; Secretariado executivo; Assistente social.<\/p>\n<p><strong>PROCESSO SELETIVO:<\/strong><\/p>\n<p>Haver\u00e1 apenas uma \u00fanica etapa de avalia\u00e7\u00e3o curricular, que ser\u00e1 eliminat\u00f3rio e classificat\u00f3rio. As contrata\u00e7\u00f5es ter\u00e3o dura\u00e7\u00e3o de at\u00e9 36 meses, com possibilidade de prorroga\u00e7\u00e3o por mais 36 meses. Quem cumpriu 72 meses de contrato REDA com o Poder Executivo da Bahia n\u00e3o poder\u00e1 concorrer as vagas<\/p>\n<p><strong>CIDADES:<\/strong><\/p>\n<p>As vagas s\u00e3o para os munic\u00edpios de Alagoinhas, Barra, Barreiras, Bom Jesus da Lapa, Brumado, Cama\u00e7ari, Euclides da Cunha, Eun\u00e1polis, Feira de Santana, Guanambi, Vera Cruz, Ilh\u00e9us, Irec\u00ea, Itaberaba, Itabuna, Itamaraju, Itapetinga, Jacobina, Jequi\u00e9, <strong>Juazeiro<\/strong>, Lu\u00eds Eduardo Magalh\u00e3es, Paulo Afonso, Porto Seguro, Santa Maria da Vit\u00f3ria, Santo Amaro, Santo Ant\u00f4nio de Jesus, Seabra, Senhor do Bonfim, Serrinha, Teixeira de Freitas, Valen\u00e7a e Vit\u00f3ria da Conquista.<\/p>\n<\/div>\n<\/div>\n","protected":false},"excerpt":{"rendered":"<p>Com sal\u00e1rios at\u00e9 R$ 4,2 mil, a Secretaria da Seguran\u00e7a P\u00fablica (SSP) divulgou sexta-feira (11), edital para contrata\u00e7\u00e3o emergencial de 166 novos profissionais em Salvador e cidades do interior do estado. As vagas, que s\u00e3o tempor\u00e1rias, ir\u00e3o prover as unidades do Departamento de Pol\u00edcia T\u00e9cnica (DPT) e as inscri\u00e7\u00f5es estar\u00e3o abertas entre os dias 21 at\u00e9 28 de outubro. CARGOS: Auxiliar de necropsia; T\u00e9cnico administrativo; T\u00e9cnico de enfermagem; T\u00e9cnico em anatomia patol\u00f3gica; T\u00e9cnico em laborat\u00f3rio; T\u00e9cnico em seguran\u00e7a do trabalho; T\u00e9cnico em radiologia; Fisioterapeuta; Psic\u00f3logo; Secretariado executivo; Assistente social. PROCESSO SELETIVO: Haver\u00e1 apenas uma \u00fanica etapa de avalia\u00e7\u00e3o curricular, que ser\u00e1 eliminat\u00f3rio e classificat\u00f3rio. As contrata\u00e7\u00f5es ter\u00e3o dura\u00e7\u00e3o de at\u00e9 36 meses, com possibilidade de prorroga\u00e7\u00e3o por mais 36 meses.&hellip; <\/p>\n","protected":false},"author":2,"featured_media":374901,"comment_status":"open","ping_status":"open","sticky":false,"template":"","format":"standard","meta":{"_acf_changed":false,"footnotes":""},"categories":[31],"tags":[],"class_list":["post-378818","post","type-post","status-publish","format-standard","has-post-thumbnail","hentry","category-concursos"],"acf":[],"yoast_head":"<!-- This site is optimized with the Yoast SEO plugin v27.4 - https:\/\/yoast.com\/product\/yoast-seo-wordpress\/ -->\n<title>Com vagas para Juazeiro, SSP lan\u00e7a edital para contrata\u00e7\u00e3o de 166 profissionais com sal\u00e1rios de at\u00e9 R$ 4,2 mil - Blog do Farn\u00e9sio<\/title>\n<meta name=\"robots\" content=\"index, follow, max-snippet:-1, max-image-preview:large, max-video-preview:-1\" \/>\n<link rel=\"canonical\" href=\"https:\/\/blogdofarnesio.com.br\/?p=378818\" \/>\n<meta property=\"og:locale\" content=\"pt_BR\" \/>\n<meta property=\"og:type\" content=\"article\" \/>\n<meta property=\"og:title\" content=\"Com vagas para Juazeiro, SSP lan\u00e7a edital para contrata\u00e7\u00e3o de 166 profissionais com sal\u00e1rios de at\u00e9 R$ 4,2 mil - Blog do Farn\u00e9sio\" \/>\n<meta property=\"og:description\" content=\"Com sal\u00e1rios at\u00e9 R$ 4,2 mil, a Secretaria da Seguran\u00e7a P\u00fablica (SSP) divulgou sexta-feira (11), edital para contrata\u00e7\u00e3o emergencial de 166 novos profissionais em Salvador e cidades do interior do estado. As vagas, que s\u00e3o tempor\u00e1rias, ir\u00e3o prover as unidades do Departamento de Pol\u00edcia T\u00e9cnica (DPT) e as inscri\u00e7\u00f5es estar\u00e3o abertas entre os dias 21 at\u00e9 28 de outubro. CARGOS: Auxiliar de necropsia; T\u00e9cnico administrativo; T\u00e9cnico de enfermagem; T\u00e9cnico em anatomia patol\u00f3gica; T\u00e9cnico em laborat\u00f3rio; T\u00e9cnico em seguran\u00e7a do trabalho; T\u00e9cnico em radiologia; Fisioterapeuta; Psic\u00f3logo; Secretariado executivo; Assistente social. PROCESSO SELETIVO: Haver\u00e1 apenas uma \u00fanica etapa de avalia\u00e7\u00e3o curricular, que ser\u00e1 eliminat\u00f3rio e classificat\u00f3rio. As contrata\u00e7\u00f5es ter\u00e3o dura\u00e7\u00e3o de at\u00e9 36 meses, com possibilidade de prorroga\u00e7\u00e3o por mais 36 meses.&hellip;\" \/>\n<meta property=\"og:url\" content=\"https:\/\/blogdofarnesio.com.br\/?p=378818\" \/>\n<meta property=\"og:site_name\" content=\"Blog do Farn\u00e9sio\" \/>\n<meta property=\"article:publisher\" content=\"https:\/\/www.facebook.com\/BlogQuerSaberPolitica\/\" \/>\n<meta property=\"article:author\" content=\"https:\/\/www.facebook.com\/?ref=tn_tnmn\" \/>\n<meta property=\"article:published_time\" content=\"2024-10-13T11:00:26+00:00\" \/>\n<meta property=\"og:image\" content=\"https:\/\/blogdofarnesio.com.br\/wp-content\/uploads\/2024\/08\/logqspconcursos_abertos_ba_widelg-e1723479698333.webp\" \/>\n\t<meta property=\"og:image:width\" content=\"600\" \/>\n\t<meta property=\"og:image:height\" content=\"338\" \/>\n\t<meta property=\"og:image:type\" content=\"image\/webp\" \/>\n<meta name=\"author\" content=\"Farn\u00e9sio\" \/>\n<meta name=\"twitter:card\" content=\"summary_large_image\" \/>\n<meta name=\"twitter:label1\" content=\"Escrito por\" \/>\n\t<meta name=\"twitter:data1\" content=\"Farn\u00e9sio\" \/>\n\t<meta name=\"twitter:label2\" content=\"Est. tempo de leitura\" \/>\n\t<meta name=\"twitter:data2\" content=\"1 minuto\" \/>\n<script type=\"application\/ld+json\" class=\"yoast-schema-graph\">{\"@context\":\"https:\\\/\\\/schema.org\",\"@graph\":[{\"@type\":\"Article\",\"@id\":\"https:\\\/\\\/blogdofarnesio.com.br\\\/?p=378818#article\",\"isPartOf\":{\"@id\":\"https:\\\/\\\/blogdofarnesio.com.br\\\/?p=378818\"},\"author\":{\"name\":\"Farn\u00e9sio\",\"@id\":\"https:\\\/\\\/blogdofarnesio.com.br\\\/#\\\/schema\\\/person\\\/bb9b23ae3ad0609ce8df7b6c9e76824d\"},\"headline\":\"Com vagas para Juazeiro, SSP lan\u00e7a edital para contrata\u00e7\u00e3o de 166 profissionais com sal\u00e1rios de at\u00e9 R$ 4,2 mil\",\"datePublished\":\"2024-10-13T11:00:26+00:00\",\"mainEntityOfPage\":{\"@id\":\"https:\\\/\\\/blogdofarnesio.com.br\\\/?p=378818\"},\"wordCount\":256,\"commentCount\":0,\"publisher\":{\"@id\":\"https:\\\/\\\/blogdofarnesio.com.br\\\/#organization\"},\"image\":{\"@id\":\"https:\\\/\\\/blogdofarnesio.com.br\\\/?p=378818#primaryimage\"},\"thumbnailUrl\":\"https:\\\/\\\/blogdofarnesio.com.br\\\/wp-content\\\/uploads\\\/2024\\\/08\\\/logqspconcursos_abertos_ba_widelg-e1723479698333.webp\",\"articleSection\":[\"Concursos\"],\"inLanguage\":\"pt-BR\",\"potentialAction\":[{\"@type\":\"CommentAction\",\"name\":\"Comment\",\"target\":[\"https:\\\/\\\/blogdofarnesio.com.br\\\/?p=378818#respond\"]}]},{\"@type\":\"WebPage\",\"@id\":\"https:\\\/\\\/blogdofarnesio.com.br\\\/?p=378818\",\"url\":\"https:\\\/\\\/blogdofarnesio.com.br\\\/?p=378818\",\"name\":\"Com vagas para Juazeiro, SSP lan\u00e7a edital para contrata\u00e7\u00e3o de 166 profissionais com sal\u00e1rios de at\u00e9 R$ 4,2 mil - Blog do Farn\u00e9sio\",\"isPartOf\":{\"@id\":\"https:\\\/\\\/blogdofarnesio.com.br\\\/#website\"},\"primaryImageOfPage\":{\"@id\":\"https:\\\/\\\/blogdofarnesio.com.br\\\/?p=378818#primaryimage\"},\"image\":{\"@id\":\"https:\\\/\\\/blogdofarnesio.com.br\\\/?p=378818#primaryimage\"},\"thumbnailUrl\":\"https:\\\/\\\/blogdofarnesio.com.br\\\/wp-content\\\/uploads\\\/2024\\\/08\\\/logqspconcursos_abertos_ba_widelg-e1723479698333.webp\",\"datePublished\":\"2024-10-13T11:00:26+00:00\",\"breadcrumb\":{\"@id\":\"https:\\\/\\\/blogdofarnesio.com.br\\\/?p=378818#breadcrumb\"},\"inLanguage\":\"pt-BR\",\"potentialAction\":[{\"@type\":\"ReadAction\",\"target\":[\"https:\\\/\\\/blogdofarnesio.com.br\\\/?p=378818\"]}]},{\"@type\":\"ImageObject\",\"inLanguage\":\"pt-BR\",\"@id\":\"https:\\\/\\\/blogdofarnesio.com.br\\\/?p=378818#primaryimage\",\"url\":\"https:\\\/\\\/blogdofarnesio.com.br\\\/wp-content\\\/uploads\\\/2024\\\/08\\\/logqspconcursos_abertos_ba_widelg-e1723479698333.webp\",\"contentUrl\":\"https:\\\/\\\/blogdofarnesio.com.br\\\/wp-content\\\/uploads\\\/2024\\\/08\\\/logqspconcursos_abertos_ba_widelg-e1723479698333.webp\",\"width\":600,\"height\":338},{\"@type\":\"BreadcrumbList\",\"@id\":\"https:\\\/\\\/blogdofarnesio.com.br\\\/?p=378818#breadcrumb\",\"itemListElement\":[{\"@type\":\"ListItem\",\"position\":1,\"name\":\"In\u00edcio\",\"item\":\"https:\\\/\\\/blogdofarnesio.com.br\\\/\"},{\"@type\":\"ListItem\",\"position\":2,\"name\":\"Com vagas para Juazeiro, SSP lan\u00e7a edital para contrata\u00e7\u00e3o de 166 profissionais com sal\u00e1rios de at\u00e9 R$ 4,2 mil\"}]},{\"@type\":\"WebSite\",\"@id\":\"https:\\\/\\\/blogdofarnesio.com.br\\\/#website\",\"url\":\"https:\\\/\\\/blogdofarnesio.com.br\\\/\",\"name\":\"Blog do Farn\u00e9sio\",\"description\":\"Quer Saber Pol\u00edtica?\",\"publisher\":{\"@id\":\"https:\\\/\\\/blogdofarnesio.com.br\\\/#organization\"},\"potentialAction\":[{\"@type\":\"SearchAction\",\"target\":{\"@type\":\"EntryPoint\",\"urlTemplate\":\"https:\\\/\\\/blogdofarnesio.com.br\\\/?s={search_term_string}\"},\"query-input\":{\"@type\":\"PropertyValueSpecification\",\"valueRequired\":true,\"valueName\":\"search_term_string\"}}],\"inLanguage\":\"pt-BR\"},{\"@type\":\"Organization\",\"@id\":\"https:\\\/\\\/blogdofarnesio.com.br\\\/#organization\",\"name\":\"Blog do Farn\u00e9sio\",\"url\":\"https:\\\/\\\/blogdofarnesio.com.br\\\/\",\"logo\":{\"@type\":\"ImageObject\",\"inLanguage\":\"pt-BR\",\"@id\":\"https:\\\/\\\/blogdofarnesio.com.br\\\/#\\\/schema\\\/logo\\\/image\\\/\",\"url\":\"https:\\\/\\\/blogdofarnesio.com.br\\\/wp-content\\\/uploads\\\/2026\\\/03\\\/cropped-logo_new-1.png\",\"contentUrl\":\"https:\\\/\\\/blogdofarnesio.com.br\\\/wp-content\\\/uploads\\\/2026\\\/03\\\/cropped-logo_new-1.png\",\"width\":881,\"height\":685,\"caption\":\"Blog do Farn\u00e9sio\"},\"image\":{\"@id\":\"https:\\\/\\\/blogdofarnesio.com.br\\\/#\\\/schema\\\/logo\\\/image\\\/\"},\"sameAs\":[\"https:\\\/\\\/www.facebook.com\\\/BlogQuerSaberPolitica\\\/\"]},{\"@type\":\"Person\",\"@id\":\"https:\\\/\\\/blogdofarnesio.com.br\\\/#\\\/schema\\\/person\\\/bb9b23ae3ad0609ce8df7b6c9e76824d\",\"name\":\"Farn\u00e9sio\",\"image\":{\"@type\":\"ImageObject\",\"inLanguage\":\"pt-BR\",\"@id\":\"https:\\\/\\\/secure.gravatar.com\\\/avatar\\\/986aa4c61ccdb66f8555bf88fc2a65609d00bcabd4d2d94377a727547345cbca?s=96&d=mm&r=g\",\"url\":\"https:\\\/\\\/secure.gravatar.com\\\/avatar\\\/986aa4c61ccdb66f8555bf88fc2a65609d00bcabd4d2d94377a727547345cbca?s=96&d=mm&r=g\",\"contentUrl\":\"https:\\\/\\\/secure.gravatar.com\\\/avatar\\\/986aa4c61ccdb66f8555bf88fc2a65609d00bcabd4d2d94377a727547345cbca?s=96&d=mm&r=g\",\"caption\":\"Farn\u00e9sio\"},\"description\":\"Radialista blogueiro, chegou a Petrolina\\\/Juazeiro em setembro de 1980, Farn\u00e9sio Silva \u00e9 de Arapiraca-Alagoas.\",\"sameAs\":[\"http:\\\/\\\/blogdofarnesio.com.br\",\"https:\\\/\\\/www.facebook.com\\\/?ref=tn_tnmn\",\"https:\\\/\\\/www.instagram.com\\\/?utm_source=pwa_homescreen\",\"https:\\\/\\\/youtube.com.br\\\/\"],\"url\":\"https:\\\/\\\/blogdofarnesio.com.br\\\/?author=2\"}]}<\/script>\n<!-- \/ Yoast SEO plugin. -->","yoast_head_json":{"title":"Com vagas para Juazeiro, SSP lan\u00e7a edital para contrata\u00e7\u00e3o de 166 profissionais com sal\u00e1rios de at\u00e9 R$ 4,2 mil - Blog do Farn\u00e9sio","robots":{"index":"index","follow":"follow","max-snippet":"max-snippet:-1","max-image-preview":"max-image-preview:large","max-video-preview":"max-video-preview:-1"},"canonical":"https:\/\/blogdofarnesio.com.br\/?p=378818","og_locale":"pt_BR","og_type":"article","og_title":"Com vagas para Juazeiro, SSP lan\u00e7a edital para contrata\u00e7\u00e3o de 166 profissionais com sal\u00e1rios de at\u00e9 R$ 4,2 mil - Blog do Farn\u00e9sio","og_description":"Com sal\u00e1rios at\u00e9 R$ 4,2 mil, a Secretaria da Seguran\u00e7a P\u00fablica (SSP) divulgou sexta-feira (11), edital para contrata\u00e7\u00e3o emergencial de 166 novos profissionais em Salvador e cidades do interior do estado. As vagas, que s\u00e3o tempor\u00e1rias, ir\u00e3o prover as unidades do Departamento de Pol\u00edcia T\u00e9cnica (DPT) e as inscri\u00e7\u00f5es estar\u00e3o abertas entre os dias 21 at\u00e9 28 de outubro. CARGOS: Auxiliar de necropsia; T\u00e9cnico administrativo; T\u00e9cnico de enfermagem; T\u00e9cnico em anatomia patol\u00f3gica; T\u00e9cnico em laborat\u00f3rio; T\u00e9cnico em seguran\u00e7a do trabalho; T\u00e9cnico em radiologia; Fisioterapeuta; Psic\u00f3logo; Secretariado executivo; Assistente social. PROCESSO SELETIVO: Haver\u00e1 apenas uma \u00fanica etapa de avalia\u00e7\u00e3o curricular, que ser\u00e1 eliminat\u00f3rio e classificat\u00f3rio. As contrata\u00e7\u00f5es ter\u00e3o dura\u00e7\u00e3o de at\u00e9 36 meses, com possibilidade de prorroga\u00e7\u00e3o por mais 36 meses.&hellip;","og_url":"https:\/\/blogdofarnesio.com.br\/?p=378818","og_site_name":"Blog do Farn\u00e9sio","article_publisher":"https:\/\/www.facebook.com\/BlogQuerSaberPolitica\/","article_author":"https:\/\/www.facebook.com\/?ref=tn_tnmn","article_published_time":"2024-10-13T11:00:26+00:00","og_image":[{"width":600,"height":338,"url":"https:\/\/blogdofarnesio.com.br\/wp-content\/uploads\/2024\/08\/logqspconcursos_abertos_ba_widelg-e1723479698333.webp","type":"image\/webp"}],"author":"Farn\u00e9sio","twitter_card":"summary_large_image","twitter_misc":{"Escrito por":"Farn\u00e9sio","Est. tempo de leitura":"1 minuto"},"schema":{"@context":"https:\/\/schema.org","@graph":[{"@type":"Article","@id":"https:\/\/blogdofarnesio.com.br\/?p=378818#article","isPartOf":{"@id":"https:\/\/blogdofarnesio.com.br\/?p=378818"},"author":{"name":"Farn\u00e9sio","@id":"https:\/\/blogdofarnesio.com.br\/#\/schema\/person\/bb9b23ae3ad0609ce8df7b6c9e76824d"},"headline":"Com vagas para Juazeiro, SSP lan\u00e7a edital para contrata\u00e7\u00e3o de 166 profissionais com sal\u00e1rios de at\u00e9 R$ 4,2 mil","datePublished":"2024-10-13T11:00:26+00:00","mainEntityOfPage":{"@id":"https:\/\/blogdofarnesio.com.br\/?p=378818"},"wordCount":256,"commentCount":0,"publisher":{"@id":"https:\/\/blogdofarnesio.com.br\/#organization"},"image":{"@id":"https:\/\/blogdofarnesio.com.br\/?p=378818#primaryimage"},"thumbnailUrl":"https:\/\/blogdofarnesio.com.br\/wp-content\/uploads\/2024\/08\/logqspconcursos_abertos_ba_widelg-e1723479698333.webp","articleSection":["Concursos"],"inLanguage":"pt-BR","potentialAction":[{"@type":"CommentAction","name":"Comment","target":["https:\/\/blogdofarnesio.com.br\/?p=378818#respond"]}]},{"@type":"WebPage","@id":"https:\/\/blogdofarnesio.com.br\/?p=378818","url":"https:\/\/blogdofarnesio.com.br\/?p=378818","name":"Com vagas para Juazeiro, SSP lan\u00e7a edital para contrata\u00e7\u00e3o de 166 profissionais com sal\u00e1rios de at\u00e9 R$ 4,2 mil - Blog do Farn\u00e9sio","isPartOf":{"@id":"https:\/\/blogdofarnesio.com.br\/#website"},"primaryImageOfPage":{"@id":"https:\/\/blogdofarnesio.com.br\/?p=378818#primaryimage"},"image":{"@id":"https:\/\/blogdofarnesio.com.br\/?p=378818#primaryimage"},"thumbnailUrl":"https:\/\/blogdofarnesio.com.br\/wp-content\/uploads\/2024\/08\/logqspconcursos_abertos_ba_widelg-e1723479698333.webp","datePublished":"2024-10-13T11:00:26+00:00","breadcrumb":{"@id":"https:\/\/blogdofarnesio.com.br\/?p=378818#breadcrumb"},"inLanguage":"pt-BR","potentialAction":[{"@type":"ReadAction","target":["https:\/\/blogdofarnesio.com.br\/?p=378818"]}]},{"@type":"ImageObject","inLanguage":"pt-BR","@id":"https:\/\/blogdofarnesio.com.br\/?p=378818#primaryimage","url":"https:\/\/blogdofarnesio.com.br\/wp-content\/uploads\/2024\/08\/logqspconcursos_abertos_ba_widelg-e1723479698333.webp","contentUrl":"https:\/\/blogdofarnesio.com.br\/wp-content\/uploads\/2024\/08\/logqspconcursos_abertos_ba_widelg-e1723479698333.webp","width":600,"height":338},{"@type":"BreadcrumbList","@id":"https:\/\/blogdofarnesio.com.br\/?p=378818#breadcrumb","itemListElement":[{"@type":"ListItem","position":1,"name":"In\u00edcio","item":"https:\/\/blogdofarnesio.com.br\/"},{"@type":"ListItem","position":2,"name":"Com vagas para Juazeiro, SSP lan\u00e7a edital para contrata\u00e7\u00e3o de 166 profissionais com sal\u00e1rios de at\u00e9 R$ 4,2 mil"}]},{"@type":"WebSite","@id":"https:\/\/blogdofarnesio.com.br\/#website","url":"https:\/\/blogdofarnesio.com.br\/","name":"Blog do Farn\u00e9sio","description":"Quer Saber Pol\u00edtica?","publisher":{"@id":"https:\/\/blogdofarnesio.com.br\/#organization"},"potentialAction":[{"@type":"SearchAction","target":{"@type":"EntryPoint","urlTemplate":"https:\/\/blogdofarnesio.com.br\/?s={search_term_string}"},"query-input":{"@type":"PropertyValueSpecification","valueRequired":true,"valueName":"search_term_string"}}],"inLanguage":"pt-BR"},{"@type":"Organization","@id":"https:\/\/blogdofarnesio.com.br\/#organization","name":"Blog do Farn\u00e9sio","url":"https:\/\/blogdofarnesio.com.br\/","logo":{"@type":"ImageObject","inLanguage":"pt-BR","@id":"https:\/\/blogdofarnesio.com.br\/#\/schema\/logo\/image\/","url":"https:\/\/blogdofarnesio.com.br\/wp-content\/uploads\/2026\/03\/cropped-logo_new-1.png","contentUrl":"https:\/\/blogdofarnesio.com.br\/wp-content\/uploads\/2026\/03\/cropped-logo_new-1.png","width":881,"height":685,"caption":"Blog do Farn\u00e9sio"},"image":{"@id":"https:\/\/blogdofarnesio.com.br\/#\/schema\/logo\/image\/"},"sameAs":["https:\/\/www.facebook.com\/BlogQuerSaberPolitica\/"]},{"@type":"Person","@id":"https:\/\/blogdofarnesio.com.br\/#\/schema\/person\/bb9b23ae3ad0609ce8df7b6c9e76824d","name":"Farn\u00e9sio","image":{"@type":"ImageObject","inLanguage":"pt-BR","@id":"https:\/\/secure.gravatar.com\/avatar\/986aa4c61ccdb66f8555bf88fc2a65609d00bcabd4d2d94377a727547345cbca?s=96&d=mm&r=g","url":"https:\/\/secure.gravatar.com\/avatar\/986aa4c61ccdb66f8555bf88fc2a65609d00bcabd4d2d94377a727547345cbca?s=96&d=mm&r=g","contentUrl":"https:\/\/secure.gravatar.com\/avatar\/986aa4c61ccdb66f8555bf88fc2a65609d00bcabd4d2d94377a727547345cbca?s=96&d=mm&r=g","caption":"Farn\u00e9sio"},"description":"Radialista blogueiro, chegou a Petrolina\/Juazeiro em setembro de 1980, Farn\u00e9sio Silva \u00e9 de Arapiraca-Alagoas.","sameAs":["http:\/\/blogdofarnesio.com.br","https:\/\/www.facebook.com\/?ref=tn_tnmn","https:\/\/www.instagram.com\/?utm_source=pwa_homescreen","https:\/\/youtube.com.br\/"],"url":"https:\/\/blogdofarnesio.com.br\/?author=2"}]}},"_links":{"self":[{"href":"https:\/\/blogdofarnesio.com.br\/index.php?rest_route=\/wp\/v2\/posts\/378818","targetHints":{"allow":["GET"]}}],"collection":[{"href":"https:\/\/blogdofarnesio.com.br\/index.php?rest_route=\/wp\/v2\/posts"}],"about":[{"href":"https:\/\/blogdofarnesio.com.br\/index.php?rest_route=\/wp\/v2\/types\/post"}],"author":[{"embeddable":true,"href":"https:\/\/blogdofarnesio.com.br\/index.php?rest_route=\/wp\/v2\/users\/2"}],"replies":[{"embeddable":true,"href":"https:\/\/blogdofarnesio.com.br\/index.php?rest_route=%2Fwp%2Fv2%2Fcomments&post=378818"}],"version-history":[{"count":0,"href":"https:\/\/blogdofarnesio.com.br\/index.php?rest_route=\/wp\/v2\/posts\/378818\/revisions"}],"wp:featuredmedia":[{"embeddable":true,"href":"https:\/\/blogdofarnesio.com.br\/index.php?rest_route=\/wp\/v2\/media\/374901"}],"wp:attachment":[{"href":"https:\/\/blogdofarnesio.com.br\/index.php?rest_route=%2Fwp%2Fv2%2Fmedia&parent=378818"}],"wp:term":[{"taxonomy":"category","embeddable":true,"href":"https:\/\/blogdofarnesio.com.br\/index.php?rest_route=%2Fwp%2Fv2%2Fcategories&post=378818"},{"taxonomy":"post_tag","embeddable":true,"href":"https:\/\/blogdofarnesio.com.br\/index.php?rest_route=%2Fwp%2Fv2%2Ftags&post=378818"}],"curies":[{"name":"wp","href":"https:\/\/api.w.org\/{rel}","templated":true}]}}