{"id":378807,"date":"2024-10-13T07:30:27","date_gmt":"2024-10-13T10:30:27","guid":{"rendered":"https:\/\/blogdofarnesio.com.br\/?p=378807"},"modified":"2024-10-12T17:48:02","modified_gmt":"2024-10-12T20:48:02","slug":"avenida-cardoso-de-sa-sera-interditada-neste-domingo-para-realizacao-de-evento-esportivo","status":"publish","type":"post","link":"https:\/\/blogdofarnesio.com.br\/?p=378807","title":{"rendered":"Aten\u00e7\u00e3o do Volante!!! Avenida Cardoso de S\u00e1 est\u00e1 interditada neste domingo para realiza\u00e7\u00e3o de evento esportivo"},"content":{"rendered":"<div>A Autarquia Municipal de Mobilidade de Petrolina (AMMPLA) interdita a Avenida Cardoso de S\u00e1 neste domingo (13), das 6h \u00e0s 10h, no trecho do Restaurante Bera D\u2019\u00e1gua at\u00e9 o 72\u00ba Batalh\u00e3o de Infantaria Motorizada (72 BIMtz), em decorr\u00eancia de um evento esportivo que ir\u00e1 acontecer na via.<\/div>\n<div><\/div>\n<div>Al\u00e9m de proibir o tr\u00e1fego de ve\u00edculos, tamb\u00e9m n\u00e3o ser\u00e1 permitido estacionar nesse trecho durante o hor\u00e1rio da competi\u00e7\u00e3o. Os agentes de tr\u00e2nsito estar\u00e3o em pontos estrat\u00e9gicos da via para fazer o ordenamento do tr\u00e1fego e orientar a entrada e sa\u00edda de ve\u00edculos dos condom\u00ednios localizados ao longo da Avenida.<\/div>\n<div><\/div>\n","protected":false},"excerpt":{"rendered":"<p>A Autarquia Municipal de Mobilidade de Petrolina (AMMPLA) interdita a Avenida Cardoso de S\u00e1 neste domingo (13), das 6h \u00e0s 10h, no trecho do Restaurante Bera D\u2019\u00e1gua at\u00e9 o 72\u00ba Batalh\u00e3o de Infantaria Motorizada (72 BIMtz), em decorr\u00eancia de um evento esportivo que ir\u00e1 acontecer na via. Al\u00e9m de proibir o tr\u00e1fego de ve\u00edculos, tamb\u00e9m n\u00e3o ser\u00e1 permitido estacionar nesse trecho durante o hor\u00e1rio da competi\u00e7\u00e3o. Os agentes de tr\u00e2nsito estar\u00e3o em pontos estrat\u00e9gicos da via para fazer o ordenamento do tr\u00e1fego e orientar a entrada e sa\u00edda de ve\u00edculos dos condom\u00ednios localizados ao longo da Avenida.<\/p>\n","protected":false},"author":2,"featured_media":136043,"comment_status":"open","ping_status":"open","sticky":false,"template":"","format":"standard","meta":{"_acf_changed":false,"footnotes":""},"categories":[21],"tags":[],"class_list":["post-378807","post","type-post","status-publish","format-standard","has-post-thumbnail","hentry","category-transito"],"acf":[],"yoast_head":"<!-- This site is optimized with the Yoast SEO plugin v27.4 - https:\/\/yoast.com\/product\/yoast-seo-wordpress\/ -->\n<title>Aten\u00e7\u00e3o do Volante!!! Avenida Cardoso de S\u00e1 est\u00e1 interditada neste domingo para realiza\u00e7\u00e3o de evento esportivo - Blog do Farn\u00e9sio<\/title>\n<meta name=\"robots\" content=\"index, follow, max-snippet:-1, max-image-preview:large, max-video-preview:-1\" \/>\n<link rel=\"canonical\" href=\"https:\/\/blogdofarnesio.com.br\/?p=378807\" \/>\n<meta property=\"og:locale\" content=\"pt_BR\" \/>\n<meta property=\"og:type\" content=\"article\" \/>\n<meta property=\"og:title\" content=\"Aten\u00e7\u00e3o do Volante!!! Avenida Cardoso de S\u00e1 est\u00e1 interditada neste domingo para realiza\u00e7\u00e3o de evento esportivo - Blog do Farn\u00e9sio\" \/>\n<meta property=\"og:description\" content=\"A Autarquia Municipal de Mobilidade de Petrolina (AMMPLA) interdita a Avenida Cardoso de S\u00e1 neste domingo (13), das 6h \u00e0s 10h, no trecho do Restaurante Bera D\u2019\u00e1gua at\u00e9 o 72\u00ba Batalh\u00e3o de Infantaria Motorizada (72 BIMtz), em decorr\u00eancia de um evento esportivo que ir\u00e1 acontecer na via. Al\u00e9m de proibir o tr\u00e1fego de ve\u00edculos, tamb\u00e9m n\u00e3o ser\u00e1 permitido estacionar nesse trecho durante o hor\u00e1rio da competi\u00e7\u00e3o. Os agentes de tr\u00e2nsito estar\u00e3o em pontos estrat\u00e9gicos da via para fazer o ordenamento do tr\u00e1fego e orientar a entrada e sa\u00edda de ve\u00edculos dos condom\u00ednios localizados ao longo da Avenida.\" \/>\n<meta property=\"og:url\" content=\"https:\/\/blogdofarnesio.com.br\/?p=378807\" \/>\n<meta property=\"og:site_name\" content=\"Blog do Farn\u00e9sio\" \/>\n<meta property=\"article:publisher\" content=\"https:\/\/www.facebook.com\/BlogQuerSaberPolitica\/\" \/>\n<meta property=\"article:author\" content=\"https:\/\/www.facebook.com\/?ref=tn_tnmn\" \/>\n<meta property=\"article:published_time\" content=\"2024-10-13T10:30:27+00:00\" \/>\n<meta property=\"og:image\" content=\"https:\/\/blogdofarnesio.com.br\/wp-content\/uploads\/2016\/01\/blogqsp-interditado-transito.jpg\" \/>\n\t<meta property=\"og:image:width\" content=\"483\" \/>\n\t<meta property=\"og:image:height\" content=\"321\" \/>\n\t<meta property=\"og:image:type\" content=\"image\/jpeg\" \/>\n<meta name=\"author\" content=\"Farn\u00e9sio\" \/>\n<meta name=\"twitter:card\" content=\"summary_large_image\" \/>\n<meta name=\"twitter:label1\" content=\"Escrito por\" \/>\n\t<meta name=\"twitter:data1\" content=\"Farn\u00e9sio\" \/>\n\t<meta name=\"twitter:label2\" content=\"Est. tempo de leitura\" \/>\n\t<meta name=\"twitter:data2\" content=\"1 minuto\" \/>\n<script type=\"application\/ld+json\" class=\"yoast-schema-graph\">{\"@context\":\"https:\\\/\\\/schema.org\",\"@graph\":[{\"@type\":\"Article\",\"@id\":\"https:\\\/\\\/blogdofarnesio.com.br\\\/?p=378807#article\",\"isPartOf\":{\"@id\":\"https:\\\/\\\/blogdofarnesio.com.br\\\/?p=378807\"},\"author\":{\"name\":\"Farn\u00e9sio\",\"@id\":\"https:\\\/\\\/blogdofarnesio.com.br\\\/#\\\/schema\\\/person\\\/bb9b23ae3ad0609ce8df7b6c9e76824d\"},\"headline\":\"Aten\u00e7\u00e3o do Volante!!! Avenida Cardoso de S\u00e1 est\u00e1 interditada neste domingo para realiza\u00e7\u00e3o de evento esportivo\",\"datePublished\":\"2024-10-13T10:30:27+00:00\",\"mainEntityOfPage\":{\"@id\":\"https:\\\/\\\/blogdofarnesio.com.br\\\/?p=378807\"},\"wordCount\":129,\"commentCount\":0,\"publisher\":{\"@id\":\"https:\\\/\\\/blogdofarnesio.com.br\\\/#organization\"},\"image\":{\"@id\":\"https:\\\/\\\/blogdofarnesio.com.br\\\/?p=378807#primaryimage\"},\"thumbnailUrl\":\"https:\\\/\\\/blogdofarnesio.com.br\\\/wp-content\\\/uploads\\\/2016\\\/01\\\/blogqsp-interditado-transito.jpg\",\"articleSection\":[\"Tr\u00e2nsito\"],\"inLanguage\":\"pt-BR\",\"potentialAction\":[{\"@type\":\"CommentAction\",\"name\":\"Comment\",\"target\":[\"https:\\\/\\\/blogdofarnesio.com.br\\\/?p=378807#respond\"]}]},{\"@type\":\"WebPage\",\"@id\":\"https:\\\/\\\/blogdofarnesio.com.br\\\/?p=378807\",\"url\":\"https:\\\/\\\/blogdofarnesio.com.br\\\/?p=378807\",\"name\":\"Aten\u00e7\u00e3o do Volante!!! Avenida Cardoso de S\u00e1 est\u00e1 interditada neste domingo para realiza\u00e7\u00e3o de evento esportivo - Blog do Farn\u00e9sio\",\"isPartOf\":{\"@id\":\"https:\\\/\\\/blogdofarnesio.com.br\\\/#website\"},\"primaryImageOfPage\":{\"@id\":\"https:\\\/\\\/blogdofarnesio.com.br\\\/?p=378807#primaryimage\"},\"image\":{\"@id\":\"https:\\\/\\\/blogdofarnesio.com.br\\\/?p=378807#primaryimage\"},\"thumbnailUrl\":\"https:\\\/\\\/blogdofarnesio.com.br\\\/wp-content\\\/uploads\\\/2016\\\/01\\\/blogqsp-interditado-transito.jpg\",\"datePublished\":\"2024-10-13T10:30:27+00:00\",\"breadcrumb\":{\"@id\":\"https:\\\/\\\/blogdofarnesio.com.br\\\/?p=378807#breadcrumb\"},\"inLanguage\":\"pt-BR\",\"potentialAction\":[{\"@type\":\"ReadAction\",\"target\":[\"https:\\\/\\\/blogdofarnesio.com.br\\\/?p=378807\"]}]},{\"@type\":\"ImageObject\",\"inLanguage\":\"pt-BR\",\"@id\":\"https:\\\/\\\/blogdofarnesio.com.br\\\/?p=378807#primaryimage\",\"url\":\"https:\\\/\\\/blogdofarnesio.com.br\\\/wp-content\\\/uploads\\\/2016\\\/01\\\/blogqsp-interditado-transito.jpg\",\"contentUrl\":\"https:\\\/\\\/blogdofarnesio.com.br\\\/wp-content\\\/uploads\\\/2016\\\/01\\\/blogqsp-interditado-transito.jpg\",\"width\":483,\"height\":321},{\"@type\":\"BreadcrumbList\",\"@id\":\"https:\\\/\\\/blogdofarnesio.com.br\\\/?p=378807#breadcrumb\",\"itemListElement\":[{\"@type\":\"ListItem\",\"position\":1,\"name\":\"In\u00edcio\",\"item\":\"https:\\\/\\\/blogdofarnesio.com.br\\\/\"},{\"@type\":\"ListItem\",\"position\":2,\"name\":\"Aten\u00e7\u00e3o do Volante!!! Avenida Cardoso de S\u00e1 est\u00e1 interditada neste domingo para realiza\u00e7\u00e3o de evento esportivo\"}]},{\"@type\":\"WebSite\",\"@id\":\"https:\\\/\\\/blogdofarnesio.com.br\\\/#website\",\"url\":\"https:\\\/\\\/blogdofarnesio.com.br\\\/\",\"name\":\"Blog do Farn\u00e9sio\",\"description\":\"Quer Saber Pol\u00edtica?\",\"publisher\":{\"@id\":\"https:\\\/\\\/blogdofarnesio.com.br\\\/#organization\"},\"potentialAction\":[{\"@type\":\"SearchAction\",\"target\":{\"@type\":\"EntryPoint\",\"urlTemplate\":\"https:\\\/\\\/blogdofarnesio.com.br\\\/?s={search_term_string}\"},\"query-input\":{\"@type\":\"PropertyValueSpecification\",\"valueRequired\":true,\"valueName\":\"search_term_string\"}}],\"inLanguage\":\"pt-BR\"},{\"@type\":\"Organization\",\"@id\":\"https:\\\/\\\/blogdofarnesio.com.br\\\/#organization\",\"name\":\"Blog do Farn\u00e9sio\",\"url\":\"https:\\\/\\\/blogdofarnesio.com.br\\\/\",\"logo\":{\"@type\":\"ImageObject\",\"inLanguage\":\"pt-BR\",\"@id\":\"https:\\\/\\\/blogdofarnesio.com.br\\\/#\\\/schema\\\/logo\\\/image\\\/\",\"url\":\"https:\\\/\\\/blogdofarnesio.com.br\\\/wp-content\\\/uploads\\\/2026\\\/03\\\/cropped-logo_new-1.png\",\"contentUrl\":\"https:\\\/\\\/blogdofarnesio.com.br\\\/wp-content\\\/uploads\\\/2026\\\/03\\\/cropped-logo_new-1.png\",\"width\":881,\"height\":685,\"caption\":\"Blog do Farn\u00e9sio\"},\"image\":{\"@id\":\"https:\\\/\\\/blogdofarnesio.com.br\\\/#\\\/schema\\\/logo\\\/image\\\/\"},\"sameAs\":[\"https:\\\/\\\/www.facebook.com\\\/BlogQuerSaberPolitica\\\/\"]},{\"@type\":\"Person\",\"@id\":\"https:\\\/\\\/blogdofarnesio.com.br\\\/#\\\/schema\\\/person\\\/bb9b23ae3ad0609ce8df7b6c9e76824d\",\"name\":\"Farn\u00e9sio\",\"image\":{\"@type\":\"ImageObject\",\"inLanguage\":\"pt-BR\",\"@id\":\"https:\\\/\\\/secure.gravatar.com\\\/avatar\\\/986aa4c61ccdb66f8555bf88fc2a65609d00bcabd4d2d94377a727547345cbca?s=96&d=mm&r=g\",\"url\":\"https:\\\/\\\/secure.gravatar.com\\\/avatar\\\/986aa4c61ccdb66f8555bf88fc2a65609d00bcabd4d2d94377a727547345cbca?s=96&d=mm&r=g\",\"contentUrl\":\"https:\\\/\\\/secure.gravatar.com\\\/avatar\\\/986aa4c61ccdb66f8555bf88fc2a65609d00bcabd4d2d94377a727547345cbca?s=96&d=mm&r=g\",\"caption\":\"Farn\u00e9sio\"},\"description\":\"Radialista blogueiro, chegou a Petrolina\\\/Juazeiro em setembro de 1980, Farn\u00e9sio Silva \u00e9 de Arapiraca-Alagoas.\",\"sameAs\":[\"http:\\\/\\\/blogdofarnesio.com.br\",\"https:\\\/\\\/www.facebook.com\\\/?ref=tn_tnmn\",\"https:\\\/\\\/www.instagram.com\\\/?utm_source=pwa_homescreen\",\"https:\\\/\\\/youtube.com.br\\\/\"],\"url\":\"https:\\\/\\\/blogdofarnesio.com.br\\\/?author=2\"}]}<\/script>\n<!-- \/ Yoast SEO plugin. -->","yoast_head_json":{"title":"Aten\u00e7\u00e3o do Volante!!! Avenida Cardoso de S\u00e1 est\u00e1 interditada neste domingo para realiza\u00e7\u00e3o de evento esportivo - Blog do Farn\u00e9sio","robots":{"index":"index","follow":"follow","max-snippet":"max-snippet:-1","max-image-preview":"max-image-preview:large","max-video-preview":"max-video-preview:-1"},"canonical":"https:\/\/blogdofarnesio.com.br\/?p=378807","og_locale":"pt_BR","og_type":"article","og_title":"Aten\u00e7\u00e3o do Volante!!! Avenida Cardoso de S\u00e1 est\u00e1 interditada neste domingo para realiza\u00e7\u00e3o de evento esportivo - Blog do Farn\u00e9sio","og_description":"A Autarquia Municipal de Mobilidade de Petrolina (AMMPLA) interdita a Avenida Cardoso de S\u00e1 neste domingo (13), das 6h \u00e0s 10h, no trecho do Restaurante Bera D\u2019\u00e1gua at\u00e9 o 72\u00ba Batalh\u00e3o de Infantaria Motorizada (72 BIMtz), em decorr\u00eancia de um evento esportivo que ir\u00e1 acontecer na via. Al\u00e9m de proibir o tr\u00e1fego de ve\u00edculos, tamb\u00e9m n\u00e3o ser\u00e1 permitido estacionar nesse trecho durante o hor\u00e1rio da competi\u00e7\u00e3o. Os agentes de tr\u00e2nsito estar\u00e3o em pontos estrat\u00e9gicos da via para fazer o ordenamento do tr\u00e1fego e orientar a entrada e sa\u00edda de ve\u00edculos dos condom\u00ednios localizados ao longo da Avenida.","og_url":"https:\/\/blogdofarnesio.com.br\/?p=378807","og_site_name":"Blog do Farn\u00e9sio","article_publisher":"https:\/\/www.facebook.com\/BlogQuerSaberPolitica\/","article_author":"https:\/\/www.facebook.com\/?ref=tn_tnmn","article_published_time":"2024-10-13T10:30:27+00:00","og_image":[{"width":483,"height":321,"url":"https:\/\/blogdofarnesio.com.br\/wp-content\/uploads\/2016\/01\/blogqsp-interditado-transito.jpg","type":"image\/jpeg"}],"author":"Farn\u00e9sio","twitter_card":"summary_large_image","twitter_misc":{"Escrito por":"Farn\u00e9sio","Est. tempo de leitura":"1 minuto"},"schema":{"@context":"https:\/\/schema.org","@graph":[{"@type":"Article","@id":"https:\/\/blogdofarnesio.com.br\/?p=378807#article","isPartOf":{"@id":"https:\/\/blogdofarnesio.com.br\/?p=378807"},"author":{"name":"Farn\u00e9sio","@id":"https:\/\/blogdofarnesio.com.br\/#\/schema\/person\/bb9b23ae3ad0609ce8df7b6c9e76824d"},"headline":"Aten\u00e7\u00e3o do Volante!!! Avenida Cardoso de S\u00e1 est\u00e1 interditada neste domingo para realiza\u00e7\u00e3o de evento esportivo","datePublished":"2024-10-13T10:30:27+00:00","mainEntityOfPage":{"@id":"https:\/\/blogdofarnesio.com.br\/?p=378807"},"wordCount":129,"commentCount":0,"publisher":{"@id":"https:\/\/blogdofarnesio.com.br\/#organization"},"image":{"@id":"https:\/\/blogdofarnesio.com.br\/?p=378807#primaryimage"},"thumbnailUrl":"https:\/\/blogdofarnesio.com.br\/wp-content\/uploads\/2016\/01\/blogqsp-interditado-transito.jpg","articleSection":["Tr\u00e2nsito"],"inLanguage":"pt-BR","potentialAction":[{"@type":"CommentAction","name":"Comment","target":["https:\/\/blogdofarnesio.com.br\/?p=378807#respond"]}]},{"@type":"WebPage","@id":"https:\/\/blogdofarnesio.com.br\/?p=378807","url":"https:\/\/blogdofarnesio.com.br\/?p=378807","name":"Aten\u00e7\u00e3o do Volante!!! Avenida Cardoso de S\u00e1 est\u00e1 interditada neste domingo para realiza\u00e7\u00e3o de evento esportivo - Blog do Farn\u00e9sio","isPartOf":{"@id":"https:\/\/blogdofarnesio.com.br\/#website"},"primaryImageOfPage":{"@id":"https:\/\/blogdofarnesio.com.br\/?p=378807#primaryimage"},"image":{"@id":"https:\/\/blogdofarnesio.com.br\/?p=378807#primaryimage"},"thumbnailUrl":"https:\/\/blogdofarnesio.com.br\/wp-content\/uploads\/2016\/01\/blogqsp-interditado-transito.jpg","datePublished":"2024-10-13T10:30:27+00:00","breadcrumb":{"@id":"https:\/\/blogdofarnesio.com.br\/?p=378807#breadcrumb"},"inLanguage":"pt-BR","potentialAction":[{"@type":"ReadAction","target":["https:\/\/blogdofarnesio.com.br\/?p=378807"]}]},{"@type":"ImageObject","inLanguage":"pt-BR","@id":"https:\/\/blogdofarnesio.com.br\/?p=378807#primaryimage","url":"https:\/\/blogdofarnesio.com.br\/wp-content\/uploads\/2016\/01\/blogqsp-interditado-transito.jpg","contentUrl":"https:\/\/blogdofarnesio.com.br\/wp-content\/uploads\/2016\/01\/blogqsp-interditado-transito.jpg","width":483,"height":321},{"@type":"BreadcrumbList","@id":"https:\/\/blogdofarnesio.com.br\/?p=378807#breadcrumb","itemListElement":[{"@type":"ListItem","position":1,"name":"In\u00edcio","item":"https:\/\/blogdofarnesio.com.br\/"},{"@type":"ListItem","position":2,"name":"Aten\u00e7\u00e3o do Volante!!! Avenida Cardoso de S\u00e1 est\u00e1 interditada neste domingo para realiza\u00e7\u00e3o de evento esportivo"}]},{"@type":"WebSite","@id":"https:\/\/blogdofarnesio.com.br\/#website","url":"https:\/\/blogdofarnesio.com.br\/","name":"Blog do Farn\u00e9sio","description":"Quer Saber Pol\u00edtica?","publisher":{"@id":"https:\/\/blogdofarnesio.com.br\/#organization"},"potentialAction":[{"@type":"SearchAction","target":{"@type":"EntryPoint","urlTemplate":"https:\/\/blogdofarnesio.com.br\/?s={search_term_string}"},"query-input":{"@type":"PropertyValueSpecification","valueRequired":true,"valueName":"search_term_string"}}],"inLanguage":"pt-BR"},{"@type":"Organization","@id":"https:\/\/blogdofarnesio.com.br\/#organization","name":"Blog do Farn\u00e9sio","url":"https:\/\/blogdofarnesio.com.br\/","logo":{"@type":"ImageObject","inLanguage":"pt-BR","@id":"https:\/\/blogdofarnesio.com.br\/#\/schema\/logo\/image\/","url":"https:\/\/blogdofarnesio.com.br\/wp-content\/uploads\/2026\/03\/cropped-logo_new-1.png","contentUrl":"https:\/\/blogdofarnesio.com.br\/wp-content\/uploads\/2026\/03\/cropped-logo_new-1.png","width":881,"height":685,"caption":"Blog do Farn\u00e9sio"},"image":{"@id":"https:\/\/blogdofarnesio.com.br\/#\/schema\/logo\/image\/"},"sameAs":["https:\/\/www.facebook.com\/BlogQuerSaberPolitica\/"]},{"@type":"Person","@id":"https:\/\/blogdofarnesio.com.br\/#\/schema\/person\/bb9b23ae3ad0609ce8df7b6c9e76824d","name":"Farn\u00e9sio","image":{"@type":"ImageObject","inLanguage":"pt-BR","@id":"https:\/\/secure.gravatar.com\/avatar\/986aa4c61ccdb66f8555bf88fc2a65609d00bcabd4d2d94377a727547345cbca?s=96&d=mm&r=g","url":"https:\/\/secure.gravatar.com\/avatar\/986aa4c61ccdb66f8555bf88fc2a65609d00bcabd4d2d94377a727547345cbca?s=96&d=mm&r=g","contentUrl":"https:\/\/secure.gravatar.com\/avatar\/986aa4c61ccdb66f8555bf88fc2a65609d00bcabd4d2d94377a727547345cbca?s=96&d=mm&r=g","caption":"Farn\u00e9sio"},"description":"Radialista blogueiro, chegou a Petrolina\/Juazeiro em setembro de 1980, Farn\u00e9sio Silva \u00e9 de Arapiraca-Alagoas.","sameAs":["http:\/\/blogdofarnesio.com.br","https:\/\/www.facebook.com\/?ref=tn_tnmn","https:\/\/www.instagram.com\/?utm_source=pwa_homescreen","https:\/\/youtube.com.br\/"],"url":"https:\/\/blogdofarnesio.com.br\/?author=2"}]}},"_links":{"self":[{"href":"https:\/\/blogdofarnesio.com.br\/index.php?rest_route=\/wp\/v2\/posts\/378807","targetHints":{"allow":["GET"]}}],"collection":[{"href":"https:\/\/blogdofarnesio.com.br\/index.php?rest_route=\/wp\/v2\/posts"}],"about":[{"href":"https:\/\/blogdofarnesio.com.br\/index.php?rest_route=\/wp\/v2\/types\/post"}],"author":[{"embeddable":true,"href":"https:\/\/blogdofarnesio.com.br\/index.php?rest_route=\/wp\/v2\/users\/2"}],"replies":[{"embeddable":true,"href":"https:\/\/blogdofarnesio.com.br\/index.php?rest_route=%2Fwp%2Fv2%2Fcomments&post=378807"}],"version-history":[{"count":0,"href":"https:\/\/blogdofarnesio.com.br\/index.php?rest_route=\/wp\/v2\/posts\/378807\/revisions"}],"wp:featuredmedia":[{"embeddable":true,"href":"https:\/\/blogdofarnesio.com.br\/index.php?rest_route=\/wp\/v2\/media\/136043"}],"wp:attachment":[{"href":"https:\/\/blogdofarnesio.com.br\/index.php?rest_route=%2Fwp%2Fv2%2Fmedia&parent=378807"}],"wp:term":[{"taxonomy":"category","embeddable":true,"href":"https:\/\/blogdofarnesio.com.br\/index.php?rest_route=%2Fwp%2Fv2%2Fcategories&post=378807"},{"taxonomy":"post_tag","embeddable":true,"href":"https:\/\/blogdofarnesio.com.br\/index.php?rest_route=%2Fwp%2Fv2%2Ftags&post=378807"}],"curies":[{"name":"wp","href":"https:\/\/api.w.org\/{rel}","templated":true}]}}