{"id":378726,"date":"2024-10-11T10:03:49","date_gmt":"2024-10-11T13:03:49","guid":{"rendered":"https:\/\/blogdofarnesio.com.br\/?p=378726"},"modified":"2024-10-10T17:18:03","modified_gmt":"2024-10-10T20:18:03","slug":"deolane-bezerra-e-gusttavo-lima-sao-convocados-para-depor-na-cpi-das-bets","status":"publish","type":"post","link":"https:\/\/blogdofarnesio.com.br\/?p=378726","title":{"rendered":"Deolane Bezerra e Gusttavo Lima s\u00e3o convocados para depor na CPI das Bets"},"content":{"rendered":"<div class=\"sc-b4c8ccf3-0 fsXNOt\"><\/div>\n<div class=\"sc-81cf810-1 bYubFg\">\n<div class=\"sc-81cf810-3 gCNTHg\">\n<p>BN\u00a0 &#8211;\u00a0 A influenciadora e advogada <a href=\"https:\/\/www.bahianoticias.com.br\/noticia\/295896-deolane-bezerra-e-presa-em-operacao-contra-lavagem-de-dinheiro-e-pratica-de-jogos-ilegais\"><strong>Deolane Bezerra<\/strong><\/a>\u00a0e o cantor\u00a0<a href=\"https:\/\/www.bahianoticias.com.br\/holofote\/noticia\/76058-gusttavo-lima-e-indiciado-por-lavagem-de-dinheiro-e-organizacao-criminosa-e-cancela-show-em-cidade-de-pernambuco\"><strong>Gusttavo Lima<\/strong><\/a>\u00a0est\u00e3o na lista dos primeiros nomes convocados pela CPI das Bets, que ser\u00e1 instalada pelo Senado, uma proposta da senadora Soraya Thronicke (Podemos-MS). As informa\u00e7\u00f5es s\u00e3o da coluna de Lauro Jardim, no jornal &#8216;O Globo&#8217;.<\/p>\n<p>A CPI foi confirmada pelo presidente do Senado, Rodrigo Pacheco (PSD-MG), na ter\u00e7a-feira (8) ap\u00f3s o recebimento do requerimento para instalar a investiga\u00e7\u00e3o sobre a influ\u00eancia de jogos de aposta on-line no or\u00e7amento das fam\u00edlias.<\/p>\n<p>&nbsp;<\/p>\n<ul>\n<li><strong><em><a href=\"https:\/\/www.bahianoticias.com.br\/holofote\/noticia\/75800-justica-confirma-que-irmas-de-deolane-bezerra-pagaram-fas-para-ficarem-na-porta-do-presidio\">Justi\u00e7a confirma que irm\u00e3s de Deolane Bezerra pagaram f\u00e3s para ficarem na porta do pres\u00eddio<\/a><\/em><\/strong><\/li>\n<li><strong><em><a href=\"https:\/\/www.bahianoticias.com.br\/holofote\/noticia\/75743-deolane-bezerra-teve-mais-de-rdollar-30-milhoes-bloqueados-pela-justica-em-operacao-que-investiga-lavagem-de-dinheiro\" target=\"_blank\" rel=\"noopener\">Deolane Bezerra teve mais de R$ 30 milh\u00f5es bloqueados pela Justi\u00e7a em opera\u00e7\u00e3o que investiga lavagem de dinheiro\u00a0<\/a><\/em><\/strong><\/li>\n<li><strong><em><a href=\"https:\/\/www.bahianoticias.com.br\/holofote\/noticia\/75678-presa-em-operacao-contra-lavagem-de-dinheiro-deolane-bezerra-e-dona-de-12-mansoes-e-investiu-rdollar-65-milhoes-em-imoveis\" target=\"_blank\" rel=\"noopener\">Presa em opera\u00e7\u00e3o contra lavagem de dinheiro, Deolane Bezerra \u00e9 dona de 12 mans\u00f5es e investiu R$ 65 milh\u00f5es em im\u00f3veis\u00a0<\/a><\/em><\/strong><\/li>\n<li><em><strong><a href=\"https:\/\/www.bahianoticias.com.br\/holofote\/noticia\/75980-gusttavo-lima-comprou-25-de-empresa-envolvida-em-operacao-que-investiga-lavagem-de-dinheiro-em-jogos-de-azar\">Gusttavo Lima comprou 25% de empresa envolvida em opera\u00e7\u00e3o que investiga lavagem de dinheiro em jogos de azar<\/a><\/strong><\/em><\/li>\n<li><em><strong><a href=\"https:\/\/www.bahianoticias.com.br\/holofote\/noticia\/75747-justica-determina-bloqueio-de-rdollar-20-milhoes-de-empresa-de-gusttavo-lima-em-operacao-que-investiga-lavagem-de-dinheiro\" target=\"_blank\" rel=\"noopener\">Justi\u00e7a determina bloqueio de R$ 20 milh\u00f5es de empresa de Gusttavo Lima em opera\u00e7\u00e3o que investiga lavagem de dinheiro<\/a><\/strong><\/em><\/li>\n<li><em><strong><a href=\"https:\/\/www.bahianoticias.com.br\/holofote\/noticia\/76064-pf-entrara-com-pedido-de-federalizacao-de-investigacao-que-atinge-deolane-bezerra-gusttavo-lima-e-casas-de-apostas\">PF entrar\u00e1 com pedido de federaliza\u00e7\u00e3o de investiga\u00e7\u00e3o que atinge Deolane Bezerra, Gusttavo Lima e casas de apostas<\/a><\/strong><\/em><\/li>\n<\/ul>\n<p>&nbsp;<\/p>\n<p>De acordo com Pacheco, a CPI das Bets dever\u00e1 ter 11 membros titulares e 7 suplentes e tamb\u00e9m investigar\u00e1 a \u201cposs\u00edvel associa\u00e7\u00e3o\u201d das bets com organiza\u00e7\u00f5es criminosas e o uso de influenciadores nas propagandas das empresas.<\/p>\n<p>O\u00a0<strong><a href=\"https:\/\/www.bahianoticias.com.br\/esportes\/noticia\/71325-lucas-paqueta-e-convocado-para-depor-na-cpi-da-manipulacao-de-jogos-e-apostas-esportivas\">jogador Lucas Paquet\u00e1<\/a><\/strong>\u00a0tamb\u00e9m ser\u00e1 ouvido em uma CPI. O atleta do West Ham foi convocado para depor na CPI da Manipula\u00e7\u00e3o de Jogos e Apostas Esportivas no dia 29 de outubro, que tem o senador Jorge Kajuru como presidente.<\/p>\n<\/div>\n<\/div>\n","protected":false},"excerpt":{"rendered":"<p>BN\u00a0 &#8211;\u00a0 A influenciadora e advogada Deolane Bezerra\u00a0e o cantor\u00a0Gusttavo Lima\u00a0est\u00e3o na lista dos primeiros nomes convocados pela CPI das Bets, que ser\u00e1 instalada pelo Senado, uma proposta da senadora Soraya Thronicke (Podemos-MS). As informa\u00e7\u00f5es s\u00e3o da coluna de Lauro Jardim, no jornal &#8216;O Globo&#8217;. A CPI foi confirmada pelo presidente do Senado, Rodrigo Pacheco (PSD-MG), na ter\u00e7a-feira (8) ap\u00f3s o recebimento do requerimento para instalar a investiga\u00e7\u00e3o sobre a influ\u00eancia de jogos de aposta on-line no or\u00e7amento das fam\u00edlias. &nbsp; Justi\u00e7a confirma que irm\u00e3s de Deolane Bezerra pagaram f\u00e3s para ficarem na porta do pres\u00eddio Deolane Bezerra teve mais de R$ 30 milh\u00f5es bloqueados pela Justi\u00e7a em opera\u00e7\u00e3o que investiga lavagem de dinheiro\u00a0 Presa em opera\u00e7\u00e3o contra lavagem de&hellip; <\/p>\n","protected":false},"author":2,"featured_media":378727,"comment_status":"open","ping_status":"open","sticky":false,"template":"","format":"standard","meta":{"_acf_changed":false,"footnotes":""},"categories":[23],"tags":[],"class_list":["post-378726","post","type-post","status-publish","format-standard","has-post-thumbnail","hentry","category-justica"],"acf":[],"yoast_head":"<!-- This site is optimized with the Yoast SEO plugin v27.4 - https:\/\/yoast.com\/product\/yoast-seo-wordpress\/ -->\n<title>Deolane Bezerra e Gusttavo Lima s\u00e3o convocados para depor na CPI das Bets - Blog do Farn\u00e9sio<\/title>\n<meta name=\"robots\" content=\"index, follow, max-snippet:-1, max-image-preview:large, max-video-preview:-1\" \/>\n<link rel=\"canonical\" href=\"https:\/\/blogdofarnesio.com.br\/?p=378726\" \/>\n<meta property=\"og:locale\" content=\"pt_BR\" \/>\n<meta property=\"og:type\" content=\"article\" \/>\n<meta property=\"og:title\" content=\"Deolane Bezerra e Gusttavo Lima s\u00e3o convocados para depor na CPI das Bets - Blog do Farn\u00e9sio\" \/>\n<meta property=\"og:description\" content=\"BN\u00a0 &#8211;\u00a0 A influenciadora e advogada Deolane Bezerra\u00a0e o cantor\u00a0Gusttavo Lima\u00a0est\u00e3o na lista dos primeiros nomes convocados pela CPI das Bets, que ser\u00e1 instalada pelo Senado, uma proposta da senadora Soraya Thronicke (Podemos-MS). As informa\u00e7\u00f5es s\u00e3o da coluna de Lauro Jardim, no jornal &#8216;O Globo&#8217;. A CPI foi confirmada pelo presidente do Senado, Rodrigo Pacheco (PSD-MG), na ter\u00e7a-feira (8) ap\u00f3s o recebimento do requerimento para instalar a investiga\u00e7\u00e3o sobre a influ\u00eancia de jogos de aposta on-line no or\u00e7amento das fam\u00edlias. &nbsp; Justi\u00e7a confirma que irm\u00e3s de Deolane Bezerra pagaram f\u00e3s para ficarem na porta do pres\u00eddio Deolane Bezerra teve mais de R$ 30 milh\u00f5es bloqueados pela Justi\u00e7a em opera\u00e7\u00e3o que investiga lavagem de dinheiro\u00a0 Presa em opera\u00e7\u00e3o contra lavagem de&hellip;\" \/>\n<meta property=\"og:url\" content=\"https:\/\/blogdofarnesio.com.br\/?p=378726\" \/>\n<meta property=\"og:site_name\" content=\"Blog do Farn\u00e9sio\" \/>\n<meta property=\"article:publisher\" content=\"https:\/\/www.facebook.com\/BlogQuerSaberPolitica\/\" \/>\n<meta property=\"article:author\" content=\"https:\/\/www.facebook.com\/?ref=tn_tnmn\" \/>\n<meta property=\"article:published_time\" content=\"2024-10-11T13:03:49+00:00\" \/>\n<meta property=\"og:image\" content=\"https:\/\/blogdofarnesio.com.br\/wp-content\/uploads\/2024\/10\/blogqspdeolane-gusttavo-e1728591444391.webp\" \/>\n\t<meta property=\"og:image:width\" content=\"500\" \/>\n\t<meta property=\"og:image:height\" content=\"263\" \/>\n\t<meta property=\"og:image:type\" content=\"image\/webp\" \/>\n<meta name=\"author\" content=\"Farn\u00e9sio\" \/>\n<meta name=\"twitter:card\" content=\"summary_large_image\" \/>\n<meta name=\"twitter:label1\" content=\"Escrito por\" \/>\n\t<meta name=\"twitter:data1\" content=\"Farn\u00e9sio\" \/>\n\t<meta name=\"twitter:label2\" content=\"Est. tempo de leitura\" \/>\n\t<meta name=\"twitter:data2\" content=\"1 minuto\" \/>\n<script type=\"application\/ld+json\" class=\"yoast-schema-graph\">{\"@context\":\"https:\\\/\\\/schema.org\",\"@graph\":[{\"@type\":\"Article\",\"@id\":\"https:\\\/\\\/blogdofarnesio.com.br\\\/?p=378726#article\",\"isPartOf\":{\"@id\":\"https:\\\/\\\/blogdofarnesio.com.br\\\/?p=378726\"},\"author\":{\"name\":\"Farn\u00e9sio\",\"@id\":\"https:\\\/\\\/blogdofarnesio.com.br\\\/#\\\/schema\\\/person\\\/bb9b23ae3ad0609ce8df7b6c9e76824d\"},\"headline\":\"Deolane Bezerra e Gusttavo Lima s\u00e3o convocados para depor na CPI das Bets\",\"datePublished\":\"2024-10-11T13:03:49+00:00\",\"mainEntityOfPage\":{\"@id\":\"https:\\\/\\\/blogdofarnesio.com.br\\\/?p=378726\"},\"wordCount\":307,\"commentCount\":0,\"publisher\":{\"@id\":\"https:\\\/\\\/blogdofarnesio.com.br\\\/#organization\"},\"image\":{\"@id\":\"https:\\\/\\\/blogdofarnesio.com.br\\\/?p=378726#primaryimage\"},\"thumbnailUrl\":\"https:\\\/\\\/blogdofarnesio.com.br\\\/wp-content\\\/uploads\\\/2024\\\/10\\\/blogqspdeolane-gusttavo-e1728591444391.webp\",\"articleSection\":[\"Justi\u00e7a\"],\"inLanguage\":\"pt-BR\",\"potentialAction\":[{\"@type\":\"CommentAction\",\"name\":\"Comment\",\"target\":[\"https:\\\/\\\/blogdofarnesio.com.br\\\/?p=378726#respond\"]}]},{\"@type\":\"WebPage\",\"@id\":\"https:\\\/\\\/blogdofarnesio.com.br\\\/?p=378726\",\"url\":\"https:\\\/\\\/blogdofarnesio.com.br\\\/?p=378726\",\"name\":\"Deolane Bezerra e Gusttavo Lima s\u00e3o convocados para depor na CPI das Bets - Blog do Farn\u00e9sio\",\"isPartOf\":{\"@id\":\"https:\\\/\\\/blogdofarnesio.com.br\\\/#website\"},\"primaryImageOfPage\":{\"@id\":\"https:\\\/\\\/blogdofarnesio.com.br\\\/?p=378726#primaryimage\"},\"image\":{\"@id\":\"https:\\\/\\\/blogdofarnesio.com.br\\\/?p=378726#primaryimage\"},\"thumbnailUrl\":\"https:\\\/\\\/blogdofarnesio.com.br\\\/wp-content\\\/uploads\\\/2024\\\/10\\\/blogqspdeolane-gusttavo-e1728591444391.webp\",\"datePublished\":\"2024-10-11T13:03:49+00:00\",\"breadcrumb\":{\"@id\":\"https:\\\/\\\/blogdofarnesio.com.br\\\/?p=378726#breadcrumb\"},\"inLanguage\":\"pt-BR\",\"potentialAction\":[{\"@type\":\"ReadAction\",\"target\":[\"https:\\\/\\\/blogdofarnesio.com.br\\\/?p=378726\"]}]},{\"@type\":\"ImageObject\",\"inLanguage\":\"pt-BR\",\"@id\":\"https:\\\/\\\/blogdofarnesio.com.br\\\/?p=378726#primaryimage\",\"url\":\"https:\\\/\\\/blogdofarnesio.com.br\\\/wp-content\\\/uploads\\\/2024\\\/10\\\/blogqspdeolane-gusttavo-e1728591444391.webp\",\"contentUrl\":\"https:\\\/\\\/blogdofarnesio.com.br\\\/wp-content\\\/uploads\\\/2024\\\/10\\\/blogqspdeolane-gusttavo-e1728591444391.webp\",\"width\":500,\"height\":263},{\"@type\":\"BreadcrumbList\",\"@id\":\"https:\\\/\\\/blogdofarnesio.com.br\\\/?p=378726#breadcrumb\",\"itemListElement\":[{\"@type\":\"ListItem\",\"position\":1,\"name\":\"In\u00edcio\",\"item\":\"https:\\\/\\\/blogdofarnesio.com.br\\\/\"},{\"@type\":\"ListItem\",\"position\":2,\"name\":\"Deolane Bezerra e Gusttavo Lima s\u00e3o convocados para depor na CPI das Bets\"}]},{\"@type\":\"WebSite\",\"@id\":\"https:\\\/\\\/blogdofarnesio.com.br\\\/#website\",\"url\":\"https:\\\/\\\/blogdofarnesio.com.br\\\/\",\"name\":\"Blog do Farn\u00e9sio\",\"description\":\"Quer Saber Pol\u00edtica?\",\"publisher\":{\"@id\":\"https:\\\/\\\/blogdofarnesio.com.br\\\/#organization\"},\"potentialAction\":[{\"@type\":\"SearchAction\",\"target\":{\"@type\":\"EntryPoint\",\"urlTemplate\":\"https:\\\/\\\/blogdofarnesio.com.br\\\/?s={search_term_string}\"},\"query-input\":{\"@type\":\"PropertyValueSpecification\",\"valueRequired\":true,\"valueName\":\"search_term_string\"}}],\"inLanguage\":\"pt-BR\"},{\"@type\":\"Organization\",\"@id\":\"https:\\\/\\\/blogdofarnesio.com.br\\\/#organization\",\"name\":\"Blog do Farn\u00e9sio\",\"url\":\"https:\\\/\\\/blogdofarnesio.com.br\\\/\",\"logo\":{\"@type\":\"ImageObject\",\"inLanguage\":\"pt-BR\",\"@id\":\"https:\\\/\\\/blogdofarnesio.com.br\\\/#\\\/schema\\\/logo\\\/image\\\/\",\"url\":\"https:\\\/\\\/blogdofarnesio.com.br\\\/wp-content\\\/uploads\\\/2026\\\/03\\\/cropped-logo_new-1.png\",\"contentUrl\":\"https:\\\/\\\/blogdofarnesio.com.br\\\/wp-content\\\/uploads\\\/2026\\\/03\\\/cropped-logo_new-1.png\",\"width\":881,\"height\":685,\"caption\":\"Blog do Farn\u00e9sio\"},\"image\":{\"@id\":\"https:\\\/\\\/blogdofarnesio.com.br\\\/#\\\/schema\\\/logo\\\/image\\\/\"},\"sameAs\":[\"https:\\\/\\\/www.facebook.com\\\/BlogQuerSaberPolitica\\\/\"]},{\"@type\":\"Person\",\"@id\":\"https:\\\/\\\/blogdofarnesio.com.br\\\/#\\\/schema\\\/person\\\/bb9b23ae3ad0609ce8df7b6c9e76824d\",\"name\":\"Farn\u00e9sio\",\"image\":{\"@type\":\"ImageObject\",\"inLanguage\":\"pt-BR\",\"@id\":\"https:\\\/\\\/secure.gravatar.com\\\/avatar\\\/986aa4c61ccdb66f8555bf88fc2a65609d00bcabd4d2d94377a727547345cbca?s=96&d=mm&r=g\",\"url\":\"https:\\\/\\\/secure.gravatar.com\\\/avatar\\\/986aa4c61ccdb66f8555bf88fc2a65609d00bcabd4d2d94377a727547345cbca?s=96&d=mm&r=g\",\"contentUrl\":\"https:\\\/\\\/secure.gravatar.com\\\/avatar\\\/986aa4c61ccdb66f8555bf88fc2a65609d00bcabd4d2d94377a727547345cbca?s=96&d=mm&r=g\",\"caption\":\"Farn\u00e9sio\"},\"description\":\"Radialista blogueiro, chegou a Petrolina\\\/Juazeiro em setembro de 1980, Farn\u00e9sio Silva \u00e9 de Arapiraca-Alagoas.\",\"sameAs\":[\"http:\\\/\\\/blogdofarnesio.com.br\",\"https:\\\/\\\/www.facebook.com\\\/?ref=tn_tnmn\",\"https:\\\/\\\/www.instagram.com\\\/?utm_source=pwa_homescreen\",\"https:\\\/\\\/youtube.com.br\\\/\"],\"url\":\"https:\\\/\\\/blogdofarnesio.com.br\\\/?author=2\"}]}<\/script>\n<!-- \/ Yoast SEO plugin. -->","yoast_head_json":{"title":"Deolane Bezerra e Gusttavo Lima s\u00e3o convocados para depor na CPI das Bets - Blog do Farn\u00e9sio","robots":{"index":"index","follow":"follow","max-snippet":"max-snippet:-1","max-image-preview":"max-image-preview:large","max-video-preview":"max-video-preview:-1"},"canonical":"https:\/\/blogdofarnesio.com.br\/?p=378726","og_locale":"pt_BR","og_type":"article","og_title":"Deolane Bezerra e Gusttavo Lima s\u00e3o convocados para depor na CPI das Bets - Blog do Farn\u00e9sio","og_description":"BN\u00a0 &#8211;\u00a0 A influenciadora e advogada Deolane Bezerra\u00a0e o cantor\u00a0Gusttavo Lima\u00a0est\u00e3o na lista dos primeiros nomes convocados pela CPI das Bets, que ser\u00e1 instalada pelo Senado, uma proposta da senadora Soraya Thronicke (Podemos-MS). As informa\u00e7\u00f5es s\u00e3o da coluna de Lauro Jardim, no jornal &#8216;O Globo&#8217;. A CPI foi confirmada pelo presidente do Senado, Rodrigo Pacheco (PSD-MG), na ter\u00e7a-feira (8) ap\u00f3s o recebimento do requerimento para instalar a investiga\u00e7\u00e3o sobre a influ\u00eancia de jogos de aposta on-line no or\u00e7amento das fam\u00edlias. &nbsp; Justi\u00e7a confirma que irm\u00e3s de Deolane Bezerra pagaram f\u00e3s para ficarem na porta do pres\u00eddio Deolane Bezerra teve mais de R$ 30 milh\u00f5es bloqueados pela Justi\u00e7a em opera\u00e7\u00e3o que investiga lavagem de dinheiro\u00a0 Presa em opera\u00e7\u00e3o contra lavagem de&hellip;","og_url":"https:\/\/blogdofarnesio.com.br\/?p=378726","og_site_name":"Blog do Farn\u00e9sio","article_publisher":"https:\/\/www.facebook.com\/BlogQuerSaberPolitica\/","article_author":"https:\/\/www.facebook.com\/?ref=tn_tnmn","article_published_time":"2024-10-11T13:03:49+00:00","og_image":[{"width":500,"height":263,"url":"https:\/\/blogdofarnesio.com.br\/wp-content\/uploads\/2024\/10\/blogqspdeolane-gusttavo-e1728591444391.webp","type":"image\/webp"}],"author":"Farn\u00e9sio","twitter_card":"summary_large_image","twitter_misc":{"Escrito por":"Farn\u00e9sio","Est. tempo de leitura":"1 minuto"},"schema":{"@context":"https:\/\/schema.org","@graph":[{"@type":"Article","@id":"https:\/\/blogdofarnesio.com.br\/?p=378726#article","isPartOf":{"@id":"https:\/\/blogdofarnesio.com.br\/?p=378726"},"author":{"name":"Farn\u00e9sio","@id":"https:\/\/blogdofarnesio.com.br\/#\/schema\/person\/bb9b23ae3ad0609ce8df7b6c9e76824d"},"headline":"Deolane Bezerra e Gusttavo Lima s\u00e3o convocados para depor na CPI das Bets","datePublished":"2024-10-11T13:03:49+00:00","mainEntityOfPage":{"@id":"https:\/\/blogdofarnesio.com.br\/?p=378726"},"wordCount":307,"commentCount":0,"publisher":{"@id":"https:\/\/blogdofarnesio.com.br\/#organization"},"image":{"@id":"https:\/\/blogdofarnesio.com.br\/?p=378726#primaryimage"},"thumbnailUrl":"https:\/\/blogdofarnesio.com.br\/wp-content\/uploads\/2024\/10\/blogqspdeolane-gusttavo-e1728591444391.webp","articleSection":["Justi\u00e7a"],"inLanguage":"pt-BR","potentialAction":[{"@type":"CommentAction","name":"Comment","target":["https:\/\/blogdofarnesio.com.br\/?p=378726#respond"]}]},{"@type":"WebPage","@id":"https:\/\/blogdofarnesio.com.br\/?p=378726","url":"https:\/\/blogdofarnesio.com.br\/?p=378726","name":"Deolane Bezerra e Gusttavo Lima s\u00e3o convocados para depor na CPI das Bets - Blog do Farn\u00e9sio","isPartOf":{"@id":"https:\/\/blogdofarnesio.com.br\/#website"},"primaryImageOfPage":{"@id":"https:\/\/blogdofarnesio.com.br\/?p=378726#primaryimage"},"image":{"@id":"https:\/\/blogdofarnesio.com.br\/?p=378726#primaryimage"},"thumbnailUrl":"https:\/\/blogdofarnesio.com.br\/wp-content\/uploads\/2024\/10\/blogqspdeolane-gusttavo-e1728591444391.webp","datePublished":"2024-10-11T13:03:49+00:00","breadcrumb":{"@id":"https:\/\/blogdofarnesio.com.br\/?p=378726#breadcrumb"},"inLanguage":"pt-BR","potentialAction":[{"@type":"ReadAction","target":["https:\/\/blogdofarnesio.com.br\/?p=378726"]}]},{"@type":"ImageObject","inLanguage":"pt-BR","@id":"https:\/\/blogdofarnesio.com.br\/?p=378726#primaryimage","url":"https:\/\/blogdofarnesio.com.br\/wp-content\/uploads\/2024\/10\/blogqspdeolane-gusttavo-e1728591444391.webp","contentUrl":"https:\/\/blogdofarnesio.com.br\/wp-content\/uploads\/2024\/10\/blogqspdeolane-gusttavo-e1728591444391.webp","width":500,"height":263},{"@type":"BreadcrumbList","@id":"https:\/\/blogdofarnesio.com.br\/?p=378726#breadcrumb","itemListElement":[{"@type":"ListItem","position":1,"name":"In\u00edcio","item":"https:\/\/blogdofarnesio.com.br\/"},{"@type":"ListItem","position":2,"name":"Deolane Bezerra e Gusttavo Lima s\u00e3o convocados para depor na CPI das Bets"}]},{"@type":"WebSite","@id":"https:\/\/blogdofarnesio.com.br\/#website","url":"https:\/\/blogdofarnesio.com.br\/","name":"Blog do Farn\u00e9sio","description":"Quer Saber Pol\u00edtica?","publisher":{"@id":"https:\/\/blogdofarnesio.com.br\/#organization"},"potentialAction":[{"@type":"SearchAction","target":{"@type":"EntryPoint","urlTemplate":"https:\/\/blogdofarnesio.com.br\/?s={search_term_string}"},"query-input":{"@type":"PropertyValueSpecification","valueRequired":true,"valueName":"search_term_string"}}],"inLanguage":"pt-BR"},{"@type":"Organization","@id":"https:\/\/blogdofarnesio.com.br\/#organization","name":"Blog do Farn\u00e9sio","url":"https:\/\/blogdofarnesio.com.br\/","logo":{"@type":"ImageObject","inLanguage":"pt-BR","@id":"https:\/\/blogdofarnesio.com.br\/#\/schema\/logo\/image\/","url":"https:\/\/blogdofarnesio.com.br\/wp-content\/uploads\/2026\/03\/cropped-logo_new-1.png","contentUrl":"https:\/\/blogdofarnesio.com.br\/wp-content\/uploads\/2026\/03\/cropped-logo_new-1.png","width":881,"height":685,"caption":"Blog do Farn\u00e9sio"},"image":{"@id":"https:\/\/blogdofarnesio.com.br\/#\/schema\/logo\/image\/"},"sameAs":["https:\/\/www.facebook.com\/BlogQuerSaberPolitica\/"]},{"@type":"Person","@id":"https:\/\/blogdofarnesio.com.br\/#\/schema\/person\/bb9b23ae3ad0609ce8df7b6c9e76824d","name":"Farn\u00e9sio","image":{"@type":"ImageObject","inLanguage":"pt-BR","@id":"https:\/\/secure.gravatar.com\/avatar\/986aa4c61ccdb66f8555bf88fc2a65609d00bcabd4d2d94377a727547345cbca?s=96&d=mm&r=g","url":"https:\/\/secure.gravatar.com\/avatar\/986aa4c61ccdb66f8555bf88fc2a65609d00bcabd4d2d94377a727547345cbca?s=96&d=mm&r=g","contentUrl":"https:\/\/secure.gravatar.com\/avatar\/986aa4c61ccdb66f8555bf88fc2a65609d00bcabd4d2d94377a727547345cbca?s=96&d=mm&r=g","caption":"Farn\u00e9sio"},"description":"Radialista blogueiro, chegou a Petrolina\/Juazeiro em setembro de 1980, Farn\u00e9sio Silva \u00e9 de Arapiraca-Alagoas.","sameAs":["http:\/\/blogdofarnesio.com.br","https:\/\/www.facebook.com\/?ref=tn_tnmn","https:\/\/www.instagram.com\/?utm_source=pwa_homescreen","https:\/\/youtube.com.br\/"],"url":"https:\/\/blogdofarnesio.com.br\/?author=2"}]}},"_links":{"self":[{"href":"https:\/\/blogdofarnesio.com.br\/index.php?rest_route=\/wp\/v2\/posts\/378726","targetHints":{"allow":["GET"]}}],"collection":[{"href":"https:\/\/blogdofarnesio.com.br\/index.php?rest_route=\/wp\/v2\/posts"}],"about":[{"href":"https:\/\/blogdofarnesio.com.br\/index.php?rest_route=\/wp\/v2\/types\/post"}],"author":[{"embeddable":true,"href":"https:\/\/blogdofarnesio.com.br\/index.php?rest_route=\/wp\/v2\/users\/2"}],"replies":[{"embeddable":true,"href":"https:\/\/blogdofarnesio.com.br\/index.php?rest_route=%2Fwp%2Fv2%2Fcomments&post=378726"}],"version-history":[{"count":0,"href":"https:\/\/blogdofarnesio.com.br\/index.php?rest_route=\/wp\/v2\/posts\/378726\/revisions"}],"wp:featuredmedia":[{"embeddable":true,"href":"https:\/\/blogdofarnesio.com.br\/index.php?rest_route=\/wp\/v2\/media\/378727"}],"wp:attachment":[{"href":"https:\/\/blogdofarnesio.com.br\/index.php?rest_route=%2Fwp%2Fv2%2Fmedia&parent=378726"}],"wp:term":[{"taxonomy":"category","embeddable":true,"href":"https:\/\/blogdofarnesio.com.br\/index.php?rest_route=%2Fwp%2Fv2%2Fcategories&post=378726"},{"taxonomy":"post_tag","embeddable":true,"href":"https:\/\/blogdofarnesio.com.br\/index.php?rest_route=%2Fwp%2Fv2%2Ftags&post=378726"}],"curies":[{"name":"wp","href":"https:\/\/api.w.org\/{rel}","templated":true}]}}