{"id":378700,"date":"2024-10-17T09:43:10","date_gmt":"2024-10-17T12:43:10","guid":{"rendered":"https:\/\/blogdofarnesio.com.br\/?p=378700"},"modified":"2024-10-16T16:43:34","modified_gmt":"2024-10-16T19:43:34","slug":"faculdade-de-petrolina-promove-semana-academica-de-educacao-fisica","status":"publish","type":"post","link":"https:\/\/blogdofarnesio.com.br\/?p=378700","title":{"rendered":"Faculdade de Petrolina promove Semana Acad\u00eamica de Educa\u00e7\u00e3o F\u00edsica"},"content":{"rendered":"<div align=\"center\"><i>Evento oferece palestras e minicursos para alunos e profissionais da \u00e1rea<\/i><\/div>\n<div><\/div>\n<div>De\u00a021 a\u00a026 de outubro, a UNINASSAU Petrolina realiza a 1\u00aa Semana Acad\u00eamica de Educa\u00e7\u00e3o F\u00edsica.<b>\u00a0<\/b>O evento conta com palestras, oficinas pr\u00e1ticas e, ainda, uma din\u00e2mica entre participantes. As atividades acontecem nos per\u00edodos da manh\u00e3 e da noite, no audit\u00f3rio da Faculdade, localizada na Av. Cardoso de S\u00e1, 950, Vila Eduardo.<\/div>\n<div><\/div>\n<div>Especialistas, mestres e doutores da \u00e1rea, que atuam na regi\u00e3o, palestram\u00a0e ofertam oficinas abordando temas como fisiologia muscular; nutri\u00e7\u00e3o e treinamento esportivos;\u00a0biomec\u00e2nica;\u00a0<wbr \/>avalia\u00e7\u00e3o funcional em idosos; e prepara\u00e7\u00e3o f\u00edsica para diferentes modalidades esportivas. Al\u00e9m disso, ocorre uma competi\u00e7\u00e3o em trio entre os participantes\u00a0com tarefas divididas em for\u00e7a, resist\u00eancia e velocidade.<\/div>\n<div><\/div>\n<div>\u201cO objetivo \u00e9 capacitar os nossos alunos, al\u00e9m de profissionais da regi\u00e3o, para um mercado de trabalho que est\u00e1 cada vez mais amplo e atualizado. Ao mesclar teoria e pr\u00e1tica, por meio das palestras e oficinas, contribu\u00edmos para o desenvolvimento de educadores f\u00edsicos mais conscientes da import\u00e2ncia do embasamento cient\u00edfico e do trabalho em equipe\u201d, declara Gleidson de Paula, docente do curso de Educa\u00e7\u00e3o F\u00edsica da UNINASSAU Petrolina.<\/div>\n<div><\/div>\n<div>O p\u00fablico-alvo do evento s\u00e3o estudantes e profissionais da \u00e1rea. As inscri\u00e7\u00f5es est\u00e3o abertas e podem ser feitas por meio do link dispon\u00edvel na conta oficial da Faculdade no Instagram (@uninassaupetrolina).<\/div>\n","protected":false},"excerpt":{"rendered":"<p>Evento oferece palestras e minicursos para alunos e profissionais da \u00e1rea De\u00a021 a\u00a026 de outubro, a UNINASSAU Petrolina realiza a 1\u00aa Semana Acad\u00eamica de Educa\u00e7\u00e3o F\u00edsica.\u00a0O evento conta com palestras, oficinas pr\u00e1ticas e, ainda, uma din\u00e2mica entre participantes. As atividades acontecem nos per\u00edodos da manh\u00e3 e da noite, no audit\u00f3rio da Faculdade, localizada na Av. Cardoso de S\u00e1, 950, Vila Eduardo. Especialistas, mestres e doutores da \u00e1rea, que atuam na regi\u00e3o, palestram\u00a0e ofertam oficinas abordando temas como fisiologia muscular; nutri\u00e7\u00e3o e treinamento esportivos;\u00a0biomec\u00e2nica;\u00a0avalia\u00e7\u00e3o funcional em idosos; e prepara\u00e7\u00e3o f\u00edsica para diferentes modalidades esportivas. Al\u00e9m disso, ocorre uma competi\u00e7\u00e3o em trio entre os participantes\u00a0com tarefas divididas em for\u00e7a, resist\u00eancia e velocidade. \u201cO objetivo \u00e9 capacitar os nossos alunos, al\u00e9m de profissionais&hellip; <\/p>\n","protected":false},"author":2,"featured_media":378701,"comment_status":"open","ping_status":"open","sticky":false,"template":"","format":"standard","meta":{"_acf_changed":false,"footnotes":""},"categories":[6,8],"tags":[],"class_list":["post-378700","post","type-post","status-publish","format-standard","has-post-thumbnail","hentry","category-educacao","category-esportes"],"acf":[],"yoast_head":"<!-- This site is optimized with the Yoast SEO plugin v27.4 - https:\/\/yoast.com\/product\/yoast-seo-wordpress\/ -->\n<title>Faculdade de Petrolina promove Semana Acad\u00eamica de Educa\u00e7\u00e3o F\u00edsica - Blog do Farn\u00e9sio<\/title>\n<meta name=\"robots\" content=\"index, follow, max-snippet:-1, max-image-preview:large, max-video-preview:-1\" \/>\n<link rel=\"canonical\" href=\"https:\/\/blogdofarnesio.com.br\/?p=378700\" \/>\n<meta property=\"og:locale\" content=\"pt_BR\" \/>\n<meta property=\"og:type\" content=\"article\" \/>\n<meta property=\"og:title\" content=\"Faculdade de Petrolina promove Semana Acad\u00eamica de Educa\u00e7\u00e3o F\u00edsica - Blog do Farn\u00e9sio\" \/>\n<meta property=\"og:description\" content=\"Evento oferece palestras e minicursos para alunos e profissionais da \u00e1rea De\u00a021 a\u00a026 de outubro, a UNINASSAU Petrolina realiza a 1\u00aa Semana Acad\u00eamica de Educa\u00e7\u00e3o F\u00edsica.\u00a0O evento conta com palestras, oficinas pr\u00e1ticas e, ainda, uma din\u00e2mica entre participantes. As atividades acontecem nos per\u00edodos da manh\u00e3 e da noite, no audit\u00f3rio da Faculdade, localizada na Av. Cardoso de S\u00e1, 950, Vila Eduardo. Especialistas, mestres e doutores da \u00e1rea, que atuam na regi\u00e3o, palestram\u00a0e ofertam oficinas abordando temas como fisiologia muscular; nutri\u00e7\u00e3o e treinamento esportivos;\u00a0biomec\u00e2nica;\u00a0avalia\u00e7\u00e3o funcional em idosos; e prepara\u00e7\u00e3o f\u00edsica para diferentes modalidades esportivas. Al\u00e9m disso, ocorre uma competi\u00e7\u00e3o em trio entre os participantes\u00a0com tarefas divididas em for\u00e7a, resist\u00eancia e velocidade. \u201cO objetivo \u00e9 capacitar os nossos alunos, al\u00e9m de profissionais&hellip;\" \/>\n<meta property=\"og:url\" content=\"https:\/\/blogdofarnesio.com.br\/?p=378700\" \/>\n<meta property=\"og:site_name\" content=\"Blog do Farn\u00e9sio\" \/>\n<meta property=\"article:publisher\" content=\"https:\/\/www.facebook.com\/BlogQuerSaberPolitica\/\" \/>\n<meta property=\"article:author\" content=\"https:\/\/www.facebook.com\/?ref=tn_tnmn\" \/>\n<meta property=\"article:published_time\" content=\"2024-10-17T12:43:10+00:00\" \/>\n<meta property=\"og:image\" content=\"https:\/\/blogdofarnesio.com.br\/wp-content\/uploads\/2024\/10\/Faculdade-de-Petrolina-promove-Semana-Academica-de-Educacao-Fisica-4-1024x683.jpg\" \/>\n\t<meta property=\"og:image:width\" content=\"1024\" \/>\n\t<meta property=\"og:image:height\" content=\"683\" \/>\n\t<meta property=\"og:image:type\" content=\"image\/jpeg\" \/>\n<meta name=\"author\" content=\"Farn\u00e9sio\" \/>\n<meta name=\"twitter:card\" content=\"summary_large_image\" \/>\n<meta name=\"twitter:label1\" content=\"Escrito por\" \/>\n\t<meta name=\"twitter:data1\" content=\"Farn\u00e9sio\" \/>\n\t<meta name=\"twitter:label2\" content=\"Est. tempo de leitura\" \/>\n\t<meta name=\"twitter:data2\" content=\"1 minuto\" \/>\n<script type=\"application\/ld+json\" class=\"yoast-schema-graph\">{\"@context\":\"https:\\\/\\\/schema.org\",\"@graph\":[{\"@type\":\"Article\",\"@id\":\"https:\\\/\\\/blogdofarnesio.com.br\\\/?p=378700#article\",\"isPartOf\":{\"@id\":\"https:\\\/\\\/blogdofarnesio.com.br\\\/?p=378700\"},\"author\":{\"name\":\"Farn\u00e9sio\",\"@id\":\"https:\\\/\\\/blogdofarnesio.com.br\\\/#\\\/schema\\\/person\\\/bb9b23ae3ad0609ce8df7b6c9e76824d\"},\"headline\":\"Faculdade de Petrolina promove Semana Acad\u00eamica de Educa\u00e7\u00e3o F\u00edsica\",\"datePublished\":\"2024-10-17T12:43:10+00:00\",\"mainEntityOfPage\":{\"@id\":\"https:\\\/\\\/blogdofarnesio.com.br\\\/?p=378700\"},\"wordCount\":254,\"commentCount\":0,\"publisher\":{\"@id\":\"https:\\\/\\\/blogdofarnesio.com.br\\\/#organization\"},\"image\":{\"@id\":\"https:\\\/\\\/blogdofarnesio.com.br\\\/?p=378700#primaryimage\"},\"thumbnailUrl\":\"https:\\\/\\\/blogdofarnesio.com.br\\\/wp-content\\\/uploads\\\/2024\\\/10\\\/Faculdade-de-Petrolina-promove-Semana-Academica-de-Educacao-Fisica-4-e1728588622509.jpg\",\"articleSection\":[\"Educa\u00e7\u00e3o\",\"Esportes\"],\"inLanguage\":\"pt-BR\",\"potentialAction\":[{\"@type\":\"CommentAction\",\"name\":\"Comment\",\"target\":[\"https:\\\/\\\/blogdofarnesio.com.br\\\/?p=378700#respond\"]}]},{\"@type\":\"WebPage\",\"@id\":\"https:\\\/\\\/blogdofarnesio.com.br\\\/?p=378700\",\"url\":\"https:\\\/\\\/blogdofarnesio.com.br\\\/?p=378700\",\"name\":\"Faculdade de Petrolina promove Semana Acad\u00eamica de Educa\u00e7\u00e3o F\u00edsica - Blog do Farn\u00e9sio\",\"isPartOf\":{\"@id\":\"https:\\\/\\\/blogdofarnesio.com.br\\\/#website\"},\"primaryImageOfPage\":{\"@id\":\"https:\\\/\\\/blogdofarnesio.com.br\\\/?p=378700#primaryimage\"},\"image\":{\"@id\":\"https:\\\/\\\/blogdofarnesio.com.br\\\/?p=378700#primaryimage\"},\"thumbnailUrl\":\"https:\\\/\\\/blogdofarnesio.com.br\\\/wp-content\\\/uploads\\\/2024\\\/10\\\/Faculdade-de-Petrolina-promove-Semana-Academica-de-Educacao-Fisica-4-e1728588622509.jpg\",\"datePublished\":\"2024-10-17T12:43:10+00:00\",\"breadcrumb\":{\"@id\":\"https:\\\/\\\/blogdofarnesio.com.br\\\/?p=378700#breadcrumb\"},\"inLanguage\":\"pt-BR\",\"potentialAction\":[{\"@type\":\"ReadAction\",\"target\":[\"https:\\\/\\\/blogdofarnesio.com.br\\\/?p=378700\"]}]},{\"@type\":\"ImageObject\",\"inLanguage\":\"pt-BR\",\"@id\":\"https:\\\/\\\/blogdofarnesio.com.br\\\/?p=378700#primaryimage\",\"url\":\"https:\\\/\\\/blogdofarnesio.com.br\\\/wp-content\\\/uploads\\\/2024\\\/10\\\/Faculdade-de-Petrolina-promove-Semana-Academica-de-Educacao-Fisica-4-e1728588622509.jpg\",\"contentUrl\":\"https:\\\/\\\/blogdofarnesio.com.br\\\/wp-content\\\/uploads\\\/2024\\\/10\\\/Faculdade-de-Petrolina-promove-Semana-Academica-de-Educacao-Fisica-4-e1728588622509.jpg\",\"width\":500,\"height\":333},{\"@type\":\"BreadcrumbList\",\"@id\":\"https:\\\/\\\/blogdofarnesio.com.br\\\/?p=378700#breadcrumb\",\"itemListElement\":[{\"@type\":\"ListItem\",\"position\":1,\"name\":\"In\u00edcio\",\"item\":\"https:\\\/\\\/blogdofarnesio.com.br\\\/\"},{\"@type\":\"ListItem\",\"position\":2,\"name\":\"Faculdade de Petrolina promove Semana Acad\u00eamica de Educa\u00e7\u00e3o F\u00edsica\"}]},{\"@type\":\"WebSite\",\"@id\":\"https:\\\/\\\/blogdofarnesio.com.br\\\/#website\",\"url\":\"https:\\\/\\\/blogdofarnesio.com.br\\\/\",\"name\":\"Blog do Farn\u00e9sio\",\"description\":\"Quer Saber Pol\u00edtica?\",\"publisher\":{\"@id\":\"https:\\\/\\\/blogdofarnesio.com.br\\\/#organization\"},\"potentialAction\":[{\"@type\":\"SearchAction\",\"target\":{\"@type\":\"EntryPoint\",\"urlTemplate\":\"https:\\\/\\\/blogdofarnesio.com.br\\\/?s={search_term_string}\"},\"query-input\":{\"@type\":\"PropertyValueSpecification\",\"valueRequired\":true,\"valueName\":\"search_term_string\"}}],\"inLanguage\":\"pt-BR\"},{\"@type\":\"Organization\",\"@id\":\"https:\\\/\\\/blogdofarnesio.com.br\\\/#organization\",\"name\":\"Blog do Farn\u00e9sio\",\"url\":\"https:\\\/\\\/blogdofarnesio.com.br\\\/\",\"logo\":{\"@type\":\"ImageObject\",\"inLanguage\":\"pt-BR\",\"@id\":\"https:\\\/\\\/blogdofarnesio.com.br\\\/#\\\/schema\\\/logo\\\/image\\\/\",\"url\":\"https:\\\/\\\/blogdofarnesio.com.br\\\/wp-content\\\/uploads\\\/2026\\\/03\\\/cropped-logo_new-1.png\",\"contentUrl\":\"https:\\\/\\\/blogdofarnesio.com.br\\\/wp-content\\\/uploads\\\/2026\\\/03\\\/cropped-logo_new-1.png\",\"width\":881,\"height\":685,\"caption\":\"Blog do Farn\u00e9sio\"},\"image\":{\"@id\":\"https:\\\/\\\/blogdofarnesio.com.br\\\/#\\\/schema\\\/logo\\\/image\\\/\"},\"sameAs\":[\"https:\\\/\\\/www.facebook.com\\\/BlogQuerSaberPolitica\\\/\"]},{\"@type\":\"Person\",\"@id\":\"https:\\\/\\\/blogdofarnesio.com.br\\\/#\\\/schema\\\/person\\\/bb9b23ae3ad0609ce8df7b6c9e76824d\",\"name\":\"Farn\u00e9sio\",\"image\":{\"@type\":\"ImageObject\",\"inLanguage\":\"pt-BR\",\"@id\":\"https:\\\/\\\/secure.gravatar.com\\\/avatar\\\/986aa4c61ccdb66f8555bf88fc2a65609d00bcabd4d2d94377a727547345cbca?s=96&d=mm&r=g\",\"url\":\"https:\\\/\\\/secure.gravatar.com\\\/avatar\\\/986aa4c61ccdb66f8555bf88fc2a65609d00bcabd4d2d94377a727547345cbca?s=96&d=mm&r=g\",\"contentUrl\":\"https:\\\/\\\/secure.gravatar.com\\\/avatar\\\/986aa4c61ccdb66f8555bf88fc2a65609d00bcabd4d2d94377a727547345cbca?s=96&d=mm&r=g\",\"caption\":\"Farn\u00e9sio\"},\"description\":\"Radialista blogueiro, chegou a Petrolina\\\/Juazeiro em setembro de 1980, Farn\u00e9sio Silva \u00e9 de Arapiraca-Alagoas.\",\"sameAs\":[\"http:\\\/\\\/blogdofarnesio.com.br\",\"https:\\\/\\\/www.facebook.com\\\/?ref=tn_tnmn\",\"https:\\\/\\\/www.instagram.com\\\/?utm_source=pwa_homescreen\",\"https:\\\/\\\/youtube.com.br\\\/\"],\"url\":\"https:\\\/\\\/blogdofarnesio.com.br\\\/?author=2\"}]}<\/script>\n<!-- \/ Yoast SEO plugin. -->","yoast_head_json":{"title":"Faculdade de Petrolina promove Semana Acad\u00eamica de Educa\u00e7\u00e3o F\u00edsica - Blog do Farn\u00e9sio","robots":{"index":"index","follow":"follow","max-snippet":"max-snippet:-1","max-image-preview":"max-image-preview:large","max-video-preview":"max-video-preview:-1"},"canonical":"https:\/\/blogdofarnesio.com.br\/?p=378700","og_locale":"pt_BR","og_type":"article","og_title":"Faculdade de Petrolina promove Semana Acad\u00eamica de Educa\u00e7\u00e3o F\u00edsica - Blog do Farn\u00e9sio","og_description":"Evento oferece palestras e minicursos para alunos e profissionais da \u00e1rea De\u00a021 a\u00a026 de outubro, a UNINASSAU Petrolina realiza a 1\u00aa Semana Acad\u00eamica de Educa\u00e7\u00e3o F\u00edsica.\u00a0O evento conta com palestras, oficinas pr\u00e1ticas e, ainda, uma din\u00e2mica entre participantes. As atividades acontecem nos per\u00edodos da manh\u00e3 e da noite, no audit\u00f3rio da Faculdade, localizada na Av. Cardoso de S\u00e1, 950, Vila Eduardo. Especialistas, mestres e doutores da \u00e1rea, que atuam na regi\u00e3o, palestram\u00a0e ofertam oficinas abordando temas como fisiologia muscular; nutri\u00e7\u00e3o e treinamento esportivos;\u00a0biomec\u00e2nica;\u00a0avalia\u00e7\u00e3o funcional em idosos; e prepara\u00e7\u00e3o f\u00edsica para diferentes modalidades esportivas. Al\u00e9m disso, ocorre uma competi\u00e7\u00e3o em trio entre os participantes\u00a0com tarefas divididas em for\u00e7a, resist\u00eancia e velocidade. \u201cO objetivo \u00e9 capacitar os nossos alunos, al\u00e9m de profissionais&hellip;","og_url":"https:\/\/blogdofarnesio.com.br\/?p=378700","og_site_name":"Blog do Farn\u00e9sio","article_publisher":"https:\/\/www.facebook.com\/BlogQuerSaberPolitica\/","article_author":"https:\/\/www.facebook.com\/?ref=tn_tnmn","article_published_time":"2024-10-17T12:43:10+00:00","og_image":[{"width":1024,"height":683,"url":"https:\/\/blogdofarnesio.com.br\/wp-content\/uploads\/2024\/10\/Faculdade-de-Petrolina-promove-Semana-Academica-de-Educacao-Fisica-4-1024x683.jpg","type":"image\/jpeg"}],"author":"Farn\u00e9sio","twitter_card":"summary_large_image","twitter_misc":{"Escrito por":"Farn\u00e9sio","Est. tempo de leitura":"1 minuto"},"schema":{"@context":"https:\/\/schema.org","@graph":[{"@type":"Article","@id":"https:\/\/blogdofarnesio.com.br\/?p=378700#article","isPartOf":{"@id":"https:\/\/blogdofarnesio.com.br\/?p=378700"},"author":{"name":"Farn\u00e9sio","@id":"https:\/\/blogdofarnesio.com.br\/#\/schema\/person\/bb9b23ae3ad0609ce8df7b6c9e76824d"},"headline":"Faculdade de Petrolina promove Semana Acad\u00eamica de Educa\u00e7\u00e3o F\u00edsica","datePublished":"2024-10-17T12:43:10+00:00","mainEntityOfPage":{"@id":"https:\/\/blogdofarnesio.com.br\/?p=378700"},"wordCount":254,"commentCount":0,"publisher":{"@id":"https:\/\/blogdofarnesio.com.br\/#organization"},"image":{"@id":"https:\/\/blogdofarnesio.com.br\/?p=378700#primaryimage"},"thumbnailUrl":"https:\/\/blogdofarnesio.com.br\/wp-content\/uploads\/2024\/10\/Faculdade-de-Petrolina-promove-Semana-Academica-de-Educacao-Fisica-4-e1728588622509.jpg","articleSection":["Educa\u00e7\u00e3o","Esportes"],"inLanguage":"pt-BR","potentialAction":[{"@type":"CommentAction","name":"Comment","target":["https:\/\/blogdofarnesio.com.br\/?p=378700#respond"]}]},{"@type":"WebPage","@id":"https:\/\/blogdofarnesio.com.br\/?p=378700","url":"https:\/\/blogdofarnesio.com.br\/?p=378700","name":"Faculdade de Petrolina promove Semana Acad\u00eamica de Educa\u00e7\u00e3o F\u00edsica - Blog do Farn\u00e9sio","isPartOf":{"@id":"https:\/\/blogdofarnesio.com.br\/#website"},"primaryImageOfPage":{"@id":"https:\/\/blogdofarnesio.com.br\/?p=378700#primaryimage"},"image":{"@id":"https:\/\/blogdofarnesio.com.br\/?p=378700#primaryimage"},"thumbnailUrl":"https:\/\/blogdofarnesio.com.br\/wp-content\/uploads\/2024\/10\/Faculdade-de-Petrolina-promove-Semana-Academica-de-Educacao-Fisica-4-e1728588622509.jpg","datePublished":"2024-10-17T12:43:10+00:00","breadcrumb":{"@id":"https:\/\/blogdofarnesio.com.br\/?p=378700#breadcrumb"},"inLanguage":"pt-BR","potentialAction":[{"@type":"ReadAction","target":["https:\/\/blogdofarnesio.com.br\/?p=378700"]}]},{"@type":"ImageObject","inLanguage":"pt-BR","@id":"https:\/\/blogdofarnesio.com.br\/?p=378700#primaryimage","url":"https:\/\/blogdofarnesio.com.br\/wp-content\/uploads\/2024\/10\/Faculdade-de-Petrolina-promove-Semana-Academica-de-Educacao-Fisica-4-e1728588622509.jpg","contentUrl":"https:\/\/blogdofarnesio.com.br\/wp-content\/uploads\/2024\/10\/Faculdade-de-Petrolina-promove-Semana-Academica-de-Educacao-Fisica-4-e1728588622509.jpg","width":500,"height":333},{"@type":"BreadcrumbList","@id":"https:\/\/blogdofarnesio.com.br\/?p=378700#breadcrumb","itemListElement":[{"@type":"ListItem","position":1,"name":"In\u00edcio","item":"https:\/\/blogdofarnesio.com.br\/"},{"@type":"ListItem","position":2,"name":"Faculdade de Petrolina promove Semana Acad\u00eamica de Educa\u00e7\u00e3o F\u00edsica"}]},{"@type":"WebSite","@id":"https:\/\/blogdofarnesio.com.br\/#website","url":"https:\/\/blogdofarnesio.com.br\/","name":"Blog do Farn\u00e9sio","description":"Quer Saber Pol\u00edtica?","publisher":{"@id":"https:\/\/blogdofarnesio.com.br\/#organization"},"potentialAction":[{"@type":"SearchAction","target":{"@type":"EntryPoint","urlTemplate":"https:\/\/blogdofarnesio.com.br\/?s={search_term_string}"},"query-input":{"@type":"PropertyValueSpecification","valueRequired":true,"valueName":"search_term_string"}}],"inLanguage":"pt-BR"},{"@type":"Organization","@id":"https:\/\/blogdofarnesio.com.br\/#organization","name":"Blog do Farn\u00e9sio","url":"https:\/\/blogdofarnesio.com.br\/","logo":{"@type":"ImageObject","inLanguage":"pt-BR","@id":"https:\/\/blogdofarnesio.com.br\/#\/schema\/logo\/image\/","url":"https:\/\/blogdofarnesio.com.br\/wp-content\/uploads\/2026\/03\/cropped-logo_new-1.png","contentUrl":"https:\/\/blogdofarnesio.com.br\/wp-content\/uploads\/2026\/03\/cropped-logo_new-1.png","width":881,"height":685,"caption":"Blog do Farn\u00e9sio"},"image":{"@id":"https:\/\/blogdofarnesio.com.br\/#\/schema\/logo\/image\/"},"sameAs":["https:\/\/www.facebook.com\/BlogQuerSaberPolitica\/"]},{"@type":"Person","@id":"https:\/\/blogdofarnesio.com.br\/#\/schema\/person\/bb9b23ae3ad0609ce8df7b6c9e76824d","name":"Farn\u00e9sio","image":{"@type":"ImageObject","inLanguage":"pt-BR","@id":"https:\/\/secure.gravatar.com\/avatar\/986aa4c61ccdb66f8555bf88fc2a65609d00bcabd4d2d94377a727547345cbca?s=96&d=mm&r=g","url":"https:\/\/secure.gravatar.com\/avatar\/986aa4c61ccdb66f8555bf88fc2a65609d00bcabd4d2d94377a727547345cbca?s=96&d=mm&r=g","contentUrl":"https:\/\/secure.gravatar.com\/avatar\/986aa4c61ccdb66f8555bf88fc2a65609d00bcabd4d2d94377a727547345cbca?s=96&d=mm&r=g","caption":"Farn\u00e9sio"},"description":"Radialista blogueiro, chegou a Petrolina\/Juazeiro em setembro de 1980, Farn\u00e9sio Silva \u00e9 de Arapiraca-Alagoas.","sameAs":["http:\/\/blogdofarnesio.com.br","https:\/\/www.facebook.com\/?ref=tn_tnmn","https:\/\/www.instagram.com\/?utm_source=pwa_homescreen","https:\/\/youtube.com.br\/"],"url":"https:\/\/blogdofarnesio.com.br\/?author=2"}]}},"_links":{"self":[{"href":"https:\/\/blogdofarnesio.com.br\/index.php?rest_route=\/wp\/v2\/posts\/378700","targetHints":{"allow":["GET"]}}],"collection":[{"href":"https:\/\/blogdofarnesio.com.br\/index.php?rest_route=\/wp\/v2\/posts"}],"about":[{"href":"https:\/\/blogdofarnesio.com.br\/index.php?rest_route=\/wp\/v2\/types\/post"}],"author":[{"embeddable":true,"href":"https:\/\/blogdofarnesio.com.br\/index.php?rest_route=\/wp\/v2\/users\/2"}],"replies":[{"embeddable":true,"href":"https:\/\/blogdofarnesio.com.br\/index.php?rest_route=%2Fwp%2Fv2%2Fcomments&post=378700"}],"version-history":[{"count":0,"href":"https:\/\/blogdofarnesio.com.br\/index.php?rest_route=\/wp\/v2\/posts\/378700\/revisions"}],"wp:featuredmedia":[{"embeddable":true,"href":"https:\/\/blogdofarnesio.com.br\/index.php?rest_route=\/wp\/v2\/media\/378701"}],"wp:attachment":[{"href":"https:\/\/blogdofarnesio.com.br\/index.php?rest_route=%2Fwp%2Fv2%2Fmedia&parent=378700"}],"wp:term":[{"taxonomy":"category","embeddable":true,"href":"https:\/\/blogdofarnesio.com.br\/index.php?rest_route=%2Fwp%2Fv2%2Fcategories&post=378700"},{"taxonomy":"post_tag","embeddable":true,"href":"https:\/\/blogdofarnesio.com.br\/index.php?rest_route=%2Fwp%2Fv2%2Ftags&post=378700"}],"curies":[{"name":"wp","href":"https:\/\/api.w.org\/{rel}","templated":true}]}}