{"id":378323,"date":"2024-10-06T11:31:25","date_gmt":"2024-10-06T14:31:25","guid":{"rendered":"https:\/\/blogdofarnesio.com.br\/?p=378323"},"modified":"2024-10-06T10:10:19","modified_gmt":"2024-10-06T13:10:19","slug":"deputado-roberto-carlos-preve-fortalecimento-do-grupo-politico-liderado-por-jeronimo-rodrigues-nas-eleicoes-de-2024","status":"publish","type":"post","link":"https:\/\/blogdofarnesio.com.br\/?p=378323","title":{"rendered":"Deputado Roberto Carlos prev\u00ea fortalecimento do grupo pol\u00edtico liderado por Jer\u00f4nimo Rodrigues nas elei\u00e7\u00f5es de 2024"},"content":{"rendered":"<div id=\":so\" class=\"ii gt\">\n<div id=\":sn\" class=\"a3s aiL \">\n<div dir=\"auto\">\n<div dir=\"auto\">Ao ser questionado sobre o cen\u00e1rio das elei\u00e7\u00f5es municipais de 2024, o deputado estadual Roberto Carlos mostrou-se otimista quanto ao fortalecimento do grupo pol\u00edtico liderado pelo governador Jer\u00f4nimo Rodrigues. Segundo o parlamentar, h\u00e1 uma expectativa de que o governador saia ainda mais fortalecido do processo eleitoral, elegendo a maioria dos prefeitos da Bahia.<\/div>\n<div dir=\"auto\"><\/div>\n<div dir=\"auto\">Roberto Carlos destacou dois fatores principais para essa proje\u00e7\u00e3o: &#8220;Primeiro, o governador tem liberado muitas obras em todos os munic\u00edpios. No meu caso, especificamente, consegui levar mais de R$ 150 milh\u00f5es para os munic\u00edpios com aproximadamente 30 mil habitantes. Isso fortalece os prefeitos aliados ao governador&#8221;, disse o parlamentar.<\/div>\n<div dir=\"auto\"><\/div>\n<div dir=\"auto\">Al\u00e9m disso, o deputado ressaltou a presen\u00e7a ativa de Jer\u00f4nimo Rodrigues em quase todos os munic\u00edpios baianos: &#8220;O governador tem sido incans\u00e1vel, visitando e anunciando novas obras, inaugurando outras e participando das agendas pol\u00edticas municipais. Ele tem retribu\u00eddo o apoio que recebeu dos prefeitos, com muito carinho e esfor\u00e7o para garantir a reelei\u00e7\u00e3o ou elei\u00e7\u00e3o desses gestores&#8221;, afirmou.<\/div>\n<div dir=\"auto\"><\/div>\n<div dir=\"auto\">Sobre Juazeiro, o deputado Roberto Carlos foi categ\u00f3rico ao afirmar que acredita na vit\u00f3ria do candidato Andrei da Caixa, apoiado pelo governador e pela Federa\u00e7\u00e3o: &#8220;Andrei \u00e9 uma grata surpresa, demonstrando compromisso, \u00e9tica e trabalho. O povo de Juazeiro sabe da import\u00e2ncia de ter um gestor com o apoio dos governos federal e estadual. Minha previs\u00e3o \u00e9 que ele vencer\u00e1 com uma margem superior a 8 mil votos sobre a oposi\u00e7\u00e3o&#8221;, concluiu.<\/div>\n<div dir=\"auto\"><\/div>\n<div dir=\"auto\">Assim, o deputado acredita que o cen\u00e1rio de 2024 ser\u00e1 amplamente favor\u00e1vel ao grupo pol\u00edtico de Jer\u00f4nimo Rodrigues.<\/div>\n<\/div>\n<div class=\"yj6qo\"><\/div>\n<div class=\"adL\"><\/div>\n<\/div>\n<\/div>\n<div id=\":t2\" class=\"hq gt\"><\/div>\n","protected":false},"excerpt":{"rendered":"<p>Ao ser questionado sobre o cen\u00e1rio das elei\u00e7\u00f5es municipais de 2024, o deputado estadual Roberto Carlos mostrou-se otimista quanto ao fortalecimento do grupo pol\u00edtico liderado pelo governador Jer\u00f4nimo Rodrigues. Segundo o parlamentar, h\u00e1 uma expectativa de que o governador saia ainda mais fortalecido do processo eleitoral, elegendo a maioria dos prefeitos da Bahia. Roberto Carlos destacou dois fatores principais para essa proje\u00e7\u00e3o: &#8220;Primeiro, o governador tem liberado muitas obras em todos os munic\u00edpios. No meu caso, especificamente, consegui levar mais de R$ 150 milh\u00f5es para os munic\u00edpios com aproximadamente 30 mil habitantes. Isso fortalece os prefeitos aliados ao governador&#8221;, disse o parlamentar. Al\u00e9m disso, o deputado ressaltou a presen\u00e7a ativa de Jer\u00f4nimo Rodrigues em quase todos os munic\u00edpios baianos: &#8220;O&hellip; <\/p>\n","protected":false},"author":2,"featured_media":378324,"comment_status":"open","ping_status":"open","sticky":false,"template":"","format":"standard","meta":{"_acf_changed":false,"footnotes":""},"categories":[1],"tags":[],"class_list":["post-378323","post","type-post","status-publish","format-standard","has-post-thumbnail","hentry","category-politica"],"acf":[],"yoast_head":"<!-- This site is optimized with the Yoast SEO plugin v27.4 - https:\/\/yoast.com\/product\/yoast-seo-wordpress\/ -->\n<title>Deputado Roberto Carlos prev\u00ea fortalecimento do grupo pol\u00edtico liderado por Jer\u00f4nimo Rodrigues nas elei\u00e7\u00f5es de 2024 - Blog do Farn\u00e9sio<\/title>\n<meta name=\"robots\" content=\"index, follow, max-snippet:-1, max-image-preview:large, max-video-preview:-1\" \/>\n<link rel=\"canonical\" href=\"https:\/\/blogdofarnesio.com.br\/?p=378323\" \/>\n<meta property=\"og:locale\" content=\"pt_BR\" \/>\n<meta property=\"og:type\" content=\"article\" \/>\n<meta property=\"og:title\" content=\"Deputado Roberto Carlos prev\u00ea fortalecimento do grupo pol\u00edtico liderado por Jer\u00f4nimo Rodrigues nas elei\u00e7\u00f5es de 2024 - Blog do Farn\u00e9sio\" \/>\n<meta property=\"og:description\" content=\"Ao ser questionado sobre o cen\u00e1rio das elei\u00e7\u00f5es municipais de 2024, o deputado estadual Roberto Carlos mostrou-se otimista quanto ao fortalecimento do grupo pol\u00edtico liderado pelo governador Jer\u00f4nimo Rodrigues. Segundo o parlamentar, h\u00e1 uma expectativa de que o governador saia ainda mais fortalecido do processo eleitoral, elegendo a maioria dos prefeitos da Bahia. Roberto Carlos destacou dois fatores principais para essa proje\u00e7\u00e3o: &#8220;Primeiro, o governador tem liberado muitas obras em todos os munic\u00edpios. No meu caso, especificamente, consegui levar mais de R$ 150 milh\u00f5es para os munic\u00edpios com aproximadamente 30 mil habitantes. Isso fortalece os prefeitos aliados ao governador&#8221;, disse o parlamentar. Al\u00e9m disso, o deputado ressaltou a presen\u00e7a ativa de Jer\u00f4nimo Rodrigues em quase todos os munic\u00edpios baianos: &#8220;O&hellip;\" \/>\n<meta property=\"og:url\" content=\"https:\/\/blogdofarnesio.com.br\/?p=378323\" \/>\n<meta property=\"og:site_name\" content=\"Blog do Farn\u00e9sio\" \/>\n<meta property=\"article:publisher\" content=\"https:\/\/www.facebook.com\/BlogQuerSaberPolitica\/\" \/>\n<meta property=\"article:author\" content=\"https:\/\/www.facebook.com\/?ref=tn_tnmn\" \/>\n<meta property=\"article:published_time\" content=\"2024-10-06T14:31:25+00:00\" \/>\n<meta property=\"og:image\" content=\"https:\/\/blogdofarnesio.com.br\/wp-content\/uploads\/2024\/10\/blogqsprcarlos-jeronimo-e1729010302218.jpeg\" \/>\n\t<meta property=\"og:image:width\" content=\"468\" \/>\n\t<meta property=\"og:image:height\" content=\"361\" \/>\n\t<meta property=\"og:image:type\" content=\"image\/jpeg\" \/>\n<meta name=\"author\" content=\"Farn\u00e9sio\" \/>\n<meta name=\"twitter:card\" content=\"summary_large_image\" \/>\n<meta name=\"twitter:label1\" content=\"Escrito por\" \/>\n\t<meta name=\"twitter:data1\" content=\"Farn\u00e9sio\" \/>\n\t<meta name=\"twitter:label2\" content=\"Est. tempo de leitura\" \/>\n\t<meta name=\"twitter:data2\" content=\"1 minuto\" \/>\n<script type=\"application\/ld+json\" class=\"yoast-schema-graph\">{\"@context\":\"https:\\\/\\\/schema.org\",\"@graph\":[{\"@type\":\"Article\",\"@id\":\"https:\\\/\\\/blogdofarnesio.com.br\\\/?p=378323#article\",\"isPartOf\":{\"@id\":\"https:\\\/\\\/blogdofarnesio.com.br\\\/?p=378323\"},\"author\":{\"name\":\"Farn\u00e9sio\",\"@id\":\"https:\\\/\\\/blogdofarnesio.com.br\\\/#\\\/schema\\\/person\\\/bb9b23ae3ad0609ce8df7b6c9e76824d\"},\"headline\":\"Deputado Roberto Carlos prev\u00ea fortalecimento do grupo pol\u00edtico liderado por Jer\u00f4nimo Rodrigues nas elei\u00e7\u00f5es de 2024\",\"datePublished\":\"2024-10-06T14:31:25+00:00\",\"mainEntityOfPage\":{\"@id\":\"https:\\\/\\\/blogdofarnesio.com.br\\\/?p=378323\"},\"wordCount\":289,\"commentCount\":0,\"publisher\":{\"@id\":\"https:\\\/\\\/blogdofarnesio.com.br\\\/#organization\"},\"image\":{\"@id\":\"https:\\\/\\\/blogdofarnesio.com.br\\\/?p=378323#primaryimage\"},\"thumbnailUrl\":\"https:\\\/\\\/blogdofarnesio.com.br\\\/wp-content\\\/uploads\\\/2024\\\/10\\\/blogqsprcarlos-jeronimo-e1729010302218.jpeg\",\"articleSection\":[\"Pol\u00edtica\"],\"inLanguage\":\"pt-BR\",\"potentialAction\":[{\"@type\":\"CommentAction\",\"name\":\"Comment\",\"target\":[\"https:\\\/\\\/blogdofarnesio.com.br\\\/?p=378323#respond\"]}]},{\"@type\":\"WebPage\",\"@id\":\"https:\\\/\\\/blogdofarnesio.com.br\\\/?p=378323\",\"url\":\"https:\\\/\\\/blogdofarnesio.com.br\\\/?p=378323\",\"name\":\"Deputado Roberto Carlos prev\u00ea fortalecimento do grupo pol\u00edtico liderado por Jer\u00f4nimo Rodrigues nas elei\u00e7\u00f5es de 2024 - Blog do Farn\u00e9sio\",\"isPartOf\":{\"@id\":\"https:\\\/\\\/blogdofarnesio.com.br\\\/#website\"},\"primaryImageOfPage\":{\"@id\":\"https:\\\/\\\/blogdofarnesio.com.br\\\/?p=378323#primaryimage\"},\"image\":{\"@id\":\"https:\\\/\\\/blogdofarnesio.com.br\\\/?p=378323#primaryimage\"},\"thumbnailUrl\":\"https:\\\/\\\/blogdofarnesio.com.br\\\/wp-content\\\/uploads\\\/2024\\\/10\\\/blogqsprcarlos-jeronimo-e1729010302218.jpeg\",\"datePublished\":\"2024-10-06T14:31:25+00:00\",\"breadcrumb\":{\"@id\":\"https:\\\/\\\/blogdofarnesio.com.br\\\/?p=378323#breadcrumb\"},\"inLanguage\":\"pt-BR\",\"potentialAction\":[{\"@type\":\"ReadAction\",\"target\":[\"https:\\\/\\\/blogdofarnesio.com.br\\\/?p=378323\"]}]},{\"@type\":\"ImageObject\",\"inLanguage\":\"pt-BR\",\"@id\":\"https:\\\/\\\/blogdofarnesio.com.br\\\/?p=378323#primaryimage\",\"url\":\"https:\\\/\\\/blogdofarnesio.com.br\\\/wp-content\\\/uploads\\\/2024\\\/10\\\/blogqsprcarlos-jeronimo-e1729010302218.jpeg\",\"contentUrl\":\"https:\\\/\\\/blogdofarnesio.com.br\\\/wp-content\\\/uploads\\\/2024\\\/10\\\/blogqsprcarlos-jeronimo-e1729010302218.jpeg\",\"width\":468,\"height\":361},{\"@type\":\"BreadcrumbList\",\"@id\":\"https:\\\/\\\/blogdofarnesio.com.br\\\/?p=378323#breadcrumb\",\"itemListElement\":[{\"@type\":\"ListItem\",\"position\":1,\"name\":\"In\u00edcio\",\"item\":\"https:\\\/\\\/blogdofarnesio.com.br\\\/\"},{\"@type\":\"ListItem\",\"position\":2,\"name\":\"Deputado Roberto Carlos prev\u00ea fortalecimento do grupo pol\u00edtico liderado por Jer\u00f4nimo Rodrigues nas elei\u00e7\u00f5es de 2024\"}]},{\"@type\":\"WebSite\",\"@id\":\"https:\\\/\\\/blogdofarnesio.com.br\\\/#website\",\"url\":\"https:\\\/\\\/blogdofarnesio.com.br\\\/\",\"name\":\"Blog do Farn\u00e9sio\",\"description\":\"Quer Saber Pol\u00edtica?\",\"publisher\":{\"@id\":\"https:\\\/\\\/blogdofarnesio.com.br\\\/#organization\"},\"potentialAction\":[{\"@type\":\"SearchAction\",\"target\":{\"@type\":\"EntryPoint\",\"urlTemplate\":\"https:\\\/\\\/blogdofarnesio.com.br\\\/?s={search_term_string}\"},\"query-input\":{\"@type\":\"PropertyValueSpecification\",\"valueRequired\":true,\"valueName\":\"search_term_string\"}}],\"inLanguage\":\"pt-BR\"},{\"@type\":\"Organization\",\"@id\":\"https:\\\/\\\/blogdofarnesio.com.br\\\/#organization\",\"name\":\"Blog do Farn\u00e9sio\",\"url\":\"https:\\\/\\\/blogdofarnesio.com.br\\\/\",\"logo\":{\"@type\":\"ImageObject\",\"inLanguage\":\"pt-BR\",\"@id\":\"https:\\\/\\\/blogdofarnesio.com.br\\\/#\\\/schema\\\/logo\\\/image\\\/\",\"url\":\"https:\\\/\\\/blogdofarnesio.com.br\\\/wp-content\\\/uploads\\\/2026\\\/03\\\/cropped-logo_new-1.png\",\"contentUrl\":\"https:\\\/\\\/blogdofarnesio.com.br\\\/wp-content\\\/uploads\\\/2026\\\/03\\\/cropped-logo_new-1.png\",\"width\":881,\"height\":685,\"caption\":\"Blog do Farn\u00e9sio\"},\"image\":{\"@id\":\"https:\\\/\\\/blogdofarnesio.com.br\\\/#\\\/schema\\\/logo\\\/image\\\/\"},\"sameAs\":[\"https:\\\/\\\/www.facebook.com\\\/BlogQuerSaberPolitica\\\/\"]},{\"@type\":\"Person\",\"@id\":\"https:\\\/\\\/blogdofarnesio.com.br\\\/#\\\/schema\\\/person\\\/bb9b23ae3ad0609ce8df7b6c9e76824d\",\"name\":\"Farn\u00e9sio\",\"image\":{\"@type\":\"ImageObject\",\"inLanguage\":\"pt-BR\",\"@id\":\"https:\\\/\\\/secure.gravatar.com\\\/avatar\\\/986aa4c61ccdb66f8555bf88fc2a65609d00bcabd4d2d94377a727547345cbca?s=96&d=mm&r=g\",\"url\":\"https:\\\/\\\/secure.gravatar.com\\\/avatar\\\/986aa4c61ccdb66f8555bf88fc2a65609d00bcabd4d2d94377a727547345cbca?s=96&d=mm&r=g\",\"contentUrl\":\"https:\\\/\\\/secure.gravatar.com\\\/avatar\\\/986aa4c61ccdb66f8555bf88fc2a65609d00bcabd4d2d94377a727547345cbca?s=96&d=mm&r=g\",\"caption\":\"Farn\u00e9sio\"},\"description\":\"Radialista blogueiro, chegou a Petrolina\\\/Juazeiro em setembro de 1980, Farn\u00e9sio Silva \u00e9 de Arapiraca-Alagoas.\",\"sameAs\":[\"http:\\\/\\\/blogdofarnesio.com.br\",\"https:\\\/\\\/www.facebook.com\\\/?ref=tn_tnmn\",\"https:\\\/\\\/www.instagram.com\\\/?utm_source=pwa_homescreen\",\"https:\\\/\\\/youtube.com.br\\\/\"],\"url\":\"https:\\\/\\\/blogdofarnesio.com.br\\\/?author=2\"}]}<\/script>\n<!-- \/ Yoast SEO plugin. -->","yoast_head_json":{"title":"Deputado Roberto Carlos prev\u00ea fortalecimento do grupo pol\u00edtico liderado por Jer\u00f4nimo Rodrigues nas elei\u00e7\u00f5es de 2024 - Blog do Farn\u00e9sio","robots":{"index":"index","follow":"follow","max-snippet":"max-snippet:-1","max-image-preview":"max-image-preview:large","max-video-preview":"max-video-preview:-1"},"canonical":"https:\/\/blogdofarnesio.com.br\/?p=378323","og_locale":"pt_BR","og_type":"article","og_title":"Deputado Roberto Carlos prev\u00ea fortalecimento do grupo pol\u00edtico liderado por Jer\u00f4nimo Rodrigues nas elei\u00e7\u00f5es de 2024 - Blog do Farn\u00e9sio","og_description":"Ao ser questionado sobre o cen\u00e1rio das elei\u00e7\u00f5es municipais de 2024, o deputado estadual Roberto Carlos mostrou-se otimista quanto ao fortalecimento do grupo pol\u00edtico liderado pelo governador Jer\u00f4nimo Rodrigues. Segundo o parlamentar, h\u00e1 uma expectativa de que o governador saia ainda mais fortalecido do processo eleitoral, elegendo a maioria dos prefeitos da Bahia. Roberto Carlos destacou dois fatores principais para essa proje\u00e7\u00e3o: &#8220;Primeiro, o governador tem liberado muitas obras em todos os munic\u00edpios. No meu caso, especificamente, consegui levar mais de R$ 150 milh\u00f5es para os munic\u00edpios com aproximadamente 30 mil habitantes. Isso fortalece os prefeitos aliados ao governador&#8221;, disse o parlamentar. Al\u00e9m disso, o deputado ressaltou a presen\u00e7a ativa de Jer\u00f4nimo Rodrigues em quase todos os munic\u00edpios baianos: &#8220;O&hellip;","og_url":"https:\/\/blogdofarnesio.com.br\/?p=378323","og_site_name":"Blog do Farn\u00e9sio","article_publisher":"https:\/\/www.facebook.com\/BlogQuerSaberPolitica\/","article_author":"https:\/\/www.facebook.com\/?ref=tn_tnmn","article_published_time":"2024-10-06T14:31:25+00:00","og_image":[{"width":468,"height":361,"url":"https:\/\/blogdofarnesio.com.br\/wp-content\/uploads\/2024\/10\/blogqsprcarlos-jeronimo-e1729010302218.jpeg","type":"image\/jpeg"}],"author":"Farn\u00e9sio","twitter_card":"summary_large_image","twitter_misc":{"Escrito por":"Farn\u00e9sio","Est. tempo de leitura":"1 minuto"},"schema":{"@context":"https:\/\/schema.org","@graph":[{"@type":"Article","@id":"https:\/\/blogdofarnesio.com.br\/?p=378323#article","isPartOf":{"@id":"https:\/\/blogdofarnesio.com.br\/?p=378323"},"author":{"name":"Farn\u00e9sio","@id":"https:\/\/blogdofarnesio.com.br\/#\/schema\/person\/bb9b23ae3ad0609ce8df7b6c9e76824d"},"headline":"Deputado Roberto Carlos prev\u00ea fortalecimento do grupo pol\u00edtico liderado por Jer\u00f4nimo Rodrigues nas elei\u00e7\u00f5es de 2024","datePublished":"2024-10-06T14:31:25+00:00","mainEntityOfPage":{"@id":"https:\/\/blogdofarnesio.com.br\/?p=378323"},"wordCount":289,"commentCount":0,"publisher":{"@id":"https:\/\/blogdofarnesio.com.br\/#organization"},"image":{"@id":"https:\/\/blogdofarnesio.com.br\/?p=378323#primaryimage"},"thumbnailUrl":"https:\/\/blogdofarnesio.com.br\/wp-content\/uploads\/2024\/10\/blogqsprcarlos-jeronimo-e1729010302218.jpeg","articleSection":["Pol\u00edtica"],"inLanguage":"pt-BR","potentialAction":[{"@type":"CommentAction","name":"Comment","target":["https:\/\/blogdofarnesio.com.br\/?p=378323#respond"]}]},{"@type":"WebPage","@id":"https:\/\/blogdofarnesio.com.br\/?p=378323","url":"https:\/\/blogdofarnesio.com.br\/?p=378323","name":"Deputado Roberto Carlos prev\u00ea fortalecimento do grupo pol\u00edtico liderado por Jer\u00f4nimo Rodrigues nas elei\u00e7\u00f5es de 2024 - Blog do Farn\u00e9sio","isPartOf":{"@id":"https:\/\/blogdofarnesio.com.br\/#website"},"primaryImageOfPage":{"@id":"https:\/\/blogdofarnesio.com.br\/?p=378323#primaryimage"},"image":{"@id":"https:\/\/blogdofarnesio.com.br\/?p=378323#primaryimage"},"thumbnailUrl":"https:\/\/blogdofarnesio.com.br\/wp-content\/uploads\/2024\/10\/blogqsprcarlos-jeronimo-e1729010302218.jpeg","datePublished":"2024-10-06T14:31:25+00:00","breadcrumb":{"@id":"https:\/\/blogdofarnesio.com.br\/?p=378323#breadcrumb"},"inLanguage":"pt-BR","potentialAction":[{"@type":"ReadAction","target":["https:\/\/blogdofarnesio.com.br\/?p=378323"]}]},{"@type":"ImageObject","inLanguage":"pt-BR","@id":"https:\/\/blogdofarnesio.com.br\/?p=378323#primaryimage","url":"https:\/\/blogdofarnesio.com.br\/wp-content\/uploads\/2024\/10\/blogqsprcarlos-jeronimo-e1729010302218.jpeg","contentUrl":"https:\/\/blogdofarnesio.com.br\/wp-content\/uploads\/2024\/10\/blogqsprcarlos-jeronimo-e1729010302218.jpeg","width":468,"height":361},{"@type":"BreadcrumbList","@id":"https:\/\/blogdofarnesio.com.br\/?p=378323#breadcrumb","itemListElement":[{"@type":"ListItem","position":1,"name":"In\u00edcio","item":"https:\/\/blogdofarnesio.com.br\/"},{"@type":"ListItem","position":2,"name":"Deputado Roberto Carlos prev\u00ea fortalecimento do grupo pol\u00edtico liderado por Jer\u00f4nimo Rodrigues nas elei\u00e7\u00f5es de 2024"}]},{"@type":"WebSite","@id":"https:\/\/blogdofarnesio.com.br\/#website","url":"https:\/\/blogdofarnesio.com.br\/","name":"Blog do Farn\u00e9sio","description":"Quer Saber Pol\u00edtica?","publisher":{"@id":"https:\/\/blogdofarnesio.com.br\/#organization"},"potentialAction":[{"@type":"SearchAction","target":{"@type":"EntryPoint","urlTemplate":"https:\/\/blogdofarnesio.com.br\/?s={search_term_string}"},"query-input":{"@type":"PropertyValueSpecification","valueRequired":true,"valueName":"search_term_string"}}],"inLanguage":"pt-BR"},{"@type":"Organization","@id":"https:\/\/blogdofarnesio.com.br\/#organization","name":"Blog do Farn\u00e9sio","url":"https:\/\/blogdofarnesio.com.br\/","logo":{"@type":"ImageObject","inLanguage":"pt-BR","@id":"https:\/\/blogdofarnesio.com.br\/#\/schema\/logo\/image\/","url":"https:\/\/blogdofarnesio.com.br\/wp-content\/uploads\/2026\/03\/cropped-logo_new-1.png","contentUrl":"https:\/\/blogdofarnesio.com.br\/wp-content\/uploads\/2026\/03\/cropped-logo_new-1.png","width":881,"height":685,"caption":"Blog do Farn\u00e9sio"},"image":{"@id":"https:\/\/blogdofarnesio.com.br\/#\/schema\/logo\/image\/"},"sameAs":["https:\/\/www.facebook.com\/BlogQuerSaberPolitica\/"]},{"@type":"Person","@id":"https:\/\/blogdofarnesio.com.br\/#\/schema\/person\/bb9b23ae3ad0609ce8df7b6c9e76824d","name":"Farn\u00e9sio","image":{"@type":"ImageObject","inLanguage":"pt-BR","@id":"https:\/\/secure.gravatar.com\/avatar\/986aa4c61ccdb66f8555bf88fc2a65609d00bcabd4d2d94377a727547345cbca?s=96&d=mm&r=g","url":"https:\/\/secure.gravatar.com\/avatar\/986aa4c61ccdb66f8555bf88fc2a65609d00bcabd4d2d94377a727547345cbca?s=96&d=mm&r=g","contentUrl":"https:\/\/secure.gravatar.com\/avatar\/986aa4c61ccdb66f8555bf88fc2a65609d00bcabd4d2d94377a727547345cbca?s=96&d=mm&r=g","caption":"Farn\u00e9sio"},"description":"Radialista blogueiro, chegou a Petrolina\/Juazeiro em setembro de 1980, Farn\u00e9sio Silva \u00e9 de Arapiraca-Alagoas.","sameAs":["http:\/\/blogdofarnesio.com.br","https:\/\/www.facebook.com\/?ref=tn_tnmn","https:\/\/www.instagram.com\/?utm_source=pwa_homescreen","https:\/\/youtube.com.br\/"],"url":"https:\/\/blogdofarnesio.com.br\/?author=2"}]}},"_links":{"self":[{"href":"https:\/\/blogdofarnesio.com.br\/index.php?rest_route=\/wp\/v2\/posts\/378323","targetHints":{"allow":["GET"]}}],"collection":[{"href":"https:\/\/blogdofarnesio.com.br\/index.php?rest_route=\/wp\/v2\/posts"}],"about":[{"href":"https:\/\/blogdofarnesio.com.br\/index.php?rest_route=\/wp\/v2\/types\/post"}],"author":[{"embeddable":true,"href":"https:\/\/blogdofarnesio.com.br\/index.php?rest_route=\/wp\/v2\/users\/2"}],"replies":[{"embeddable":true,"href":"https:\/\/blogdofarnesio.com.br\/index.php?rest_route=%2Fwp%2Fv2%2Fcomments&post=378323"}],"version-history":[{"count":0,"href":"https:\/\/blogdofarnesio.com.br\/index.php?rest_route=\/wp\/v2\/posts\/378323\/revisions"}],"wp:featuredmedia":[{"embeddable":true,"href":"https:\/\/blogdofarnesio.com.br\/index.php?rest_route=\/wp\/v2\/media\/378324"}],"wp:attachment":[{"href":"https:\/\/blogdofarnesio.com.br\/index.php?rest_route=%2Fwp%2Fv2%2Fmedia&parent=378323"}],"wp:term":[{"taxonomy":"category","embeddable":true,"href":"https:\/\/blogdofarnesio.com.br\/index.php?rest_route=%2Fwp%2Fv2%2Fcategories&post=378323"},{"taxonomy":"post_tag","embeddable":true,"href":"https:\/\/blogdofarnesio.com.br\/index.php?rest_route=%2Fwp%2Fv2%2Ftags&post=378323"}],"curies":[{"name":"wp","href":"https:\/\/api.w.org\/{rel}","templated":true}]}}