{"id":378285,"date":"2024-10-08T09:43:26","date_gmt":"2024-10-08T12:43:26","guid":{"rendered":"https:\/\/blogdofarnesio.com.br\/?p=378285"},"modified":"2024-10-07T16:29:45","modified_gmt":"2024-10-07T19:29:45","slug":"solto-apos-25-anos-de-prisao-atirador-do-cinema-mora-na-bahia-e-pretende-voltar-a-cursar-medicina","status":"publish","type":"post","link":"https:\/\/blogdofarnesio.com.br\/?p=378285","title":{"rendered":"Solto ap\u00f3s 25 anos de pris\u00e3o, &#8220;Atirador do Cinema&#8221; mora na Bahia e pretende voltar a cursar medicina"},"content":{"rendered":"<div id=\"post-body-5109371352797060124\" class=\"post-body entry-content\">\n<p>Conhecido como o &#8220;Atirador do Cinema&#8221;, Mateus da Costa Meira foi solto ap\u00f3s 25 anos de pris\u00e3o devido a um massacre que cometeu em novembro de 1999 no Shopping Morumbi, em S\u00e3o Paulo.<\/p>\n<p>No dia do crime, ele utilizou uma submetralhadora, matando tr\u00eas pessoas e ferindo outras quatro. Mateus foi preso em flagrante e condenado inicialmente a mais de 120 anos de pris\u00e3o.<\/p>\n<p>Diagnosticado com esquizofrenia, ele ficou detido at\u00e9 18 de setembro deste ano, quando a Vara de Medidas Alternativas de Salvador determinou sua desinterna\u00e7\u00e3o, afirmando que ele &#8220;goza de plenas condi\u00e7\u00f5es de retorno ao conv\u00edvio social e familiar&#8221;.<\/p>\n<p>A decis\u00e3o, assinada pela ju\u00edza Marcela Moura Fran\u00e7a Pomponet, foi baseada em um laudo do Hospital de Cust\u00f3dia e Tratamento Psiqui\u00e1trico da Bahia, que concluiu que ele n\u00e3o apresenta risco de periculosidade.<\/p>\n<p>De acordo com o jornal Correio, hoje, com 49 anos, Matheus mora em Salvador e pretende retomar os estudos e concluir o curso de Medicina. Ele estava no seu sexto e \u00faltimo ano, a apenas 15 dias da formatura quando cometeu o crime.<\/p>\n<p>Todos os custos de Mateus eram mantidos pela fam\u00edlia, que reside atualmente na capital baiana. De acordo com um colega de faculdade da \u00e9poca, ouvido pela reportagem, ele est\u00e1 hoje na casa dos pais.<\/p>\n<p>&#8220;No bairro da Gra\u00e7a. Est\u00e1 tomando os rem\u00e9dios, em tratamento e pretende refazer a vida, voltar a estudar Medicina. Estava no \u00faltimo semestre&#8221;, diz a fonte. Ainda segundo ele, o ex-estudante n\u00e3o conversa muito. &#8220;Talvez seja devido \u00e0s medica\u00e7\u00f5es&#8221;, disse.<\/p>\n<p>Mesmo em liberdade, Mateus permanecer\u00e1 sob vigil\u00e2ncia durante um ano e dever\u00e1 seguir uma s\u00e9rie de obriga\u00e7\u00f5es. Ele precisa estar em casa das 22h \u00e0s 6h, n\u00e3o pode mudar de endere\u00e7o sem aviso pr\u00e9vio \u00e0 Justi\u00e7a, e est\u00e1 proibido de consumir \u00e1lcool ou frequentar festas. Al\u00e9m disso, n\u00e3o poder\u00e1 portar armas e dever\u00e1 manter boa rela\u00e7\u00e3o com amigos e familiares. A decis\u00e3o judicial reflete as novas diretrizes da pol\u00edtica antimanicomial, priorizando a desinterna\u00e7\u00e3o acompanhada de suporte \u00e0 sa\u00fade mental.<\/p>\n<p>A trag\u00e9dia no Morumbi Shopping, que chocou o Brasil, ocorreu em 3 de novembro de 1999, quando Mateus come\u00e7ou a atirar dentro do cinema, resultando em tr\u00eas mortes e v\u00e1rias pessoas feridas. Ap\u00f3s a condena\u00e7\u00e3o, Mateus passou por diferentes institui\u00e7\u00f5es penitenci\u00e1rias at\u00e9 ser encaminhado ao Hospital de Cust\u00f3dia em Salvador. Em 2009, foi absolvido de uma acusa\u00e7\u00e3o de tentativa de homic\u00eddio contra um colega de cela, sendo considerado inimput\u00e1vel devido \u00e0s suas doen\u00e7as mentais.<\/p>\n<\/div>\n","protected":false},"excerpt":{"rendered":"<p>Conhecido como o &#8220;Atirador do Cinema&#8221;, Mateus da Costa Meira foi solto ap\u00f3s 25 anos de pris\u00e3o devido a um massacre que cometeu em novembro de 1999 no Shopping Morumbi, em S\u00e3o Paulo. No dia do crime, ele utilizou uma submetralhadora, matando tr\u00eas pessoas e ferindo outras quatro. Mateus foi preso em flagrante e condenado inicialmente a mais de 120 anos de pris\u00e3o. Diagnosticado com esquizofrenia, ele ficou detido at\u00e9 18 de setembro deste ano, quando a Vara de Medidas Alternativas de Salvador determinou sua desinterna\u00e7\u00e3o, afirmando que ele &#8220;goza de plenas condi\u00e7\u00f5es de retorno ao conv\u00edvio social e familiar&#8221;. A decis\u00e3o, assinada pela ju\u00edza Marcela Moura Fran\u00e7a Pomponet, foi baseada em um laudo do Hospital de Cust\u00f3dia e Tratamento&hellip; <\/p>\n","protected":false},"author":2,"featured_media":378286,"comment_status":"open","ping_status":"open","sticky":false,"template":"","format":"standard","meta":{"_acf_changed":false,"footnotes":""},"categories":[23],"tags":[],"class_list":["post-378285","post","type-post","status-publish","format-standard","has-post-thumbnail","hentry","category-justica"],"acf":[],"yoast_head":"<!-- This site is optimized with the Yoast SEO plugin v27.4 - https:\/\/yoast.com\/product\/yoast-seo-wordpress\/ -->\n<title>Solto ap\u00f3s 25 anos de pris\u00e3o, &quot;Atirador do Cinema&quot; mora na Bahia e pretende voltar a cursar medicina - Blog do Farn\u00e9sio<\/title>\n<meta name=\"robots\" content=\"index, follow, max-snippet:-1, max-image-preview:large, max-video-preview:-1\" \/>\n<link rel=\"canonical\" href=\"https:\/\/blogdofarnesio.com.br\/?p=378285\" \/>\n<meta property=\"og:locale\" content=\"pt_BR\" \/>\n<meta property=\"og:type\" content=\"article\" \/>\n<meta property=\"og:title\" content=\"Solto ap\u00f3s 25 anos de pris\u00e3o, &quot;Atirador do Cinema&quot; mora na Bahia e pretende voltar a cursar medicina - Blog do Farn\u00e9sio\" \/>\n<meta property=\"og:description\" content=\"Conhecido como o &#8220;Atirador do Cinema&#8221;, Mateus da Costa Meira foi solto ap\u00f3s 25 anos de pris\u00e3o devido a um massacre que cometeu em novembro de 1999 no Shopping Morumbi, em S\u00e3o Paulo. No dia do crime, ele utilizou uma submetralhadora, matando tr\u00eas pessoas e ferindo outras quatro. Mateus foi preso em flagrante e condenado inicialmente a mais de 120 anos de pris\u00e3o. Diagnosticado com esquizofrenia, ele ficou detido at\u00e9 18 de setembro deste ano, quando a Vara de Medidas Alternativas de Salvador determinou sua desinterna\u00e7\u00e3o, afirmando que ele &#8220;goza de plenas condi\u00e7\u00f5es de retorno ao conv\u00edvio social e familiar&#8221;. A decis\u00e3o, assinada pela ju\u00edza Marcela Moura Fran\u00e7a Pomponet, foi baseada em um laudo do Hospital de Cust\u00f3dia e Tratamento&hellip;\" \/>\n<meta property=\"og:url\" content=\"https:\/\/blogdofarnesio.com.br\/?p=378285\" \/>\n<meta property=\"og:site_name\" content=\"Blog do Farn\u00e9sio\" \/>\n<meta property=\"article:publisher\" content=\"https:\/\/www.facebook.com\/BlogQuerSaberPolitica\/\" \/>\n<meta property=\"article:author\" content=\"https:\/\/www.facebook.com\/?ref=tn_tnmn\" \/>\n<meta property=\"article:published_time\" content=\"2024-10-08T12:43:26+00:00\" \/>\n<meta property=\"og:image\" content=\"https:\/\/blogdofarnesio.com.br\/wp-content\/uploads\/2024\/10\/blogqspmatheus-assassino-do-cinema.jpg\" \/>\n\t<meta property=\"og:image:width\" content=\"546\" \/>\n\t<meta property=\"og:image:height\" content=\"307\" \/>\n\t<meta property=\"og:image:type\" content=\"image\/jpeg\" \/>\n<meta name=\"author\" content=\"Farn\u00e9sio\" \/>\n<meta name=\"twitter:card\" content=\"summary_large_image\" \/>\n<meta name=\"twitter:label1\" content=\"Escrito por\" \/>\n\t<meta name=\"twitter:data1\" content=\"Farn\u00e9sio\" \/>\n\t<meta name=\"twitter:label2\" content=\"Est. tempo de leitura\" \/>\n\t<meta name=\"twitter:data2\" content=\"2 minutos\" \/>\n<script type=\"application\/ld+json\" class=\"yoast-schema-graph\">{\"@context\":\"https:\\\/\\\/schema.org\",\"@graph\":[{\"@type\":\"Article\",\"@id\":\"https:\\\/\\\/blogdofarnesio.com.br\\\/?p=378285#article\",\"isPartOf\":{\"@id\":\"https:\\\/\\\/blogdofarnesio.com.br\\\/?p=378285\"},\"author\":{\"name\":\"Farn\u00e9sio\",\"@id\":\"https:\\\/\\\/blogdofarnesio.com.br\\\/#\\\/schema\\\/person\\\/bb9b23ae3ad0609ce8df7b6c9e76824d\"},\"headline\":\"Solto ap\u00f3s 25 anos de pris\u00e3o, &#8220;Atirador do Cinema&#8221; mora na Bahia e pretende voltar a cursar medicina\",\"datePublished\":\"2024-10-08T12:43:26+00:00\",\"mainEntityOfPage\":{\"@id\":\"https:\\\/\\\/blogdofarnesio.com.br\\\/?p=378285\"},\"wordCount\":456,\"commentCount\":0,\"publisher\":{\"@id\":\"https:\\\/\\\/blogdofarnesio.com.br\\\/#organization\"},\"image\":{\"@id\":\"https:\\\/\\\/blogdofarnesio.com.br\\\/?p=378285#primaryimage\"},\"thumbnailUrl\":\"https:\\\/\\\/blogdofarnesio.com.br\\\/wp-content\\\/uploads\\\/2024\\\/10\\\/blogqspmatheus-assassino-do-cinema.jpg\",\"articleSection\":[\"Justi\u00e7a\"],\"inLanguage\":\"pt-BR\",\"potentialAction\":[{\"@type\":\"CommentAction\",\"name\":\"Comment\",\"target\":[\"https:\\\/\\\/blogdofarnesio.com.br\\\/?p=378285#respond\"]}]},{\"@type\":\"WebPage\",\"@id\":\"https:\\\/\\\/blogdofarnesio.com.br\\\/?p=378285\",\"url\":\"https:\\\/\\\/blogdofarnesio.com.br\\\/?p=378285\",\"name\":\"Solto ap\u00f3s 25 anos de pris\u00e3o, \\\"Atirador do Cinema\\\" mora na Bahia e pretende voltar a cursar medicina - Blog do Farn\u00e9sio\",\"isPartOf\":{\"@id\":\"https:\\\/\\\/blogdofarnesio.com.br\\\/#website\"},\"primaryImageOfPage\":{\"@id\":\"https:\\\/\\\/blogdofarnesio.com.br\\\/?p=378285#primaryimage\"},\"image\":{\"@id\":\"https:\\\/\\\/blogdofarnesio.com.br\\\/?p=378285#primaryimage\"},\"thumbnailUrl\":\"https:\\\/\\\/blogdofarnesio.com.br\\\/wp-content\\\/uploads\\\/2024\\\/10\\\/blogqspmatheus-assassino-do-cinema.jpg\",\"datePublished\":\"2024-10-08T12:43:26+00:00\",\"breadcrumb\":{\"@id\":\"https:\\\/\\\/blogdofarnesio.com.br\\\/?p=378285#breadcrumb\"},\"inLanguage\":\"pt-BR\",\"potentialAction\":[{\"@type\":\"ReadAction\",\"target\":[\"https:\\\/\\\/blogdofarnesio.com.br\\\/?p=378285\"]}]},{\"@type\":\"ImageObject\",\"inLanguage\":\"pt-BR\",\"@id\":\"https:\\\/\\\/blogdofarnesio.com.br\\\/?p=378285#primaryimage\",\"url\":\"https:\\\/\\\/blogdofarnesio.com.br\\\/wp-content\\\/uploads\\\/2024\\\/10\\\/blogqspmatheus-assassino-do-cinema.jpg\",\"contentUrl\":\"https:\\\/\\\/blogdofarnesio.com.br\\\/wp-content\\\/uploads\\\/2024\\\/10\\\/blogqspmatheus-assassino-do-cinema.jpg\",\"width\":546,\"height\":307},{\"@type\":\"BreadcrumbList\",\"@id\":\"https:\\\/\\\/blogdofarnesio.com.br\\\/?p=378285#breadcrumb\",\"itemListElement\":[{\"@type\":\"ListItem\",\"position\":1,\"name\":\"In\u00edcio\",\"item\":\"https:\\\/\\\/blogdofarnesio.com.br\\\/\"},{\"@type\":\"ListItem\",\"position\":2,\"name\":\"Solto ap\u00f3s 25 anos de pris\u00e3o, &#8220;Atirador do Cinema&#8221; mora na Bahia e pretende voltar a cursar medicina\"}]},{\"@type\":\"WebSite\",\"@id\":\"https:\\\/\\\/blogdofarnesio.com.br\\\/#website\",\"url\":\"https:\\\/\\\/blogdofarnesio.com.br\\\/\",\"name\":\"Blog do Farn\u00e9sio\",\"description\":\"Quer Saber Pol\u00edtica?\",\"publisher\":{\"@id\":\"https:\\\/\\\/blogdofarnesio.com.br\\\/#organization\"},\"potentialAction\":[{\"@type\":\"SearchAction\",\"target\":{\"@type\":\"EntryPoint\",\"urlTemplate\":\"https:\\\/\\\/blogdofarnesio.com.br\\\/?s={search_term_string}\"},\"query-input\":{\"@type\":\"PropertyValueSpecification\",\"valueRequired\":true,\"valueName\":\"search_term_string\"}}],\"inLanguage\":\"pt-BR\"},{\"@type\":\"Organization\",\"@id\":\"https:\\\/\\\/blogdofarnesio.com.br\\\/#organization\",\"name\":\"Blog do Farn\u00e9sio\",\"url\":\"https:\\\/\\\/blogdofarnesio.com.br\\\/\",\"logo\":{\"@type\":\"ImageObject\",\"inLanguage\":\"pt-BR\",\"@id\":\"https:\\\/\\\/blogdofarnesio.com.br\\\/#\\\/schema\\\/logo\\\/image\\\/\",\"url\":\"https:\\\/\\\/blogdofarnesio.com.br\\\/wp-content\\\/uploads\\\/2026\\\/03\\\/cropped-logo_new-1.png\",\"contentUrl\":\"https:\\\/\\\/blogdofarnesio.com.br\\\/wp-content\\\/uploads\\\/2026\\\/03\\\/cropped-logo_new-1.png\",\"width\":881,\"height\":685,\"caption\":\"Blog do Farn\u00e9sio\"},\"image\":{\"@id\":\"https:\\\/\\\/blogdofarnesio.com.br\\\/#\\\/schema\\\/logo\\\/image\\\/\"},\"sameAs\":[\"https:\\\/\\\/www.facebook.com\\\/BlogQuerSaberPolitica\\\/\"]},{\"@type\":\"Person\",\"@id\":\"https:\\\/\\\/blogdofarnesio.com.br\\\/#\\\/schema\\\/person\\\/bb9b23ae3ad0609ce8df7b6c9e76824d\",\"name\":\"Farn\u00e9sio\",\"image\":{\"@type\":\"ImageObject\",\"inLanguage\":\"pt-BR\",\"@id\":\"https:\\\/\\\/secure.gravatar.com\\\/avatar\\\/986aa4c61ccdb66f8555bf88fc2a65609d00bcabd4d2d94377a727547345cbca?s=96&d=mm&r=g\",\"url\":\"https:\\\/\\\/secure.gravatar.com\\\/avatar\\\/986aa4c61ccdb66f8555bf88fc2a65609d00bcabd4d2d94377a727547345cbca?s=96&d=mm&r=g\",\"contentUrl\":\"https:\\\/\\\/secure.gravatar.com\\\/avatar\\\/986aa4c61ccdb66f8555bf88fc2a65609d00bcabd4d2d94377a727547345cbca?s=96&d=mm&r=g\",\"caption\":\"Farn\u00e9sio\"},\"description\":\"Radialista blogueiro, chegou a Petrolina\\\/Juazeiro em setembro de 1980, Farn\u00e9sio Silva \u00e9 de Arapiraca-Alagoas.\",\"sameAs\":[\"http:\\\/\\\/blogdofarnesio.com.br\",\"https:\\\/\\\/www.facebook.com\\\/?ref=tn_tnmn\",\"https:\\\/\\\/www.instagram.com\\\/?utm_source=pwa_homescreen\",\"https:\\\/\\\/youtube.com.br\\\/\"],\"url\":\"https:\\\/\\\/blogdofarnesio.com.br\\\/?author=2\"}]}<\/script>\n<!-- \/ Yoast SEO plugin. -->","yoast_head_json":{"title":"Solto ap\u00f3s 25 anos de pris\u00e3o, \"Atirador do Cinema\" mora na Bahia e pretende voltar a cursar medicina - Blog do Farn\u00e9sio","robots":{"index":"index","follow":"follow","max-snippet":"max-snippet:-1","max-image-preview":"max-image-preview:large","max-video-preview":"max-video-preview:-1"},"canonical":"https:\/\/blogdofarnesio.com.br\/?p=378285","og_locale":"pt_BR","og_type":"article","og_title":"Solto ap\u00f3s 25 anos de pris\u00e3o, \"Atirador do Cinema\" mora na Bahia e pretende voltar a cursar medicina - Blog do Farn\u00e9sio","og_description":"Conhecido como o &#8220;Atirador do Cinema&#8221;, Mateus da Costa Meira foi solto ap\u00f3s 25 anos de pris\u00e3o devido a um massacre que cometeu em novembro de 1999 no Shopping Morumbi, em S\u00e3o Paulo. No dia do crime, ele utilizou uma submetralhadora, matando tr\u00eas pessoas e ferindo outras quatro. Mateus foi preso em flagrante e condenado inicialmente a mais de 120 anos de pris\u00e3o. Diagnosticado com esquizofrenia, ele ficou detido at\u00e9 18 de setembro deste ano, quando a Vara de Medidas Alternativas de Salvador determinou sua desinterna\u00e7\u00e3o, afirmando que ele &#8220;goza de plenas condi\u00e7\u00f5es de retorno ao conv\u00edvio social e familiar&#8221;. A decis\u00e3o, assinada pela ju\u00edza Marcela Moura Fran\u00e7a Pomponet, foi baseada em um laudo do Hospital de Cust\u00f3dia e Tratamento&hellip;","og_url":"https:\/\/blogdofarnesio.com.br\/?p=378285","og_site_name":"Blog do Farn\u00e9sio","article_publisher":"https:\/\/www.facebook.com\/BlogQuerSaberPolitica\/","article_author":"https:\/\/www.facebook.com\/?ref=tn_tnmn","article_published_time":"2024-10-08T12:43:26+00:00","og_image":[{"width":546,"height":307,"url":"https:\/\/blogdofarnesio.com.br\/wp-content\/uploads\/2024\/10\/blogqspmatheus-assassino-do-cinema.jpg","type":"image\/jpeg"}],"author":"Farn\u00e9sio","twitter_card":"summary_large_image","twitter_misc":{"Escrito por":"Farn\u00e9sio","Est. tempo de leitura":"2 minutos"},"schema":{"@context":"https:\/\/schema.org","@graph":[{"@type":"Article","@id":"https:\/\/blogdofarnesio.com.br\/?p=378285#article","isPartOf":{"@id":"https:\/\/blogdofarnesio.com.br\/?p=378285"},"author":{"name":"Farn\u00e9sio","@id":"https:\/\/blogdofarnesio.com.br\/#\/schema\/person\/bb9b23ae3ad0609ce8df7b6c9e76824d"},"headline":"Solto ap\u00f3s 25 anos de pris\u00e3o, &#8220;Atirador do Cinema&#8221; mora na Bahia e pretende voltar a cursar medicina","datePublished":"2024-10-08T12:43:26+00:00","mainEntityOfPage":{"@id":"https:\/\/blogdofarnesio.com.br\/?p=378285"},"wordCount":456,"commentCount":0,"publisher":{"@id":"https:\/\/blogdofarnesio.com.br\/#organization"},"image":{"@id":"https:\/\/blogdofarnesio.com.br\/?p=378285#primaryimage"},"thumbnailUrl":"https:\/\/blogdofarnesio.com.br\/wp-content\/uploads\/2024\/10\/blogqspmatheus-assassino-do-cinema.jpg","articleSection":["Justi\u00e7a"],"inLanguage":"pt-BR","potentialAction":[{"@type":"CommentAction","name":"Comment","target":["https:\/\/blogdofarnesio.com.br\/?p=378285#respond"]}]},{"@type":"WebPage","@id":"https:\/\/blogdofarnesio.com.br\/?p=378285","url":"https:\/\/blogdofarnesio.com.br\/?p=378285","name":"Solto ap\u00f3s 25 anos de pris\u00e3o, \"Atirador do Cinema\" mora na Bahia e pretende voltar a cursar medicina - Blog do Farn\u00e9sio","isPartOf":{"@id":"https:\/\/blogdofarnesio.com.br\/#website"},"primaryImageOfPage":{"@id":"https:\/\/blogdofarnesio.com.br\/?p=378285#primaryimage"},"image":{"@id":"https:\/\/blogdofarnesio.com.br\/?p=378285#primaryimage"},"thumbnailUrl":"https:\/\/blogdofarnesio.com.br\/wp-content\/uploads\/2024\/10\/blogqspmatheus-assassino-do-cinema.jpg","datePublished":"2024-10-08T12:43:26+00:00","breadcrumb":{"@id":"https:\/\/blogdofarnesio.com.br\/?p=378285#breadcrumb"},"inLanguage":"pt-BR","potentialAction":[{"@type":"ReadAction","target":["https:\/\/blogdofarnesio.com.br\/?p=378285"]}]},{"@type":"ImageObject","inLanguage":"pt-BR","@id":"https:\/\/blogdofarnesio.com.br\/?p=378285#primaryimage","url":"https:\/\/blogdofarnesio.com.br\/wp-content\/uploads\/2024\/10\/blogqspmatheus-assassino-do-cinema.jpg","contentUrl":"https:\/\/blogdofarnesio.com.br\/wp-content\/uploads\/2024\/10\/blogqspmatheus-assassino-do-cinema.jpg","width":546,"height":307},{"@type":"BreadcrumbList","@id":"https:\/\/blogdofarnesio.com.br\/?p=378285#breadcrumb","itemListElement":[{"@type":"ListItem","position":1,"name":"In\u00edcio","item":"https:\/\/blogdofarnesio.com.br\/"},{"@type":"ListItem","position":2,"name":"Solto ap\u00f3s 25 anos de pris\u00e3o, &#8220;Atirador do Cinema&#8221; mora na Bahia e pretende voltar a cursar medicina"}]},{"@type":"WebSite","@id":"https:\/\/blogdofarnesio.com.br\/#website","url":"https:\/\/blogdofarnesio.com.br\/","name":"Blog do Farn\u00e9sio","description":"Quer Saber Pol\u00edtica?","publisher":{"@id":"https:\/\/blogdofarnesio.com.br\/#organization"},"potentialAction":[{"@type":"SearchAction","target":{"@type":"EntryPoint","urlTemplate":"https:\/\/blogdofarnesio.com.br\/?s={search_term_string}"},"query-input":{"@type":"PropertyValueSpecification","valueRequired":true,"valueName":"search_term_string"}}],"inLanguage":"pt-BR"},{"@type":"Organization","@id":"https:\/\/blogdofarnesio.com.br\/#organization","name":"Blog do Farn\u00e9sio","url":"https:\/\/blogdofarnesio.com.br\/","logo":{"@type":"ImageObject","inLanguage":"pt-BR","@id":"https:\/\/blogdofarnesio.com.br\/#\/schema\/logo\/image\/","url":"https:\/\/blogdofarnesio.com.br\/wp-content\/uploads\/2026\/03\/cropped-logo_new-1.png","contentUrl":"https:\/\/blogdofarnesio.com.br\/wp-content\/uploads\/2026\/03\/cropped-logo_new-1.png","width":881,"height":685,"caption":"Blog do Farn\u00e9sio"},"image":{"@id":"https:\/\/blogdofarnesio.com.br\/#\/schema\/logo\/image\/"},"sameAs":["https:\/\/www.facebook.com\/BlogQuerSaberPolitica\/"]},{"@type":"Person","@id":"https:\/\/blogdofarnesio.com.br\/#\/schema\/person\/bb9b23ae3ad0609ce8df7b6c9e76824d","name":"Farn\u00e9sio","image":{"@type":"ImageObject","inLanguage":"pt-BR","@id":"https:\/\/secure.gravatar.com\/avatar\/986aa4c61ccdb66f8555bf88fc2a65609d00bcabd4d2d94377a727547345cbca?s=96&d=mm&r=g","url":"https:\/\/secure.gravatar.com\/avatar\/986aa4c61ccdb66f8555bf88fc2a65609d00bcabd4d2d94377a727547345cbca?s=96&d=mm&r=g","contentUrl":"https:\/\/secure.gravatar.com\/avatar\/986aa4c61ccdb66f8555bf88fc2a65609d00bcabd4d2d94377a727547345cbca?s=96&d=mm&r=g","caption":"Farn\u00e9sio"},"description":"Radialista blogueiro, chegou a Petrolina\/Juazeiro em setembro de 1980, Farn\u00e9sio Silva \u00e9 de Arapiraca-Alagoas.","sameAs":["http:\/\/blogdofarnesio.com.br","https:\/\/www.facebook.com\/?ref=tn_tnmn","https:\/\/www.instagram.com\/?utm_source=pwa_homescreen","https:\/\/youtube.com.br\/"],"url":"https:\/\/blogdofarnesio.com.br\/?author=2"}]}},"_links":{"self":[{"href":"https:\/\/blogdofarnesio.com.br\/index.php?rest_route=\/wp\/v2\/posts\/378285","targetHints":{"allow":["GET"]}}],"collection":[{"href":"https:\/\/blogdofarnesio.com.br\/index.php?rest_route=\/wp\/v2\/posts"}],"about":[{"href":"https:\/\/blogdofarnesio.com.br\/index.php?rest_route=\/wp\/v2\/types\/post"}],"author":[{"embeddable":true,"href":"https:\/\/blogdofarnesio.com.br\/index.php?rest_route=\/wp\/v2\/users\/2"}],"replies":[{"embeddable":true,"href":"https:\/\/blogdofarnesio.com.br\/index.php?rest_route=%2Fwp%2Fv2%2Fcomments&post=378285"}],"version-history":[{"count":0,"href":"https:\/\/blogdofarnesio.com.br\/index.php?rest_route=\/wp\/v2\/posts\/378285\/revisions"}],"wp:featuredmedia":[{"embeddable":true,"href":"https:\/\/blogdofarnesio.com.br\/index.php?rest_route=\/wp\/v2\/media\/378286"}],"wp:attachment":[{"href":"https:\/\/blogdofarnesio.com.br\/index.php?rest_route=%2Fwp%2Fv2%2Fmedia&parent=378285"}],"wp:term":[{"taxonomy":"category","embeddable":true,"href":"https:\/\/blogdofarnesio.com.br\/index.php?rest_route=%2Fwp%2Fv2%2Fcategories&post=378285"},{"taxonomy":"post_tag","embeddable":true,"href":"https:\/\/blogdofarnesio.com.br\/index.php?rest_route=%2Fwp%2Fv2%2Ftags&post=378285"}],"curies":[{"name":"wp","href":"https:\/\/api.w.org\/{rel}","templated":true}]}}