{"id":377680,"date":"2024-10-11T09:00:46","date_gmt":"2024-10-11T12:00:46","guid":{"rendered":"https:\/\/blogdofarnesio.com.br\/?p=377680"},"modified":"2024-09-26T09:15:41","modified_gmt":"2024-09-26T12:15:41","slug":"abertas-inscricoes-para-semana-nacional-de-ciencia-e-tecnologia-do-campus-petrolina-zona-rural","status":"publish","type":"post","link":"https:\/\/blogdofarnesio.com.br\/?p=377680","title":{"rendered":"Abertas inscri\u00e7\u00f5es para Semana Nacional de Ci\u00eancia e Tecnologia do campus Petrolina Zona Rural"},"content":{"rendered":"<div class=\"row\">\n<div class=\"col-12 col-md-6\">O campus Petrolina Zona Rural do<strong>\u00a0IFSert\u00e3oPE<\/strong>\u00a0realizar\u00e1, no m\u00eas de outubro, a \u00a0Semana Nacional de Ci\u00eancia e Tecnologia (SNCT), que ter\u00e1 como tema \u201cBiomas do Brasil: Diversidade, Saberes e Tecnologias Sociais\u201d. O evento, incentivado pelo Minist\u00e9rio da Ci\u00eancia, Tecnologia e Informa\u00e7\u00e3o (MCTI), tem como objetivo disseminar a import\u00e2ncia da ci\u00eancia e da tecnologia no pa\u00eds, valorizando a criatividade, estimulando as pr\u00e1ticas transversais e a populariza\u00e7\u00e3o do conhecimento cient\u00edfico na sociedade brasileira.<\/div>\n<\/div>\n<div class=\"post__content\">\n<p>A SNCT acontecer\u00e1 a partir de ter\u00e7a, dia 15 at\u00e9 17 de outubro, com programa\u00e7\u00e3o tamb\u00e9m nos dias 7, 8 e 26\/10, no intuito de proporcionar um espa\u00e7o de reflex\u00e3o e di\u00e1logo, reunindo a comunidade cient\u00edfica, professores, pesquisadores, estudantes, escolas externas e p\u00fablico em geral, atrav\u00e9s de palestras, mesas redondas, minicursos, gincanas, visitas t\u00e9cnicas de escolas externas, apresenta\u00e7\u00f5es orais dos projetos PIBIC, PIBITI e PIBEX, maratona Hackathon e S\u00e1bado Interativo com o tema.<\/p>\n<p>A participa\u00e7\u00e3o \u00e9 gratuita e aberta a toda comunidade. Para as palestras, exposi\u00e7\u00e3o de projetos e mesas-redondas\u00a0n\u00e3o \u00e9 necess\u00e1rio inscri\u00e7\u00e3o.<\/p>\n<p><strong>Para participar da Gincana SNCT 2024, as inscri\u00e7\u00f5es das equipes podem ser feitas at\u00e9 amanh\u00e3, dia 12 de outubro,<\/strong>\u00a0atrav\u00e9s de formul\u00e1rio eletr\u00f4nico (<a href=\"https:\/\/docs.google.com\/forms\/d\/e\/1FAIpQLSeJ5aFSmI8IYJkR-d_LqlQhxvTDTc8949X4YMtafJoi7yGczw\/viewform\">clique aqui<\/a>). Podem participar estudantes matriculados em cursos regulares do campus Petrolina Zona Rural. A finalidade da gincana ser\u00e1 a promo\u00e7\u00e3o da viv\u00eancia de coopera\u00e7\u00e3o, solidariedade, respeito, lideran\u00e7a, capacidade organizacional, fraternidade, perseveran\u00e7a, criatividade em grupo e responsabilidade. Al\u00e9m disso, dever\u00e1 acender nas equipes os aspectos intelectuais, hist\u00f3ricos, culturais, sociais e esportivos, assim como a conscientiza\u00e7\u00e3o a respeito da preserva\u00e7\u00e3o dos biomas brasileiros, em destaque a Caatinga.<\/p>\n<p><strong>J\u00e1 para participar da\u00a0Exposi\u00e7\u00e3o de Fotografias, as inscri\u00e7\u00f5es dever\u00e3o ser realizadas at\u00e9 dia 13 de outubro<\/strong>, atrav\u00e9s do link (<a href=\"https:\/\/docs.google.com\/forms\/d\/e\/1FAIpQLSfxaLJDNzlVVS-p3xsr_RClKdXZRsur2vf5kOmNHGz215ThEQ\/viewform\">clique aqui)<\/a>. A exposi\u00e7\u00e3o de fotografias tem como tema \u201cCaatinga: Olhares para uma riqueza exclusiva\u201d e tem como objetivo promover um olhar sens\u00edvel bioma exclusivamente brasileiro, estimulando uma reflex\u00e3o sobre a rela\u00e7\u00e3o homem e natureza e a necessidade de conserva\u00e7\u00e3o. Al\u00e9m disso, ser\u00e1 um momento de jornada visual atrav\u00e9s das lentes da nossa comunidade acad\u00eamica.<\/p>\n<p>Para os minicursos, as inscri\u00e7\u00f5es foram abertas no dia 03\/10.<\/p>\n<p>J\u00e1 os projetos que ir\u00e3o para Jince dever\u00e3o se inscrever para apresenta\u00e7\u00e3o oral no audit\u00f3rio atrav\u00e9s do link (<a href=\"https:\/\/docs.google.com\/forms\/d\/e\/1FAIpQLSd3pynnQTrhPERZkGXfIJqWUseCi2If4bCTDGKxwoCyMgP3Ng\/viewform\">clique aqui<\/a>).<\/p>\n<\/div>\n","protected":false},"excerpt":{"rendered":"<p>O campus Petrolina Zona Rural do\u00a0IFSert\u00e3oPE\u00a0realizar\u00e1, no m\u00eas de outubro, a \u00a0Semana Nacional de Ci\u00eancia e Tecnologia (SNCT), que ter\u00e1 como tema \u201cBiomas do Brasil: Diversidade, Saberes e Tecnologias Sociais\u201d. O evento, incentivado pelo Minist\u00e9rio da Ci\u00eancia, Tecnologia e Informa\u00e7\u00e3o (MCTI), tem como objetivo disseminar a import\u00e2ncia da ci\u00eancia e da tecnologia no pa\u00eds, valorizando a criatividade, estimulando as pr\u00e1ticas transversais e a populariza\u00e7\u00e3o do conhecimento cient\u00edfico na sociedade brasileira. A SNCT acontecer\u00e1 a partir de ter\u00e7a, dia 15 at\u00e9 17 de outubro, com programa\u00e7\u00e3o tamb\u00e9m nos dias 7, 8 e 26\/10, no intuito de proporcionar um espa\u00e7o de reflex\u00e3o e di\u00e1logo, reunindo a comunidade cient\u00edfica, professores, pesquisadores, estudantes, escolas externas e p\u00fablico em geral, atrav\u00e9s de palestras, mesas redondas,&hellip; <\/p>\n","protected":false},"author":2,"featured_media":377682,"comment_status":"open","ping_status":"open","sticky":false,"template":"","format":"standard","meta":{"_acf_changed":false,"footnotes":""},"categories":[29],"tags":[],"class_list":["post-377680","post","type-post","status-publish","format-standard","has-post-thumbnail","hentry","category-meio-ambiente"],"acf":[],"yoast_head":"<!-- This site is optimized with the Yoast SEO plugin v27.4 - https:\/\/yoast.com\/product\/yoast-seo-wordpress\/ -->\n<title>Abertas inscri\u00e7\u00f5es para Semana Nacional de Ci\u00eancia e Tecnologia do campus Petrolina Zona Rural - Blog do Farn\u00e9sio<\/title>\n<meta name=\"robots\" content=\"index, follow, max-snippet:-1, max-image-preview:large, max-video-preview:-1\" \/>\n<link rel=\"canonical\" href=\"https:\/\/blogdofarnesio.com.br\/?p=377680\" \/>\n<meta property=\"og:locale\" content=\"pt_BR\" \/>\n<meta property=\"og:type\" content=\"article\" \/>\n<meta property=\"og:title\" content=\"Abertas inscri\u00e7\u00f5es para Semana Nacional de Ci\u00eancia e Tecnologia do campus Petrolina Zona Rural - Blog do Farn\u00e9sio\" \/>\n<meta property=\"og:description\" content=\"O campus Petrolina Zona Rural do\u00a0IFSert\u00e3oPE\u00a0realizar\u00e1, no m\u00eas de outubro, a \u00a0Semana Nacional de Ci\u00eancia e Tecnologia (SNCT), que ter\u00e1 como tema \u201cBiomas do Brasil: Diversidade, Saberes e Tecnologias Sociais\u201d. O evento, incentivado pelo Minist\u00e9rio da Ci\u00eancia, Tecnologia e Informa\u00e7\u00e3o (MCTI), tem como objetivo disseminar a import\u00e2ncia da ci\u00eancia e da tecnologia no pa\u00eds, valorizando a criatividade, estimulando as pr\u00e1ticas transversais e a populariza\u00e7\u00e3o do conhecimento cient\u00edfico na sociedade brasileira. A SNCT acontecer\u00e1 a partir de ter\u00e7a, dia 15 at\u00e9 17 de outubro, com programa\u00e7\u00e3o tamb\u00e9m nos dias 7, 8 e 26\/10, no intuito de proporcionar um espa\u00e7o de reflex\u00e3o e di\u00e1logo, reunindo a comunidade cient\u00edfica, professores, pesquisadores, estudantes, escolas externas e p\u00fablico em geral, atrav\u00e9s de palestras, mesas redondas,&hellip;\" \/>\n<meta property=\"og:url\" content=\"https:\/\/blogdofarnesio.com.br\/?p=377680\" \/>\n<meta property=\"og:site_name\" content=\"Blog do Farn\u00e9sio\" \/>\n<meta property=\"article:publisher\" content=\"https:\/\/www.facebook.com\/BlogQuerSaberPolitica\/\" \/>\n<meta property=\"article:author\" content=\"https:\/\/www.facebook.com\/?ref=tn_tnmn\" \/>\n<meta property=\"article:published_time\" content=\"2024-10-11T12:00:46+00:00\" \/>\n<meta property=\"og:image\" content=\"https:\/\/blogdofarnesio.com.br\/wp-content\/uploads\/2024\/09\/blogqspifsertao-rural-semana-ciencia-tecnologia-e1727352597345.jpg\" \/>\n\t<meta property=\"og:image:width\" content=\"524\" \/>\n\t<meta property=\"og:image:height\" content=\"416\" \/>\n\t<meta property=\"og:image:type\" content=\"image\/jpeg\" \/>\n<meta name=\"author\" content=\"Farn\u00e9sio\" \/>\n<meta name=\"twitter:card\" content=\"summary_large_image\" \/>\n<meta name=\"twitter:label1\" content=\"Escrito por\" \/>\n\t<meta name=\"twitter:data1\" content=\"Farn\u00e9sio\" \/>\n\t<meta name=\"twitter:label2\" content=\"Est. tempo de leitura\" \/>\n\t<meta name=\"twitter:data2\" content=\"2 minutos\" \/>\n<script type=\"application\/ld+json\" class=\"yoast-schema-graph\">{\"@context\":\"https:\\\/\\\/schema.org\",\"@graph\":[{\"@type\":\"Article\",\"@id\":\"https:\\\/\\\/blogdofarnesio.com.br\\\/?p=377680#article\",\"isPartOf\":{\"@id\":\"https:\\\/\\\/blogdofarnesio.com.br\\\/?p=377680\"},\"author\":{\"name\":\"Farn\u00e9sio\",\"@id\":\"https:\\\/\\\/blogdofarnesio.com.br\\\/#\\\/schema\\\/person\\\/bb9b23ae3ad0609ce8df7b6c9e76824d\"},\"headline\":\"Abertas inscri\u00e7\u00f5es para Semana Nacional de Ci\u00eancia e Tecnologia do campus Petrolina Zona Rural\",\"datePublished\":\"2024-10-11T12:00:46+00:00\",\"mainEntityOfPage\":{\"@id\":\"https:\\\/\\\/blogdofarnesio.com.br\\\/?p=377680\"},\"wordCount\":425,\"commentCount\":0,\"publisher\":{\"@id\":\"https:\\\/\\\/blogdofarnesio.com.br\\\/#organization\"},\"image\":{\"@id\":\"https:\\\/\\\/blogdofarnesio.com.br\\\/?p=377680#primaryimage\"},\"thumbnailUrl\":\"https:\\\/\\\/blogdofarnesio.com.br\\\/wp-content\\\/uploads\\\/2024\\\/09\\\/blogqspifsertao-rural-semana-ciencia-tecnologia-e1727352597345.jpg\",\"articleSection\":[\"Meio Ambiente\"],\"inLanguage\":\"pt-BR\",\"potentialAction\":[{\"@type\":\"CommentAction\",\"name\":\"Comment\",\"target\":[\"https:\\\/\\\/blogdofarnesio.com.br\\\/?p=377680#respond\"]}]},{\"@type\":\"WebPage\",\"@id\":\"https:\\\/\\\/blogdofarnesio.com.br\\\/?p=377680\",\"url\":\"https:\\\/\\\/blogdofarnesio.com.br\\\/?p=377680\",\"name\":\"Abertas inscri\u00e7\u00f5es para Semana Nacional de Ci\u00eancia e Tecnologia do campus Petrolina Zona Rural - Blog do Farn\u00e9sio\",\"isPartOf\":{\"@id\":\"https:\\\/\\\/blogdofarnesio.com.br\\\/#website\"},\"primaryImageOfPage\":{\"@id\":\"https:\\\/\\\/blogdofarnesio.com.br\\\/?p=377680#primaryimage\"},\"image\":{\"@id\":\"https:\\\/\\\/blogdofarnesio.com.br\\\/?p=377680#primaryimage\"},\"thumbnailUrl\":\"https:\\\/\\\/blogdofarnesio.com.br\\\/wp-content\\\/uploads\\\/2024\\\/09\\\/blogqspifsertao-rural-semana-ciencia-tecnologia-e1727352597345.jpg\",\"datePublished\":\"2024-10-11T12:00:46+00:00\",\"breadcrumb\":{\"@id\":\"https:\\\/\\\/blogdofarnesio.com.br\\\/?p=377680#breadcrumb\"},\"inLanguage\":\"pt-BR\",\"potentialAction\":[{\"@type\":\"ReadAction\",\"target\":[\"https:\\\/\\\/blogdofarnesio.com.br\\\/?p=377680\"]}]},{\"@type\":\"ImageObject\",\"inLanguage\":\"pt-BR\",\"@id\":\"https:\\\/\\\/blogdofarnesio.com.br\\\/?p=377680#primaryimage\",\"url\":\"https:\\\/\\\/blogdofarnesio.com.br\\\/wp-content\\\/uploads\\\/2024\\\/09\\\/blogqspifsertao-rural-semana-ciencia-tecnologia-e1727352597345.jpg\",\"contentUrl\":\"https:\\\/\\\/blogdofarnesio.com.br\\\/wp-content\\\/uploads\\\/2024\\\/09\\\/blogqspifsertao-rural-semana-ciencia-tecnologia-e1727352597345.jpg\",\"width\":524,\"height\":416},{\"@type\":\"BreadcrumbList\",\"@id\":\"https:\\\/\\\/blogdofarnesio.com.br\\\/?p=377680#breadcrumb\",\"itemListElement\":[{\"@type\":\"ListItem\",\"position\":1,\"name\":\"In\u00edcio\",\"item\":\"https:\\\/\\\/blogdofarnesio.com.br\\\/\"},{\"@type\":\"ListItem\",\"position\":2,\"name\":\"Abertas inscri\u00e7\u00f5es para Semana Nacional de Ci\u00eancia e Tecnologia do campus Petrolina Zona Rural\"}]},{\"@type\":\"WebSite\",\"@id\":\"https:\\\/\\\/blogdofarnesio.com.br\\\/#website\",\"url\":\"https:\\\/\\\/blogdofarnesio.com.br\\\/\",\"name\":\"Blog do Farn\u00e9sio\",\"description\":\"Quer Saber Pol\u00edtica?\",\"publisher\":{\"@id\":\"https:\\\/\\\/blogdofarnesio.com.br\\\/#organization\"},\"potentialAction\":[{\"@type\":\"SearchAction\",\"target\":{\"@type\":\"EntryPoint\",\"urlTemplate\":\"https:\\\/\\\/blogdofarnesio.com.br\\\/?s={search_term_string}\"},\"query-input\":{\"@type\":\"PropertyValueSpecification\",\"valueRequired\":true,\"valueName\":\"search_term_string\"}}],\"inLanguage\":\"pt-BR\"},{\"@type\":\"Organization\",\"@id\":\"https:\\\/\\\/blogdofarnesio.com.br\\\/#organization\",\"name\":\"Blog do Farn\u00e9sio\",\"url\":\"https:\\\/\\\/blogdofarnesio.com.br\\\/\",\"logo\":{\"@type\":\"ImageObject\",\"inLanguage\":\"pt-BR\",\"@id\":\"https:\\\/\\\/blogdofarnesio.com.br\\\/#\\\/schema\\\/logo\\\/image\\\/\",\"url\":\"https:\\\/\\\/blogdofarnesio.com.br\\\/wp-content\\\/uploads\\\/2026\\\/03\\\/cropped-logo_new-1.png\",\"contentUrl\":\"https:\\\/\\\/blogdofarnesio.com.br\\\/wp-content\\\/uploads\\\/2026\\\/03\\\/cropped-logo_new-1.png\",\"width\":881,\"height\":685,\"caption\":\"Blog do Farn\u00e9sio\"},\"image\":{\"@id\":\"https:\\\/\\\/blogdofarnesio.com.br\\\/#\\\/schema\\\/logo\\\/image\\\/\"},\"sameAs\":[\"https:\\\/\\\/www.facebook.com\\\/BlogQuerSaberPolitica\\\/\"]},{\"@type\":\"Person\",\"@id\":\"https:\\\/\\\/blogdofarnesio.com.br\\\/#\\\/schema\\\/person\\\/bb9b23ae3ad0609ce8df7b6c9e76824d\",\"name\":\"Farn\u00e9sio\",\"image\":{\"@type\":\"ImageObject\",\"inLanguage\":\"pt-BR\",\"@id\":\"https:\\\/\\\/secure.gravatar.com\\\/avatar\\\/986aa4c61ccdb66f8555bf88fc2a65609d00bcabd4d2d94377a727547345cbca?s=96&d=mm&r=g\",\"url\":\"https:\\\/\\\/secure.gravatar.com\\\/avatar\\\/986aa4c61ccdb66f8555bf88fc2a65609d00bcabd4d2d94377a727547345cbca?s=96&d=mm&r=g\",\"contentUrl\":\"https:\\\/\\\/secure.gravatar.com\\\/avatar\\\/986aa4c61ccdb66f8555bf88fc2a65609d00bcabd4d2d94377a727547345cbca?s=96&d=mm&r=g\",\"caption\":\"Farn\u00e9sio\"},\"description\":\"Radialista blogueiro, chegou a Petrolina\\\/Juazeiro em setembro de 1980, Farn\u00e9sio Silva \u00e9 de Arapiraca-Alagoas.\",\"sameAs\":[\"http:\\\/\\\/blogdofarnesio.com.br\",\"https:\\\/\\\/www.facebook.com\\\/?ref=tn_tnmn\",\"https:\\\/\\\/www.instagram.com\\\/?utm_source=pwa_homescreen\",\"https:\\\/\\\/youtube.com.br\\\/\"],\"url\":\"https:\\\/\\\/blogdofarnesio.com.br\\\/?author=2\"}]}<\/script>\n<!-- \/ Yoast SEO plugin. -->","yoast_head_json":{"title":"Abertas inscri\u00e7\u00f5es para Semana Nacional de Ci\u00eancia e Tecnologia do campus Petrolina Zona Rural - Blog do Farn\u00e9sio","robots":{"index":"index","follow":"follow","max-snippet":"max-snippet:-1","max-image-preview":"max-image-preview:large","max-video-preview":"max-video-preview:-1"},"canonical":"https:\/\/blogdofarnesio.com.br\/?p=377680","og_locale":"pt_BR","og_type":"article","og_title":"Abertas inscri\u00e7\u00f5es para Semana Nacional de Ci\u00eancia e Tecnologia do campus Petrolina Zona Rural - Blog do Farn\u00e9sio","og_description":"O campus Petrolina Zona Rural do\u00a0IFSert\u00e3oPE\u00a0realizar\u00e1, no m\u00eas de outubro, a \u00a0Semana Nacional de Ci\u00eancia e Tecnologia (SNCT), que ter\u00e1 como tema \u201cBiomas do Brasil: Diversidade, Saberes e Tecnologias Sociais\u201d. O evento, incentivado pelo Minist\u00e9rio da Ci\u00eancia, Tecnologia e Informa\u00e7\u00e3o (MCTI), tem como objetivo disseminar a import\u00e2ncia da ci\u00eancia e da tecnologia no pa\u00eds, valorizando a criatividade, estimulando as pr\u00e1ticas transversais e a populariza\u00e7\u00e3o do conhecimento cient\u00edfico na sociedade brasileira. A SNCT acontecer\u00e1 a partir de ter\u00e7a, dia 15 at\u00e9 17 de outubro, com programa\u00e7\u00e3o tamb\u00e9m nos dias 7, 8 e 26\/10, no intuito de proporcionar um espa\u00e7o de reflex\u00e3o e di\u00e1logo, reunindo a comunidade cient\u00edfica, professores, pesquisadores, estudantes, escolas externas e p\u00fablico em geral, atrav\u00e9s de palestras, mesas redondas,&hellip;","og_url":"https:\/\/blogdofarnesio.com.br\/?p=377680","og_site_name":"Blog do Farn\u00e9sio","article_publisher":"https:\/\/www.facebook.com\/BlogQuerSaberPolitica\/","article_author":"https:\/\/www.facebook.com\/?ref=tn_tnmn","article_published_time":"2024-10-11T12:00:46+00:00","og_image":[{"width":524,"height":416,"url":"https:\/\/blogdofarnesio.com.br\/wp-content\/uploads\/2024\/09\/blogqspifsertao-rural-semana-ciencia-tecnologia-e1727352597345.jpg","type":"image\/jpeg"}],"author":"Farn\u00e9sio","twitter_card":"summary_large_image","twitter_misc":{"Escrito por":"Farn\u00e9sio","Est. tempo de leitura":"2 minutos"},"schema":{"@context":"https:\/\/schema.org","@graph":[{"@type":"Article","@id":"https:\/\/blogdofarnesio.com.br\/?p=377680#article","isPartOf":{"@id":"https:\/\/blogdofarnesio.com.br\/?p=377680"},"author":{"name":"Farn\u00e9sio","@id":"https:\/\/blogdofarnesio.com.br\/#\/schema\/person\/bb9b23ae3ad0609ce8df7b6c9e76824d"},"headline":"Abertas inscri\u00e7\u00f5es para Semana Nacional de Ci\u00eancia e Tecnologia do campus Petrolina Zona Rural","datePublished":"2024-10-11T12:00:46+00:00","mainEntityOfPage":{"@id":"https:\/\/blogdofarnesio.com.br\/?p=377680"},"wordCount":425,"commentCount":0,"publisher":{"@id":"https:\/\/blogdofarnesio.com.br\/#organization"},"image":{"@id":"https:\/\/blogdofarnesio.com.br\/?p=377680#primaryimage"},"thumbnailUrl":"https:\/\/blogdofarnesio.com.br\/wp-content\/uploads\/2024\/09\/blogqspifsertao-rural-semana-ciencia-tecnologia-e1727352597345.jpg","articleSection":["Meio Ambiente"],"inLanguage":"pt-BR","potentialAction":[{"@type":"CommentAction","name":"Comment","target":["https:\/\/blogdofarnesio.com.br\/?p=377680#respond"]}]},{"@type":"WebPage","@id":"https:\/\/blogdofarnesio.com.br\/?p=377680","url":"https:\/\/blogdofarnesio.com.br\/?p=377680","name":"Abertas inscri\u00e7\u00f5es para Semana Nacional de Ci\u00eancia e Tecnologia do campus Petrolina Zona Rural - Blog do Farn\u00e9sio","isPartOf":{"@id":"https:\/\/blogdofarnesio.com.br\/#website"},"primaryImageOfPage":{"@id":"https:\/\/blogdofarnesio.com.br\/?p=377680#primaryimage"},"image":{"@id":"https:\/\/blogdofarnesio.com.br\/?p=377680#primaryimage"},"thumbnailUrl":"https:\/\/blogdofarnesio.com.br\/wp-content\/uploads\/2024\/09\/blogqspifsertao-rural-semana-ciencia-tecnologia-e1727352597345.jpg","datePublished":"2024-10-11T12:00:46+00:00","breadcrumb":{"@id":"https:\/\/blogdofarnesio.com.br\/?p=377680#breadcrumb"},"inLanguage":"pt-BR","potentialAction":[{"@type":"ReadAction","target":["https:\/\/blogdofarnesio.com.br\/?p=377680"]}]},{"@type":"ImageObject","inLanguage":"pt-BR","@id":"https:\/\/blogdofarnesio.com.br\/?p=377680#primaryimage","url":"https:\/\/blogdofarnesio.com.br\/wp-content\/uploads\/2024\/09\/blogqspifsertao-rural-semana-ciencia-tecnologia-e1727352597345.jpg","contentUrl":"https:\/\/blogdofarnesio.com.br\/wp-content\/uploads\/2024\/09\/blogqspifsertao-rural-semana-ciencia-tecnologia-e1727352597345.jpg","width":524,"height":416},{"@type":"BreadcrumbList","@id":"https:\/\/blogdofarnesio.com.br\/?p=377680#breadcrumb","itemListElement":[{"@type":"ListItem","position":1,"name":"In\u00edcio","item":"https:\/\/blogdofarnesio.com.br\/"},{"@type":"ListItem","position":2,"name":"Abertas inscri\u00e7\u00f5es para Semana Nacional de Ci\u00eancia e Tecnologia do campus Petrolina Zona Rural"}]},{"@type":"WebSite","@id":"https:\/\/blogdofarnesio.com.br\/#website","url":"https:\/\/blogdofarnesio.com.br\/","name":"Blog do Farn\u00e9sio","description":"Quer Saber Pol\u00edtica?","publisher":{"@id":"https:\/\/blogdofarnesio.com.br\/#organization"},"potentialAction":[{"@type":"SearchAction","target":{"@type":"EntryPoint","urlTemplate":"https:\/\/blogdofarnesio.com.br\/?s={search_term_string}"},"query-input":{"@type":"PropertyValueSpecification","valueRequired":true,"valueName":"search_term_string"}}],"inLanguage":"pt-BR"},{"@type":"Organization","@id":"https:\/\/blogdofarnesio.com.br\/#organization","name":"Blog do Farn\u00e9sio","url":"https:\/\/blogdofarnesio.com.br\/","logo":{"@type":"ImageObject","inLanguage":"pt-BR","@id":"https:\/\/blogdofarnesio.com.br\/#\/schema\/logo\/image\/","url":"https:\/\/blogdofarnesio.com.br\/wp-content\/uploads\/2026\/03\/cropped-logo_new-1.png","contentUrl":"https:\/\/blogdofarnesio.com.br\/wp-content\/uploads\/2026\/03\/cropped-logo_new-1.png","width":881,"height":685,"caption":"Blog do Farn\u00e9sio"},"image":{"@id":"https:\/\/blogdofarnesio.com.br\/#\/schema\/logo\/image\/"},"sameAs":["https:\/\/www.facebook.com\/BlogQuerSaberPolitica\/"]},{"@type":"Person","@id":"https:\/\/blogdofarnesio.com.br\/#\/schema\/person\/bb9b23ae3ad0609ce8df7b6c9e76824d","name":"Farn\u00e9sio","image":{"@type":"ImageObject","inLanguage":"pt-BR","@id":"https:\/\/secure.gravatar.com\/avatar\/986aa4c61ccdb66f8555bf88fc2a65609d00bcabd4d2d94377a727547345cbca?s=96&d=mm&r=g","url":"https:\/\/secure.gravatar.com\/avatar\/986aa4c61ccdb66f8555bf88fc2a65609d00bcabd4d2d94377a727547345cbca?s=96&d=mm&r=g","contentUrl":"https:\/\/secure.gravatar.com\/avatar\/986aa4c61ccdb66f8555bf88fc2a65609d00bcabd4d2d94377a727547345cbca?s=96&d=mm&r=g","caption":"Farn\u00e9sio"},"description":"Radialista blogueiro, chegou a Petrolina\/Juazeiro em setembro de 1980, Farn\u00e9sio Silva \u00e9 de Arapiraca-Alagoas.","sameAs":["http:\/\/blogdofarnesio.com.br","https:\/\/www.facebook.com\/?ref=tn_tnmn","https:\/\/www.instagram.com\/?utm_source=pwa_homescreen","https:\/\/youtube.com.br\/"],"url":"https:\/\/blogdofarnesio.com.br\/?author=2"}]}},"_links":{"self":[{"href":"https:\/\/blogdofarnesio.com.br\/index.php?rest_route=\/wp\/v2\/posts\/377680","targetHints":{"allow":["GET"]}}],"collection":[{"href":"https:\/\/blogdofarnesio.com.br\/index.php?rest_route=\/wp\/v2\/posts"}],"about":[{"href":"https:\/\/blogdofarnesio.com.br\/index.php?rest_route=\/wp\/v2\/types\/post"}],"author":[{"embeddable":true,"href":"https:\/\/blogdofarnesio.com.br\/index.php?rest_route=\/wp\/v2\/users\/2"}],"replies":[{"embeddable":true,"href":"https:\/\/blogdofarnesio.com.br\/index.php?rest_route=%2Fwp%2Fv2%2Fcomments&post=377680"}],"version-history":[{"count":0,"href":"https:\/\/blogdofarnesio.com.br\/index.php?rest_route=\/wp\/v2\/posts\/377680\/revisions"}],"wp:featuredmedia":[{"embeddable":true,"href":"https:\/\/blogdofarnesio.com.br\/index.php?rest_route=\/wp\/v2\/media\/377682"}],"wp:attachment":[{"href":"https:\/\/blogdofarnesio.com.br\/index.php?rest_route=%2Fwp%2Fv2%2Fmedia&parent=377680"}],"wp:term":[{"taxonomy":"category","embeddable":true,"href":"https:\/\/blogdofarnesio.com.br\/index.php?rest_route=%2Fwp%2Fv2%2Fcategories&post=377680"},{"taxonomy":"post_tag","embeddable":true,"href":"https:\/\/blogdofarnesio.com.br\/index.php?rest_route=%2Fwp%2Fv2%2Ftags&post=377680"}],"curies":[{"name":"wp","href":"https:\/\/api.w.org\/{rel}","templated":true}]}}