{"id":37645,"date":"2013-04-25T10:00:20","date_gmt":"2013-04-25T13:00:20","guid":{"rendered":"http:\/\/www.quersaberpolitica.com.br\/?p=37645"},"modified":"2013-04-25T08:59:50","modified_gmt":"2013-04-25T11:59:50","slug":"policiais-civis-prendem-em-flagrante-acusado-de-furtar-agua-do-projeto-de-irrigacao-senador-nilo-coelho","status":"publish","type":"post","link":"https:\/\/blogdofarnesio.com.br\/?p=37645","title":{"rendered":"POLICIAIS CIVIS PRENDEM EM FLAGRANTE ACUSADO DE FURTAR \u00c1GUA DO PROJETO DE IRRIGA\u00c7\u00c3O SENADOR NILO COELHO"},"content":{"rendered":"<p style=\"text-align: justify\"><a href=\"http:\/\/www.quersaberpolitica.com.br\/2016\/wp-content\/uploads\/2013\/04\/blogqp.cano_.jpg\"><img loading=\"lazy\" decoding=\"async\" class=\"alignleft size-medium wp-image-37650\" alt=\"blogqp.cano\" src=\"http:\/\/www.quersaberpolitica.com.br\/2016\/wp-content\/uploads\/2013\/04\/blogqp.cano_-300x200.jpg\" width=\"300\" height=\"200\" srcset=\"https:\/\/blogdofarnesio.com.br\/wp-content\/uploads\/2013\/04\/blogqp.cano_-300x200.jpg 300w, https:\/\/blogdofarnesio.com.br\/wp-content\/uploads\/2013\/04\/blogqp.cano_-449x300.jpg 449w, https:\/\/blogdofarnesio.com.br\/wp-content\/uploads\/2013\/04\/blogqp.cano_.jpg 640w\" sizes=\"auto, (max-width: 300px) 100vw, 300px\" \/><\/a>Policiais civis de Petrolina ap\u00f3s denuncia repassada pelo encarregado patrimonial do Distrito de Irriga\u00e7\u00e3o Nilo Coelho, localizaram e prenderam em flagrante na tarde desta quarta-feira (24), o agricultor Sebasti\u00e3o Jos\u00e9 dos Santos de 53 anos acusado de furtar \u00e1gua.<\/p>\n<p style=\"text-align: justify\">O acusado foi preso no assentamento Bonan\u00e7a, onde os policiais localizaram bombas, canos e barreiros que foram constru\u00eddos para armazenar a \u00e1gua estava sendo desviada.<\/p>\n<p style=\"text-align: justify\">Os objetos encontrados foram apreendidos e levados para o dep\u00f3sito da pol\u00edcia civil, j\u00e1 o acusado, Sebasti\u00e3o Jos\u00e9 dos Santos, foi conduzido \u00e0 delegacia para prestar esclarecimentos, sendo arbitrada pela autoridade policial fian\u00e7a no valor de um sal\u00e1rio m\u00ednimo. Participaram ainda da a\u00e7\u00e3o policiais militares do 5\u00ba BPM.<\/p>\n","protected":false},"excerpt":{"rendered":"<p>Policiais civis de Petrolina ap\u00f3s denuncia repassada pelo encarregado patrimonial do Distrito de Irriga\u00e7\u00e3o Nilo Coelho, localizaram e prenderam em flagrante na tarde desta quarta-feira (24), o agricultor Sebasti\u00e3o Jos\u00e9 dos Santos de 53 anos acusado de furtar \u00e1gua. O acusado foi preso no assentamento Bonan\u00e7a, onde os policiais localizaram bombas, canos e barreiros que foram constru\u00eddos para armazenar a \u00e1gua estava sendo desviada. Os objetos encontrados foram apreendidos e levados para o dep\u00f3sito da pol\u00edcia civil, j\u00e1 o acusado, Sebasti\u00e3o Jos\u00e9 dos Santos, foi conduzido \u00e0 delegacia para prestar esclarecimentos, sendo arbitrada pela autoridade policial fian\u00e7a no valor de um sal\u00e1rio m\u00ednimo. Participaram ainda da a\u00e7\u00e3o policiais militares do 5\u00ba BPM.<\/p>\n","protected":false},"author":3,"featured_media":0,"comment_status":"open","ping_status":"open","sticky":false,"template":"","format":"standard","meta":{"_acf_changed":false,"footnotes":""},"categories":[9],"tags":[],"class_list":["post-37645","post","type-post","status-publish","format-standard","hentry","category-policia"],"acf":[],"yoast_head":"<!-- This site is optimized with the Yoast SEO plugin v27.4 - https:\/\/yoast.com\/product\/yoast-seo-wordpress\/ -->\n<title>POLICIAIS CIVIS PRENDEM EM FLAGRANTE ACUSADO DE FURTAR \u00c1GUA DO PROJETO DE IRRIGA\u00c7\u00c3O SENADOR NILO COELHO  - Blog do Farn\u00e9sio<\/title>\n<meta name=\"robots\" content=\"index, follow, max-snippet:-1, max-image-preview:large, max-video-preview:-1\" \/>\n<link rel=\"canonical\" href=\"https:\/\/blogdofarnesio.com.br\/?p=37645\" \/>\n<meta property=\"og:locale\" content=\"pt_BR\" \/>\n<meta property=\"og:type\" content=\"article\" \/>\n<meta property=\"og:title\" content=\"POLICIAIS CIVIS PRENDEM EM FLAGRANTE ACUSADO DE FURTAR \u00c1GUA DO PROJETO DE IRRIGA\u00c7\u00c3O SENADOR NILO COELHO  - Blog do Farn\u00e9sio\" \/>\n<meta property=\"og:description\" content=\"Policiais civis de Petrolina ap\u00f3s denuncia repassada pelo encarregado patrimonial do Distrito de Irriga\u00e7\u00e3o Nilo Coelho, localizaram e prenderam em flagrante na tarde desta quarta-feira (24), o agricultor Sebasti\u00e3o Jos\u00e9 dos Santos de 53 anos acusado de furtar \u00e1gua. O acusado foi preso no assentamento Bonan\u00e7a, onde os policiais localizaram bombas, canos e barreiros que foram constru\u00eddos para armazenar a \u00e1gua estava sendo desviada. Os objetos encontrados foram apreendidos e levados para o dep\u00f3sito da pol\u00edcia civil, j\u00e1 o acusado, Sebasti\u00e3o Jos\u00e9 dos Santos, foi conduzido \u00e0 delegacia para prestar esclarecimentos, sendo arbitrada pela autoridade policial fian\u00e7a no valor de um sal\u00e1rio m\u00ednimo. Participaram ainda da a\u00e7\u00e3o policiais militares do 5\u00ba BPM.\" \/>\n<meta property=\"og:url\" content=\"https:\/\/blogdofarnesio.com.br\/?p=37645\" \/>\n<meta property=\"og:site_name\" content=\"Blog do Farn\u00e9sio\" \/>\n<meta property=\"article:publisher\" content=\"https:\/\/www.facebook.com\/BlogQuerSaberPolitica\/\" \/>\n<meta property=\"article:published_time\" content=\"2013-04-25T13:00:20+00:00\" \/>\n<meta property=\"og:image\" content=\"http:\/\/www.quersaberpolitica.com.br\/2016\/wp-content\/uploads\/2013\/04\/blogqp.cano_-300x200.jpg\" \/>\n<meta name=\"author\" content=\"teste\" \/>\n<meta name=\"twitter:card\" content=\"summary_large_image\" \/>\n<meta name=\"twitter:label1\" content=\"Escrito por\" \/>\n\t<meta name=\"twitter:data1\" content=\"teste\" \/>\n\t<meta name=\"twitter:label2\" content=\"Est. tempo de leitura\" \/>\n\t<meta name=\"twitter:data2\" content=\"1 minuto\" \/>\n<script type=\"application\/ld+json\" class=\"yoast-schema-graph\">{\"@context\":\"https:\\\/\\\/schema.org\",\"@graph\":[{\"@type\":\"Article\",\"@id\":\"https:\\\/\\\/blogdofarnesio.com.br\\\/?p=37645#article\",\"isPartOf\":{\"@id\":\"https:\\\/\\\/blogdofarnesio.com.br\\\/?p=37645\"},\"author\":{\"name\":\"teste\",\"@id\":\"https:\\\/\\\/blogdofarnesio.com.br\\\/#\\\/schema\\\/person\\\/dd1bf5eba40b687199ba45ca6b97dff9\"},\"headline\":\"POLICIAIS CIVIS PRENDEM EM FLAGRANTE ACUSADO DE FURTAR \u00c1GUA DO PROJETO DE IRRIGA\u00c7\u00c3O SENADOR NILO COELHO\",\"datePublished\":\"2013-04-25T13:00:20+00:00\",\"mainEntityOfPage\":{\"@id\":\"https:\\\/\\\/blogdofarnesio.com.br\\\/?p=37645\"},\"wordCount\":137,\"commentCount\":0,\"publisher\":{\"@id\":\"https:\\\/\\\/blogdofarnesio.com.br\\\/#organization\"},\"image\":{\"@id\":\"https:\\\/\\\/blogdofarnesio.com.br\\\/?p=37645#primaryimage\"},\"thumbnailUrl\":\"http:\\\/\\\/www.quersaberpolitica.com.br\\\/2016\\\/wp-content\\\/uploads\\\/2013\\\/04\\\/blogqp.cano_-300x200.jpg\",\"articleSection\":[\"Pol\u00edcia\"],\"inLanguage\":\"pt-BR\",\"potentialAction\":[{\"@type\":\"CommentAction\",\"name\":\"Comment\",\"target\":[\"https:\\\/\\\/blogdofarnesio.com.br\\\/?p=37645#respond\"]}]},{\"@type\":\"WebPage\",\"@id\":\"https:\\\/\\\/blogdofarnesio.com.br\\\/?p=37645\",\"url\":\"https:\\\/\\\/blogdofarnesio.com.br\\\/?p=37645\",\"name\":\"POLICIAIS CIVIS PRENDEM EM FLAGRANTE ACUSADO DE FURTAR \u00c1GUA DO PROJETO DE IRRIGA\u00c7\u00c3O SENADOR NILO COELHO - Blog do Farn\u00e9sio\",\"isPartOf\":{\"@id\":\"https:\\\/\\\/blogdofarnesio.com.br\\\/#website\"},\"primaryImageOfPage\":{\"@id\":\"https:\\\/\\\/blogdofarnesio.com.br\\\/?p=37645#primaryimage\"},\"image\":{\"@id\":\"https:\\\/\\\/blogdofarnesio.com.br\\\/?p=37645#primaryimage\"},\"thumbnailUrl\":\"http:\\\/\\\/www.quersaberpolitica.com.br\\\/2016\\\/wp-content\\\/uploads\\\/2013\\\/04\\\/blogqp.cano_-300x200.jpg\",\"datePublished\":\"2013-04-25T13:00:20+00:00\",\"breadcrumb\":{\"@id\":\"https:\\\/\\\/blogdofarnesio.com.br\\\/?p=37645#breadcrumb\"},\"inLanguage\":\"pt-BR\",\"potentialAction\":[{\"@type\":\"ReadAction\",\"target\":[\"https:\\\/\\\/blogdofarnesio.com.br\\\/?p=37645\"]}]},{\"@type\":\"ImageObject\",\"inLanguage\":\"pt-BR\",\"@id\":\"https:\\\/\\\/blogdofarnesio.com.br\\\/?p=37645#primaryimage\",\"url\":\"http:\\\/\\\/www.quersaberpolitica.com.br\\\/2016\\\/wp-content\\\/uploads\\\/2013\\\/04\\\/blogqp.cano_-300x200.jpg\",\"contentUrl\":\"http:\\\/\\\/www.quersaberpolitica.com.br\\\/2016\\\/wp-content\\\/uploads\\\/2013\\\/04\\\/blogqp.cano_-300x200.jpg\"},{\"@type\":\"BreadcrumbList\",\"@id\":\"https:\\\/\\\/blogdofarnesio.com.br\\\/?p=37645#breadcrumb\",\"itemListElement\":[{\"@type\":\"ListItem\",\"position\":1,\"name\":\"In\u00edcio\",\"item\":\"https:\\\/\\\/blogdofarnesio.com.br\\\/\"},{\"@type\":\"ListItem\",\"position\":2,\"name\":\"POLICIAIS CIVIS PRENDEM EM FLAGRANTE ACUSADO DE FURTAR \u00c1GUA DO PROJETO DE IRRIGA\u00c7\u00c3O SENADOR NILO COELHO\"}]},{\"@type\":\"WebSite\",\"@id\":\"https:\\\/\\\/blogdofarnesio.com.br\\\/#website\",\"url\":\"https:\\\/\\\/blogdofarnesio.com.br\\\/\",\"name\":\"Blog do Farn\u00e9sio\",\"description\":\"Quer Saber Pol\u00edtica?\",\"publisher\":{\"@id\":\"https:\\\/\\\/blogdofarnesio.com.br\\\/#organization\"},\"potentialAction\":[{\"@type\":\"SearchAction\",\"target\":{\"@type\":\"EntryPoint\",\"urlTemplate\":\"https:\\\/\\\/blogdofarnesio.com.br\\\/?s={search_term_string}\"},\"query-input\":{\"@type\":\"PropertyValueSpecification\",\"valueRequired\":true,\"valueName\":\"search_term_string\"}}],\"inLanguage\":\"pt-BR\"},{\"@type\":\"Organization\",\"@id\":\"https:\\\/\\\/blogdofarnesio.com.br\\\/#organization\",\"name\":\"Blog do Farn\u00e9sio\",\"url\":\"https:\\\/\\\/blogdofarnesio.com.br\\\/\",\"logo\":{\"@type\":\"ImageObject\",\"inLanguage\":\"pt-BR\",\"@id\":\"https:\\\/\\\/blogdofarnesio.com.br\\\/#\\\/schema\\\/logo\\\/image\\\/\",\"url\":\"https:\\\/\\\/blogdofarnesio.com.br\\\/wp-content\\\/uploads\\\/2026\\\/03\\\/cropped-logo_new-1.png\",\"contentUrl\":\"https:\\\/\\\/blogdofarnesio.com.br\\\/wp-content\\\/uploads\\\/2026\\\/03\\\/cropped-logo_new-1.png\",\"width\":881,\"height\":685,\"caption\":\"Blog do Farn\u00e9sio\"},\"image\":{\"@id\":\"https:\\\/\\\/blogdofarnesio.com.br\\\/#\\\/schema\\\/logo\\\/image\\\/\"},\"sameAs\":[\"https:\\\/\\\/www.facebook.com\\\/BlogQuerSaberPolitica\\\/\"]},{\"@type\":\"Person\",\"@id\":\"https:\\\/\\\/blogdofarnesio.com.br\\\/#\\\/schema\\\/person\\\/dd1bf5eba40b687199ba45ca6b97dff9\",\"name\":\"teste\",\"image\":{\"@type\":\"ImageObject\",\"inLanguage\":\"pt-BR\",\"@id\":\"https:\\\/\\\/secure.gravatar.com\\\/avatar\\\/2172498d4914b51e1d89a0f97957b035ac4938723a5cac208135d389b6972a6d?s=96&d=mm&r=g\",\"url\":\"https:\\\/\\\/secure.gravatar.com\\\/avatar\\\/2172498d4914b51e1d89a0f97957b035ac4938723a5cac208135d389b6972a6d?s=96&d=mm&r=g\",\"contentUrl\":\"https:\\\/\\\/secure.gravatar.com\\\/avatar\\\/2172498d4914b51e1d89a0f97957b035ac4938723a5cac208135d389b6972a6d?s=96&d=mm&r=g\",\"caption\":\"teste\"},\"url\":\"https:\\\/\\\/blogdofarnesio.com.br\\\/?author=3\"}]}<\/script>\n<!-- \/ Yoast SEO plugin. -->","yoast_head_json":{"title":"POLICIAIS CIVIS PRENDEM EM FLAGRANTE ACUSADO DE FURTAR \u00c1GUA DO PROJETO DE IRRIGA\u00c7\u00c3O SENADOR NILO COELHO  - Blog do Farn\u00e9sio","robots":{"index":"index","follow":"follow","max-snippet":"max-snippet:-1","max-image-preview":"max-image-preview:large","max-video-preview":"max-video-preview:-1"},"canonical":"https:\/\/blogdofarnesio.com.br\/?p=37645","og_locale":"pt_BR","og_type":"article","og_title":"POLICIAIS CIVIS PRENDEM EM FLAGRANTE ACUSADO DE FURTAR \u00c1GUA DO PROJETO DE IRRIGA\u00c7\u00c3O SENADOR NILO COELHO  - Blog do Farn\u00e9sio","og_description":"Policiais civis de Petrolina ap\u00f3s denuncia repassada pelo encarregado patrimonial do Distrito de Irriga\u00e7\u00e3o Nilo Coelho, localizaram e prenderam em flagrante na tarde desta quarta-feira (24), o agricultor Sebasti\u00e3o Jos\u00e9 dos Santos de 53 anos acusado de furtar \u00e1gua. O acusado foi preso no assentamento Bonan\u00e7a, onde os policiais localizaram bombas, canos e barreiros que foram constru\u00eddos para armazenar a \u00e1gua estava sendo desviada. Os objetos encontrados foram apreendidos e levados para o dep\u00f3sito da pol\u00edcia civil, j\u00e1 o acusado, Sebasti\u00e3o Jos\u00e9 dos Santos, foi conduzido \u00e0 delegacia para prestar esclarecimentos, sendo arbitrada pela autoridade policial fian\u00e7a no valor de um sal\u00e1rio m\u00ednimo. Participaram ainda da a\u00e7\u00e3o policiais militares do 5\u00ba BPM.","og_url":"https:\/\/blogdofarnesio.com.br\/?p=37645","og_site_name":"Blog do Farn\u00e9sio","article_publisher":"https:\/\/www.facebook.com\/BlogQuerSaberPolitica\/","article_published_time":"2013-04-25T13:00:20+00:00","og_image":[{"url":"http:\/\/www.quersaberpolitica.com.br\/2016\/wp-content\/uploads\/2013\/04\/blogqp.cano_-300x200.jpg","type":"","width":"","height":""}],"author":"teste","twitter_card":"summary_large_image","twitter_misc":{"Escrito por":"teste","Est. tempo de leitura":"1 minuto"},"schema":{"@context":"https:\/\/schema.org","@graph":[{"@type":"Article","@id":"https:\/\/blogdofarnesio.com.br\/?p=37645#article","isPartOf":{"@id":"https:\/\/blogdofarnesio.com.br\/?p=37645"},"author":{"name":"teste","@id":"https:\/\/blogdofarnesio.com.br\/#\/schema\/person\/dd1bf5eba40b687199ba45ca6b97dff9"},"headline":"POLICIAIS CIVIS PRENDEM EM FLAGRANTE ACUSADO DE FURTAR \u00c1GUA DO PROJETO DE IRRIGA\u00c7\u00c3O SENADOR NILO COELHO","datePublished":"2013-04-25T13:00:20+00:00","mainEntityOfPage":{"@id":"https:\/\/blogdofarnesio.com.br\/?p=37645"},"wordCount":137,"commentCount":0,"publisher":{"@id":"https:\/\/blogdofarnesio.com.br\/#organization"},"image":{"@id":"https:\/\/blogdofarnesio.com.br\/?p=37645#primaryimage"},"thumbnailUrl":"http:\/\/www.quersaberpolitica.com.br\/2016\/wp-content\/uploads\/2013\/04\/blogqp.cano_-300x200.jpg","articleSection":["Pol\u00edcia"],"inLanguage":"pt-BR","potentialAction":[{"@type":"CommentAction","name":"Comment","target":["https:\/\/blogdofarnesio.com.br\/?p=37645#respond"]}]},{"@type":"WebPage","@id":"https:\/\/blogdofarnesio.com.br\/?p=37645","url":"https:\/\/blogdofarnesio.com.br\/?p=37645","name":"POLICIAIS CIVIS PRENDEM EM FLAGRANTE ACUSADO DE FURTAR \u00c1GUA DO PROJETO DE IRRIGA\u00c7\u00c3O SENADOR NILO COELHO - Blog do Farn\u00e9sio","isPartOf":{"@id":"https:\/\/blogdofarnesio.com.br\/#website"},"primaryImageOfPage":{"@id":"https:\/\/blogdofarnesio.com.br\/?p=37645#primaryimage"},"image":{"@id":"https:\/\/blogdofarnesio.com.br\/?p=37645#primaryimage"},"thumbnailUrl":"http:\/\/www.quersaberpolitica.com.br\/2016\/wp-content\/uploads\/2013\/04\/blogqp.cano_-300x200.jpg","datePublished":"2013-04-25T13:00:20+00:00","breadcrumb":{"@id":"https:\/\/blogdofarnesio.com.br\/?p=37645#breadcrumb"},"inLanguage":"pt-BR","potentialAction":[{"@type":"ReadAction","target":["https:\/\/blogdofarnesio.com.br\/?p=37645"]}]},{"@type":"ImageObject","inLanguage":"pt-BR","@id":"https:\/\/blogdofarnesio.com.br\/?p=37645#primaryimage","url":"http:\/\/www.quersaberpolitica.com.br\/2016\/wp-content\/uploads\/2013\/04\/blogqp.cano_-300x200.jpg","contentUrl":"http:\/\/www.quersaberpolitica.com.br\/2016\/wp-content\/uploads\/2013\/04\/blogqp.cano_-300x200.jpg"},{"@type":"BreadcrumbList","@id":"https:\/\/blogdofarnesio.com.br\/?p=37645#breadcrumb","itemListElement":[{"@type":"ListItem","position":1,"name":"In\u00edcio","item":"https:\/\/blogdofarnesio.com.br\/"},{"@type":"ListItem","position":2,"name":"POLICIAIS CIVIS PRENDEM EM FLAGRANTE ACUSADO DE FURTAR \u00c1GUA DO PROJETO DE IRRIGA\u00c7\u00c3O SENADOR NILO COELHO"}]},{"@type":"WebSite","@id":"https:\/\/blogdofarnesio.com.br\/#website","url":"https:\/\/blogdofarnesio.com.br\/","name":"Blog do Farn\u00e9sio","description":"Quer Saber Pol\u00edtica?","publisher":{"@id":"https:\/\/blogdofarnesio.com.br\/#organization"},"potentialAction":[{"@type":"SearchAction","target":{"@type":"EntryPoint","urlTemplate":"https:\/\/blogdofarnesio.com.br\/?s={search_term_string}"},"query-input":{"@type":"PropertyValueSpecification","valueRequired":true,"valueName":"search_term_string"}}],"inLanguage":"pt-BR"},{"@type":"Organization","@id":"https:\/\/blogdofarnesio.com.br\/#organization","name":"Blog do Farn\u00e9sio","url":"https:\/\/blogdofarnesio.com.br\/","logo":{"@type":"ImageObject","inLanguage":"pt-BR","@id":"https:\/\/blogdofarnesio.com.br\/#\/schema\/logo\/image\/","url":"https:\/\/blogdofarnesio.com.br\/wp-content\/uploads\/2026\/03\/cropped-logo_new-1.png","contentUrl":"https:\/\/blogdofarnesio.com.br\/wp-content\/uploads\/2026\/03\/cropped-logo_new-1.png","width":881,"height":685,"caption":"Blog do Farn\u00e9sio"},"image":{"@id":"https:\/\/blogdofarnesio.com.br\/#\/schema\/logo\/image\/"},"sameAs":["https:\/\/www.facebook.com\/BlogQuerSaberPolitica\/"]},{"@type":"Person","@id":"https:\/\/blogdofarnesio.com.br\/#\/schema\/person\/dd1bf5eba40b687199ba45ca6b97dff9","name":"teste","image":{"@type":"ImageObject","inLanguage":"pt-BR","@id":"https:\/\/secure.gravatar.com\/avatar\/2172498d4914b51e1d89a0f97957b035ac4938723a5cac208135d389b6972a6d?s=96&d=mm&r=g","url":"https:\/\/secure.gravatar.com\/avatar\/2172498d4914b51e1d89a0f97957b035ac4938723a5cac208135d389b6972a6d?s=96&d=mm&r=g","contentUrl":"https:\/\/secure.gravatar.com\/avatar\/2172498d4914b51e1d89a0f97957b035ac4938723a5cac208135d389b6972a6d?s=96&d=mm&r=g","caption":"teste"},"url":"https:\/\/blogdofarnesio.com.br\/?author=3"}]}},"_links":{"self":[{"href":"https:\/\/blogdofarnesio.com.br\/index.php?rest_route=\/wp\/v2\/posts\/37645","targetHints":{"allow":["GET"]}}],"collection":[{"href":"https:\/\/blogdofarnesio.com.br\/index.php?rest_route=\/wp\/v2\/posts"}],"about":[{"href":"https:\/\/blogdofarnesio.com.br\/index.php?rest_route=\/wp\/v2\/types\/post"}],"author":[{"embeddable":true,"href":"https:\/\/blogdofarnesio.com.br\/index.php?rest_route=\/wp\/v2\/users\/3"}],"replies":[{"embeddable":true,"href":"https:\/\/blogdofarnesio.com.br\/index.php?rest_route=%2Fwp%2Fv2%2Fcomments&post=37645"}],"version-history":[{"count":0,"href":"https:\/\/blogdofarnesio.com.br\/index.php?rest_route=\/wp\/v2\/posts\/37645\/revisions"}],"wp:attachment":[{"href":"https:\/\/blogdofarnesio.com.br\/index.php?rest_route=%2Fwp%2Fv2%2Fmedia&parent=37645"}],"wp:term":[{"taxonomy":"category","embeddable":true,"href":"https:\/\/blogdofarnesio.com.br\/index.php?rest_route=%2Fwp%2Fv2%2Fcategories&post=37645"},{"taxonomy":"post_tag","embeddable":true,"href":"https:\/\/blogdofarnesio.com.br\/index.php?rest_route=%2Fwp%2Fv2%2Ftags&post=37645"}],"curies":[{"name":"wp","href":"https:\/\/api.w.org\/{rel}","templated":true}]}}