{"id":376277,"date":"2024-09-04T08:30:25","date_gmt":"2024-09-04T11:30:25","guid":{"rendered":"https:\/\/blogdofarnesio.com.br\/?p=376277"},"modified":"2024-09-03T18:05:13","modified_gmt":"2024-09-03T21:05:13","slug":"5a-corrida-do-vinho-reune-corredores-de-15-estados-do-brasil-para-uma-experiencia-unica-entre-os-parreirais-da-vinicola-rio-sol","status":"publish","type":"post","link":"https:\/\/blogdofarnesio.com.br\/?p=376277","title":{"rendered":"5\u00aa Corrida do Vinho re\u00fane corredores de 15 estados do Brasil para uma experi\u00eancia \u00fanica entre os parreirais da Vin\u00edcola Rio Sol"},"content":{"rendered":"<div dir=\"ltr\">\n<div>\n<div>Conhecida como a &#8220;mais charmosa do Brasil&#8221;, a Corrida do Vinho chega \u00e0 sua 5\u00aa edi\u00e7\u00e3o no pr\u00f3ximo domingo, dia 8 de setembro. Realizada na Fazenda Santa Maria, no munic\u00edpio de Lagoa Grande (PE), onde os parreirais da Vin\u00edcola Rio Sol, situada no cora\u00e7\u00e3o do Vale do S\u00e3o Francisco, oferecem um cen\u00e1rio deslumbrante, o evento promete mais uma vez agitar o esporte e o enoturismo no sert\u00e3o pernambucano.<\/div>\n<div><\/div>\n<div>Desde sua estreia em 2017, com 500 atletas, a Corrida do Vinho tem crescido consideravelmente. Em 2023, o evento reuniu 1.500 corredores, e para esta 5\u00aa edi\u00e7\u00e3o, 1.600 participantes est\u00e3o confirmados, representando 15 estados do Brasil. A expectativa \u00e9 que, somando atletas e espectadores, mais de 3 mil pessoas se juntem para celebrar este grande evento.<\/div>\n<div><\/div>\n<div>A corrida contar\u00e1 com dois percursos batizados com nomes de vinhos: o de 6 km, denominado &#8220;Viognier&#8221;, e o de 12 km, chamado &#8220;Alicante Bouschet&#8221;. Os cinco primeiros colocados na categoria geral individual masculino e feminino de ambas as provas, assim como os tr\u00eas primeiros de cada faixa et\u00e1ria na prova principal de 12 km, ser\u00e3o premiados.<\/div>\n<div><\/div>\n<div>Ap\u00f3s a corrida, atletas e espectadores poder\u00e3o participar da Festa do Espumante. O evento oferecer\u00e1 uma variedade de vinhos e espumantes produzidos pela Vin\u00edcola Rio Sol, reconhecida por sua qualidade e pela excel\u00eancia dos vinhos e espumantes elaborados em um terroir \u00fanico. Com um clima semi\u00e1rido e a fertilidade do Vale do S\u00e3o Francisco, a Rio Sol combina tradi\u00e7\u00e3o e inova\u00e7\u00e3o na viticultura, proporcionando uma experi\u00eancia inesquec\u00edvel para todos os presentes, com comidas t\u00edpicas da regi\u00e3o e muita m\u00fasica ao vivo.<\/div>\n<\/div>\n<\/div>\n<div dir=\"ltr\">Foto: Filipe Minussi<\/div>\n","protected":false},"excerpt":{"rendered":"<p>Conhecida como a &#8220;mais charmosa do Brasil&#8221;, a Corrida do Vinho chega \u00e0 sua 5\u00aa edi\u00e7\u00e3o no pr\u00f3ximo domingo, dia 8 de setembro. Realizada na Fazenda Santa Maria, no munic\u00edpio de Lagoa Grande (PE), onde os parreirais da Vin\u00edcola Rio Sol, situada no cora\u00e7\u00e3o do Vale do S\u00e3o Francisco, oferecem um cen\u00e1rio deslumbrante, o evento promete mais uma vez agitar o esporte e o enoturismo no sert\u00e3o pernambucano. Desde sua estreia em 2017, com 500 atletas, a Corrida do Vinho tem crescido consideravelmente. Em 2023, o evento reuniu 1.500 corredores, e para esta 5\u00aa edi\u00e7\u00e3o, 1.600 participantes est\u00e3o confirmados, representando 15 estados do Brasil. A expectativa \u00e9 que, somando atletas e espectadores, mais de 3 mil pessoas se juntem para&hellip; <\/p>\n","protected":false},"author":2,"featured_media":376278,"comment_status":"open","ping_status":"open","sticky":false,"template":"","format":"standard","meta":{"_acf_changed":false,"footnotes":""},"categories":[8],"tags":[],"class_list":["post-376277","post","type-post","status-publish","format-standard","has-post-thumbnail","hentry","category-esportes"],"acf":[],"yoast_head":"<!-- This site is optimized with the Yoast SEO plugin v27.4 - https:\/\/yoast.com\/product\/yoast-seo-wordpress\/ -->\n<title>5\u00aa Corrida do Vinho re\u00fane corredores de 15 estados do Brasil para uma experi\u00eancia \u00fanica entre os parreirais da Vin\u00edcola Rio Sol - Blog do Farn\u00e9sio<\/title>\n<meta name=\"robots\" content=\"index, follow, max-snippet:-1, max-image-preview:large, max-video-preview:-1\" \/>\n<link rel=\"canonical\" href=\"https:\/\/blogdofarnesio.com.br\/?p=376277\" \/>\n<meta property=\"og:locale\" content=\"pt_BR\" \/>\n<meta property=\"og:type\" content=\"article\" \/>\n<meta property=\"og:title\" content=\"5\u00aa Corrida do Vinho re\u00fane corredores de 15 estados do Brasil para uma experi\u00eancia \u00fanica entre os parreirais da Vin\u00edcola Rio Sol - Blog do Farn\u00e9sio\" \/>\n<meta property=\"og:description\" content=\"Conhecida como a &#8220;mais charmosa do Brasil&#8221;, a Corrida do Vinho chega \u00e0 sua 5\u00aa edi\u00e7\u00e3o no pr\u00f3ximo domingo, dia 8 de setembro. Realizada na Fazenda Santa Maria, no munic\u00edpio de Lagoa Grande (PE), onde os parreirais da Vin\u00edcola Rio Sol, situada no cora\u00e7\u00e3o do Vale do S\u00e3o Francisco, oferecem um cen\u00e1rio deslumbrante, o evento promete mais uma vez agitar o esporte e o enoturismo no sert\u00e3o pernambucano. Desde sua estreia em 2017, com 500 atletas, a Corrida do Vinho tem crescido consideravelmente. Em 2023, o evento reuniu 1.500 corredores, e para esta 5\u00aa edi\u00e7\u00e3o, 1.600 participantes est\u00e3o confirmados, representando 15 estados do Brasil. A expectativa \u00e9 que, somando atletas e espectadores, mais de 3 mil pessoas se juntem para&hellip;\" \/>\n<meta property=\"og:url\" content=\"https:\/\/blogdofarnesio.com.br\/?p=376277\" \/>\n<meta property=\"og:site_name\" content=\"Blog do Farn\u00e9sio\" \/>\n<meta property=\"article:publisher\" content=\"https:\/\/www.facebook.com\/BlogQuerSaberPolitica\/\" \/>\n<meta property=\"article:author\" content=\"https:\/\/www.facebook.com\/?ref=tn_tnmn\" \/>\n<meta property=\"article:published_time\" content=\"2024-09-04T11:30:25+00:00\" \/>\n<meta property=\"og:image\" content=\"https:\/\/blogdofarnesio.com.br\/wp-content\/uploads\/2024\/09\/blogqspcorrida-do-vinho-1-e1759345640146.jpg\" \/>\n\t<meta property=\"og:image:width\" content=\"402\" \/>\n\t<meta property=\"og:image:height\" content=\"254\" \/>\n\t<meta property=\"og:image:type\" content=\"image\/jpeg\" \/>\n<meta name=\"author\" content=\"Farn\u00e9sio\" \/>\n<meta name=\"twitter:card\" content=\"summary_large_image\" \/>\n<meta name=\"twitter:label1\" content=\"Escrito por\" \/>\n\t<meta name=\"twitter:data1\" content=\"Farn\u00e9sio\" \/>\n\t<meta name=\"twitter:label2\" content=\"Est. tempo de leitura\" \/>\n\t<meta name=\"twitter:data2\" content=\"2 minutos\" \/>\n<script type=\"application\/ld+json\" class=\"yoast-schema-graph\">{\"@context\":\"https:\\\/\\\/schema.org\",\"@graph\":[{\"@type\":\"Article\",\"@id\":\"https:\\\/\\\/blogdofarnesio.com.br\\\/?p=376277#article\",\"isPartOf\":{\"@id\":\"https:\\\/\\\/blogdofarnesio.com.br\\\/?p=376277\"},\"author\":{\"name\":\"Farn\u00e9sio\",\"@id\":\"https:\\\/\\\/blogdofarnesio.com.br\\\/#\\\/schema\\\/person\\\/bb9b23ae3ad0609ce8df7b6c9e76824d\"},\"headline\":\"5\u00aa Corrida do Vinho re\u00fane corredores de 15 estados do Brasil para uma experi\u00eancia \u00fanica entre os parreirais da Vin\u00edcola Rio Sol\",\"datePublished\":\"2024-09-04T11:30:25+00:00\",\"mainEntityOfPage\":{\"@id\":\"https:\\\/\\\/blogdofarnesio.com.br\\\/?p=376277\"},\"wordCount\":299,\"commentCount\":0,\"publisher\":{\"@id\":\"https:\\\/\\\/blogdofarnesio.com.br\\\/#organization\"},\"image\":{\"@id\":\"https:\\\/\\\/blogdofarnesio.com.br\\\/?p=376277#primaryimage\"},\"thumbnailUrl\":\"https:\\\/\\\/blogdofarnesio.com.br\\\/wp-content\\\/uploads\\\/2024\\\/09\\\/blogqspcorrida-do-vinho-1-e1759345640146.jpg\",\"articleSection\":[\"Esportes\"],\"inLanguage\":\"pt-BR\",\"potentialAction\":[{\"@type\":\"CommentAction\",\"name\":\"Comment\",\"target\":[\"https:\\\/\\\/blogdofarnesio.com.br\\\/?p=376277#respond\"]}]},{\"@type\":\"WebPage\",\"@id\":\"https:\\\/\\\/blogdofarnesio.com.br\\\/?p=376277\",\"url\":\"https:\\\/\\\/blogdofarnesio.com.br\\\/?p=376277\",\"name\":\"5\u00aa Corrida do Vinho re\u00fane corredores de 15 estados do Brasil para uma experi\u00eancia \u00fanica entre os parreirais da Vin\u00edcola Rio Sol - Blog do Farn\u00e9sio\",\"isPartOf\":{\"@id\":\"https:\\\/\\\/blogdofarnesio.com.br\\\/#website\"},\"primaryImageOfPage\":{\"@id\":\"https:\\\/\\\/blogdofarnesio.com.br\\\/?p=376277#primaryimage\"},\"image\":{\"@id\":\"https:\\\/\\\/blogdofarnesio.com.br\\\/?p=376277#primaryimage\"},\"thumbnailUrl\":\"https:\\\/\\\/blogdofarnesio.com.br\\\/wp-content\\\/uploads\\\/2024\\\/09\\\/blogqspcorrida-do-vinho-1-e1759345640146.jpg\",\"datePublished\":\"2024-09-04T11:30:25+00:00\",\"breadcrumb\":{\"@id\":\"https:\\\/\\\/blogdofarnesio.com.br\\\/?p=376277#breadcrumb\"},\"inLanguage\":\"pt-BR\",\"potentialAction\":[{\"@type\":\"ReadAction\",\"target\":[\"https:\\\/\\\/blogdofarnesio.com.br\\\/?p=376277\"]}]},{\"@type\":\"ImageObject\",\"inLanguage\":\"pt-BR\",\"@id\":\"https:\\\/\\\/blogdofarnesio.com.br\\\/?p=376277#primaryimage\",\"url\":\"https:\\\/\\\/blogdofarnesio.com.br\\\/wp-content\\\/uploads\\\/2024\\\/09\\\/blogqspcorrida-do-vinho-1-e1759345640146.jpg\",\"contentUrl\":\"https:\\\/\\\/blogdofarnesio.com.br\\\/wp-content\\\/uploads\\\/2024\\\/09\\\/blogqspcorrida-do-vinho-1-e1759345640146.jpg\",\"width\":402,\"height\":254,\"caption\":\"Ilustra\u00e7\u00e3o\"},{\"@type\":\"BreadcrumbList\",\"@id\":\"https:\\\/\\\/blogdofarnesio.com.br\\\/?p=376277#breadcrumb\",\"itemListElement\":[{\"@type\":\"ListItem\",\"position\":1,\"name\":\"In\u00edcio\",\"item\":\"https:\\\/\\\/blogdofarnesio.com.br\\\/\"},{\"@type\":\"ListItem\",\"position\":2,\"name\":\"5\u00aa Corrida do Vinho re\u00fane corredores de 15 estados do Brasil para uma experi\u00eancia \u00fanica entre os parreirais da Vin\u00edcola Rio Sol\"}]},{\"@type\":\"WebSite\",\"@id\":\"https:\\\/\\\/blogdofarnesio.com.br\\\/#website\",\"url\":\"https:\\\/\\\/blogdofarnesio.com.br\\\/\",\"name\":\"Blog do Farn\u00e9sio\",\"description\":\"Quer Saber Pol\u00edtica?\",\"publisher\":{\"@id\":\"https:\\\/\\\/blogdofarnesio.com.br\\\/#organization\"},\"potentialAction\":[{\"@type\":\"SearchAction\",\"target\":{\"@type\":\"EntryPoint\",\"urlTemplate\":\"https:\\\/\\\/blogdofarnesio.com.br\\\/?s={search_term_string}\"},\"query-input\":{\"@type\":\"PropertyValueSpecification\",\"valueRequired\":true,\"valueName\":\"search_term_string\"}}],\"inLanguage\":\"pt-BR\"},{\"@type\":\"Organization\",\"@id\":\"https:\\\/\\\/blogdofarnesio.com.br\\\/#organization\",\"name\":\"Blog do Farn\u00e9sio\",\"url\":\"https:\\\/\\\/blogdofarnesio.com.br\\\/\",\"logo\":{\"@type\":\"ImageObject\",\"inLanguage\":\"pt-BR\",\"@id\":\"https:\\\/\\\/blogdofarnesio.com.br\\\/#\\\/schema\\\/logo\\\/image\\\/\",\"url\":\"https:\\\/\\\/blogdofarnesio.com.br\\\/wp-content\\\/uploads\\\/2026\\\/03\\\/cropped-logo_new-1.png\",\"contentUrl\":\"https:\\\/\\\/blogdofarnesio.com.br\\\/wp-content\\\/uploads\\\/2026\\\/03\\\/cropped-logo_new-1.png\",\"width\":881,\"height\":685,\"caption\":\"Blog do Farn\u00e9sio\"},\"image\":{\"@id\":\"https:\\\/\\\/blogdofarnesio.com.br\\\/#\\\/schema\\\/logo\\\/image\\\/\"},\"sameAs\":[\"https:\\\/\\\/www.facebook.com\\\/BlogQuerSaberPolitica\\\/\"]},{\"@type\":\"Person\",\"@id\":\"https:\\\/\\\/blogdofarnesio.com.br\\\/#\\\/schema\\\/person\\\/bb9b23ae3ad0609ce8df7b6c9e76824d\",\"name\":\"Farn\u00e9sio\",\"image\":{\"@type\":\"ImageObject\",\"inLanguage\":\"pt-BR\",\"@id\":\"https:\\\/\\\/secure.gravatar.com\\\/avatar\\\/986aa4c61ccdb66f8555bf88fc2a65609d00bcabd4d2d94377a727547345cbca?s=96&d=mm&r=g\",\"url\":\"https:\\\/\\\/secure.gravatar.com\\\/avatar\\\/986aa4c61ccdb66f8555bf88fc2a65609d00bcabd4d2d94377a727547345cbca?s=96&d=mm&r=g\",\"contentUrl\":\"https:\\\/\\\/secure.gravatar.com\\\/avatar\\\/986aa4c61ccdb66f8555bf88fc2a65609d00bcabd4d2d94377a727547345cbca?s=96&d=mm&r=g\",\"caption\":\"Farn\u00e9sio\"},\"description\":\"Radialista blogueiro, chegou a Petrolina\\\/Juazeiro em setembro de 1980, Farn\u00e9sio Silva \u00e9 de Arapiraca-Alagoas.\",\"sameAs\":[\"http:\\\/\\\/blogdofarnesio.com.br\",\"https:\\\/\\\/www.facebook.com\\\/?ref=tn_tnmn\",\"https:\\\/\\\/www.instagram.com\\\/?utm_source=pwa_homescreen\",\"https:\\\/\\\/youtube.com.br\\\/\"],\"url\":\"https:\\\/\\\/blogdofarnesio.com.br\\\/?author=2\"}]}<\/script>\n<!-- \/ Yoast SEO plugin. -->","yoast_head_json":{"title":"5\u00aa Corrida do Vinho re\u00fane corredores de 15 estados do Brasil para uma experi\u00eancia \u00fanica entre os parreirais da Vin\u00edcola Rio Sol - Blog do Farn\u00e9sio","robots":{"index":"index","follow":"follow","max-snippet":"max-snippet:-1","max-image-preview":"max-image-preview:large","max-video-preview":"max-video-preview:-1"},"canonical":"https:\/\/blogdofarnesio.com.br\/?p=376277","og_locale":"pt_BR","og_type":"article","og_title":"5\u00aa Corrida do Vinho re\u00fane corredores de 15 estados do Brasil para uma experi\u00eancia \u00fanica entre os parreirais da Vin\u00edcola Rio Sol - Blog do Farn\u00e9sio","og_description":"Conhecida como a &#8220;mais charmosa do Brasil&#8221;, a Corrida do Vinho chega \u00e0 sua 5\u00aa edi\u00e7\u00e3o no pr\u00f3ximo domingo, dia 8 de setembro. Realizada na Fazenda Santa Maria, no munic\u00edpio de Lagoa Grande (PE), onde os parreirais da Vin\u00edcola Rio Sol, situada no cora\u00e7\u00e3o do Vale do S\u00e3o Francisco, oferecem um cen\u00e1rio deslumbrante, o evento promete mais uma vez agitar o esporte e o enoturismo no sert\u00e3o pernambucano. Desde sua estreia em 2017, com 500 atletas, a Corrida do Vinho tem crescido consideravelmente. Em 2023, o evento reuniu 1.500 corredores, e para esta 5\u00aa edi\u00e7\u00e3o, 1.600 participantes est\u00e3o confirmados, representando 15 estados do Brasil. A expectativa \u00e9 que, somando atletas e espectadores, mais de 3 mil pessoas se juntem para&hellip;","og_url":"https:\/\/blogdofarnesio.com.br\/?p=376277","og_site_name":"Blog do Farn\u00e9sio","article_publisher":"https:\/\/www.facebook.com\/BlogQuerSaberPolitica\/","article_author":"https:\/\/www.facebook.com\/?ref=tn_tnmn","article_published_time":"2024-09-04T11:30:25+00:00","og_image":[{"width":402,"height":254,"url":"https:\/\/blogdofarnesio.com.br\/wp-content\/uploads\/2024\/09\/blogqspcorrida-do-vinho-1-e1759345640146.jpg","type":"image\/jpeg"}],"author":"Farn\u00e9sio","twitter_card":"summary_large_image","twitter_misc":{"Escrito por":"Farn\u00e9sio","Est. tempo de leitura":"2 minutos"},"schema":{"@context":"https:\/\/schema.org","@graph":[{"@type":"Article","@id":"https:\/\/blogdofarnesio.com.br\/?p=376277#article","isPartOf":{"@id":"https:\/\/blogdofarnesio.com.br\/?p=376277"},"author":{"name":"Farn\u00e9sio","@id":"https:\/\/blogdofarnesio.com.br\/#\/schema\/person\/bb9b23ae3ad0609ce8df7b6c9e76824d"},"headline":"5\u00aa Corrida do Vinho re\u00fane corredores de 15 estados do Brasil para uma experi\u00eancia \u00fanica entre os parreirais da Vin\u00edcola Rio Sol","datePublished":"2024-09-04T11:30:25+00:00","mainEntityOfPage":{"@id":"https:\/\/blogdofarnesio.com.br\/?p=376277"},"wordCount":299,"commentCount":0,"publisher":{"@id":"https:\/\/blogdofarnesio.com.br\/#organization"},"image":{"@id":"https:\/\/blogdofarnesio.com.br\/?p=376277#primaryimage"},"thumbnailUrl":"https:\/\/blogdofarnesio.com.br\/wp-content\/uploads\/2024\/09\/blogqspcorrida-do-vinho-1-e1759345640146.jpg","articleSection":["Esportes"],"inLanguage":"pt-BR","potentialAction":[{"@type":"CommentAction","name":"Comment","target":["https:\/\/blogdofarnesio.com.br\/?p=376277#respond"]}]},{"@type":"WebPage","@id":"https:\/\/blogdofarnesio.com.br\/?p=376277","url":"https:\/\/blogdofarnesio.com.br\/?p=376277","name":"5\u00aa Corrida do Vinho re\u00fane corredores de 15 estados do Brasil para uma experi\u00eancia \u00fanica entre os parreirais da Vin\u00edcola Rio Sol - Blog do Farn\u00e9sio","isPartOf":{"@id":"https:\/\/blogdofarnesio.com.br\/#website"},"primaryImageOfPage":{"@id":"https:\/\/blogdofarnesio.com.br\/?p=376277#primaryimage"},"image":{"@id":"https:\/\/blogdofarnesio.com.br\/?p=376277#primaryimage"},"thumbnailUrl":"https:\/\/blogdofarnesio.com.br\/wp-content\/uploads\/2024\/09\/blogqspcorrida-do-vinho-1-e1759345640146.jpg","datePublished":"2024-09-04T11:30:25+00:00","breadcrumb":{"@id":"https:\/\/blogdofarnesio.com.br\/?p=376277#breadcrumb"},"inLanguage":"pt-BR","potentialAction":[{"@type":"ReadAction","target":["https:\/\/blogdofarnesio.com.br\/?p=376277"]}]},{"@type":"ImageObject","inLanguage":"pt-BR","@id":"https:\/\/blogdofarnesio.com.br\/?p=376277#primaryimage","url":"https:\/\/blogdofarnesio.com.br\/wp-content\/uploads\/2024\/09\/blogqspcorrida-do-vinho-1-e1759345640146.jpg","contentUrl":"https:\/\/blogdofarnesio.com.br\/wp-content\/uploads\/2024\/09\/blogqspcorrida-do-vinho-1-e1759345640146.jpg","width":402,"height":254,"caption":"Ilustra\u00e7\u00e3o"},{"@type":"BreadcrumbList","@id":"https:\/\/blogdofarnesio.com.br\/?p=376277#breadcrumb","itemListElement":[{"@type":"ListItem","position":1,"name":"In\u00edcio","item":"https:\/\/blogdofarnesio.com.br\/"},{"@type":"ListItem","position":2,"name":"5\u00aa Corrida do Vinho re\u00fane corredores de 15 estados do Brasil para uma experi\u00eancia \u00fanica entre os parreirais da Vin\u00edcola Rio Sol"}]},{"@type":"WebSite","@id":"https:\/\/blogdofarnesio.com.br\/#website","url":"https:\/\/blogdofarnesio.com.br\/","name":"Blog do Farn\u00e9sio","description":"Quer Saber Pol\u00edtica?","publisher":{"@id":"https:\/\/blogdofarnesio.com.br\/#organization"},"potentialAction":[{"@type":"SearchAction","target":{"@type":"EntryPoint","urlTemplate":"https:\/\/blogdofarnesio.com.br\/?s={search_term_string}"},"query-input":{"@type":"PropertyValueSpecification","valueRequired":true,"valueName":"search_term_string"}}],"inLanguage":"pt-BR"},{"@type":"Organization","@id":"https:\/\/blogdofarnesio.com.br\/#organization","name":"Blog do Farn\u00e9sio","url":"https:\/\/blogdofarnesio.com.br\/","logo":{"@type":"ImageObject","inLanguage":"pt-BR","@id":"https:\/\/blogdofarnesio.com.br\/#\/schema\/logo\/image\/","url":"https:\/\/blogdofarnesio.com.br\/wp-content\/uploads\/2026\/03\/cropped-logo_new-1.png","contentUrl":"https:\/\/blogdofarnesio.com.br\/wp-content\/uploads\/2026\/03\/cropped-logo_new-1.png","width":881,"height":685,"caption":"Blog do Farn\u00e9sio"},"image":{"@id":"https:\/\/blogdofarnesio.com.br\/#\/schema\/logo\/image\/"},"sameAs":["https:\/\/www.facebook.com\/BlogQuerSaberPolitica\/"]},{"@type":"Person","@id":"https:\/\/blogdofarnesio.com.br\/#\/schema\/person\/bb9b23ae3ad0609ce8df7b6c9e76824d","name":"Farn\u00e9sio","image":{"@type":"ImageObject","inLanguage":"pt-BR","@id":"https:\/\/secure.gravatar.com\/avatar\/986aa4c61ccdb66f8555bf88fc2a65609d00bcabd4d2d94377a727547345cbca?s=96&d=mm&r=g","url":"https:\/\/secure.gravatar.com\/avatar\/986aa4c61ccdb66f8555bf88fc2a65609d00bcabd4d2d94377a727547345cbca?s=96&d=mm&r=g","contentUrl":"https:\/\/secure.gravatar.com\/avatar\/986aa4c61ccdb66f8555bf88fc2a65609d00bcabd4d2d94377a727547345cbca?s=96&d=mm&r=g","caption":"Farn\u00e9sio"},"description":"Radialista blogueiro, chegou a Petrolina\/Juazeiro em setembro de 1980, Farn\u00e9sio Silva \u00e9 de Arapiraca-Alagoas.","sameAs":["http:\/\/blogdofarnesio.com.br","https:\/\/www.facebook.com\/?ref=tn_tnmn","https:\/\/www.instagram.com\/?utm_source=pwa_homescreen","https:\/\/youtube.com.br\/"],"url":"https:\/\/blogdofarnesio.com.br\/?author=2"}]}},"_links":{"self":[{"href":"https:\/\/blogdofarnesio.com.br\/index.php?rest_route=\/wp\/v2\/posts\/376277","targetHints":{"allow":["GET"]}}],"collection":[{"href":"https:\/\/blogdofarnesio.com.br\/index.php?rest_route=\/wp\/v2\/posts"}],"about":[{"href":"https:\/\/blogdofarnesio.com.br\/index.php?rest_route=\/wp\/v2\/types\/post"}],"author":[{"embeddable":true,"href":"https:\/\/blogdofarnesio.com.br\/index.php?rest_route=\/wp\/v2\/users\/2"}],"replies":[{"embeddable":true,"href":"https:\/\/blogdofarnesio.com.br\/index.php?rest_route=%2Fwp%2Fv2%2Fcomments&post=376277"}],"version-history":[{"count":0,"href":"https:\/\/blogdofarnesio.com.br\/index.php?rest_route=\/wp\/v2\/posts\/376277\/revisions"}],"wp:featuredmedia":[{"embeddable":true,"href":"https:\/\/blogdofarnesio.com.br\/index.php?rest_route=\/wp\/v2\/media\/376278"}],"wp:attachment":[{"href":"https:\/\/blogdofarnesio.com.br\/index.php?rest_route=%2Fwp%2Fv2%2Fmedia&parent=376277"}],"wp:term":[{"taxonomy":"category","embeddable":true,"href":"https:\/\/blogdofarnesio.com.br\/index.php?rest_route=%2Fwp%2Fv2%2Fcategories&post=376277"},{"taxonomy":"post_tag","embeddable":true,"href":"https:\/\/blogdofarnesio.com.br\/index.php?rest_route=%2Fwp%2Fv2%2Ftags&post=376277"}],"curies":[{"name":"wp","href":"https:\/\/api.w.org\/{rel}","templated":true}]}}