{"id":376271,"date":"2024-09-04T08:00:17","date_gmt":"2024-09-04T11:00:17","guid":{"rendered":"https:\/\/blogdofarnesio.com.br\/?p=376271"},"modified":"2024-09-03T17:57:08","modified_gmt":"2024-09-03T20:57:08","slug":"eleicoes-2024-em-entrevista-andrei-reafirma-o-seu-compromisso-com-o-desenvolvimento-e-o-futuro-de-juazeiro","status":"publish","type":"post","link":"https:\/\/blogdofarnesio.com.br\/?p=376271","title":{"rendered":"Elei\u00e7\u00f5es 2024: Em entrevista, Andrei reafirma o seu compromisso com o desenvolvimento e o futuro de Juazeiro"},"content":{"rendered":"<p>\u201cJuazeiro n\u00e3o aguenta mais tanto atraso. O Futuro Chegou, \u00e9 agora\u201d. Estas foram as palavras bem colocadas pelo candidato a prefeito do Time de Lula e Jer\u00f4nimo pela coliga\u00e7\u00e3o \u201cO Futuro Chegou\u201d (MDB, PT, PV, PCdoB, PSOL, REDE, PSB, Podemos e Avante), Andrei Gon\u00e7alves, durante a entrevista concedida ao programa Sem Fronteiras, da R\u00e1dio Juazeiro, no quadro \u201cDe Olho nas Elei\u00e7\u00f5es\u201d.<\/p>\n<p>Acompanhado do candidato a vice-prefeito, Tiano F\u00e9lix e de v\u00e1rios candidatos e candidatas a vereadores e vereadoras, Andrei discorreu sobre temas como sa\u00fade, educa\u00e7\u00e3o, infraestrutura, cultura e turismo, dentre outros, e relembrou os malfeitos da atual gest\u00e3o, que promove um verdadeiro desastre administrativo em Juazeiro, sem precedentes.<\/p>\n<p>Questionado sobre a sua religi\u00e3o, Andrei respondeu: \u201cAcredito que Deus \u00e9 o criador de tudo. Mas eu vou governar para todas as religi\u00f5es, para toda Juazeiro, sede e interior\u201d, garante.<\/p>\n<p>Andrei apresentou solu\u00e7\u00e3o para todas as \u00e1reas, como programa para redu\u00e7\u00e3o de filas na realiza\u00e7\u00e3o de exames m\u00e9dicos, cria\u00e7\u00e3o de hospital veterin\u00e1rio, valoriza\u00e7\u00e3o e fortalecimento da cultura e do turismo, otimizar os recursos da educa\u00e7\u00e3o, um grande programa de pavimenta\u00e7\u00e3o e tudo isto com as parcerias dos governos estadual e federal.<\/p>\n<p>Funcion\u00e1rio da Caixa Econ\u00f4mica Federal, onde atuou nos programas Bolsa Fam\u00edlia e Minha Casa, Minha Vida, Andrei mostra-se conhecedor dos problemas de Juazeiro e as solu\u00e7\u00f5es para o futuro melhor. \u201cEstudamos a cidade e achamos solu\u00e7\u00f5es para os problemas hist\u00f3ricos, e tamb\u00e9m os criados ou ampliados na gest\u00e3o da atual prefeita, como a maternidade, que hoje presta um p\u00e9ssimo servi\u00e7o a mulheres e beb\u00eas. Ela prometeu urbanizar os riachos, ou canais, e o recurso voltou. Ela n\u00e3o fez um metro de canal. O Parque da Cidade ela abandonou. Se tinha problema, que resolvesse e entregasse para a popula\u00e7\u00e3o. Ent\u00e3o, temos a parceria com o presidente Lula e o governador Jer\u00f4nimo, e tenho certeza que eles v\u00e3o ajudar a melhorar a vida das pessoas em Juazeiro. Vamos juntos! O Futuro Chegou \u201c, finalizou\u00a0Andrei.<\/p>\n","protected":false},"excerpt":{"rendered":"<p>\u201cJuazeiro n\u00e3o aguenta mais tanto atraso. O Futuro Chegou, \u00e9 agora\u201d. Estas foram as palavras bem colocadas pelo candidato a prefeito do Time de Lula e Jer\u00f4nimo pela coliga\u00e7\u00e3o \u201cO Futuro Chegou\u201d (MDB, PT, PV, PCdoB, PSOL, REDE, PSB, Podemos e Avante), Andrei Gon\u00e7alves, durante a entrevista concedida ao programa Sem Fronteiras, da R\u00e1dio Juazeiro, no quadro \u201cDe Olho nas Elei\u00e7\u00f5es\u201d. Acompanhado do candidato a vice-prefeito, Tiano F\u00e9lix e de v\u00e1rios candidatos e candidatas a vereadores e vereadoras, Andrei discorreu sobre temas como sa\u00fade, educa\u00e7\u00e3o, infraestrutura, cultura e turismo, dentre outros, e relembrou os malfeitos da atual gest\u00e3o, que promove um verdadeiro desastre administrativo em Juazeiro, sem precedentes. Questionado sobre a sua religi\u00e3o, Andrei respondeu: \u201cAcredito que Deus \u00e9 o&hellip; <\/p>\n","protected":false},"author":2,"featured_media":376272,"comment_status":"open","ping_status":"open","sticky":false,"template":"","format":"standard","meta":{"_acf_changed":false,"footnotes":""},"categories":[43],"tags":[],"class_list":["post-376271","post","type-post","status-publish","format-standard","has-post-thumbnail","hentry","category-sem-categoria"],"acf":[],"yoast_head":"<!-- This site is optimized with the Yoast SEO plugin v27.4 - https:\/\/yoast.com\/product\/yoast-seo-wordpress\/ -->\n<title>Elei\u00e7\u00f5es 2024: Em entrevista, Andrei reafirma o seu compromisso com o desenvolvimento e o futuro de Juazeiro - Blog do Farn\u00e9sio<\/title>\n<meta name=\"robots\" content=\"index, follow, max-snippet:-1, max-image-preview:large, max-video-preview:-1\" \/>\n<link rel=\"canonical\" href=\"https:\/\/blogdofarnesio.com.br\/?p=376271\" \/>\n<meta property=\"og:locale\" content=\"pt_BR\" \/>\n<meta property=\"og:type\" content=\"article\" \/>\n<meta property=\"og:title\" content=\"Elei\u00e7\u00f5es 2024: Em entrevista, Andrei reafirma o seu compromisso com o desenvolvimento e o futuro de Juazeiro - Blog do Farn\u00e9sio\" \/>\n<meta property=\"og:description\" content=\"\u201cJuazeiro n\u00e3o aguenta mais tanto atraso. O Futuro Chegou, \u00e9 agora\u201d. Estas foram as palavras bem colocadas pelo candidato a prefeito do Time de Lula e Jer\u00f4nimo pela coliga\u00e7\u00e3o \u201cO Futuro Chegou\u201d (MDB, PT, PV, PCdoB, PSOL, REDE, PSB, Podemos e Avante), Andrei Gon\u00e7alves, durante a entrevista concedida ao programa Sem Fronteiras, da R\u00e1dio Juazeiro, no quadro \u201cDe Olho nas Elei\u00e7\u00f5es\u201d. Acompanhado do candidato a vice-prefeito, Tiano F\u00e9lix e de v\u00e1rios candidatos e candidatas a vereadores e vereadoras, Andrei discorreu sobre temas como sa\u00fade, educa\u00e7\u00e3o, infraestrutura, cultura e turismo, dentre outros, e relembrou os malfeitos da atual gest\u00e3o, que promove um verdadeiro desastre administrativo em Juazeiro, sem precedentes. Questionado sobre a sua religi\u00e3o, Andrei respondeu: \u201cAcredito que Deus \u00e9 o&hellip;\" \/>\n<meta property=\"og:url\" content=\"https:\/\/blogdofarnesio.com.br\/?p=376271\" \/>\n<meta property=\"og:site_name\" content=\"Blog do Farn\u00e9sio\" \/>\n<meta property=\"article:publisher\" content=\"https:\/\/www.facebook.com\/BlogQuerSaberPolitica\/\" \/>\n<meta property=\"article:author\" content=\"https:\/\/www.facebook.com\/?ref=tn_tnmn\" \/>\n<meta property=\"article:published_time\" content=\"2024-09-04T11:00:17+00:00\" \/>\n<meta property=\"og:image\" content=\"https:\/\/blogdofarnesio.com.br\/wp-content\/uploads\/2024\/09\/blogqspandrei-tiano-caminhada-e1725396983524.jpg\" \/>\n\t<meta property=\"og:image:width\" content=\"559\" \/>\n\t<meta property=\"og:image:height\" content=\"250\" \/>\n\t<meta property=\"og:image:type\" content=\"image\/jpeg\" \/>\n<meta name=\"author\" content=\"Farn\u00e9sio\" \/>\n<meta name=\"twitter:card\" content=\"summary_large_image\" \/>\n<meta name=\"twitter:label1\" content=\"Escrito por\" \/>\n\t<meta name=\"twitter:data1\" content=\"Farn\u00e9sio\" \/>\n\t<meta name=\"twitter:label2\" content=\"Est. tempo de leitura\" \/>\n\t<meta name=\"twitter:data2\" content=\"2 minutos\" \/>\n<script type=\"application\/ld+json\" class=\"yoast-schema-graph\">{\"@context\":\"https:\\\/\\\/schema.org\",\"@graph\":[{\"@type\":\"Article\",\"@id\":\"https:\\\/\\\/blogdofarnesio.com.br\\\/?p=376271#article\",\"isPartOf\":{\"@id\":\"https:\\\/\\\/blogdofarnesio.com.br\\\/?p=376271\"},\"author\":{\"name\":\"Farn\u00e9sio\",\"@id\":\"https:\\\/\\\/blogdofarnesio.com.br\\\/#\\\/schema\\\/person\\\/bb9b23ae3ad0609ce8df7b6c9e76824d\"},\"headline\":\"Elei\u00e7\u00f5es 2024: Em entrevista, Andrei reafirma o seu compromisso com o desenvolvimento e o futuro de Juazeiro\",\"datePublished\":\"2024-09-04T11:00:17+00:00\",\"mainEntityOfPage\":{\"@id\":\"https:\\\/\\\/blogdofarnesio.com.br\\\/?p=376271\"},\"wordCount\":374,\"commentCount\":0,\"publisher\":{\"@id\":\"https:\\\/\\\/blogdofarnesio.com.br\\\/#organization\"},\"image\":{\"@id\":\"https:\\\/\\\/blogdofarnesio.com.br\\\/?p=376271#primaryimage\"},\"thumbnailUrl\":\"https:\\\/\\\/blogdofarnesio.com.br\\\/wp-content\\\/uploads\\\/2024\\\/09\\\/blogqspandrei-tiano-caminhada-e1725396983524.jpg\",\"inLanguage\":\"pt-BR\",\"potentialAction\":[{\"@type\":\"CommentAction\",\"name\":\"Comment\",\"target\":[\"https:\\\/\\\/blogdofarnesio.com.br\\\/?p=376271#respond\"]}]},{\"@type\":\"WebPage\",\"@id\":\"https:\\\/\\\/blogdofarnesio.com.br\\\/?p=376271\",\"url\":\"https:\\\/\\\/blogdofarnesio.com.br\\\/?p=376271\",\"name\":\"Elei\u00e7\u00f5es 2024: Em entrevista, Andrei reafirma o seu compromisso com o desenvolvimento e o futuro de Juazeiro - Blog do Farn\u00e9sio\",\"isPartOf\":{\"@id\":\"https:\\\/\\\/blogdofarnesio.com.br\\\/#website\"},\"primaryImageOfPage\":{\"@id\":\"https:\\\/\\\/blogdofarnesio.com.br\\\/?p=376271#primaryimage\"},\"image\":{\"@id\":\"https:\\\/\\\/blogdofarnesio.com.br\\\/?p=376271#primaryimage\"},\"thumbnailUrl\":\"https:\\\/\\\/blogdofarnesio.com.br\\\/wp-content\\\/uploads\\\/2024\\\/09\\\/blogqspandrei-tiano-caminhada-e1725396983524.jpg\",\"datePublished\":\"2024-09-04T11:00:17+00:00\",\"breadcrumb\":{\"@id\":\"https:\\\/\\\/blogdofarnesio.com.br\\\/?p=376271#breadcrumb\"},\"inLanguage\":\"pt-BR\",\"potentialAction\":[{\"@type\":\"ReadAction\",\"target\":[\"https:\\\/\\\/blogdofarnesio.com.br\\\/?p=376271\"]}]},{\"@type\":\"ImageObject\",\"inLanguage\":\"pt-BR\",\"@id\":\"https:\\\/\\\/blogdofarnesio.com.br\\\/?p=376271#primaryimage\",\"url\":\"https:\\\/\\\/blogdofarnesio.com.br\\\/wp-content\\\/uploads\\\/2024\\\/09\\\/blogqspandrei-tiano-caminhada-e1725396983524.jpg\",\"contentUrl\":\"https:\\\/\\\/blogdofarnesio.com.br\\\/wp-content\\\/uploads\\\/2024\\\/09\\\/blogqspandrei-tiano-caminhada-e1725396983524.jpg\",\"width\":559,\"height\":250},{\"@type\":\"BreadcrumbList\",\"@id\":\"https:\\\/\\\/blogdofarnesio.com.br\\\/?p=376271#breadcrumb\",\"itemListElement\":[{\"@type\":\"ListItem\",\"position\":1,\"name\":\"In\u00edcio\",\"item\":\"https:\\\/\\\/blogdofarnesio.com.br\\\/\"},{\"@type\":\"ListItem\",\"position\":2,\"name\":\"Elei\u00e7\u00f5es 2024: Em entrevista, Andrei reafirma o seu compromisso com o desenvolvimento e o futuro de Juazeiro\"}]},{\"@type\":\"WebSite\",\"@id\":\"https:\\\/\\\/blogdofarnesio.com.br\\\/#website\",\"url\":\"https:\\\/\\\/blogdofarnesio.com.br\\\/\",\"name\":\"Blog do Farn\u00e9sio\",\"description\":\"Quer Saber Pol\u00edtica?\",\"publisher\":{\"@id\":\"https:\\\/\\\/blogdofarnesio.com.br\\\/#organization\"},\"potentialAction\":[{\"@type\":\"SearchAction\",\"target\":{\"@type\":\"EntryPoint\",\"urlTemplate\":\"https:\\\/\\\/blogdofarnesio.com.br\\\/?s={search_term_string}\"},\"query-input\":{\"@type\":\"PropertyValueSpecification\",\"valueRequired\":true,\"valueName\":\"search_term_string\"}}],\"inLanguage\":\"pt-BR\"},{\"@type\":\"Organization\",\"@id\":\"https:\\\/\\\/blogdofarnesio.com.br\\\/#organization\",\"name\":\"Blog do Farn\u00e9sio\",\"url\":\"https:\\\/\\\/blogdofarnesio.com.br\\\/\",\"logo\":{\"@type\":\"ImageObject\",\"inLanguage\":\"pt-BR\",\"@id\":\"https:\\\/\\\/blogdofarnesio.com.br\\\/#\\\/schema\\\/logo\\\/image\\\/\",\"url\":\"https:\\\/\\\/blogdofarnesio.com.br\\\/wp-content\\\/uploads\\\/2026\\\/03\\\/cropped-logo_new-1.png\",\"contentUrl\":\"https:\\\/\\\/blogdofarnesio.com.br\\\/wp-content\\\/uploads\\\/2026\\\/03\\\/cropped-logo_new-1.png\",\"width\":881,\"height\":685,\"caption\":\"Blog do Farn\u00e9sio\"},\"image\":{\"@id\":\"https:\\\/\\\/blogdofarnesio.com.br\\\/#\\\/schema\\\/logo\\\/image\\\/\"},\"sameAs\":[\"https:\\\/\\\/www.facebook.com\\\/BlogQuerSaberPolitica\\\/\"]},{\"@type\":\"Person\",\"@id\":\"https:\\\/\\\/blogdofarnesio.com.br\\\/#\\\/schema\\\/person\\\/bb9b23ae3ad0609ce8df7b6c9e76824d\",\"name\":\"Farn\u00e9sio\",\"image\":{\"@type\":\"ImageObject\",\"inLanguage\":\"pt-BR\",\"@id\":\"https:\\\/\\\/secure.gravatar.com\\\/avatar\\\/986aa4c61ccdb66f8555bf88fc2a65609d00bcabd4d2d94377a727547345cbca?s=96&d=mm&r=g\",\"url\":\"https:\\\/\\\/secure.gravatar.com\\\/avatar\\\/986aa4c61ccdb66f8555bf88fc2a65609d00bcabd4d2d94377a727547345cbca?s=96&d=mm&r=g\",\"contentUrl\":\"https:\\\/\\\/secure.gravatar.com\\\/avatar\\\/986aa4c61ccdb66f8555bf88fc2a65609d00bcabd4d2d94377a727547345cbca?s=96&d=mm&r=g\",\"caption\":\"Farn\u00e9sio\"},\"description\":\"Radialista blogueiro, chegou a Petrolina\\\/Juazeiro em setembro de 1980, Farn\u00e9sio Silva \u00e9 de Arapiraca-Alagoas.\",\"sameAs\":[\"http:\\\/\\\/blogdofarnesio.com.br\",\"https:\\\/\\\/www.facebook.com\\\/?ref=tn_tnmn\",\"https:\\\/\\\/www.instagram.com\\\/?utm_source=pwa_homescreen\",\"https:\\\/\\\/youtube.com.br\\\/\"],\"url\":\"https:\\\/\\\/blogdofarnesio.com.br\\\/?author=2\"}]}<\/script>\n<!-- \/ Yoast SEO plugin. -->","yoast_head_json":{"title":"Elei\u00e7\u00f5es 2024: Em entrevista, Andrei reafirma o seu compromisso com o desenvolvimento e o futuro de Juazeiro - Blog do Farn\u00e9sio","robots":{"index":"index","follow":"follow","max-snippet":"max-snippet:-1","max-image-preview":"max-image-preview:large","max-video-preview":"max-video-preview:-1"},"canonical":"https:\/\/blogdofarnesio.com.br\/?p=376271","og_locale":"pt_BR","og_type":"article","og_title":"Elei\u00e7\u00f5es 2024: Em entrevista, Andrei reafirma o seu compromisso com o desenvolvimento e o futuro de Juazeiro - Blog do Farn\u00e9sio","og_description":"\u201cJuazeiro n\u00e3o aguenta mais tanto atraso. O Futuro Chegou, \u00e9 agora\u201d. Estas foram as palavras bem colocadas pelo candidato a prefeito do Time de Lula e Jer\u00f4nimo pela coliga\u00e7\u00e3o \u201cO Futuro Chegou\u201d (MDB, PT, PV, PCdoB, PSOL, REDE, PSB, Podemos e Avante), Andrei Gon\u00e7alves, durante a entrevista concedida ao programa Sem Fronteiras, da R\u00e1dio Juazeiro, no quadro \u201cDe Olho nas Elei\u00e7\u00f5es\u201d. Acompanhado do candidato a vice-prefeito, Tiano F\u00e9lix e de v\u00e1rios candidatos e candidatas a vereadores e vereadoras, Andrei discorreu sobre temas como sa\u00fade, educa\u00e7\u00e3o, infraestrutura, cultura e turismo, dentre outros, e relembrou os malfeitos da atual gest\u00e3o, que promove um verdadeiro desastre administrativo em Juazeiro, sem precedentes. Questionado sobre a sua religi\u00e3o, Andrei respondeu: \u201cAcredito que Deus \u00e9 o&hellip;","og_url":"https:\/\/blogdofarnesio.com.br\/?p=376271","og_site_name":"Blog do Farn\u00e9sio","article_publisher":"https:\/\/www.facebook.com\/BlogQuerSaberPolitica\/","article_author":"https:\/\/www.facebook.com\/?ref=tn_tnmn","article_published_time":"2024-09-04T11:00:17+00:00","og_image":[{"width":559,"height":250,"url":"https:\/\/blogdofarnesio.com.br\/wp-content\/uploads\/2024\/09\/blogqspandrei-tiano-caminhada-e1725396983524.jpg","type":"image\/jpeg"}],"author":"Farn\u00e9sio","twitter_card":"summary_large_image","twitter_misc":{"Escrito por":"Farn\u00e9sio","Est. tempo de leitura":"2 minutos"},"schema":{"@context":"https:\/\/schema.org","@graph":[{"@type":"Article","@id":"https:\/\/blogdofarnesio.com.br\/?p=376271#article","isPartOf":{"@id":"https:\/\/blogdofarnesio.com.br\/?p=376271"},"author":{"name":"Farn\u00e9sio","@id":"https:\/\/blogdofarnesio.com.br\/#\/schema\/person\/bb9b23ae3ad0609ce8df7b6c9e76824d"},"headline":"Elei\u00e7\u00f5es 2024: Em entrevista, Andrei reafirma o seu compromisso com o desenvolvimento e o futuro de Juazeiro","datePublished":"2024-09-04T11:00:17+00:00","mainEntityOfPage":{"@id":"https:\/\/blogdofarnesio.com.br\/?p=376271"},"wordCount":374,"commentCount":0,"publisher":{"@id":"https:\/\/blogdofarnesio.com.br\/#organization"},"image":{"@id":"https:\/\/blogdofarnesio.com.br\/?p=376271#primaryimage"},"thumbnailUrl":"https:\/\/blogdofarnesio.com.br\/wp-content\/uploads\/2024\/09\/blogqspandrei-tiano-caminhada-e1725396983524.jpg","inLanguage":"pt-BR","potentialAction":[{"@type":"CommentAction","name":"Comment","target":["https:\/\/blogdofarnesio.com.br\/?p=376271#respond"]}]},{"@type":"WebPage","@id":"https:\/\/blogdofarnesio.com.br\/?p=376271","url":"https:\/\/blogdofarnesio.com.br\/?p=376271","name":"Elei\u00e7\u00f5es 2024: Em entrevista, Andrei reafirma o seu compromisso com o desenvolvimento e o futuro de Juazeiro - Blog do Farn\u00e9sio","isPartOf":{"@id":"https:\/\/blogdofarnesio.com.br\/#website"},"primaryImageOfPage":{"@id":"https:\/\/blogdofarnesio.com.br\/?p=376271#primaryimage"},"image":{"@id":"https:\/\/blogdofarnesio.com.br\/?p=376271#primaryimage"},"thumbnailUrl":"https:\/\/blogdofarnesio.com.br\/wp-content\/uploads\/2024\/09\/blogqspandrei-tiano-caminhada-e1725396983524.jpg","datePublished":"2024-09-04T11:00:17+00:00","breadcrumb":{"@id":"https:\/\/blogdofarnesio.com.br\/?p=376271#breadcrumb"},"inLanguage":"pt-BR","potentialAction":[{"@type":"ReadAction","target":["https:\/\/blogdofarnesio.com.br\/?p=376271"]}]},{"@type":"ImageObject","inLanguage":"pt-BR","@id":"https:\/\/blogdofarnesio.com.br\/?p=376271#primaryimage","url":"https:\/\/blogdofarnesio.com.br\/wp-content\/uploads\/2024\/09\/blogqspandrei-tiano-caminhada-e1725396983524.jpg","contentUrl":"https:\/\/blogdofarnesio.com.br\/wp-content\/uploads\/2024\/09\/blogqspandrei-tiano-caminhada-e1725396983524.jpg","width":559,"height":250},{"@type":"BreadcrumbList","@id":"https:\/\/blogdofarnesio.com.br\/?p=376271#breadcrumb","itemListElement":[{"@type":"ListItem","position":1,"name":"In\u00edcio","item":"https:\/\/blogdofarnesio.com.br\/"},{"@type":"ListItem","position":2,"name":"Elei\u00e7\u00f5es 2024: Em entrevista, Andrei reafirma o seu compromisso com o desenvolvimento e o futuro de Juazeiro"}]},{"@type":"WebSite","@id":"https:\/\/blogdofarnesio.com.br\/#website","url":"https:\/\/blogdofarnesio.com.br\/","name":"Blog do Farn\u00e9sio","description":"Quer Saber Pol\u00edtica?","publisher":{"@id":"https:\/\/blogdofarnesio.com.br\/#organization"},"potentialAction":[{"@type":"SearchAction","target":{"@type":"EntryPoint","urlTemplate":"https:\/\/blogdofarnesio.com.br\/?s={search_term_string}"},"query-input":{"@type":"PropertyValueSpecification","valueRequired":true,"valueName":"search_term_string"}}],"inLanguage":"pt-BR"},{"@type":"Organization","@id":"https:\/\/blogdofarnesio.com.br\/#organization","name":"Blog do Farn\u00e9sio","url":"https:\/\/blogdofarnesio.com.br\/","logo":{"@type":"ImageObject","inLanguage":"pt-BR","@id":"https:\/\/blogdofarnesio.com.br\/#\/schema\/logo\/image\/","url":"https:\/\/blogdofarnesio.com.br\/wp-content\/uploads\/2026\/03\/cropped-logo_new-1.png","contentUrl":"https:\/\/blogdofarnesio.com.br\/wp-content\/uploads\/2026\/03\/cropped-logo_new-1.png","width":881,"height":685,"caption":"Blog do Farn\u00e9sio"},"image":{"@id":"https:\/\/blogdofarnesio.com.br\/#\/schema\/logo\/image\/"},"sameAs":["https:\/\/www.facebook.com\/BlogQuerSaberPolitica\/"]},{"@type":"Person","@id":"https:\/\/blogdofarnesio.com.br\/#\/schema\/person\/bb9b23ae3ad0609ce8df7b6c9e76824d","name":"Farn\u00e9sio","image":{"@type":"ImageObject","inLanguage":"pt-BR","@id":"https:\/\/secure.gravatar.com\/avatar\/986aa4c61ccdb66f8555bf88fc2a65609d00bcabd4d2d94377a727547345cbca?s=96&d=mm&r=g","url":"https:\/\/secure.gravatar.com\/avatar\/986aa4c61ccdb66f8555bf88fc2a65609d00bcabd4d2d94377a727547345cbca?s=96&d=mm&r=g","contentUrl":"https:\/\/secure.gravatar.com\/avatar\/986aa4c61ccdb66f8555bf88fc2a65609d00bcabd4d2d94377a727547345cbca?s=96&d=mm&r=g","caption":"Farn\u00e9sio"},"description":"Radialista blogueiro, chegou a Petrolina\/Juazeiro em setembro de 1980, Farn\u00e9sio Silva \u00e9 de Arapiraca-Alagoas.","sameAs":["http:\/\/blogdofarnesio.com.br","https:\/\/www.facebook.com\/?ref=tn_tnmn","https:\/\/www.instagram.com\/?utm_source=pwa_homescreen","https:\/\/youtube.com.br\/"],"url":"https:\/\/blogdofarnesio.com.br\/?author=2"}]}},"_links":{"self":[{"href":"https:\/\/blogdofarnesio.com.br\/index.php?rest_route=\/wp\/v2\/posts\/376271","targetHints":{"allow":["GET"]}}],"collection":[{"href":"https:\/\/blogdofarnesio.com.br\/index.php?rest_route=\/wp\/v2\/posts"}],"about":[{"href":"https:\/\/blogdofarnesio.com.br\/index.php?rest_route=\/wp\/v2\/types\/post"}],"author":[{"embeddable":true,"href":"https:\/\/blogdofarnesio.com.br\/index.php?rest_route=\/wp\/v2\/users\/2"}],"replies":[{"embeddable":true,"href":"https:\/\/blogdofarnesio.com.br\/index.php?rest_route=%2Fwp%2Fv2%2Fcomments&post=376271"}],"version-history":[{"count":0,"href":"https:\/\/blogdofarnesio.com.br\/index.php?rest_route=\/wp\/v2\/posts\/376271\/revisions"}],"wp:featuredmedia":[{"embeddable":true,"href":"https:\/\/blogdofarnesio.com.br\/index.php?rest_route=\/wp\/v2\/media\/376272"}],"wp:attachment":[{"href":"https:\/\/blogdofarnesio.com.br\/index.php?rest_route=%2Fwp%2Fv2%2Fmedia&parent=376271"}],"wp:term":[{"taxonomy":"category","embeddable":true,"href":"https:\/\/blogdofarnesio.com.br\/index.php?rest_route=%2Fwp%2Fv2%2Fcategories&post=376271"},{"taxonomy":"post_tag","embeddable":true,"href":"https:\/\/blogdofarnesio.com.br\/index.php?rest_route=%2Fwp%2Fv2%2Ftags&post=376271"}],"curies":[{"name":"wp","href":"https:\/\/api.w.org\/{rel}","templated":true}]}}