{"id":375379,"date":"2024-08-20T08:00:33","date_gmt":"2024-08-20T11:00:33","guid":{"rendered":"https:\/\/blogdofarnesio.com.br\/?p=375379"},"modified":"2024-08-19T17:16:14","modified_gmt":"2024-08-19T20:16:14","slug":"eleicoes-2024-em-articulacao-com-otto-alencar-isaac-carvalho-anuncia-apoio-a-candidato-do-psd-em-juazeiro","status":"publish","type":"post","link":"https:\/\/blogdofarnesio.com.br\/?p=375379","title":{"rendered":"Elei\u00e7\u00f5es 2024: Em articula\u00e7\u00e3o com Otto Alencar, Isaac Carvalho anuncia apoio a candidato do PSD em Juazeiro"},"content":{"rendered":"<p>Em uma articula\u00e7\u00e3o que contou com o aval do senador Otto Alencar, presidente do PSD da Bahia, o ex-prefeito de Juazeiro Isaac Carvalho (PT) anunciou nesta segunda-feira (19) quem ir\u00e1 apoiar na disputa pela Prefeitura do munic\u00edpio no pleito de outubro. Trata-se do administrador Celso Carvalho (PSD), sobrinho do pr\u00f3prio Isaac e que seria candidato a vereador.<\/p>\n<p>Isaac, que n\u00e3o viabilizou a candidatura a prefeito por estar ineleg\u00edvel,\u00a0<a href=\"https:\/\/politicalivre.com.br\/2024\/08\/isaac-carvalho-se-recusa-a-apoiar-candidato-do-mdb-em-juazeiro\/#gsc.tab=0\" target=\"_blank\" rel=\"noopener\">se recusou a acompanhar a decis\u00e3o da Federa\u00e7\u00e3o Brasil da Esperan\u00e7a, formada por PT, PCdoB e PV e que escolheu como postulante o empres\u00e1rio e emedebista Andrei Gon\u00e7alves<\/a>. Desde o final de semana, o petista vinha fazendo suspense nas redes sociais sobre quem iria apoiar.<\/p>\n<p><img loading=\"lazy\" decoding=\"async\" class=\"aligncenter wp-image-375365 size-full\" src=\"https:\/\/blogdofarnesio.com.br\/wp-content\/uploads\/2024\/08\/isaac_celso-anselmo-gleidson.jpg\" alt=\"\" width=\"532\" height=\"299\" srcset=\"https:\/\/blogdofarnesio.com.br\/wp-content\/uploads\/2024\/08\/isaac_celso-anselmo-gleidson.jpg 532w, https:\/\/blogdofarnesio.com.br\/wp-content\/uploads\/2024\/08\/isaac_celso-anselmo-gleidson-300x169.jpg 300w\" sizes=\"auto, (max-width: 532px) 100vw, 532px\" \/>Para que a candidatura de Celso fosse poss\u00edvel, o PSD nacional fez uma interven\u00e7\u00e3o no partido em Juazeiro, mudando a decis\u00e3o local de apoiar o candidato escolhido pela federa\u00e7\u00e3o. Toda a manobra, no entanto, partiu da vontade do diret\u00f3rio municipal do PSD, em articula\u00e7\u00e3o com Isaac.<\/p>\n<p>\u201cHouve uma solicita\u00e7\u00e3o do diret\u00f3rio do PSD de Juazeiro para fazer a altera\u00e7\u00e3o com a possibilidade de viabilizar a candidatura do Celso, tendo como vice um outro filiado nosso (Coronel Anselmo Bispo). Ent\u00e3o, o que houve foi um pedido da municipal para n\u00f3s da estadual, que solicitamos \u00e0 federal\u201d, disse Otto em conversa com o\u00a0<strong>Pol\u00edtica Livre<\/strong>.<\/p>\n<p>\u201cEssa candidatura do PSD ter\u00e1 o apoio do Isaac que, lamentavelmente, n\u00e3o pode se candidatar por um problema antigo que tem na Justi\u00e7a, que n\u00e3o \u00e9 nenhum caso de improbidade administrativa, de dolo, e, com isso, ele terminou perdendo a possibilidade de ser candidato. Ele optou por uma pessoa do PSD para apoiar\u201d, acrescentou o senador, que nunca escondeu a rela\u00e7\u00e3o de proximidade pol\u00edtica com o ex-prefeito de Juazeiro.<\/p>\n<p>&nbsp;<\/p>\n<p><span class=\"assinatura_exclusiva\">Pol\u00edtica Livre<\/span><\/p>\n","protected":false},"excerpt":{"rendered":"<p>Em uma articula\u00e7\u00e3o que contou com o aval do senador Otto Alencar, presidente do PSD da Bahia, o ex-prefeito de Juazeiro Isaac Carvalho (PT) anunciou nesta segunda-feira (19) quem ir\u00e1 apoiar na disputa pela Prefeitura do munic\u00edpio no pleito de outubro. Trata-se do administrador Celso Carvalho (PSD), sobrinho do pr\u00f3prio Isaac e que seria candidato a vereador. Isaac, que n\u00e3o viabilizou a candidatura a prefeito por estar ineleg\u00edvel,\u00a0se recusou a acompanhar a decis\u00e3o da Federa\u00e7\u00e3o Brasil da Esperan\u00e7a, formada por PT, PCdoB e PV e que escolheu como postulante o empres\u00e1rio e emedebista Andrei Gon\u00e7alves. Desde o final de semana, o petista vinha fazendo suspense nas redes sociais sobre quem iria apoiar. Para que a candidatura de Celso fosse poss\u00edvel,&hellip; <\/p>\n","protected":false},"author":2,"featured_media":281468,"comment_status":"open","ping_status":"open","sticky":false,"template":"","format":"standard","meta":{"_acf_changed":false,"footnotes":""},"categories":[34],"tags":[],"class_list":["post-375379","post","type-post","status-publish","format-standard","has-post-thumbnail","hentry","category-eleicoes"],"acf":[],"yoast_head":"<!-- This site is optimized with the Yoast SEO plugin v27.4 - https:\/\/yoast.com\/product\/yoast-seo-wordpress\/ -->\n<title>Elei\u00e7\u00f5es 2024: Em articula\u00e7\u00e3o com Otto Alencar, Isaac Carvalho anuncia apoio a candidato do PSD em Juazeiro - Blog do Farn\u00e9sio<\/title>\n<meta name=\"robots\" content=\"index, follow, max-snippet:-1, max-image-preview:large, max-video-preview:-1\" \/>\n<link rel=\"canonical\" href=\"https:\/\/blogdofarnesio.com.br\/?p=375379\" \/>\n<meta property=\"og:locale\" content=\"pt_BR\" \/>\n<meta property=\"og:type\" content=\"article\" \/>\n<meta property=\"og:title\" content=\"Elei\u00e7\u00f5es 2024: Em articula\u00e7\u00e3o com Otto Alencar, Isaac Carvalho anuncia apoio a candidato do PSD em Juazeiro - Blog do Farn\u00e9sio\" \/>\n<meta property=\"og:description\" content=\"Em uma articula\u00e7\u00e3o que contou com o aval do senador Otto Alencar, presidente do PSD da Bahia, o ex-prefeito de Juazeiro Isaac Carvalho (PT) anunciou nesta segunda-feira (19) quem ir\u00e1 apoiar na disputa pela Prefeitura do munic\u00edpio no pleito de outubro. Trata-se do administrador Celso Carvalho (PSD), sobrinho do pr\u00f3prio Isaac e que seria candidato a vereador. Isaac, que n\u00e3o viabilizou a candidatura a prefeito por estar ineleg\u00edvel,\u00a0se recusou a acompanhar a decis\u00e3o da Federa\u00e7\u00e3o Brasil da Esperan\u00e7a, formada por PT, PCdoB e PV e que escolheu como postulante o empres\u00e1rio e emedebista Andrei Gon\u00e7alves. Desde o final de semana, o petista vinha fazendo suspense nas redes sociais sobre quem iria apoiar. Para que a candidatura de Celso fosse poss\u00edvel,&hellip;\" \/>\n<meta property=\"og:url\" content=\"https:\/\/blogdofarnesio.com.br\/?p=375379\" \/>\n<meta property=\"og:site_name\" content=\"Blog do Farn\u00e9sio\" \/>\n<meta property=\"article:publisher\" content=\"https:\/\/www.facebook.com\/BlogQuerSaberPolitica\/\" \/>\n<meta property=\"article:author\" content=\"https:\/\/www.facebook.com\/?ref=tn_tnmn\" \/>\n<meta property=\"article:published_time\" content=\"2024-08-20T11:00:33+00:00\" \/>\n<meta property=\"og:image\" content=\"https:\/\/blogdofarnesio.com.br\/wp-content\/uploads\/2021\/03\/blogqspsen-otto-alencar.jpg\" \/>\n\t<meta property=\"og:image:width\" content=\"380\" \/>\n\t<meta property=\"og:image:height\" content=\"280\" \/>\n\t<meta property=\"og:image:type\" content=\"image\/jpeg\" \/>\n<meta name=\"author\" content=\"Farn\u00e9sio\" \/>\n<meta name=\"twitter:card\" content=\"summary_large_image\" \/>\n<meta name=\"twitter:label1\" content=\"Escrito por\" \/>\n\t<meta name=\"twitter:data1\" content=\"Farn\u00e9sio\" \/>\n\t<meta name=\"twitter:label2\" content=\"Est. tempo de leitura\" \/>\n\t<meta name=\"twitter:data2\" content=\"2 minutos\" \/>\n<script type=\"application\/ld+json\" class=\"yoast-schema-graph\">{\"@context\":\"https:\\\/\\\/schema.org\",\"@graph\":[{\"@type\":\"Article\",\"@id\":\"https:\\\/\\\/blogdofarnesio.com.br\\\/?p=375379#article\",\"isPartOf\":{\"@id\":\"https:\\\/\\\/blogdofarnesio.com.br\\\/?p=375379\"},\"author\":{\"name\":\"Farn\u00e9sio\",\"@id\":\"https:\\\/\\\/blogdofarnesio.com.br\\\/#\\\/schema\\\/person\\\/bb9b23ae3ad0609ce8df7b6c9e76824d\"},\"headline\":\"Elei\u00e7\u00f5es 2024: Em articula\u00e7\u00e3o com Otto Alencar, Isaac Carvalho anuncia apoio a candidato do PSD em Juazeiro\",\"datePublished\":\"2024-08-20T11:00:33+00:00\",\"mainEntityOfPage\":{\"@id\":\"https:\\\/\\\/blogdofarnesio.com.br\\\/?p=375379\"},\"wordCount\":331,\"commentCount\":0,\"publisher\":{\"@id\":\"https:\\\/\\\/blogdofarnesio.com.br\\\/#organization\"},\"image\":{\"@id\":\"https:\\\/\\\/blogdofarnesio.com.br\\\/?p=375379#primaryimage\"},\"thumbnailUrl\":\"https:\\\/\\\/blogdofarnesio.com.br\\\/wp-content\\\/uploads\\\/2021\\\/03\\\/blogqspsen-otto-alencar.jpg\",\"articleSection\":[\"Elei\u00e7\u00f5es\"],\"inLanguage\":\"pt-BR\",\"potentialAction\":[{\"@type\":\"CommentAction\",\"name\":\"Comment\",\"target\":[\"https:\\\/\\\/blogdofarnesio.com.br\\\/?p=375379#respond\"]}]},{\"@type\":\"WebPage\",\"@id\":\"https:\\\/\\\/blogdofarnesio.com.br\\\/?p=375379\",\"url\":\"https:\\\/\\\/blogdofarnesio.com.br\\\/?p=375379\",\"name\":\"Elei\u00e7\u00f5es 2024: Em articula\u00e7\u00e3o com Otto Alencar, Isaac Carvalho anuncia apoio a candidato do PSD em Juazeiro - Blog do Farn\u00e9sio\",\"isPartOf\":{\"@id\":\"https:\\\/\\\/blogdofarnesio.com.br\\\/#website\"},\"primaryImageOfPage\":{\"@id\":\"https:\\\/\\\/blogdofarnesio.com.br\\\/?p=375379#primaryimage\"},\"image\":{\"@id\":\"https:\\\/\\\/blogdofarnesio.com.br\\\/?p=375379#primaryimage\"},\"thumbnailUrl\":\"https:\\\/\\\/blogdofarnesio.com.br\\\/wp-content\\\/uploads\\\/2021\\\/03\\\/blogqspsen-otto-alencar.jpg\",\"datePublished\":\"2024-08-20T11:00:33+00:00\",\"breadcrumb\":{\"@id\":\"https:\\\/\\\/blogdofarnesio.com.br\\\/?p=375379#breadcrumb\"},\"inLanguage\":\"pt-BR\",\"potentialAction\":[{\"@type\":\"ReadAction\",\"target\":[\"https:\\\/\\\/blogdofarnesio.com.br\\\/?p=375379\"]}]},{\"@type\":\"ImageObject\",\"inLanguage\":\"pt-BR\",\"@id\":\"https:\\\/\\\/blogdofarnesio.com.br\\\/?p=375379#primaryimage\",\"url\":\"https:\\\/\\\/blogdofarnesio.com.br\\\/wp-content\\\/uploads\\\/2021\\\/03\\\/blogqspsen-otto-alencar.jpg\",\"contentUrl\":\"https:\\\/\\\/blogdofarnesio.com.br\\\/wp-content\\\/uploads\\\/2021\\\/03\\\/blogqspsen-otto-alencar.jpg\",\"width\":380,\"height\":280},{\"@type\":\"BreadcrumbList\",\"@id\":\"https:\\\/\\\/blogdofarnesio.com.br\\\/?p=375379#breadcrumb\",\"itemListElement\":[{\"@type\":\"ListItem\",\"position\":1,\"name\":\"In\u00edcio\",\"item\":\"https:\\\/\\\/blogdofarnesio.com.br\\\/\"},{\"@type\":\"ListItem\",\"position\":2,\"name\":\"Elei\u00e7\u00f5es 2024: Em articula\u00e7\u00e3o com Otto Alencar, Isaac Carvalho anuncia apoio a candidato do PSD em Juazeiro\"}]},{\"@type\":\"WebSite\",\"@id\":\"https:\\\/\\\/blogdofarnesio.com.br\\\/#website\",\"url\":\"https:\\\/\\\/blogdofarnesio.com.br\\\/\",\"name\":\"Blog do Farn\u00e9sio\",\"description\":\"Quer Saber Pol\u00edtica?\",\"publisher\":{\"@id\":\"https:\\\/\\\/blogdofarnesio.com.br\\\/#organization\"},\"potentialAction\":[{\"@type\":\"SearchAction\",\"target\":{\"@type\":\"EntryPoint\",\"urlTemplate\":\"https:\\\/\\\/blogdofarnesio.com.br\\\/?s={search_term_string}\"},\"query-input\":{\"@type\":\"PropertyValueSpecification\",\"valueRequired\":true,\"valueName\":\"search_term_string\"}}],\"inLanguage\":\"pt-BR\"},{\"@type\":\"Organization\",\"@id\":\"https:\\\/\\\/blogdofarnesio.com.br\\\/#organization\",\"name\":\"Blog do Farn\u00e9sio\",\"url\":\"https:\\\/\\\/blogdofarnesio.com.br\\\/\",\"logo\":{\"@type\":\"ImageObject\",\"inLanguage\":\"pt-BR\",\"@id\":\"https:\\\/\\\/blogdofarnesio.com.br\\\/#\\\/schema\\\/logo\\\/image\\\/\",\"url\":\"https:\\\/\\\/blogdofarnesio.com.br\\\/wp-content\\\/uploads\\\/2026\\\/03\\\/cropped-logo_new-1.png\",\"contentUrl\":\"https:\\\/\\\/blogdofarnesio.com.br\\\/wp-content\\\/uploads\\\/2026\\\/03\\\/cropped-logo_new-1.png\",\"width\":881,\"height\":685,\"caption\":\"Blog do Farn\u00e9sio\"},\"image\":{\"@id\":\"https:\\\/\\\/blogdofarnesio.com.br\\\/#\\\/schema\\\/logo\\\/image\\\/\"},\"sameAs\":[\"https:\\\/\\\/www.facebook.com\\\/BlogQuerSaberPolitica\\\/\"]},{\"@type\":\"Person\",\"@id\":\"https:\\\/\\\/blogdofarnesio.com.br\\\/#\\\/schema\\\/person\\\/bb9b23ae3ad0609ce8df7b6c9e76824d\",\"name\":\"Farn\u00e9sio\",\"image\":{\"@type\":\"ImageObject\",\"inLanguage\":\"pt-BR\",\"@id\":\"https:\\\/\\\/secure.gravatar.com\\\/avatar\\\/986aa4c61ccdb66f8555bf88fc2a65609d00bcabd4d2d94377a727547345cbca?s=96&d=mm&r=g\",\"url\":\"https:\\\/\\\/secure.gravatar.com\\\/avatar\\\/986aa4c61ccdb66f8555bf88fc2a65609d00bcabd4d2d94377a727547345cbca?s=96&d=mm&r=g\",\"contentUrl\":\"https:\\\/\\\/secure.gravatar.com\\\/avatar\\\/986aa4c61ccdb66f8555bf88fc2a65609d00bcabd4d2d94377a727547345cbca?s=96&d=mm&r=g\",\"caption\":\"Farn\u00e9sio\"},\"description\":\"Radialista blogueiro, chegou a Petrolina\\\/Juazeiro em setembro de 1980, Farn\u00e9sio Silva \u00e9 de Arapiraca-Alagoas.\",\"sameAs\":[\"http:\\\/\\\/blogdofarnesio.com.br\",\"https:\\\/\\\/www.facebook.com\\\/?ref=tn_tnmn\",\"https:\\\/\\\/www.instagram.com\\\/?utm_source=pwa_homescreen\",\"https:\\\/\\\/youtube.com.br\\\/\"],\"url\":\"https:\\\/\\\/blogdofarnesio.com.br\\\/?author=2\"}]}<\/script>\n<!-- \/ Yoast SEO plugin. -->","yoast_head_json":{"title":"Elei\u00e7\u00f5es 2024: Em articula\u00e7\u00e3o com Otto Alencar, Isaac Carvalho anuncia apoio a candidato do PSD em Juazeiro - Blog do Farn\u00e9sio","robots":{"index":"index","follow":"follow","max-snippet":"max-snippet:-1","max-image-preview":"max-image-preview:large","max-video-preview":"max-video-preview:-1"},"canonical":"https:\/\/blogdofarnesio.com.br\/?p=375379","og_locale":"pt_BR","og_type":"article","og_title":"Elei\u00e7\u00f5es 2024: Em articula\u00e7\u00e3o com Otto Alencar, Isaac Carvalho anuncia apoio a candidato do PSD em Juazeiro - Blog do Farn\u00e9sio","og_description":"Em uma articula\u00e7\u00e3o que contou com o aval do senador Otto Alencar, presidente do PSD da Bahia, o ex-prefeito de Juazeiro Isaac Carvalho (PT) anunciou nesta segunda-feira (19) quem ir\u00e1 apoiar na disputa pela Prefeitura do munic\u00edpio no pleito de outubro. Trata-se do administrador Celso Carvalho (PSD), sobrinho do pr\u00f3prio Isaac e que seria candidato a vereador. Isaac, que n\u00e3o viabilizou a candidatura a prefeito por estar ineleg\u00edvel,\u00a0se recusou a acompanhar a decis\u00e3o da Federa\u00e7\u00e3o Brasil da Esperan\u00e7a, formada por PT, PCdoB e PV e que escolheu como postulante o empres\u00e1rio e emedebista Andrei Gon\u00e7alves. Desde o final de semana, o petista vinha fazendo suspense nas redes sociais sobre quem iria apoiar. Para que a candidatura de Celso fosse poss\u00edvel,&hellip;","og_url":"https:\/\/blogdofarnesio.com.br\/?p=375379","og_site_name":"Blog do Farn\u00e9sio","article_publisher":"https:\/\/www.facebook.com\/BlogQuerSaberPolitica\/","article_author":"https:\/\/www.facebook.com\/?ref=tn_tnmn","article_published_time":"2024-08-20T11:00:33+00:00","og_image":[{"width":380,"height":280,"url":"https:\/\/blogdofarnesio.com.br\/wp-content\/uploads\/2021\/03\/blogqspsen-otto-alencar.jpg","type":"image\/jpeg"}],"author":"Farn\u00e9sio","twitter_card":"summary_large_image","twitter_misc":{"Escrito por":"Farn\u00e9sio","Est. tempo de leitura":"2 minutos"},"schema":{"@context":"https:\/\/schema.org","@graph":[{"@type":"Article","@id":"https:\/\/blogdofarnesio.com.br\/?p=375379#article","isPartOf":{"@id":"https:\/\/blogdofarnesio.com.br\/?p=375379"},"author":{"name":"Farn\u00e9sio","@id":"https:\/\/blogdofarnesio.com.br\/#\/schema\/person\/bb9b23ae3ad0609ce8df7b6c9e76824d"},"headline":"Elei\u00e7\u00f5es 2024: Em articula\u00e7\u00e3o com Otto Alencar, Isaac Carvalho anuncia apoio a candidato do PSD em Juazeiro","datePublished":"2024-08-20T11:00:33+00:00","mainEntityOfPage":{"@id":"https:\/\/blogdofarnesio.com.br\/?p=375379"},"wordCount":331,"commentCount":0,"publisher":{"@id":"https:\/\/blogdofarnesio.com.br\/#organization"},"image":{"@id":"https:\/\/blogdofarnesio.com.br\/?p=375379#primaryimage"},"thumbnailUrl":"https:\/\/blogdofarnesio.com.br\/wp-content\/uploads\/2021\/03\/blogqspsen-otto-alencar.jpg","articleSection":["Elei\u00e7\u00f5es"],"inLanguage":"pt-BR","potentialAction":[{"@type":"CommentAction","name":"Comment","target":["https:\/\/blogdofarnesio.com.br\/?p=375379#respond"]}]},{"@type":"WebPage","@id":"https:\/\/blogdofarnesio.com.br\/?p=375379","url":"https:\/\/blogdofarnesio.com.br\/?p=375379","name":"Elei\u00e7\u00f5es 2024: Em articula\u00e7\u00e3o com Otto Alencar, Isaac Carvalho anuncia apoio a candidato do PSD em Juazeiro - Blog do Farn\u00e9sio","isPartOf":{"@id":"https:\/\/blogdofarnesio.com.br\/#website"},"primaryImageOfPage":{"@id":"https:\/\/blogdofarnesio.com.br\/?p=375379#primaryimage"},"image":{"@id":"https:\/\/blogdofarnesio.com.br\/?p=375379#primaryimage"},"thumbnailUrl":"https:\/\/blogdofarnesio.com.br\/wp-content\/uploads\/2021\/03\/blogqspsen-otto-alencar.jpg","datePublished":"2024-08-20T11:00:33+00:00","breadcrumb":{"@id":"https:\/\/blogdofarnesio.com.br\/?p=375379#breadcrumb"},"inLanguage":"pt-BR","potentialAction":[{"@type":"ReadAction","target":["https:\/\/blogdofarnesio.com.br\/?p=375379"]}]},{"@type":"ImageObject","inLanguage":"pt-BR","@id":"https:\/\/blogdofarnesio.com.br\/?p=375379#primaryimage","url":"https:\/\/blogdofarnesio.com.br\/wp-content\/uploads\/2021\/03\/blogqspsen-otto-alencar.jpg","contentUrl":"https:\/\/blogdofarnesio.com.br\/wp-content\/uploads\/2021\/03\/blogqspsen-otto-alencar.jpg","width":380,"height":280},{"@type":"BreadcrumbList","@id":"https:\/\/blogdofarnesio.com.br\/?p=375379#breadcrumb","itemListElement":[{"@type":"ListItem","position":1,"name":"In\u00edcio","item":"https:\/\/blogdofarnesio.com.br\/"},{"@type":"ListItem","position":2,"name":"Elei\u00e7\u00f5es 2024: Em articula\u00e7\u00e3o com Otto Alencar, Isaac Carvalho anuncia apoio a candidato do PSD em Juazeiro"}]},{"@type":"WebSite","@id":"https:\/\/blogdofarnesio.com.br\/#website","url":"https:\/\/blogdofarnesio.com.br\/","name":"Blog do Farn\u00e9sio","description":"Quer Saber Pol\u00edtica?","publisher":{"@id":"https:\/\/blogdofarnesio.com.br\/#organization"},"potentialAction":[{"@type":"SearchAction","target":{"@type":"EntryPoint","urlTemplate":"https:\/\/blogdofarnesio.com.br\/?s={search_term_string}"},"query-input":{"@type":"PropertyValueSpecification","valueRequired":true,"valueName":"search_term_string"}}],"inLanguage":"pt-BR"},{"@type":"Organization","@id":"https:\/\/blogdofarnesio.com.br\/#organization","name":"Blog do Farn\u00e9sio","url":"https:\/\/blogdofarnesio.com.br\/","logo":{"@type":"ImageObject","inLanguage":"pt-BR","@id":"https:\/\/blogdofarnesio.com.br\/#\/schema\/logo\/image\/","url":"https:\/\/blogdofarnesio.com.br\/wp-content\/uploads\/2026\/03\/cropped-logo_new-1.png","contentUrl":"https:\/\/blogdofarnesio.com.br\/wp-content\/uploads\/2026\/03\/cropped-logo_new-1.png","width":881,"height":685,"caption":"Blog do Farn\u00e9sio"},"image":{"@id":"https:\/\/blogdofarnesio.com.br\/#\/schema\/logo\/image\/"},"sameAs":["https:\/\/www.facebook.com\/BlogQuerSaberPolitica\/"]},{"@type":"Person","@id":"https:\/\/blogdofarnesio.com.br\/#\/schema\/person\/bb9b23ae3ad0609ce8df7b6c9e76824d","name":"Farn\u00e9sio","image":{"@type":"ImageObject","inLanguage":"pt-BR","@id":"https:\/\/secure.gravatar.com\/avatar\/986aa4c61ccdb66f8555bf88fc2a65609d00bcabd4d2d94377a727547345cbca?s=96&d=mm&r=g","url":"https:\/\/secure.gravatar.com\/avatar\/986aa4c61ccdb66f8555bf88fc2a65609d00bcabd4d2d94377a727547345cbca?s=96&d=mm&r=g","contentUrl":"https:\/\/secure.gravatar.com\/avatar\/986aa4c61ccdb66f8555bf88fc2a65609d00bcabd4d2d94377a727547345cbca?s=96&d=mm&r=g","caption":"Farn\u00e9sio"},"description":"Radialista blogueiro, chegou a Petrolina\/Juazeiro em setembro de 1980, Farn\u00e9sio Silva \u00e9 de Arapiraca-Alagoas.","sameAs":["http:\/\/blogdofarnesio.com.br","https:\/\/www.facebook.com\/?ref=tn_tnmn","https:\/\/www.instagram.com\/?utm_source=pwa_homescreen","https:\/\/youtube.com.br\/"],"url":"https:\/\/blogdofarnesio.com.br\/?author=2"}]}},"_links":{"self":[{"href":"https:\/\/blogdofarnesio.com.br\/index.php?rest_route=\/wp\/v2\/posts\/375379","targetHints":{"allow":["GET"]}}],"collection":[{"href":"https:\/\/blogdofarnesio.com.br\/index.php?rest_route=\/wp\/v2\/posts"}],"about":[{"href":"https:\/\/blogdofarnesio.com.br\/index.php?rest_route=\/wp\/v2\/types\/post"}],"author":[{"embeddable":true,"href":"https:\/\/blogdofarnesio.com.br\/index.php?rest_route=\/wp\/v2\/users\/2"}],"replies":[{"embeddable":true,"href":"https:\/\/blogdofarnesio.com.br\/index.php?rest_route=%2Fwp%2Fv2%2Fcomments&post=375379"}],"version-history":[{"count":0,"href":"https:\/\/blogdofarnesio.com.br\/index.php?rest_route=\/wp\/v2\/posts\/375379\/revisions"}],"wp:featuredmedia":[{"embeddable":true,"href":"https:\/\/blogdofarnesio.com.br\/index.php?rest_route=\/wp\/v2\/media\/281468"}],"wp:attachment":[{"href":"https:\/\/blogdofarnesio.com.br\/index.php?rest_route=%2Fwp%2Fv2%2Fmedia&parent=375379"}],"wp:term":[{"taxonomy":"category","embeddable":true,"href":"https:\/\/blogdofarnesio.com.br\/index.php?rest_route=%2Fwp%2Fv2%2Fcategories&post=375379"},{"taxonomy":"post_tag","embeddable":true,"href":"https:\/\/blogdofarnesio.com.br\/index.php?rest_route=%2Fwp%2Fv2%2Ftags&post=375379"}],"curies":[{"name":"wp","href":"https:\/\/api.w.org\/{rel}","templated":true}]}}